{"id":172051,"date":"2024-12-12T21:36:54","date_gmt":"2024-12-12T20:36:54","guid":{"rendered":"https:\/\/www.mondocamping.com\/lago-idro-glamping-boutique-rendez-vous-avec-le-marche-de-noel\/"},"modified":"2024-12-12T21:36:55","modified_gmt":"2024-12-12T20:36:55","slug":"lago-idro-glamping-boutique-rendez-vous-avec-le-marche-de-noel","status":"publish","type":"post","link":"https:\/\/www.mondocamping.com\/fr\/lago-idro-glamping-boutique-rendez-vous-avec-le-marche-de-noel\/","title":{"rendered":"Lago Idro Glamping Boutique : rendez-vous avec le march\u00e9 de No\u00ebl"},"content":{"rendered":"\n<p>Le splendide \u00e9tablissement<strong> Vacanze col Cuore <\/strong>, situ\u00e9 dans la charmante ville d&rsquo;Anfo, dans la province de Brescia<strong>, a ouvert la saison de Glamping d&rsquo;hiver le 7 d\u00e9cembre.<\/strong> Le<strong> march\u00e9 de No\u00ebl<\/strong> qui s&rsquo;est d\u00e9roul\u00e9 \u00e0 Anfo, dans la province de Brescia, a \u00e9galement suscit\u00e9 beaucoup d&rsquo;int\u00e9r\u00eat. <strong><em>Lago Idro Glamping Boutique<\/em><\/strong> d\u00e9die \u00e0 tous les amateurs de march\u00e9s de No\u00ebl avec de l&rsquo;artisanat et des sp\u00e9cialit\u00e9s locales. Cette merveilleuse initiative l\u00e8vera le rideau le week-end prochain, les <strong>14 et 15 d\u00e9cembre<\/strong>, et se r\u00e9p\u00e9tera le week-end suivant, les <strong>21 et 22 d\u00e9cembre<\/strong>.    <\/p>\n\n<p>C&rsquo;est une opportunit\u00e9 pour les h\u00f4tes de l&rsquo;\u00e9tablissement, mais aussi pour ceux qui souhaitent passer une journ\u00e9e hors de la ville : \u00e0 l&rsquo;occasion du march\u00e9 de No\u00ebl, les portes de ce petit bijou au bord du lac s&rsquo;ouvriront pour permettre aux h\u00f4tes de vivre la magie des f\u00eates immerg\u00e9s dans une for\u00eat, entour\u00e9s de tentes de safari \u00e9vocatrices dans un contexte de glamping : des espaces d&rsquo;exposition seront am\u00e9nag\u00e9s pour accueillir l&rsquo;artisanat et les produits locaux o\u00f9 ils pourront partir \u00e0 la recherche de cadeaux pour leurs amis et leurs proches.  <\/p>\n\n<p><em>C <\/em>&lsquo;est ce qu&rsquo;affirme le fondateur de Holidays with Heart, <em>Loek van de Loo<\/em>, un groupe de stations de glamping dont fait partie <em>Lago Idro Glamping Boutique :<\/em>  <\/p>\n\n<p>\u00ab\u00a0<em>Le march\u00e9 de No\u00ebl est une initiative cr\u00e9\u00e9e pour mettre en valeur ce petit coin de nature qui vous laisse bouche b\u00e9e. Ici, nous accueillons des vacances actives et durables en contact avec la nature, nous servons et offrons des produits locaux \u00e0 nos h\u00f4tes, et nous continuons \u00e0 promouvoir la r\u00e9gion, donc un tourisme en dehors des destinations habituelles, parce que c&rsquo;est vraiment un endroit \u00e0 d\u00e9couvrir pour la richesse de la r\u00e9gion. <\/em>\u00ab\u00a0. Une occasion sp\u00e9ciale de faire quelques \u00ab\u00a0achats de No\u00ebl\u00a0\u00bb en promouvant les produits locaux et l&rsquo;artisanat, mais pas seulement. Il sera possible de s&rsquo;arr\u00eater au <strong>Bistrot del Lago <\/strong>pour le d\u00e9jeuner, le d\u00eener mais aussi pour un petit creux, un en-cas ou un caf\u00e9. Pour terminer la journ\u00e9e en beaut\u00e9, une promenade dans le centre voisin de  <strong> <\/strong>Anfo s&rsquo;est habill\u00e9 pour les f\u00eates ou se laisse aller \u00e0 une promenade sur la rive du lac, accessible directement depuis le<em>Lago Idro Glamping Boutique<\/em>. Ne manquez pas l&rsquo;occasion de vivre la magie des f\u00eates \u00e0 deux pas de la nature et de d\u00e9couvrir les traditions. <\/p>\n\n<p><\/p>\n","protected":false},"excerpt":{"rendered":"<p>Le splendide \u00e9tablissement Vacanze col Cuore , situ\u00e9 dans la charmante ville d&rsquo;Anfo, dans la province de Brescia, a ouvert la saison de Glamping d&rsquo;hiver le 7 d\u00e9cembre. Le march\u00e9 de No\u00ebl qui s&rsquo;est d\u00e9roul\u00e9 \u00e0 Anfo, dans la province de Brescia, a \u00e9galement suscit\u00e9 beaucoup d&rsquo;int\u00e9r\u00eat. Lago Idro Glamping Boutique d\u00e9die \u00e0 tous les [&hellip;]<\/p>\n","protected":false},"author":5,"featured_media":172020,"comment_status":"closed","ping_status":"closed","sticky":false,"template":"","format":"standard","meta":{"_acf_changed":false,"_monsterinsights_skip_tracking":false,"_monsterinsights_sitenote_active":false,"_monsterinsights_sitenote_note":"","_monsterinsights_sitenote_category":0,"footnotes":""},"categories":[4024],"tags":[3753,6305,6683,6559,3856,4079],"class_list":["post-172051","post","type-post","status-publish","format-standard","has-post-thumbnail","hentry","category-actualite","tag-camping","tag-des-vacances-qui-ont-du-coeur","tag-glamping-dhiver","tag-lake-hydro-glamping-boutique","tag-mondo-camping","tag-tourisme-de-plein-air"],"acf":[],"yoast_head":"<!-- This site is optimized with the Yoast SEO plugin v27.5 - https:\/\/yoast.com\/product\/yoast-seo-wordpress\/ -->\n<title>Lago Idro Glamping Boutique : rendez-vous avec le march\u00e9 de No\u00ebl<\/title>\n<meta name=\"robots\" content=\"index, follow, max-snippet:-1, max-image-preview:large, max-video-preview:-1\" \/>\n<link rel=\"canonical\" href=\"https:\/\/www.mondocamping.com\/fr\/lago-idro-glamping-boutique-rendez-vous-avec-le-marche-de-noel\/\" \/>\n<meta property=\"og:locale\" content=\"fr_FR\" \/>\n<meta property=\"og:type\" content=\"article\" \/>\n<meta property=\"og:title\" content=\"Lago Idro Glamping Boutique : rendez-vous avec le march\u00e9 de No\u00ebl\" \/>\n<meta property=\"og:description\" content=\"Le splendide \u00e9tablissement Vacanze col Cuore , situ\u00e9 dans la charmante ville d&rsquo;Anfo, dans la province de Brescia, a ouvert la saison de Glamping d&rsquo;hiver le 7 d\u00e9cembre. Le march\u00e9 de No\u00ebl qui s&rsquo;est d\u00e9roul\u00e9 \u00e0 Anfo, dans la province de Brescia, a \u00e9galement suscit\u00e9 beaucoup d&rsquo;int\u00e9r\u00eat. Lago Idro Glamping Boutique d\u00e9die \u00e0 tous les [&hellip;]\" \/>\n<meta property=\"og:url\" content=\"https:\/\/www.mondocamping.com\/fr\/lago-idro-glamping-boutique-rendez-vous-avec-le-marche-de-noel\/\" \/>\n<meta property=\"og:site_name\" content=\"Mondo Camping\" \/>\n<meta property=\"article:publisher\" content=\"https:\/\/www.facebook.com\/mondobalneare\" \/>\n<meta property=\"article:author\" content=\"https:\/\/www.facebook.com\/mondocamping\" \/>\n<meta property=\"article:published_time\" content=\"2024-12-12T20:36:54+00:00\" \/>\n<meta property=\"article:modified_time\" content=\"2024-12-12T20:36:55+00:00\" \/>\n<meta property=\"og:image\" content=\"https:\/\/www.mondocamping.com\/wp-content\/uploads\/2024\/12\/XMAS-MARKET-Lago-Idro-Glamping-Boutique-VLD-5444-2.jpg\" \/>\n\t<meta property=\"og:image:width\" content=\"1200\" \/>\n\t<meta property=\"og:image:height\" content=\"628\" \/>\n\t<meta property=\"og:image:type\" content=\"image\/jpeg\" \/>\n<meta name=\"author\" content=\"Mondo Camping\" \/>\n<meta name=\"twitter:card\" content=\"summary_large_image\" \/>\n<meta name=\"twitter:creator\" content=\"@mondobalneare\" \/>\n<meta name=\"twitter:site\" content=\"@mondobalneare\" \/>\n<meta name=\"twitter:label1\" content=\"\u00c9crit par\" \/>\n\t<meta name=\"twitter:data1\" content=\"Mondo Camping\" \/>\n\t<meta name=\"twitter:label2\" content=\"Dur\u00e9e de lecture estim\u00e9e\" \/>\n\t<meta name=\"twitter:data2\" content=\"2 minutes\" \/>\n<script type=\"application\/ld+json\" class=\"yoast-schema-graph\">{\"@context\":\"https:\\\/\\\/schema.org\",\"@graph\":[{\"@type\":\"Article\",\"@id\":\"https:\\\/\\\/www.mondocamping.com\\\/fr\\\/lago-idro-glamping-boutique-rendez-vous-avec-le-marche-de-noel\\\/#article\",\"isPartOf\":{\"@id\":\"https:\\\/\\\/www.mondocamping.com\\\/fr\\\/lago-idro-glamping-boutique-rendez-vous-avec-le-marche-de-noel\\\/\"},\"author\":{\"name\":\"Mondo Camping\",\"@id\":\"https:\\\/\\\/www.mondocamping.com\\\/#\\\/schema\\\/person\\\/01a031b8c5ef08c2204bb0e696f0a760\"},\"headline\":\"Lago Idro Glamping Boutique : rendez-vous avec le march\u00e9 de No\u00ebl\",\"datePublished\":\"2024-12-12T20:36:54+00:00\",\"dateModified\":\"2024-12-12T20:36:55+00:00\",\"mainEntityOfPage\":{\"@id\":\"https:\\\/\\\/www.mondocamping.com\\\/fr\\\/lago-idro-glamping-boutique-rendez-vous-avec-le-marche-de-noel\\\/\"},\"wordCount\":440,\"publisher\":{\"@id\":\"https:\\\/\\\/www.mondocamping.com\\\/#organization\"},\"image\":{\"@id\":\"https:\\\/\\\/www.mondocamping.com\\\/fr\\\/lago-idro-glamping-boutique-rendez-vous-avec-le-marche-de-noel\\\/#primaryimage\"},\"thumbnailUrl\":\"https:\\\/\\\/www.mondocamping.com\\\/wp-content\\\/uploads\\\/2024\\\/12\\\/XMAS-MARKET-Lago-Idro-Glamping-Boutique-VLD-5444-2.jpg\",\"keywords\":[\"camping\",\"Des vacances qui ont du c\u0153ur\",\"Glamping d'hiver\",\"Lake Hydro Glamping Boutique\",\"Mondo Camping\",\"Tourisme de plein air\"],\"articleSection\":[\"Actualit\u00e9\"],\"inLanguage\":\"fr-FR\"},{\"@type\":\"WebPage\",\"@id\":\"https:\\\/\\\/www.mondocamping.com\\\/fr\\\/lago-idro-glamping-boutique-rendez-vous-avec-le-marche-de-noel\\\/\",\"url\":\"https:\\\/\\\/www.mondocamping.com\\\/fr\\\/lago-idro-glamping-boutique-rendez-vous-avec-le-marche-de-noel\\\/\",\"name\":\"Lago Idro Glamping Boutique : rendez-vous avec le march\u00e9 de No\u00ebl\",\"isPartOf\":{\"@id\":\"https:\\\/\\\/www.mondocamping.com\\\/#website\"},\"primaryImageOfPage\":{\"@id\":\"https:\\\/\\\/www.mondocamping.com\\\/fr\\\/lago-idro-glamping-boutique-rendez-vous-avec-le-marche-de-noel\\\/#primaryimage\"},\"image\":{\"@id\":\"https:\\\/\\\/www.mondocamping.com\\\/fr\\\/lago-idro-glamping-boutique-rendez-vous-avec-le-marche-de-noel\\\/#primaryimage\"},\"thumbnailUrl\":\"https:\\\/\\\/www.mondocamping.com\\\/wp-content\\\/uploads\\\/2024\\\/12\\\/XMAS-MARKET-Lago-Idro-Glamping-Boutique-VLD-5444-2.jpg\",\"datePublished\":\"2024-12-12T20:36:54+00:00\",\"dateModified\":\"2024-12-12T20:36:55+00:00\",\"breadcrumb\":{\"@id\":\"https:\\\/\\\/www.mondocamping.com\\\/fr\\\/lago-idro-glamping-boutique-rendez-vous-avec-le-marche-de-noel\\\/#breadcrumb\"},\"inLanguage\":\"fr-FR\",\"potentialAction\":[{\"@type\":\"ReadAction\",\"target\":[\"https:\\\/\\\/www.mondocamping.com\\\/fr\\\/lago-idro-glamping-boutique-rendez-vous-avec-le-marche-de-noel\\\/\"]}]},{\"@type\":\"ImageObject\",\"inLanguage\":\"fr-FR\",\"@id\":\"https:\\\/\\\/www.mondocamping.com\\\/fr\\\/lago-idro-glamping-boutique-rendez-vous-avec-le-marche-de-noel\\\/#primaryimage\",\"url\":\"https:\\\/\\\/www.mondocamping.com\\\/wp-content\\\/uploads\\\/2024\\\/12\\\/XMAS-MARKET-Lago-Idro-Glamping-Boutique-VLD-5444-2.jpg\",\"contentUrl\":\"https:\\\/\\\/www.mondocamping.com\\\/wp-content\\\/uploads\\\/2024\\\/12\\\/XMAS-MARKET-Lago-Idro-Glamping-Boutique-VLD-5444-2.jpg\",\"width\":1200,\"height\":628},{\"@type\":\"BreadcrumbList\",\"@id\":\"https:\\\/\\\/www.mondocamping.com\\\/fr\\\/lago-idro-glamping-boutique-rendez-vous-avec-le-marche-de-noel\\\/#breadcrumb\",\"itemListElement\":[{\"@type\":\"ListItem\",\"position\":1,\"name\":\"Home\",\"item\":\"https:\\\/\\\/www.mondocamping.com\\\/fr\\\/\"},{\"@type\":\"ListItem\",\"position\":2,\"name\":\"Lago Idro Glamping Boutique : rendez-vous avec le march\u00e9 de No\u00ebl\"}]},{\"@type\":\"WebSite\",\"@id\":\"https:\\\/\\\/www.mondocamping.com\\\/#website\",\"url\":\"https:\\\/\\\/www.mondocamping.com\\\/\",\"name\":\"Mondo Camping\",\"description\":\"Le portail d\u00e9di\u00e9 aux gestionnaires de campings et villages touristiques\",\"publisher\":{\"@id\":\"https:\\\/\\\/www.mondocamping.com\\\/#organization\"},\"potentialAction\":[{\"@type\":\"SearchAction\",\"target\":{\"@type\":\"EntryPoint\",\"urlTemplate\":\"https:\\\/\\\/www.mondocamping.com\\\/?s={search_term_string}\"},\"query-input\":{\"@type\":\"PropertyValueSpecification\",\"valueRequired\":true,\"valueName\":\"search_term_string\"}}],\"inLanguage\":\"fr-FR\"},{\"@type\":\"Organization\",\"@id\":\"https:\\\/\\\/www.mondocamping.com\\\/#organization\",\"name\":\"Mondo Camping\",\"url\":\"https:\\\/\\\/www.mondocamping.com\\\/\",\"logo\":{\"@type\":\"ImageObject\",\"inLanguage\":\"fr-FR\",\"@id\":\"https:\\\/\\\/www.mondocamping.com\\\/#\\\/schema\\\/logo\\\/image\\\/\",\"url\":\"https:\\\/\\\/www.mondocamping.com\\\/wp-content\\\/uploads\\\/2022\\\/04\\\/mondo-camping-logo-contornato-1.png\",\"contentUrl\":\"https:\\\/\\\/www.mondocamping.com\\\/wp-content\\\/uploads\\\/2022\\\/04\\\/mondo-camping-logo-contornato-1.png\",\"width\":280,\"height\":90,\"caption\":\"Mondo Camping\"},\"image\":{\"@id\":\"https:\\\/\\\/www.mondocamping.com\\\/#\\\/schema\\\/logo\\\/image\\\/\"},\"sameAs\":[\"https:\\\/\\\/www.facebook.com\\\/mondobalneare\",\"https:\\\/\\\/x.com\\\/mondobalneare\",\"https:\\\/\\\/www.instagram.com\\\/mondobalneare\\\/\",\"https:\\\/\\\/www.linkedin.com\\\/company\\\/67180810\\\/\",\"https:\\\/\\\/www.youtube.com\\\/user\\\/mondobalnearevideo\"]},{\"@type\":\"Person\",\"@id\":\"https:\\\/\\\/www.mondocamping.com\\\/#\\\/schema\\\/person\\\/01a031b8c5ef08c2204bb0e696f0a760\",\"name\":\"Mondo Camping\",\"image\":{\"@type\":\"ImageObject\",\"inLanguage\":\"fr-FR\",\"@id\":\"https:\\\/\\\/www.mondocamping.com\\\/wp-content\\\/uploads\\\/2022\\\/05\\\/cropped-icona-MONDO-CAMPING-150x150.png\",\"url\":\"https:\\\/\\\/www.mondocamping.com\\\/wp-content\\\/uploads\\\/2022\\\/05\\\/cropped-icona-MONDO-CAMPING-150x150.png\",\"contentUrl\":\"https:\\\/\\\/www.mondocamping.com\\\/wp-content\\\/uploads\\\/2022\\\/05\\\/cropped-icona-MONDO-CAMPING-150x150.png\",\"caption\":\"Mondo Camping\"},\"sameAs\":[\"https:\\\/\\\/www.mondocamping.com\\\/\",\"https:\\\/\\\/www.facebook.com\\\/mondocamping\"]}]}<\/script>\n<!-- \/ Yoast SEO plugin. -->","yoast_head_json":{"title":"Lago Idro Glamping Boutique : rendez-vous avec le march\u00e9 de No\u00ebl","robots":{"index":"index","follow":"follow","max-snippet":"max-snippet:-1","max-image-preview":"max-image-preview:large","max-video-preview":"max-video-preview:-1"},"canonical":"https:\/\/www.mondocamping.com\/fr\/lago-idro-glamping-boutique-rendez-vous-avec-le-marche-de-noel\/","og_locale":"fr_FR","og_type":"article","og_title":"Lago Idro Glamping Boutique : rendez-vous avec le march\u00e9 de No\u00ebl","og_description":"Le splendide \u00e9tablissement Vacanze col Cuore , situ\u00e9 dans la charmante ville d&rsquo;Anfo, dans la province de Brescia, a ouvert la saison de Glamping d&rsquo;hiver le 7 d\u00e9cembre. Le march\u00e9 de No\u00ebl qui s&rsquo;est d\u00e9roul\u00e9 \u00e0 Anfo, dans la province de Brescia, a \u00e9galement suscit\u00e9 beaucoup d&rsquo;int\u00e9r\u00eat. Lago Idro Glamping Boutique d\u00e9die \u00e0 tous les [&hellip;]","og_url":"https:\/\/www.mondocamping.com\/fr\/lago-idro-glamping-boutique-rendez-vous-avec-le-marche-de-noel\/","og_site_name":"Mondo Camping","article_publisher":"https:\/\/www.facebook.com\/mondobalneare","article_author":"https:\/\/www.facebook.com\/mondocamping","article_published_time":"2024-12-12T20:36:54+00:00","article_modified_time":"2024-12-12T20:36:55+00:00","og_image":[{"width":1200,"height":628,"url":"https:\/\/www.mondocamping.com\/wp-content\/uploads\/2024\/12\/XMAS-MARKET-Lago-Idro-Glamping-Boutique-VLD-5444-2.jpg","type":"image\/jpeg"}],"author":"Mondo Camping","twitter_card":"summary_large_image","twitter_creator":"@mondobalneare","twitter_site":"@mondobalneare","twitter_misc":{"\u00c9crit par":"Mondo Camping","Dur\u00e9e de lecture estim\u00e9e":"2 minutes"},"schema":{"@context":"https:\/\/schema.org","@graph":[{"@type":"Article","@id":"https:\/\/www.mondocamping.com\/fr\/lago-idro-glamping-boutique-rendez-vous-avec-le-marche-de-noel\/#article","isPartOf":{"@id":"https:\/\/www.mondocamping.com\/fr\/lago-idro-glamping-boutique-rendez-vous-avec-le-marche-de-noel\/"},"author":{"name":"Mondo Camping","@id":"https:\/\/www.mondocamping.com\/#\/schema\/person\/01a031b8c5ef08c2204bb0e696f0a760"},"headline":"Lago Idro Glamping Boutique : rendez-vous avec le march\u00e9 de No\u00ebl","datePublished":"2024-12-12T20:36:54+00:00","dateModified":"2024-12-12T20:36:55+00:00","mainEntityOfPage":{"@id":"https:\/\/www.mondocamping.com\/fr\/lago-idro-glamping-boutique-rendez-vous-avec-le-marche-de-noel\/"},"wordCount":440,"publisher":{"@id":"https:\/\/www.mondocamping.com\/#organization"},"image":{"@id":"https:\/\/www.mondocamping.com\/fr\/lago-idro-glamping-boutique-rendez-vous-avec-le-marche-de-noel\/#primaryimage"},"thumbnailUrl":"https:\/\/www.mondocamping.com\/wp-content\/uploads\/2024\/12\/XMAS-MARKET-Lago-Idro-Glamping-Boutique-VLD-5444-2.jpg","keywords":["camping","Des vacances qui ont du c\u0153ur","Glamping d'hiver","Lake Hydro Glamping Boutique","Mondo Camping","Tourisme de plein air"],"articleSection":["Actualit\u00e9"],"inLanguage":"fr-FR"},{"@type":"WebPage","@id":"https:\/\/www.mondocamping.com\/fr\/lago-idro-glamping-boutique-rendez-vous-avec-le-marche-de-noel\/","url":"https:\/\/www.mondocamping.com\/fr\/lago-idro-glamping-boutique-rendez-vous-avec-le-marche-de-noel\/","name":"Lago Idro Glamping Boutique : rendez-vous avec le march\u00e9 de No\u00ebl","isPartOf":{"@id":"https:\/\/www.mondocamping.com\/#website"},"primaryImageOfPage":{"@id":"https:\/\/www.mondocamping.com\/fr\/lago-idro-glamping-boutique-rendez-vous-avec-le-marche-de-noel\/#primaryimage"},"image":{"@id":"https:\/\/www.mondocamping.com\/fr\/lago-idro-glamping-boutique-rendez-vous-avec-le-marche-de-noel\/#primaryimage"},"thumbnailUrl":"https:\/\/www.mondocamping.com\/wp-content\/uploads\/2024\/12\/XMAS-MARKET-Lago-Idro-Glamping-Boutique-VLD-5444-2.jpg","datePublished":"2024-12-12T20:36:54+00:00","dateModified":"2024-12-12T20:36:55+00:00","breadcrumb":{"@id":"https:\/\/www.mondocamping.com\/fr\/lago-idro-glamping-boutique-rendez-vous-avec-le-marche-de-noel\/#breadcrumb"},"inLanguage":"fr-FR","potentialAction":[{"@type":"ReadAction","target":["https:\/\/www.mondocamping.com\/fr\/lago-idro-glamping-boutique-rendez-vous-avec-le-marche-de-noel\/"]}]},{"@type":"ImageObject","inLanguage":"fr-FR","@id":"https:\/\/www.mondocamping.com\/fr\/lago-idro-glamping-boutique-rendez-vous-avec-le-marche-de-noel\/#primaryimage","url":"https:\/\/www.mondocamping.com\/wp-content\/uploads\/2024\/12\/XMAS-MARKET-Lago-Idro-Glamping-Boutique-VLD-5444-2.jpg","contentUrl":"https:\/\/www.mondocamping.com\/wp-content\/uploads\/2024\/12\/XMAS-MARKET-Lago-Idro-Glamping-Boutique-VLD-5444-2.jpg","width":1200,"height":628},{"@type":"BreadcrumbList","@id":"https:\/\/www.mondocamping.com\/fr\/lago-idro-glamping-boutique-rendez-vous-avec-le-marche-de-noel\/#breadcrumb","itemListElement":[{"@type":"ListItem","position":1,"name":"Home","item":"https:\/\/www.mondocamping.com\/fr\/"},{"@type":"ListItem","position":2,"name":"Lago Idro Glamping Boutique : rendez-vous avec le march\u00e9 de No\u00ebl"}]},{"@type":"WebSite","@id":"https:\/\/www.mondocamping.com\/#website","url":"https:\/\/www.mondocamping.com\/","name":"Mondo Camping","description":"Le portail d\u00e9di\u00e9 aux gestionnaires de campings et villages touristiques","publisher":{"@id":"https:\/\/www.mondocamping.com\/#organization"},"potentialAction":[{"@type":"SearchAction","target":{"@type":"EntryPoint","urlTemplate":"https:\/\/www.mondocamping.com\/?s={search_term_string}"},"query-input":{"@type":"PropertyValueSpecification","valueRequired":true,"valueName":"search_term_string"}}],"inLanguage":"fr-FR"},{"@type":"Organization","@id":"https:\/\/www.mondocamping.com\/#organization","name":"Mondo Camping","url":"https:\/\/www.mondocamping.com\/","logo":{"@type":"ImageObject","inLanguage":"fr-FR","@id":"https:\/\/www.mondocamping.com\/#\/schema\/logo\/image\/","url":"https:\/\/www.mondocamping.com\/wp-content\/uploads\/2022\/04\/mondo-camping-logo-contornato-1.png","contentUrl":"https:\/\/www.mondocamping.com\/wp-content\/uploads\/2022\/04\/mondo-camping-logo-contornato-1.png","width":280,"height":90,"caption":"Mondo Camping"},"image":{"@id":"https:\/\/www.mondocamping.com\/#\/schema\/logo\/image\/"},"sameAs":["https:\/\/www.facebook.com\/mondobalneare","https:\/\/x.com\/mondobalneare","https:\/\/www.instagram.com\/mondobalneare\/","https:\/\/www.linkedin.com\/company\/67180810\/","https:\/\/www.youtube.com\/user\/mondobalnearevideo"]},{"@type":"Person","@id":"https:\/\/www.mondocamping.com\/#\/schema\/person\/01a031b8c5ef08c2204bb0e696f0a760","name":"Mondo Camping","image":{"@type":"ImageObject","inLanguage":"fr-FR","@id":"https:\/\/www.mondocamping.com\/wp-content\/uploads\/2022\/05\/cropped-icona-MONDO-CAMPING-150x150.png","url":"https:\/\/www.mondocamping.com\/wp-content\/uploads\/2022\/05\/cropped-icona-MONDO-CAMPING-150x150.png","contentUrl":"https:\/\/www.mondocamping.com\/wp-content\/uploads\/2022\/05\/cropped-icona-MONDO-CAMPING-150x150.png","caption":"Mondo Camping"},"sameAs":["https:\/\/www.mondocamping.com\/","https:\/\/www.facebook.com\/mondocamping"]}]}},"_links":{"self":[{"href":"https:\/\/www.mondocamping.com\/fr\/wp-json\/wp\/v2\/posts\/172051","targetHints":{"allow":["GET"]}}],"collection":[{"href":"https:\/\/www.mondocamping.com\/fr\/wp-json\/wp\/v2\/posts"}],"about":[{"href":"https:\/\/www.mondocamping.com\/fr\/wp-json\/wp\/v2\/types\/post"}],"author":[{"embeddable":true,"href":"https:\/\/www.mondocamping.com\/fr\/wp-json\/wp\/v2\/users\/5"}],"replies":[{"embeddable":true,"href":"https:\/\/www.mondocamping.com\/fr\/wp-json\/wp\/v2\/comments?post=172051"}],"version-history":[{"count":1,"href":"https:\/\/www.mondocamping.com\/fr\/wp-json\/wp\/v2\/posts\/172051\/revisions"}],"predecessor-version":[{"id":172052,"href":"https:\/\/www.mondocamping.com\/fr\/wp-json\/wp\/v2\/posts\/172051\/revisions\/172052"}],"wp:featuredmedia":[{"embeddable":true,"href":"https:\/\/www.mondocamping.com\/fr\/wp-json\/wp\/v2\/media\/172020"}],"wp:attachment":[{"href":"https:\/\/www.mondocamping.com\/fr\/wp-json\/wp\/v2\/media?parent=172051"}],"wp:term":[{"taxonomy":"category","embeddable":true,"href":"https:\/\/www.mondocamping.com\/fr\/wp-json\/wp\/v2\/categories?post=172051"},{"taxonomy":"post_tag","embeddable":true,"href":"https:\/\/www.mondocamping.com\/fr\/wp-json\/wp\/v2\/tags?post=172051"}],"curies":[{"name":"wp","href":"https:\/\/api.w.org\/{rel}","templated":true}]}}