{"id":172053,"date":"2024-12-12T21:36:55","date_gmt":"2024-12-12T20:36:55","guid":{"rendered":"https:\/\/www.mondocamping.com\/les-marches-de-noel-de-gubbio-et-la-creche-de-greccio\/"},"modified":"2024-12-12T21:36:56","modified_gmt":"2024-12-12T20:36:56","slug":"les-marches-de-noel-de-gubbio-et-la-creche-de-greccio","status":"publish","type":"post","link":"https:\/\/www.mondocamping.com\/fr\/les-marches-de-noel-de-gubbio-et-la-creche-de-greccio\/","title":{"rendered":"Les march\u00e9s de No\u00ebl de Gubbio et la cr\u00e8che de Greccio"},"content":{"rendered":"\n<p>Cette semaine, Europa in camping vous emm\u00e8ne \u00e9galement en Italie, \u00e0 la d\u00e9couverte d&rsquo;une perle de l&rsquo;Italie centrale, <strong>Gubbio<\/strong>. Cette belle ville m\u00e9di\u00e9vale, v\u00e9ritable tr\u00e9sor d&rsquo;histoire et de culture, est connue au moment de No\u00ebl pour un record tr\u00e8s sp\u00e9cial, son sensationnel <strong>plus grand sapin de No\u00ebl du monde<\/strong>, qui a \u00e9t\u00e9 homologu\u00e9 par le <strong>Guinness World Record en 1991<\/strong> et qui est depuis lors le seul arbre \u00e0 pouvoir se vanter d&rsquo;un tel titre.   <\/p>\n\n<p>C&rsquo;est gr\u00e2ce \u00e0 ses 800 m\u00e8tres de haut (et 450 m\u00e8tres de base) qui suivent les pentes du <strong>Monte Ingino<\/strong>, derri\u00e8re la ville, et \u00e0 la myriade de lumi\u00e8res qui le composent (qui peuvent m\u00eame \u00eatre utilis\u00e9es pour contribuer \u00e0 payer l&rsquo;\u00e9lectricit\u00e9 n\u00e9cessaire au fonctionnement de l&rsquo;arbre). L&rsquo;\u00e9norme sapin stylis\u00e9 et color\u00e9 cache ses \u00ab\u00a0racines\u00a0\u00bb dans les murs de la ville m\u00e9di\u00e9vale et atteint, avec sa grande \u00e9toile, la basilique du saint patron, Sant&rsquo;Ubaldo, situ\u00e9e au sommet de la montagne. <\/p>\n\n<p>Un v\u00e9ritable moment fort de No\u00ebl, mais pas la seule attraction \u00e0 voir dans la ville et ses environs. Profitez-en pour visiter le centre historique : la <strong>Piazza della Signoria<\/strong> et ses beaut\u00e9s, le <strong>Palazzo dei Consoli, le Palazzo Ducale, le Duomo, la Piazza Grande o\u00f9 se trouve l&rsquo;h\u00f4tel de ville<\/strong>, et bien d&rsquo;autres attractions, puis partez \u00e0 la d\u00e9couverte du <strong><em>Le pays de No\u00ebl<\/em><\/strong> <em> <\/em>et ses march\u00e9s, l&rsquo;endroit id\u00e9al pour les jeunes et les moins jeunes.<\/p>\n\n<h2 class=\"wp-block-heading\">March\u00e9 de No\u00ebl de Gubbio  <\/h2>\n\n<p>Le march\u00e9 de No\u00ebl de Gubbio est situ\u00e9 dans le pittoresque \u00ab\u00a0Pays de No\u00ebl\u00a0\u00bb. <strong><em>Terre de No\u00ebl<\/em><\/strong>et c&rsquo;est l&rsquo;endroit id\u00e9al pour trouver de nombreux produits artisanaux et locaux, parfaits pour les achats de No\u00ebl. Vous n&rsquo;aurez que l&#8217;embarras du choix pour vos souvenirs, \u00e0 commencer par les propositions <strong>gastronomiques et vinicoles <\/strong>qui vont des pr\u00e9cieuses <strong>truffes blanches et noires<\/strong> aux<strong> crescentine<\/strong>, semblables \u00e0 des focaccias, in\u00e9vitables sur les tables de Gubbio, en passant par tous les <strong>vins des meilleurs domaines viticoles de l&rsquo;Ombrie<\/strong>. Et pour les plus gourmands, les incontournables douceurs locales : le <strong>Brustegnolo<\/strong>, \u00e0 base de farine de ma\u00efs, et la  <strong> <\/strong><strong>Ganascioni des S\u0153urs de Sainte-Lucie.<\/strong><\/p>\n\n<p>Dans la zone du march\u00e9, vous trouverez \u00e9galement <strong>le train du P\u00e8re No\u00ebl <\/strong>con\u00e7u pour les plus petits, et bien d&rsquo;autres choses encore :<strong> le tra\u00eeneau du P\u00e8re No\u00ebl, le t\u00e9l\u00e9ph\u00e9rique de Colle Eletto, le train de No\u00ebl Gubbio Express, la grande roue du P\u00f4le Nord, le carrousel enchant\u00e9 et les Lumi\u00e8res artistiques qui illumineront la place San Giovanni jusqu&rsquo;\u00e0 l&rsquo;\u00c9piphanie. <\/strong>(Heures d&rsquo;entr\u00e9e : 10.00\/13.00 &#8211; 14.20\/19.00).  <\/p>\n\n<h2 class=\"wp-block-heading\">Greccio, la cr\u00e8che et les march\u00e9s<\/h2>\n\n<p>Non loin de Gubbio, ne manquez pas <strong>Greccio<\/strong>, l&rsquo;un des plus beaux villages d&rsquo;Italie, joyau de la Vall\u00e9e Sacr\u00e9e dans la province de Rieti, id\u00e9al pour se rendre en camping-car. Dans ce petit centre (jumel\u00e9 avec Bethl\u00e9em), <strong>la premi\u00e8re cr\u00e8che de l&rsquo;histoire <\/strong> a \u00e9t\u00e9 construite sur l&rsquo;<strong>ordre de Saint Fran\u00e7ois d&rsquo;Assise, en 1223 <\/strong>.   <\/p>\n\n<p>Cette ann\u00e9e encore, plus de huit cents ans apr\u00e8s la premi\u00e8re repr\u00e9sentation, l&rsquo;une des plus belles traditions locales et italiennes sera mise en sc\u00e8ne \u00e0 Greccio, une v\u00e9ritable <strong>cr\u00e8che<\/strong> vivante, un spectacle divis\u00e9 en six sc\u00e8nes vivantes. Pour rester dans le th\u00e8me, ne manquez pas le<strong> Mus\u00e9e de la Cr\u00e8che<\/strong> et le <strong>Sentier des Artistes<\/strong>. Enfin, arr\u00eatez-vous sur les incontournables <strong>march\u00e9s de No\u00ebl du village<\/strong>, o\u00f9 vous trouverez de nombreux produits alimentaires et vinicoles, de l&rsquo;artisanat local et les in\u00e9vitables cr\u00e8ches faites \u00e0 la main.    <\/p>\n","protected":false},"excerpt":{"rendered":"<p>Cette semaine, Europa in camping vous emm\u00e8ne \u00e9galement en Italie, \u00e0 la d\u00e9couverte d&rsquo;une perle de l&rsquo;Italie centrale, Gubbio. Cette belle ville m\u00e9di\u00e9vale, v\u00e9ritable tr\u00e9sor d&rsquo;histoire et de culture, est connue au moment de No\u00ebl pour un record tr\u00e8s sp\u00e9cial, son sensationnel plus grand sapin de No\u00ebl du monde, qui a \u00e9t\u00e9 homologu\u00e9 par le [&hellip;]<\/p>\n","protected":false},"author":5,"featured_media":172041,"comment_status":"closed","ping_status":"closed","sticky":false,"template":"","format":"standard","meta":{"_acf_changed":false,"_monsterinsights_skip_tracking":false,"_monsterinsights_sitenote_active":false,"_monsterinsights_sitenote_note":"","_monsterinsights_sitenote_category":0,"footnotes":""},"categories":[6215],"tags":[6605,6622,4079,6650],"class_list":["post-172053","post","type-post","status-publish","format-standard","has-post-thumbnail","hentry","category-leurope-en-camping","tag-camping-car","tag-marches-de-noel","tag-tourisme-de-plein-air","tag-traditions"],"acf":[],"yoast_head":"<!-- This site is optimized with the Yoast SEO plugin v27.5 - https:\/\/yoast.com\/product\/yoast-seo-wordpress\/ -->\n<title>Les march\u00e9s de No\u00ebl de Gubbio et la cr\u00e8che de Greccio<\/title>\n<meta name=\"robots\" content=\"index, follow, max-snippet:-1, max-image-preview:large, max-video-preview:-1\" \/>\n<link rel=\"canonical\" href=\"https:\/\/www.mondocamping.com\/fr\/les-marches-de-noel-de-gubbio-et-la-creche-de-greccio\/\" \/>\n<meta property=\"og:locale\" content=\"fr_FR\" \/>\n<meta property=\"og:type\" content=\"article\" \/>\n<meta property=\"og:title\" content=\"Les march\u00e9s de No\u00ebl de Gubbio et la cr\u00e8che de Greccio\" \/>\n<meta property=\"og:description\" content=\"Cette semaine, Europa in camping vous emm\u00e8ne \u00e9galement en Italie, \u00e0 la d\u00e9couverte d&rsquo;une perle de l&rsquo;Italie centrale, Gubbio. Cette belle ville m\u00e9di\u00e9vale, v\u00e9ritable tr\u00e9sor d&rsquo;histoire et de culture, est connue au moment de No\u00ebl pour un record tr\u00e8s sp\u00e9cial, son sensationnel plus grand sapin de No\u00ebl du monde, qui a \u00e9t\u00e9 homologu\u00e9 par le [&hellip;]\" \/>\n<meta property=\"og:url\" content=\"https:\/\/www.mondocamping.com\/fr\/les-marches-de-noel-de-gubbio-et-la-creche-de-greccio\/\" \/>\n<meta property=\"og:site_name\" content=\"Mondo Camping\" \/>\n<meta property=\"article:publisher\" content=\"https:\/\/www.facebook.com\/mondobalneare\" \/>\n<meta property=\"article:author\" content=\"https:\/\/www.facebook.com\/mondocamping\" \/>\n<meta property=\"article:published_time\" content=\"2024-12-12T20:36:55+00:00\" \/>\n<meta property=\"article:modified_time\" content=\"2024-12-12T20:36:56+00:00\" \/>\n<meta property=\"og:image\" content=\"https:\/\/www.mondocamping.com\/wp-content\/uploads\/2024\/12\/albero-piu-grande-del-mondo.jpg-2.png\" \/>\n\t<meta property=\"og:image:width\" content=\"1200\" \/>\n\t<meta property=\"og:image:height\" content=\"628\" \/>\n\t<meta property=\"og:image:type\" content=\"image\/png\" \/>\n<meta name=\"author\" content=\"Mondo Camping\" \/>\n<meta name=\"twitter:card\" content=\"summary_large_image\" \/>\n<meta name=\"twitter:creator\" content=\"@mondobalneare\" \/>\n<meta name=\"twitter:site\" content=\"@mondobalneare\" \/>\n<meta name=\"twitter:label1\" content=\"\u00c9crit par\" \/>\n\t<meta name=\"twitter:data1\" content=\"Mondo Camping\" \/>\n\t<meta name=\"twitter:label2\" content=\"Dur\u00e9e de lecture estim\u00e9e\" \/>\n\t<meta name=\"twitter:data2\" content=\"3 minutes\" \/>\n<script type=\"application\/ld+json\" class=\"yoast-schema-graph\">{\"@context\":\"https:\\\/\\\/schema.org\",\"@graph\":[{\"@type\":\"Article\",\"@id\":\"https:\\\/\\\/www.mondocamping.com\\\/fr\\\/les-marches-de-noel-de-gubbio-et-la-creche-de-greccio\\\/#article\",\"isPartOf\":{\"@id\":\"https:\\\/\\\/www.mondocamping.com\\\/fr\\\/les-marches-de-noel-de-gubbio-et-la-creche-de-greccio\\\/\"},\"author\":{\"name\":\"Mondo Camping\",\"@id\":\"https:\\\/\\\/www.mondocamping.com\\\/#\\\/schema\\\/person\\\/01a031b8c5ef08c2204bb0e696f0a760\"},\"headline\":\"Les march\u00e9s de No\u00ebl de Gubbio et la cr\u00e8che de Greccio\",\"datePublished\":\"2024-12-12T20:36:55+00:00\",\"dateModified\":\"2024-12-12T20:36:56+00:00\",\"mainEntityOfPage\":{\"@id\":\"https:\\\/\\\/www.mondocamping.com\\\/fr\\\/les-marches-de-noel-de-gubbio-et-la-creche-de-greccio\\\/\"},\"wordCount\":653,\"publisher\":{\"@id\":\"https:\\\/\\\/www.mondocamping.com\\\/#organization\"},\"image\":{\"@id\":\"https:\\\/\\\/www.mondocamping.com\\\/fr\\\/les-marches-de-noel-de-gubbio-et-la-creche-de-greccio\\\/#primaryimage\"},\"thumbnailUrl\":\"https:\\\/\\\/www.mondocamping.com\\\/wp-content\\\/uploads\\\/2024\\\/12\\\/albero-piu-grande-del-mondo.jpg-2.png\",\"keywords\":[\"camping-car\",\"March\u00e9s de No\u00ebl\",\"Tourisme de plein air\",\"traditions\"],\"articleSection\":[\"L'Europe en camping\"],\"inLanguage\":\"fr-FR\"},{\"@type\":\"WebPage\",\"@id\":\"https:\\\/\\\/www.mondocamping.com\\\/fr\\\/les-marches-de-noel-de-gubbio-et-la-creche-de-greccio\\\/\",\"url\":\"https:\\\/\\\/www.mondocamping.com\\\/fr\\\/les-marches-de-noel-de-gubbio-et-la-creche-de-greccio\\\/\",\"name\":\"Les march\u00e9s de No\u00ebl de Gubbio et la cr\u00e8che de Greccio\",\"isPartOf\":{\"@id\":\"https:\\\/\\\/www.mondocamping.com\\\/#website\"},\"primaryImageOfPage\":{\"@id\":\"https:\\\/\\\/www.mondocamping.com\\\/fr\\\/les-marches-de-noel-de-gubbio-et-la-creche-de-greccio\\\/#primaryimage\"},\"image\":{\"@id\":\"https:\\\/\\\/www.mondocamping.com\\\/fr\\\/les-marches-de-noel-de-gubbio-et-la-creche-de-greccio\\\/#primaryimage\"},\"thumbnailUrl\":\"https:\\\/\\\/www.mondocamping.com\\\/wp-content\\\/uploads\\\/2024\\\/12\\\/albero-piu-grande-del-mondo.jpg-2.png\",\"datePublished\":\"2024-12-12T20:36:55+00:00\",\"dateModified\":\"2024-12-12T20:36:56+00:00\",\"breadcrumb\":{\"@id\":\"https:\\\/\\\/www.mondocamping.com\\\/fr\\\/les-marches-de-noel-de-gubbio-et-la-creche-de-greccio\\\/#breadcrumb\"},\"inLanguage\":\"fr-FR\",\"potentialAction\":[{\"@type\":\"ReadAction\",\"target\":[\"https:\\\/\\\/www.mondocamping.com\\\/fr\\\/les-marches-de-noel-de-gubbio-et-la-creche-de-greccio\\\/\"]}]},{\"@type\":\"ImageObject\",\"inLanguage\":\"fr-FR\",\"@id\":\"https:\\\/\\\/www.mondocamping.com\\\/fr\\\/les-marches-de-noel-de-gubbio-et-la-creche-de-greccio\\\/#primaryimage\",\"url\":\"https:\\\/\\\/www.mondocamping.com\\\/wp-content\\\/uploads\\\/2024\\\/12\\\/albero-piu-grande-del-mondo.jpg-2.png\",\"contentUrl\":\"https:\\\/\\\/www.mondocamping.com\\\/wp-content\\\/uploads\\\/2024\\\/12\\\/albero-piu-grande-del-mondo.jpg-2.png\",\"width\":1200,\"height\":628,\"caption\":\"Photo credit: iStock\"},{\"@type\":\"BreadcrumbList\",\"@id\":\"https:\\\/\\\/www.mondocamping.com\\\/fr\\\/les-marches-de-noel-de-gubbio-et-la-creche-de-greccio\\\/#breadcrumb\",\"itemListElement\":[{\"@type\":\"ListItem\",\"position\":1,\"name\":\"Home\",\"item\":\"https:\\\/\\\/www.mondocamping.com\\\/fr\\\/\"},{\"@type\":\"ListItem\",\"position\":2,\"name\":\"Les march\u00e9s de No\u00ebl de Gubbio et la cr\u00e8che de Greccio\"}]},{\"@type\":\"WebSite\",\"@id\":\"https:\\\/\\\/www.mondocamping.com\\\/#website\",\"url\":\"https:\\\/\\\/www.mondocamping.com\\\/\",\"name\":\"Mondo Camping\",\"description\":\"Le portail d\u00e9di\u00e9 aux gestionnaires de campings et villages touristiques\",\"publisher\":{\"@id\":\"https:\\\/\\\/www.mondocamping.com\\\/#organization\"},\"potentialAction\":[{\"@type\":\"SearchAction\",\"target\":{\"@type\":\"EntryPoint\",\"urlTemplate\":\"https:\\\/\\\/www.mondocamping.com\\\/?s={search_term_string}\"},\"query-input\":{\"@type\":\"PropertyValueSpecification\",\"valueRequired\":true,\"valueName\":\"search_term_string\"}}],\"inLanguage\":\"fr-FR\"},{\"@type\":\"Organization\",\"@id\":\"https:\\\/\\\/www.mondocamping.com\\\/#organization\",\"name\":\"Mondo Camping\",\"url\":\"https:\\\/\\\/www.mondocamping.com\\\/\",\"logo\":{\"@type\":\"ImageObject\",\"inLanguage\":\"fr-FR\",\"@id\":\"https:\\\/\\\/www.mondocamping.com\\\/#\\\/schema\\\/logo\\\/image\\\/\",\"url\":\"https:\\\/\\\/www.mondocamping.com\\\/wp-content\\\/uploads\\\/2022\\\/04\\\/mondo-camping-logo-contornato-1.png\",\"contentUrl\":\"https:\\\/\\\/www.mondocamping.com\\\/wp-content\\\/uploads\\\/2022\\\/04\\\/mondo-camping-logo-contornato-1.png\",\"width\":280,\"height\":90,\"caption\":\"Mondo Camping\"},\"image\":{\"@id\":\"https:\\\/\\\/www.mondocamping.com\\\/#\\\/schema\\\/logo\\\/image\\\/\"},\"sameAs\":[\"https:\\\/\\\/www.facebook.com\\\/mondobalneare\",\"https:\\\/\\\/x.com\\\/mondobalneare\",\"https:\\\/\\\/www.instagram.com\\\/mondobalneare\\\/\",\"https:\\\/\\\/www.linkedin.com\\\/company\\\/67180810\\\/\",\"https:\\\/\\\/www.youtube.com\\\/user\\\/mondobalnearevideo\"]},{\"@type\":\"Person\",\"@id\":\"https:\\\/\\\/www.mondocamping.com\\\/#\\\/schema\\\/person\\\/01a031b8c5ef08c2204bb0e696f0a760\",\"name\":\"Mondo Camping\",\"image\":{\"@type\":\"ImageObject\",\"inLanguage\":\"fr-FR\",\"@id\":\"https:\\\/\\\/www.mondocamping.com\\\/wp-content\\\/uploads\\\/2022\\\/05\\\/cropped-icona-MONDO-CAMPING-150x150.png\",\"url\":\"https:\\\/\\\/www.mondocamping.com\\\/wp-content\\\/uploads\\\/2022\\\/05\\\/cropped-icona-MONDO-CAMPING-150x150.png\",\"contentUrl\":\"https:\\\/\\\/www.mondocamping.com\\\/wp-content\\\/uploads\\\/2022\\\/05\\\/cropped-icona-MONDO-CAMPING-150x150.png\",\"caption\":\"Mondo Camping\"},\"sameAs\":[\"https:\\\/\\\/www.mondocamping.com\\\/\",\"https:\\\/\\\/www.facebook.com\\\/mondocamping\"]}]}<\/script>\n<!-- \/ Yoast SEO plugin. -->","yoast_head_json":{"title":"Les march\u00e9s de No\u00ebl de Gubbio et la cr\u00e8che de Greccio","robots":{"index":"index","follow":"follow","max-snippet":"max-snippet:-1","max-image-preview":"max-image-preview:large","max-video-preview":"max-video-preview:-1"},"canonical":"https:\/\/www.mondocamping.com\/fr\/les-marches-de-noel-de-gubbio-et-la-creche-de-greccio\/","og_locale":"fr_FR","og_type":"article","og_title":"Les march\u00e9s de No\u00ebl de Gubbio et la cr\u00e8che de Greccio","og_description":"Cette semaine, Europa in camping vous emm\u00e8ne \u00e9galement en Italie, \u00e0 la d\u00e9couverte d&rsquo;une perle de l&rsquo;Italie centrale, Gubbio. Cette belle ville m\u00e9di\u00e9vale, v\u00e9ritable tr\u00e9sor d&rsquo;histoire et de culture, est connue au moment de No\u00ebl pour un record tr\u00e8s sp\u00e9cial, son sensationnel plus grand sapin de No\u00ebl du monde, qui a \u00e9t\u00e9 homologu\u00e9 par le [&hellip;]","og_url":"https:\/\/www.mondocamping.com\/fr\/les-marches-de-noel-de-gubbio-et-la-creche-de-greccio\/","og_site_name":"Mondo Camping","article_publisher":"https:\/\/www.facebook.com\/mondobalneare","article_author":"https:\/\/www.facebook.com\/mondocamping","article_published_time":"2024-12-12T20:36:55+00:00","article_modified_time":"2024-12-12T20:36:56+00:00","og_image":[{"width":1200,"height":628,"url":"https:\/\/www.mondocamping.com\/wp-content\/uploads\/2024\/12\/albero-piu-grande-del-mondo.jpg-2.png","type":"image\/png"}],"author":"Mondo Camping","twitter_card":"summary_large_image","twitter_creator":"@mondobalneare","twitter_site":"@mondobalneare","twitter_misc":{"\u00c9crit par":"Mondo Camping","Dur\u00e9e de lecture estim\u00e9e":"3 minutes"},"schema":{"@context":"https:\/\/schema.org","@graph":[{"@type":"Article","@id":"https:\/\/www.mondocamping.com\/fr\/les-marches-de-noel-de-gubbio-et-la-creche-de-greccio\/#article","isPartOf":{"@id":"https:\/\/www.mondocamping.com\/fr\/les-marches-de-noel-de-gubbio-et-la-creche-de-greccio\/"},"author":{"name":"Mondo Camping","@id":"https:\/\/www.mondocamping.com\/#\/schema\/person\/01a031b8c5ef08c2204bb0e696f0a760"},"headline":"Les march\u00e9s de No\u00ebl de Gubbio et la cr\u00e8che de Greccio","datePublished":"2024-12-12T20:36:55+00:00","dateModified":"2024-12-12T20:36:56+00:00","mainEntityOfPage":{"@id":"https:\/\/www.mondocamping.com\/fr\/les-marches-de-noel-de-gubbio-et-la-creche-de-greccio\/"},"wordCount":653,"publisher":{"@id":"https:\/\/www.mondocamping.com\/#organization"},"image":{"@id":"https:\/\/www.mondocamping.com\/fr\/les-marches-de-noel-de-gubbio-et-la-creche-de-greccio\/#primaryimage"},"thumbnailUrl":"https:\/\/www.mondocamping.com\/wp-content\/uploads\/2024\/12\/albero-piu-grande-del-mondo.jpg-2.png","keywords":["camping-car","March\u00e9s de No\u00ebl","Tourisme de plein air","traditions"],"articleSection":["L'Europe en camping"],"inLanguage":"fr-FR"},{"@type":"WebPage","@id":"https:\/\/www.mondocamping.com\/fr\/les-marches-de-noel-de-gubbio-et-la-creche-de-greccio\/","url":"https:\/\/www.mondocamping.com\/fr\/les-marches-de-noel-de-gubbio-et-la-creche-de-greccio\/","name":"Les march\u00e9s de No\u00ebl de Gubbio et la cr\u00e8che de Greccio","isPartOf":{"@id":"https:\/\/www.mondocamping.com\/#website"},"primaryImageOfPage":{"@id":"https:\/\/www.mondocamping.com\/fr\/les-marches-de-noel-de-gubbio-et-la-creche-de-greccio\/#primaryimage"},"image":{"@id":"https:\/\/www.mondocamping.com\/fr\/les-marches-de-noel-de-gubbio-et-la-creche-de-greccio\/#primaryimage"},"thumbnailUrl":"https:\/\/www.mondocamping.com\/wp-content\/uploads\/2024\/12\/albero-piu-grande-del-mondo.jpg-2.png","datePublished":"2024-12-12T20:36:55+00:00","dateModified":"2024-12-12T20:36:56+00:00","breadcrumb":{"@id":"https:\/\/www.mondocamping.com\/fr\/les-marches-de-noel-de-gubbio-et-la-creche-de-greccio\/#breadcrumb"},"inLanguage":"fr-FR","potentialAction":[{"@type":"ReadAction","target":["https:\/\/www.mondocamping.com\/fr\/les-marches-de-noel-de-gubbio-et-la-creche-de-greccio\/"]}]},{"@type":"ImageObject","inLanguage":"fr-FR","@id":"https:\/\/www.mondocamping.com\/fr\/les-marches-de-noel-de-gubbio-et-la-creche-de-greccio\/#primaryimage","url":"https:\/\/www.mondocamping.com\/wp-content\/uploads\/2024\/12\/albero-piu-grande-del-mondo.jpg-2.png","contentUrl":"https:\/\/www.mondocamping.com\/wp-content\/uploads\/2024\/12\/albero-piu-grande-del-mondo.jpg-2.png","width":1200,"height":628,"caption":"Photo credit: iStock"},{"@type":"BreadcrumbList","@id":"https:\/\/www.mondocamping.com\/fr\/les-marches-de-noel-de-gubbio-et-la-creche-de-greccio\/#breadcrumb","itemListElement":[{"@type":"ListItem","position":1,"name":"Home","item":"https:\/\/www.mondocamping.com\/fr\/"},{"@type":"ListItem","position":2,"name":"Les march\u00e9s de No\u00ebl de Gubbio et la cr\u00e8che de Greccio"}]},{"@type":"WebSite","@id":"https:\/\/www.mondocamping.com\/#website","url":"https:\/\/www.mondocamping.com\/","name":"Mondo Camping","description":"Le portail d\u00e9di\u00e9 aux gestionnaires de campings et villages touristiques","publisher":{"@id":"https:\/\/www.mondocamping.com\/#organization"},"potentialAction":[{"@type":"SearchAction","target":{"@type":"EntryPoint","urlTemplate":"https:\/\/www.mondocamping.com\/?s={search_term_string}"},"query-input":{"@type":"PropertyValueSpecification","valueRequired":true,"valueName":"search_term_string"}}],"inLanguage":"fr-FR"},{"@type":"Organization","@id":"https:\/\/www.mondocamping.com\/#organization","name":"Mondo Camping","url":"https:\/\/www.mondocamping.com\/","logo":{"@type":"ImageObject","inLanguage":"fr-FR","@id":"https:\/\/www.mondocamping.com\/#\/schema\/logo\/image\/","url":"https:\/\/www.mondocamping.com\/wp-content\/uploads\/2022\/04\/mondo-camping-logo-contornato-1.png","contentUrl":"https:\/\/www.mondocamping.com\/wp-content\/uploads\/2022\/04\/mondo-camping-logo-contornato-1.png","width":280,"height":90,"caption":"Mondo Camping"},"image":{"@id":"https:\/\/www.mondocamping.com\/#\/schema\/logo\/image\/"},"sameAs":["https:\/\/www.facebook.com\/mondobalneare","https:\/\/x.com\/mondobalneare","https:\/\/www.instagram.com\/mondobalneare\/","https:\/\/www.linkedin.com\/company\/67180810\/","https:\/\/www.youtube.com\/user\/mondobalnearevideo"]},{"@type":"Person","@id":"https:\/\/www.mondocamping.com\/#\/schema\/person\/01a031b8c5ef08c2204bb0e696f0a760","name":"Mondo Camping","image":{"@type":"ImageObject","inLanguage":"fr-FR","@id":"https:\/\/www.mondocamping.com\/wp-content\/uploads\/2022\/05\/cropped-icona-MONDO-CAMPING-150x150.png","url":"https:\/\/www.mondocamping.com\/wp-content\/uploads\/2022\/05\/cropped-icona-MONDO-CAMPING-150x150.png","contentUrl":"https:\/\/www.mondocamping.com\/wp-content\/uploads\/2022\/05\/cropped-icona-MONDO-CAMPING-150x150.png","caption":"Mondo Camping"},"sameAs":["https:\/\/www.mondocamping.com\/","https:\/\/www.facebook.com\/mondocamping"]}]}},"_links":{"self":[{"href":"https:\/\/www.mondocamping.com\/fr\/wp-json\/wp\/v2\/posts\/172053","targetHints":{"allow":["GET"]}}],"collection":[{"href":"https:\/\/www.mondocamping.com\/fr\/wp-json\/wp\/v2\/posts"}],"about":[{"href":"https:\/\/www.mondocamping.com\/fr\/wp-json\/wp\/v2\/types\/post"}],"author":[{"embeddable":true,"href":"https:\/\/www.mondocamping.com\/fr\/wp-json\/wp\/v2\/users\/5"}],"replies":[{"embeddable":true,"href":"https:\/\/www.mondocamping.com\/fr\/wp-json\/wp\/v2\/comments?post=172053"}],"version-history":[{"count":1,"href":"https:\/\/www.mondocamping.com\/fr\/wp-json\/wp\/v2\/posts\/172053\/revisions"}],"predecessor-version":[{"id":172054,"href":"https:\/\/www.mondocamping.com\/fr\/wp-json\/wp\/v2\/posts\/172053\/revisions\/172054"}],"wp:featuredmedia":[{"embeddable":true,"href":"https:\/\/www.mondocamping.com\/fr\/wp-json\/wp\/v2\/media\/172041"}],"wp:attachment":[{"href":"https:\/\/www.mondocamping.com\/fr\/wp-json\/wp\/v2\/media?parent=172053"}],"wp:term":[{"taxonomy":"category","embeddable":true,"href":"https:\/\/www.mondocamping.com\/fr\/wp-json\/wp\/v2\/categories?post=172053"},{"taxonomy":"post_tag","embeddable":true,"href":"https:\/\/www.mondocamping.com\/fr\/wp-json\/wp\/v2\/tags?post=172053"}],"curies":[{"name":"wp","href":"https:\/\/api.w.org\/{rel}","templated":true}]}}