{"id":172098,"date":"2024-12-17T17:28:55","date_gmt":"2024-12-17T16:28:55","guid":{"rendered":"https:\/\/www.mondocamping.com\/iode-2025-le-salon-dedie-aux-equipements-de-tourisme-et-de-loisirs-revient\/"},"modified":"2024-12-17T17:30:04","modified_gmt":"2024-12-17T16:30:04","slug":"iode-2025-le-salon-dedie-aux-equipements-de-tourisme-et-de-loisirs-revient","status":"publish","type":"post","link":"https:\/\/www.mondocamping.com\/fr\/iode-2025-le-salon-dedie-aux-equipements-de-tourisme-et-de-loisirs-revient\/","title":{"rendered":"IODE 2025 : le salon d\u00e9di\u00e9 aux \u00e9quipements de tourisme et de loisirs revient"},"content":{"rendered":"\n<p>L&rsquo;exposition <strong><a href=\"https:\/\/www.salon-iode.fr\" target=\"_blank\" rel=\"noreferrer noopener\">Exposition IODE 2025<\/a> <\/strong>est un salon sp\u00e9cialis\u00e9 dans les \u00e9quipements de plein air, d&rsquo;int\u00e9rieur, de tourisme et de loisirs, tr\u00e8s attractif pour les professionnels et au-del\u00e0. L&rsquo;\u00e9v\u00e9nement fran\u00e7ais symbolise le professionnalisme et l&rsquo;innovation dans ces secteurs, et apr\u00e8s le bilan positif de 2024 qui a enregistr\u00e9<strong> +7% de visiteurs<\/strong> (2140 visiteurs ont franchi les portes du salon 2024 les 31 janvier et 1er f\u00e9vrier), l&rsquo;\u00e9dition de l&rsquo;ann\u00e9e prochaine est attendue avec les plus belles perspectives.   <\/p>\n\n<p>L&rsquo;\u00e9dition 2025 accueillera <strong>plus de<\/strong> <strong>200 exposants<\/strong> et sera divis\u00e9e en zones th\u00e9matiques r\u00e9parties entre l&rsquo;<strong>h\u00e9bergement et les grandes installations, l&rsquo;\u00e9quipement, le bien-\u00eatre, les loisirs et le divertissement, et les services. <\/strong>Les <strong>caf\u00e9s, h\u00f4tels et restaurants (CHR)<\/strong> feront \u00e9galement l&rsquo;objet d&rsquo;une attention particuli\u00e8re.  <\/p>\n\n<p>Un large \u00e9ventail de produits et de services essentiels pour le secteur du tourisme, une v\u00e9ritable vitrine des derni\u00e8res tendances et technologies li\u00e9es \u00e0 l&rsquo;h\u00e9bergement, aux voyages et aux loisirs.<\/p>\n\n<p>IODE 2025 sera \u00e9galement une occasion importante de discussion et de mise en r\u00e9seau pour les professionnels de l&rsquo;industrie. Les ateliers <strong>, les conf\u00e9rences, les d\u00e9bats et les \u00e9v\u00e9nements sociaux<\/strong> ne manqueront pas et offriront une vue d&rsquo;ensemble des d\u00e9fis actuels et futurs du secteur. L&rsquo;un des principaux th\u00e8mes de cette \u00e9dition de l&rsquo;IODE sera le <strong>tourisme durable<\/strong>.    <\/p>\n\n<p>IODE 2025 comprend \u00e9galement un<strong> programme sp\u00e9cial pour les \u00e9coles pr\u00e9vu le jeudi 30 janvier 2025<\/strong>. Il s&rsquo;agit d&rsquo;une occasion pr\u00e9cieuse pour les \u00e9tudiants des \u00e9coles de tourisme et de gestion h\u00f4teli\u00e8re, une occasion pr\u00e9cieuse pour la formation sur le terrain con\u00e7ue pour les futurs op\u00e9rateurs de l&rsquo;industrie du tourisme. Le programme comprend une visite guid\u00e9e de l&rsquo;exposition, une table ronde et une visite exclusive d&rsquo;un camping.    <\/p>\n\n<p>Le 29 janvier, l&rsquo;\u00e9v\u00e9nement sera ouvert par <strong><em>Nicolas Dayot,<\/em><\/strong> pr\u00e9sident de la FNHPA, lors d&rsquo;une interview en direct. Les derni\u00e8res nouvelles et tendances de l&rsquo;industrie seront abord\u00e9es, y compris les solutions<em> vertes<\/em> offrant le plus faible impact sur l&rsquo;environnement, conform\u00e9ment \u00e0 l&rsquo;un des principaux th\u00e8mes de l&rsquo;\u00e9v\u00e9nement, la durabilit\u00e9.   <\/p>\n\n<p>D\u00e9couvrez <strong><a href=\"https:\/\/www.salon-iode.fr\/programme\" target=\"_blank\" rel=\"noreferrer noopener\">ici<\/a> <\/strong>l&rsquo;ensemble du programme de l&rsquo;IODE 2025.  <\/p>\n\n<p><\/p>\n","protected":false},"excerpt":{"rendered":"<p>L&rsquo;exposition Exposition IODE 2025 est un salon sp\u00e9cialis\u00e9 dans les \u00e9quipements de plein air, d&rsquo;int\u00e9rieur, de tourisme et de loisirs, tr\u00e8s attractif pour les professionnels et au-del\u00e0. L&rsquo;\u00e9v\u00e9nement fran\u00e7ais symbolise le professionnalisme et l&rsquo;innovation dans ces secteurs, et apr\u00e8s le bilan positif de 2024 qui a enregistr\u00e9 +7% de visiteurs (2140 visiteurs ont franchi les [&hellip;]<\/p>\n","protected":false},"author":5,"featured_media":172092,"comment_status":"closed","ping_status":"closed","sticky":false,"template":"","format":"standard","meta":{"_acf_changed":false,"_monsterinsights_skip_tracking":false,"_monsterinsights_sitenote_active":false,"_monsterinsights_sitenote_note":"","_monsterinsights_sitenote_category":0,"footnotes":""},"categories":[4024],"tags":[4189,4210,4872,6690,4262,5274,4079],"class_list":["post-172098","post","type-post","status-publish","format-standard","has-post-thumbnail","hentry","category-actualite","tag-camping-fr","tag-camping-fr-2","tag-france","tag-iode-2025-fr","tag-mondo-camping-fr","tag-nicolas-dayot-fr","tag-tourisme-de-plein-air"],"acf":[],"yoast_head":"<!-- This site is optimized with the Yoast SEO plugin v27.5 - https:\/\/yoast.com\/product\/yoast-seo-wordpress\/ -->\n<title>IODE 2025 : le salon d\u00e9di\u00e9 aux \u00e9quipements de tourisme et de loisirs revient<\/title>\n<meta name=\"robots\" content=\"index, follow, max-snippet:-1, max-image-preview:large, max-video-preview:-1\" \/>\n<link rel=\"canonical\" href=\"https:\/\/www.mondocamping.com\/fr\/iode-2025-le-salon-dedie-aux-equipements-de-tourisme-et-de-loisirs-revient\/\" \/>\n<meta property=\"og:locale\" content=\"fr_FR\" \/>\n<meta property=\"og:type\" content=\"article\" \/>\n<meta property=\"og:title\" content=\"IODE 2025 : le salon d\u00e9di\u00e9 aux \u00e9quipements de tourisme et de loisirs revient\" \/>\n<meta property=\"og:description\" content=\"L&rsquo;exposition Exposition IODE 2025 est un salon sp\u00e9cialis\u00e9 dans les \u00e9quipements de plein air, d&rsquo;int\u00e9rieur, de tourisme et de loisirs, tr\u00e8s attractif pour les professionnels et au-del\u00e0. L&rsquo;\u00e9v\u00e9nement fran\u00e7ais symbolise le professionnalisme et l&rsquo;innovation dans ces secteurs, et apr\u00e8s le bilan positif de 2024 qui a enregistr\u00e9 +7% de visiteurs (2140 visiteurs ont franchi les [&hellip;]\" \/>\n<meta property=\"og:url\" content=\"https:\/\/www.mondocamping.com\/fr\/iode-2025-le-salon-dedie-aux-equipements-de-tourisme-et-de-loisirs-revient\/\" \/>\n<meta property=\"og:site_name\" content=\"Mondo Camping\" \/>\n<meta property=\"article:publisher\" content=\"https:\/\/www.facebook.com\/mondobalneare\" \/>\n<meta property=\"article:author\" content=\"https:\/\/www.facebook.com\/mondocamping\" \/>\n<meta property=\"article:published_time\" content=\"2024-12-17T16:28:55+00:00\" \/>\n<meta property=\"article:modified_time\" content=\"2024-12-17T16:30:04+00:00\" \/>\n<meta property=\"og:image\" content=\"https:\/\/www.mondocamping.com\/wp-content\/uploads\/2024\/12\/Screenshot-2024-12-17-alle-17.22.18.png\" \/>\n\t<meta property=\"og:image:width\" content=\"1200\" \/>\n\t<meta property=\"og:image:height\" content=\"628\" \/>\n\t<meta property=\"og:image:type\" content=\"image\/png\" \/>\n<meta name=\"author\" content=\"Mondo Camping\" \/>\n<meta name=\"twitter:card\" content=\"summary_large_image\" \/>\n<meta name=\"twitter:creator\" content=\"@mondobalneare\" \/>\n<meta name=\"twitter:site\" content=\"@mondobalneare\" \/>\n<meta name=\"twitter:label1\" content=\"\u00c9crit par\" \/>\n\t<meta name=\"twitter:data1\" content=\"Mondo Camping\" \/>\n\t<meta name=\"twitter:label2\" content=\"Dur\u00e9e de lecture estim\u00e9e\" \/>\n\t<meta name=\"twitter:data2\" content=\"2 minutes\" \/>\n<script type=\"application\/ld+json\" class=\"yoast-schema-graph\">{\"@context\":\"https:\\\/\\\/schema.org\",\"@graph\":[{\"@type\":\"Article\",\"@id\":\"https:\\\/\\\/www.mondocamping.com\\\/fr\\\/iode-2025-le-salon-dedie-aux-equipements-de-tourisme-et-de-loisirs-revient\\\/#article\",\"isPartOf\":{\"@id\":\"https:\\\/\\\/www.mondocamping.com\\\/fr\\\/iode-2025-le-salon-dedie-aux-equipements-de-tourisme-et-de-loisirs-revient\\\/\"},\"author\":{\"name\":\"Mondo Camping\",\"@id\":\"https:\\\/\\\/www.mondocamping.com\\\/#\\\/schema\\\/person\\\/01a031b8c5ef08c2204bb0e696f0a760\"},\"headline\":\"IODE 2025 : le salon d\u00e9di\u00e9 aux \u00e9quipements de tourisme et de loisirs revient\",\"datePublished\":\"2024-12-17T16:28:55+00:00\",\"dateModified\":\"2024-12-17T16:30:04+00:00\",\"mainEntityOfPage\":{\"@id\":\"https:\\\/\\\/www.mondocamping.com\\\/fr\\\/iode-2025-le-salon-dedie-aux-equipements-de-tourisme-et-de-loisirs-revient\\\/\"},\"wordCount\":399,\"publisher\":{\"@id\":\"https:\\\/\\\/www.mondocamping.com\\\/#organization\"},\"image\":{\"@id\":\"https:\\\/\\\/www.mondocamping.com\\\/fr\\\/iode-2025-le-salon-dedie-aux-equipements-de-tourisme-et-de-loisirs-revient\\\/#primaryimage\"},\"thumbnailUrl\":\"https:\\\/\\\/www.mondocamping.com\\\/wp-content\\\/uploads\\\/2024\\\/12\\\/Screenshot-2024-12-17-alle-17.22.18.png\",\"keywords\":[\"camping\",\"camping\",\"France\",\"IODE 2025\",\"Mondo Camping\",\"Nicolas Dayot\",\"Tourisme de plein air\"],\"articleSection\":[\"Actualit\u00e9\"],\"inLanguage\":\"fr-FR\"},{\"@type\":\"WebPage\",\"@id\":\"https:\\\/\\\/www.mondocamping.com\\\/fr\\\/iode-2025-le-salon-dedie-aux-equipements-de-tourisme-et-de-loisirs-revient\\\/\",\"url\":\"https:\\\/\\\/www.mondocamping.com\\\/fr\\\/iode-2025-le-salon-dedie-aux-equipements-de-tourisme-et-de-loisirs-revient\\\/\",\"name\":\"IODE 2025 : le salon d\u00e9di\u00e9 aux \u00e9quipements de tourisme et de loisirs revient\",\"isPartOf\":{\"@id\":\"https:\\\/\\\/www.mondocamping.com\\\/#website\"},\"primaryImageOfPage\":{\"@id\":\"https:\\\/\\\/www.mondocamping.com\\\/fr\\\/iode-2025-le-salon-dedie-aux-equipements-de-tourisme-et-de-loisirs-revient\\\/#primaryimage\"},\"image\":{\"@id\":\"https:\\\/\\\/www.mondocamping.com\\\/fr\\\/iode-2025-le-salon-dedie-aux-equipements-de-tourisme-et-de-loisirs-revient\\\/#primaryimage\"},\"thumbnailUrl\":\"https:\\\/\\\/www.mondocamping.com\\\/wp-content\\\/uploads\\\/2024\\\/12\\\/Screenshot-2024-12-17-alle-17.22.18.png\",\"datePublished\":\"2024-12-17T16:28:55+00:00\",\"dateModified\":\"2024-12-17T16:30:04+00:00\",\"breadcrumb\":{\"@id\":\"https:\\\/\\\/www.mondocamping.com\\\/fr\\\/iode-2025-le-salon-dedie-aux-equipements-de-tourisme-et-de-loisirs-revient\\\/#breadcrumb\"},\"inLanguage\":\"fr-FR\",\"potentialAction\":[{\"@type\":\"ReadAction\",\"target\":[\"https:\\\/\\\/www.mondocamping.com\\\/fr\\\/iode-2025-le-salon-dedie-aux-equipements-de-tourisme-et-de-loisirs-revient\\\/\"]}]},{\"@type\":\"ImageObject\",\"inLanguage\":\"fr-FR\",\"@id\":\"https:\\\/\\\/www.mondocamping.com\\\/fr\\\/iode-2025-le-salon-dedie-aux-equipements-de-tourisme-et-de-loisirs-revient\\\/#primaryimage\",\"url\":\"https:\\\/\\\/www.mondocamping.com\\\/wp-content\\\/uploads\\\/2024\\\/12\\\/Screenshot-2024-12-17-alle-17.22.18.png\",\"contentUrl\":\"https:\\\/\\\/www.mondocamping.com\\\/wp-content\\\/uploads\\\/2024\\\/12\\\/Screenshot-2024-12-17-alle-17.22.18.png\",\"width\":1200,\"height\":628},{\"@type\":\"BreadcrumbList\",\"@id\":\"https:\\\/\\\/www.mondocamping.com\\\/fr\\\/iode-2025-le-salon-dedie-aux-equipements-de-tourisme-et-de-loisirs-revient\\\/#breadcrumb\",\"itemListElement\":[{\"@type\":\"ListItem\",\"position\":1,\"name\":\"Home\",\"item\":\"https:\\\/\\\/www.mondocamping.com\\\/fr\\\/\"},{\"@type\":\"ListItem\",\"position\":2,\"name\":\"IODE 2025 : le salon d\u00e9di\u00e9 aux \u00e9quipements de tourisme et de loisirs revient\"}]},{\"@type\":\"WebSite\",\"@id\":\"https:\\\/\\\/www.mondocamping.com\\\/#website\",\"url\":\"https:\\\/\\\/www.mondocamping.com\\\/\",\"name\":\"Mondo Camping\",\"description\":\"Le portail d\u00e9di\u00e9 aux gestionnaires de campings et villages touristiques\",\"publisher\":{\"@id\":\"https:\\\/\\\/www.mondocamping.com\\\/#organization\"},\"potentialAction\":[{\"@type\":\"SearchAction\",\"target\":{\"@type\":\"EntryPoint\",\"urlTemplate\":\"https:\\\/\\\/www.mondocamping.com\\\/?s={search_term_string}\"},\"query-input\":{\"@type\":\"PropertyValueSpecification\",\"valueRequired\":true,\"valueName\":\"search_term_string\"}}],\"inLanguage\":\"fr-FR\"},{\"@type\":\"Organization\",\"@id\":\"https:\\\/\\\/www.mondocamping.com\\\/#organization\",\"name\":\"Mondo Camping\",\"url\":\"https:\\\/\\\/www.mondocamping.com\\\/\",\"logo\":{\"@type\":\"ImageObject\",\"inLanguage\":\"fr-FR\",\"@id\":\"https:\\\/\\\/www.mondocamping.com\\\/#\\\/schema\\\/logo\\\/image\\\/\",\"url\":\"https:\\\/\\\/www.mondocamping.com\\\/wp-content\\\/uploads\\\/2022\\\/04\\\/mondo-camping-logo-contornato-1.png\",\"contentUrl\":\"https:\\\/\\\/www.mondocamping.com\\\/wp-content\\\/uploads\\\/2022\\\/04\\\/mondo-camping-logo-contornato-1.png\",\"width\":280,\"height\":90,\"caption\":\"Mondo Camping\"},\"image\":{\"@id\":\"https:\\\/\\\/www.mondocamping.com\\\/#\\\/schema\\\/logo\\\/image\\\/\"},\"sameAs\":[\"https:\\\/\\\/www.facebook.com\\\/mondobalneare\",\"https:\\\/\\\/x.com\\\/mondobalneare\",\"https:\\\/\\\/www.instagram.com\\\/mondobalneare\\\/\",\"https:\\\/\\\/www.linkedin.com\\\/company\\\/67180810\\\/\",\"https:\\\/\\\/www.youtube.com\\\/user\\\/mondobalnearevideo\"]},{\"@type\":\"Person\",\"@id\":\"https:\\\/\\\/www.mondocamping.com\\\/#\\\/schema\\\/person\\\/01a031b8c5ef08c2204bb0e696f0a760\",\"name\":\"Mondo Camping\",\"image\":{\"@type\":\"ImageObject\",\"inLanguage\":\"fr-FR\",\"@id\":\"https:\\\/\\\/www.mondocamping.com\\\/wp-content\\\/uploads\\\/2022\\\/05\\\/cropped-icona-MONDO-CAMPING-150x150.png\",\"url\":\"https:\\\/\\\/www.mondocamping.com\\\/wp-content\\\/uploads\\\/2022\\\/05\\\/cropped-icona-MONDO-CAMPING-150x150.png\",\"contentUrl\":\"https:\\\/\\\/www.mondocamping.com\\\/wp-content\\\/uploads\\\/2022\\\/05\\\/cropped-icona-MONDO-CAMPING-150x150.png\",\"caption\":\"Mondo Camping\"},\"sameAs\":[\"https:\\\/\\\/www.mondocamping.com\\\/\",\"https:\\\/\\\/www.facebook.com\\\/mondocamping\"]}]}<\/script>\n<!-- \/ Yoast SEO plugin. -->","yoast_head_json":{"title":"IODE 2025 : le salon d\u00e9di\u00e9 aux \u00e9quipements de tourisme et de loisirs revient","robots":{"index":"index","follow":"follow","max-snippet":"max-snippet:-1","max-image-preview":"max-image-preview:large","max-video-preview":"max-video-preview:-1"},"canonical":"https:\/\/www.mondocamping.com\/fr\/iode-2025-le-salon-dedie-aux-equipements-de-tourisme-et-de-loisirs-revient\/","og_locale":"fr_FR","og_type":"article","og_title":"IODE 2025 : le salon d\u00e9di\u00e9 aux \u00e9quipements de tourisme et de loisirs revient","og_description":"L&rsquo;exposition Exposition IODE 2025 est un salon sp\u00e9cialis\u00e9 dans les \u00e9quipements de plein air, d&rsquo;int\u00e9rieur, de tourisme et de loisirs, tr\u00e8s attractif pour les professionnels et au-del\u00e0. L&rsquo;\u00e9v\u00e9nement fran\u00e7ais symbolise le professionnalisme et l&rsquo;innovation dans ces secteurs, et apr\u00e8s le bilan positif de 2024 qui a enregistr\u00e9 +7% de visiteurs (2140 visiteurs ont franchi les [&hellip;]","og_url":"https:\/\/www.mondocamping.com\/fr\/iode-2025-le-salon-dedie-aux-equipements-de-tourisme-et-de-loisirs-revient\/","og_site_name":"Mondo Camping","article_publisher":"https:\/\/www.facebook.com\/mondobalneare","article_author":"https:\/\/www.facebook.com\/mondocamping","article_published_time":"2024-12-17T16:28:55+00:00","article_modified_time":"2024-12-17T16:30:04+00:00","og_image":[{"width":1200,"height":628,"url":"https:\/\/www.mondocamping.com\/wp-content\/uploads\/2024\/12\/Screenshot-2024-12-17-alle-17.22.18.png","type":"image\/png"}],"author":"Mondo Camping","twitter_card":"summary_large_image","twitter_creator":"@mondobalneare","twitter_site":"@mondobalneare","twitter_misc":{"\u00c9crit par":"Mondo Camping","Dur\u00e9e de lecture estim\u00e9e":"2 minutes"},"schema":{"@context":"https:\/\/schema.org","@graph":[{"@type":"Article","@id":"https:\/\/www.mondocamping.com\/fr\/iode-2025-le-salon-dedie-aux-equipements-de-tourisme-et-de-loisirs-revient\/#article","isPartOf":{"@id":"https:\/\/www.mondocamping.com\/fr\/iode-2025-le-salon-dedie-aux-equipements-de-tourisme-et-de-loisirs-revient\/"},"author":{"name":"Mondo Camping","@id":"https:\/\/www.mondocamping.com\/#\/schema\/person\/01a031b8c5ef08c2204bb0e696f0a760"},"headline":"IODE 2025 : le salon d\u00e9di\u00e9 aux \u00e9quipements de tourisme et de loisirs revient","datePublished":"2024-12-17T16:28:55+00:00","dateModified":"2024-12-17T16:30:04+00:00","mainEntityOfPage":{"@id":"https:\/\/www.mondocamping.com\/fr\/iode-2025-le-salon-dedie-aux-equipements-de-tourisme-et-de-loisirs-revient\/"},"wordCount":399,"publisher":{"@id":"https:\/\/www.mondocamping.com\/#organization"},"image":{"@id":"https:\/\/www.mondocamping.com\/fr\/iode-2025-le-salon-dedie-aux-equipements-de-tourisme-et-de-loisirs-revient\/#primaryimage"},"thumbnailUrl":"https:\/\/www.mondocamping.com\/wp-content\/uploads\/2024\/12\/Screenshot-2024-12-17-alle-17.22.18.png","keywords":["camping","camping","France","IODE 2025","Mondo Camping","Nicolas Dayot","Tourisme de plein air"],"articleSection":["Actualit\u00e9"],"inLanguage":"fr-FR"},{"@type":"WebPage","@id":"https:\/\/www.mondocamping.com\/fr\/iode-2025-le-salon-dedie-aux-equipements-de-tourisme-et-de-loisirs-revient\/","url":"https:\/\/www.mondocamping.com\/fr\/iode-2025-le-salon-dedie-aux-equipements-de-tourisme-et-de-loisirs-revient\/","name":"IODE 2025 : le salon d\u00e9di\u00e9 aux \u00e9quipements de tourisme et de loisirs revient","isPartOf":{"@id":"https:\/\/www.mondocamping.com\/#website"},"primaryImageOfPage":{"@id":"https:\/\/www.mondocamping.com\/fr\/iode-2025-le-salon-dedie-aux-equipements-de-tourisme-et-de-loisirs-revient\/#primaryimage"},"image":{"@id":"https:\/\/www.mondocamping.com\/fr\/iode-2025-le-salon-dedie-aux-equipements-de-tourisme-et-de-loisirs-revient\/#primaryimage"},"thumbnailUrl":"https:\/\/www.mondocamping.com\/wp-content\/uploads\/2024\/12\/Screenshot-2024-12-17-alle-17.22.18.png","datePublished":"2024-12-17T16:28:55+00:00","dateModified":"2024-12-17T16:30:04+00:00","breadcrumb":{"@id":"https:\/\/www.mondocamping.com\/fr\/iode-2025-le-salon-dedie-aux-equipements-de-tourisme-et-de-loisirs-revient\/#breadcrumb"},"inLanguage":"fr-FR","potentialAction":[{"@type":"ReadAction","target":["https:\/\/www.mondocamping.com\/fr\/iode-2025-le-salon-dedie-aux-equipements-de-tourisme-et-de-loisirs-revient\/"]}]},{"@type":"ImageObject","inLanguage":"fr-FR","@id":"https:\/\/www.mondocamping.com\/fr\/iode-2025-le-salon-dedie-aux-equipements-de-tourisme-et-de-loisirs-revient\/#primaryimage","url":"https:\/\/www.mondocamping.com\/wp-content\/uploads\/2024\/12\/Screenshot-2024-12-17-alle-17.22.18.png","contentUrl":"https:\/\/www.mondocamping.com\/wp-content\/uploads\/2024\/12\/Screenshot-2024-12-17-alle-17.22.18.png","width":1200,"height":628},{"@type":"BreadcrumbList","@id":"https:\/\/www.mondocamping.com\/fr\/iode-2025-le-salon-dedie-aux-equipements-de-tourisme-et-de-loisirs-revient\/#breadcrumb","itemListElement":[{"@type":"ListItem","position":1,"name":"Home","item":"https:\/\/www.mondocamping.com\/fr\/"},{"@type":"ListItem","position":2,"name":"IODE 2025 : le salon d\u00e9di\u00e9 aux \u00e9quipements de tourisme et de loisirs revient"}]},{"@type":"WebSite","@id":"https:\/\/www.mondocamping.com\/#website","url":"https:\/\/www.mondocamping.com\/","name":"Mondo Camping","description":"Le portail d\u00e9di\u00e9 aux gestionnaires de campings et villages touristiques","publisher":{"@id":"https:\/\/www.mondocamping.com\/#organization"},"potentialAction":[{"@type":"SearchAction","target":{"@type":"EntryPoint","urlTemplate":"https:\/\/www.mondocamping.com\/?s={search_term_string}"},"query-input":{"@type":"PropertyValueSpecification","valueRequired":true,"valueName":"search_term_string"}}],"inLanguage":"fr-FR"},{"@type":"Organization","@id":"https:\/\/www.mondocamping.com\/#organization","name":"Mondo Camping","url":"https:\/\/www.mondocamping.com\/","logo":{"@type":"ImageObject","inLanguage":"fr-FR","@id":"https:\/\/www.mondocamping.com\/#\/schema\/logo\/image\/","url":"https:\/\/www.mondocamping.com\/wp-content\/uploads\/2022\/04\/mondo-camping-logo-contornato-1.png","contentUrl":"https:\/\/www.mondocamping.com\/wp-content\/uploads\/2022\/04\/mondo-camping-logo-contornato-1.png","width":280,"height":90,"caption":"Mondo Camping"},"image":{"@id":"https:\/\/www.mondocamping.com\/#\/schema\/logo\/image\/"},"sameAs":["https:\/\/www.facebook.com\/mondobalneare","https:\/\/x.com\/mondobalneare","https:\/\/www.instagram.com\/mondobalneare\/","https:\/\/www.linkedin.com\/company\/67180810\/","https:\/\/www.youtube.com\/user\/mondobalnearevideo"]},{"@type":"Person","@id":"https:\/\/www.mondocamping.com\/#\/schema\/person\/01a031b8c5ef08c2204bb0e696f0a760","name":"Mondo Camping","image":{"@type":"ImageObject","inLanguage":"fr-FR","@id":"https:\/\/www.mondocamping.com\/wp-content\/uploads\/2022\/05\/cropped-icona-MONDO-CAMPING-150x150.png","url":"https:\/\/www.mondocamping.com\/wp-content\/uploads\/2022\/05\/cropped-icona-MONDO-CAMPING-150x150.png","contentUrl":"https:\/\/www.mondocamping.com\/wp-content\/uploads\/2022\/05\/cropped-icona-MONDO-CAMPING-150x150.png","caption":"Mondo Camping"},"sameAs":["https:\/\/www.mondocamping.com\/","https:\/\/www.facebook.com\/mondocamping"]}]}},"_links":{"self":[{"href":"https:\/\/www.mondocamping.com\/fr\/wp-json\/wp\/v2\/posts\/172098","targetHints":{"allow":["GET"]}}],"collection":[{"href":"https:\/\/www.mondocamping.com\/fr\/wp-json\/wp\/v2\/posts"}],"about":[{"href":"https:\/\/www.mondocamping.com\/fr\/wp-json\/wp\/v2\/types\/post"}],"author":[{"embeddable":true,"href":"https:\/\/www.mondocamping.com\/fr\/wp-json\/wp\/v2\/users\/5"}],"replies":[{"embeddable":true,"href":"https:\/\/www.mondocamping.com\/fr\/wp-json\/wp\/v2\/comments?post=172098"}],"version-history":[{"count":1,"href":"https:\/\/www.mondocamping.com\/fr\/wp-json\/wp\/v2\/posts\/172098\/revisions"}],"predecessor-version":[{"id":172099,"href":"https:\/\/www.mondocamping.com\/fr\/wp-json\/wp\/v2\/posts\/172098\/revisions\/172099"}],"wp:featuredmedia":[{"embeddable":true,"href":"https:\/\/www.mondocamping.com\/fr\/wp-json\/wp\/v2\/media\/172092"}],"wp:attachment":[{"href":"https:\/\/www.mondocamping.com\/fr\/wp-json\/wp\/v2\/media?parent=172098"}],"wp:term":[{"taxonomy":"category","embeddable":true,"href":"https:\/\/www.mondocamping.com\/fr\/wp-json\/wp\/v2\/categories?post=172098"},{"taxonomy":"post_tag","embeddable":true,"href":"https:\/\/www.mondocamping.com\/fr\/wp-json\/wp\/v2\/tags?post=172098"}],"curies":[{"name":"wp","href":"https:\/\/api.w.org\/{rel}","templated":true}]}}