{"id":172132,"date":"2024-12-19T19:15:12","date_gmt":"2024-12-19T18:15:12","guid":{"rendered":"https:\/\/www.mondocamping.com\/marches-de-noel-a-erice-le-village-sicilien-des-creches\/"},"modified":"2024-12-19T19:15:14","modified_gmt":"2024-12-19T18:15:14","slug":"marches-de-noel-a-erice-le-village-sicilien-des-creches","status":"publish","type":"post","link":"https:\/\/www.mondocamping.com\/fr\/marches-de-noel-a-erice-le-village-sicilien-des-creches\/","title":{"rendered":"March\u00e9s de No\u00ebl \u00e0 Erice, le village sicilien des cr\u00e8ches"},"content":{"rendered":"\n<p>Cette semaine encore, Europa in camping vous emm\u00e8ne en Italie, \u00e0 la d\u00e9couverte d&rsquo;<strong>Erice<\/strong>, un charmant petit bijou de Sicile. Ce charmant village sicilien est perch\u00e9 sur le mont San Giuliano et surplombe la mer. Ce qui le caract\u00e9rise, ce sont les majestueuses <strong>murailles cyclop\u00e9ennes <\/strong>qui enserrent la ville de forme triangulaire qui a conserv\u00e9 sa structure m\u00e9di\u00e9vale : un labyrinthe de rues pav\u00e9es entre des maisons de pierre aux portails histori\u00e9s.    <\/p>\n\n<p>Ce village, l&rsquo;un des plus beaux de la r\u00e9gion et d&rsquo;Italie, aux origines anciennes, est l&rsquo;une des destinations les plus pris\u00e9es des campeurs. Le <strong>ch\u00e2teau de Pepoli et Venus<\/strong>, datant de l&rsquo;\u00e9poque normande, o\u00f9 se trouvent les vestiges du <strong>temple de Venus Ericina<\/strong>, m\u00e9rite une visite. Un syst\u00e8me de fortifications part du manoir et comprend les <strong>tours Balio<\/strong> et la <strong>tour Pepoli<\/strong>, symboles d&rsquo;Erice. Parmi les arr\u00eats dans le centre, ne manquez pas la <strong>Chiesa Matrice<\/strong>, datant de 1314 et d\u00e9di\u00e9e \u00e0 la Vierge de l&rsquo;Assomption, puis promenez-vous le long du <strong>Corso Vittorio Emanuele<\/strong>, habill\u00e9 pour No\u00ebl.     <\/p>\n\n<p><strong>Du 7 d\u00e9cembre au 6 janvier<\/strong>, Erice se transforme en un lieu de merveilles gr\u00e2ce \u00e0 l&rsquo;exposition \u00ab\u00a0Eric\u00e8Natale &#8211; Il borgo dei presepi\u00a0\u00bb (No\u00ebl d&rsquo;Erice &#8211; Le village des cr\u00e8ches).<strong><em> Eric\u00e8Natale &#8211; Il borgo dei presepi\u00a0\u00bb (Erice No\u00ebl &#8211; Le village des cr\u00e8ches)<\/em><\/strong>un calendrier rempli d&rsquo;\u00e9v\u00e9nements, de concerts, d&rsquo;initiatives et de cr\u00e8ches ininterrompues, en particulier dans le domaine de la c\u00e9ramique, mat\u00e9riau traditionnel local, v\u00e9ritable \u0153uvre d&rsquo;art. Vous en trouverez beaucoup dans les \u00e9glises, dans les ruelles et dans les vitrines du village. <\/p>\n\n<p>Erice est consid\u00e9r\u00e9e comme l&rsquo;une des plus belles destinations de Sicile pour vivre la magie des f\u00eates de fin d&rsquo;ann\u00e9e, admirer les <strong>cr\u00e8ches<\/strong> et visiter le<strong> march\u00e9 de No\u00ebl<\/strong>, qui allie la magie des festivit\u00e9s \u00e0 la profonde tradition culturelle de la r\u00e9gion.  <\/p>\n\n<h2 class=\"wp-block-heading\">Eric\u00e8Natale &#8211; Le village des cr\u00e8ches<\/h2>\n\n<p>Les march\u00e9s de No\u00ebl se d\u00e9roulent sur la <strong>Piazza della Loggia<\/strong> et la <strong>Piazzetta San Giuliano <\/strong>.<strong> <\/strong>ouvert de 11 heures \u00e0 20 heures. Parmi les stands, vous trouverez toutes les merveilles de l&rsquo;artisanat local, \u00e0 commencer par les <strong>c\u00e9ramiques<\/strong>: tuiles, vases, cruches, assiettes, visages sarrasins typiques de toute la Sicile, et de nombreux bibelots color\u00e9s. Vous trouverez \u00e9galement des <strong>charrettes, des <\/strong> <strong>marionnettes de <\/strong>toutes tailles. Si, au contraire, vous recherchez un cadeau raffin\u00e9, vous pourrez fl\u00e2ner parmi les \u00e9tals de <strong>bijoux en corail rouge<\/strong>, une mati\u00e8re premi\u00e8re savamment travaill\u00e9e par d&rsquo;habiles artisans qui maintiennent cette pr\u00e9cieuse <strong>tradition de Trapani<\/strong>. Ne manquez pas non plus le <strong>sel<\/strong> qui arrive directement des c\u00e9l\u00e8bres salines de Trapani et de Marsala.      <\/p>\n\n<p>De nombreux stands sont consacr\u00e9s aux d\u00e9lices siciliens. \u00c0 commencer par le savoureux et inusable <strong>busiate<\/strong>, qui est peut-\u00eatre associ\u00e9 \u00e0 l&rsquo;\u00eele de Sicile. <strong> <\/strong>Le c\u00e9l\u00e8bre<strong> pesto trapanais<\/strong> est pr\u00e9sent\u00e9 dans de d\u00e9licieux bocaux qui contiennent tout l&rsquo;ar\u00f4me du basilic et la douceur des amandes. Le <strong>thon <\/strong>en conserve, la <strong>bottarga<\/strong> (\u0153ufs de thon) et la <strong>ficazza<\/strong> (saucisse de thon faite avec les parties arri\u00e8re). Et puis les desserts, de la<strong> cassata<\/strong> \u00e0 la <strong>cassatella<\/strong>, une sorte de <em>ravioli frit<\/em> et sucr\u00e9 servi avec du sucre glace, en passant par les incontournables <strong>cannoli<\/strong> siciliens.  <\/p>\n\n<h2 class=\"wp-block-heading\">\u00c9v\u00e9nements et P\u00e8re No\u00ebl  <\/h2>\n\n<p>Un arr\u00eat \u00e0 <strong>Via Albertina degli Abati<\/strong> o\u00f9 les plus petits pourront <strong>rencontrer le P\u00e8re No\u00ebl <\/strong>dans sa petite maison (de 15h00 \u00e0 20h00). Un riche programme culturel est \u00e9galement propos\u00e9 au <strong>th\u00e9\u00e2tre Gebel Hamed<\/strong> o\u00f9 des concerts de jazz et de gospel animeront les soir\u00e9es.   <\/p>\n\n<p>Il y aura aussi de la musique traditionnelle avec les notes fascinantes des <strong>cornemuses itin\u00e9rantes siciliennes<\/strong>. Leurs m\u00e9lodies accompagneront les visiteurs le long d&rsquo;un parcours de plus de <strong>30 cr\u00e8ches artisanales<\/strong> et serviront de \u00ab\u00a0bande-son\u00a0\u00bb \u00e0 une magnifique <strong>cr\u00e8che vivante <\/strong>le soir du Nouvel An sur la Piazza della Loggia, un beau t\u00e9moignage de la tradition vivante de la nativit\u00e9 en Sicile et de la capacit\u00e9 des communaut\u00e9s locales \u00e0 garder vivante la m\u00e9moire de la Nativit\u00e9. <\/p>\n","protected":false},"excerpt":{"rendered":"<p>Cette semaine encore, Europa in camping vous emm\u00e8ne en Italie, \u00e0 la d\u00e9couverte d&rsquo;Erice, un charmant petit bijou de Sicile. Ce charmant village sicilien est perch\u00e9 sur le mont San Giuliano et surplombe la mer. Ce qui le caract\u00e9rise, ce sont les majestueuses murailles cyclop\u00e9ennes qui enserrent la ville de forme triangulaire qui a conserv\u00e9 [&hellip;]<\/p>\n","protected":false},"author":5,"featured_media":172123,"comment_status":"closed","ping_status":"closed","sticky":false,"template":"","format":"standard","meta":{"_acf_changed":false,"_monsterinsights_skip_tracking":false,"_monsterinsights_sitenote_active":false,"_monsterinsights_sitenote_note":"","_monsterinsights_sitenote_category":0,"footnotes":""},"categories":[6215],"tags":[6605,6707,6622,6706,4079,6650],"class_list":["post-172132","post","type-post","status-publish","format-standard","has-post-thumbnail","hentry","category-leurope-en-camping","tag-camping-car","tag-erice-fr","tag-marches-de-noel","tag-sicile","tag-tourisme-de-plein-air","tag-traditions"],"acf":[],"yoast_head":"<!-- This site is optimized with the Yoast SEO plugin v27.5 - https:\/\/yoast.com\/product\/yoast-seo-wordpress\/ -->\n<title>March\u00e9s de No\u00ebl \u00e0 Erice, le village sicilien des cr\u00e8ches<\/title>\n<meta name=\"robots\" content=\"index, follow, max-snippet:-1, max-image-preview:large, max-video-preview:-1\" \/>\n<link rel=\"canonical\" href=\"https:\/\/www.mondocamping.com\/fr\/marches-de-noel-a-erice-le-village-sicilien-des-creches\/\" \/>\n<meta property=\"og:locale\" content=\"fr_FR\" \/>\n<meta property=\"og:type\" content=\"article\" \/>\n<meta property=\"og:title\" content=\"March\u00e9s de No\u00ebl \u00e0 Erice, le village sicilien des cr\u00e8ches\" \/>\n<meta property=\"og:description\" content=\"Cette semaine encore, Europa in camping vous emm\u00e8ne en Italie, \u00e0 la d\u00e9couverte d&rsquo;Erice, un charmant petit bijou de Sicile. Ce charmant village sicilien est perch\u00e9 sur le mont San Giuliano et surplombe la mer. Ce qui le caract\u00e9rise, ce sont les majestueuses murailles cyclop\u00e9ennes qui enserrent la ville de forme triangulaire qui a conserv\u00e9 [&hellip;]\" \/>\n<meta property=\"og:url\" content=\"https:\/\/www.mondocamping.com\/fr\/marches-de-noel-a-erice-le-village-sicilien-des-creches\/\" \/>\n<meta property=\"og:site_name\" content=\"Mondo Camping\" \/>\n<meta property=\"article:publisher\" content=\"https:\/\/www.facebook.com\/mondobalneare\" \/>\n<meta property=\"article:author\" content=\"https:\/\/www.facebook.com\/mondocamping\" \/>\n<meta property=\"article:published_time\" content=\"2024-12-19T18:15:12+00:00\" \/>\n<meta property=\"article:modified_time\" content=\"2024-12-19T18:15:14+00:00\" \/>\n<meta property=\"og:image\" content=\"https:\/\/www.mondocamping.com\/wp-content\/uploads\/2024\/12\/635a6b27bd7f1a7051b0c9460f68c28bbbd92af5-erice-natale-jpg-29230-1576227149.jpg\" \/>\n\t<meta property=\"og:image:width\" content=\"1200\" \/>\n\t<meta property=\"og:image:height\" content=\"628\" \/>\n\t<meta property=\"og:image:type\" content=\"image\/jpeg\" \/>\n<meta name=\"author\" content=\"Mondo Camping\" \/>\n<meta name=\"twitter:card\" content=\"summary_large_image\" \/>\n<meta name=\"twitter:creator\" content=\"@mondobalneare\" \/>\n<meta name=\"twitter:site\" content=\"@mondobalneare\" \/>\n<meta name=\"twitter:label1\" content=\"\u00c9crit par\" \/>\n\t<meta name=\"twitter:data1\" content=\"Mondo Camping\" \/>\n\t<meta name=\"twitter:label2\" content=\"Dur\u00e9e de lecture estim\u00e9e\" \/>\n\t<meta name=\"twitter:data2\" content=\"3 minutes\" \/>\n<script type=\"application\/ld+json\" class=\"yoast-schema-graph\">{\"@context\":\"https:\\\/\\\/schema.org\",\"@graph\":[{\"@type\":\"Article\",\"@id\":\"https:\\\/\\\/www.mondocamping.com\\\/fr\\\/marches-de-noel-a-erice-le-village-sicilien-des-creches\\\/#article\",\"isPartOf\":{\"@id\":\"https:\\\/\\\/www.mondocamping.com\\\/fr\\\/marches-de-noel-a-erice-le-village-sicilien-des-creches\\\/\"},\"author\":{\"name\":\"Mondo Camping\",\"@id\":\"https:\\\/\\\/www.mondocamping.com\\\/#\\\/schema\\\/person\\\/01a031b8c5ef08c2204bb0e696f0a760\"},\"headline\":\"March\u00e9s de No\u00ebl \u00e0 Erice, le village sicilien des cr\u00e8ches\",\"datePublished\":\"2024-12-19T18:15:12+00:00\",\"dateModified\":\"2024-12-19T18:15:14+00:00\",\"mainEntityOfPage\":{\"@id\":\"https:\\\/\\\/www.mondocamping.com\\\/fr\\\/marches-de-noel-a-erice-le-village-sicilien-des-creches\\\/\"},\"wordCount\":727,\"publisher\":{\"@id\":\"https:\\\/\\\/www.mondocamping.com\\\/#organization\"},\"image\":{\"@id\":\"https:\\\/\\\/www.mondocamping.com\\\/fr\\\/marches-de-noel-a-erice-le-village-sicilien-des-creches\\\/#primaryimage\"},\"thumbnailUrl\":\"https:\\\/\\\/www.mondocamping.com\\\/wp-content\\\/uploads\\\/2024\\\/12\\\/635a6b27bd7f1a7051b0c9460f68c28bbbd92af5-erice-natale-jpg-29230-1576227149.jpg\",\"keywords\":[\"camping-car\",\"Erice\",\"March\u00e9s de No\u00ebl\",\"Sicile\",\"Tourisme de plein air\",\"traditions\"],\"articleSection\":[\"L'Europe en camping\"],\"inLanguage\":\"fr-FR\"},{\"@type\":\"WebPage\",\"@id\":\"https:\\\/\\\/www.mondocamping.com\\\/fr\\\/marches-de-noel-a-erice-le-village-sicilien-des-creches\\\/\",\"url\":\"https:\\\/\\\/www.mondocamping.com\\\/fr\\\/marches-de-noel-a-erice-le-village-sicilien-des-creches\\\/\",\"name\":\"March\u00e9s de No\u00ebl \u00e0 Erice, le village sicilien des cr\u00e8ches\",\"isPartOf\":{\"@id\":\"https:\\\/\\\/www.mondocamping.com\\\/#website\"},\"primaryImageOfPage\":{\"@id\":\"https:\\\/\\\/www.mondocamping.com\\\/fr\\\/marches-de-noel-a-erice-le-village-sicilien-des-creches\\\/#primaryimage\"},\"image\":{\"@id\":\"https:\\\/\\\/www.mondocamping.com\\\/fr\\\/marches-de-noel-a-erice-le-village-sicilien-des-creches\\\/#primaryimage\"},\"thumbnailUrl\":\"https:\\\/\\\/www.mondocamping.com\\\/wp-content\\\/uploads\\\/2024\\\/12\\\/635a6b27bd7f1a7051b0c9460f68c28bbbd92af5-erice-natale-jpg-29230-1576227149.jpg\",\"datePublished\":\"2024-12-19T18:15:12+00:00\",\"dateModified\":\"2024-12-19T18:15:14+00:00\",\"breadcrumb\":{\"@id\":\"https:\\\/\\\/www.mondocamping.com\\\/fr\\\/marches-de-noel-a-erice-le-village-sicilien-des-creches\\\/#breadcrumb\"},\"inLanguage\":\"fr-FR\",\"potentialAction\":[{\"@type\":\"ReadAction\",\"target\":[\"https:\\\/\\\/www.mondocamping.com\\\/fr\\\/marches-de-noel-a-erice-le-village-sicilien-des-creches\\\/\"]}]},{\"@type\":\"ImageObject\",\"inLanguage\":\"fr-FR\",\"@id\":\"https:\\\/\\\/www.mondocamping.com\\\/fr\\\/marches-de-noel-a-erice-le-village-sicilien-des-creches\\\/#primaryimage\",\"url\":\"https:\\\/\\\/www.mondocamping.com\\\/wp-content\\\/uploads\\\/2024\\\/12\\\/635a6b27bd7f1a7051b0c9460f68c28bbbd92af5-erice-natale-jpg-29230-1576227149.jpg\",\"contentUrl\":\"https:\\\/\\\/www.mondocamping.com\\\/wp-content\\\/uploads\\\/2024\\\/12\\\/635a6b27bd7f1a7051b0c9460f68c28bbbd92af5-erice-natale-jpg-29230-1576227149.jpg\",\"width\":1200,\"height\":628,\"caption\":\"Photo credit: Balarm, Erice mercatini di Natale\"},{\"@type\":\"BreadcrumbList\",\"@id\":\"https:\\\/\\\/www.mondocamping.com\\\/fr\\\/marches-de-noel-a-erice-le-village-sicilien-des-creches\\\/#breadcrumb\",\"itemListElement\":[{\"@type\":\"ListItem\",\"position\":1,\"name\":\"Home\",\"item\":\"https:\\\/\\\/www.mondocamping.com\\\/fr\\\/\"},{\"@type\":\"ListItem\",\"position\":2,\"name\":\"March\u00e9s de No\u00ebl \u00e0 Erice, le village sicilien des cr\u00e8ches\"}]},{\"@type\":\"WebSite\",\"@id\":\"https:\\\/\\\/www.mondocamping.com\\\/#website\",\"url\":\"https:\\\/\\\/www.mondocamping.com\\\/\",\"name\":\"Mondo Camping\",\"description\":\"Le portail d\u00e9di\u00e9 aux gestionnaires de campings et villages touristiques\",\"publisher\":{\"@id\":\"https:\\\/\\\/www.mondocamping.com\\\/#organization\"},\"potentialAction\":[{\"@type\":\"SearchAction\",\"target\":{\"@type\":\"EntryPoint\",\"urlTemplate\":\"https:\\\/\\\/www.mondocamping.com\\\/?s={search_term_string}\"},\"query-input\":{\"@type\":\"PropertyValueSpecification\",\"valueRequired\":true,\"valueName\":\"search_term_string\"}}],\"inLanguage\":\"fr-FR\"},{\"@type\":\"Organization\",\"@id\":\"https:\\\/\\\/www.mondocamping.com\\\/#organization\",\"name\":\"Mondo Camping\",\"url\":\"https:\\\/\\\/www.mondocamping.com\\\/\",\"logo\":{\"@type\":\"ImageObject\",\"inLanguage\":\"fr-FR\",\"@id\":\"https:\\\/\\\/www.mondocamping.com\\\/#\\\/schema\\\/logo\\\/image\\\/\",\"url\":\"https:\\\/\\\/www.mondocamping.com\\\/wp-content\\\/uploads\\\/2022\\\/04\\\/mondo-camping-logo-contornato-1.png\",\"contentUrl\":\"https:\\\/\\\/www.mondocamping.com\\\/wp-content\\\/uploads\\\/2022\\\/04\\\/mondo-camping-logo-contornato-1.png\",\"width\":280,\"height\":90,\"caption\":\"Mondo Camping\"},\"image\":{\"@id\":\"https:\\\/\\\/www.mondocamping.com\\\/#\\\/schema\\\/logo\\\/image\\\/\"},\"sameAs\":[\"https:\\\/\\\/www.facebook.com\\\/mondobalneare\",\"https:\\\/\\\/x.com\\\/mondobalneare\",\"https:\\\/\\\/www.instagram.com\\\/mondobalneare\\\/\",\"https:\\\/\\\/www.linkedin.com\\\/company\\\/67180810\\\/\",\"https:\\\/\\\/www.youtube.com\\\/user\\\/mondobalnearevideo\"]},{\"@type\":\"Person\",\"@id\":\"https:\\\/\\\/www.mondocamping.com\\\/#\\\/schema\\\/person\\\/01a031b8c5ef08c2204bb0e696f0a760\",\"name\":\"Mondo Camping\",\"image\":{\"@type\":\"ImageObject\",\"inLanguage\":\"fr-FR\",\"@id\":\"https:\\\/\\\/www.mondocamping.com\\\/wp-content\\\/uploads\\\/2022\\\/05\\\/cropped-icona-MONDO-CAMPING-150x150.png\",\"url\":\"https:\\\/\\\/www.mondocamping.com\\\/wp-content\\\/uploads\\\/2022\\\/05\\\/cropped-icona-MONDO-CAMPING-150x150.png\",\"contentUrl\":\"https:\\\/\\\/www.mondocamping.com\\\/wp-content\\\/uploads\\\/2022\\\/05\\\/cropped-icona-MONDO-CAMPING-150x150.png\",\"caption\":\"Mondo Camping\"},\"sameAs\":[\"https:\\\/\\\/www.mondocamping.com\\\/\",\"https:\\\/\\\/www.facebook.com\\\/mondocamping\"]}]}<\/script>\n<!-- \/ Yoast SEO plugin. -->","yoast_head_json":{"title":"March\u00e9s de No\u00ebl \u00e0 Erice, le village sicilien des cr\u00e8ches","robots":{"index":"index","follow":"follow","max-snippet":"max-snippet:-1","max-image-preview":"max-image-preview:large","max-video-preview":"max-video-preview:-1"},"canonical":"https:\/\/www.mondocamping.com\/fr\/marches-de-noel-a-erice-le-village-sicilien-des-creches\/","og_locale":"fr_FR","og_type":"article","og_title":"March\u00e9s de No\u00ebl \u00e0 Erice, le village sicilien des cr\u00e8ches","og_description":"Cette semaine encore, Europa in camping vous emm\u00e8ne en Italie, \u00e0 la d\u00e9couverte d&rsquo;Erice, un charmant petit bijou de Sicile. Ce charmant village sicilien est perch\u00e9 sur le mont San Giuliano et surplombe la mer. Ce qui le caract\u00e9rise, ce sont les majestueuses murailles cyclop\u00e9ennes qui enserrent la ville de forme triangulaire qui a conserv\u00e9 [&hellip;]","og_url":"https:\/\/www.mondocamping.com\/fr\/marches-de-noel-a-erice-le-village-sicilien-des-creches\/","og_site_name":"Mondo Camping","article_publisher":"https:\/\/www.facebook.com\/mondobalneare","article_author":"https:\/\/www.facebook.com\/mondocamping","article_published_time":"2024-12-19T18:15:12+00:00","article_modified_time":"2024-12-19T18:15:14+00:00","og_image":[{"width":1200,"height":628,"url":"https:\/\/www.mondocamping.com\/wp-content\/uploads\/2024\/12\/635a6b27bd7f1a7051b0c9460f68c28bbbd92af5-erice-natale-jpg-29230-1576227149.jpg","type":"image\/jpeg"}],"author":"Mondo Camping","twitter_card":"summary_large_image","twitter_creator":"@mondobalneare","twitter_site":"@mondobalneare","twitter_misc":{"\u00c9crit par":"Mondo Camping","Dur\u00e9e de lecture estim\u00e9e":"3 minutes"},"schema":{"@context":"https:\/\/schema.org","@graph":[{"@type":"Article","@id":"https:\/\/www.mondocamping.com\/fr\/marches-de-noel-a-erice-le-village-sicilien-des-creches\/#article","isPartOf":{"@id":"https:\/\/www.mondocamping.com\/fr\/marches-de-noel-a-erice-le-village-sicilien-des-creches\/"},"author":{"name":"Mondo Camping","@id":"https:\/\/www.mondocamping.com\/#\/schema\/person\/01a031b8c5ef08c2204bb0e696f0a760"},"headline":"March\u00e9s de No\u00ebl \u00e0 Erice, le village sicilien des cr\u00e8ches","datePublished":"2024-12-19T18:15:12+00:00","dateModified":"2024-12-19T18:15:14+00:00","mainEntityOfPage":{"@id":"https:\/\/www.mondocamping.com\/fr\/marches-de-noel-a-erice-le-village-sicilien-des-creches\/"},"wordCount":727,"publisher":{"@id":"https:\/\/www.mondocamping.com\/#organization"},"image":{"@id":"https:\/\/www.mondocamping.com\/fr\/marches-de-noel-a-erice-le-village-sicilien-des-creches\/#primaryimage"},"thumbnailUrl":"https:\/\/www.mondocamping.com\/wp-content\/uploads\/2024\/12\/635a6b27bd7f1a7051b0c9460f68c28bbbd92af5-erice-natale-jpg-29230-1576227149.jpg","keywords":["camping-car","Erice","March\u00e9s de No\u00ebl","Sicile","Tourisme de plein air","traditions"],"articleSection":["L'Europe en camping"],"inLanguage":"fr-FR"},{"@type":"WebPage","@id":"https:\/\/www.mondocamping.com\/fr\/marches-de-noel-a-erice-le-village-sicilien-des-creches\/","url":"https:\/\/www.mondocamping.com\/fr\/marches-de-noel-a-erice-le-village-sicilien-des-creches\/","name":"March\u00e9s de No\u00ebl \u00e0 Erice, le village sicilien des cr\u00e8ches","isPartOf":{"@id":"https:\/\/www.mondocamping.com\/#website"},"primaryImageOfPage":{"@id":"https:\/\/www.mondocamping.com\/fr\/marches-de-noel-a-erice-le-village-sicilien-des-creches\/#primaryimage"},"image":{"@id":"https:\/\/www.mondocamping.com\/fr\/marches-de-noel-a-erice-le-village-sicilien-des-creches\/#primaryimage"},"thumbnailUrl":"https:\/\/www.mondocamping.com\/wp-content\/uploads\/2024\/12\/635a6b27bd7f1a7051b0c9460f68c28bbbd92af5-erice-natale-jpg-29230-1576227149.jpg","datePublished":"2024-12-19T18:15:12+00:00","dateModified":"2024-12-19T18:15:14+00:00","breadcrumb":{"@id":"https:\/\/www.mondocamping.com\/fr\/marches-de-noel-a-erice-le-village-sicilien-des-creches\/#breadcrumb"},"inLanguage":"fr-FR","potentialAction":[{"@type":"ReadAction","target":["https:\/\/www.mondocamping.com\/fr\/marches-de-noel-a-erice-le-village-sicilien-des-creches\/"]}]},{"@type":"ImageObject","inLanguage":"fr-FR","@id":"https:\/\/www.mondocamping.com\/fr\/marches-de-noel-a-erice-le-village-sicilien-des-creches\/#primaryimage","url":"https:\/\/www.mondocamping.com\/wp-content\/uploads\/2024\/12\/635a6b27bd7f1a7051b0c9460f68c28bbbd92af5-erice-natale-jpg-29230-1576227149.jpg","contentUrl":"https:\/\/www.mondocamping.com\/wp-content\/uploads\/2024\/12\/635a6b27bd7f1a7051b0c9460f68c28bbbd92af5-erice-natale-jpg-29230-1576227149.jpg","width":1200,"height":628,"caption":"Photo credit: Balarm, Erice mercatini di Natale"},{"@type":"BreadcrumbList","@id":"https:\/\/www.mondocamping.com\/fr\/marches-de-noel-a-erice-le-village-sicilien-des-creches\/#breadcrumb","itemListElement":[{"@type":"ListItem","position":1,"name":"Home","item":"https:\/\/www.mondocamping.com\/fr\/"},{"@type":"ListItem","position":2,"name":"March\u00e9s de No\u00ebl \u00e0 Erice, le village sicilien des cr\u00e8ches"}]},{"@type":"WebSite","@id":"https:\/\/www.mondocamping.com\/#website","url":"https:\/\/www.mondocamping.com\/","name":"Mondo Camping","description":"Le portail d\u00e9di\u00e9 aux gestionnaires de campings et villages touristiques","publisher":{"@id":"https:\/\/www.mondocamping.com\/#organization"},"potentialAction":[{"@type":"SearchAction","target":{"@type":"EntryPoint","urlTemplate":"https:\/\/www.mondocamping.com\/?s={search_term_string}"},"query-input":{"@type":"PropertyValueSpecification","valueRequired":true,"valueName":"search_term_string"}}],"inLanguage":"fr-FR"},{"@type":"Organization","@id":"https:\/\/www.mondocamping.com\/#organization","name":"Mondo Camping","url":"https:\/\/www.mondocamping.com\/","logo":{"@type":"ImageObject","inLanguage":"fr-FR","@id":"https:\/\/www.mondocamping.com\/#\/schema\/logo\/image\/","url":"https:\/\/www.mondocamping.com\/wp-content\/uploads\/2022\/04\/mondo-camping-logo-contornato-1.png","contentUrl":"https:\/\/www.mondocamping.com\/wp-content\/uploads\/2022\/04\/mondo-camping-logo-contornato-1.png","width":280,"height":90,"caption":"Mondo Camping"},"image":{"@id":"https:\/\/www.mondocamping.com\/#\/schema\/logo\/image\/"},"sameAs":["https:\/\/www.facebook.com\/mondobalneare","https:\/\/x.com\/mondobalneare","https:\/\/www.instagram.com\/mondobalneare\/","https:\/\/www.linkedin.com\/company\/67180810\/","https:\/\/www.youtube.com\/user\/mondobalnearevideo"]},{"@type":"Person","@id":"https:\/\/www.mondocamping.com\/#\/schema\/person\/01a031b8c5ef08c2204bb0e696f0a760","name":"Mondo Camping","image":{"@type":"ImageObject","inLanguage":"fr-FR","@id":"https:\/\/www.mondocamping.com\/wp-content\/uploads\/2022\/05\/cropped-icona-MONDO-CAMPING-150x150.png","url":"https:\/\/www.mondocamping.com\/wp-content\/uploads\/2022\/05\/cropped-icona-MONDO-CAMPING-150x150.png","contentUrl":"https:\/\/www.mondocamping.com\/wp-content\/uploads\/2022\/05\/cropped-icona-MONDO-CAMPING-150x150.png","caption":"Mondo Camping"},"sameAs":["https:\/\/www.mondocamping.com\/","https:\/\/www.facebook.com\/mondocamping"]}]}},"_links":{"self":[{"href":"https:\/\/www.mondocamping.com\/fr\/wp-json\/wp\/v2\/posts\/172132","targetHints":{"allow":["GET"]}}],"collection":[{"href":"https:\/\/www.mondocamping.com\/fr\/wp-json\/wp\/v2\/posts"}],"about":[{"href":"https:\/\/www.mondocamping.com\/fr\/wp-json\/wp\/v2\/types\/post"}],"author":[{"embeddable":true,"href":"https:\/\/www.mondocamping.com\/fr\/wp-json\/wp\/v2\/users\/5"}],"replies":[{"embeddable":true,"href":"https:\/\/www.mondocamping.com\/fr\/wp-json\/wp\/v2\/comments?post=172132"}],"version-history":[{"count":1,"href":"https:\/\/www.mondocamping.com\/fr\/wp-json\/wp\/v2\/posts\/172132\/revisions"}],"predecessor-version":[{"id":172133,"href":"https:\/\/www.mondocamping.com\/fr\/wp-json\/wp\/v2\/posts\/172132\/revisions\/172133"}],"wp:featuredmedia":[{"embeddable":true,"href":"https:\/\/www.mondocamping.com\/fr\/wp-json\/wp\/v2\/media\/172123"}],"wp:attachment":[{"href":"https:\/\/www.mondocamping.com\/fr\/wp-json\/wp\/v2\/media?parent=172132"}],"wp:term":[{"taxonomy":"category","embeddable":true,"href":"https:\/\/www.mondocamping.com\/fr\/wp-json\/wp\/v2\/categories?post=172132"},{"taxonomy":"post_tag","embeddable":true,"href":"https:\/\/www.mondocamping.com\/fr\/wp-json\/wp\/v2\/tags?post=172132"}],"curies":[{"name":"wp","href":"https:\/\/api.w.org\/{rel}","templated":true}]}}