{"id":172409,"date":"2025-01-15T17:25:38","date_gmt":"2025-01-15T16:25:38","guid":{"rendered":"https:\/\/www.mondocamping.com\/hospitalite-le-salon-de-lhospitalite-du-3-au-6-fevrier-2025\/"},"modified":"2025-01-16T17:20:59","modified_gmt":"2025-01-16T16:20:59","slug":"hospitalite-le-salon-de-lhospitalite-du-3-au-6-fevrier-2025","status":"publish","type":"post","link":"https:\/\/www.mondocamping.com\/fr\/hospitalite-le-salon-de-lhospitalite-du-3-au-6-fevrier-2025\/","title":{"rendered":"Hospitality &#8211; Il Salone dell&rsquo;Accoglienza, du 3 au 6 f\u00e9vrier 2025"},"content":{"rendered":"\n<p>Dans les premiers jours de f\u00e9vrier, l&rsquo;un des \u00e9v\u00e9nements les plus attendus par les professionnels du secteur revient : <a href=\"https:\/\/hospitalityriva.it\/it\"><strong><em>Hospitality &#8211; Il Salone dell&rsquo;Accoglienza<\/em><\/strong><\/a>l&rsquo;\u00e9v\u00e9nement international de r\u00e9f\u00e9rence pour le monde Ho.Re.Ca.<\/p>\n\n<p>Il s&rsquo;agit du<strong> salon B2B le plus complet d&rsquo;Italie<\/strong>, qui se d\u00e9roule dans le cadre magnifique du lac de Garde, l&rsquo;une des principales r\u00e9gions touristiques d&rsquo;Italie. Cette ann\u00e9e encore, le centre d&rsquo;exposition de Riva del Garda r\u00e9unira en un seul \u00e9v\u00e9nement un large \u00e9ventail d&rsquo;entreprises et de professionnels qui trouveront de l&rsquo;espace dans des zones d\u00e9di\u00e9es. Les op\u00e9rateurs du secteur de l&rsquo;h\u00f4tellerie et de la restauration y entreront en contact avec des fournisseurs et des partenaires, et d\u00e9couvriront toutes les innovations qui leur permettront de d\u00e9velopper leur activit\u00e9.   <\/p>\n\n<p>Quatre domaines th\u00e9matiques : <strong><em>Contrat et bien-\u00eatre, R\u00e9novation et technologie, Alimentation et \u00e9quipement<\/em><\/strong> e <strong><em>boissons<\/em><\/strong>. Il existe \u00e9galement des domaines sp\u00e9ciaux : <strong><em>Solobirra, RPM-Riva Pianeta Mixologie<\/em><\/strong> e <strong><em>Winescape<\/em><\/strong> d\u00e9di\u00e9 \u00e0 la promotion de la bi\u00e8re artisanale, des boissons mixtes et de l&rsquo;\u0153notourisme, des brasseries artisanales, des entreprises de spiritueux avec des produits de niche, des caves et des moulins \u00e0 huile qui offriront des services li\u00e9s au tourisme et des produits inspir\u00e9s de leurs territoires d&rsquo;origine. <\/p>\n\n<h2 class=\"wp-block-heading\">Tourisme de plein air et nombreux \u00e9v\u00e9nements programm\u00e9s<\/h2>\n\n<p>Cette ann\u00e9e encore, pour la troisi\u00e8me \u00e9dition cons\u00e9cutive, le <strong>tourisme en plein air<\/strong> sera \u00e0 l&rsquo;honneur en occupant les espaces du <strong>hall A2<\/strong>: cette ann\u00e9e encore, 2025, le<strong><em>Outdoor Boom<\/em><\/strong> sanctionnera l&rsquo;accord entre le salon et FAITA-FederCamping. <\/p>\n\n<p><em>Hospitality &#8211; Il Salone dell&rsquo;Accoglienza <\/em> est une vitrine importante pour les exposants s\u00e9lectionn\u00e9s et HoReCa excellences, un rendez-vous tr\u00e8s attendu pour d\u00e9velopper les opportunit\u00e9s de r\u00e9seautage entre les op\u00e9rateurs de l&rsquo;industrie et les acheteurs nationaux et internationaux. <\/p>\n\n<p>Un riche calendrier de r\u00e9unions permet d&rsquo;explorer les sujets les plus actuels et les plus int\u00e9ressants du secteur, et un programme de s\u00e9minaires de formation est d\u00e9di\u00e9 aux professionnels de l&rsquo;h\u00f4tellerie et de la restauration. Les \u00e9v\u00e9nements offrent donc de nombreuses possibilit\u00e9s de formation et de mise \u00e0 jour, ainsi que des opportunit\u00e9s int\u00e9ressantes et engageantes telles que des ateliers, des classes de ma\u00eetre, des d\u00e9gustations et des spectacles de cuisine. <\/p>\n\n<h2 class=\"wp-block-heading\">Edition 2025, de plus en plus de technologies<br\/><\/h2>\n\n<p>Apr\u00e8s l&rsquo;\u00e9dition de l&rsquo;ann\u00e9e derni\u00e8re qui a accueilli 861 exposants, 20 000 visiteurs, 175 leaders d&rsquo;opinion et 140 \u00e9v\u00e9nements de formation, <em>Hospitality &#8211; Il Salone dell&rsquo;Accoglienza 2025 <\/em>se pr\u00e9pare \u00e0 lever le rideau sur une \u00e9dition encore plus en phase avec son temps : le num\u00e9rique fera partie int\u00e9grante de l&rsquo;exp\u00e9rience du salon gr\u00e2ce \u00e0 <strong><em>Hospitality Digital Space<\/em><\/strong>l&rsquo;application-plateforme qui augmente les opportunit\u00e9s d&rsquo;affaires entre les participants.<\/p>\n\n<p>Une vitrine virtuelle interactive o\u00f9 vous pouvez g\u00e9rer vos rendez-vous, faire du r\u00e9seautage avant, pendant et apr\u00e8s le salon, consulter le catalogue des produits et le programme complet de l&rsquo;\u00e9v\u00e9nement. La solution id\u00e9ale pour tout avoir \u00e0 port\u00e9e de main ! <\/p>\n\n<p><\/p>\n","protected":false},"excerpt":{"rendered":"<p>Dans les premiers jours de f\u00e9vrier, l&rsquo;un des \u00e9v\u00e9nements les plus attendus par les professionnels du secteur revient : Hospitality &#8211; Il Salone dell&rsquo;Accoglienzal&rsquo;\u00e9v\u00e9nement international de r\u00e9f\u00e9rence pour le monde Ho.Re.Ca. Il s&rsquo;agit du salon B2B le plus complet d&rsquo;Italie, qui se d\u00e9roule dans le cadre magnifique du lac de Garde, l&rsquo;une des principales r\u00e9gions [&hellip;]<\/p>\n","protected":false},"author":5,"featured_media":172378,"comment_status":"closed","ping_status":"closed","sticky":false,"template":"","format":"standard","meta":{"_acf_changed":false,"_monsterinsights_skip_tracking":false,"_monsterinsights_sitenote_active":false,"_monsterinsights_sitenote_note":"","_monsterinsights_sitenote_category":0,"footnotes":""},"categories":[4024],"tags":[3753,1761,5374,6793,3856,6786,4079],"class_list":["post-172409","post","type-post","status-publish","format-standard","has-post-thumbnail","hentry","category-actualite","tag-camping","tag-faita-federcamping","tag-ho-re-ca","tag-hospitalite-le-salon-de-lhospitalite","tag-mondo-camping","tag-riva-del-garda","tag-tourisme-de-plein-air"],"acf":[],"yoast_head":"<!-- This site is optimized with the Yoast SEO plugin v27.5 - https:\/\/yoast.com\/product\/yoast-seo-wordpress\/ -->\n<title>Hospitality - Il Salone dell&#039;Accoglienza, du 3 au 6 f\u00e9vrier 2025<\/title>\n<meta name=\"robots\" content=\"index, follow, max-snippet:-1, max-image-preview:large, max-video-preview:-1\" \/>\n<link rel=\"canonical\" href=\"https:\/\/www.mondocamping.com\/fr\/hospitalite-le-salon-de-lhospitalite-du-3-au-6-fevrier-2025\/\" \/>\n<meta property=\"og:locale\" content=\"fr_FR\" \/>\n<meta property=\"og:type\" content=\"article\" \/>\n<meta property=\"og:title\" content=\"Hospitality - Il Salone dell&#039;Accoglienza, du 3 au 6 f\u00e9vrier 2025\" \/>\n<meta property=\"og:description\" content=\"Dans les premiers jours de f\u00e9vrier, l&rsquo;un des \u00e9v\u00e9nements les plus attendus par les professionnels du secteur revient : Hospitality &#8211; Il Salone dell&rsquo;Accoglienzal&rsquo;\u00e9v\u00e9nement international de r\u00e9f\u00e9rence pour le monde Ho.Re.Ca. Il s&rsquo;agit du salon B2B le plus complet d&rsquo;Italie, qui se d\u00e9roule dans le cadre magnifique du lac de Garde, l&rsquo;une des principales r\u00e9gions [&hellip;]\" \/>\n<meta property=\"og:url\" content=\"https:\/\/www.mondocamping.com\/fr\/hospitalite-le-salon-de-lhospitalite-du-3-au-6-fevrier-2025\/\" \/>\n<meta property=\"og:site_name\" content=\"Mondo Camping\" \/>\n<meta property=\"article:publisher\" content=\"https:\/\/www.facebook.com\/mondobalneare\" \/>\n<meta property=\"article:author\" content=\"https:\/\/www.facebook.com\/mondocamping\" \/>\n<meta property=\"article:published_time\" content=\"2025-01-15T16:25:38+00:00\" \/>\n<meta property=\"article:modified_time\" content=\"2025-01-16T16:20:59+00:00\" \/>\n<meta property=\"og:image\" content=\"https:\/\/www.mondocamping.com\/wp-content\/uploads\/2025\/01\/Screenshot-2025-01-14-alle-18.03.26.png\" \/>\n\t<meta property=\"og:image:width\" content=\"1200\" \/>\n\t<meta property=\"og:image:height\" content=\"628\" \/>\n\t<meta property=\"og:image:type\" content=\"image\/png\" \/>\n<meta name=\"author\" content=\"Mondo Camping\" \/>\n<meta name=\"twitter:card\" content=\"summary_large_image\" \/>\n<meta name=\"twitter:creator\" content=\"@mondobalneare\" \/>\n<meta name=\"twitter:site\" content=\"@mondobalneare\" \/>\n<meta name=\"twitter:label1\" content=\"\u00c9crit par\" \/>\n\t<meta name=\"twitter:data1\" content=\"Mondo Camping\" \/>\n\t<meta name=\"twitter:label2\" content=\"Dur\u00e9e de lecture estim\u00e9e\" \/>\n\t<meta name=\"twitter:data2\" content=\"3 minutes\" \/>\n<script type=\"application\/ld+json\" class=\"yoast-schema-graph\">{\"@context\":\"https:\\\/\\\/schema.org\",\"@graph\":[{\"@type\":\"Article\",\"@id\":\"https:\\\/\\\/www.mondocamping.com\\\/fr\\\/hospitalite-le-salon-de-lhospitalite-du-3-au-6-fevrier-2025\\\/#article\",\"isPartOf\":{\"@id\":\"https:\\\/\\\/www.mondocamping.com\\\/fr\\\/hospitalite-le-salon-de-lhospitalite-du-3-au-6-fevrier-2025\\\/\"},\"author\":{\"name\":\"Mondo Camping\",\"@id\":\"https:\\\/\\\/www.mondocamping.com\\\/#\\\/schema\\\/person\\\/01a031b8c5ef08c2204bb0e696f0a760\"},\"headline\":\"Hospitality &#8211; Il Salone dell&rsquo;Accoglienza, du 3 au 6 f\u00e9vrier 2025\",\"datePublished\":\"2025-01-15T16:25:38+00:00\",\"dateModified\":\"2025-01-16T16:20:59+00:00\",\"mainEntityOfPage\":{\"@id\":\"https:\\\/\\\/www.mondocamping.com\\\/fr\\\/hospitalite-le-salon-de-lhospitalite-du-3-au-6-fevrier-2025\\\/\"},\"wordCount\":549,\"publisher\":{\"@id\":\"https:\\\/\\\/www.mondocamping.com\\\/#organization\"},\"image\":{\"@id\":\"https:\\\/\\\/www.mondocamping.com\\\/fr\\\/hospitalite-le-salon-de-lhospitalite-du-3-au-6-fevrier-2025\\\/#primaryimage\"},\"thumbnailUrl\":\"https:\\\/\\\/www.mondocamping.com\\\/wp-content\\\/uploads\\\/2025\\\/01\\\/Screenshot-2025-01-14-alle-18.03.26.png\",\"keywords\":[\"camping\",\"Faita Federcamping\",\"Ho.Re.Ca\",\"Hospitalit\u00e9 - Le salon de l'hospitalit\u00e9\",\"Mondo Camping\",\"Riva Del Garda\",\"Tourisme de plein air\"],\"articleSection\":[\"Actualit\u00e9\"],\"inLanguage\":\"fr-FR\"},{\"@type\":\"WebPage\",\"@id\":\"https:\\\/\\\/www.mondocamping.com\\\/fr\\\/hospitalite-le-salon-de-lhospitalite-du-3-au-6-fevrier-2025\\\/\",\"url\":\"https:\\\/\\\/www.mondocamping.com\\\/fr\\\/hospitalite-le-salon-de-lhospitalite-du-3-au-6-fevrier-2025\\\/\",\"name\":\"Hospitality - Il Salone dell'Accoglienza, du 3 au 6 f\u00e9vrier 2025\",\"isPartOf\":{\"@id\":\"https:\\\/\\\/www.mondocamping.com\\\/#website\"},\"primaryImageOfPage\":{\"@id\":\"https:\\\/\\\/www.mondocamping.com\\\/fr\\\/hospitalite-le-salon-de-lhospitalite-du-3-au-6-fevrier-2025\\\/#primaryimage\"},\"image\":{\"@id\":\"https:\\\/\\\/www.mondocamping.com\\\/fr\\\/hospitalite-le-salon-de-lhospitalite-du-3-au-6-fevrier-2025\\\/#primaryimage\"},\"thumbnailUrl\":\"https:\\\/\\\/www.mondocamping.com\\\/wp-content\\\/uploads\\\/2025\\\/01\\\/Screenshot-2025-01-14-alle-18.03.26.png\",\"datePublished\":\"2025-01-15T16:25:38+00:00\",\"dateModified\":\"2025-01-16T16:20:59+00:00\",\"breadcrumb\":{\"@id\":\"https:\\\/\\\/www.mondocamping.com\\\/fr\\\/hospitalite-le-salon-de-lhospitalite-du-3-au-6-fevrier-2025\\\/#breadcrumb\"},\"inLanguage\":\"fr-FR\",\"potentialAction\":[{\"@type\":\"ReadAction\",\"target\":[\"https:\\\/\\\/www.mondocamping.com\\\/fr\\\/hospitalite-le-salon-de-lhospitalite-du-3-au-6-fevrier-2025\\\/\"]}]},{\"@type\":\"ImageObject\",\"inLanguage\":\"fr-FR\",\"@id\":\"https:\\\/\\\/www.mondocamping.com\\\/fr\\\/hospitalite-le-salon-de-lhospitalite-du-3-au-6-fevrier-2025\\\/#primaryimage\",\"url\":\"https:\\\/\\\/www.mondocamping.com\\\/wp-content\\\/uploads\\\/2025\\\/01\\\/Screenshot-2025-01-14-alle-18.03.26.png\",\"contentUrl\":\"https:\\\/\\\/www.mondocamping.com\\\/wp-content\\\/uploads\\\/2025\\\/01\\\/Screenshot-2025-01-14-alle-18.03.26.png\",\"width\":1200,\"height\":628,\"caption\":\"Photo credit: hospitalityriva.it\"},{\"@type\":\"BreadcrumbList\",\"@id\":\"https:\\\/\\\/www.mondocamping.com\\\/fr\\\/hospitalite-le-salon-de-lhospitalite-du-3-au-6-fevrier-2025\\\/#breadcrumb\",\"itemListElement\":[{\"@type\":\"ListItem\",\"position\":1,\"name\":\"Home\",\"item\":\"https:\\\/\\\/www.mondocamping.com\\\/fr\\\/\"},{\"@type\":\"ListItem\",\"position\":2,\"name\":\"Hospitality &#8211; Il Salone dell&rsquo;Accoglienza, du 3 au 6 f\u00e9vrier 2025\"}]},{\"@type\":\"WebSite\",\"@id\":\"https:\\\/\\\/www.mondocamping.com\\\/#website\",\"url\":\"https:\\\/\\\/www.mondocamping.com\\\/\",\"name\":\"Mondo Camping\",\"description\":\"Le portail d\u00e9di\u00e9 aux gestionnaires de campings et villages touristiques\",\"publisher\":{\"@id\":\"https:\\\/\\\/www.mondocamping.com\\\/#organization\"},\"potentialAction\":[{\"@type\":\"SearchAction\",\"target\":{\"@type\":\"EntryPoint\",\"urlTemplate\":\"https:\\\/\\\/www.mondocamping.com\\\/?s={search_term_string}\"},\"query-input\":{\"@type\":\"PropertyValueSpecification\",\"valueRequired\":true,\"valueName\":\"search_term_string\"}}],\"inLanguage\":\"fr-FR\"},{\"@type\":\"Organization\",\"@id\":\"https:\\\/\\\/www.mondocamping.com\\\/#organization\",\"name\":\"Mondo Camping\",\"url\":\"https:\\\/\\\/www.mondocamping.com\\\/\",\"logo\":{\"@type\":\"ImageObject\",\"inLanguage\":\"fr-FR\",\"@id\":\"https:\\\/\\\/www.mondocamping.com\\\/#\\\/schema\\\/logo\\\/image\\\/\",\"url\":\"https:\\\/\\\/www.mondocamping.com\\\/wp-content\\\/uploads\\\/2022\\\/04\\\/mondo-camping-logo-contornato-1.png\",\"contentUrl\":\"https:\\\/\\\/www.mondocamping.com\\\/wp-content\\\/uploads\\\/2022\\\/04\\\/mondo-camping-logo-contornato-1.png\",\"width\":280,\"height\":90,\"caption\":\"Mondo Camping\"},\"image\":{\"@id\":\"https:\\\/\\\/www.mondocamping.com\\\/#\\\/schema\\\/logo\\\/image\\\/\"},\"sameAs\":[\"https:\\\/\\\/www.facebook.com\\\/mondobalneare\",\"https:\\\/\\\/x.com\\\/mondobalneare\",\"https:\\\/\\\/www.instagram.com\\\/mondobalneare\\\/\",\"https:\\\/\\\/www.linkedin.com\\\/company\\\/67180810\\\/\",\"https:\\\/\\\/www.youtube.com\\\/user\\\/mondobalnearevideo\"]},{\"@type\":\"Person\",\"@id\":\"https:\\\/\\\/www.mondocamping.com\\\/#\\\/schema\\\/person\\\/01a031b8c5ef08c2204bb0e696f0a760\",\"name\":\"Mondo Camping\",\"image\":{\"@type\":\"ImageObject\",\"inLanguage\":\"fr-FR\",\"@id\":\"https:\\\/\\\/www.mondocamping.com\\\/wp-content\\\/uploads\\\/2022\\\/05\\\/cropped-icona-MONDO-CAMPING-150x150.png\",\"url\":\"https:\\\/\\\/www.mondocamping.com\\\/wp-content\\\/uploads\\\/2022\\\/05\\\/cropped-icona-MONDO-CAMPING-150x150.png\",\"contentUrl\":\"https:\\\/\\\/www.mondocamping.com\\\/wp-content\\\/uploads\\\/2022\\\/05\\\/cropped-icona-MONDO-CAMPING-150x150.png\",\"caption\":\"Mondo Camping\"},\"sameAs\":[\"https:\\\/\\\/www.mondocamping.com\\\/\",\"https:\\\/\\\/www.facebook.com\\\/mondocamping\"]}]}<\/script>\n<!-- \/ Yoast SEO plugin. -->","yoast_head_json":{"title":"Hospitality - Il Salone dell'Accoglienza, du 3 au 6 f\u00e9vrier 2025","robots":{"index":"index","follow":"follow","max-snippet":"max-snippet:-1","max-image-preview":"max-image-preview:large","max-video-preview":"max-video-preview:-1"},"canonical":"https:\/\/www.mondocamping.com\/fr\/hospitalite-le-salon-de-lhospitalite-du-3-au-6-fevrier-2025\/","og_locale":"fr_FR","og_type":"article","og_title":"Hospitality - Il Salone dell'Accoglienza, du 3 au 6 f\u00e9vrier 2025","og_description":"Dans les premiers jours de f\u00e9vrier, l&rsquo;un des \u00e9v\u00e9nements les plus attendus par les professionnels du secteur revient : Hospitality &#8211; Il Salone dell&rsquo;Accoglienzal&rsquo;\u00e9v\u00e9nement international de r\u00e9f\u00e9rence pour le monde Ho.Re.Ca. Il s&rsquo;agit du salon B2B le plus complet d&rsquo;Italie, qui se d\u00e9roule dans le cadre magnifique du lac de Garde, l&rsquo;une des principales r\u00e9gions [&hellip;]","og_url":"https:\/\/www.mondocamping.com\/fr\/hospitalite-le-salon-de-lhospitalite-du-3-au-6-fevrier-2025\/","og_site_name":"Mondo Camping","article_publisher":"https:\/\/www.facebook.com\/mondobalneare","article_author":"https:\/\/www.facebook.com\/mondocamping","article_published_time":"2025-01-15T16:25:38+00:00","article_modified_time":"2025-01-16T16:20:59+00:00","og_image":[{"width":1200,"height":628,"url":"https:\/\/www.mondocamping.com\/wp-content\/uploads\/2025\/01\/Screenshot-2025-01-14-alle-18.03.26.png","type":"image\/png"}],"author":"Mondo Camping","twitter_card":"summary_large_image","twitter_creator":"@mondobalneare","twitter_site":"@mondobalneare","twitter_misc":{"\u00c9crit par":"Mondo Camping","Dur\u00e9e de lecture estim\u00e9e":"3 minutes"},"schema":{"@context":"https:\/\/schema.org","@graph":[{"@type":"Article","@id":"https:\/\/www.mondocamping.com\/fr\/hospitalite-le-salon-de-lhospitalite-du-3-au-6-fevrier-2025\/#article","isPartOf":{"@id":"https:\/\/www.mondocamping.com\/fr\/hospitalite-le-salon-de-lhospitalite-du-3-au-6-fevrier-2025\/"},"author":{"name":"Mondo Camping","@id":"https:\/\/www.mondocamping.com\/#\/schema\/person\/01a031b8c5ef08c2204bb0e696f0a760"},"headline":"Hospitality &#8211; Il Salone dell&rsquo;Accoglienza, du 3 au 6 f\u00e9vrier 2025","datePublished":"2025-01-15T16:25:38+00:00","dateModified":"2025-01-16T16:20:59+00:00","mainEntityOfPage":{"@id":"https:\/\/www.mondocamping.com\/fr\/hospitalite-le-salon-de-lhospitalite-du-3-au-6-fevrier-2025\/"},"wordCount":549,"publisher":{"@id":"https:\/\/www.mondocamping.com\/#organization"},"image":{"@id":"https:\/\/www.mondocamping.com\/fr\/hospitalite-le-salon-de-lhospitalite-du-3-au-6-fevrier-2025\/#primaryimage"},"thumbnailUrl":"https:\/\/www.mondocamping.com\/wp-content\/uploads\/2025\/01\/Screenshot-2025-01-14-alle-18.03.26.png","keywords":["camping","Faita Federcamping","Ho.Re.Ca","Hospitalit\u00e9 - Le salon de l'hospitalit\u00e9","Mondo Camping","Riva Del Garda","Tourisme de plein air"],"articleSection":["Actualit\u00e9"],"inLanguage":"fr-FR"},{"@type":"WebPage","@id":"https:\/\/www.mondocamping.com\/fr\/hospitalite-le-salon-de-lhospitalite-du-3-au-6-fevrier-2025\/","url":"https:\/\/www.mondocamping.com\/fr\/hospitalite-le-salon-de-lhospitalite-du-3-au-6-fevrier-2025\/","name":"Hospitality - Il Salone dell'Accoglienza, du 3 au 6 f\u00e9vrier 2025","isPartOf":{"@id":"https:\/\/www.mondocamping.com\/#website"},"primaryImageOfPage":{"@id":"https:\/\/www.mondocamping.com\/fr\/hospitalite-le-salon-de-lhospitalite-du-3-au-6-fevrier-2025\/#primaryimage"},"image":{"@id":"https:\/\/www.mondocamping.com\/fr\/hospitalite-le-salon-de-lhospitalite-du-3-au-6-fevrier-2025\/#primaryimage"},"thumbnailUrl":"https:\/\/www.mondocamping.com\/wp-content\/uploads\/2025\/01\/Screenshot-2025-01-14-alle-18.03.26.png","datePublished":"2025-01-15T16:25:38+00:00","dateModified":"2025-01-16T16:20:59+00:00","breadcrumb":{"@id":"https:\/\/www.mondocamping.com\/fr\/hospitalite-le-salon-de-lhospitalite-du-3-au-6-fevrier-2025\/#breadcrumb"},"inLanguage":"fr-FR","potentialAction":[{"@type":"ReadAction","target":["https:\/\/www.mondocamping.com\/fr\/hospitalite-le-salon-de-lhospitalite-du-3-au-6-fevrier-2025\/"]}]},{"@type":"ImageObject","inLanguage":"fr-FR","@id":"https:\/\/www.mondocamping.com\/fr\/hospitalite-le-salon-de-lhospitalite-du-3-au-6-fevrier-2025\/#primaryimage","url":"https:\/\/www.mondocamping.com\/wp-content\/uploads\/2025\/01\/Screenshot-2025-01-14-alle-18.03.26.png","contentUrl":"https:\/\/www.mondocamping.com\/wp-content\/uploads\/2025\/01\/Screenshot-2025-01-14-alle-18.03.26.png","width":1200,"height":628,"caption":"Photo credit: hospitalityriva.it"},{"@type":"BreadcrumbList","@id":"https:\/\/www.mondocamping.com\/fr\/hospitalite-le-salon-de-lhospitalite-du-3-au-6-fevrier-2025\/#breadcrumb","itemListElement":[{"@type":"ListItem","position":1,"name":"Home","item":"https:\/\/www.mondocamping.com\/fr\/"},{"@type":"ListItem","position":2,"name":"Hospitality &#8211; Il Salone dell&rsquo;Accoglienza, du 3 au 6 f\u00e9vrier 2025"}]},{"@type":"WebSite","@id":"https:\/\/www.mondocamping.com\/#website","url":"https:\/\/www.mondocamping.com\/","name":"Mondo Camping","description":"Le portail d\u00e9di\u00e9 aux gestionnaires de campings et villages touristiques","publisher":{"@id":"https:\/\/www.mondocamping.com\/#organization"},"potentialAction":[{"@type":"SearchAction","target":{"@type":"EntryPoint","urlTemplate":"https:\/\/www.mondocamping.com\/?s={search_term_string}"},"query-input":{"@type":"PropertyValueSpecification","valueRequired":true,"valueName":"search_term_string"}}],"inLanguage":"fr-FR"},{"@type":"Organization","@id":"https:\/\/www.mondocamping.com\/#organization","name":"Mondo Camping","url":"https:\/\/www.mondocamping.com\/","logo":{"@type":"ImageObject","inLanguage":"fr-FR","@id":"https:\/\/www.mondocamping.com\/#\/schema\/logo\/image\/","url":"https:\/\/www.mondocamping.com\/wp-content\/uploads\/2022\/04\/mondo-camping-logo-contornato-1.png","contentUrl":"https:\/\/www.mondocamping.com\/wp-content\/uploads\/2022\/04\/mondo-camping-logo-contornato-1.png","width":280,"height":90,"caption":"Mondo Camping"},"image":{"@id":"https:\/\/www.mondocamping.com\/#\/schema\/logo\/image\/"},"sameAs":["https:\/\/www.facebook.com\/mondobalneare","https:\/\/x.com\/mondobalneare","https:\/\/www.instagram.com\/mondobalneare\/","https:\/\/www.linkedin.com\/company\/67180810\/","https:\/\/www.youtube.com\/user\/mondobalnearevideo"]},{"@type":"Person","@id":"https:\/\/www.mondocamping.com\/#\/schema\/person\/01a031b8c5ef08c2204bb0e696f0a760","name":"Mondo Camping","image":{"@type":"ImageObject","inLanguage":"fr-FR","@id":"https:\/\/www.mondocamping.com\/wp-content\/uploads\/2022\/05\/cropped-icona-MONDO-CAMPING-150x150.png","url":"https:\/\/www.mondocamping.com\/wp-content\/uploads\/2022\/05\/cropped-icona-MONDO-CAMPING-150x150.png","contentUrl":"https:\/\/www.mondocamping.com\/wp-content\/uploads\/2022\/05\/cropped-icona-MONDO-CAMPING-150x150.png","caption":"Mondo Camping"},"sameAs":["https:\/\/www.mondocamping.com\/","https:\/\/www.facebook.com\/mondocamping"]}]}},"_links":{"self":[{"href":"https:\/\/www.mondocamping.com\/fr\/wp-json\/wp\/v2\/posts\/172409","targetHints":{"allow":["GET"]}}],"collection":[{"href":"https:\/\/www.mondocamping.com\/fr\/wp-json\/wp\/v2\/posts"}],"about":[{"href":"https:\/\/www.mondocamping.com\/fr\/wp-json\/wp\/v2\/types\/post"}],"author":[{"embeddable":true,"href":"https:\/\/www.mondocamping.com\/fr\/wp-json\/wp\/v2\/users\/5"}],"replies":[{"embeddable":true,"href":"https:\/\/www.mondocamping.com\/fr\/wp-json\/wp\/v2\/comments?post=172409"}],"version-history":[{"count":3,"href":"https:\/\/www.mondocamping.com\/fr\/wp-json\/wp\/v2\/posts\/172409\/revisions"}],"predecessor-version":[{"id":172435,"href":"https:\/\/www.mondocamping.com\/fr\/wp-json\/wp\/v2\/posts\/172409\/revisions\/172435"}],"wp:featuredmedia":[{"embeddable":true,"href":"https:\/\/www.mondocamping.com\/fr\/wp-json\/wp\/v2\/media\/172378"}],"wp:attachment":[{"href":"https:\/\/www.mondocamping.com\/fr\/wp-json\/wp\/v2\/media?parent=172409"}],"wp:term":[{"taxonomy":"category","embeddable":true,"href":"https:\/\/www.mondocamping.com\/fr\/wp-json\/wp\/v2\/categories?post=172409"},{"taxonomy":"post_tag","embeddable":true,"href":"https:\/\/www.mondocamping.com\/fr\/wp-json\/wp\/v2\/tags?post=172409"}],"curies":[{"name":"wp","href":"https:\/\/api.w.org\/{rel}","templated":true}]}}