{"id":172636,"date":"2025-01-30T13:27:46","date_gmt":"2025-01-30T12:27:46","guid":{"rendered":"https:\/\/www.mondocamping.com\/hospitalite-le-salon-de-lhospitalite-de-nombreuses-nouveautes-et-le-lancement-du-format-h-experience\/"},"modified":"2025-01-30T13:27:49","modified_gmt":"2025-01-30T12:27:49","slug":"hospitalite-le-salon-de-lhospitalite-de-nombreuses-nouveautes-et-le-lancement-du-format-h-experience","status":"publish","type":"post","link":"https:\/\/www.mondocamping.com\/fr\/hospitalite-le-salon-de-lhospitalite-de-nombreuses-nouveautes-et-le-lancement-du-format-h-experience\/","title":{"rendered":"Hospitalit\u00e9 &#8211; Le salon de l&rsquo;hospitalit\u00e9, de nombreuses nouveaut\u00e9s et le lancement du format H EXPERIENCE"},"content":{"rendered":"\n<p>La semaine prochaine, le rideau se l\u00e8ve sur <a href=\"https:\/\/hospitalityriva.it\/it\" target=\"_blank\" rel=\"noreferrer noopener\"><strong>L&rsquo;hospitalit\u00e9 &#8211; Le spectacle de l&rsquo;hospitalit\u00e9<\/strong><\/a>,<strong> <\/strong>qui se tiendra au parc des expositions de <strong>Riva del Garda<\/strong>, dans la province de Trente. L&rsquo;\u00e9v\u00e9nement d\u00e9butera \u00e0 11 heures par le d\u00e9bat suivant <strong><em>\u00ab\u00a0L&rsquo;hospitalit\u00e9 &#8211; l&rsquo;industrie des personnes\u00a0\u00bb.<\/em><\/strong>un voyage dans le pr\u00e9sent et l&rsquo;avenir de l&rsquo;hospitalit\u00e9. <\/p>\n\n<p>Quelques chiffres : <strong>45 000 m\u00e8tres carr\u00e9s d&rsquo;espace d&rsquo;exposition<\/strong>, plus de <strong>750 exposants <\/strong>et plus de <strong>100 \u00e9v\u00e9nements <\/strong>dans <strong>8 ar\u00e8nes <\/strong>et <strong>1 sc\u00e8ne principale.<\/strong> Les d\u00e9buts du format<strong> H EXPERIENCE <\/strong>et les nouvelles ar\u00e8nes \u00e0 th\u00e8me pour les \u00e9v\u00e9nements de formation de la H Academy sont tr\u00e8s attendus. <\/p>\n\n<p>Cette \u00e9dition se concentre \u00e9galement sur le <strong>tourisme en plein air, l&rsquo;<\/strong>un des secteurs les plus dynamiques et en pleine croissance de toute l&rsquo;industrie italienne, et les propositions et le contenu de la formation seront r\u00e9alis\u00e9s en <strong>coop\u00e9ration avec Faita FederCamping<\/strong>.<\/p>\n\n<h2 class=\"wp-block-heading\">Exposants<\/h2>\n\n<p>L&rsquo;\u00e9dition 2025 compte <strong>750 exposants<\/strong>, dont de nombreuses reconfirmations et environ 26% de nouvelles entreprises qui ont choisi Riva del Garda pour s&rsquo;ouvrir au march\u00e9 mondial et \u00e9largir leurs horizons. Il s&rsquo;agit d&rsquo;op\u00e9rateurs nationaux et internationaux issus de <strong>march\u00e9s europ\u00e9ens<\/strong> tels que l&rsquo;Albanie, la Finlande, l&rsquo;Allemagne, la Lituanie, la Serbie, la Slov\u00e9nie, l&rsquo;Espagne, la Su\u00e8de, la Suisse, la Turquie, l&rsquo;Ukraine et la Hongrie, et de <strong>march\u00e9s<\/strong> <strong>non europ\u00e9ens <\/strong>tels que l&rsquo;Am\u00e9rique latine, l&rsquo;\u00c9gypte, le Kenya, l&rsquo;Arabie du Sud et le Royaume-Uni. <\/p>\n\n<p><strong>Roberto Pellegrini<\/strong>, <strong>pr\u00e9sident de Riva del Garda Fierecongressi<\/strong>, a soulign\u00e9 que la 49e \u00e9dition promet d&rsquo;\u00eatre unique en raison de la qualit\u00e9 des exposants, de la vari\u00e9t\u00e9 des contenus et de la pr\u00e9sence importante d&rsquo;acheteurs \u00e9trangers.<em>Cette ann\u00e9e, la participation des d\u00e9l\u00e9gations sera encore plus importante. Gr\u00e2ce \u00e0 nos activit\u00e9s et \u00e0 notre coop\u00e9ration avec l&rsquo;ICE (ITA &#8211; Italian Trade Agency), plus de 70 op\u00e9rateurs de march\u00e9s s\u00e9lectionn\u00e9s arriveront \u00e0 Riva del Garda pour offrir aux exposants davantage d&rsquo;opportunit\u00e9s commerciales\u00a0\u00bb. <\/em><\/p>\n\n<p><strong>Le pr\u00e9sident Pellegrini<\/strong> ajoute : <em>\u00ab\u00a0Pour cette \u00e9dition, nous avons consolid\u00e9 les collaborations au niveau international<\/em> <em>et national, en renouvelant certaines alliances strat\u00e9giques avec des entit\u00e9s importantes telles que les minist\u00e8res de l&rsquo;alimentation, de l&rsquo;agriculture, des for\u00eats et du tourisme de Bavi\u00e8re et la chambre de commerce italo-allemande ITALCAM, Slow Food, l&rsquo;universit\u00e9 des sciences gastronomiques de Pollenzo et le Consorzio Vignaioli del Trentino pour l&rsquo;espace sp\u00e9cial Spazio Vignaiolo d\u00e9di\u00e9 \u00e0 l&rsquo;\u0153notourisme<\/em>.<\/p>\n\n<h2 class=\"wp-block-heading\">Ev\u00e9nements  <\/h2>\n\n<p><strong>Plus de 100 \u00e9v\u00e9nements seront programm\u00e9s <\/strong>avec plus de <strong>110 intervenants <\/strong>, y compris des initiatives de formation et d&rsquo;exp\u00e9rimentation con\u00e7ues pour offrir aux op\u00e9rateurs du secteur de l&rsquo;h\u00f4tellerie et de la restauration des id\u00e9es, des solutions et des outils novateurs pour d\u00e9velopper leurs activit\u00e9s.<\/p>\n\n<p>L&rsquo;exposition sera divis\u00e9e en <strong>quatre zones th\u00e9matiques<\/strong>:  <\/p>\n\n<ul class=\"wp-block-list\">\n<li><em><strong>Contrat et bien-\u00eatre<\/strong><\/em><\/li>\n\n\n\n<li><em><strong>Boissons<\/strong><\/em><\/li>\n\n\n\n<li><em><strong>Alimentation et \u00e9quipement<\/strong><\/em><\/li>\n\n\n\n<li><em><strong>R\u00e9novation et technologie  <\/strong><\/em><\/li>\n<\/ul>\n\n<p>Et <strong>trois domaines particuliers<\/strong>:<\/p>\n\n<ul class=\"wp-block-list\">\n<li><em><strong>Solobeer<\/strong><\/em><\/li>\n\n\n\n<li><em><strong>RPM-Riva Planet Mixology<\/strong><\/em><\/li>\n\n\n\n<li><em><strong>Espace vigne  <\/strong><\/em><\/li>\n<\/ul>\n\n<p>Ces espaces seront consacr\u00e9s \u00e0 la bi\u00e8re artisanale, \u00e0 l&rsquo;art du m\u00e9lange et \u00e0 l&rsquo;\u0153notourisme, qui animeront le hall B4 jusqu&rsquo;au mercredi 5 f\u00e9vrier.  <\/p>\n\n<p>Cette 49e \u00e9dition couvre \u00e9galement le domaine du <strong>tourisme en plein air<\/strong>. Dans le <strong>pavillon Outdoor Boom<\/strong>, vous trouverez un large \u00e9ventail d&rsquo;expositions et de contenus de formation r\u00e9alis\u00e9s, cette ann\u00e9e encore, en <strong>coop\u00e9ration avec Faita FederCamping<\/strong>. <\/p>\n\n<p>L&rsquo;offre est compl\u00e9t\u00e9e par le riche programme de la <strong>H Academy<\/strong>, qui voit cette ann\u00e9e l&rsquo;expansion des zones d&rsquo;activit\u00e9s de formation, de r\u00e9unions et d&rsquo;ateliers consacr\u00e9s \u00e0 des th\u00e8mes cl\u00e9s de l&rsquo;industrie.  <\/p>\n\n<p>Plus de <strong>110 intervenants <\/strong>, dont des experts et des leaders d&rsquo;opinion, se succ\u00e9deront sur la <strong>sc\u00e8ne principale<\/strong>, le th\u00e9\u00e2tre du hall D, et sur les sc\u00e8nes des <strong>huit ar\u00e8nes<\/strong> &#8211; Beer Arena, Outdoor Boom Arena, Hotel &amp; Co. Arena, Mixology Arena, Restaurant Arena, Wine Arena, et les nouvelles Food Arena et Pizza Arena.<\/p>\n\n<p>Comme l&rsquo;a d\u00e9clar\u00e9 <strong>Giovanna Voltolini, directrice de l&rsquo;exposition Hospitality &#8211; Il Salone dell&rsquo;Accoglienza<\/strong>:<strong> <\/strong>\u00ab\u00a0<em>Chaque ann\u00e9e, nous essayons d&rsquo;offrir de nouvelles opportunit\u00e9s aux op\u00e9rateurs, de les impliquer et de leur faire vivre la foire en tant que protagonistes. Nous souhaitons ainsi enrichir leurs connaissances par des suggestions et des projets concrets. <\/em>\u00ab\u00a0.<\/p>\n\n<h2 class=\"wp-block-heading\">Les d\u00e9buts de H EXPERIENCE<\/h2>\n\n<p>La <strong>nouveaut\u00e9 en 2025<\/strong> est <strong>H EXPERIENCE,<\/strong> le format d\u00e9di\u00e9 aux <strong>initiatives exp\u00e9rientielles <\/strong>con\u00e7ues pour offrir des moments uniques et attrayants aux visiteurs.<\/p>\n\n<p><strong>Quatre zones pour quatre exp\u00e9riences diff\u00e9rentes :<\/strong> <\/p>\n\n<ul class=\"wp-block-list\">\n<li><strong>DI OGNUNO<\/strong>, le projet pluriannuel ax\u00e9 sur l&rsquo;accessibilit\u00e9 et l&rsquo;inclusion (au centre du hall C2).<\/li>\n\n\n\n<li><strong>The Spirits Escape<\/strong>, un voyage dans les spiritueux et les m\u00e9langes (Hall B4).<\/li>\n\n\n\n<li><strong> <\/strong>A<strong>I Playground<\/strong>, un espace interactif avec des solutions bas\u00e9es sur l&rsquo;IA pour am\u00e9liorer les processus et les performances des entreprises (Hall B3).<\/li>\n\n\n\n<li><strong>L&rsquo;exposition<\/strong> <strong>\u00ab\u00a0Experiences and Sensitivities with the Material Language\u00a0\u00bb,<\/strong> un projet de design organis\u00e9 par ADI-VTAA et ax\u00e9 sur la restauration en plein air, explore l&rsquo;importance du design et des mat\u00e9riaux \u00e0 Ho.Re.Ca. (Hall B2). <\/li>\n<\/ul>\n","protected":false},"excerpt":{"rendered":"<p>La semaine prochaine, le rideau se l\u00e8ve sur L&rsquo;hospitalit\u00e9 &#8211; Le spectacle de l&rsquo;hospitalit\u00e9, qui se tiendra au parc des expositions de Riva del Garda, dans la province de Trente. L&rsquo;\u00e9v\u00e9nement d\u00e9butera \u00e0 11 heures par le d\u00e9bat suivant \u00ab\u00a0L&rsquo;hospitalit\u00e9 &#8211; l&rsquo;industrie des personnes\u00a0\u00bb.un voyage dans le pr\u00e9sent et l&rsquo;avenir de l&rsquo;hospitalit\u00e9. Quelques chiffres : [&hellip;]<\/p>\n","protected":false},"author":5,"featured_media":172627,"comment_status":"closed","ping_status":"closed","sticky":false,"template":"","format":"standard","meta":{"_acf_changed":false,"_monsterinsights_skip_tracking":false,"_monsterinsights_sitenote_active":false,"_monsterinsights_sitenote_note":"","_monsterinsights_sitenote_category":0,"footnotes":""},"categories":[4024],"tags":[6832,1761,4077,5374,6794,6786,6795,4079],"class_list":["post-172636","post","type-post","status-publish","format-standard","has-post-thumbnail","hentry","category-actualite","tag-accueil-salon-de-laccueil","tag-faita-federcamping","tag-faita-federcamping-fr","tag-ho-re-ca","tag-ho-re-ca-fr","tag-riva-del-garda","tag-riva-del-garda-fr","tag-tourisme-de-plein-air"],"acf":[],"yoast_head":"<!-- This site is optimized with the Yoast SEO plugin v27.5 - https:\/\/yoast.com\/product\/yoast-seo-wordpress\/ -->\n<title>Hospitalit\u00e9 - Le salon de l&#039;hospitalit\u00e9, de nombreuses nouveaut\u00e9s et le lancement du format H EXPERIENCE<\/title>\n<meta name=\"robots\" content=\"index, follow, max-snippet:-1, max-image-preview:large, max-video-preview:-1\" \/>\n<link rel=\"canonical\" href=\"https:\/\/www.mondocamping.com\/fr\/hospitalite-le-salon-de-lhospitalite-de-nombreuses-nouveautes-et-le-lancement-du-format-h-experience\/\" \/>\n<meta property=\"og:locale\" content=\"fr_FR\" \/>\n<meta property=\"og:type\" content=\"article\" \/>\n<meta property=\"og:title\" content=\"Hospitalit\u00e9 - Le salon de l&#039;hospitalit\u00e9, de nombreuses nouveaut\u00e9s et le lancement du format H EXPERIENCE\" \/>\n<meta property=\"og:description\" content=\"La semaine prochaine, le rideau se l\u00e8ve sur L&rsquo;hospitalit\u00e9 &#8211; Le spectacle de l&rsquo;hospitalit\u00e9, qui se tiendra au parc des expositions de Riva del Garda, dans la province de Trente. L&rsquo;\u00e9v\u00e9nement d\u00e9butera \u00e0 11 heures par le d\u00e9bat suivant \u00ab\u00a0L&rsquo;hospitalit\u00e9 &#8211; l&rsquo;industrie des personnes\u00a0\u00bb.un voyage dans le pr\u00e9sent et l&rsquo;avenir de l&rsquo;hospitalit\u00e9. Quelques chiffres : [&hellip;]\" \/>\n<meta property=\"og:url\" content=\"https:\/\/www.mondocamping.com\/fr\/hospitalite-le-salon-de-lhospitalite-de-nombreuses-nouveautes-et-le-lancement-du-format-h-experience\/\" \/>\n<meta property=\"og:site_name\" content=\"Mondo Camping\" \/>\n<meta property=\"article:publisher\" content=\"https:\/\/www.facebook.com\/mondobalneare\" \/>\n<meta property=\"article:author\" content=\"https:\/\/www.facebook.com\/mondocamping\" \/>\n<meta property=\"article:published_time\" content=\"2025-01-30T12:27:46+00:00\" \/>\n<meta property=\"article:modified_time\" content=\"2025-01-30T12:27:49+00:00\" \/>\n<meta property=\"og:image\" content=\"https:\/\/www.mondocamping.com\/wp-content\/uploads\/2025\/01\/image002.png\" \/>\n\t<meta property=\"og:image:width\" content=\"502\" \/>\n\t<meta property=\"og:image:height\" content=\"157\" \/>\n\t<meta property=\"og:image:type\" content=\"image\/png\" \/>\n<meta name=\"author\" content=\"Mondo Camping\" \/>\n<meta name=\"twitter:card\" content=\"summary_large_image\" \/>\n<meta name=\"twitter:creator\" content=\"@mondobalneare\" \/>\n<meta name=\"twitter:site\" content=\"@mondobalneare\" \/>\n<meta name=\"twitter:label1\" content=\"\u00c9crit par\" \/>\n\t<meta name=\"twitter:data1\" content=\"Mondo Camping\" \/>\n\t<meta name=\"twitter:label2\" content=\"Dur\u00e9e de lecture estim\u00e9e\" \/>\n\t<meta name=\"twitter:data2\" content=\"4 minutes\" \/>\n<script type=\"application\/ld+json\" class=\"yoast-schema-graph\">{\"@context\":\"https:\\\/\\\/schema.org\",\"@graph\":[{\"@type\":\"Article\",\"@id\":\"https:\\\/\\\/www.mondocamping.com\\\/fr\\\/hospitalite-le-salon-de-lhospitalite-de-nombreuses-nouveautes-et-le-lancement-du-format-h-experience\\\/#article\",\"isPartOf\":{\"@id\":\"https:\\\/\\\/www.mondocamping.com\\\/fr\\\/hospitalite-le-salon-de-lhospitalite-de-nombreuses-nouveautes-et-le-lancement-du-format-h-experience\\\/\"},\"author\":{\"name\":\"Mondo Camping\",\"@id\":\"https:\\\/\\\/www.mondocamping.com\\\/#\\\/schema\\\/person\\\/01a031b8c5ef08c2204bb0e696f0a760\"},\"headline\":\"Hospitalit\u00e9 &#8211; Le salon de l&rsquo;hospitalit\u00e9, de nombreuses nouveaut\u00e9s et le lancement du format H EXPERIENCE\",\"datePublished\":\"2025-01-30T12:27:46+00:00\",\"dateModified\":\"2025-01-30T12:27:49+00:00\",\"mainEntityOfPage\":{\"@id\":\"https:\\\/\\\/www.mondocamping.com\\\/fr\\\/hospitalite-le-salon-de-lhospitalite-de-nombreuses-nouveautes-et-le-lancement-du-format-h-experience\\\/\"},\"wordCount\":903,\"publisher\":{\"@id\":\"https:\\\/\\\/www.mondocamping.com\\\/#organization\"},\"image\":{\"@id\":\"https:\\\/\\\/www.mondocamping.com\\\/fr\\\/hospitalite-le-salon-de-lhospitalite-de-nombreuses-nouveautes-et-le-lancement-du-format-h-experience\\\/#primaryimage\"},\"thumbnailUrl\":\"https:\\\/\\\/www.mondocamping.com\\\/wp-content\\\/uploads\\\/2025\\\/01\\\/image002.png\",\"keywords\":[\"Accueil - Salon de l'accueil\",\"Faita Federcamping\",\"Faita Federcamping\",\"Ho.Re.Ca\",\"Ho.Re.Ca\",\"Riva Del Garda\",\"Riva Del Garda\",\"Tourisme de plein air\"],\"articleSection\":[\"Actualit\u00e9\"],\"inLanguage\":\"fr-FR\"},{\"@type\":\"WebPage\",\"@id\":\"https:\\\/\\\/www.mondocamping.com\\\/fr\\\/hospitalite-le-salon-de-lhospitalite-de-nombreuses-nouveautes-et-le-lancement-du-format-h-experience\\\/\",\"url\":\"https:\\\/\\\/www.mondocamping.com\\\/fr\\\/hospitalite-le-salon-de-lhospitalite-de-nombreuses-nouveautes-et-le-lancement-du-format-h-experience\\\/\",\"name\":\"Hospitalit\u00e9 - Le salon de l'hospitalit\u00e9, de nombreuses nouveaut\u00e9s et le lancement du format H EXPERIENCE\",\"isPartOf\":{\"@id\":\"https:\\\/\\\/www.mondocamping.com\\\/#website\"},\"primaryImageOfPage\":{\"@id\":\"https:\\\/\\\/www.mondocamping.com\\\/fr\\\/hospitalite-le-salon-de-lhospitalite-de-nombreuses-nouveautes-et-le-lancement-du-format-h-experience\\\/#primaryimage\"},\"image\":{\"@id\":\"https:\\\/\\\/www.mondocamping.com\\\/fr\\\/hospitalite-le-salon-de-lhospitalite-de-nombreuses-nouveautes-et-le-lancement-du-format-h-experience\\\/#primaryimage\"},\"thumbnailUrl\":\"https:\\\/\\\/www.mondocamping.com\\\/wp-content\\\/uploads\\\/2025\\\/01\\\/image002.png\",\"datePublished\":\"2025-01-30T12:27:46+00:00\",\"dateModified\":\"2025-01-30T12:27:49+00:00\",\"breadcrumb\":{\"@id\":\"https:\\\/\\\/www.mondocamping.com\\\/fr\\\/hospitalite-le-salon-de-lhospitalite-de-nombreuses-nouveautes-et-le-lancement-du-format-h-experience\\\/#breadcrumb\"},\"inLanguage\":\"fr-FR\",\"potentialAction\":[{\"@type\":\"ReadAction\",\"target\":[\"https:\\\/\\\/www.mondocamping.com\\\/fr\\\/hospitalite-le-salon-de-lhospitalite-de-nombreuses-nouveautes-et-le-lancement-du-format-h-experience\\\/\"]}]},{\"@type\":\"ImageObject\",\"inLanguage\":\"fr-FR\",\"@id\":\"https:\\\/\\\/www.mondocamping.com\\\/fr\\\/hospitalite-le-salon-de-lhospitalite-de-nombreuses-nouveautes-et-le-lancement-du-format-h-experience\\\/#primaryimage\",\"url\":\"https:\\\/\\\/www.mondocamping.com\\\/wp-content\\\/uploads\\\/2025\\\/01\\\/image002.png\",\"contentUrl\":\"https:\\\/\\\/www.mondocamping.com\\\/wp-content\\\/uploads\\\/2025\\\/01\\\/image002.png\",\"width\":502,\"height\":157},{\"@type\":\"BreadcrumbList\",\"@id\":\"https:\\\/\\\/www.mondocamping.com\\\/fr\\\/hospitalite-le-salon-de-lhospitalite-de-nombreuses-nouveautes-et-le-lancement-du-format-h-experience\\\/#breadcrumb\",\"itemListElement\":[{\"@type\":\"ListItem\",\"position\":1,\"name\":\"Home\",\"item\":\"https:\\\/\\\/www.mondocamping.com\\\/fr\\\/\"},{\"@type\":\"ListItem\",\"position\":2,\"name\":\"Hospitalit\u00e9 &#8211; Le salon de l&rsquo;hospitalit\u00e9, de nombreuses nouveaut\u00e9s et le lancement du format H EXPERIENCE\"}]},{\"@type\":\"WebSite\",\"@id\":\"https:\\\/\\\/www.mondocamping.com\\\/#website\",\"url\":\"https:\\\/\\\/www.mondocamping.com\\\/\",\"name\":\"Mondo Camping\",\"description\":\"Le portail d\u00e9di\u00e9 aux gestionnaires de campings et villages touristiques\",\"publisher\":{\"@id\":\"https:\\\/\\\/www.mondocamping.com\\\/#organization\"},\"potentialAction\":[{\"@type\":\"SearchAction\",\"target\":{\"@type\":\"EntryPoint\",\"urlTemplate\":\"https:\\\/\\\/www.mondocamping.com\\\/?s={search_term_string}\"},\"query-input\":{\"@type\":\"PropertyValueSpecification\",\"valueRequired\":true,\"valueName\":\"search_term_string\"}}],\"inLanguage\":\"fr-FR\"},{\"@type\":\"Organization\",\"@id\":\"https:\\\/\\\/www.mondocamping.com\\\/#organization\",\"name\":\"Mondo Camping\",\"url\":\"https:\\\/\\\/www.mondocamping.com\\\/\",\"logo\":{\"@type\":\"ImageObject\",\"inLanguage\":\"fr-FR\",\"@id\":\"https:\\\/\\\/www.mondocamping.com\\\/#\\\/schema\\\/logo\\\/image\\\/\",\"url\":\"https:\\\/\\\/www.mondocamping.com\\\/wp-content\\\/uploads\\\/2022\\\/04\\\/mondo-camping-logo-contornato-1.png\",\"contentUrl\":\"https:\\\/\\\/www.mondocamping.com\\\/wp-content\\\/uploads\\\/2022\\\/04\\\/mondo-camping-logo-contornato-1.png\",\"width\":280,\"height\":90,\"caption\":\"Mondo Camping\"},\"image\":{\"@id\":\"https:\\\/\\\/www.mondocamping.com\\\/#\\\/schema\\\/logo\\\/image\\\/\"},\"sameAs\":[\"https:\\\/\\\/www.facebook.com\\\/mondobalneare\",\"https:\\\/\\\/x.com\\\/mondobalneare\",\"https:\\\/\\\/www.instagram.com\\\/mondobalneare\\\/\",\"https:\\\/\\\/www.linkedin.com\\\/company\\\/67180810\\\/\",\"https:\\\/\\\/www.youtube.com\\\/user\\\/mondobalnearevideo\"]},{\"@type\":\"Person\",\"@id\":\"https:\\\/\\\/www.mondocamping.com\\\/#\\\/schema\\\/person\\\/01a031b8c5ef08c2204bb0e696f0a760\",\"name\":\"Mondo Camping\",\"image\":{\"@type\":\"ImageObject\",\"inLanguage\":\"fr-FR\",\"@id\":\"https:\\\/\\\/www.mondocamping.com\\\/wp-content\\\/uploads\\\/2022\\\/05\\\/cropped-icona-MONDO-CAMPING-150x150.png\",\"url\":\"https:\\\/\\\/www.mondocamping.com\\\/wp-content\\\/uploads\\\/2022\\\/05\\\/cropped-icona-MONDO-CAMPING-150x150.png\",\"contentUrl\":\"https:\\\/\\\/www.mondocamping.com\\\/wp-content\\\/uploads\\\/2022\\\/05\\\/cropped-icona-MONDO-CAMPING-150x150.png\",\"caption\":\"Mondo Camping\"},\"sameAs\":[\"https:\\\/\\\/www.mondocamping.com\\\/\",\"https:\\\/\\\/www.facebook.com\\\/mondocamping\"]}]}<\/script>\n<!-- \/ Yoast SEO plugin. -->","yoast_head_json":{"title":"Hospitalit\u00e9 - Le salon de l'hospitalit\u00e9, de nombreuses nouveaut\u00e9s et le lancement du format H EXPERIENCE","robots":{"index":"index","follow":"follow","max-snippet":"max-snippet:-1","max-image-preview":"max-image-preview:large","max-video-preview":"max-video-preview:-1"},"canonical":"https:\/\/www.mondocamping.com\/fr\/hospitalite-le-salon-de-lhospitalite-de-nombreuses-nouveautes-et-le-lancement-du-format-h-experience\/","og_locale":"fr_FR","og_type":"article","og_title":"Hospitalit\u00e9 - Le salon de l'hospitalit\u00e9, de nombreuses nouveaut\u00e9s et le lancement du format H EXPERIENCE","og_description":"La semaine prochaine, le rideau se l\u00e8ve sur L&rsquo;hospitalit\u00e9 &#8211; Le spectacle de l&rsquo;hospitalit\u00e9, qui se tiendra au parc des expositions de Riva del Garda, dans la province de Trente. L&rsquo;\u00e9v\u00e9nement d\u00e9butera \u00e0 11 heures par le d\u00e9bat suivant \u00ab\u00a0L&rsquo;hospitalit\u00e9 &#8211; l&rsquo;industrie des personnes\u00a0\u00bb.un voyage dans le pr\u00e9sent et l&rsquo;avenir de l&rsquo;hospitalit\u00e9. Quelques chiffres : [&hellip;]","og_url":"https:\/\/www.mondocamping.com\/fr\/hospitalite-le-salon-de-lhospitalite-de-nombreuses-nouveautes-et-le-lancement-du-format-h-experience\/","og_site_name":"Mondo Camping","article_publisher":"https:\/\/www.facebook.com\/mondobalneare","article_author":"https:\/\/www.facebook.com\/mondocamping","article_published_time":"2025-01-30T12:27:46+00:00","article_modified_time":"2025-01-30T12:27:49+00:00","og_image":[{"width":502,"height":157,"url":"https:\/\/www.mondocamping.com\/wp-content\/uploads\/2025\/01\/image002.png","type":"image\/png"}],"author":"Mondo Camping","twitter_card":"summary_large_image","twitter_creator":"@mondobalneare","twitter_site":"@mondobalneare","twitter_misc":{"\u00c9crit par":"Mondo Camping","Dur\u00e9e de lecture estim\u00e9e":"4 minutes"},"schema":{"@context":"https:\/\/schema.org","@graph":[{"@type":"Article","@id":"https:\/\/www.mondocamping.com\/fr\/hospitalite-le-salon-de-lhospitalite-de-nombreuses-nouveautes-et-le-lancement-du-format-h-experience\/#article","isPartOf":{"@id":"https:\/\/www.mondocamping.com\/fr\/hospitalite-le-salon-de-lhospitalite-de-nombreuses-nouveautes-et-le-lancement-du-format-h-experience\/"},"author":{"name":"Mondo Camping","@id":"https:\/\/www.mondocamping.com\/#\/schema\/person\/01a031b8c5ef08c2204bb0e696f0a760"},"headline":"Hospitalit\u00e9 &#8211; Le salon de l&rsquo;hospitalit\u00e9, de nombreuses nouveaut\u00e9s et le lancement du format H EXPERIENCE","datePublished":"2025-01-30T12:27:46+00:00","dateModified":"2025-01-30T12:27:49+00:00","mainEntityOfPage":{"@id":"https:\/\/www.mondocamping.com\/fr\/hospitalite-le-salon-de-lhospitalite-de-nombreuses-nouveautes-et-le-lancement-du-format-h-experience\/"},"wordCount":903,"publisher":{"@id":"https:\/\/www.mondocamping.com\/#organization"},"image":{"@id":"https:\/\/www.mondocamping.com\/fr\/hospitalite-le-salon-de-lhospitalite-de-nombreuses-nouveautes-et-le-lancement-du-format-h-experience\/#primaryimage"},"thumbnailUrl":"https:\/\/www.mondocamping.com\/wp-content\/uploads\/2025\/01\/image002.png","keywords":["Accueil - Salon de l'accueil","Faita Federcamping","Faita Federcamping","Ho.Re.Ca","Ho.Re.Ca","Riva Del Garda","Riva Del Garda","Tourisme de plein air"],"articleSection":["Actualit\u00e9"],"inLanguage":"fr-FR"},{"@type":"WebPage","@id":"https:\/\/www.mondocamping.com\/fr\/hospitalite-le-salon-de-lhospitalite-de-nombreuses-nouveautes-et-le-lancement-du-format-h-experience\/","url":"https:\/\/www.mondocamping.com\/fr\/hospitalite-le-salon-de-lhospitalite-de-nombreuses-nouveautes-et-le-lancement-du-format-h-experience\/","name":"Hospitalit\u00e9 - Le salon de l'hospitalit\u00e9, de nombreuses nouveaut\u00e9s et le lancement du format H EXPERIENCE","isPartOf":{"@id":"https:\/\/www.mondocamping.com\/#website"},"primaryImageOfPage":{"@id":"https:\/\/www.mondocamping.com\/fr\/hospitalite-le-salon-de-lhospitalite-de-nombreuses-nouveautes-et-le-lancement-du-format-h-experience\/#primaryimage"},"image":{"@id":"https:\/\/www.mondocamping.com\/fr\/hospitalite-le-salon-de-lhospitalite-de-nombreuses-nouveautes-et-le-lancement-du-format-h-experience\/#primaryimage"},"thumbnailUrl":"https:\/\/www.mondocamping.com\/wp-content\/uploads\/2025\/01\/image002.png","datePublished":"2025-01-30T12:27:46+00:00","dateModified":"2025-01-30T12:27:49+00:00","breadcrumb":{"@id":"https:\/\/www.mondocamping.com\/fr\/hospitalite-le-salon-de-lhospitalite-de-nombreuses-nouveautes-et-le-lancement-du-format-h-experience\/#breadcrumb"},"inLanguage":"fr-FR","potentialAction":[{"@type":"ReadAction","target":["https:\/\/www.mondocamping.com\/fr\/hospitalite-le-salon-de-lhospitalite-de-nombreuses-nouveautes-et-le-lancement-du-format-h-experience\/"]}]},{"@type":"ImageObject","inLanguage":"fr-FR","@id":"https:\/\/www.mondocamping.com\/fr\/hospitalite-le-salon-de-lhospitalite-de-nombreuses-nouveautes-et-le-lancement-du-format-h-experience\/#primaryimage","url":"https:\/\/www.mondocamping.com\/wp-content\/uploads\/2025\/01\/image002.png","contentUrl":"https:\/\/www.mondocamping.com\/wp-content\/uploads\/2025\/01\/image002.png","width":502,"height":157},{"@type":"BreadcrumbList","@id":"https:\/\/www.mondocamping.com\/fr\/hospitalite-le-salon-de-lhospitalite-de-nombreuses-nouveautes-et-le-lancement-du-format-h-experience\/#breadcrumb","itemListElement":[{"@type":"ListItem","position":1,"name":"Home","item":"https:\/\/www.mondocamping.com\/fr\/"},{"@type":"ListItem","position":2,"name":"Hospitalit\u00e9 &#8211; Le salon de l&rsquo;hospitalit\u00e9, de nombreuses nouveaut\u00e9s et le lancement du format H EXPERIENCE"}]},{"@type":"WebSite","@id":"https:\/\/www.mondocamping.com\/#website","url":"https:\/\/www.mondocamping.com\/","name":"Mondo Camping","description":"Le portail d\u00e9di\u00e9 aux gestionnaires de campings et villages touristiques","publisher":{"@id":"https:\/\/www.mondocamping.com\/#organization"},"potentialAction":[{"@type":"SearchAction","target":{"@type":"EntryPoint","urlTemplate":"https:\/\/www.mondocamping.com\/?s={search_term_string}"},"query-input":{"@type":"PropertyValueSpecification","valueRequired":true,"valueName":"search_term_string"}}],"inLanguage":"fr-FR"},{"@type":"Organization","@id":"https:\/\/www.mondocamping.com\/#organization","name":"Mondo Camping","url":"https:\/\/www.mondocamping.com\/","logo":{"@type":"ImageObject","inLanguage":"fr-FR","@id":"https:\/\/www.mondocamping.com\/#\/schema\/logo\/image\/","url":"https:\/\/www.mondocamping.com\/wp-content\/uploads\/2022\/04\/mondo-camping-logo-contornato-1.png","contentUrl":"https:\/\/www.mondocamping.com\/wp-content\/uploads\/2022\/04\/mondo-camping-logo-contornato-1.png","width":280,"height":90,"caption":"Mondo Camping"},"image":{"@id":"https:\/\/www.mondocamping.com\/#\/schema\/logo\/image\/"},"sameAs":["https:\/\/www.facebook.com\/mondobalneare","https:\/\/x.com\/mondobalneare","https:\/\/www.instagram.com\/mondobalneare\/","https:\/\/www.linkedin.com\/company\/67180810\/","https:\/\/www.youtube.com\/user\/mondobalnearevideo"]},{"@type":"Person","@id":"https:\/\/www.mondocamping.com\/#\/schema\/person\/01a031b8c5ef08c2204bb0e696f0a760","name":"Mondo Camping","image":{"@type":"ImageObject","inLanguage":"fr-FR","@id":"https:\/\/www.mondocamping.com\/wp-content\/uploads\/2022\/05\/cropped-icona-MONDO-CAMPING-150x150.png","url":"https:\/\/www.mondocamping.com\/wp-content\/uploads\/2022\/05\/cropped-icona-MONDO-CAMPING-150x150.png","contentUrl":"https:\/\/www.mondocamping.com\/wp-content\/uploads\/2022\/05\/cropped-icona-MONDO-CAMPING-150x150.png","caption":"Mondo Camping"},"sameAs":["https:\/\/www.mondocamping.com\/","https:\/\/www.facebook.com\/mondocamping"]}]}},"_links":{"self":[{"href":"https:\/\/www.mondocamping.com\/fr\/wp-json\/wp\/v2\/posts\/172636","targetHints":{"allow":["GET"]}}],"collection":[{"href":"https:\/\/www.mondocamping.com\/fr\/wp-json\/wp\/v2\/posts"}],"about":[{"href":"https:\/\/www.mondocamping.com\/fr\/wp-json\/wp\/v2\/types\/post"}],"author":[{"embeddable":true,"href":"https:\/\/www.mondocamping.com\/fr\/wp-json\/wp\/v2\/users\/5"}],"replies":[{"embeddable":true,"href":"https:\/\/www.mondocamping.com\/fr\/wp-json\/wp\/v2\/comments?post=172636"}],"version-history":[{"count":1,"href":"https:\/\/www.mondocamping.com\/fr\/wp-json\/wp\/v2\/posts\/172636\/revisions"}],"predecessor-version":[{"id":172637,"href":"https:\/\/www.mondocamping.com\/fr\/wp-json\/wp\/v2\/posts\/172636\/revisions\/172637"}],"wp:featuredmedia":[{"embeddable":true,"href":"https:\/\/www.mondocamping.com\/fr\/wp-json\/wp\/v2\/media\/172627"}],"wp:attachment":[{"href":"https:\/\/www.mondocamping.com\/fr\/wp-json\/wp\/v2\/media?parent=172636"}],"wp:term":[{"taxonomy":"category","embeddable":true,"href":"https:\/\/www.mondocamping.com\/fr\/wp-json\/wp\/v2\/categories?post=172636"},{"taxonomy":"post_tag","embeddable":true,"href":"https:\/\/www.mondocamping.com\/fr\/wp-json\/wp\/v2\/tags?post=172636"}],"curies":[{"name":"wp","href":"https:\/\/api.w.org\/{rel}","templated":true}]}}