{"id":172734,"date":"2025-02-06T17:59:53","date_gmt":"2025-02-06T16:59:53","guid":{"rendered":"https:\/\/www.mondocamping.com\/di-ognuno-revient-a-hospitality-the-hospitality-show-un-projet-cible-pour-linclusion\/"},"modified":"2025-02-06T17:59:56","modified_gmt":"2025-02-06T16:59:56","slug":"di-ognuno-revient-a-hospitality-the-hospitality-show-un-projet-cible-pour-linclusion","status":"publish","type":"post","link":"https:\/\/www.mondocamping.com\/fr\/di-ognuno-revient-a-hospitality-the-hospitality-show-un-projet-cible-pour-linclusion\/","title":{"rendered":"DI OGNUNO revient \u00e0 Hospitality &#8211; The Hospitality Show, un projet cibl\u00e9 pour l&rsquo;inclusion"},"content":{"rendered":"\n<p>\u00c0 <strong>Hospitality &#8211; Il Salone dell&rsquo;Accoglienza <\/strong>\u00e0 Riva del Garda, nous parlons d&rsquo;inclusion et d&rsquo;accessibilit\u00e9 d&rsquo;une mani\u00e8re originale, \u00e0 travers une exp\u00e9rience immersive. <strong>Le concept est le r\u00e9sultat de la volont\u00e9 d&rsquo;Hospitality<\/strong>, le principal salon international de l&rsquo;h\u00f4tellerie et de la restauration organis\u00e9 par Riva del Garda Fierecongressi :<strong> d\u00e9velopper une zone qui raconte l&rsquo;histoire de l&rsquo;hospitalit\u00e9 accessible<\/strong>, un th\u00e8me fondamental pour une r\u00e9ceptivit\u00e9 en phase avec l&rsquo;\u00e9poque, des h\u00f4tels aux installations en plein air.  <\/p>\n\n<p>Apr\u00e8s le succ\u00e8s de l&rsquo;ann\u00e9e derni\u00e8re, le <strong>projet pluriannuel DI OGNUNO<\/strong> revient \u00e0 <strong>Hospitality &#8211; Il Salone dell&rsquo;Accoglienza<\/strong> avec un nouvel espace exp\u00e9rientiel : le th\u00e8me de l&rsquo;\u00e9dition 2025 est la <strong>conception d&rsquo;une salle de petit-d\u00e9jeuner inclusive et confortable capable de r\u00e9pondre aux diff\u00e9rents besoins d&rsquo;accessibilit\u00e9 alimentaire, physique et cognitive, en utilisant des solutions de conception cibl\u00e9es<\/strong>.<\/p>\n\n<h2 class=\"wp-block-heading\">L&rsquo;exp\u00e9rience de TOUS : l&rsquo;exp\u00e9rience du confort et de l&rsquo;inconfort<\/h2>\n\n<p>Le projet se compose de deux zones exp\u00e9rimentales : la<strong> zone ext\u00e9rieure <\/strong>et la <strong>zone int\u00e9rieure<\/strong>. La zone ouverte est <strong> <\/strong>L&rsquo;espace int\u00e9rieur est associ\u00e9 \u00e0 l&rsquo;<strong> inconfort<\/strong>: le visiteur se retrouve dans une salle de petit-d\u00e9jeuner avec plusieurs criticit\u00e9s exag\u00e9r\u00e9es et une s\u00e9rie d&rsquo;obstacles architecturaux. L&rsquo;<strong> espace int\u00e9rieur <\/strong>est plut\u00f4t associ\u00e9 au<strong> confort<\/strong>, une salle d\u00e9di\u00e9e au design inclusif. Ici sont appliqu\u00e9es toutes les attentions qui rendent les espaces accueillants pour tous, avec un mobilier accessible et confortable.  <\/p>\n\n<p><strong>Alessandra Albarelli,<\/strong> directrice g\u00e9n\u00e9rale de Riva del Garda Fierecongressi, commente : \u00ab\u00a0.<em>Le projet DI OGNUNO a \u00e9t\u00e9 mis en place pour offrir des exp\u00e9riences concr\u00e8tes et immersives aux restaurateurs, h\u00f4teliers, barmen et exploitants d&rsquo;\u00e9tablissements publics. L&rsquo;objectif est de faire comprendre ce que signifie r\u00e9ellement l&rsquo;inclusion, non seulement en l&rsquo;observant, mais aussi en la vivant : ce que l&rsquo;on ressent lorsqu&rsquo;on se d\u00e9place en fauteuil roulant ou que l&rsquo;on g\u00e8re les difficult\u00e9s de ceux qui sont, par exemple, malvoyants. Cette ann\u00e9e, nous nous sommes concentr\u00e9s sur la salle de petit-d\u00e9jeuner, un espace cl\u00e9 pour tout \u00e9tablissement d&rsquo;h\u00e9bergement. Nous proposons des id\u00e9es et des solutions \u00e0 tous les op\u00e9rateurs pour r\u00e9pondre \u00e0 un besoin du march\u00e9 en croissance rapide qui repr\u00e9sente une opportunit\u00e9 commerciale importante.   <\/em>\u00ab\u00a0.<\/p>\n\n<p>L<strong>&lsquo;architecte Cristian Catania<\/strong>, <em>directeur du projet Reinventing Fair <\/em>et <em>consultant Design for all chez Lombardini22<\/em>, d\u00e9clare<em>: \u00ab\u00a0Le projet DI OGNUNO est un v\u00e9ritable laboratoire d&rsquo;id\u00e9es et de solutions pour le secteur HoReCa<\/em>. \u00ab\u00a0<em>Sa mission est de sensibiliser les op\u00e9rateurs et les professionnels \u00e0 la mani\u00e8re dont la conception accessible peut am\u00e9liorer la qualit\u00e9 de l&rsquo;accueil tout en g\u00e9n\u00e9rant une valeur sociale et \u00e9conomique. Un environnement inclusif n&rsquo;est pas seulement un avantage pour les clients ayant des besoins sp\u00e9cifiques, mais repr\u00e9sente \u00e9galement une opportunit\u00e9 d&rsquo;am\u00e9liorer l&rsquo;exp\u00e9rience pour tous et d&rsquo;\u00e9largir le pool de clients potentiels, tout en g\u00e9n\u00e9rant un retour \u00e9conomique. Ce sentier&rsquo;,    <\/em>conclut Catania<em>, \u00ab\u00a0vise \u00e9galement \u00e0 ouvrir une r\u00e9flexion sur l&rsquo;accessibilit\u00e9 en tant qu&rsquo;\u00e9l\u00e9ment d&rsquo;innovation pour la cr\u00e9ation d&rsquo;espaces r\u00e9ellement POUR TOUS<\/em>\u00ab\u00a0.<\/p>\n\n<p><em>Vous ne partez pas en vacances parce que les r\u00e8gles sont respect\u00e9es\u00a0\u00bb <\/em>, souligne <strong>Roberto Vitali, PDG <\/strong>et <em>cofondateur de Village for all<\/em> &#8211; V4A<em>mais parce qu&rsquo;on se sent accueilli et \u00e9cout\u00e9. L&rsquo;Accessible Hospitality n&rsquo;est pas une obligation r\u00e9glementaire, mais un levier strat\u00e9gique pour l&rsquo;avenir du secteur : il s&rsquo;agit d&rsquo;offrir un accueil attentif aux besoins de chacun, d&rsquo;am\u00e9liorer l&rsquo;exp\u00e9rience client et de g\u00e9n\u00e9rer de nouvelles opportunit\u00e9s de march\u00e9. L&rsquo;Accessible Hospitality est celui qui sait transformer l&rsquo;accessibilit\u00e9 en valeur \u00e9conomique et sociale, en innovation et en croissance durable pour les entreprises\u00a0\u00bb.  <\/em><\/p>\n\n<h2 class=\"wp-block-heading\">Accessibilit\u00e9 sensorielle et alimentaire<\/h2>\n\n<p>Le projet DI OGNUNO ne met pas seulement en \u00e9vidence les questions architecturales, mais explore \u00e9galement l&rsquo;<strong>accessibilit\u00e9 sensorielle et alimentaire.<\/strong><\/p>\n\n<p>L&rsquo;<strong><em>am\u00e9nagement olfactif<\/em><\/strong> est un \u00e9l\u00e9ment fondamental de l&rsquo;exp\u00e9rience, par exemple gr\u00e2ce \u00e0 des \u00e9l\u00e9ments de stimulation olfactive, il est possible de montrer comment un environnement bien con\u00e7u peut am\u00e9liorer le bien-\u00eatre des h\u00f4tes. Comme nous l&rsquo;avons d\u00e9j\u00e0 d\u00e9montr\u00e9, le <strong>design acoustique<\/strong> joue \u00e9galement un r\u00f4le cl\u00e9 dans la garantie du confort. \u00c9viter les mat\u00e9riaux qui r\u00e9fl\u00e9chissent le son et recouvrir les murs de mat\u00e9riaux absorbants qui captent l&rsquo;\u00e9nergie sonore et r\u00e9duisent la r\u00e9verb\u00e9ration peut garantir une exp\u00e9rience agr\u00e9able pour tout le monde.  <\/p>\n\n<p><strong> <\/strong>Un autre aspect essentiel est l&rsquo;<strong>inclusion<\/strong><strong>alimentaire<\/strong>, avec un choix de plats r\u00e9pondant \u00e0 tous les besoins di\u00e9t\u00e9tiques, religieux et culturels des utilisateurs.<\/p>\n\n<p><strong>DI OGNUNO<\/strong> est un projet qui se concentre sur la sensibilisation, qui est fondamentale pour une hospitalit\u00e9 de qualit\u00e9, accessible et inclusive.<\/p>\n","protected":false},"excerpt":{"rendered":"<p>\u00c0 Hospitality &#8211; Il Salone dell&rsquo;Accoglienza \u00e0 Riva del Garda, nous parlons d&rsquo;inclusion et d&rsquo;accessibilit\u00e9 d&rsquo;une mani\u00e8re originale, \u00e0 travers une exp\u00e9rience immersive. Le concept est le r\u00e9sultat de la volont\u00e9 d&rsquo;Hospitality, le principal salon international de l&rsquo;h\u00f4tellerie et de la restauration organis\u00e9 par Riva del Garda Fierecongressi : d\u00e9velopper une zone qui raconte l&rsquo;histoire [&hellip;]<\/p>\n","protected":false},"author":5,"featured_media":172727,"comment_status":"closed","ping_status":"closed","sticky":false,"template":"","format":"standard","meta":{"_acf_changed":false,"_monsterinsights_skip_tracking":false,"_monsterinsights_sitenote_active":false,"_monsterinsights_sitenote_note":"","_monsterinsights_sitenote_category":0,"footnotes":""},"categories":[4024],"tags":[6875,5394,6876,6877,6878,6874],"class_list":["post-172734","post","type-post","status-publish","format-standard","has-post-thumbnail","hentry","category-actualite","tag-de-chaque","tag-hospitality-le-salon-de-lhotellerie-et-de-la-restauration","tag-laccessibilite","tag-linclusivite","tag-lombardini22-fr","tag-lombardini22"],"acf":[],"yoast_head":"<!-- This site is optimized with the Yoast SEO plugin v27.5 - https:\/\/yoast.com\/product\/yoast-seo-wordpress\/ -->\n<title>DI OGNUNO revient \u00e0 Hospitality - The Hospitality Show, un projet cibl\u00e9 pour l&#039;inclusion<\/title>\n<meta name=\"robots\" content=\"index, follow, max-snippet:-1, max-image-preview:large, max-video-preview:-1\" \/>\n<link rel=\"canonical\" href=\"https:\/\/www.mondocamping.com\/fr\/di-ognuno-revient-a-hospitality-the-hospitality-show-un-projet-cible-pour-linclusion\/\" \/>\n<meta property=\"og:locale\" content=\"fr_FR\" \/>\n<meta property=\"og:type\" content=\"article\" \/>\n<meta property=\"og:title\" content=\"DI OGNUNO revient \u00e0 Hospitality - The Hospitality Show, un projet cibl\u00e9 pour l&#039;inclusion\" \/>\n<meta property=\"og:description\" content=\"\u00c0 Hospitality &#8211; Il Salone dell&rsquo;Accoglienza \u00e0 Riva del Garda, nous parlons d&rsquo;inclusion et d&rsquo;accessibilit\u00e9 d&rsquo;une mani\u00e8re originale, \u00e0 travers une exp\u00e9rience immersive. Le concept est le r\u00e9sultat de la volont\u00e9 d&rsquo;Hospitality, le principal salon international de l&rsquo;h\u00f4tellerie et de la restauration organis\u00e9 par Riva del Garda Fierecongressi : d\u00e9velopper une zone qui raconte l&rsquo;histoire [&hellip;]\" \/>\n<meta property=\"og:url\" content=\"https:\/\/www.mondocamping.com\/fr\/di-ognuno-revient-a-hospitality-the-hospitality-show-un-projet-cible-pour-linclusion\/\" \/>\n<meta property=\"og:site_name\" content=\"Mondo Camping\" \/>\n<meta property=\"article:publisher\" content=\"https:\/\/www.facebook.com\/mondobalneare\" \/>\n<meta property=\"article:author\" content=\"https:\/\/www.facebook.com\/mondocamping\" \/>\n<meta property=\"article:published_time\" content=\"2025-02-06T16:59:53+00:00\" \/>\n<meta property=\"article:modified_time\" content=\"2025-02-06T16:59:56+00:00\" \/>\n<meta property=\"og:image\" content=\"https:\/\/www.mondocamping.com\/wp-content\/uploads\/2025\/02\/Hospitality-2025_Lombardini22_Di-Ognuno-01_\u00a9Dario-e-Carlos-Tettamanzi.jpg\" \/>\n\t<meta property=\"og:image:width\" content=\"1200\" \/>\n\t<meta property=\"og:image:height\" content=\"628\" \/>\n\t<meta property=\"og:image:type\" content=\"image\/jpeg\" \/>\n<meta name=\"author\" content=\"Mondo Camping\" \/>\n<meta name=\"twitter:card\" content=\"summary_large_image\" \/>\n<meta name=\"twitter:creator\" content=\"@mondobalneare\" \/>\n<meta name=\"twitter:site\" content=\"@mondobalneare\" \/>\n<meta name=\"twitter:label1\" content=\"\u00c9crit par\" \/>\n\t<meta name=\"twitter:data1\" content=\"Mondo Camping\" \/>\n\t<meta name=\"twitter:label2\" content=\"Dur\u00e9e de lecture estim\u00e9e\" \/>\n\t<meta name=\"twitter:data2\" content=\"4 minutes\" \/>\n<script type=\"application\/ld+json\" class=\"yoast-schema-graph\">{\"@context\":\"https:\\\/\\\/schema.org\",\"@graph\":[{\"@type\":\"Article\",\"@id\":\"https:\\\/\\\/www.mondocamping.com\\\/fr\\\/di-ognuno-revient-a-hospitality-the-hospitality-show-un-projet-cible-pour-linclusion\\\/#article\",\"isPartOf\":{\"@id\":\"https:\\\/\\\/www.mondocamping.com\\\/fr\\\/di-ognuno-revient-a-hospitality-the-hospitality-show-un-projet-cible-pour-linclusion\\\/\"},\"author\":{\"name\":\"Mondo Camping\",\"@id\":\"https:\\\/\\\/www.mondocamping.com\\\/#\\\/schema\\\/person\\\/01a031b8c5ef08c2204bb0e696f0a760\"},\"headline\":\"DI OGNUNO revient \u00e0 Hospitality &#8211; The Hospitality Show, un projet cibl\u00e9 pour l&rsquo;inclusion\",\"datePublished\":\"2025-02-06T16:59:53+00:00\",\"dateModified\":\"2025-02-06T16:59:56+00:00\",\"mainEntityOfPage\":{\"@id\":\"https:\\\/\\\/www.mondocamping.com\\\/fr\\\/di-ognuno-revient-a-hospitality-the-hospitality-show-un-projet-cible-pour-linclusion\\\/\"},\"wordCount\":859,\"publisher\":{\"@id\":\"https:\\\/\\\/www.mondocamping.com\\\/#organization\"},\"image\":{\"@id\":\"https:\\\/\\\/www.mondocamping.com\\\/fr\\\/di-ognuno-revient-a-hospitality-the-hospitality-show-un-projet-cible-pour-linclusion\\\/#primaryimage\"},\"thumbnailUrl\":\"https:\\\/\\\/www.mondocamping.com\\\/wp-content\\\/uploads\\\/2025\\\/02\\\/Hospitality-2025_Lombardini22_Di-Ognuno-01_\u00a9Dario-e-Carlos-Tettamanzi.jpg\",\"keywords\":[\"DE CHAQUE\",\"Hospitality - Le salon de l'h\u00f4tellerie et de la restauration\",\"l'accessibilit\u00e9\",\"l'inclusivit\u00e9\",\"Lombardini22\",\"Lombardini22\"],\"articleSection\":[\"Actualit\u00e9\"],\"inLanguage\":\"fr-FR\"},{\"@type\":\"WebPage\",\"@id\":\"https:\\\/\\\/www.mondocamping.com\\\/fr\\\/di-ognuno-revient-a-hospitality-the-hospitality-show-un-projet-cible-pour-linclusion\\\/\",\"url\":\"https:\\\/\\\/www.mondocamping.com\\\/fr\\\/di-ognuno-revient-a-hospitality-the-hospitality-show-un-projet-cible-pour-linclusion\\\/\",\"name\":\"DI OGNUNO revient \u00e0 Hospitality - The Hospitality Show, un projet cibl\u00e9 pour l'inclusion\",\"isPartOf\":{\"@id\":\"https:\\\/\\\/www.mondocamping.com\\\/#website\"},\"primaryImageOfPage\":{\"@id\":\"https:\\\/\\\/www.mondocamping.com\\\/fr\\\/di-ognuno-revient-a-hospitality-the-hospitality-show-un-projet-cible-pour-linclusion\\\/#primaryimage\"},\"image\":{\"@id\":\"https:\\\/\\\/www.mondocamping.com\\\/fr\\\/di-ognuno-revient-a-hospitality-the-hospitality-show-un-projet-cible-pour-linclusion\\\/#primaryimage\"},\"thumbnailUrl\":\"https:\\\/\\\/www.mondocamping.com\\\/wp-content\\\/uploads\\\/2025\\\/02\\\/Hospitality-2025_Lombardini22_Di-Ognuno-01_\u00a9Dario-e-Carlos-Tettamanzi.jpg\",\"datePublished\":\"2025-02-06T16:59:53+00:00\",\"dateModified\":\"2025-02-06T16:59:56+00:00\",\"breadcrumb\":{\"@id\":\"https:\\\/\\\/www.mondocamping.com\\\/fr\\\/di-ognuno-revient-a-hospitality-the-hospitality-show-un-projet-cible-pour-linclusion\\\/#breadcrumb\"},\"inLanguage\":\"fr-FR\",\"potentialAction\":[{\"@type\":\"ReadAction\",\"target\":[\"https:\\\/\\\/www.mondocamping.com\\\/fr\\\/di-ognuno-revient-a-hospitality-the-hospitality-show-un-projet-cible-pour-linclusion\\\/\"]}]},{\"@type\":\"ImageObject\",\"inLanguage\":\"fr-FR\",\"@id\":\"https:\\\/\\\/www.mondocamping.com\\\/fr\\\/di-ognuno-revient-a-hospitality-the-hospitality-show-un-projet-cible-pour-linclusion\\\/#primaryimage\",\"url\":\"https:\\\/\\\/www.mondocamping.com\\\/wp-content\\\/uploads\\\/2025\\\/02\\\/Hospitality-2025_Lombardini22_Di-Ognuno-01_\u00a9Dario-e-Carlos-Tettamanzi.jpg\",\"contentUrl\":\"https:\\\/\\\/www.mondocamping.com\\\/wp-content\\\/uploads\\\/2025\\\/02\\\/Hospitality-2025_Lombardini22_Di-Ognuno-01_\u00a9Dario-e-Carlos-Tettamanzi.jpg\",\"width\":1200,\"height\":628,\"caption\":\"Photo credit: Hospitality-Il Salone dell\u2019Accoglienza\"},{\"@type\":\"BreadcrumbList\",\"@id\":\"https:\\\/\\\/www.mondocamping.com\\\/fr\\\/di-ognuno-revient-a-hospitality-the-hospitality-show-un-projet-cible-pour-linclusion\\\/#breadcrumb\",\"itemListElement\":[{\"@type\":\"ListItem\",\"position\":1,\"name\":\"Home\",\"item\":\"https:\\\/\\\/www.mondocamping.com\\\/fr\\\/\"},{\"@type\":\"ListItem\",\"position\":2,\"name\":\"DI OGNUNO revient \u00e0 Hospitality &#8211; The Hospitality Show, un projet cibl\u00e9 pour l&rsquo;inclusion\"}]},{\"@type\":\"WebSite\",\"@id\":\"https:\\\/\\\/www.mondocamping.com\\\/#website\",\"url\":\"https:\\\/\\\/www.mondocamping.com\\\/\",\"name\":\"Mondo Camping\",\"description\":\"Le portail d\u00e9di\u00e9 aux gestionnaires de campings et villages touristiques\",\"publisher\":{\"@id\":\"https:\\\/\\\/www.mondocamping.com\\\/#organization\"},\"potentialAction\":[{\"@type\":\"SearchAction\",\"target\":{\"@type\":\"EntryPoint\",\"urlTemplate\":\"https:\\\/\\\/www.mondocamping.com\\\/?s={search_term_string}\"},\"query-input\":{\"@type\":\"PropertyValueSpecification\",\"valueRequired\":true,\"valueName\":\"search_term_string\"}}],\"inLanguage\":\"fr-FR\"},{\"@type\":\"Organization\",\"@id\":\"https:\\\/\\\/www.mondocamping.com\\\/#organization\",\"name\":\"Mondo Camping\",\"url\":\"https:\\\/\\\/www.mondocamping.com\\\/\",\"logo\":{\"@type\":\"ImageObject\",\"inLanguage\":\"fr-FR\",\"@id\":\"https:\\\/\\\/www.mondocamping.com\\\/#\\\/schema\\\/logo\\\/image\\\/\",\"url\":\"https:\\\/\\\/www.mondocamping.com\\\/wp-content\\\/uploads\\\/2022\\\/04\\\/mondo-camping-logo-contornato-1.png\",\"contentUrl\":\"https:\\\/\\\/www.mondocamping.com\\\/wp-content\\\/uploads\\\/2022\\\/04\\\/mondo-camping-logo-contornato-1.png\",\"width\":280,\"height\":90,\"caption\":\"Mondo Camping\"},\"image\":{\"@id\":\"https:\\\/\\\/www.mondocamping.com\\\/#\\\/schema\\\/logo\\\/image\\\/\"},\"sameAs\":[\"https:\\\/\\\/www.facebook.com\\\/mondobalneare\",\"https:\\\/\\\/x.com\\\/mondobalneare\",\"https:\\\/\\\/www.instagram.com\\\/mondobalneare\\\/\",\"https:\\\/\\\/www.linkedin.com\\\/company\\\/67180810\\\/\",\"https:\\\/\\\/www.youtube.com\\\/user\\\/mondobalnearevideo\"]},{\"@type\":\"Person\",\"@id\":\"https:\\\/\\\/www.mondocamping.com\\\/#\\\/schema\\\/person\\\/01a031b8c5ef08c2204bb0e696f0a760\",\"name\":\"Mondo Camping\",\"image\":{\"@type\":\"ImageObject\",\"inLanguage\":\"fr-FR\",\"@id\":\"https:\\\/\\\/www.mondocamping.com\\\/wp-content\\\/uploads\\\/2022\\\/05\\\/cropped-icona-MONDO-CAMPING-150x150.png\",\"url\":\"https:\\\/\\\/www.mondocamping.com\\\/wp-content\\\/uploads\\\/2022\\\/05\\\/cropped-icona-MONDO-CAMPING-150x150.png\",\"contentUrl\":\"https:\\\/\\\/www.mondocamping.com\\\/wp-content\\\/uploads\\\/2022\\\/05\\\/cropped-icona-MONDO-CAMPING-150x150.png\",\"caption\":\"Mondo Camping\"},\"sameAs\":[\"https:\\\/\\\/www.mondocamping.com\\\/\",\"https:\\\/\\\/www.facebook.com\\\/mondocamping\"]}]}<\/script>\n<!-- \/ Yoast SEO plugin. -->","yoast_head_json":{"title":"DI OGNUNO revient \u00e0 Hospitality - The Hospitality Show, un projet cibl\u00e9 pour l'inclusion","robots":{"index":"index","follow":"follow","max-snippet":"max-snippet:-1","max-image-preview":"max-image-preview:large","max-video-preview":"max-video-preview:-1"},"canonical":"https:\/\/www.mondocamping.com\/fr\/di-ognuno-revient-a-hospitality-the-hospitality-show-un-projet-cible-pour-linclusion\/","og_locale":"fr_FR","og_type":"article","og_title":"DI OGNUNO revient \u00e0 Hospitality - The Hospitality Show, un projet cibl\u00e9 pour l'inclusion","og_description":"\u00c0 Hospitality &#8211; Il Salone dell&rsquo;Accoglienza \u00e0 Riva del Garda, nous parlons d&rsquo;inclusion et d&rsquo;accessibilit\u00e9 d&rsquo;une mani\u00e8re originale, \u00e0 travers une exp\u00e9rience immersive. Le concept est le r\u00e9sultat de la volont\u00e9 d&rsquo;Hospitality, le principal salon international de l&rsquo;h\u00f4tellerie et de la restauration organis\u00e9 par Riva del Garda Fierecongressi : d\u00e9velopper une zone qui raconte l&rsquo;histoire [&hellip;]","og_url":"https:\/\/www.mondocamping.com\/fr\/di-ognuno-revient-a-hospitality-the-hospitality-show-un-projet-cible-pour-linclusion\/","og_site_name":"Mondo Camping","article_publisher":"https:\/\/www.facebook.com\/mondobalneare","article_author":"https:\/\/www.facebook.com\/mondocamping","article_published_time":"2025-02-06T16:59:53+00:00","article_modified_time":"2025-02-06T16:59:56+00:00","og_image":[{"width":1200,"height":628,"url":"https:\/\/www.mondocamping.com\/wp-content\/uploads\/2025\/02\/Hospitality-2025_Lombardini22_Di-Ognuno-01_\u00a9Dario-e-Carlos-Tettamanzi.jpg","type":"image\/jpeg"}],"author":"Mondo Camping","twitter_card":"summary_large_image","twitter_creator":"@mondobalneare","twitter_site":"@mondobalneare","twitter_misc":{"\u00c9crit par":"Mondo Camping","Dur\u00e9e de lecture estim\u00e9e":"4 minutes"},"schema":{"@context":"https:\/\/schema.org","@graph":[{"@type":"Article","@id":"https:\/\/www.mondocamping.com\/fr\/di-ognuno-revient-a-hospitality-the-hospitality-show-un-projet-cible-pour-linclusion\/#article","isPartOf":{"@id":"https:\/\/www.mondocamping.com\/fr\/di-ognuno-revient-a-hospitality-the-hospitality-show-un-projet-cible-pour-linclusion\/"},"author":{"name":"Mondo Camping","@id":"https:\/\/www.mondocamping.com\/#\/schema\/person\/01a031b8c5ef08c2204bb0e696f0a760"},"headline":"DI OGNUNO revient \u00e0 Hospitality &#8211; The Hospitality Show, un projet cibl\u00e9 pour l&rsquo;inclusion","datePublished":"2025-02-06T16:59:53+00:00","dateModified":"2025-02-06T16:59:56+00:00","mainEntityOfPage":{"@id":"https:\/\/www.mondocamping.com\/fr\/di-ognuno-revient-a-hospitality-the-hospitality-show-un-projet-cible-pour-linclusion\/"},"wordCount":859,"publisher":{"@id":"https:\/\/www.mondocamping.com\/#organization"},"image":{"@id":"https:\/\/www.mondocamping.com\/fr\/di-ognuno-revient-a-hospitality-the-hospitality-show-un-projet-cible-pour-linclusion\/#primaryimage"},"thumbnailUrl":"https:\/\/www.mondocamping.com\/wp-content\/uploads\/2025\/02\/Hospitality-2025_Lombardini22_Di-Ognuno-01_\u00a9Dario-e-Carlos-Tettamanzi.jpg","keywords":["DE CHAQUE","Hospitality - Le salon de l'h\u00f4tellerie et de la restauration","l'accessibilit\u00e9","l'inclusivit\u00e9","Lombardini22","Lombardini22"],"articleSection":["Actualit\u00e9"],"inLanguage":"fr-FR"},{"@type":"WebPage","@id":"https:\/\/www.mondocamping.com\/fr\/di-ognuno-revient-a-hospitality-the-hospitality-show-un-projet-cible-pour-linclusion\/","url":"https:\/\/www.mondocamping.com\/fr\/di-ognuno-revient-a-hospitality-the-hospitality-show-un-projet-cible-pour-linclusion\/","name":"DI OGNUNO revient \u00e0 Hospitality - The Hospitality Show, un projet cibl\u00e9 pour l'inclusion","isPartOf":{"@id":"https:\/\/www.mondocamping.com\/#website"},"primaryImageOfPage":{"@id":"https:\/\/www.mondocamping.com\/fr\/di-ognuno-revient-a-hospitality-the-hospitality-show-un-projet-cible-pour-linclusion\/#primaryimage"},"image":{"@id":"https:\/\/www.mondocamping.com\/fr\/di-ognuno-revient-a-hospitality-the-hospitality-show-un-projet-cible-pour-linclusion\/#primaryimage"},"thumbnailUrl":"https:\/\/www.mondocamping.com\/wp-content\/uploads\/2025\/02\/Hospitality-2025_Lombardini22_Di-Ognuno-01_\u00a9Dario-e-Carlos-Tettamanzi.jpg","datePublished":"2025-02-06T16:59:53+00:00","dateModified":"2025-02-06T16:59:56+00:00","breadcrumb":{"@id":"https:\/\/www.mondocamping.com\/fr\/di-ognuno-revient-a-hospitality-the-hospitality-show-un-projet-cible-pour-linclusion\/#breadcrumb"},"inLanguage":"fr-FR","potentialAction":[{"@type":"ReadAction","target":["https:\/\/www.mondocamping.com\/fr\/di-ognuno-revient-a-hospitality-the-hospitality-show-un-projet-cible-pour-linclusion\/"]}]},{"@type":"ImageObject","inLanguage":"fr-FR","@id":"https:\/\/www.mondocamping.com\/fr\/di-ognuno-revient-a-hospitality-the-hospitality-show-un-projet-cible-pour-linclusion\/#primaryimage","url":"https:\/\/www.mondocamping.com\/wp-content\/uploads\/2025\/02\/Hospitality-2025_Lombardini22_Di-Ognuno-01_\u00a9Dario-e-Carlos-Tettamanzi.jpg","contentUrl":"https:\/\/www.mondocamping.com\/wp-content\/uploads\/2025\/02\/Hospitality-2025_Lombardini22_Di-Ognuno-01_\u00a9Dario-e-Carlos-Tettamanzi.jpg","width":1200,"height":628,"caption":"Photo credit: Hospitality-Il Salone dell\u2019Accoglienza"},{"@type":"BreadcrumbList","@id":"https:\/\/www.mondocamping.com\/fr\/di-ognuno-revient-a-hospitality-the-hospitality-show-un-projet-cible-pour-linclusion\/#breadcrumb","itemListElement":[{"@type":"ListItem","position":1,"name":"Home","item":"https:\/\/www.mondocamping.com\/fr\/"},{"@type":"ListItem","position":2,"name":"DI OGNUNO revient \u00e0 Hospitality &#8211; The Hospitality Show, un projet cibl\u00e9 pour l&rsquo;inclusion"}]},{"@type":"WebSite","@id":"https:\/\/www.mondocamping.com\/#website","url":"https:\/\/www.mondocamping.com\/","name":"Mondo Camping","description":"Le portail d\u00e9di\u00e9 aux gestionnaires de campings et villages touristiques","publisher":{"@id":"https:\/\/www.mondocamping.com\/#organization"},"potentialAction":[{"@type":"SearchAction","target":{"@type":"EntryPoint","urlTemplate":"https:\/\/www.mondocamping.com\/?s={search_term_string}"},"query-input":{"@type":"PropertyValueSpecification","valueRequired":true,"valueName":"search_term_string"}}],"inLanguage":"fr-FR"},{"@type":"Organization","@id":"https:\/\/www.mondocamping.com\/#organization","name":"Mondo Camping","url":"https:\/\/www.mondocamping.com\/","logo":{"@type":"ImageObject","inLanguage":"fr-FR","@id":"https:\/\/www.mondocamping.com\/#\/schema\/logo\/image\/","url":"https:\/\/www.mondocamping.com\/wp-content\/uploads\/2022\/04\/mondo-camping-logo-contornato-1.png","contentUrl":"https:\/\/www.mondocamping.com\/wp-content\/uploads\/2022\/04\/mondo-camping-logo-contornato-1.png","width":280,"height":90,"caption":"Mondo Camping"},"image":{"@id":"https:\/\/www.mondocamping.com\/#\/schema\/logo\/image\/"},"sameAs":["https:\/\/www.facebook.com\/mondobalneare","https:\/\/x.com\/mondobalneare","https:\/\/www.instagram.com\/mondobalneare\/","https:\/\/www.linkedin.com\/company\/67180810\/","https:\/\/www.youtube.com\/user\/mondobalnearevideo"]},{"@type":"Person","@id":"https:\/\/www.mondocamping.com\/#\/schema\/person\/01a031b8c5ef08c2204bb0e696f0a760","name":"Mondo Camping","image":{"@type":"ImageObject","inLanguage":"fr-FR","@id":"https:\/\/www.mondocamping.com\/wp-content\/uploads\/2022\/05\/cropped-icona-MONDO-CAMPING-150x150.png","url":"https:\/\/www.mondocamping.com\/wp-content\/uploads\/2022\/05\/cropped-icona-MONDO-CAMPING-150x150.png","contentUrl":"https:\/\/www.mondocamping.com\/wp-content\/uploads\/2022\/05\/cropped-icona-MONDO-CAMPING-150x150.png","caption":"Mondo Camping"},"sameAs":["https:\/\/www.mondocamping.com\/","https:\/\/www.facebook.com\/mondocamping"]}]}},"_links":{"self":[{"href":"https:\/\/www.mondocamping.com\/fr\/wp-json\/wp\/v2\/posts\/172734","targetHints":{"allow":["GET"]}}],"collection":[{"href":"https:\/\/www.mondocamping.com\/fr\/wp-json\/wp\/v2\/posts"}],"about":[{"href":"https:\/\/www.mondocamping.com\/fr\/wp-json\/wp\/v2\/types\/post"}],"author":[{"embeddable":true,"href":"https:\/\/www.mondocamping.com\/fr\/wp-json\/wp\/v2\/users\/5"}],"replies":[{"embeddable":true,"href":"https:\/\/www.mondocamping.com\/fr\/wp-json\/wp\/v2\/comments?post=172734"}],"version-history":[{"count":1,"href":"https:\/\/www.mondocamping.com\/fr\/wp-json\/wp\/v2\/posts\/172734\/revisions"}],"predecessor-version":[{"id":172735,"href":"https:\/\/www.mondocamping.com\/fr\/wp-json\/wp\/v2\/posts\/172734\/revisions\/172735"}],"wp:featuredmedia":[{"embeddable":true,"href":"https:\/\/www.mondocamping.com\/fr\/wp-json\/wp\/v2\/media\/172727"}],"wp:attachment":[{"href":"https:\/\/www.mondocamping.com\/fr\/wp-json\/wp\/v2\/media?parent=172734"}],"wp:term":[{"taxonomy":"category","embeddable":true,"href":"https:\/\/www.mondocamping.com\/fr\/wp-json\/wp\/v2\/categories?post=172734"},{"taxonomy":"post_tag","embeddable":true,"href":"https:\/\/www.mondocamping.com\/fr\/wp-json\/wp\/v2\/tags?post=172734"}],"curies":[{"name":"wp","href":"https:\/\/api.w.org\/{rel}","templated":true}]}}