{"id":173018,"date":"2025-02-18T18:33:53","date_gmt":"2025-02-18T17:33:53","guid":{"rendered":"https:\/\/www.mondocamping.com\/sommet-autrichien-du-camping-a-graz\/"},"modified":"2025-02-18T18:39:57","modified_gmt":"2025-02-18T17:39:57","slug":"sommet-autrichien-du-camping-a-graz","status":"publish","type":"post","link":"https:\/\/www.mondocamping.com\/fr\/sommet-autrichien-du-camping-a-graz\/","title":{"rendered":"Sommet autrichien du camping \u00e0 Graz"},"content":{"rendered":"\n<p>Apr\u00e8s le succ\u00e8s de l&rsquo;ann\u00e9e derni\u00e8re, le <a href=\"https:\/\/campinggipfelaustria.info\/\" target=\"_blank\" rel=\"noreferrer noopener\"><strong>Camping Gipfel \u00d6sterreich<\/strong><\/a>\u00e0 l&rsquo;<em>Europasaal de <\/em>la Chambre \u00e9conomique de Styrie \u00e0 Graz<em>. <\/em> <\/p>\n\n<p>Le <strong>sommet autrichien du camping<\/strong>, organis\u00e9 par<strong><em> <\/em><\/strong><em>Camping Initiative Steiermark<\/em>, en coop\u00e9ration avec les associations professionnelles et les organisations de loisirs et de sports de la Chambre \u00e9conomique f\u00e9d\u00e9rale autrichienne, est une rencontre tr\u00e8s attendue par les professionnels de l&rsquo;industrie pour discuter de sujets li\u00e9s au monde du plein air, un secteur de plus en plus important dans l&rsquo;offre touristique autrichienne.  <\/p>\n\n<p>L&rsquo;\u00e9v\u00e9nement se concentrera sur deux facteurs qui accompagneront l&rsquo;avenir du plein air : la <strong>technologie <\/strong>et la <strong>durabilit\u00e9<\/strong>, ainsi que leurs interactions. Lors du sommet, des sc\u00e9narios d&rsquo;avenir seront esquiss\u00e9s par les plus grands experts autrichiens du tourisme et du camping, qui donneront leur point de vue sur les plans et les infrastructures n\u00e9cessaires. De nombreux sujets seront abord\u00e9s au cours des deux journ\u00e9es de l&rsquo;\u00e9v\u00e9nement : \u00e0 la fin de chaque exposition, des d\u00e9bats et des discussions permettront de faire le point et d&rsquo;esquisser des id\u00e9es et des solutions possibles.    <\/p>\n\n<p><strong>Le sommet autrichien du camping sera l&rsquo;occasion d&rsquo;une remise \u00e0 niveau pour les participants, mais aussi d&rsquo;une mise en r\u00e9seau<\/strong>. Le secteur du camping autrichien est en plein essor : l&rsquo;ann\u00e9e derni\u00e8re, plus de 8,3 millions de nuit\u00e9es ont \u00e9t\u00e9 enregistr\u00e9es dans les campings et les emplacements du pays. Il est donc important non seulement d&rsquo;observer le march\u00e9, mais aussi de d\u00e9velopper des strat\u00e9gies pour l&rsquo;avenir, pour les municipalit\u00e9s, les r\u00e9gions, les institutions touristiques publiques et les exploitants de campings. <\/p>\n\n<p>Pour recevoir plus d&rsquo;informations et participer \u00e0 l&rsquo;\u00e9v\u00e9nement des 10 et 11 avril, vous trouverez toutes les indications n\u00e9cessaires sur ce<a href=\"https:\/\/campinggipfelaustria.info\/anmeldung\/\"> lien<\/a>.  <\/p>\n\n<p><\/p>\n","protected":false},"excerpt":{"rendered":"<p>Apr\u00e8s le succ\u00e8s de l&rsquo;ann\u00e9e derni\u00e8re, le Camping Gipfel \u00d6sterreich\u00e0 l&rsquo;Europasaal de la Chambre \u00e9conomique de Styrie \u00e0 Graz. Le sommet autrichien du camping, organis\u00e9 par Camping Initiative Steiermark, en coop\u00e9ration avec les associations professionnelles et les organisations de loisirs et de sports de la Chambre \u00e9conomique f\u00e9d\u00e9rale autrichienne, est une rencontre tr\u00e8s attendue par [&hellip;]<\/p>\n","protected":false},"author":5,"featured_media":173008,"comment_status":"closed","ping_status":"closed","sticky":false,"template":"","format":"standard","meta":{"_acf_changed":false,"_monsterinsights_skip_tracking":false,"_monsterinsights_sitenote_active":false,"_monsterinsights_sitenote_note":"","_monsterinsights_sitenote_category":0,"footnotes":""},"categories":[4024],"tags":[6919,4210,4189,6921,4262,6920,4079],"class_list":["post-173018","post","type-post","status-publish","format-standard","has-post-thumbnail","hentry","category-actualite","tag-autriche","tag-camping-fr-2","tag-camping-fr","tag-graz-fr","tag-mondo-camping-fr","tag-sommet-autrichien-du-camping","tag-tourisme-de-plein-air"],"acf":[],"yoast_head":"<!-- This site is optimized with the Yoast SEO plugin v27.5 - https:\/\/yoast.com\/product\/yoast-seo-wordpress\/ -->\n<title>Sommet autrichien du camping \u00e0 Graz<\/title>\n<meta name=\"robots\" content=\"index, follow, max-snippet:-1, max-image-preview:large, max-video-preview:-1\" \/>\n<link rel=\"canonical\" href=\"https:\/\/www.mondocamping.com\/fr\/sommet-autrichien-du-camping-a-graz\/\" \/>\n<meta property=\"og:locale\" content=\"fr_FR\" \/>\n<meta property=\"og:type\" content=\"article\" \/>\n<meta property=\"og:title\" content=\"Sommet autrichien du camping \u00e0 Graz\" \/>\n<meta property=\"og:description\" content=\"Apr\u00e8s le succ\u00e8s de l&rsquo;ann\u00e9e derni\u00e8re, le Camping Gipfel \u00d6sterreich\u00e0 l&rsquo;Europasaal de la Chambre \u00e9conomique de Styrie \u00e0 Graz. Le sommet autrichien du camping, organis\u00e9 par Camping Initiative Steiermark, en coop\u00e9ration avec les associations professionnelles et les organisations de loisirs et de sports de la Chambre \u00e9conomique f\u00e9d\u00e9rale autrichienne, est une rencontre tr\u00e8s attendue par [&hellip;]\" \/>\n<meta property=\"og:url\" content=\"https:\/\/www.mondocamping.com\/fr\/sommet-autrichien-du-camping-a-graz\/\" \/>\n<meta property=\"og:site_name\" content=\"Mondo Camping\" \/>\n<meta property=\"article:publisher\" content=\"https:\/\/www.facebook.com\/mondobalneare\" \/>\n<meta property=\"article:author\" content=\"https:\/\/www.facebook.com\/mondocamping\" \/>\n<meta property=\"article:published_time\" content=\"2025-02-18T17:33:53+00:00\" \/>\n<meta property=\"article:modified_time\" content=\"2025-02-18T17:39:57+00:00\" \/>\n<meta property=\"og:image\" content=\"https:\/\/www.mondocamping.com\/wp-content\/uploads\/2025\/02\/Screenshot-2025-02-18-alle-18.24.26.png\" \/>\n\t<meta property=\"og:image:width\" content=\"1200\" \/>\n\t<meta property=\"og:image:height\" content=\"628\" \/>\n\t<meta property=\"og:image:type\" content=\"image\/png\" \/>\n<meta name=\"author\" content=\"Mondo Camping\" \/>\n<meta name=\"twitter:card\" content=\"summary_large_image\" \/>\n<meta name=\"twitter:creator\" content=\"@mondobalneare\" \/>\n<meta name=\"twitter:site\" content=\"@mondobalneare\" \/>\n<meta name=\"twitter:label1\" content=\"\u00c9crit par\" \/>\n\t<meta name=\"twitter:data1\" content=\"Mondo Camping\" \/>\n\t<meta name=\"twitter:label2\" content=\"Dur\u00e9e de lecture estim\u00e9e\" \/>\n\t<meta name=\"twitter:data2\" content=\"1 minute\" \/>\n<script type=\"application\/ld+json\" class=\"yoast-schema-graph\">{\"@context\":\"https:\\\/\\\/schema.org\",\"@graph\":[{\"@type\":\"Article\",\"@id\":\"https:\\\/\\\/www.mondocamping.com\\\/fr\\\/sommet-autrichien-du-camping-a-graz\\\/#article\",\"isPartOf\":{\"@id\":\"https:\\\/\\\/www.mondocamping.com\\\/fr\\\/sommet-autrichien-du-camping-a-graz\\\/\"},\"author\":{\"name\":\"Mondo Camping\",\"@id\":\"https:\\\/\\\/www.mondocamping.com\\\/#\\\/schema\\\/person\\\/01a031b8c5ef08c2204bb0e696f0a760\"},\"headline\":\"Sommet autrichien du camping \u00e0 Graz\",\"datePublished\":\"2025-02-18T17:33:53+00:00\",\"dateModified\":\"2025-02-18T17:39:57+00:00\",\"mainEntityOfPage\":{\"@id\":\"https:\\\/\\\/www.mondocamping.com\\\/fr\\\/sommet-autrichien-du-camping-a-graz\\\/\"},\"wordCount\":314,\"publisher\":{\"@id\":\"https:\\\/\\\/www.mondocamping.com\\\/#organization\"},\"image\":{\"@id\":\"https:\\\/\\\/www.mondocamping.com\\\/fr\\\/sommet-autrichien-du-camping-a-graz\\\/#primaryimage\"},\"thumbnailUrl\":\"https:\\\/\\\/www.mondocamping.com\\\/wp-content\\\/uploads\\\/2025\\\/02\\\/Screenshot-2025-02-18-alle-18.24.26.png\",\"keywords\":[\"Autriche\",\"camping\",\"camping\",\"Graz\",\"Mondo Camping\",\"Sommet autrichien du camping\",\"Tourisme de plein air\"],\"articleSection\":[\"Actualit\u00e9\"],\"inLanguage\":\"fr-FR\"},{\"@type\":\"WebPage\",\"@id\":\"https:\\\/\\\/www.mondocamping.com\\\/fr\\\/sommet-autrichien-du-camping-a-graz\\\/\",\"url\":\"https:\\\/\\\/www.mondocamping.com\\\/fr\\\/sommet-autrichien-du-camping-a-graz\\\/\",\"name\":\"Sommet autrichien du camping \u00e0 Graz\",\"isPartOf\":{\"@id\":\"https:\\\/\\\/www.mondocamping.com\\\/#website\"},\"primaryImageOfPage\":{\"@id\":\"https:\\\/\\\/www.mondocamping.com\\\/fr\\\/sommet-autrichien-du-camping-a-graz\\\/#primaryimage\"},\"image\":{\"@id\":\"https:\\\/\\\/www.mondocamping.com\\\/fr\\\/sommet-autrichien-du-camping-a-graz\\\/#primaryimage\"},\"thumbnailUrl\":\"https:\\\/\\\/www.mondocamping.com\\\/wp-content\\\/uploads\\\/2025\\\/02\\\/Screenshot-2025-02-18-alle-18.24.26.png\",\"datePublished\":\"2025-02-18T17:33:53+00:00\",\"dateModified\":\"2025-02-18T17:39:57+00:00\",\"breadcrumb\":{\"@id\":\"https:\\\/\\\/www.mondocamping.com\\\/fr\\\/sommet-autrichien-du-camping-a-graz\\\/#breadcrumb\"},\"inLanguage\":\"fr-FR\",\"potentialAction\":[{\"@type\":\"ReadAction\",\"target\":[\"https:\\\/\\\/www.mondocamping.com\\\/fr\\\/sommet-autrichien-du-camping-a-graz\\\/\"]}]},{\"@type\":\"ImageObject\",\"inLanguage\":\"fr-FR\",\"@id\":\"https:\\\/\\\/www.mondocamping.com\\\/fr\\\/sommet-autrichien-du-camping-a-graz\\\/#primaryimage\",\"url\":\"https:\\\/\\\/www.mondocamping.com\\\/wp-content\\\/uploads\\\/2025\\\/02\\\/Screenshot-2025-02-18-alle-18.24.26.png\",\"contentUrl\":\"https:\\\/\\\/www.mondocamping.com\\\/wp-content\\\/uploads\\\/2025\\\/02\\\/Screenshot-2025-02-18-alle-18.24.26.png\",\"width\":1200,\"height\":628,\"caption\":\"Photo credit: campinggipfelaustria.info\"},{\"@type\":\"BreadcrumbList\",\"@id\":\"https:\\\/\\\/www.mondocamping.com\\\/fr\\\/sommet-autrichien-du-camping-a-graz\\\/#breadcrumb\",\"itemListElement\":[{\"@type\":\"ListItem\",\"position\":1,\"name\":\"Home\",\"item\":\"https:\\\/\\\/www.mondocamping.com\\\/fr\\\/\"},{\"@type\":\"ListItem\",\"position\":2,\"name\":\"Sommet autrichien du camping \u00e0 Graz\"}]},{\"@type\":\"WebSite\",\"@id\":\"https:\\\/\\\/www.mondocamping.com\\\/#website\",\"url\":\"https:\\\/\\\/www.mondocamping.com\\\/\",\"name\":\"Mondo Camping\",\"description\":\"Le portail d\u00e9di\u00e9 aux gestionnaires de campings et villages touristiques\",\"publisher\":{\"@id\":\"https:\\\/\\\/www.mondocamping.com\\\/#organization\"},\"potentialAction\":[{\"@type\":\"SearchAction\",\"target\":{\"@type\":\"EntryPoint\",\"urlTemplate\":\"https:\\\/\\\/www.mondocamping.com\\\/?s={search_term_string}\"},\"query-input\":{\"@type\":\"PropertyValueSpecification\",\"valueRequired\":true,\"valueName\":\"search_term_string\"}}],\"inLanguage\":\"fr-FR\"},{\"@type\":\"Organization\",\"@id\":\"https:\\\/\\\/www.mondocamping.com\\\/#organization\",\"name\":\"Mondo Camping\",\"url\":\"https:\\\/\\\/www.mondocamping.com\\\/\",\"logo\":{\"@type\":\"ImageObject\",\"inLanguage\":\"fr-FR\",\"@id\":\"https:\\\/\\\/www.mondocamping.com\\\/#\\\/schema\\\/logo\\\/image\\\/\",\"url\":\"https:\\\/\\\/www.mondocamping.com\\\/wp-content\\\/uploads\\\/2022\\\/04\\\/mondo-camping-logo-contornato-1.png\",\"contentUrl\":\"https:\\\/\\\/www.mondocamping.com\\\/wp-content\\\/uploads\\\/2022\\\/04\\\/mondo-camping-logo-contornato-1.png\",\"width\":280,\"height\":90,\"caption\":\"Mondo Camping\"},\"image\":{\"@id\":\"https:\\\/\\\/www.mondocamping.com\\\/#\\\/schema\\\/logo\\\/image\\\/\"},\"sameAs\":[\"https:\\\/\\\/www.facebook.com\\\/mondobalneare\",\"https:\\\/\\\/x.com\\\/mondobalneare\",\"https:\\\/\\\/www.instagram.com\\\/mondobalneare\\\/\",\"https:\\\/\\\/www.linkedin.com\\\/company\\\/67180810\\\/\",\"https:\\\/\\\/www.youtube.com\\\/user\\\/mondobalnearevideo\"]},{\"@type\":\"Person\",\"@id\":\"https:\\\/\\\/www.mondocamping.com\\\/#\\\/schema\\\/person\\\/01a031b8c5ef08c2204bb0e696f0a760\",\"name\":\"Mondo Camping\",\"image\":{\"@type\":\"ImageObject\",\"inLanguage\":\"fr-FR\",\"@id\":\"https:\\\/\\\/www.mondocamping.com\\\/wp-content\\\/uploads\\\/2022\\\/05\\\/cropped-icona-MONDO-CAMPING-150x150.png\",\"url\":\"https:\\\/\\\/www.mondocamping.com\\\/wp-content\\\/uploads\\\/2022\\\/05\\\/cropped-icona-MONDO-CAMPING-150x150.png\",\"contentUrl\":\"https:\\\/\\\/www.mondocamping.com\\\/wp-content\\\/uploads\\\/2022\\\/05\\\/cropped-icona-MONDO-CAMPING-150x150.png\",\"caption\":\"Mondo Camping\"},\"sameAs\":[\"https:\\\/\\\/www.mondocamping.com\\\/\",\"https:\\\/\\\/www.facebook.com\\\/mondocamping\"]}]}<\/script>\n<!-- \/ Yoast SEO plugin. -->","yoast_head_json":{"title":"Sommet autrichien du camping \u00e0 Graz","robots":{"index":"index","follow":"follow","max-snippet":"max-snippet:-1","max-image-preview":"max-image-preview:large","max-video-preview":"max-video-preview:-1"},"canonical":"https:\/\/www.mondocamping.com\/fr\/sommet-autrichien-du-camping-a-graz\/","og_locale":"fr_FR","og_type":"article","og_title":"Sommet autrichien du camping \u00e0 Graz","og_description":"Apr\u00e8s le succ\u00e8s de l&rsquo;ann\u00e9e derni\u00e8re, le Camping Gipfel \u00d6sterreich\u00e0 l&rsquo;Europasaal de la Chambre \u00e9conomique de Styrie \u00e0 Graz. Le sommet autrichien du camping, organis\u00e9 par Camping Initiative Steiermark, en coop\u00e9ration avec les associations professionnelles et les organisations de loisirs et de sports de la Chambre \u00e9conomique f\u00e9d\u00e9rale autrichienne, est une rencontre tr\u00e8s attendue par [&hellip;]","og_url":"https:\/\/www.mondocamping.com\/fr\/sommet-autrichien-du-camping-a-graz\/","og_site_name":"Mondo Camping","article_publisher":"https:\/\/www.facebook.com\/mondobalneare","article_author":"https:\/\/www.facebook.com\/mondocamping","article_published_time":"2025-02-18T17:33:53+00:00","article_modified_time":"2025-02-18T17:39:57+00:00","og_image":[{"width":1200,"height":628,"url":"https:\/\/www.mondocamping.com\/wp-content\/uploads\/2025\/02\/Screenshot-2025-02-18-alle-18.24.26.png","type":"image\/png"}],"author":"Mondo Camping","twitter_card":"summary_large_image","twitter_creator":"@mondobalneare","twitter_site":"@mondobalneare","twitter_misc":{"\u00c9crit par":"Mondo Camping","Dur\u00e9e de lecture estim\u00e9e":"1 minute"},"schema":{"@context":"https:\/\/schema.org","@graph":[{"@type":"Article","@id":"https:\/\/www.mondocamping.com\/fr\/sommet-autrichien-du-camping-a-graz\/#article","isPartOf":{"@id":"https:\/\/www.mondocamping.com\/fr\/sommet-autrichien-du-camping-a-graz\/"},"author":{"name":"Mondo Camping","@id":"https:\/\/www.mondocamping.com\/#\/schema\/person\/01a031b8c5ef08c2204bb0e696f0a760"},"headline":"Sommet autrichien du camping \u00e0 Graz","datePublished":"2025-02-18T17:33:53+00:00","dateModified":"2025-02-18T17:39:57+00:00","mainEntityOfPage":{"@id":"https:\/\/www.mondocamping.com\/fr\/sommet-autrichien-du-camping-a-graz\/"},"wordCount":314,"publisher":{"@id":"https:\/\/www.mondocamping.com\/#organization"},"image":{"@id":"https:\/\/www.mondocamping.com\/fr\/sommet-autrichien-du-camping-a-graz\/#primaryimage"},"thumbnailUrl":"https:\/\/www.mondocamping.com\/wp-content\/uploads\/2025\/02\/Screenshot-2025-02-18-alle-18.24.26.png","keywords":["Autriche","camping","camping","Graz","Mondo Camping","Sommet autrichien du camping","Tourisme de plein air"],"articleSection":["Actualit\u00e9"],"inLanguage":"fr-FR"},{"@type":"WebPage","@id":"https:\/\/www.mondocamping.com\/fr\/sommet-autrichien-du-camping-a-graz\/","url":"https:\/\/www.mondocamping.com\/fr\/sommet-autrichien-du-camping-a-graz\/","name":"Sommet autrichien du camping \u00e0 Graz","isPartOf":{"@id":"https:\/\/www.mondocamping.com\/#website"},"primaryImageOfPage":{"@id":"https:\/\/www.mondocamping.com\/fr\/sommet-autrichien-du-camping-a-graz\/#primaryimage"},"image":{"@id":"https:\/\/www.mondocamping.com\/fr\/sommet-autrichien-du-camping-a-graz\/#primaryimage"},"thumbnailUrl":"https:\/\/www.mondocamping.com\/wp-content\/uploads\/2025\/02\/Screenshot-2025-02-18-alle-18.24.26.png","datePublished":"2025-02-18T17:33:53+00:00","dateModified":"2025-02-18T17:39:57+00:00","breadcrumb":{"@id":"https:\/\/www.mondocamping.com\/fr\/sommet-autrichien-du-camping-a-graz\/#breadcrumb"},"inLanguage":"fr-FR","potentialAction":[{"@type":"ReadAction","target":["https:\/\/www.mondocamping.com\/fr\/sommet-autrichien-du-camping-a-graz\/"]}]},{"@type":"ImageObject","inLanguage":"fr-FR","@id":"https:\/\/www.mondocamping.com\/fr\/sommet-autrichien-du-camping-a-graz\/#primaryimage","url":"https:\/\/www.mondocamping.com\/wp-content\/uploads\/2025\/02\/Screenshot-2025-02-18-alle-18.24.26.png","contentUrl":"https:\/\/www.mondocamping.com\/wp-content\/uploads\/2025\/02\/Screenshot-2025-02-18-alle-18.24.26.png","width":1200,"height":628,"caption":"Photo credit: campinggipfelaustria.info"},{"@type":"BreadcrumbList","@id":"https:\/\/www.mondocamping.com\/fr\/sommet-autrichien-du-camping-a-graz\/#breadcrumb","itemListElement":[{"@type":"ListItem","position":1,"name":"Home","item":"https:\/\/www.mondocamping.com\/fr\/"},{"@type":"ListItem","position":2,"name":"Sommet autrichien du camping \u00e0 Graz"}]},{"@type":"WebSite","@id":"https:\/\/www.mondocamping.com\/#website","url":"https:\/\/www.mondocamping.com\/","name":"Mondo Camping","description":"Le portail d\u00e9di\u00e9 aux gestionnaires de campings et villages touristiques","publisher":{"@id":"https:\/\/www.mondocamping.com\/#organization"},"potentialAction":[{"@type":"SearchAction","target":{"@type":"EntryPoint","urlTemplate":"https:\/\/www.mondocamping.com\/?s={search_term_string}"},"query-input":{"@type":"PropertyValueSpecification","valueRequired":true,"valueName":"search_term_string"}}],"inLanguage":"fr-FR"},{"@type":"Organization","@id":"https:\/\/www.mondocamping.com\/#organization","name":"Mondo Camping","url":"https:\/\/www.mondocamping.com\/","logo":{"@type":"ImageObject","inLanguage":"fr-FR","@id":"https:\/\/www.mondocamping.com\/#\/schema\/logo\/image\/","url":"https:\/\/www.mondocamping.com\/wp-content\/uploads\/2022\/04\/mondo-camping-logo-contornato-1.png","contentUrl":"https:\/\/www.mondocamping.com\/wp-content\/uploads\/2022\/04\/mondo-camping-logo-contornato-1.png","width":280,"height":90,"caption":"Mondo Camping"},"image":{"@id":"https:\/\/www.mondocamping.com\/#\/schema\/logo\/image\/"},"sameAs":["https:\/\/www.facebook.com\/mondobalneare","https:\/\/x.com\/mondobalneare","https:\/\/www.instagram.com\/mondobalneare\/","https:\/\/www.linkedin.com\/company\/67180810\/","https:\/\/www.youtube.com\/user\/mondobalnearevideo"]},{"@type":"Person","@id":"https:\/\/www.mondocamping.com\/#\/schema\/person\/01a031b8c5ef08c2204bb0e696f0a760","name":"Mondo Camping","image":{"@type":"ImageObject","inLanguage":"fr-FR","@id":"https:\/\/www.mondocamping.com\/wp-content\/uploads\/2022\/05\/cropped-icona-MONDO-CAMPING-150x150.png","url":"https:\/\/www.mondocamping.com\/wp-content\/uploads\/2022\/05\/cropped-icona-MONDO-CAMPING-150x150.png","contentUrl":"https:\/\/www.mondocamping.com\/wp-content\/uploads\/2022\/05\/cropped-icona-MONDO-CAMPING-150x150.png","caption":"Mondo Camping"},"sameAs":["https:\/\/www.mondocamping.com\/","https:\/\/www.facebook.com\/mondocamping"]}]}},"_links":{"self":[{"href":"https:\/\/www.mondocamping.com\/fr\/wp-json\/wp\/v2\/posts\/173018","targetHints":{"allow":["GET"]}}],"collection":[{"href":"https:\/\/www.mondocamping.com\/fr\/wp-json\/wp\/v2\/posts"}],"about":[{"href":"https:\/\/www.mondocamping.com\/fr\/wp-json\/wp\/v2\/types\/post"}],"author":[{"embeddable":true,"href":"https:\/\/www.mondocamping.com\/fr\/wp-json\/wp\/v2\/users\/5"}],"replies":[{"embeddable":true,"href":"https:\/\/www.mondocamping.com\/fr\/wp-json\/wp\/v2\/comments?post=173018"}],"version-history":[{"count":1,"href":"https:\/\/www.mondocamping.com\/fr\/wp-json\/wp\/v2\/posts\/173018\/revisions"}],"predecessor-version":[{"id":173019,"href":"https:\/\/www.mondocamping.com\/fr\/wp-json\/wp\/v2\/posts\/173018\/revisions\/173019"}],"wp:featuredmedia":[{"embeddable":true,"href":"https:\/\/www.mondocamping.com\/fr\/wp-json\/wp\/v2\/media\/173008"}],"wp:attachment":[{"href":"https:\/\/www.mondocamping.com\/fr\/wp-json\/wp\/v2\/media?parent=173018"}],"wp:term":[{"taxonomy":"category","embeddable":true,"href":"https:\/\/www.mondocamping.com\/fr\/wp-json\/wp\/v2\/categories?post=173018"},{"taxonomy":"post_tag","embeddable":true,"href":"https:\/\/www.mondocamping.com\/fr\/wp-json\/wp\/v2\/tags?post=173018"}],"curies":[{"name":"wp","href":"https:\/\/api.w.org\/{rel}","templated":true}]}}