{"id":173020,"date":"2025-02-18T18:34:09","date_gmt":"2025-02-18T17:34:09","guid":{"rendered":"https:\/\/www.mondocamping.com\/espagne-pression-pour-lannulation-du-registre-des-gens-du-voyage\/"},"modified":"2025-02-18T18:34:10","modified_gmt":"2025-02-18T17:34:10","slug":"espagne-pression-pour-lannulation-du-registre-des-gens-du-voyage","status":"publish","type":"post","link":"https:\/\/www.mondocamping.com\/fr\/espagne-pression-pour-lannulation-du-registre-des-gens-du-voyage\/","title":{"rendered":"Espagne, pression pour l&rsquo;annulation du registre des \u00ab\u00a0gens du voyage"},"content":{"rendered":"\n<p><strong>Le d\u00e9cret royal 933\/2021, introduit par le gouvernement Sanchez<\/strong>, est en vigueur depuis d\u00e9cembre 2024. Il oblige les \u00e9tablissements touristiques, y compris les \u00e9tablissements de plein air, et les agences de voyage \u00e0 collecter et \u00e0 conserver un grand nombre de donn\u00e9es sur les voyageurs, notamment leur nom complet, leur date de naissance, leur pi\u00e8ce d&rsquo;identit\u00e9, leur mode de paiement et les d\u00e9tails de leur s\u00e9jour ou de leur location.   <strong>La mesure pr\u00e9voit \u00e9galement que ces informations soient conserv\u00e9es pendant trois ans et transmises au minist\u00e8re de l&rsquo;int\u00e9rieur.<\/strong><\/p>\n\n<p>Le \u00ab\u00a0registre des voyageurs\u00a0\u00bb a \u00e9t\u00e9 critiqu\u00e9 par le Parti populaire, \u00e2prement contest\u00e9 par les entrepreneurs et les travailleurs du secteur du tourisme, qui affirment que le r\u00e8glement affecte particuli\u00e8rement les petites et moyennes entreprises touristiques, et comme le souligne le s\u00e9nateur <em>Agust\u00edn Almod\u00f3bar, <\/em>porte-parole du PP au sein de la commission de l&rsquo;int\u00e9rieur du S\u00e9nat :<em>\u00ab\u00a0La plupart des agences de voyage de notre pays sont des PME qui n&#8217;emploient qu&rsquo;un seul salari\u00e9 et qui sont maintenant oblig\u00e9es d&#8217;embaucher du personnel suppl\u00e9mentaire ou d&rsquo;investir dans la technologie pour se conformer au r\u00e8glement\u00a0\u00bb<\/em>.  <\/p>\n\n<p>En revanche, le PSOE, le parti de Pedro Sanchez, affirme que le r\u00e8glement r\u00e9pond \u00e0 des <strong>raisons de s\u00e9curit\u00e9 nationale et que son application est n\u00e9cessaire pour pr\u00e9venir les activit\u00e9s criminelles<\/strong>.  <\/p>\n\n<h2 class=\"wp-block-heading\">Priorit\u00e9 \u00e0 la protection de la vie priv\u00e9e<\/h2>\n\n<p>Les questions de <strong>protection de la vie priv\u00e9e <\/strong>et de <strong>contr\u00f4le des donn\u00e9es<\/strong> sont les aspects les plus controvers\u00e9s du \u00ab\u00a0registre des voyageurs\u00a0\u00bb. Les organisations sp\u00e9cialis\u00e9es dans la protection des donn\u00e9es ont \u00e9galement exprim\u00e9 leur inqui\u00e9tude quant aux <strong>risques de cybers\u00e9curit\u00e9 li\u00e9s \u00e0 la conservation d&rsquo;informations personnelles pendant trois ans<\/strong>.   <\/p>\n\n<p>Un rapport publi\u00e9 par l&rsquo;<em>Agence espagnole de protection des donn\u00e9es<\/em> fait des d\u00e9clarations similaires :<em>\u00ab\u00a0Cette mesure augmente la possibilit\u00e9 d&rsquo;acc\u00e8s non autoris\u00e9 et de fuites de donn\u00e9es, mettant en danger les informations de millions de voyageurs.<\/em> <\/p>\n\n<p>De nombreuses <strong>associations sectorielles ont<\/strong> \u00e9galement <strong>demand\u00e9 au gouvernement de suspendre l&rsquo;application du d\u00e9cret<\/strong>. La Conf\u00e9d\u00e9ration espagnole de l&rsquo;h\u00f4tellerie et de l&rsquo;h\u00e9bergement touristique (CEHAT) d\u00e9clare :<em>\u00ab\u00a0La mesure ralentira la reprise du tourisme et pourrait faire fuir les voyageurs internationaux qui ne veulent pas \u00eatre soumis \u00e0 un contr\u00f4le aussi exhaustif\u00a0\u00bb<\/em>. <\/p>\n\n<p>Pour l&rsquo;instant, le minist\u00e8re de l&rsquo;int\u00e9rieur n&rsquo;a propos\u00e9 aucun changement dans l&rsquo;application du d\u00e9cret royal.<em>Le<\/em>s\u00e9nateur<em> Almod\u00f3bar<\/em> souligne :<em>\u00ab\u00a0Le gouvernement impose une r\u00e8gle sans \u00eatre pr\u00eat \u00e0 l&rsquo;appliquer<\/em>\u00ab\u00a0.   <\/p>\n\n<p>\u00c0 ce jour, l&rsquo;issue de cette controverse n&rsquo;est pas encore connue, mais il ne fait aucun doute que la tension entre le gouvernement et les professionnels du tourisme va continuer \u00e0 cro\u00eetre : le d\u00e9cret royal 933\/2021 s&rsquo;annonce comme l&rsquo;une des mesures les plus controvers\u00e9es de ces derni\u00e8res ann\u00e9es dans le secteur du tourisme espagnol et europ\u00e9en.  <\/p>\n","protected":false},"excerpt":{"rendered":"<p>Le d\u00e9cret royal 933\/2021, introduit par le gouvernement Sanchez, est en vigueur depuis d\u00e9cembre 2024. Il oblige les \u00e9tablissements touristiques, y compris les \u00e9tablissements de plein air, et les agences de voyage \u00e0 collecter et \u00e0 conserver un grand nombre de donn\u00e9es sur les voyageurs, notamment leur nom complet, leur date de naissance, leur pi\u00e8ce [&hellip;]<\/p>\n","protected":false},"author":5,"featured_media":172990,"comment_status":"closed","ping_status":"closed","sticky":false,"template":"","format":"standard","meta":{"_acf_changed":false,"_monsterinsights_skip_tracking":false,"_monsterinsights_sitenote_active":false,"_monsterinsights_sitenote_note":"","_monsterinsights_sitenote_category":0,"footnotes":""},"categories":[4024],"tags":[4210,4275,4262,6923,6922],"class_list":["post-173020","post","type-post","status-publish","format-standard","has-post-thumbnail","hentry","category-actualite","tag-camping-fr-2","tag-espagne","tag-mondo-camping-fr","tag-registre-des-voyageurs","tag-vie-privee"],"acf":[],"yoast_head":"<!-- This site is optimized with the Yoast SEO plugin v27.5 - https:\/\/yoast.com\/product\/yoast-seo-wordpress\/ -->\n<title>Espagne, pression pour l&#039;annulation du registre des &quot;gens du voyage<\/title>\n<meta name=\"robots\" content=\"index, follow, max-snippet:-1, max-image-preview:large, max-video-preview:-1\" \/>\n<link rel=\"canonical\" href=\"https:\/\/www.mondocamping.com\/fr\/espagne-pression-pour-lannulation-du-registre-des-gens-du-voyage\/\" \/>\n<meta property=\"og:locale\" content=\"fr_FR\" \/>\n<meta property=\"og:type\" content=\"article\" \/>\n<meta property=\"og:title\" content=\"Espagne, pression pour l&#039;annulation du registre des &quot;gens du voyage\" \/>\n<meta property=\"og:description\" content=\"Le d\u00e9cret royal 933\/2021, introduit par le gouvernement Sanchez, est en vigueur depuis d\u00e9cembre 2024. Il oblige les \u00e9tablissements touristiques, y compris les \u00e9tablissements de plein air, et les agences de voyage \u00e0 collecter et \u00e0 conserver un grand nombre de donn\u00e9es sur les voyageurs, notamment leur nom complet, leur date de naissance, leur pi\u00e8ce [&hellip;]\" \/>\n<meta property=\"og:url\" content=\"https:\/\/www.mondocamping.com\/fr\/espagne-pression-pour-lannulation-du-registre-des-gens-du-voyage\/\" \/>\n<meta property=\"og:site_name\" content=\"Mondo Camping\" \/>\n<meta property=\"article:publisher\" content=\"https:\/\/www.facebook.com\/mondobalneare\" \/>\n<meta property=\"article:author\" content=\"https:\/\/www.facebook.com\/mondocamping\" \/>\n<meta property=\"article:published_time\" content=\"2025-02-18T17:34:09+00:00\" \/>\n<meta property=\"article:modified_time\" content=\"2025-02-18T17:34:10+00:00\" \/>\n<meta property=\"og:image\" content=\"https:\/\/www.mondocamping.com\/wp-content\/uploads\/2025\/02\/scott-graham-5fNmWej4tAA-unsplash-2.jpg\" \/>\n\t<meta property=\"og:image:width\" content=\"1200\" \/>\n\t<meta property=\"og:image:height\" content=\"628\" \/>\n\t<meta property=\"og:image:type\" content=\"image\/jpeg\" \/>\n<meta name=\"author\" content=\"Mondo Camping\" \/>\n<meta name=\"twitter:card\" content=\"summary_large_image\" \/>\n<meta name=\"twitter:creator\" content=\"@mondobalneare\" \/>\n<meta name=\"twitter:site\" content=\"@mondobalneare\" \/>\n<meta name=\"twitter:label1\" content=\"\u00c9crit par\" \/>\n\t<meta name=\"twitter:data1\" content=\"Mondo Camping\" \/>\n\t<meta name=\"twitter:label2\" content=\"Dur\u00e9e de lecture estim\u00e9e\" \/>\n\t<meta name=\"twitter:data2\" content=\"2 minutes\" \/>\n<script type=\"application\/ld+json\" class=\"yoast-schema-graph\">{\"@context\":\"https:\\\/\\\/schema.org\",\"@graph\":[{\"@type\":\"Article\",\"@id\":\"https:\\\/\\\/www.mondocamping.com\\\/fr\\\/espagne-pression-pour-lannulation-du-registre-des-gens-du-voyage\\\/#article\",\"isPartOf\":{\"@id\":\"https:\\\/\\\/www.mondocamping.com\\\/fr\\\/espagne-pression-pour-lannulation-du-registre-des-gens-du-voyage\\\/\"},\"author\":{\"name\":\"Mondo Camping\",\"@id\":\"https:\\\/\\\/www.mondocamping.com\\\/#\\\/schema\\\/person\\\/01a031b8c5ef08c2204bb0e696f0a760\"},\"headline\":\"Espagne, pression pour l&rsquo;annulation du registre des \u00ab\u00a0gens du voyage\",\"datePublished\":\"2025-02-18T17:34:09+00:00\",\"dateModified\":\"2025-02-18T17:34:10+00:00\",\"mainEntityOfPage\":{\"@id\":\"https:\\\/\\\/www.mondocamping.com\\\/fr\\\/espagne-pression-pour-lannulation-du-registre-des-gens-du-voyage\\\/\"},\"wordCount\":521,\"publisher\":{\"@id\":\"https:\\\/\\\/www.mondocamping.com\\\/#organization\"},\"image\":{\"@id\":\"https:\\\/\\\/www.mondocamping.com\\\/fr\\\/espagne-pression-pour-lannulation-du-registre-des-gens-du-voyage\\\/#primaryimage\"},\"thumbnailUrl\":\"https:\\\/\\\/www.mondocamping.com\\\/wp-content\\\/uploads\\\/2025\\\/02\\\/scott-graham-5fNmWej4tAA-unsplash-2.jpg\",\"keywords\":[\"camping\",\"Espagne\",\"Mondo Camping\",\"registre des voyageurs\",\"vie priv\u00e9e\"],\"articleSection\":[\"Actualit\u00e9\"],\"inLanguage\":\"fr-FR\"},{\"@type\":\"WebPage\",\"@id\":\"https:\\\/\\\/www.mondocamping.com\\\/fr\\\/espagne-pression-pour-lannulation-du-registre-des-gens-du-voyage\\\/\",\"url\":\"https:\\\/\\\/www.mondocamping.com\\\/fr\\\/espagne-pression-pour-lannulation-du-registre-des-gens-du-voyage\\\/\",\"name\":\"Espagne, pression pour l'annulation du registre des \\\"gens du voyage\",\"isPartOf\":{\"@id\":\"https:\\\/\\\/www.mondocamping.com\\\/#website\"},\"primaryImageOfPage\":{\"@id\":\"https:\\\/\\\/www.mondocamping.com\\\/fr\\\/espagne-pression-pour-lannulation-du-registre-des-gens-du-voyage\\\/#primaryimage\"},\"image\":{\"@id\":\"https:\\\/\\\/www.mondocamping.com\\\/fr\\\/espagne-pression-pour-lannulation-du-registre-des-gens-du-voyage\\\/#primaryimage\"},\"thumbnailUrl\":\"https:\\\/\\\/www.mondocamping.com\\\/wp-content\\\/uploads\\\/2025\\\/02\\\/scott-graham-5fNmWej4tAA-unsplash-2.jpg\",\"datePublished\":\"2025-02-18T17:34:09+00:00\",\"dateModified\":\"2025-02-18T17:34:10+00:00\",\"breadcrumb\":{\"@id\":\"https:\\\/\\\/www.mondocamping.com\\\/fr\\\/espagne-pression-pour-lannulation-du-registre-des-gens-du-voyage\\\/#breadcrumb\"},\"inLanguage\":\"fr-FR\",\"potentialAction\":[{\"@type\":\"ReadAction\",\"target\":[\"https:\\\/\\\/www.mondocamping.com\\\/fr\\\/espagne-pression-pour-lannulation-du-registre-des-gens-du-voyage\\\/\"]}]},{\"@type\":\"ImageObject\",\"inLanguage\":\"fr-FR\",\"@id\":\"https:\\\/\\\/www.mondocamping.com\\\/fr\\\/espagne-pression-pour-lannulation-du-registre-des-gens-du-voyage\\\/#primaryimage\",\"url\":\"https:\\\/\\\/www.mondocamping.com\\\/wp-content\\\/uploads\\\/2025\\\/02\\\/scott-graham-5fNmWej4tAA-unsplash-2.jpg\",\"contentUrl\":\"https:\\\/\\\/www.mondocamping.com\\\/wp-content\\\/uploads\\\/2025\\\/02\\\/scott-graham-5fNmWej4tAA-unsplash-2.jpg\",\"width\":1200,\"height\":628},{\"@type\":\"BreadcrumbList\",\"@id\":\"https:\\\/\\\/www.mondocamping.com\\\/fr\\\/espagne-pression-pour-lannulation-du-registre-des-gens-du-voyage\\\/#breadcrumb\",\"itemListElement\":[{\"@type\":\"ListItem\",\"position\":1,\"name\":\"Home\",\"item\":\"https:\\\/\\\/www.mondocamping.com\\\/fr\\\/\"},{\"@type\":\"ListItem\",\"position\":2,\"name\":\"Espagne, pression pour l&rsquo;annulation du registre des \u00ab\u00a0gens du voyage\"}]},{\"@type\":\"WebSite\",\"@id\":\"https:\\\/\\\/www.mondocamping.com\\\/#website\",\"url\":\"https:\\\/\\\/www.mondocamping.com\\\/\",\"name\":\"Mondo Camping\",\"description\":\"Le portail d\u00e9di\u00e9 aux gestionnaires de campings et villages touristiques\",\"publisher\":{\"@id\":\"https:\\\/\\\/www.mondocamping.com\\\/#organization\"},\"potentialAction\":[{\"@type\":\"SearchAction\",\"target\":{\"@type\":\"EntryPoint\",\"urlTemplate\":\"https:\\\/\\\/www.mondocamping.com\\\/?s={search_term_string}\"},\"query-input\":{\"@type\":\"PropertyValueSpecification\",\"valueRequired\":true,\"valueName\":\"search_term_string\"}}],\"inLanguage\":\"fr-FR\"},{\"@type\":\"Organization\",\"@id\":\"https:\\\/\\\/www.mondocamping.com\\\/#organization\",\"name\":\"Mondo Camping\",\"url\":\"https:\\\/\\\/www.mondocamping.com\\\/\",\"logo\":{\"@type\":\"ImageObject\",\"inLanguage\":\"fr-FR\",\"@id\":\"https:\\\/\\\/www.mondocamping.com\\\/#\\\/schema\\\/logo\\\/image\\\/\",\"url\":\"https:\\\/\\\/www.mondocamping.com\\\/wp-content\\\/uploads\\\/2022\\\/04\\\/mondo-camping-logo-contornato-1.png\",\"contentUrl\":\"https:\\\/\\\/www.mondocamping.com\\\/wp-content\\\/uploads\\\/2022\\\/04\\\/mondo-camping-logo-contornato-1.png\",\"width\":280,\"height\":90,\"caption\":\"Mondo Camping\"},\"image\":{\"@id\":\"https:\\\/\\\/www.mondocamping.com\\\/#\\\/schema\\\/logo\\\/image\\\/\"},\"sameAs\":[\"https:\\\/\\\/www.facebook.com\\\/mondobalneare\",\"https:\\\/\\\/x.com\\\/mondobalneare\",\"https:\\\/\\\/www.instagram.com\\\/mondobalneare\\\/\",\"https:\\\/\\\/www.linkedin.com\\\/company\\\/67180810\\\/\",\"https:\\\/\\\/www.youtube.com\\\/user\\\/mondobalnearevideo\"]},{\"@type\":\"Person\",\"@id\":\"https:\\\/\\\/www.mondocamping.com\\\/#\\\/schema\\\/person\\\/01a031b8c5ef08c2204bb0e696f0a760\",\"name\":\"Mondo Camping\",\"image\":{\"@type\":\"ImageObject\",\"inLanguage\":\"fr-FR\",\"@id\":\"https:\\\/\\\/www.mondocamping.com\\\/wp-content\\\/uploads\\\/2022\\\/05\\\/cropped-icona-MONDO-CAMPING-150x150.png\",\"url\":\"https:\\\/\\\/www.mondocamping.com\\\/wp-content\\\/uploads\\\/2022\\\/05\\\/cropped-icona-MONDO-CAMPING-150x150.png\",\"contentUrl\":\"https:\\\/\\\/www.mondocamping.com\\\/wp-content\\\/uploads\\\/2022\\\/05\\\/cropped-icona-MONDO-CAMPING-150x150.png\",\"caption\":\"Mondo Camping\"},\"sameAs\":[\"https:\\\/\\\/www.mondocamping.com\\\/\",\"https:\\\/\\\/www.facebook.com\\\/mondocamping\"]}]}<\/script>\n<!-- \/ Yoast SEO plugin. -->","yoast_head_json":{"title":"Espagne, pression pour l'annulation du registre des \"gens du voyage","robots":{"index":"index","follow":"follow","max-snippet":"max-snippet:-1","max-image-preview":"max-image-preview:large","max-video-preview":"max-video-preview:-1"},"canonical":"https:\/\/www.mondocamping.com\/fr\/espagne-pression-pour-lannulation-du-registre-des-gens-du-voyage\/","og_locale":"fr_FR","og_type":"article","og_title":"Espagne, pression pour l'annulation du registre des \"gens du voyage","og_description":"Le d\u00e9cret royal 933\/2021, introduit par le gouvernement Sanchez, est en vigueur depuis d\u00e9cembre 2024. Il oblige les \u00e9tablissements touristiques, y compris les \u00e9tablissements de plein air, et les agences de voyage \u00e0 collecter et \u00e0 conserver un grand nombre de donn\u00e9es sur les voyageurs, notamment leur nom complet, leur date de naissance, leur pi\u00e8ce [&hellip;]","og_url":"https:\/\/www.mondocamping.com\/fr\/espagne-pression-pour-lannulation-du-registre-des-gens-du-voyage\/","og_site_name":"Mondo Camping","article_publisher":"https:\/\/www.facebook.com\/mondobalneare","article_author":"https:\/\/www.facebook.com\/mondocamping","article_published_time":"2025-02-18T17:34:09+00:00","article_modified_time":"2025-02-18T17:34:10+00:00","og_image":[{"width":1200,"height":628,"url":"https:\/\/www.mondocamping.com\/wp-content\/uploads\/2025\/02\/scott-graham-5fNmWej4tAA-unsplash-2.jpg","type":"image\/jpeg"}],"author":"Mondo Camping","twitter_card":"summary_large_image","twitter_creator":"@mondobalneare","twitter_site":"@mondobalneare","twitter_misc":{"\u00c9crit par":"Mondo Camping","Dur\u00e9e de lecture estim\u00e9e":"2 minutes"},"schema":{"@context":"https:\/\/schema.org","@graph":[{"@type":"Article","@id":"https:\/\/www.mondocamping.com\/fr\/espagne-pression-pour-lannulation-du-registre-des-gens-du-voyage\/#article","isPartOf":{"@id":"https:\/\/www.mondocamping.com\/fr\/espagne-pression-pour-lannulation-du-registre-des-gens-du-voyage\/"},"author":{"name":"Mondo Camping","@id":"https:\/\/www.mondocamping.com\/#\/schema\/person\/01a031b8c5ef08c2204bb0e696f0a760"},"headline":"Espagne, pression pour l&rsquo;annulation du registre des \u00ab\u00a0gens du voyage","datePublished":"2025-02-18T17:34:09+00:00","dateModified":"2025-02-18T17:34:10+00:00","mainEntityOfPage":{"@id":"https:\/\/www.mondocamping.com\/fr\/espagne-pression-pour-lannulation-du-registre-des-gens-du-voyage\/"},"wordCount":521,"publisher":{"@id":"https:\/\/www.mondocamping.com\/#organization"},"image":{"@id":"https:\/\/www.mondocamping.com\/fr\/espagne-pression-pour-lannulation-du-registre-des-gens-du-voyage\/#primaryimage"},"thumbnailUrl":"https:\/\/www.mondocamping.com\/wp-content\/uploads\/2025\/02\/scott-graham-5fNmWej4tAA-unsplash-2.jpg","keywords":["camping","Espagne","Mondo Camping","registre des voyageurs","vie priv\u00e9e"],"articleSection":["Actualit\u00e9"],"inLanguage":"fr-FR"},{"@type":"WebPage","@id":"https:\/\/www.mondocamping.com\/fr\/espagne-pression-pour-lannulation-du-registre-des-gens-du-voyage\/","url":"https:\/\/www.mondocamping.com\/fr\/espagne-pression-pour-lannulation-du-registre-des-gens-du-voyage\/","name":"Espagne, pression pour l'annulation du registre des \"gens du voyage","isPartOf":{"@id":"https:\/\/www.mondocamping.com\/#website"},"primaryImageOfPage":{"@id":"https:\/\/www.mondocamping.com\/fr\/espagne-pression-pour-lannulation-du-registre-des-gens-du-voyage\/#primaryimage"},"image":{"@id":"https:\/\/www.mondocamping.com\/fr\/espagne-pression-pour-lannulation-du-registre-des-gens-du-voyage\/#primaryimage"},"thumbnailUrl":"https:\/\/www.mondocamping.com\/wp-content\/uploads\/2025\/02\/scott-graham-5fNmWej4tAA-unsplash-2.jpg","datePublished":"2025-02-18T17:34:09+00:00","dateModified":"2025-02-18T17:34:10+00:00","breadcrumb":{"@id":"https:\/\/www.mondocamping.com\/fr\/espagne-pression-pour-lannulation-du-registre-des-gens-du-voyage\/#breadcrumb"},"inLanguage":"fr-FR","potentialAction":[{"@type":"ReadAction","target":["https:\/\/www.mondocamping.com\/fr\/espagne-pression-pour-lannulation-du-registre-des-gens-du-voyage\/"]}]},{"@type":"ImageObject","inLanguage":"fr-FR","@id":"https:\/\/www.mondocamping.com\/fr\/espagne-pression-pour-lannulation-du-registre-des-gens-du-voyage\/#primaryimage","url":"https:\/\/www.mondocamping.com\/wp-content\/uploads\/2025\/02\/scott-graham-5fNmWej4tAA-unsplash-2.jpg","contentUrl":"https:\/\/www.mondocamping.com\/wp-content\/uploads\/2025\/02\/scott-graham-5fNmWej4tAA-unsplash-2.jpg","width":1200,"height":628},{"@type":"BreadcrumbList","@id":"https:\/\/www.mondocamping.com\/fr\/espagne-pression-pour-lannulation-du-registre-des-gens-du-voyage\/#breadcrumb","itemListElement":[{"@type":"ListItem","position":1,"name":"Home","item":"https:\/\/www.mondocamping.com\/fr\/"},{"@type":"ListItem","position":2,"name":"Espagne, pression pour l&rsquo;annulation du registre des \u00ab\u00a0gens du voyage"}]},{"@type":"WebSite","@id":"https:\/\/www.mondocamping.com\/#website","url":"https:\/\/www.mondocamping.com\/","name":"Mondo Camping","description":"Le portail d\u00e9di\u00e9 aux gestionnaires de campings et villages touristiques","publisher":{"@id":"https:\/\/www.mondocamping.com\/#organization"},"potentialAction":[{"@type":"SearchAction","target":{"@type":"EntryPoint","urlTemplate":"https:\/\/www.mondocamping.com\/?s={search_term_string}"},"query-input":{"@type":"PropertyValueSpecification","valueRequired":true,"valueName":"search_term_string"}}],"inLanguage":"fr-FR"},{"@type":"Organization","@id":"https:\/\/www.mondocamping.com\/#organization","name":"Mondo Camping","url":"https:\/\/www.mondocamping.com\/","logo":{"@type":"ImageObject","inLanguage":"fr-FR","@id":"https:\/\/www.mondocamping.com\/#\/schema\/logo\/image\/","url":"https:\/\/www.mondocamping.com\/wp-content\/uploads\/2022\/04\/mondo-camping-logo-contornato-1.png","contentUrl":"https:\/\/www.mondocamping.com\/wp-content\/uploads\/2022\/04\/mondo-camping-logo-contornato-1.png","width":280,"height":90,"caption":"Mondo Camping"},"image":{"@id":"https:\/\/www.mondocamping.com\/#\/schema\/logo\/image\/"},"sameAs":["https:\/\/www.facebook.com\/mondobalneare","https:\/\/x.com\/mondobalneare","https:\/\/www.instagram.com\/mondobalneare\/","https:\/\/www.linkedin.com\/company\/67180810\/","https:\/\/www.youtube.com\/user\/mondobalnearevideo"]},{"@type":"Person","@id":"https:\/\/www.mondocamping.com\/#\/schema\/person\/01a031b8c5ef08c2204bb0e696f0a760","name":"Mondo Camping","image":{"@type":"ImageObject","inLanguage":"fr-FR","@id":"https:\/\/www.mondocamping.com\/wp-content\/uploads\/2022\/05\/cropped-icona-MONDO-CAMPING-150x150.png","url":"https:\/\/www.mondocamping.com\/wp-content\/uploads\/2022\/05\/cropped-icona-MONDO-CAMPING-150x150.png","contentUrl":"https:\/\/www.mondocamping.com\/wp-content\/uploads\/2022\/05\/cropped-icona-MONDO-CAMPING-150x150.png","caption":"Mondo Camping"},"sameAs":["https:\/\/www.mondocamping.com\/","https:\/\/www.facebook.com\/mondocamping"]}]}},"_links":{"self":[{"href":"https:\/\/www.mondocamping.com\/fr\/wp-json\/wp\/v2\/posts\/173020","targetHints":{"allow":["GET"]}}],"collection":[{"href":"https:\/\/www.mondocamping.com\/fr\/wp-json\/wp\/v2\/posts"}],"about":[{"href":"https:\/\/www.mondocamping.com\/fr\/wp-json\/wp\/v2\/types\/post"}],"author":[{"embeddable":true,"href":"https:\/\/www.mondocamping.com\/fr\/wp-json\/wp\/v2\/users\/5"}],"replies":[{"embeddable":true,"href":"https:\/\/www.mondocamping.com\/fr\/wp-json\/wp\/v2\/comments?post=173020"}],"version-history":[{"count":1,"href":"https:\/\/www.mondocamping.com\/fr\/wp-json\/wp\/v2\/posts\/173020\/revisions"}],"predecessor-version":[{"id":173021,"href":"https:\/\/www.mondocamping.com\/fr\/wp-json\/wp\/v2\/posts\/173020\/revisions\/173021"}],"wp:featuredmedia":[{"embeddable":true,"href":"https:\/\/www.mondocamping.com\/fr\/wp-json\/wp\/v2\/media\/172990"}],"wp:attachment":[{"href":"https:\/\/www.mondocamping.com\/fr\/wp-json\/wp\/v2\/media?parent=173020"}],"wp:term":[{"taxonomy":"category","embeddable":true,"href":"https:\/\/www.mondocamping.com\/fr\/wp-json\/wp\/v2\/categories?post=173020"},{"taxonomy":"post_tag","embeddable":true,"href":"https:\/\/www.mondocamping.com\/fr\/wp-json\/wp\/v2\/tags?post=173020"}],"curies":[{"name":"wp","href":"https:\/\/api.w.org\/{rel}","templated":true}]}}