{"id":173049,"date":"2025-02-20T09:23:30","date_gmt":"2025-02-20T08:23:30","guid":{"rendered":"https:\/\/www.mondocamping.com\/evenement-touristique-mondial-2025-rome-accueillera-levenement-du-patrimoine-mondial-de-lunesco\/"},"modified":"2025-02-20T11:00:02","modified_gmt":"2025-02-20T10:00:02","slug":"evenement-touristique-mondial-2025-rome-accueillera-levenement-du-patrimoine-mondial-de-lunesco","status":"publish","type":"post","link":"https:\/\/www.mondocamping.com\/fr\/evenement-touristique-mondial-2025-rome-accueillera-levenement-du-patrimoine-mondial-de-lunesco\/","title":{"rendered":"Ev\u00e9nement touristique mondial 2025 : Rome accueillera l&rsquo;\u00e9v\u00e9nement du patrimoine mondial de l&rsquo;UNESCO"},"content":{"rendered":"\n<p>L&rsquo;\u00e9v\u00e9nement <strong><a href=\"https:\/\/www.wtevent.it\/it\/\" target=\"_blank\" rel=\"noreferrer noopener\">\u00c9v\u00e9nement touristique mondial 2025<\/a><\/strong> est le seul \u00e9v\u00e9nement <strong>consacr\u00e9 \u00e0 la promotion touristique des sites du patrimoine mondial de l&rsquo;UNESCO<\/strong> o\u00f9 les institutions, les offices du tourisme, les op\u00e9rateurs du secteur et le public des voyageurs passionn\u00e9s ont l&rsquo;occasion de se rencontrer, de s&rsquo;informer et de se confronter. L&rsquo;objectif est de sensibiliser et d&rsquo;accro\u00eetre la valeur du tourisme de qualit\u00e9, qui vise \u00e0 la connaissance et au partage des beaut\u00e9s culturelles et paysag\u00e8res du monde.   <\/p>\n\n<p>L&rsquo;Italie est \u00e0 l&rsquo;avant-garde, car elle compte parmi les destinations les plus riches en patrimoine de l&rsquo;UNESCO sur la plan\u00e8te, et Rome ne pouvait \u00eatre que le lieu id\u00e9al pour accueillir le WTE 2025.<\/p>\n\n<p>Cette ann\u00e9e, la <strong><em>\u00e9v\u00e9nement mondial du tourisme pour les sites du patrimoine mondial<\/em><\/strong> en est \u00e0 sa 16e \u00e9dition. Elle se d\u00e9roulera <strong>les 25 et 26 septembre<\/strong> prochains <strong>dans le complexe monumental de Santo Spirito in Sassia<\/strong>, au c\u0153ur de la capitale. L&rsquo;\u00e9v\u00e9nement WTE 2025 a \u00e9t\u00e9 pr\u00e9sent\u00e9 le 9 f\u00e9vrier dernier au BIT de Milan, dans l&rsquo;espace d&rsquo;exposition de la r\u00e9gion du Latium.   <\/p>\n\n<h2 class=\"wp-block-heading\">Un rendez-vous pour les professionnels de l&rsquo;industrie mais aussi pour les voyageurs<\/h2>\n\n<p>WTE 2025 propose un programme riche comprenant un <strong><em>atelier b2b <\/em><\/strong>atelier pour les <strong><em>acheteurs <\/em><\/strong>des acheteurs <strong>internationaux<\/strong>, s\u00e9lectionn\u00e9s en collaboration avec l&rsquo;<em>ENIT &#8211; Agence Nationale du Tourisme<\/em>, et pour<em> <\/em><strong><em>vendeurs<\/em><\/strong> Les vendeurs <strong> italiens <\/strong>qui sont bas\u00e9s et op\u00e8rent dans les zones inscrites sur <em>la Liste du patrimoine mondial de l&rsquo;Unesco et<\/em> qui souhaitent promouvoir le territoire, les structures d&rsquo;h\u00e9bergement, les exp\u00e9riences et la culture de ces zones. L&rsquo;\u00e9v\u00e9nement aura lieu le <strong>25 septembre<\/strong>, avec une session le matin et une autre l&rsquo;apr\u00e8s-midi.   <\/p>\n\n<p>Le public pourra \u00e9galement assister \u00e0 l&rsquo;\u00e9v\u00e9nement et acc\u00e9der \u00e0 une<strong>zone d&rsquo;exposition dont l&rsquo;entr\u00e9e est gratuite.<\/strong> Dans cet espace, il pourra trouver toutes les informations sur les sites italiens et internationaux du patrimoine mondial de l&rsquo;UNESCO, s&rsquo;informer sur l&rsquo;offre touristique et d&rsquo;h\u00e9bergement, et entrer en contact avec les organisations et op\u00e9rateurs touristiques. Il y aura \u00e9galement une <strong>zone d&rsquo;\u00e9v\u00e9nements et de divertissements<\/strong>, id\u00e9ale pour les enfants. Au WTE 2025, tout est con\u00e7u pour promouvoir le tourisme culturel et ses patrimoines, car il est essentiel de les conna\u00eetre et de les valoriser d\u00e8s le plus jeune \u00e2ge.     <\/p>\n","protected":false},"excerpt":{"rendered":"<p>L&rsquo;\u00e9v\u00e9nement \u00c9v\u00e9nement touristique mondial 2025 est le seul \u00e9v\u00e9nement consacr\u00e9 \u00e0 la promotion touristique des sites du patrimoine mondial de l&rsquo;UNESCO o\u00f9 les institutions, les offices du tourisme, les op\u00e9rateurs du secteur et le public des voyageurs passionn\u00e9s ont l&rsquo;occasion de se rencontrer, de s&rsquo;informer et de se confronter. L&rsquo;objectif est de sensibiliser et d&rsquo;accro\u00eetre [&hellip;]<\/p>\n","protected":false},"author":5,"featured_media":173042,"comment_status":"closed","ping_status":"closed","sticky":false,"template":"","format":"standard","meta":{"_acf_changed":false,"_monsterinsights_skip_tracking":false,"_monsterinsights_sitenote_active":false,"_monsterinsights_sitenote_note":"","_monsterinsights_sitenote_category":0,"footnotes":""},"categories":[4024],"tags":[6933,6138,6934,4079],"class_list":["post-173049","post","type-post","status-publish","format-standard","has-post-thumbnail","hentry","category-actualite","tag-evenement-touristique-mondial-2025","tag-rome-fr","tag-tourisme-culturel","tag-tourisme-de-plein-air"],"acf":[],"yoast_head":"<!-- This site is optimized with the Yoast SEO plugin v27.5 - https:\/\/yoast.com\/product\/yoast-seo-wordpress\/ -->\n<title>Ev\u00e9nement touristique mondial 2025 : Rome accueillera l&#039;\u00e9v\u00e9nement du patrimoine mondial de l&#039;UNESCO<\/title>\n<meta name=\"robots\" content=\"index, follow, max-snippet:-1, max-image-preview:large, max-video-preview:-1\" \/>\n<link rel=\"canonical\" href=\"https:\/\/www.mondocamping.com\/fr\/evenement-touristique-mondial-2025-rome-accueillera-levenement-du-patrimoine-mondial-de-lunesco\/\" \/>\n<meta property=\"og:locale\" content=\"fr_FR\" \/>\n<meta property=\"og:type\" content=\"article\" \/>\n<meta property=\"og:title\" content=\"Ev\u00e9nement touristique mondial 2025 : Rome accueillera l&#039;\u00e9v\u00e9nement du patrimoine mondial de l&#039;UNESCO\" \/>\n<meta property=\"og:description\" content=\"L&rsquo;\u00e9v\u00e9nement \u00c9v\u00e9nement touristique mondial 2025 est le seul \u00e9v\u00e9nement consacr\u00e9 \u00e0 la promotion touristique des sites du patrimoine mondial de l&rsquo;UNESCO o\u00f9 les institutions, les offices du tourisme, les op\u00e9rateurs du secteur et le public des voyageurs passionn\u00e9s ont l&rsquo;occasion de se rencontrer, de s&rsquo;informer et de se confronter. L&rsquo;objectif est de sensibiliser et d&rsquo;accro\u00eetre [&hellip;]\" \/>\n<meta property=\"og:url\" content=\"https:\/\/www.mondocamping.com\/fr\/evenement-touristique-mondial-2025-rome-accueillera-levenement-du-patrimoine-mondial-de-lunesco\/\" \/>\n<meta property=\"og:site_name\" content=\"Mondo Camping\" \/>\n<meta property=\"article:publisher\" content=\"https:\/\/www.facebook.com\/mondobalneare\" \/>\n<meta property=\"article:author\" content=\"https:\/\/www.facebook.com\/mondocamping\" \/>\n<meta property=\"article:published_time\" content=\"2025-02-20T08:23:30+00:00\" \/>\n<meta property=\"article:modified_time\" content=\"2025-02-20T10:00:02+00:00\" \/>\n<meta property=\"og:image\" content=\"https:\/\/www.mondocamping.com\/wp-content\/uploads\/2025\/02\/Screenshot-2025-02-20-alle-09.11.57.png\" \/>\n\t<meta property=\"og:image:width\" content=\"1200\" \/>\n\t<meta property=\"og:image:height\" content=\"628\" \/>\n\t<meta property=\"og:image:type\" content=\"image\/png\" \/>\n<meta name=\"author\" content=\"Mondo Camping\" \/>\n<meta name=\"twitter:card\" content=\"summary_large_image\" \/>\n<meta name=\"twitter:creator\" content=\"@mondobalneare\" \/>\n<meta name=\"twitter:site\" content=\"@mondobalneare\" \/>\n<meta name=\"twitter:label1\" content=\"\u00c9crit par\" \/>\n\t<meta name=\"twitter:data1\" content=\"Mondo Camping\" \/>\n\t<meta name=\"twitter:label2\" content=\"Dur\u00e9e de lecture estim\u00e9e\" \/>\n\t<meta name=\"twitter:data2\" content=\"2 minutes\" \/>\n<script type=\"application\/ld+json\" class=\"yoast-schema-graph\">{\"@context\":\"https:\\\/\\\/schema.org\",\"@graph\":[{\"@type\":\"Article\",\"@id\":\"https:\\\/\\\/www.mondocamping.com\\\/fr\\\/evenement-touristique-mondial-2025-rome-accueillera-levenement-du-patrimoine-mondial-de-lunesco\\\/#article\",\"isPartOf\":{\"@id\":\"https:\\\/\\\/www.mondocamping.com\\\/fr\\\/evenement-touristique-mondial-2025-rome-accueillera-levenement-du-patrimoine-mondial-de-lunesco\\\/\"},\"author\":{\"name\":\"Mondo Camping\",\"@id\":\"https:\\\/\\\/www.mondocamping.com\\\/#\\\/schema\\\/person\\\/01a031b8c5ef08c2204bb0e696f0a760\"},\"headline\":\"Ev\u00e9nement touristique mondial 2025 : Rome accueillera l&rsquo;\u00e9v\u00e9nement du patrimoine mondial de l&rsquo;UNESCO\",\"datePublished\":\"2025-02-20T08:23:30+00:00\",\"dateModified\":\"2025-02-20T10:00:02+00:00\",\"mainEntityOfPage\":{\"@id\":\"https:\\\/\\\/www.mondocamping.com\\\/fr\\\/evenement-touristique-mondial-2025-rome-accueillera-levenement-du-patrimoine-mondial-de-lunesco\\\/\"},\"wordCount\":427,\"publisher\":{\"@id\":\"https:\\\/\\\/www.mondocamping.com\\\/#organization\"},\"image\":{\"@id\":\"https:\\\/\\\/www.mondocamping.com\\\/fr\\\/evenement-touristique-mondial-2025-rome-accueillera-levenement-du-patrimoine-mondial-de-lunesco\\\/#primaryimage\"},\"thumbnailUrl\":\"https:\\\/\\\/www.mondocamping.com\\\/wp-content\\\/uploads\\\/2025\\\/02\\\/Screenshot-2025-02-20-alle-09.11.57.png\",\"keywords\":[\"\u00c9v\u00e9nement touristique mondial 2025\",\"Rome\",\"tourisme culturel\",\"Tourisme de plein air\"],\"articleSection\":[\"Actualit\u00e9\"],\"inLanguage\":\"fr-FR\"},{\"@type\":\"WebPage\",\"@id\":\"https:\\\/\\\/www.mondocamping.com\\\/fr\\\/evenement-touristique-mondial-2025-rome-accueillera-levenement-du-patrimoine-mondial-de-lunesco\\\/\",\"url\":\"https:\\\/\\\/www.mondocamping.com\\\/fr\\\/evenement-touristique-mondial-2025-rome-accueillera-levenement-du-patrimoine-mondial-de-lunesco\\\/\",\"name\":\"Ev\u00e9nement touristique mondial 2025 : Rome accueillera l'\u00e9v\u00e9nement du patrimoine mondial de l'UNESCO\",\"isPartOf\":{\"@id\":\"https:\\\/\\\/www.mondocamping.com\\\/#website\"},\"primaryImageOfPage\":{\"@id\":\"https:\\\/\\\/www.mondocamping.com\\\/fr\\\/evenement-touristique-mondial-2025-rome-accueillera-levenement-du-patrimoine-mondial-de-lunesco\\\/#primaryimage\"},\"image\":{\"@id\":\"https:\\\/\\\/www.mondocamping.com\\\/fr\\\/evenement-touristique-mondial-2025-rome-accueillera-levenement-du-patrimoine-mondial-de-lunesco\\\/#primaryimage\"},\"thumbnailUrl\":\"https:\\\/\\\/www.mondocamping.com\\\/wp-content\\\/uploads\\\/2025\\\/02\\\/Screenshot-2025-02-20-alle-09.11.57.png\",\"datePublished\":\"2025-02-20T08:23:30+00:00\",\"dateModified\":\"2025-02-20T10:00:02+00:00\",\"breadcrumb\":{\"@id\":\"https:\\\/\\\/www.mondocamping.com\\\/fr\\\/evenement-touristique-mondial-2025-rome-accueillera-levenement-du-patrimoine-mondial-de-lunesco\\\/#breadcrumb\"},\"inLanguage\":\"fr-FR\",\"potentialAction\":[{\"@type\":\"ReadAction\",\"target\":[\"https:\\\/\\\/www.mondocamping.com\\\/fr\\\/evenement-touristique-mondial-2025-rome-accueillera-levenement-du-patrimoine-mondial-de-lunesco\\\/\"]}]},{\"@type\":\"ImageObject\",\"inLanguage\":\"fr-FR\",\"@id\":\"https:\\\/\\\/www.mondocamping.com\\\/fr\\\/evenement-touristique-mondial-2025-rome-accueillera-levenement-du-patrimoine-mondial-de-lunesco\\\/#primaryimage\",\"url\":\"https:\\\/\\\/www.mondocamping.com\\\/wp-content\\\/uploads\\\/2025\\\/02\\\/Screenshot-2025-02-20-alle-09.11.57.png\",\"contentUrl\":\"https:\\\/\\\/www.mondocamping.com\\\/wp-content\\\/uploads\\\/2025\\\/02\\\/Screenshot-2025-02-20-alle-09.11.57.png\",\"width\":1200,\"height\":628,\"caption\":\"Photo credit: wtevent.it\"},{\"@type\":\"BreadcrumbList\",\"@id\":\"https:\\\/\\\/www.mondocamping.com\\\/fr\\\/evenement-touristique-mondial-2025-rome-accueillera-levenement-du-patrimoine-mondial-de-lunesco\\\/#breadcrumb\",\"itemListElement\":[{\"@type\":\"ListItem\",\"position\":1,\"name\":\"Home\",\"item\":\"https:\\\/\\\/www.mondocamping.com\\\/fr\\\/\"},{\"@type\":\"ListItem\",\"position\":2,\"name\":\"Ev\u00e9nement touristique mondial 2025 : Rome accueillera l&#8217;\u00e9v\u00e9nement du patrimoine mondial de l&#8217;UNESCO\"}]},{\"@type\":\"WebSite\",\"@id\":\"https:\\\/\\\/www.mondocamping.com\\\/#website\",\"url\":\"https:\\\/\\\/www.mondocamping.com\\\/\",\"name\":\"Mondo Camping\",\"description\":\"Le portail d\u00e9di\u00e9 aux gestionnaires de campings et villages touristiques\",\"publisher\":{\"@id\":\"https:\\\/\\\/www.mondocamping.com\\\/#organization\"},\"potentialAction\":[{\"@type\":\"SearchAction\",\"target\":{\"@type\":\"EntryPoint\",\"urlTemplate\":\"https:\\\/\\\/www.mondocamping.com\\\/?s={search_term_string}\"},\"query-input\":{\"@type\":\"PropertyValueSpecification\",\"valueRequired\":true,\"valueName\":\"search_term_string\"}}],\"inLanguage\":\"fr-FR\"},{\"@type\":\"Organization\",\"@id\":\"https:\\\/\\\/www.mondocamping.com\\\/#organization\",\"name\":\"Mondo Camping\",\"url\":\"https:\\\/\\\/www.mondocamping.com\\\/\",\"logo\":{\"@type\":\"ImageObject\",\"inLanguage\":\"fr-FR\",\"@id\":\"https:\\\/\\\/www.mondocamping.com\\\/#\\\/schema\\\/logo\\\/image\\\/\",\"url\":\"https:\\\/\\\/www.mondocamping.com\\\/wp-content\\\/uploads\\\/2022\\\/04\\\/mondo-camping-logo-contornato-1.png\",\"contentUrl\":\"https:\\\/\\\/www.mondocamping.com\\\/wp-content\\\/uploads\\\/2022\\\/04\\\/mondo-camping-logo-contornato-1.png\",\"width\":280,\"height\":90,\"caption\":\"Mondo Camping\"},\"image\":{\"@id\":\"https:\\\/\\\/www.mondocamping.com\\\/#\\\/schema\\\/logo\\\/image\\\/\"},\"sameAs\":[\"https:\\\/\\\/www.facebook.com\\\/mondobalneare\",\"https:\\\/\\\/x.com\\\/mondobalneare\",\"https:\\\/\\\/www.instagram.com\\\/mondobalneare\\\/\",\"https:\\\/\\\/www.linkedin.com\\\/company\\\/67180810\\\/\",\"https:\\\/\\\/www.youtube.com\\\/user\\\/mondobalnearevideo\"]},{\"@type\":\"Person\",\"@id\":\"https:\\\/\\\/www.mondocamping.com\\\/#\\\/schema\\\/person\\\/01a031b8c5ef08c2204bb0e696f0a760\",\"name\":\"Mondo Camping\",\"image\":{\"@type\":\"ImageObject\",\"inLanguage\":\"fr-FR\",\"@id\":\"https:\\\/\\\/www.mondocamping.com\\\/wp-content\\\/uploads\\\/2022\\\/05\\\/cropped-icona-MONDO-CAMPING-150x150.png\",\"url\":\"https:\\\/\\\/www.mondocamping.com\\\/wp-content\\\/uploads\\\/2022\\\/05\\\/cropped-icona-MONDO-CAMPING-150x150.png\",\"contentUrl\":\"https:\\\/\\\/www.mondocamping.com\\\/wp-content\\\/uploads\\\/2022\\\/05\\\/cropped-icona-MONDO-CAMPING-150x150.png\",\"caption\":\"Mondo Camping\"},\"sameAs\":[\"https:\\\/\\\/www.mondocamping.com\\\/\",\"https:\\\/\\\/www.facebook.com\\\/mondocamping\"]}]}<\/script>\n<!-- \/ Yoast SEO plugin. -->","yoast_head_json":{"title":"Ev\u00e9nement touristique mondial 2025 : Rome accueillera l'\u00e9v\u00e9nement du patrimoine mondial de l'UNESCO","robots":{"index":"index","follow":"follow","max-snippet":"max-snippet:-1","max-image-preview":"max-image-preview:large","max-video-preview":"max-video-preview:-1"},"canonical":"https:\/\/www.mondocamping.com\/fr\/evenement-touristique-mondial-2025-rome-accueillera-levenement-du-patrimoine-mondial-de-lunesco\/","og_locale":"fr_FR","og_type":"article","og_title":"Ev\u00e9nement touristique mondial 2025 : Rome accueillera l'\u00e9v\u00e9nement du patrimoine mondial de l'UNESCO","og_description":"L&rsquo;\u00e9v\u00e9nement \u00c9v\u00e9nement touristique mondial 2025 est le seul \u00e9v\u00e9nement consacr\u00e9 \u00e0 la promotion touristique des sites du patrimoine mondial de l&rsquo;UNESCO o\u00f9 les institutions, les offices du tourisme, les op\u00e9rateurs du secteur et le public des voyageurs passionn\u00e9s ont l&rsquo;occasion de se rencontrer, de s&rsquo;informer et de se confronter. L&rsquo;objectif est de sensibiliser et d&rsquo;accro\u00eetre [&hellip;]","og_url":"https:\/\/www.mondocamping.com\/fr\/evenement-touristique-mondial-2025-rome-accueillera-levenement-du-patrimoine-mondial-de-lunesco\/","og_site_name":"Mondo Camping","article_publisher":"https:\/\/www.facebook.com\/mondobalneare","article_author":"https:\/\/www.facebook.com\/mondocamping","article_published_time":"2025-02-20T08:23:30+00:00","article_modified_time":"2025-02-20T10:00:02+00:00","og_image":[{"width":1200,"height":628,"url":"https:\/\/www.mondocamping.com\/wp-content\/uploads\/2025\/02\/Screenshot-2025-02-20-alle-09.11.57.png","type":"image\/png"}],"author":"Mondo Camping","twitter_card":"summary_large_image","twitter_creator":"@mondobalneare","twitter_site":"@mondobalneare","twitter_misc":{"\u00c9crit par":"Mondo Camping","Dur\u00e9e de lecture estim\u00e9e":"2 minutes"},"schema":{"@context":"https:\/\/schema.org","@graph":[{"@type":"Article","@id":"https:\/\/www.mondocamping.com\/fr\/evenement-touristique-mondial-2025-rome-accueillera-levenement-du-patrimoine-mondial-de-lunesco\/#article","isPartOf":{"@id":"https:\/\/www.mondocamping.com\/fr\/evenement-touristique-mondial-2025-rome-accueillera-levenement-du-patrimoine-mondial-de-lunesco\/"},"author":{"name":"Mondo Camping","@id":"https:\/\/www.mondocamping.com\/#\/schema\/person\/01a031b8c5ef08c2204bb0e696f0a760"},"headline":"Ev\u00e9nement touristique mondial 2025 : Rome accueillera l&rsquo;\u00e9v\u00e9nement du patrimoine mondial de l&rsquo;UNESCO","datePublished":"2025-02-20T08:23:30+00:00","dateModified":"2025-02-20T10:00:02+00:00","mainEntityOfPage":{"@id":"https:\/\/www.mondocamping.com\/fr\/evenement-touristique-mondial-2025-rome-accueillera-levenement-du-patrimoine-mondial-de-lunesco\/"},"wordCount":427,"publisher":{"@id":"https:\/\/www.mondocamping.com\/#organization"},"image":{"@id":"https:\/\/www.mondocamping.com\/fr\/evenement-touristique-mondial-2025-rome-accueillera-levenement-du-patrimoine-mondial-de-lunesco\/#primaryimage"},"thumbnailUrl":"https:\/\/www.mondocamping.com\/wp-content\/uploads\/2025\/02\/Screenshot-2025-02-20-alle-09.11.57.png","keywords":["\u00c9v\u00e9nement touristique mondial 2025","Rome","tourisme culturel","Tourisme de plein air"],"articleSection":["Actualit\u00e9"],"inLanguage":"fr-FR"},{"@type":"WebPage","@id":"https:\/\/www.mondocamping.com\/fr\/evenement-touristique-mondial-2025-rome-accueillera-levenement-du-patrimoine-mondial-de-lunesco\/","url":"https:\/\/www.mondocamping.com\/fr\/evenement-touristique-mondial-2025-rome-accueillera-levenement-du-patrimoine-mondial-de-lunesco\/","name":"Ev\u00e9nement touristique mondial 2025 : Rome accueillera l'\u00e9v\u00e9nement du patrimoine mondial de l'UNESCO","isPartOf":{"@id":"https:\/\/www.mondocamping.com\/#website"},"primaryImageOfPage":{"@id":"https:\/\/www.mondocamping.com\/fr\/evenement-touristique-mondial-2025-rome-accueillera-levenement-du-patrimoine-mondial-de-lunesco\/#primaryimage"},"image":{"@id":"https:\/\/www.mondocamping.com\/fr\/evenement-touristique-mondial-2025-rome-accueillera-levenement-du-patrimoine-mondial-de-lunesco\/#primaryimage"},"thumbnailUrl":"https:\/\/www.mondocamping.com\/wp-content\/uploads\/2025\/02\/Screenshot-2025-02-20-alle-09.11.57.png","datePublished":"2025-02-20T08:23:30+00:00","dateModified":"2025-02-20T10:00:02+00:00","breadcrumb":{"@id":"https:\/\/www.mondocamping.com\/fr\/evenement-touristique-mondial-2025-rome-accueillera-levenement-du-patrimoine-mondial-de-lunesco\/#breadcrumb"},"inLanguage":"fr-FR","potentialAction":[{"@type":"ReadAction","target":["https:\/\/www.mondocamping.com\/fr\/evenement-touristique-mondial-2025-rome-accueillera-levenement-du-patrimoine-mondial-de-lunesco\/"]}]},{"@type":"ImageObject","inLanguage":"fr-FR","@id":"https:\/\/www.mondocamping.com\/fr\/evenement-touristique-mondial-2025-rome-accueillera-levenement-du-patrimoine-mondial-de-lunesco\/#primaryimage","url":"https:\/\/www.mondocamping.com\/wp-content\/uploads\/2025\/02\/Screenshot-2025-02-20-alle-09.11.57.png","contentUrl":"https:\/\/www.mondocamping.com\/wp-content\/uploads\/2025\/02\/Screenshot-2025-02-20-alle-09.11.57.png","width":1200,"height":628,"caption":"Photo credit: wtevent.it"},{"@type":"BreadcrumbList","@id":"https:\/\/www.mondocamping.com\/fr\/evenement-touristique-mondial-2025-rome-accueillera-levenement-du-patrimoine-mondial-de-lunesco\/#breadcrumb","itemListElement":[{"@type":"ListItem","position":1,"name":"Home","item":"https:\/\/www.mondocamping.com\/fr\/"},{"@type":"ListItem","position":2,"name":"Ev\u00e9nement touristique mondial 2025 : Rome accueillera l&#8217;\u00e9v\u00e9nement du patrimoine mondial de l&#8217;UNESCO"}]},{"@type":"WebSite","@id":"https:\/\/www.mondocamping.com\/#website","url":"https:\/\/www.mondocamping.com\/","name":"Mondo Camping","description":"Le portail d\u00e9di\u00e9 aux gestionnaires de campings et villages touristiques","publisher":{"@id":"https:\/\/www.mondocamping.com\/#organization"},"potentialAction":[{"@type":"SearchAction","target":{"@type":"EntryPoint","urlTemplate":"https:\/\/www.mondocamping.com\/?s={search_term_string}"},"query-input":{"@type":"PropertyValueSpecification","valueRequired":true,"valueName":"search_term_string"}}],"inLanguage":"fr-FR"},{"@type":"Organization","@id":"https:\/\/www.mondocamping.com\/#organization","name":"Mondo Camping","url":"https:\/\/www.mondocamping.com\/","logo":{"@type":"ImageObject","inLanguage":"fr-FR","@id":"https:\/\/www.mondocamping.com\/#\/schema\/logo\/image\/","url":"https:\/\/www.mondocamping.com\/wp-content\/uploads\/2022\/04\/mondo-camping-logo-contornato-1.png","contentUrl":"https:\/\/www.mondocamping.com\/wp-content\/uploads\/2022\/04\/mondo-camping-logo-contornato-1.png","width":280,"height":90,"caption":"Mondo Camping"},"image":{"@id":"https:\/\/www.mondocamping.com\/#\/schema\/logo\/image\/"},"sameAs":["https:\/\/www.facebook.com\/mondobalneare","https:\/\/x.com\/mondobalneare","https:\/\/www.instagram.com\/mondobalneare\/","https:\/\/www.linkedin.com\/company\/67180810\/","https:\/\/www.youtube.com\/user\/mondobalnearevideo"]},{"@type":"Person","@id":"https:\/\/www.mondocamping.com\/#\/schema\/person\/01a031b8c5ef08c2204bb0e696f0a760","name":"Mondo Camping","image":{"@type":"ImageObject","inLanguage":"fr-FR","@id":"https:\/\/www.mondocamping.com\/wp-content\/uploads\/2022\/05\/cropped-icona-MONDO-CAMPING-150x150.png","url":"https:\/\/www.mondocamping.com\/wp-content\/uploads\/2022\/05\/cropped-icona-MONDO-CAMPING-150x150.png","contentUrl":"https:\/\/www.mondocamping.com\/wp-content\/uploads\/2022\/05\/cropped-icona-MONDO-CAMPING-150x150.png","caption":"Mondo Camping"},"sameAs":["https:\/\/www.mondocamping.com\/","https:\/\/www.facebook.com\/mondocamping"]}]}},"_links":{"self":[{"href":"https:\/\/www.mondocamping.com\/fr\/wp-json\/wp\/v2\/posts\/173049","targetHints":{"allow":["GET"]}}],"collection":[{"href":"https:\/\/www.mondocamping.com\/fr\/wp-json\/wp\/v2\/posts"}],"about":[{"href":"https:\/\/www.mondocamping.com\/fr\/wp-json\/wp\/v2\/types\/post"}],"author":[{"embeddable":true,"href":"https:\/\/www.mondocamping.com\/fr\/wp-json\/wp\/v2\/users\/5"}],"replies":[{"embeddable":true,"href":"https:\/\/www.mondocamping.com\/fr\/wp-json\/wp\/v2\/comments?post=173049"}],"version-history":[{"count":1,"href":"https:\/\/www.mondocamping.com\/fr\/wp-json\/wp\/v2\/posts\/173049\/revisions"}],"predecessor-version":[{"id":173050,"href":"https:\/\/www.mondocamping.com\/fr\/wp-json\/wp\/v2\/posts\/173049\/revisions\/173050"}],"wp:featuredmedia":[{"embeddable":true,"href":"https:\/\/www.mondocamping.com\/fr\/wp-json\/wp\/v2\/media\/173042"}],"wp:attachment":[{"href":"https:\/\/www.mondocamping.com\/fr\/wp-json\/wp\/v2\/media?parent=173049"}],"wp:term":[{"taxonomy":"category","embeddable":true,"href":"https:\/\/www.mondocamping.com\/fr\/wp-json\/wp\/v2\/categories?post=173049"},{"taxonomy":"post_tag","embeddable":true,"href":"https:\/\/www.mondocamping.com\/fr\/wp-json\/wp\/v2\/tags?post=173049"}],"curies":[{"name":"wp","href":"https:\/\/api.w.org\/{rel}","templated":true}]}}