{"id":173107,"date":"2025-02-26T19:06:02","date_gmt":"2025-02-26T18:06:02","guid":{"rendered":"https:\/\/www.mondocamping.com\/club-del-sole-vacances-a-vie-pour-lete-2025\/"},"modified":"2025-02-26T19:06:03","modified_gmt":"2025-02-26T18:06:03","slug":"club-del-sole-vacances-a-vie-pour-lete-2025","status":"publish","type":"post","link":"https:\/\/www.mondocamping.com\/fr\/club-del-sole-vacances-a-vie-pour-lete-2025\/","title":{"rendered":"Club del Sole : \u00ab\u00a0Vacances \u00e0 vie\u00a0\u00bb pour l&rsquo;\u00e9t\u00e9 2025"},"content":{"rendered":"\n<p>Est-il possible de vivre des vacances immersives, riches en exp\u00e9riences, avec des services de haut niveau ? La r\u00e9ponse est \u00ab\u00a0oui\u00a0\u00bb pour le <strong><a href=\"https:\/\/www.clubdelsole.com\/it\" target=\"_blank\" rel=\"noreferrer noopener\">Club del Sole<\/a><\/strong>. <\/p>\n\n<p>La marque mise tout sur une proposition gagnante, qu&rsquo;elle r\u00e9sume par un slogan accrocheur : <strong>\u00ab\u00a0<\/strong>Je veux tout\u00a0\u00bb.<strong><em>Je veux tout<\/em><\/strong><strong> est le titre du nouveau spot t\u00e9l\u00e9vis\u00e9 du Club del Sole<\/strong>.<\/p>\n\n<p>La promotion de la marque pour la prochaine saison estivale s&rsquo;articule autour du concept de vacances<strong><em> \u00ab\u00a0Vacances \u00e0 vie\u00a0\u00bb.<\/em><\/strong>C&rsquo;est-\u00e0-dire un s\u00e9jour capable d&rsquo;offrir le plus haut niveau de services, de confort et d&rsquo;interactivit\u00e9, avec des propositions et des exp\u00e9riences \u00e0 l&rsquo;int\u00e9rieur des structures et \u00e0 l&rsquo;ext\u00e9rieur, pour d\u00e9couvrir la beaut\u00e9 des territoires. Un syst\u00e8me d&rsquo;<strong> h\u00e9bergement innovant capable de se distinguer dans le panorama touristique, toujours en contact \u00e9troit avec la nature.<\/strong>  <\/p>\n\n<p><em>Francesco Giondi<\/em>, directeur g\u00e9n\u00e9ral du Club del Sole, commente : \u00a0\u00bb.<em>L&rsquo;annonce \u00ab\u00a0Je veux tout\u00a0\u00bb est une synth\u00e8se parfaite des valeurs qui d\u00e9finissent l&rsquo;offre du Club del Sole et notre mod\u00e8le de vacances Full Life, le premier et unique mod\u00e8le de vacances qui r\u00e9duit la distance entre le naturel et l&rsquo;artificiel, en les unissant dans une dimension unique, capable de rendre la vie pleine et satisfaisante, sans avoir \u00e0 renoncer \u00e0 quoi que ce soit. Un mod\u00e8le capable de garantir \u00e0 nos h\u00f4tes une exp\u00e9rience compl\u00e8te qui transcende le moment m\u00eame des vacances, repr\u00e9sentant exactement la fa\u00e7on dont la vie devrait \u00eatre v\u00e9cue, chaque jour, sous la banni\u00e8re du \u00ab\u00a0vouloir tout\u00a0\u00bb. Une proposition d&rsquo;h\u00e9bergement et un guide pour tous nos choix strat\u00e9giques d&rsquo;entreprise, parmi lesquels, nouveaut\u00e9 pour 2025, la diversification de notre portefeuille de produits avec l&rsquo;int\u00e9gration de destinations en montagne.  <\/em>a\u00a0\u00bb.<\/p>\n\n<h2 class=\"wp-block-heading\">Spot TV du Club del Sole<\/h2>\n\n<p>Le spot TV du Club del Sole a \u00e9t\u00e9 r\u00e9alis\u00e9 par l&rsquo;agence <strong><em>Conic<\/em><\/strong>,<strong><em> <\/em><\/strong>et a \u00e9t\u00e9 lanc\u00e9e hier sur les principaux r\u00e9seaux de Mediaset. Elle peut \u00e9galement \u00eatre vue sur les cha\u00eenes num\u00e9riques et les <em>\u00e9crans secondaires<\/em>. <\/p>\n\n<p><em>Alberto De Martini<\/em>, directeur g\u00e9n\u00e9ral de l&rsquo;agence <em>Conic<\/em> et auteur du spot avec <em>Paola Bussa<\/em> <em>, directrice de la cr\u00e9ation de la marque<\/em>, a d\u00e9clar\u00e9 : \u00a0\u00bb.<em>La mosa\u00efque de l&rsquo;identit\u00e9 de marque du Club del Sole est en train de se constituer avec coh\u00e9rence et continuit\u00e9. Sans n\u00e9gliger un trait qui nous est cher chez Conic : la l\u00e9g\u00e8ret\u00e9, une qualit\u00e9 toujours pr\u00e9cieuse dans la publicit\u00e9 et, je dirais, indispensable lorsqu&rsquo;on parle de vacances. <\/em>\u00ab\u00a0.<\/p>\n","protected":false},"excerpt":{"rendered":"<p>Est-il possible de vivre des vacances immersives, riches en exp\u00e9riences, avec des services de haut niveau ? La r\u00e9ponse est \u00ab\u00a0oui\u00a0\u00bb pour le Club del Sole. La marque mise tout sur une proposition gagnante, qu&rsquo;elle r\u00e9sume par un slogan accrocheur : \u00ab\u00a0Je veux tout\u00a0\u00bb.Je veux tout est le titre du nouveau spot t\u00e9l\u00e9vis\u00e9 du Club [&hellip;]<\/p>\n","protected":false},"author":5,"featured_media":173087,"comment_status":"closed","ping_status":"closed","sticky":false,"template":"","format":"standard","meta":{"_acf_changed":false,"_monsterinsights_skip_tracking":false,"_monsterinsights_sitenote_active":false,"_monsterinsights_sitenote_note":"","_monsterinsights_sitenote_category":0,"footnotes":""},"categories":[4024],"tags":[4189,4210,4025,4262,4079],"class_list":["post-173107","post","type-post","status-publish","format-standard","has-post-thumbnail","hentry","category-actualite","tag-camping-fr","tag-camping-fr-2","tag-club-del-sole-fr","tag-mondo-camping-fr","tag-tourisme-de-plein-air"],"acf":[],"yoast_head":"<!-- This site is optimized with the Yoast SEO plugin v27.5 - https:\/\/yoast.com\/product\/yoast-seo-wordpress\/ -->\n<title>Club del Sole : &quot;Vacances \u00e0 vie&quot; pour l&#039;\u00e9t\u00e9 2025<\/title>\n<meta name=\"robots\" content=\"index, follow, max-snippet:-1, max-image-preview:large, max-video-preview:-1\" \/>\n<link rel=\"canonical\" href=\"https:\/\/www.mondocamping.com\/fr\/club-del-sole-vacances-a-vie-pour-lete-2025\/\" \/>\n<meta property=\"og:locale\" content=\"fr_FR\" \/>\n<meta property=\"og:type\" content=\"article\" \/>\n<meta property=\"og:title\" content=\"Club del Sole : &quot;Vacances \u00e0 vie&quot; pour l&#039;\u00e9t\u00e9 2025\" \/>\n<meta property=\"og:description\" content=\"Est-il possible de vivre des vacances immersives, riches en exp\u00e9riences, avec des services de haut niveau ? La r\u00e9ponse est \u00ab\u00a0oui\u00a0\u00bb pour le Club del Sole. La marque mise tout sur une proposition gagnante, qu&rsquo;elle r\u00e9sume par un slogan accrocheur : \u00ab\u00a0Je veux tout\u00a0\u00bb.Je veux tout est le titre du nouveau spot t\u00e9l\u00e9vis\u00e9 du Club [&hellip;]\" \/>\n<meta property=\"og:url\" content=\"https:\/\/www.mondocamping.com\/fr\/club-del-sole-vacances-a-vie-pour-lete-2025\/\" \/>\n<meta property=\"og:site_name\" content=\"Mondo Camping\" \/>\n<meta property=\"article:publisher\" content=\"https:\/\/www.facebook.com\/mondobalneare\" \/>\n<meta property=\"article:author\" content=\"https:\/\/www.facebook.com\/mondocamping\" \/>\n<meta property=\"article:published_time\" content=\"2025-02-26T18:06:02+00:00\" \/>\n<meta property=\"article:modified_time\" content=\"2025-02-26T18:06:03+00:00\" \/>\n<meta property=\"og:image\" content=\"https:\/\/www.mondocamping.com\/wp-content\/uploads\/2025\/02\/Screenshot-2025-02-26-alle-14.56.42.png\" \/>\n\t<meta property=\"og:image:width\" content=\"1200\" \/>\n\t<meta property=\"og:image:height\" content=\"628\" \/>\n\t<meta property=\"og:image:type\" content=\"image\/png\" \/>\n<meta name=\"author\" content=\"Mondo Camping\" \/>\n<meta name=\"twitter:card\" content=\"summary_large_image\" \/>\n<meta name=\"twitter:creator\" content=\"@mondobalneare\" \/>\n<meta name=\"twitter:site\" content=\"@mondobalneare\" \/>\n<meta name=\"twitter:label1\" content=\"\u00c9crit par\" \/>\n\t<meta name=\"twitter:data1\" content=\"Mondo Camping\" \/>\n\t<meta name=\"twitter:label2\" content=\"Dur\u00e9e de lecture estim\u00e9e\" \/>\n\t<meta name=\"twitter:data2\" content=\"2 minutes\" \/>\n<script type=\"application\/ld+json\" class=\"yoast-schema-graph\">{\"@context\":\"https:\\\/\\\/schema.org\",\"@graph\":[{\"@type\":\"Article\",\"@id\":\"https:\\\/\\\/www.mondocamping.com\\\/fr\\\/club-del-sole-vacances-a-vie-pour-lete-2025\\\/#article\",\"isPartOf\":{\"@id\":\"https:\\\/\\\/www.mondocamping.com\\\/fr\\\/club-del-sole-vacances-a-vie-pour-lete-2025\\\/\"},\"author\":{\"name\":\"Mondo Camping\",\"@id\":\"https:\\\/\\\/www.mondocamping.com\\\/#\\\/schema\\\/person\\\/01a031b8c5ef08c2204bb0e696f0a760\"},\"headline\":\"Club del Sole : \u00ab\u00a0Vacances \u00e0 vie\u00a0\u00bb pour l&rsquo;\u00e9t\u00e9 2025\",\"datePublished\":\"2025-02-26T18:06:02+00:00\",\"dateModified\":\"2025-02-26T18:06:03+00:00\",\"mainEntityOfPage\":{\"@id\":\"https:\\\/\\\/www.mondocamping.com\\\/fr\\\/club-del-sole-vacances-a-vie-pour-lete-2025\\\/\"},\"wordCount\":448,\"publisher\":{\"@id\":\"https:\\\/\\\/www.mondocamping.com\\\/#organization\"},\"image\":{\"@id\":\"https:\\\/\\\/www.mondocamping.com\\\/fr\\\/club-del-sole-vacances-a-vie-pour-lete-2025\\\/#primaryimage\"},\"thumbnailUrl\":\"https:\\\/\\\/www.mondocamping.com\\\/wp-content\\\/uploads\\\/2025\\\/02\\\/Screenshot-2025-02-26-alle-14.56.42.png\",\"keywords\":[\"camping\",\"camping\",\"Club del Sole\",\"Mondo Camping\",\"Tourisme de plein air\"],\"articleSection\":[\"Actualit\u00e9\"],\"inLanguage\":\"fr-FR\"},{\"@type\":\"WebPage\",\"@id\":\"https:\\\/\\\/www.mondocamping.com\\\/fr\\\/club-del-sole-vacances-a-vie-pour-lete-2025\\\/\",\"url\":\"https:\\\/\\\/www.mondocamping.com\\\/fr\\\/club-del-sole-vacances-a-vie-pour-lete-2025\\\/\",\"name\":\"Club del Sole : \\\"Vacances \u00e0 vie\\\" pour l'\u00e9t\u00e9 2025\",\"isPartOf\":{\"@id\":\"https:\\\/\\\/www.mondocamping.com\\\/#website\"},\"primaryImageOfPage\":{\"@id\":\"https:\\\/\\\/www.mondocamping.com\\\/fr\\\/club-del-sole-vacances-a-vie-pour-lete-2025\\\/#primaryimage\"},\"image\":{\"@id\":\"https:\\\/\\\/www.mondocamping.com\\\/fr\\\/club-del-sole-vacances-a-vie-pour-lete-2025\\\/#primaryimage\"},\"thumbnailUrl\":\"https:\\\/\\\/www.mondocamping.com\\\/wp-content\\\/uploads\\\/2025\\\/02\\\/Screenshot-2025-02-26-alle-14.56.42.png\",\"datePublished\":\"2025-02-26T18:06:02+00:00\",\"dateModified\":\"2025-02-26T18:06:03+00:00\",\"breadcrumb\":{\"@id\":\"https:\\\/\\\/www.mondocamping.com\\\/fr\\\/club-del-sole-vacances-a-vie-pour-lete-2025\\\/#breadcrumb\"},\"inLanguage\":\"fr-FR\",\"potentialAction\":[{\"@type\":\"ReadAction\",\"target\":[\"https:\\\/\\\/www.mondocamping.com\\\/fr\\\/club-del-sole-vacances-a-vie-pour-lete-2025\\\/\"]}]},{\"@type\":\"ImageObject\",\"inLanguage\":\"fr-FR\",\"@id\":\"https:\\\/\\\/www.mondocamping.com\\\/fr\\\/club-del-sole-vacances-a-vie-pour-lete-2025\\\/#primaryimage\",\"url\":\"https:\\\/\\\/www.mondocamping.com\\\/wp-content\\\/uploads\\\/2025\\\/02\\\/Screenshot-2025-02-26-alle-14.56.42.png\",\"contentUrl\":\"https:\\\/\\\/www.mondocamping.com\\\/wp-content\\\/uploads\\\/2025\\\/02\\\/Screenshot-2025-02-26-alle-14.56.42.png\",\"width\":1200,\"height\":628},{\"@type\":\"BreadcrumbList\",\"@id\":\"https:\\\/\\\/www.mondocamping.com\\\/fr\\\/club-del-sole-vacances-a-vie-pour-lete-2025\\\/#breadcrumb\",\"itemListElement\":[{\"@type\":\"ListItem\",\"position\":1,\"name\":\"Home\",\"item\":\"https:\\\/\\\/www.mondocamping.com\\\/fr\\\/\"},{\"@type\":\"ListItem\",\"position\":2,\"name\":\"Club del Sole : \u00ab\u00a0Vacances \u00e0 vie\u00a0\u00bb pour l&rsquo;\u00e9t\u00e9 2025\"}]},{\"@type\":\"WebSite\",\"@id\":\"https:\\\/\\\/www.mondocamping.com\\\/#website\",\"url\":\"https:\\\/\\\/www.mondocamping.com\\\/\",\"name\":\"Mondo Camping\",\"description\":\"Le portail d\u00e9di\u00e9 aux gestionnaires de campings et villages touristiques\",\"publisher\":{\"@id\":\"https:\\\/\\\/www.mondocamping.com\\\/#organization\"},\"potentialAction\":[{\"@type\":\"SearchAction\",\"target\":{\"@type\":\"EntryPoint\",\"urlTemplate\":\"https:\\\/\\\/www.mondocamping.com\\\/?s={search_term_string}\"},\"query-input\":{\"@type\":\"PropertyValueSpecification\",\"valueRequired\":true,\"valueName\":\"search_term_string\"}}],\"inLanguage\":\"fr-FR\"},{\"@type\":\"Organization\",\"@id\":\"https:\\\/\\\/www.mondocamping.com\\\/#organization\",\"name\":\"Mondo Camping\",\"url\":\"https:\\\/\\\/www.mondocamping.com\\\/\",\"logo\":{\"@type\":\"ImageObject\",\"inLanguage\":\"fr-FR\",\"@id\":\"https:\\\/\\\/www.mondocamping.com\\\/#\\\/schema\\\/logo\\\/image\\\/\",\"url\":\"https:\\\/\\\/www.mondocamping.com\\\/wp-content\\\/uploads\\\/2022\\\/04\\\/mondo-camping-logo-contornato-1.png\",\"contentUrl\":\"https:\\\/\\\/www.mondocamping.com\\\/wp-content\\\/uploads\\\/2022\\\/04\\\/mondo-camping-logo-contornato-1.png\",\"width\":280,\"height\":90,\"caption\":\"Mondo Camping\"},\"image\":{\"@id\":\"https:\\\/\\\/www.mondocamping.com\\\/#\\\/schema\\\/logo\\\/image\\\/\"},\"sameAs\":[\"https:\\\/\\\/www.facebook.com\\\/mondobalneare\",\"https:\\\/\\\/x.com\\\/mondobalneare\",\"https:\\\/\\\/www.instagram.com\\\/mondobalneare\\\/\",\"https:\\\/\\\/www.linkedin.com\\\/company\\\/67180810\\\/\",\"https:\\\/\\\/www.youtube.com\\\/user\\\/mondobalnearevideo\"]},{\"@type\":\"Person\",\"@id\":\"https:\\\/\\\/www.mondocamping.com\\\/#\\\/schema\\\/person\\\/01a031b8c5ef08c2204bb0e696f0a760\",\"name\":\"Mondo Camping\",\"image\":{\"@type\":\"ImageObject\",\"inLanguage\":\"fr-FR\",\"@id\":\"https:\\\/\\\/www.mondocamping.com\\\/wp-content\\\/uploads\\\/2022\\\/05\\\/cropped-icona-MONDO-CAMPING-150x150.png\",\"url\":\"https:\\\/\\\/www.mondocamping.com\\\/wp-content\\\/uploads\\\/2022\\\/05\\\/cropped-icona-MONDO-CAMPING-150x150.png\",\"contentUrl\":\"https:\\\/\\\/www.mondocamping.com\\\/wp-content\\\/uploads\\\/2022\\\/05\\\/cropped-icona-MONDO-CAMPING-150x150.png\",\"caption\":\"Mondo Camping\"},\"sameAs\":[\"https:\\\/\\\/www.mondocamping.com\\\/\",\"https:\\\/\\\/www.facebook.com\\\/mondocamping\"]}]}<\/script>\n<!-- \/ Yoast SEO plugin. -->","yoast_head_json":{"title":"Club del Sole : \"Vacances \u00e0 vie\" pour l'\u00e9t\u00e9 2025","robots":{"index":"index","follow":"follow","max-snippet":"max-snippet:-1","max-image-preview":"max-image-preview:large","max-video-preview":"max-video-preview:-1"},"canonical":"https:\/\/www.mondocamping.com\/fr\/club-del-sole-vacances-a-vie-pour-lete-2025\/","og_locale":"fr_FR","og_type":"article","og_title":"Club del Sole : \"Vacances \u00e0 vie\" pour l'\u00e9t\u00e9 2025","og_description":"Est-il possible de vivre des vacances immersives, riches en exp\u00e9riences, avec des services de haut niveau ? La r\u00e9ponse est \u00ab\u00a0oui\u00a0\u00bb pour le Club del Sole. La marque mise tout sur une proposition gagnante, qu&rsquo;elle r\u00e9sume par un slogan accrocheur : \u00ab\u00a0Je veux tout\u00a0\u00bb.Je veux tout est le titre du nouveau spot t\u00e9l\u00e9vis\u00e9 du Club [&hellip;]","og_url":"https:\/\/www.mondocamping.com\/fr\/club-del-sole-vacances-a-vie-pour-lete-2025\/","og_site_name":"Mondo Camping","article_publisher":"https:\/\/www.facebook.com\/mondobalneare","article_author":"https:\/\/www.facebook.com\/mondocamping","article_published_time":"2025-02-26T18:06:02+00:00","article_modified_time":"2025-02-26T18:06:03+00:00","og_image":[{"width":1200,"height":628,"url":"https:\/\/www.mondocamping.com\/wp-content\/uploads\/2025\/02\/Screenshot-2025-02-26-alle-14.56.42.png","type":"image\/png"}],"author":"Mondo Camping","twitter_card":"summary_large_image","twitter_creator":"@mondobalneare","twitter_site":"@mondobalneare","twitter_misc":{"\u00c9crit par":"Mondo Camping","Dur\u00e9e de lecture estim\u00e9e":"2 minutes"},"schema":{"@context":"https:\/\/schema.org","@graph":[{"@type":"Article","@id":"https:\/\/www.mondocamping.com\/fr\/club-del-sole-vacances-a-vie-pour-lete-2025\/#article","isPartOf":{"@id":"https:\/\/www.mondocamping.com\/fr\/club-del-sole-vacances-a-vie-pour-lete-2025\/"},"author":{"name":"Mondo Camping","@id":"https:\/\/www.mondocamping.com\/#\/schema\/person\/01a031b8c5ef08c2204bb0e696f0a760"},"headline":"Club del Sole : \u00ab\u00a0Vacances \u00e0 vie\u00a0\u00bb pour l&rsquo;\u00e9t\u00e9 2025","datePublished":"2025-02-26T18:06:02+00:00","dateModified":"2025-02-26T18:06:03+00:00","mainEntityOfPage":{"@id":"https:\/\/www.mondocamping.com\/fr\/club-del-sole-vacances-a-vie-pour-lete-2025\/"},"wordCount":448,"publisher":{"@id":"https:\/\/www.mondocamping.com\/#organization"},"image":{"@id":"https:\/\/www.mondocamping.com\/fr\/club-del-sole-vacances-a-vie-pour-lete-2025\/#primaryimage"},"thumbnailUrl":"https:\/\/www.mondocamping.com\/wp-content\/uploads\/2025\/02\/Screenshot-2025-02-26-alle-14.56.42.png","keywords":["camping","camping","Club del Sole","Mondo Camping","Tourisme de plein air"],"articleSection":["Actualit\u00e9"],"inLanguage":"fr-FR"},{"@type":"WebPage","@id":"https:\/\/www.mondocamping.com\/fr\/club-del-sole-vacances-a-vie-pour-lete-2025\/","url":"https:\/\/www.mondocamping.com\/fr\/club-del-sole-vacances-a-vie-pour-lete-2025\/","name":"Club del Sole : \"Vacances \u00e0 vie\" pour l'\u00e9t\u00e9 2025","isPartOf":{"@id":"https:\/\/www.mondocamping.com\/#website"},"primaryImageOfPage":{"@id":"https:\/\/www.mondocamping.com\/fr\/club-del-sole-vacances-a-vie-pour-lete-2025\/#primaryimage"},"image":{"@id":"https:\/\/www.mondocamping.com\/fr\/club-del-sole-vacances-a-vie-pour-lete-2025\/#primaryimage"},"thumbnailUrl":"https:\/\/www.mondocamping.com\/wp-content\/uploads\/2025\/02\/Screenshot-2025-02-26-alle-14.56.42.png","datePublished":"2025-02-26T18:06:02+00:00","dateModified":"2025-02-26T18:06:03+00:00","breadcrumb":{"@id":"https:\/\/www.mondocamping.com\/fr\/club-del-sole-vacances-a-vie-pour-lete-2025\/#breadcrumb"},"inLanguage":"fr-FR","potentialAction":[{"@type":"ReadAction","target":["https:\/\/www.mondocamping.com\/fr\/club-del-sole-vacances-a-vie-pour-lete-2025\/"]}]},{"@type":"ImageObject","inLanguage":"fr-FR","@id":"https:\/\/www.mondocamping.com\/fr\/club-del-sole-vacances-a-vie-pour-lete-2025\/#primaryimage","url":"https:\/\/www.mondocamping.com\/wp-content\/uploads\/2025\/02\/Screenshot-2025-02-26-alle-14.56.42.png","contentUrl":"https:\/\/www.mondocamping.com\/wp-content\/uploads\/2025\/02\/Screenshot-2025-02-26-alle-14.56.42.png","width":1200,"height":628},{"@type":"BreadcrumbList","@id":"https:\/\/www.mondocamping.com\/fr\/club-del-sole-vacances-a-vie-pour-lete-2025\/#breadcrumb","itemListElement":[{"@type":"ListItem","position":1,"name":"Home","item":"https:\/\/www.mondocamping.com\/fr\/"},{"@type":"ListItem","position":2,"name":"Club del Sole : \u00ab\u00a0Vacances \u00e0 vie\u00a0\u00bb pour l&rsquo;\u00e9t\u00e9 2025"}]},{"@type":"WebSite","@id":"https:\/\/www.mondocamping.com\/#website","url":"https:\/\/www.mondocamping.com\/","name":"Mondo Camping","description":"Le portail d\u00e9di\u00e9 aux gestionnaires de campings et villages touristiques","publisher":{"@id":"https:\/\/www.mondocamping.com\/#organization"},"potentialAction":[{"@type":"SearchAction","target":{"@type":"EntryPoint","urlTemplate":"https:\/\/www.mondocamping.com\/?s={search_term_string}"},"query-input":{"@type":"PropertyValueSpecification","valueRequired":true,"valueName":"search_term_string"}}],"inLanguage":"fr-FR"},{"@type":"Organization","@id":"https:\/\/www.mondocamping.com\/#organization","name":"Mondo Camping","url":"https:\/\/www.mondocamping.com\/","logo":{"@type":"ImageObject","inLanguage":"fr-FR","@id":"https:\/\/www.mondocamping.com\/#\/schema\/logo\/image\/","url":"https:\/\/www.mondocamping.com\/wp-content\/uploads\/2022\/04\/mondo-camping-logo-contornato-1.png","contentUrl":"https:\/\/www.mondocamping.com\/wp-content\/uploads\/2022\/04\/mondo-camping-logo-contornato-1.png","width":280,"height":90,"caption":"Mondo Camping"},"image":{"@id":"https:\/\/www.mondocamping.com\/#\/schema\/logo\/image\/"},"sameAs":["https:\/\/www.facebook.com\/mondobalneare","https:\/\/x.com\/mondobalneare","https:\/\/www.instagram.com\/mondobalneare\/","https:\/\/www.linkedin.com\/company\/67180810\/","https:\/\/www.youtube.com\/user\/mondobalnearevideo"]},{"@type":"Person","@id":"https:\/\/www.mondocamping.com\/#\/schema\/person\/01a031b8c5ef08c2204bb0e696f0a760","name":"Mondo Camping","image":{"@type":"ImageObject","inLanguage":"fr-FR","@id":"https:\/\/www.mondocamping.com\/wp-content\/uploads\/2022\/05\/cropped-icona-MONDO-CAMPING-150x150.png","url":"https:\/\/www.mondocamping.com\/wp-content\/uploads\/2022\/05\/cropped-icona-MONDO-CAMPING-150x150.png","contentUrl":"https:\/\/www.mondocamping.com\/wp-content\/uploads\/2022\/05\/cropped-icona-MONDO-CAMPING-150x150.png","caption":"Mondo Camping"},"sameAs":["https:\/\/www.mondocamping.com\/","https:\/\/www.facebook.com\/mondocamping"]}]}},"_links":{"self":[{"href":"https:\/\/www.mondocamping.com\/fr\/wp-json\/wp\/v2\/posts\/173107","targetHints":{"allow":["GET"]}}],"collection":[{"href":"https:\/\/www.mondocamping.com\/fr\/wp-json\/wp\/v2\/posts"}],"about":[{"href":"https:\/\/www.mondocamping.com\/fr\/wp-json\/wp\/v2\/types\/post"}],"author":[{"embeddable":true,"href":"https:\/\/www.mondocamping.com\/fr\/wp-json\/wp\/v2\/users\/5"}],"replies":[{"embeddable":true,"href":"https:\/\/www.mondocamping.com\/fr\/wp-json\/wp\/v2\/comments?post=173107"}],"version-history":[{"count":1,"href":"https:\/\/www.mondocamping.com\/fr\/wp-json\/wp\/v2\/posts\/173107\/revisions"}],"predecessor-version":[{"id":173108,"href":"https:\/\/www.mondocamping.com\/fr\/wp-json\/wp\/v2\/posts\/173107\/revisions\/173108"}],"wp:featuredmedia":[{"embeddable":true,"href":"https:\/\/www.mondocamping.com\/fr\/wp-json\/wp\/v2\/media\/173087"}],"wp:attachment":[{"href":"https:\/\/www.mondocamping.com\/fr\/wp-json\/wp\/v2\/media?parent=173107"}],"wp:term":[{"taxonomy":"category","embeddable":true,"href":"https:\/\/www.mondocamping.com\/fr\/wp-json\/wp\/v2\/categories?post=173107"},{"taxonomy":"post_tag","embeddable":true,"href":"https:\/\/www.mondocamping.com\/fr\/wp-json\/wp\/v2\/tags?post=173107"}],"curies":[{"name":"wp","href":"https:\/\/api.w.org\/{rel}","templated":true}]}}