{"id":173149,"date":"2025-02-28T12:15:29","date_gmt":"2025-02-28T11:15:29","guid":{"rendered":"https:\/\/www.mondocamping.com\/bornes-de-recharge-pour-velos-electriques-mobilite-verte-egalement-au-camping\/"},"modified":"2025-02-28T12:15:30","modified_gmt":"2025-02-28T11:15:30","slug":"bornes-de-recharge-pour-velos-electriques-mobilite-verte-egalement-au-camping","status":"publish","type":"post","link":"https:\/\/www.mondocamping.com\/fr\/bornes-de-recharge-pour-velos-electriques-mobilite-verte-egalement-au-camping\/","title":{"rendered":"Bornes de recharge pour v\u00e9los \u00e9lectriques, mobilit\u00e9 verte \u00e9galement au camping"},"content":{"rendered":"\n<p>Les campings sont de plus en plus en phase avec leur temps, dans une logique de protection de l&rsquo;environnement et de notre sant\u00e9. De nombreux \u00e9tablissements proposent \u00e0 leurs clients la location de <strong>v\u00e9los \u00e0 p\u00e9dalage assist\u00e9<\/strong>, plus connus sous le nom de <strong>v\u00e9los \u00e9lectriques<\/strong>. La diffusion de ce <strong>moyen de <\/strong>transport <strong>\u00e9lectrique <\/strong>est une solution verte qui optimise les d\u00e9placements tout en minimisant la fatigue, et constitue une occasion ludique de se d\u00e9placer en plein air.    <\/p>\n\n<p>Un appel naturel \u00e0 la <strong>libert\u00e9 et au mouvement<\/strong>, deux roues \u00ab\u00a0avantag\u00e9es\u00a0\u00bb qui raccourcissent les distances et allongent la sant\u00e9 car le moteur \u00e9lectrique incorpor\u00e9 au cadre ne limite pas l&rsquo;activit\u00e9 physique, il l&rsquo;assiste. Comme la bicyclette que nous connaissons tous, le v\u00e9lo \u00e0 p\u00e9dalage assist\u00e9 est un outil pour une activit\u00e9 physique mod\u00e9r\u00e9e. L&rsquo;<strong>e-bike combine l&rsquo;efficacit\u00e9 du transport, la durabilit\u00e9 environnementale et le bien-\u00eatre physique<\/strong>.    <\/p>\n\n<h2 class=\"wp-block-heading\">Bornes de recharge Eternit<\/h2>\n\n<p>Les v\u00e9los \u00e9lectriques n\u00e9cessitent des syst\u00e8mes d&rsquo;alimentation pour permettre aux utilisateurs de recharger leurs v\u00e9hicules. <strong><em>Eternet<\/em><\/strong> propose des <strong>colonnes de recharge qui permettent aux campings et aux villages de vacances d&rsquo;offrir un nouveau service payant et gratuit.<\/strong> <\/p>\n\n<p>Il s&rsquo;agit d&rsquo;un<strong> logiciel innovant<\/strong> qui permet de g\u00e9rer les prises et d&rsquo;offrir un service \u00e0 haute visibilit\u00e9. Les utilisateurs reconnus par le cloud peuvent activer (s&rsquo;ils y sont autoris\u00e9s) la prise disponible et recharger n&rsquo;importe quel appareil (smartphones, tablettes, hoverboards, v\u00e9los et scooters \u00e9lectriques via leurs propres sources d&rsquo;alimentation).  <\/p>\n\n<p>Le co\u00fbt de la recharge est \u00e9galement avantageux, puisqu&rsquo;il faut compter <strong>moins d&rsquo;un euro pour une recharge compl\u00e8te<\/strong>, et permet une<strong>autonomie de 20 \u00e0 100 km et plus.<\/strong> Les co\u00fbts d&rsquo;entretien sont \u00e9galement tout \u00e0 fait abordables, mais une certaine attention est n\u00e9cessaire pour le moteur et l&rsquo;unit\u00e9 de contr\u00f4le, qui, \u00e9tant le c\u0153ur du v\u00e9lo \u00e9lectrique, doivent \u00eatre v\u00e9rifi\u00e9s p\u00e9riodiquement. <\/p>\n\n<p>Pour plus d&rsquo;informations sur le service<\/p>\n\n<div class=\"wp-block-buttons is-layout-flex wp-block-buttons-is-layout-flex\">\n<div class=\"wp-block-button\"><a class=\"wp-block-button__link wp-element-button\" href=\"https:\/\/www.boxotto.it\/form\/contattaci\" target=\"_blank\" rel=\"noreferrer noopener\">Contactez l&rsquo;entreprise<\/a><\/div>\n<\/div>\n\n<p><\/p>\n","protected":false},"excerpt":{"rendered":"<p>Les campings sont de plus en plus en phase avec leur temps, dans une logique de protection de l&rsquo;environnement et de notre sant\u00e9. De nombreux \u00e9tablissements proposent \u00e0 leurs clients la location de v\u00e9los \u00e0 p\u00e9dalage assist\u00e9, plus connus sous le nom de v\u00e9los \u00e9lectriques. La diffusion de ce moyen de transport \u00e9lectrique est une [&hellip;]<\/p>\n","protected":false},"author":175,"featured_media":173135,"comment_status":"closed","ping_status":"closed","sticky":false,"template":"","format":"standard","meta":{"_acf_changed":false,"_monsterinsights_skip_tracking":false,"_monsterinsights_sitenote_active":false,"_monsterinsights_sitenote_note":"","_monsterinsights_sitenote_category":0,"footnotes":""},"categories":[4022],"tags":[6083,4189,4210,4629,6956,6957,4262,4079,6955],"class_list":["post-173149","post","type-post","status-publish","format-standard","has-post-thumbnail","hentry","category-editoriaux","tag-boxotto-fr","tag-camping-fr","tag-camping-fr-2","tag-durabilite","tag-eternet-fr","tag-mobilite-electrique","tag-mondo-camping-fr","tag-tourisme-de-plein-air","tag-velo-electrique"],"acf":[],"yoast_head":"<!-- This site is optimized with the Yoast SEO plugin v27.5 - https:\/\/yoast.com\/product\/yoast-seo-wordpress\/ -->\n<title>Bornes de recharge pour v\u00e9los \u00e9lectriques, mobilit\u00e9 verte \u00e9galement au camping<\/title>\n<meta name=\"robots\" content=\"index, follow, max-snippet:-1, max-image-preview:large, max-video-preview:-1\" \/>\n<link rel=\"canonical\" href=\"https:\/\/www.mondocamping.com\/fr\/bornes-de-recharge-pour-velos-electriques-mobilite-verte-egalement-au-camping\/\" \/>\n<meta property=\"og:locale\" content=\"fr_FR\" \/>\n<meta property=\"og:type\" content=\"article\" \/>\n<meta property=\"og:title\" content=\"Bornes de recharge pour v\u00e9los \u00e9lectriques, mobilit\u00e9 verte \u00e9galement au camping\" \/>\n<meta property=\"og:description\" content=\"Les campings sont de plus en plus en phase avec leur temps, dans une logique de protection de l&rsquo;environnement et de notre sant\u00e9. De nombreux \u00e9tablissements proposent \u00e0 leurs clients la location de v\u00e9los \u00e0 p\u00e9dalage assist\u00e9, plus connus sous le nom de v\u00e9los \u00e9lectriques. La diffusion de ce moyen de transport \u00e9lectrique est une [&hellip;]\" \/>\n<meta property=\"og:url\" content=\"https:\/\/www.mondocamping.com\/fr\/bornes-de-recharge-pour-velos-electriques-mobilite-verte-egalement-au-camping\/\" \/>\n<meta property=\"og:site_name\" content=\"Mondo Camping\" \/>\n<meta property=\"article:publisher\" content=\"https:\/\/www.facebook.com\/mondobalneare\" \/>\n<meta property=\"article:published_time\" content=\"2025-02-28T11:15:29+00:00\" \/>\n<meta property=\"article:modified_time\" content=\"2025-02-28T11:15:30+00:00\" \/>\n<meta property=\"og:image\" content=\"https:\/\/www.mondocamping.com\/wp-content\/uploads\/2025\/02\/gotrax-_WE4BX2k7PY-unsplash-2.jpg\" \/>\n\t<meta property=\"og:image:width\" content=\"1200\" \/>\n\t<meta property=\"og:image:height\" content=\"628\" \/>\n\t<meta property=\"og:image:type\" content=\"image\/jpeg\" \/>\n<meta name=\"author\" content=\"Eternet srl\" \/>\n<meta name=\"twitter:card\" content=\"summary_large_image\" \/>\n<meta name=\"twitter:creator\" content=\"@mondobalneare\" \/>\n<meta name=\"twitter:site\" content=\"@mondobalneare\" \/>\n<meta name=\"twitter:label1\" content=\"\u00c9crit par\" \/>\n\t<meta name=\"twitter:data1\" content=\"Eternet srl\" \/>\n\t<meta name=\"twitter:label2\" content=\"Dur\u00e9e de lecture estim\u00e9e\" \/>\n\t<meta name=\"twitter:data2\" content=\"2 minutes\" \/>\n<script type=\"application\/ld+json\" class=\"yoast-schema-graph\">{\"@context\":\"https:\\\/\\\/schema.org\",\"@graph\":[{\"@type\":\"Article\",\"@id\":\"https:\\\/\\\/www.mondocamping.com\\\/fr\\\/bornes-de-recharge-pour-velos-electriques-mobilite-verte-egalement-au-camping\\\/#article\",\"isPartOf\":{\"@id\":\"https:\\\/\\\/www.mondocamping.com\\\/fr\\\/bornes-de-recharge-pour-velos-electriques-mobilite-verte-egalement-au-camping\\\/\"},\"author\":{\"name\":\"Eternet srl\",\"@id\":\"https:\\\/\\\/www.mondocamping.com\\\/#\\\/schema\\\/person\\\/67db93f2775a16d05427b161af11bfc7\"},\"headline\":\"Bornes de recharge pour v\u00e9los \u00e9lectriques, mobilit\u00e9 verte \u00e9galement au camping\",\"datePublished\":\"2025-02-28T11:15:29+00:00\",\"dateModified\":\"2025-02-28T11:15:30+00:00\",\"mainEntityOfPage\":{\"@id\":\"https:\\\/\\\/www.mondocamping.com\\\/fr\\\/bornes-de-recharge-pour-velos-electriques-mobilite-verte-egalement-au-camping\\\/\"},\"wordCount\":353,\"publisher\":{\"@id\":\"https:\\\/\\\/www.mondocamping.com\\\/#organization\"},\"image\":{\"@id\":\"https:\\\/\\\/www.mondocamping.com\\\/fr\\\/bornes-de-recharge-pour-velos-electriques-mobilite-verte-egalement-au-camping\\\/#primaryimage\"},\"thumbnailUrl\":\"https:\\\/\\\/www.mondocamping.com\\\/wp-content\\\/uploads\\\/2025\\\/02\\\/gotrax-_WE4BX2k7PY-unsplash-2.jpg\",\"keywords\":[\"BOxotto\",\"camping\",\"camping\",\"durabilit\u00e9\",\"Eternet\",\"mobilit\u00e9 \u00e9lectrique\",\"Mondo Camping\",\"Tourisme de plein air\",\"v\u00e9lo \u00e9lectrique\"],\"articleSection\":[\"\u00c9ditoriaux\"],\"inLanguage\":\"fr-FR\"},{\"@type\":\"WebPage\",\"@id\":\"https:\\\/\\\/www.mondocamping.com\\\/fr\\\/bornes-de-recharge-pour-velos-electriques-mobilite-verte-egalement-au-camping\\\/\",\"url\":\"https:\\\/\\\/www.mondocamping.com\\\/fr\\\/bornes-de-recharge-pour-velos-electriques-mobilite-verte-egalement-au-camping\\\/\",\"name\":\"Bornes de recharge pour v\u00e9los \u00e9lectriques, mobilit\u00e9 verte \u00e9galement au camping\",\"isPartOf\":{\"@id\":\"https:\\\/\\\/www.mondocamping.com\\\/#website\"},\"primaryImageOfPage\":{\"@id\":\"https:\\\/\\\/www.mondocamping.com\\\/fr\\\/bornes-de-recharge-pour-velos-electriques-mobilite-verte-egalement-au-camping\\\/#primaryimage\"},\"image\":{\"@id\":\"https:\\\/\\\/www.mondocamping.com\\\/fr\\\/bornes-de-recharge-pour-velos-electriques-mobilite-verte-egalement-au-camping\\\/#primaryimage\"},\"thumbnailUrl\":\"https:\\\/\\\/www.mondocamping.com\\\/wp-content\\\/uploads\\\/2025\\\/02\\\/gotrax-_WE4BX2k7PY-unsplash-2.jpg\",\"datePublished\":\"2025-02-28T11:15:29+00:00\",\"dateModified\":\"2025-02-28T11:15:30+00:00\",\"breadcrumb\":{\"@id\":\"https:\\\/\\\/www.mondocamping.com\\\/fr\\\/bornes-de-recharge-pour-velos-electriques-mobilite-verte-egalement-au-camping\\\/#breadcrumb\"},\"inLanguage\":\"fr-FR\",\"potentialAction\":[{\"@type\":\"ReadAction\",\"target\":[\"https:\\\/\\\/www.mondocamping.com\\\/fr\\\/bornes-de-recharge-pour-velos-electriques-mobilite-verte-egalement-au-camping\\\/\"]}]},{\"@type\":\"ImageObject\",\"inLanguage\":\"fr-FR\",\"@id\":\"https:\\\/\\\/www.mondocamping.com\\\/fr\\\/bornes-de-recharge-pour-velos-electriques-mobilite-verte-egalement-au-camping\\\/#primaryimage\",\"url\":\"https:\\\/\\\/www.mondocamping.com\\\/wp-content\\\/uploads\\\/2025\\\/02\\\/gotrax-_WE4BX2k7PY-unsplash-2.jpg\",\"contentUrl\":\"https:\\\/\\\/www.mondocamping.com\\\/wp-content\\\/uploads\\\/2025\\\/02\\\/gotrax-_WE4BX2k7PY-unsplash-2.jpg\",\"width\":1200,\"height\":628},{\"@type\":\"BreadcrumbList\",\"@id\":\"https:\\\/\\\/www.mondocamping.com\\\/fr\\\/bornes-de-recharge-pour-velos-electriques-mobilite-verte-egalement-au-camping\\\/#breadcrumb\",\"itemListElement\":[{\"@type\":\"ListItem\",\"position\":1,\"name\":\"Home\",\"item\":\"https:\\\/\\\/www.mondocamping.com\\\/fr\\\/\"},{\"@type\":\"ListItem\",\"position\":2,\"name\":\"Bornes de recharge pour v\u00e9los \u00e9lectriques, mobilit\u00e9 verte \u00e9galement au camping\"}]},{\"@type\":\"WebSite\",\"@id\":\"https:\\\/\\\/www.mondocamping.com\\\/#website\",\"url\":\"https:\\\/\\\/www.mondocamping.com\\\/\",\"name\":\"Mondo Camping\",\"description\":\"Le portail d\u00e9di\u00e9 aux gestionnaires de campings et villages touristiques\",\"publisher\":{\"@id\":\"https:\\\/\\\/www.mondocamping.com\\\/#organization\"},\"potentialAction\":[{\"@type\":\"SearchAction\",\"target\":{\"@type\":\"EntryPoint\",\"urlTemplate\":\"https:\\\/\\\/www.mondocamping.com\\\/?s={search_term_string}\"},\"query-input\":{\"@type\":\"PropertyValueSpecification\",\"valueRequired\":true,\"valueName\":\"search_term_string\"}}],\"inLanguage\":\"fr-FR\"},{\"@type\":\"Organization\",\"@id\":\"https:\\\/\\\/www.mondocamping.com\\\/#organization\",\"name\":\"Mondo Camping\",\"url\":\"https:\\\/\\\/www.mondocamping.com\\\/\",\"logo\":{\"@type\":\"ImageObject\",\"inLanguage\":\"fr-FR\",\"@id\":\"https:\\\/\\\/www.mondocamping.com\\\/#\\\/schema\\\/logo\\\/image\\\/\",\"url\":\"https:\\\/\\\/www.mondocamping.com\\\/wp-content\\\/uploads\\\/2022\\\/04\\\/mondo-camping-logo-contornato-1.png\",\"contentUrl\":\"https:\\\/\\\/www.mondocamping.com\\\/wp-content\\\/uploads\\\/2022\\\/04\\\/mondo-camping-logo-contornato-1.png\",\"width\":280,\"height\":90,\"caption\":\"Mondo Camping\"},\"image\":{\"@id\":\"https:\\\/\\\/www.mondocamping.com\\\/#\\\/schema\\\/logo\\\/image\\\/\"},\"sameAs\":[\"https:\\\/\\\/www.facebook.com\\\/mondobalneare\",\"https:\\\/\\\/x.com\\\/mondobalneare\",\"https:\\\/\\\/www.instagram.com\\\/mondobalneare\\\/\",\"https:\\\/\\\/www.linkedin.com\\\/company\\\/67180810\\\/\",\"https:\\\/\\\/www.youtube.com\\\/user\\\/mondobalnearevideo\"]},{\"@type\":\"Person\",\"@id\":\"https:\\\/\\\/www.mondocamping.com\\\/#\\\/schema\\\/person\\\/67db93f2775a16d05427b161af11bfc7\",\"name\":\"Eternet srl\",\"image\":{\"@type\":\"ImageObject\",\"inLanguage\":\"fr-FR\",\"@id\":\"https:\\\/\\\/www.mondocamping.com\\\/wp-content\\\/uploads\\\/2023\\\/04\\\/eternet-150x150.jpg\",\"url\":\"https:\\\/\\\/www.mondocamping.com\\\/wp-content\\\/uploads\\\/2023\\\/04\\\/eternet-150x150.jpg\",\"contentUrl\":\"https:\\\/\\\/www.mondocamping.com\\\/wp-content\\\/uploads\\\/2023\\\/04\\\/eternet-150x150.jpg\",\"caption\":\"Eternet srl\"},\"description\":\"Tel. 02 45506366\"}]}<\/script>\n<!-- \/ Yoast SEO plugin. -->","yoast_head_json":{"title":"Bornes de recharge pour v\u00e9los \u00e9lectriques, mobilit\u00e9 verte \u00e9galement au camping","robots":{"index":"index","follow":"follow","max-snippet":"max-snippet:-1","max-image-preview":"max-image-preview:large","max-video-preview":"max-video-preview:-1"},"canonical":"https:\/\/www.mondocamping.com\/fr\/bornes-de-recharge-pour-velos-electriques-mobilite-verte-egalement-au-camping\/","og_locale":"fr_FR","og_type":"article","og_title":"Bornes de recharge pour v\u00e9los \u00e9lectriques, mobilit\u00e9 verte \u00e9galement au camping","og_description":"Les campings sont de plus en plus en phase avec leur temps, dans une logique de protection de l&rsquo;environnement et de notre sant\u00e9. De nombreux \u00e9tablissements proposent \u00e0 leurs clients la location de v\u00e9los \u00e0 p\u00e9dalage assist\u00e9, plus connus sous le nom de v\u00e9los \u00e9lectriques. La diffusion de ce moyen de transport \u00e9lectrique est une [&hellip;]","og_url":"https:\/\/www.mondocamping.com\/fr\/bornes-de-recharge-pour-velos-electriques-mobilite-verte-egalement-au-camping\/","og_site_name":"Mondo Camping","article_publisher":"https:\/\/www.facebook.com\/mondobalneare","article_published_time":"2025-02-28T11:15:29+00:00","article_modified_time":"2025-02-28T11:15:30+00:00","og_image":[{"width":1200,"height":628,"url":"https:\/\/www.mondocamping.com\/wp-content\/uploads\/2025\/02\/gotrax-_WE4BX2k7PY-unsplash-2.jpg","type":"image\/jpeg"}],"author":"Eternet srl","twitter_card":"summary_large_image","twitter_creator":"@mondobalneare","twitter_site":"@mondobalneare","twitter_misc":{"\u00c9crit par":"Eternet srl","Dur\u00e9e de lecture estim\u00e9e":"2 minutes"},"schema":{"@context":"https:\/\/schema.org","@graph":[{"@type":"Article","@id":"https:\/\/www.mondocamping.com\/fr\/bornes-de-recharge-pour-velos-electriques-mobilite-verte-egalement-au-camping\/#article","isPartOf":{"@id":"https:\/\/www.mondocamping.com\/fr\/bornes-de-recharge-pour-velos-electriques-mobilite-verte-egalement-au-camping\/"},"author":{"name":"Eternet srl","@id":"https:\/\/www.mondocamping.com\/#\/schema\/person\/67db93f2775a16d05427b161af11bfc7"},"headline":"Bornes de recharge pour v\u00e9los \u00e9lectriques, mobilit\u00e9 verte \u00e9galement au camping","datePublished":"2025-02-28T11:15:29+00:00","dateModified":"2025-02-28T11:15:30+00:00","mainEntityOfPage":{"@id":"https:\/\/www.mondocamping.com\/fr\/bornes-de-recharge-pour-velos-electriques-mobilite-verte-egalement-au-camping\/"},"wordCount":353,"publisher":{"@id":"https:\/\/www.mondocamping.com\/#organization"},"image":{"@id":"https:\/\/www.mondocamping.com\/fr\/bornes-de-recharge-pour-velos-electriques-mobilite-verte-egalement-au-camping\/#primaryimage"},"thumbnailUrl":"https:\/\/www.mondocamping.com\/wp-content\/uploads\/2025\/02\/gotrax-_WE4BX2k7PY-unsplash-2.jpg","keywords":["BOxotto","camping","camping","durabilit\u00e9","Eternet","mobilit\u00e9 \u00e9lectrique","Mondo Camping","Tourisme de plein air","v\u00e9lo \u00e9lectrique"],"articleSection":["\u00c9ditoriaux"],"inLanguage":"fr-FR"},{"@type":"WebPage","@id":"https:\/\/www.mondocamping.com\/fr\/bornes-de-recharge-pour-velos-electriques-mobilite-verte-egalement-au-camping\/","url":"https:\/\/www.mondocamping.com\/fr\/bornes-de-recharge-pour-velos-electriques-mobilite-verte-egalement-au-camping\/","name":"Bornes de recharge pour v\u00e9los \u00e9lectriques, mobilit\u00e9 verte \u00e9galement au camping","isPartOf":{"@id":"https:\/\/www.mondocamping.com\/#website"},"primaryImageOfPage":{"@id":"https:\/\/www.mondocamping.com\/fr\/bornes-de-recharge-pour-velos-electriques-mobilite-verte-egalement-au-camping\/#primaryimage"},"image":{"@id":"https:\/\/www.mondocamping.com\/fr\/bornes-de-recharge-pour-velos-electriques-mobilite-verte-egalement-au-camping\/#primaryimage"},"thumbnailUrl":"https:\/\/www.mondocamping.com\/wp-content\/uploads\/2025\/02\/gotrax-_WE4BX2k7PY-unsplash-2.jpg","datePublished":"2025-02-28T11:15:29+00:00","dateModified":"2025-02-28T11:15:30+00:00","breadcrumb":{"@id":"https:\/\/www.mondocamping.com\/fr\/bornes-de-recharge-pour-velos-electriques-mobilite-verte-egalement-au-camping\/#breadcrumb"},"inLanguage":"fr-FR","potentialAction":[{"@type":"ReadAction","target":["https:\/\/www.mondocamping.com\/fr\/bornes-de-recharge-pour-velos-electriques-mobilite-verte-egalement-au-camping\/"]}]},{"@type":"ImageObject","inLanguage":"fr-FR","@id":"https:\/\/www.mondocamping.com\/fr\/bornes-de-recharge-pour-velos-electriques-mobilite-verte-egalement-au-camping\/#primaryimage","url":"https:\/\/www.mondocamping.com\/wp-content\/uploads\/2025\/02\/gotrax-_WE4BX2k7PY-unsplash-2.jpg","contentUrl":"https:\/\/www.mondocamping.com\/wp-content\/uploads\/2025\/02\/gotrax-_WE4BX2k7PY-unsplash-2.jpg","width":1200,"height":628},{"@type":"BreadcrumbList","@id":"https:\/\/www.mondocamping.com\/fr\/bornes-de-recharge-pour-velos-electriques-mobilite-verte-egalement-au-camping\/#breadcrumb","itemListElement":[{"@type":"ListItem","position":1,"name":"Home","item":"https:\/\/www.mondocamping.com\/fr\/"},{"@type":"ListItem","position":2,"name":"Bornes de recharge pour v\u00e9los \u00e9lectriques, mobilit\u00e9 verte \u00e9galement au camping"}]},{"@type":"WebSite","@id":"https:\/\/www.mondocamping.com\/#website","url":"https:\/\/www.mondocamping.com\/","name":"Mondo Camping","description":"Le portail d\u00e9di\u00e9 aux gestionnaires de campings et villages touristiques","publisher":{"@id":"https:\/\/www.mondocamping.com\/#organization"},"potentialAction":[{"@type":"SearchAction","target":{"@type":"EntryPoint","urlTemplate":"https:\/\/www.mondocamping.com\/?s={search_term_string}"},"query-input":{"@type":"PropertyValueSpecification","valueRequired":true,"valueName":"search_term_string"}}],"inLanguage":"fr-FR"},{"@type":"Organization","@id":"https:\/\/www.mondocamping.com\/#organization","name":"Mondo Camping","url":"https:\/\/www.mondocamping.com\/","logo":{"@type":"ImageObject","inLanguage":"fr-FR","@id":"https:\/\/www.mondocamping.com\/#\/schema\/logo\/image\/","url":"https:\/\/www.mondocamping.com\/wp-content\/uploads\/2022\/04\/mondo-camping-logo-contornato-1.png","contentUrl":"https:\/\/www.mondocamping.com\/wp-content\/uploads\/2022\/04\/mondo-camping-logo-contornato-1.png","width":280,"height":90,"caption":"Mondo Camping"},"image":{"@id":"https:\/\/www.mondocamping.com\/#\/schema\/logo\/image\/"},"sameAs":["https:\/\/www.facebook.com\/mondobalneare","https:\/\/x.com\/mondobalneare","https:\/\/www.instagram.com\/mondobalneare\/","https:\/\/www.linkedin.com\/company\/67180810\/","https:\/\/www.youtube.com\/user\/mondobalnearevideo"]},{"@type":"Person","@id":"https:\/\/www.mondocamping.com\/#\/schema\/person\/67db93f2775a16d05427b161af11bfc7","name":"Eternet srl","image":{"@type":"ImageObject","inLanguage":"fr-FR","@id":"https:\/\/www.mondocamping.com\/wp-content\/uploads\/2023\/04\/eternet-150x150.jpg","url":"https:\/\/www.mondocamping.com\/wp-content\/uploads\/2023\/04\/eternet-150x150.jpg","contentUrl":"https:\/\/www.mondocamping.com\/wp-content\/uploads\/2023\/04\/eternet-150x150.jpg","caption":"Eternet srl"},"description":"Tel. 02 45506366"}]}},"_links":{"self":[{"href":"https:\/\/www.mondocamping.com\/fr\/wp-json\/wp\/v2\/posts\/173149","targetHints":{"allow":["GET"]}}],"collection":[{"href":"https:\/\/www.mondocamping.com\/fr\/wp-json\/wp\/v2\/posts"}],"about":[{"href":"https:\/\/www.mondocamping.com\/fr\/wp-json\/wp\/v2\/types\/post"}],"author":[{"embeddable":true,"href":"https:\/\/www.mondocamping.com\/fr\/wp-json\/wp\/v2\/users\/175"}],"replies":[{"embeddable":true,"href":"https:\/\/www.mondocamping.com\/fr\/wp-json\/wp\/v2\/comments?post=173149"}],"version-history":[{"count":1,"href":"https:\/\/www.mondocamping.com\/fr\/wp-json\/wp\/v2\/posts\/173149\/revisions"}],"predecessor-version":[{"id":173150,"href":"https:\/\/www.mondocamping.com\/fr\/wp-json\/wp\/v2\/posts\/173149\/revisions\/173150"}],"wp:featuredmedia":[{"embeddable":true,"href":"https:\/\/www.mondocamping.com\/fr\/wp-json\/wp\/v2\/media\/173135"}],"wp:attachment":[{"href":"https:\/\/www.mondocamping.com\/fr\/wp-json\/wp\/v2\/media?parent=173149"}],"wp:term":[{"taxonomy":"category","embeddable":true,"href":"https:\/\/www.mondocamping.com\/fr\/wp-json\/wp\/v2\/categories?post=173149"},{"taxonomy":"post_tag","embeddable":true,"href":"https:\/\/www.mondocamping.com\/fr\/wp-json\/wp\/v2\/tags?post=173149"}],"curies":[{"name":"wp","href":"https:\/\/api.w.org\/{rel}","templated":true}]}}