{"id":173178,"date":"2025-03-03T22:18:56","date_gmt":"2025-03-03T21:18:56","guid":{"rendered":"https:\/\/www.mondocamping.com\/faita-vallee-daoste-seminaire-sur-les-loyers-cadastraux\/"},"modified":"2025-03-03T22:18:57","modified_gmt":"2025-03-03T21:18:57","slug":"faita-vallee-daoste-seminaire-sur-les-loyers-cadastraux","status":"publish","type":"post","link":"https:\/\/www.mondocamping.com\/fr\/faita-vallee-daoste-seminaire-sur-les-loyers-cadastraux\/","title":{"rendered":"Faita Vall\u00e9e d&rsquo;Aoste : s\u00e9minaire sur les loyers cadastraux"},"content":{"rendered":"\n<p>La semaine derni\u00e8re s&rsquo;est tenu un important s\u00e9minaire promu par <strong>Faita Valle d&rsquo;Aosta<\/strong>, l&rsquo;organisation qui, au sein de l&rsquo;<strong>ADAVA <\/strong>, repr\u00e9sente les propri\u00e9taires de campings et de villages touristiques de la r\u00e9gion. Le rendez-vous a eu lieu au <em>Camping Lazy Bee Village<\/em>, dans la localit\u00e9 de Teppe in Quart, en pr\u00e9sence de nombreux propri\u00e9taires de structures d&rsquo;h\u00e9bergement associ\u00e9es, afin de discuter des dispositions de la loi sur le tourisme.   <strong>nouveau d\u00e9cret-loi n\u00b0 113 du 9 ao\u00fbt 2024 relatif \u00e0 la r\u00e9\u00e9valuation des loyers cadastraux dans les \u00e9tablissements d&rsquo;h\u00e9bergement de plein air. <\/strong>.  <\/p>\n\n<p>Le <strong>pr\u00e9sident de Faita Valle d&rsquo;Aosta<\/strong>, <strong>Matteo Restelli<\/strong>, \u00e9tait \u00e9galement pr\u00e9sent au s\u00e9minaire.<em>Cette r\u00e9union \u00e9tait essentielle pour clarifier les nouvelles dispositions relatives aux loyers cadastraux. Il est essentiel que tous les op\u00e9rateurs du secteur soient bien inform\u00e9s des d\u00e9lais et des obligations afin d&rsquo;\u00e9viter les sanctions. Nous continuerons \u00e0 soutenir nos membres du mieux que nous pouvons pour faire face \u00e0 ce changement de r\u00e9glementation.  <\/em>\u00ab\u00a0.<\/p>\n\n<p>Des experts du secteur ont \u00e9galement pris la parole lors de la r\u00e9union, notamment <strong>Marco Sperapani<\/strong>, <strong>directeur g\u00e9n\u00e9ral de Faita Federcamping Nazionale<\/strong>, qui a ajout\u00e9 : \u00ab\u00a0&#8230;<em>La r\u00e9union d&rsquo;aujourd&rsquo;hui d\u00e9montre que les activit\u00e9s men\u00e9es par les associations r\u00e9gionales sont d&rsquo;une importance fondamentale et strat\u00e9gique pour l&rsquo;ensemble du syst\u00e8me de repr\u00e9sentation f\u00e9d\u00e9rale. La participation de toutes les entreprises membres a confirm\u00e9 une fois de plus l&rsquo;efficacit\u00e9 et la repr\u00e9sentativit\u00e9 de Faita Valle d&rsquo;Aosta et de l&rsquo;ADAVA. L&rsquo;objectif de la r\u00e9union d&rsquo;aujourd&rsquo;hui \u00e9tait de pr\u00e9senter en d\u00e9tail l&rsquo;introduction du nouveau r\u00e9gime cadastral pour les installations mobiles d&rsquo;h\u00e9bergement de nuit au sein des installations d&rsquo;h\u00e9bergement en plein air. Enfin, gr\u00e2ce \u00e0 la nouvelle r\u00e9glementation, le secteur pourra planifier avec plus de certitude et garantir les investissements n\u00e9cessaires pour rendre l&rsquo;h\u00e9bergement touristique en plein air plus attractif et comp\u00e9titif.   <\/em>\u00ab\u00a0.<\/p>\n\n<p>En outre, le <strong>technicien d\u00e9sign\u00e9 par l&rsquo;association, l&rsquo;ing\u00e9nieur Henry Calza<\/strong>, a particip\u00e9 aux travaux, avec pour mission d&rsquo;assister et de soutenir les professionnels des structures individuelles<strong> <\/strong>qui en auront besoin, et de coordonner la phase de dialogue entre les structures d&rsquo;accueil, l&rsquo;association et les responsables de l&rsquo;Agence fonci\u00e8re.<\/p>\n\n<p>D&rsquo;apr\u00e8s ce que nous avons appris de <strong><em>Faita Federcamping<\/em><\/strong><em>Parmi les nouveaut\u00e9s introduites, l&rsquo;une des plus significatives est la d\u00e9termination de la non-pertinence aux fins de la repr\u00e9sentation cadastrale et du recensement relatif, g\u00e9n\u00e9rant ainsi l&rsquo;exclusion de l&rsquo;estimation directe pour la d\u00e9termination du revenu cadastral, des installations mobiles d&rsquo;h\u00e9bergement de nuit situ\u00e9es dans des installations d&rsquo;h\u00e9bergement en plein air ; en m\u00eame temps, cependant, le d\u00e9cret pr\u00e9voit l&rsquo;inclusion d&rsquo;un param\u00e8tre d&rsquo;\u00e9quilibrage avec une augmentation de la valeur des zones \u00e9quip\u00e9es pour les installations mobiles d&rsquo;h\u00e9bergement et les zones non \u00e9quip\u00e9es destin\u00e9es \u00e0 la nuit\u00e9e pour les clients\u00a0\u00bb.<\/em><\/p>\n","protected":false},"excerpt":{"rendered":"<p>La semaine derni\u00e8re s&rsquo;est tenu un important s\u00e9minaire promu par Faita Valle d&rsquo;Aosta, l&rsquo;organisation qui, au sein de l&rsquo;ADAVA , repr\u00e9sente les propri\u00e9taires de campings et de villages touristiques de la r\u00e9gion. Le rendez-vous a eu lieu au Camping Lazy Bee Village, dans la localit\u00e9 de Teppe in Quart, en pr\u00e9sence de nombreux propri\u00e9taires de [&hellip;]<\/p>\n","protected":false},"author":5,"featured_media":173168,"comment_status":"closed","ping_status":"closed","sticky":false,"template":"","format":"standard","meta":{"_acf_changed":false,"_monsterinsights_skip_tracking":false,"_monsterinsights_sitenote_active":false,"_monsterinsights_sitenote_note":"","_monsterinsights_sitenote_category":0,"footnotes":""},"categories":[4024],"tags":[3753,1761,6962,6963,3856,4079],"class_list":["post-173178","post","type-post","status-publish","format-standard","has-post-thumbnail","hentry","category-actualite","tag-camping","tag-faita-federcamping","tag-faita-vallee-daoste","tag-loyers-cadastraux","tag-mondo-camping","tag-tourisme-de-plein-air"],"acf":[],"yoast_head":"<!-- This site is optimized with the Yoast SEO plugin v27.5 - https:\/\/yoast.com\/product\/yoast-seo-wordpress\/ -->\n<title>Faita Vall\u00e9e d&#039;Aoste : s\u00e9minaire sur les loyers cadastraux<\/title>\n<meta name=\"robots\" content=\"index, follow, max-snippet:-1, max-image-preview:large, max-video-preview:-1\" \/>\n<link rel=\"canonical\" href=\"https:\/\/www.mondocamping.com\/fr\/faita-vallee-daoste-seminaire-sur-les-loyers-cadastraux\/\" \/>\n<meta property=\"og:locale\" content=\"fr_FR\" \/>\n<meta property=\"og:type\" content=\"article\" \/>\n<meta property=\"og:title\" content=\"Faita Vall\u00e9e d&#039;Aoste : s\u00e9minaire sur les loyers cadastraux\" \/>\n<meta property=\"og:description\" content=\"La semaine derni\u00e8re s&rsquo;est tenu un important s\u00e9minaire promu par Faita Valle d&rsquo;Aosta, l&rsquo;organisation qui, au sein de l&rsquo;ADAVA , repr\u00e9sente les propri\u00e9taires de campings et de villages touristiques de la r\u00e9gion. Le rendez-vous a eu lieu au Camping Lazy Bee Village, dans la localit\u00e9 de Teppe in Quart, en pr\u00e9sence de nombreux propri\u00e9taires de [&hellip;]\" \/>\n<meta property=\"og:url\" content=\"https:\/\/www.mondocamping.com\/fr\/faita-vallee-daoste-seminaire-sur-les-loyers-cadastraux\/\" \/>\n<meta property=\"og:site_name\" content=\"Mondo Camping\" \/>\n<meta property=\"article:publisher\" content=\"https:\/\/www.facebook.com\/mondobalneare\" \/>\n<meta property=\"article:author\" content=\"https:\/\/www.facebook.com\/mondocamping\" \/>\n<meta property=\"article:published_time\" content=\"2025-03-03T21:18:56+00:00\" \/>\n<meta property=\"article:modified_time\" content=\"2025-03-03T21:18:57+00:00\" \/>\n<meta property=\"og:image\" content=\"https:\/\/www.mondocamping.com\/wp-content\/uploads\/2025\/03\/faita_2-2.jpg\" \/>\n\t<meta property=\"og:image:width\" content=\"1200\" \/>\n\t<meta property=\"og:image:height\" content=\"628\" \/>\n\t<meta property=\"og:image:type\" content=\"image\/jpeg\" \/>\n<meta name=\"author\" content=\"Mondo Camping\" \/>\n<meta name=\"twitter:card\" content=\"summary_large_image\" \/>\n<meta name=\"twitter:creator\" content=\"@mondobalneare\" \/>\n<meta name=\"twitter:site\" content=\"@mondobalneare\" \/>\n<meta name=\"twitter:label1\" content=\"\u00c9crit par\" \/>\n\t<meta name=\"twitter:data1\" content=\"Mondo Camping\" \/>\n\t<meta name=\"twitter:label2\" content=\"Dur\u00e9e de lecture estim\u00e9e\" \/>\n\t<meta name=\"twitter:data2\" content=\"2 minutes\" \/>\n<script type=\"application\/ld+json\" class=\"yoast-schema-graph\">{\"@context\":\"https:\\\/\\\/schema.org\",\"@graph\":[{\"@type\":\"Article\",\"@id\":\"https:\\\/\\\/www.mondocamping.com\\\/fr\\\/faita-vallee-daoste-seminaire-sur-les-loyers-cadastraux\\\/#article\",\"isPartOf\":{\"@id\":\"https:\\\/\\\/www.mondocamping.com\\\/fr\\\/faita-vallee-daoste-seminaire-sur-les-loyers-cadastraux\\\/\"},\"author\":{\"name\":\"Mondo Camping\",\"@id\":\"https:\\\/\\\/www.mondocamping.com\\\/#\\\/schema\\\/person\\\/01a031b8c5ef08c2204bb0e696f0a760\"},\"headline\":\"Faita Vall\u00e9e d&rsquo;Aoste : s\u00e9minaire sur les loyers cadastraux\",\"datePublished\":\"2025-03-03T21:18:56+00:00\",\"dateModified\":\"2025-03-03T21:18:57+00:00\",\"mainEntityOfPage\":{\"@id\":\"https:\\\/\\\/www.mondocamping.com\\\/fr\\\/faita-vallee-daoste-seminaire-sur-les-loyers-cadastraux\\\/\"},\"wordCount\":543,\"publisher\":{\"@id\":\"https:\\\/\\\/www.mondocamping.com\\\/#organization\"},\"image\":{\"@id\":\"https:\\\/\\\/www.mondocamping.com\\\/fr\\\/faita-vallee-daoste-seminaire-sur-les-loyers-cadastraux\\\/#primaryimage\"},\"thumbnailUrl\":\"https:\\\/\\\/www.mondocamping.com\\\/wp-content\\\/uploads\\\/2025\\\/03\\\/faita_2-2.jpg\",\"keywords\":[\"camping\",\"Faita Federcamping\",\"Faita Vall\u00e9e d'Aoste\",\"loyers cadastraux\",\"Mondo Camping\",\"Tourisme de plein air\"],\"articleSection\":[\"Actualit\u00e9\"],\"inLanguage\":\"fr-FR\"},{\"@type\":\"WebPage\",\"@id\":\"https:\\\/\\\/www.mondocamping.com\\\/fr\\\/faita-vallee-daoste-seminaire-sur-les-loyers-cadastraux\\\/\",\"url\":\"https:\\\/\\\/www.mondocamping.com\\\/fr\\\/faita-vallee-daoste-seminaire-sur-les-loyers-cadastraux\\\/\",\"name\":\"Faita Vall\u00e9e d'Aoste : s\u00e9minaire sur les loyers cadastraux\",\"isPartOf\":{\"@id\":\"https:\\\/\\\/www.mondocamping.com\\\/#website\"},\"primaryImageOfPage\":{\"@id\":\"https:\\\/\\\/www.mondocamping.com\\\/fr\\\/faita-vallee-daoste-seminaire-sur-les-loyers-cadastraux\\\/#primaryimage\"},\"image\":{\"@id\":\"https:\\\/\\\/www.mondocamping.com\\\/fr\\\/faita-vallee-daoste-seminaire-sur-les-loyers-cadastraux\\\/#primaryimage\"},\"thumbnailUrl\":\"https:\\\/\\\/www.mondocamping.com\\\/wp-content\\\/uploads\\\/2025\\\/03\\\/faita_2-2.jpg\",\"datePublished\":\"2025-03-03T21:18:56+00:00\",\"dateModified\":\"2025-03-03T21:18:57+00:00\",\"breadcrumb\":{\"@id\":\"https:\\\/\\\/www.mondocamping.com\\\/fr\\\/faita-vallee-daoste-seminaire-sur-les-loyers-cadastraux\\\/#breadcrumb\"},\"inLanguage\":\"fr-FR\",\"potentialAction\":[{\"@type\":\"ReadAction\",\"target\":[\"https:\\\/\\\/www.mondocamping.com\\\/fr\\\/faita-vallee-daoste-seminaire-sur-les-loyers-cadastraux\\\/\"]}]},{\"@type\":\"ImageObject\",\"inLanguage\":\"fr-FR\",\"@id\":\"https:\\\/\\\/www.mondocamping.com\\\/fr\\\/faita-vallee-daoste-seminaire-sur-les-loyers-cadastraux\\\/#primaryimage\",\"url\":\"https:\\\/\\\/www.mondocamping.com\\\/wp-content\\\/uploads\\\/2025\\\/03\\\/faita_2-2.jpg\",\"contentUrl\":\"https:\\\/\\\/www.mondocamping.com\\\/wp-content\\\/uploads\\\/2025\\\/03\\\/faita_2-2.jpg\",\"width\":1200,\"height\":628,\"caption\":\"Photo credit: valledaostaglocal.it\"},{\"@type\":\"BreadcrumbList\",\"@id\":\"https:\\\/\\\/www.mondocamping.com\\\/fr\\\/faita-vallee-daoste-seminaire-sur-les-loyers-cadastraux\\\/#breadcrumb\",\"itemListElement\":[{\"@type\":\"ListItem\",\"position\":1,\"name\":\"Home\",\"item\":\"https:\\\/\\\/www.mondocamping.com\\\/fr\\\/\"},{\"@type\":\"ListItem\",\"position\":2,\"name\":\"Faita Vall\u00e9e d&rsquo;Aoste : s\u00e9minaire sur les loyers cadastraux\"}]},{\"@type\":\"WebSite\",\"@id\":\"https:\\\/\\\/www.mondocamping.com\\\/#website\",\"url\":\"https:\\\/\\\/www.mondocamping.com\\\/\",\"name\":\"Mondo Camping\",\"description\":\"Le portail d\u00e9di\u00e9 aux gestionnaires de campings et villages touristiques\",\"publisher\":{\"@id\":\"https:\\\/\\\/www.mondocamping.com\\\/#organization\"},\"potentialAction\":[{\"@type\":\"SearchAction\",\"target\":{\"@type\":\"EntryPoint\",\"urlTemplate\":\"https:\\\/\\\/www.mondocamping.com\\\/?s={search_term_string}\"},\"query-input\":{\"@type\":\"PropertyValueSpecification\",\"valueRequired\":true,\"valueName\":\"search_term_string\"}}],\"inLanguage\":\"fr-FR\"},{\"@type\":\"Organization\",\"@id\":\"https:\\\/\\\/www.mondocamping.com\\\/#organization\",\"name\":\"Mondo Camping\",\"url\":\"https:\\\/\\\/www.mondocamping.com\\\/\",\"logo\":{\"@type\":\"ImageObject\",\"inLanguage\":\"fr-FR\",\"@id\":\"https:\\\/\\\/www.mondocamping.com\\\/#\\\/schema\\\/logo\\\/image\\\/\",\"url\":\"https:\\\/\\\/www.mondocamping.com\\\/wp-content\\\/uploads\\\/2022\\\/04\\\/mondo-camping-logo-contornato-1.png\",\"contentUrl\":\"https:\\\/\\\/www.mondocamping.com\\\/wp-content\\\/uploads\\\/2022\\\/04\\\/mondo-camping-logo-contornato-1.png\",\"width\":280,\"height\":90,\"caption\":\"Mondo Camping\"},\"image\":{\"@id\":\"https:\\\/\\\/www.mondocamping.com\\\/#\\\/schema\\\/logo\\\/image\\\/\"},\"sameAs\":[\"https:\\\/\\\/www.facebook.com\\\/mondobalneare\",\"https:\\\/\\\/x.com\\\/mondobalneare\",\"https:\\\/\\\/www.instagram.com\\\/mondobalneare\\\/\",\"https:\\\/\\\/www.linkedin.com\\\/company\\\/67180810\\\/\",\"https:\\\/\\\/www.youtube.com\\\/user\\\/mondobalnearevideo\"]},{\"@type\":\"Person\",\"@id\":\"https:\\\/\\\/www.mondocamping.com\\\/#\\\/schema\\\/person\\\/01a031b8c5ef08c2204bb0e696f0a760\",\"name\":\"Mondo Camping\",\"image\":{\"@type\":\"ImageObject\",\"inLanguage\":\"fr-FR\",\"@id\":\"https:\\\/\\\/www.mondocamping.com\\\/wp-content\\\/uploads\\\/2022\\\/05\\\/cropped-icona-MONDO-CAMPING-150x150.png\",\"url\":\"https:\\\/\\\/www.mondocamping.com\\\/wp-content\\\/uploads\\\/2022\\\/05\\\/cropped-icona-MONDO-CAMPING-150x150.png\",\"contentUrl\":\"https:\\\/\\\/www.mondocamping.com\\\/wp-content\\\/uploads\\\/2022\\\/05\\\/cropped-icona-MONDO-CAMPING-150x150.png\",\"caption\":\"Mondo Camping\"},\"sameAs\":[\"https:\\\/\\\/www.mondocamping.com\\\/\",\"https:\\\/\\\/www.facebook.com\\\/mondocamping\"]}]}<\/script>\n<!-- \/ Yoast SEO plugin. -->","yoast_head_json":{"title":"Faita Vall\u00e9e d'Aoste : s\u00e9minaire sur les loyers cadastraux","robots":{"index":"index","follow":"follow","max-snippet":"max-snippet:-1","max-image-preview":"max-image-preview:large","max-video-preview":"max-video-preview:-1"},"canonical":"https:\/\/www.mondocamping.com\/fr\/faita-vallee-daoste-seminaire-sur-les-loyers-cadastraux\/","og_locale":"fr_FR","og_type":"article","og_title":"Faita Vall\u00e9e d'Aoste : s\u00e9minaire sur les loyers cadastraux","og_description":"La semaine derni\u00e8re s&rsquo;est tenu un important s\u00e9minaire promu par Faita Valle d&rsquo;Aosta, l&rsquo;organisation qui, au sein de l&rsquo;ADAVA , repr\u00e9sente les propri\u00e9taires de campings et de villages touristiques de la r\u00e9gion. Le rendez-vous a eu lieu au Camping Lazy Bee Village, dans la localit\u00e9 de Teppe in Quart, en pr\u00e9sence de nombreux propri\u00e9taires de [&hellip;]","og_url":"https:\/\/www.mondocamping.com\/fr\/faita-vallee-daoste-seminaire-sur-les-loyers-cadastraux\/","og_site_name":"Mondo Camping","article_publisher":"https:\/\/www.facebook.com\/mondobalneare","article_author":"https:\/\/www.facebook.com\/mondocamping","article_published_time":"2025-03-03T21:18:56+00:00","article_modified_time":"2025-03-03T21:18:57+00:00","og_image":[{"width":1200,"height":628,"url":"https:\/\/www.mondocamping.com\/wp-content\/uploads\/2025\/03\/faita_2-2.jpg","type":"image\/jpeg"}],"author":"Mondo Camping","twitter_card":"summary_large_image","twitter_creator":"@mondobalneare","twitter_site":"@mondobalneare","twitter_misc":{"\u00c9crit par":"Mondo Camping","Dur\u00e9e de lecture estim\u00e9e":"2 minutes"},"schema":{"@context":"https:\/\/schema.org","@graph":[{"@type":"Article","@id":"https:\/\/www.mondocamping.com\/fr\/faita-vallee-daoste-seminaire-sur-les-loyers-cadastraux\/#article","isPartOf":{"@id":"https:\/\/www.mondocamping.com\/fr\/faita-vallee-daoste-seminaire-sur-les-loyers-cadastraux\/"},"author":{"name":"Mondo Camping","@id":"https:\/\/www.mondocamping.com\/#\/schema\/person\/01a031b8c5ef08c2204bb0e696f0a760"},"headline":"Faita Vall\u00e9e d&rsquo;Aoste : s\u00e9minaire sur les loyers cadastraux","datePublished":"2025-03-03T21:18:56+00:00","dateModified":"2025-03-03T21:18:57+00:00","mainEntityOfPage":{"@id":"https:\/\/www.mondocamping.com\/fr\/faita-vallee-daoste-seminaire-sur-les-loyers-cadastraux\/"},"wordCount":543,"publisher":{"@id":"https:\/\/www.mondocamping.com\/#organization"},"image":{"@id":"https:\/\/www.mondocamping.com\/fr\/faita-vallee-daoste-seminaire-sur-les-loyers-cadastraux\/#primaryimage"},"thumbnailUrl":"https:\/\/www.mondocamping.com\/wp-content\/uploads\/2025\/03\/faita_2-2.jpg","keywords":["camping","Faita Federcamping","Faita Vall\u00e9e d'Aoste","loyers cadastraux","Mondo Camping","Tourisme de plein air"],"articleSection":["Actualit\u00e9"],"inLanguage":"fr-FR"},{"@type":"WebPage","@id":"https:\/\/www.mondocamping.com\/fr\/faita-vallee-daoste-seminaire-sur-les-loyers-cadastraux\/","url":"https:\/\/www.mondocamping.com\/fr\/faita-vallee-daoste-seminaire-sur-les-loyers-cadastraux\/","name":"Faita Vall\u00e9e d'Aoste : s\u00e9minaire sur les loyers cadastraux","isPartOf":{"@id":"https:\/\/www.mondocamping.com\/#website"},"primaryImageOfPage":{"@id":"https:\/\/www.mondocamping.com\/fr\/faita-vallee-daoste-seminaire-sur-les-loyers-cadastraux\/#primaryimage"},"image":{"@id":"https:\/\/www.mondocamping.com\/fr\/faita-vallee-daoste-seminaire-sur-les-loyers-cadastraux\/#primaryimage"},"thumbnailUrl":"https:\/\/www.mondocamping.com\/wp-content\/uploads\/2025\/03\/faita_2-2.jpg","datePublished":"2025-03-03T21:18:56+00:00","dateModified":"2025-03-03T21:18:57+00:00","breadcrumb":{"@id":"https:\/\/www.mondocamping.com\/fr\/faita-vallee-daoste-seminaire-sur-les-loyers-cadastraux\/#breadcrumb"},"inLanguage":"fr-FR","potentialAction":[{"@type":"ReadAction","target":["https:\/\/www.mondocamping.com\/fr\/faita-vallee-daoste-seminaire-sur-les-loyers-cadastraux\/"]}]},{"@type":"ImageObject","inLanguage":"fr-FR","@id":"https:\/\/www.mondocamping.com\/fr\/faita-vallee-daoste-seminaire-sur-les-loyers-cadastraux\/#primaryimage","url":"https:\/\/www.mondocamping.com\/wp-content\/uploads\/2025\/03\/faita_2-2.jpg","contentUrl":"https:\/\/www.mondocamping.com\/wp-content\/uploads\/2025\/03\/faita_2-2.jpg","width":1200,"height":628,"caption":"Photo credit: valledaostaglocal.it"},{"@type":"BreadcrumbList","@id":"https:\/\/www.mondocamping.com\/fr\/faita-vallee-daoste-seminaire-sur-les-loyers-cadastraux\/#breadcrumb","itemListElement":[{"@type":"ListItem","position":1,"name":"Home","item":"https:\/\/www.mondocamping.com\/fr\/"},{"@type":"ListItem","position":2,"name":"Faita Vall\u00e9e d&rsquo;Aoste : s\u00e9minaire sur les loyers cadastraux"}]},{"@type":"WebSite","@id":"https:\/\/www.mondocamping.com\/#website","url":"https:\/\/www.mondocamping.com\/","name":"Mondo Camping","description":"Le portail d\u00e9di\u00e9 aux gestionnaires de campings et villages touristiques","publisher":{"@id":"https:\/\/www.mondocamping.com\/#organization"},"potentialAction":[{"@type":"SearchAction","target":{"@type":"EntryPoint","urlTemplate":"https:\/\/www.mondocamping.com\/?s={search_term_string}"},"query-input":{"@type":"PropertyValueSpecification","valueRequired":true,"valueName":"search_term_string"}}],"inLanguage":"fr-FR"},{"@type":"Organization","@id":"https:\/\/www.mondocamping.com\/#organization","name":"Mondo Camping","url":"https:\/\/www.mondocamping.com\/","logo":{"@type":"ImageObject","inLanguage":"fr-FR","@id":"https:\/\/www.mondocamping.com\/#\/schema\/logo\/image\/","url":"https:\/\/www.mondocamping.com\/wp-content\/uploads\/2022\/04\/mondo-camping-logo-contornato-1.png","contentUrl":"https:\/\/www.mondocamping.com\/wp-content\/uploads\/2022\/04\/mondo-camping-logo-contornato-1.png","width":280,"height":90,"caption":"Mondo Camping"},"image":{"@id":"https:\/\/www.mondocamping.com\/#\/schema\/logo\/image\/"},"sameAs":["https:\/\/www.facebook.com\/mondobalneare","https:\/\/x.com\/mondobalneare","https:\/\/www.instagram.com\/mondobalneare\/","https:\/\/www.linkedin.com\/company\/67180810\/","https:\/\/www.youtube.com\/user\/mondobalnearevideo"]},{"@type":"Person","@id":"https:\/\/www.mondocamping.com\/#\/schema\/person\/01a031b8c5ef08c2204bb0e696f0a760","name":"Mondo Camping","image":{"@type":"ImageObject","inLanguage":"fr-FR","@id":"https:\/\/www.mondocamping.com\/wp-content\/uploads\/2022\/05\/cropped-icona-MONDO-CAMPING-150x150.png","url":"https:\/\/www.mondocamping.com\/wp-content\/uploads\/2022\/05\/cropped-icona-MONDO-CAMPING-150x150.png","contentUrl":"https:\/\/www.mondocamping.com\/wp-content\/uploads\/2022\/05\/cropped-icona-MONDO-CAMPING-150x150.png","caption":"Mondo Camping"},"sameAs":["https:\/\/www.mondocamping.com\/","https:\/\/www.facebook.com\/mondocamping"]}]}},"_links":{"self":[{"href":"https:\/\/www.mondocamping.com\/fr\/wp-json\/wp\/v2\/posts\/173178","targetHints":{"allow":["GET"]}}],"collection":[{"href":"https:\/\/www.mondocamping.com\/fr\/wp-json\/wp\/v2\/posts"}],"about":[{"href":"https:\/\/www.mondocamping.com\/fr\/wp-json\/wp\/v2\/types\/post"}],"author":[{"embeddable":true,"href":"https:\/\/www.mondocamping.com\/fr\/wp-json\/wp\/v2\/users\/5"}],"replies":[{"embeddable":true,"href":"https:\/\/www.mondocamping.com\/fr\/wp-json\/wp\/v2\/comments?post=173178"}],"version-history":[{"count":1,"href":"https:\/\/www.mondocamping.com\/fr\/wp-json\/wp\/v2\/posts\/173178\/revisions"}],"predecessor-version":[{"id":173179,"href":"https:\/\/www.mondocamping.com\/fr\/wp-json\/wp\/v2\/posts\/173178\/revisions\/173179"}],"wp:featuredmedia":[{"embeddable":true,"href":"https:\/\/www.mondocamping.com\/fr\/wp-json\/wp\/v2\/media\/173168"}],"wp:attachment":[{"href":"https:\/\/www.mondocamping.com\/fr\/wp-json\/wp\/v2\/media?parent=173178"}],"wp:term":[{"taxonomy":"category","embeddable":true,"href":"https:\/\/www.mondocamping.com\/fr\/wp-json\/wp\/v2\/categories?post=173178"},{"taxonomy":"post_tag","embeddable":true,"href":"https:\/\/www.mondocamping.com\/fr\/wp-json\/wp\/v2\/tags?post=173178"}],"curies":[{"name":"wp","href":"https:\/\/api.w.org\/{rel}","templated":true}]}}