{"id":173233,"date":"2025-03-06T10:02:00","date_gmt":"2025-03-06T09:02:00","guid":{"rendered":"https:\/\/www.mondocamping.com\/venetie-conseiller-caner-lancement-du-nouvel-appel-doffres-pour-la-numerisation-des-destinations-touristiques\/"},"modified":"2025-03-06T10:02:04","modified_gmt":"2025-03-06T09:02:04","slug":"venetie-conseiller-caner-lancement-du-nouvel-appel-doffres-pour-la-numerisation-des-destinations-touristiques","status":"publish","type":"post","link":"https:\/\/www.mondocamping.com\/fr\/venetie-conseiller-caner-lancement-du-nouvel-appel-doffres-pour-la-numerisation-des-destinations-touristiques\/","title":{"rendered":"V\u00e9n\u00e9tie, Conseiller Caner : \u00ab\u00a0Lancement du nouvel appel d&rsquo;offres pour la num\u00e9risation des destinations touristiques\u00a0\u00bb."},"content":{"rendered":"\n<p>La V\u00e9n\u00e9tie mise \u00e0 nouveau sur le tourisme, fleuron d&rsquo;une r\u00e9gion qui s&rsquo;enorgueillit de poss\u00e9der la premi\u00e8re destination baln\u00e9aire d&rsquo;Italie, Cavallino-Treporti. De nombreuses stations baln\u00e9aires, de montagne et lacustres en font une destination pris\u00e9e des touristes italiens et \u00e9trangers. La demande d&rsquo;installations de camping est tr\u00e8s forte et ces derni\u00e8res peuvent participer \u00e0 la deuxi\u00e8me \u00e9dition du concours \u00ab\u00a0Smart Tourism Destination\u00a0\u00bb.<strong><em>Smart Tourism Destination<\/em><\/strong>\u00ab\u00a0une initiative strat\u00e9gique visant \u00e0 promouvoir la <strong>num\u00e9risation et l&rsquo;innovation dans le secteur du tourisme<\/strong>.  <\/p>\n\n<p><strong>Federico Caner, conseiller pour le tourisme de la r\u00e9gion de V\u00e9n\u00e9tie<\/strong>, d\u00e9clare : \u00ab\u00a0&#8230;<em>Avec cette annonce, la r\u00e9gion de V\u00e9n\u00e9tie confirme son engagement en faveur de la transformation num\u00e9rique du tourisme, favorisant la cr\u00e9ation de destinations plus innovantes et plus accueillantes pour les visiteurs et les citoyens. Nous voulons que la V\u00e9n\u00e9tie soit \u00e0 l&rsquo;avant-garde de la sc\u00e8ne touristique europ\u00e9enne, avec des destinations qui savent comment exploiter la technologie num\u00e9rique pour offrir des exp\u00e9riences uniques et de haute qualit\u00e9. Avec un budget total de plus de 1,49 million d&rsquo;euros, l&rsquo;appel vise \u00e0 transformer les destinations de la V\u00e9n\u00e9tie en mod\u00e8les de tourisme intelligent, accessible et durable.  <\/em>\u00ab\u00a0.<\/p>\n\n<h2 class=\"wp-block-heading\">La V\u00e9n\u00e9tie, un tourisme en phase avec son temps  <\/h2>\n\n<p>L&rsquo;appel fait partie du <strong>programme r\u00e9gional FEDER 2021-2027<\/strong>, qui vise \u00e0 soutenir l&rsquo;adoption d&rsquo;<strong>outils num\u00e9riques avanc\u00e9s <\/strong>par les destinations touristiques de la r\u00e9gion. L&rsquo;objectif est de cr\u00e9er des \u00e9cosyst\u00e8mes num\u00e9riques innovants capables d&rsquo;<strong>am\u00e9liorer l&rsquo;exp\u00e9rience des visiteurs<\/strong> et l&rsquo;<strong>efficacit\u00e9 de la gestion des structures d&rsquo;h\u00e9bergement<\/strong>. <\/p>\n\n<p>Le conseiller ajoute : &lsquo;<em>Le tourisme est un pilier de l&rsquo;\u00e9conomie de la r\u00e9gion de V\u00e9n\u00e9tie, et gr\u00e2ce \u00e0 cette ligne de financement, nous voulons offrir de nouvelles opportunit\u00e9s aux destinations afin qu&rsquo;elles puissent devenir des destinations touristiques intelligentes (STD), un mod\u00e8le dans lequel la technologie num\u00e9rique devient un alli\u00e9 pour rendre l&rsquo;offre touristique encore plus efficace et attrayante\u00a0\u00bb, poursuit M. Caner. Le succ\u00e8s de la premi\u00e8re \u00e9dition de l&rsquo;appel, qui a vu la participation de 12 destinations de la r\u00e9gion et dont les 10 projets pr\u00e9sent\u00e9s ont d\u00e9j\u00e0 \u00e9t\u00e9 financ\u00e9s \u00e0 hauteur de plus de 3,5 millions d&rsquo;euros, nous a convaincus d&rsquo;investir des ressources suppl\u00e9mentaires, portant \u00e0 5 millions d&rsquo;euros le montant total engag\u00e9 par la r\u00e9gion dans le programme Smart Tourism Destinations. <\/em>\u00ab\u00a0.<\/p>\n\n<h2 class=\"wp-block-heading\">Ce que comprend la <em>destination touristique intelligente<\/em><\/h2>\n\n<p>Les principales interventions pr\u00e9vues dans le cadre de l&rsquo;appel sont les suivantes  <\/p>\n\n<ul class=\"wp-block-list\">\n<li>l&rsquo;adoption du <strong>syst\u00e8me r\u00e9gional de gestion des destinations (DMS)<\/strong> pour la gestion num\u00e9rique de l&rsquo;offre touristique ;  <\/li>\n\n\n\n<li>l&rsquo;int\u00e9gration d&rsquo;<strong>outils de veille strat\u00e9gique et d&rsquo;analyse des donn\u00e9es<\/strong> pour am\u00e9liorer la comp\u00e9titivit\u00e9 des destinations ;  <\/li>\n\n\n\n<li>la cr\u00e9ation et la mise \u00e0 jour de <strong>plateformes num\u00e9riques<\/strong> afin d&rsquo;assurer une meilleure accessibilit\u00e9 et une plus grande s\u00e9curit\u00e9 pour les visiteurs ;<\/li>\n\n\n\n<li>la mise en \u0153uvre de <strong>solutions technologiques innovantes <\/strong>telles que la r\u00e9alit\u00e9 augment\u00e9e, le m\u00e9tavers, les capteurs IoT et la blockchain pour enrichir l&rsquo;exp\u00e9rience touristique ;  <\/li>\n\n\n\n<li>lancer des actions d&rsquo;<strong>\u00e9conomie circulaire<\/strong> pour r\u00e9duire l&rsquo;impact sur l&rsquo;environnement, notamment en r\u00e9duisant l&rsquo;utilisation de plastique \u00e0 usage unique et en optimisant les emballages ;  <\/li>\n\n\n\n<li><strong>aider les entreprises locales <\/strong>\u00e0 am\u00e9liorer leur pr\u00e9sence num\u00e9rique et leur promotion en ligne.<\/li>\n<\/ul>\n\n<h2 class=\"wp-block-heading\">\u00c0 qui s&rsquo;adresse l&rsquo;appel  <\/h2>\n\n<p>L&rsquo;appel s&rsquo;adresse aux <strong>organisations de gestion des destinations (DMO) <\/strong>reconnues par la r\u00e9gion de V\u00e9n\u00e9tie et aux <strong>destinations touristiques <\/strong>qui ont l&rsquo;intention d&rsquo;adopter un mod\u00e8le de gestion num\u00e9rique avanc\u00e9.<\/p>\n\n<p>Les candidatures doivent \u00eatre soumises exclusivement par voie \u00e9lectronique via la plateforme<strong><em> Fondi.RVE<\/em><\/strong> de la r\u00e9gion de V\u00e9n\u00e9tie, du <strong>18 mars, 10 heures, au 5 juin 2025, 17 heures<\/strong>.<\/p>\n\n<p><\/p>\n","protected":false},"excerpt":{"rendered":"<p>La V\u00e9n\u00e9tie mise \u00e0 nouveau sur le tourisme, fleuron d&rsquo;une r\u00e9gion qui s&rsquo;enorgueillit de poss\u00e9der la premi\u00e8re destination baln\u00e9aire d&rsquo;Italie, Cavallino-Treporti. De nombreuses stations baln\u00e9aires, de montagne et lacustres en font une destination pris\u00e9e des touristes italiens et \u00e9trangers. La demande d&rsquo;installations de camping est tr\u00e8s forte et ces derni\u00e8res peuvent participer \u00e0 la deuxi\u00e8me [&hellip;]<\/p>\n","protected":false},"author":5,"featured_media":173220,"comment_status":"closed","ping_status":"closed","sticky":false,"template":"","format":"standard","meta":{"_acf_changed":false,"_monsterinsights_skip_tracking":false,"_monsterinsights_sitenote_active":false,"_monsterinsights_sitenote_note":"","_monsterinsights_sitenote_category":0,"footnotes":""},"categories":[4024],"tags":[4189,4210,6977,6978,4262,5678,4079,6283],"class_list":["post-173233","post","type-post","status-publish","format-standard","has-post-thumbnail","hentry","category-actualite","tag-camping-fr","tag-camping-fr-2","tag-destination-touristique-intelligente","tag-federico-caner-fr","tag-mondo-camping-fr","tag-numerisation","tag-tourisme-de-plein-air","tag-venetie"],"acf":[],"yoast_head":"<!-- This site is optimized with the Yoast SEO plugin v27.5 - https:\/\/yoast.com\/product\/yoast-seo-wordpress\/ -->\n<title>V\u00e9n\u00e9tie, Conseiller Caner : &quot;Lancement du nouvel appel d&#039;offres pour la num\u00e9risation des destinations touristiques&quot;.<\/title>\n<meta name=\"robots\" content=\"index, follow, max-snippet:-1, max-image-preview:large, max-video-preview:-1\" \/>\n<link rel=\"canonical\" href=\"https:\/\/www.mondocamping.com\/fr\/venetie-conseiller-caner-lancement-du-nouvel-appel-doffres-pour-la-numerisation-des-destinations-touristiques\/\" \/>\n<meta property=\"og:locale\" content=\"fr_FR\" \/>\n<meta property=\"og:type\" content=\"article\" \/>\n<meta property=\"og:title\" content=\"V\u00e9n\u00e9tie, Conseiller Caner : &quot;Lancement du nouvel appel d&#039;offres pour la num\u00e9risation des destinations touristiques&quot;.\" \/>\n<meta property=\"og:description\" content=\"La V\u00e9n\u00e9tie mise \u00e0 nouveau sur le tourisme, fleuron d&rsquo;une r\u00e9gion qui s&rsquo;enorgueillit de poss\u00e9der la premi\u00e8re destination baln\u00e9aire d&rsquo;Italie, Cavallino-Treporti. De nombreuses stations baln\u00e9aires, de montagne et lacustres en font une destination pris\u00e9e des touristes italiens et \u00e9trangers. La demande d&rsquo;installations de camping est tr\u00e8s forte et ces derni\u00e8res peuvent participer \u00e0 la deuxi\u00e8me [&hellip;]\" \/>\n<meta property=\"og:url\" content=\"https:\/\/www.mondocamping.com\/fr\/venetie-conseiller-caner-lancement-du-nouvel-appel-doffres-pour-la-numerisation-des-destinations-touristiques\/\" \/>\n<meta property=\"og:site_name\" content=\"Mondo Camping\" \/>\n<meta property=\"article:publisher\" content=\"https:\/\/www.facebook.com\/mondobalneare\" \/>\n<meta property=\"article:author\" content=\"https:\/\/www.facebook.com\/mondocamping\" \/>\n<meta property=\"article:published_time\" content=\"2025-03-06T09:02:00+00:00\" \/>\n<meta property=\"article:modified_time\" content=\"2025-03-06T09:02:04+00:00\" \/>\n<meta property=\"og:image\" content=\"https:\/\/www.mondocamping.com\/wp-content\/uploads\/2025\/03\/proxyclick-visitor-management-system-ZRC0Hj_2kY0-unsplash-2.jpg\" \/>\n\t<meta property=\"og:image:width\" content=\"1200\" \/>\n\t<meta property=\"og:image:height\" content=\"628\" \/>\n\t<meta property=\"og:image:type\" content=\"image\/jpeg\" \/>\n<meta name=\"author\" content=\"Mondo Camping\" \/>\n<meta name=\"twitter:card\" content=\"summary_large_image\" \/>\n<meta name=\"twitter:creator\" content=\"@mondobalneare\" \/>\n<meta name=\"twitter:site\" content=\"@mondobalneare\" \/>\n<meta name=\"twitter:label1\" content=\"\u00c9crit par\" \/>\n\t<meta name=\"twitter:data1\" content=\"Mondo Camping\" \/>\n\t<meta name=\"twitter:label2\" content=\"Dur\u00e9e de lecture estim\u00e9e\" \/>\n\t<meta name=\"twitter:data2\" content=\"3 minutes\" \/>\n<script type=\"application\/ld+json\" class=\"yoast-schema-graph\">{\"@context\":\"https:\\\/\\\/schema.org\",\"@graph\":[{\"@type\":\"Article\",\"@id\":\"https:\\\/\\\/www.mondocamping.com\\\/fr\\\/venetie-conseiller-caner-lancement-du-nouvel-appel-doffres-pour-la-numerisation-des-destinations-touristiques\\\/#article\",\"isPartOf\":{\"@id\":\"https:\\\/\\\/www.mondocamping.com\\\/fr\\\/venetie-conseiller-caner-lancement-du-nouvel-appel-doffres-pour-la-numerisation-des-destinations-touristiques\\\/\"},\"author\":{\"name\":\"Mondo Camping\",\"@id\":\"https:\\\/\\\/www.mondocamping.com\\\/#\\\/schema\\\/person\\\/01a031b8c5ef08c2204bb0e696f0a760\"},\"headline\":\"V\u00e9n\u00e9tie, Conseiller Caner : \u00ab\u00a0Lancement du nouvel appel d&rsquo;offres pour la num\u00e9risation des destinations touristiques\u00a0\u00bb.\",\"datePublished\":\"2025-03-06T09:02:00+00:00\",\"dateModified\":\"2025-03-06T09:02:04+00:00\",\"mainEntityOfPage\":{\"@id\":\"https:\\\/\\\/www.mondocamping.com\\\/fr\\\/venetie-conseiller-caner-lancement-du-nouvel-appel-doffres-pour-la-numerisation-des-destinations-touristiques\\\/\"},\"wordCount\":683,\"publisher\":{\"@id\":\"https:\\\/\\\/www.mondocamping.com\\\/#organization\"},\"image\":{\"@id\":\"https:\\\/\\\/www.mondocamping.com\\\/fr\\\/venetie-conseiller-caner-lancement-du-nouvel-appel-doffres-pour-la-numerisation-des-destinations-touristiques\\\/#primaryimage\"},\"thumbnailUrl\":\"https:\\\/\\\/www.mondocamping.com\\\/wp-content\\\/uploads\\\/2025\\\/03\\\/proxyclick-visitor-management-system-ZRC0Hj_2kY0-unsplash-2.jpg\",\"keywords\":[\"camping\",\"camping\",\"Destination touristique intelligente\",\"Federico Caner\",\"Mondo Camping\",\"num\u00e9risation\",\"Tourisme de plein air\",\"V\u00e9n\u00e9tie\"],\"articleSection\":[\"Actualit\u00e9\"],\"inLanguage\":\"fr-FR\"},{\"@type\":\"WebPage\",\"@id\":\"https:\\\/\\\/www.mondocamping.com\\\/fr\\\/venetie-conseiller-caner-lancement-du-nouvel-appel-doffres-pour-la-numerisation-des-destinations-touristiques\\\/\",\"url\":\"https:\\\/\\\/www.mondocamping.com\\\/fr\\\/venetie-conseiller-caner-lancement-du-nouvel-appel-doffres-pour-la-numerisation-des-destinations-touristiques\\\/\",\"name\":\"V\u00e9n\u00e9tie, Conseiller Caner : \\\"Lancement du nouvel appel d'offres pour la num\u00e9risation des destinations touristiques\\\".\",\"isPartOf\":{\"@id\":\"https:\\\/\\\/www.mondocamping.com\\\/#website\"},\"primaryImageOfPage\":{\"@id\":\"https:\\\/\\\/www.mondocamping.com\\\/fr\\\/venetie-conseiller-caner-lancement-du-nouvel-appel-doffres-pour-la-numerisation-des-destinations-touristiques\\\/#primaryimage\"},\"image\":{\"@id\":\"https:\\\/\\\/www.mondocamping.com\\\/fr\\\/venetie-conseiller-caner-lancement-du-nouvel-appel-doffres-pour-la-numerisation-des-destinations-touristiques\\\/#primaryimage\"},\"thumbnailUrl\":\"https:\\\/\\\/www.mondocamping.com\\\/wp-content\\\/uploads\\\/2025\\\/03\\\/proxyclick-visitor-management-system-ZRC0Hj_2kY0-unsplash-2.jpg\",\"datePublished\":\"2025-03-06T09:02:00+00:00\",\"dateModified\":\"2025-03-06T09:02:04+00:00\",\"breadcrumb\":{\"@id\":\"https:\\\/\\\/www.mondocamping.com\\\/fr\\\/venetie-conseiller-caner-lancement-du-nouvel-appel-doffres-pour-la-numerisation-des-destinations-touristiques\\\/#breadcrumb\"},\"inLanguage\":\"fr-FR\",\"potentialAction\":[{\"@type\":\"ReadAction\",\"target\":[\"https:\\\/\\\/www.mondocamping.com\\\/fr\\\/venetie-conseiller-caner-lancement-du-nouvel-appel-doffres-pour-la-numerisation-des-destinations-touristiques\\\/\"]}]},{\"@type\":\"ImageObject\",\"inLanguage\":\"fr-FR\",\"@id\":\"https:\\\/\\\/www.mondocamping.com\\\/fr\\\/venetie-conseiller-caner-lancement-du-nouvel-appel-doffres-pour-la-numerisation-des-destinations-touristiques\\\/#primaryimage\",\"url\":\"https:\\\/\\\/www.mondocamping.com\\\/wp-content\\\/uploads\\\/2025\\\/03\\\/proxyclick-visitor-management-system-ZRC0Hj_2kY0-unsplash-2.jpg\",\"contentUrl\":\"https:\\\/\\\/www.mondocamping.com\\\/wp-content\\\/uploads\\\/2025\\\/03\\\/proxyclick-visitor-management-system-ZRC0Hj_2kY0-unsplash-2.jpg\",\"width\":1200,\"height\":628},{\"@type\":\"BreadcrumbList\",\"@id\":\"https:\\\/\\\/www.mondocamping.com\\\/fr\\\/venetie-conseiller-caner-lancement-du-nouvel-appel-doffres-pour-la-numerisation-des-destinations-touristiques\\\/#breadcrumb\",\"itemListElement\":[{\"@type\":\"ListItem\",\"position\":1,\"name\":\"Home\",\"item\":\"https:\\\/\\\/www.mondocamping.com\\\/fr\\\/\"},{\"@type\":\"ListItem\",\"position\":2,\"name\":\"V\u00e9n\u00e9tie, Conseiller Caner : \u00ab\u00a0Lancement du nouvel appel d&rsquo;offres pour la num\u00e9risation des destinations touristiques\u00a0\u00bb.\"}]},{\"@type\":\"WebSite\",\"@id\":\"https:\\\/\\\/www.mondocamping.com\\\/#website\",\"url\":\"https:\\\/\\\/www.mondocamping.com\\\/\",\"name\":\"Mondo Camping\",\"description\":\"Le portail d\u00e9di\u00e9 aux gestionnaires de campings et villages touristiques\",\"publisher\":{\"@id\":\"https:\\\/\\\/www.mondocamping.com\\\/#organization\"},\"potentialAction\":[{\"@type\":\"SearchAction\",\"target\":{\"@type\":\"EntryPoint\",\"urlTemplate\":\"https:\\\/\\\/www.mondocamping.com\\\/?s={search_term_string}\"},\"query-input\":{\"@type\":\"PropertyValueSpecification\",\"valueRequired\":true,\"valueName\":\"search_term_string\"}}],\"inLanguage\":\"fr-FR\"},{\"@type\":\"Organization\",\"@id\":\"https:\\\/\\\/www.mondocamping.com\\\/#organization\",\"name\":\"Mondo Camping\",\"url\":\"https:\\\/\\\/www.mondocamping.com\\\/\",\"logo\":{\"@type\":\"ImageObject\",\"inLanguage\":\"fr-FR\",\"@id\":\"https:\\\/\\\/www.mondocamping.com\\\/#\\\/schema\\\/logo\\\/image\\\/\",\"url\":\"https:\\\/\\\/www.mondocamping.com\\\/wp-content\\\/uploads\\\/2022\\\/04\\\/mondo-camping-logo-contornato-1.png\",\"contentUrl\":\"https:\\\/\\\/www.mondocamping.com\\\/wp-content\\\/uploads\\\/2022\\\/04\\\/mondo-camping-logo-contornato-1.png\",\"width\":280,\"height\":90,\"caption\":\"Mondo Camping\"},\"image\":{\"@id\":\"https:\\\/\\\/www.mondocamping.com\\\/#\\\/schema\\\/logo\\\/image\\\/\"},\"sameAs\":[\"https:\\\/\\\/www.facebook.com\\\/mondobalneare\",\"https:\\\/\\\/x.com\\\/mondobalneare\",\"https:\\\/\\\/www.instagram.com\\\/mondobalneare\\\/\",\"https:\\\/\\\/www.linkedin.com\\\/company\\\/67180810\\\/\",\"https:\\\/\\\/www.youtube.com\\\/user\\\/mondobalnearevideo\"]},{\"@type\":\"Person\",\"@id\":\"https:\\\/\\\/www.mondocamping.com\\\/#\\\/schema\\\/person\\\/01a031b8c5ef08c2204bb0e696f0a760\",\"name\":\"Mondo Camping\",\"image\":{\"@type\":\"ImageObject\",\"inLanguage\":\"fr-FR\",\"@id\":\"https:\\\/\\\/www.mondocamping.com\\\/wp-content\\\/uploads\\\/2022\\\/05\\\/cropped-icona-MONDO-CAMPING-150x150.png\",\"url\":\"https:\\\/\\\/www.mondocamping.com\\\/wp-content\\\/uploads\\\/2022\\\/05\\\/cropped-icona-MONDO-CAMPING-150x150.png\",\"contentUrl\":\"https:\\\/\\\/www.mondocamping.com\\\/wp-content\\\/uploads\\\/2022\\\/05\\\/cropped-icona-MONDO-CAMPING-150x150.png\",\"caption\":\"Mondo Camping\"},\"sameAs\":[\"https:\\\/\\\/www.mondocamping.com\\\/\",\"https:\\\/\\\/www.facebook.com\\\/mondocamping\"]}]}<\/script>\n<!-- \/ Yoast SEO plugin. -->","yoast_head_json":{"title":"V\u00e9n\u00e9tie, Conseiller Caner : \"Lancement du nouvel appel d'offres pour la num\u00e9risation des destinations touristiques\".","robots":{"index":"index","follow":"follow","max-snippet":"max-snippet:-1","max-image-preview":"max-image-preview:large","max-video-preview":"max-video-preview:-1"},"canonical":"https:\/\/www.mondocamping.com\/fr\/venetie-conseiller-caner-lancement-du-nouvel-appel-doffres-pour-la-numerisation-des-destinations-touristiques\/","og_locale":"fr_FR","og_type":"article","og_title":"V\u00e9n\u00e9tie, Conseiller Caner : \"Lancement du nouvel appel d'offres pour la num\u00e9risation des destinations touristiques\".","og_description":"La V\u00e9n\u00e9tie mise \u00e0 nouveau sur le tourisme, fleuron d&rsquo;une r\u00e9gion qui s&rsquo;enorgueillit de poss\u00e9der la premi\u00e8re destination baln\u00e9aire d&rsquo;Italie, Cavallino-Treporti. De nombreuses stations baln\u00e9aires, de montagne et lacustres en font une destination pris\u00e9e des touristes italiens et \u00e9trangers. La demande d&rsquo;installations de camping est tr\u00e8s forte et ces derni\u00e8res peuvent participer \u00e0 la deuxi\u00e8me [&hellip;]","og_url":"https:\/\/www.mondocamping.com\/fr\/venetie-conseiller-caner-lancement-du-nouvel-appel-doffres-pour-la-numerisation-des-destinations-touristiques\/","og_site_name":"Mondo Camping","article_publisher":"https:\/\/www.facebook.com\/mondobalneare","article_author":"https:\/\/www.facebook.com\/mondocamping","article_published_time":"2025-03-06T09:02:00+00:00","article_modified_time":"2025-03-06T09:02:04+00:00","og_image":[{"width":1200,"height":628,"url":"https:\/\/www.mondocamping.com\/wp-content\/uploads\/2025\/03\/proxyclick-visitor-management-system-ZRC0Hj_2kY0-unsplash-2.jpg","type":"image\/jpeg"}],"author":"Mondo Camping","twitter_card":"summary_large_image","twitter_creator":"@mondobalneare","twitter_site":"@mondobalneare","twitter_misc":{"\u00c9crit par":"Mondo Camping","Dur\u00e9e de lecture estim\u00e9e":"3 minutes"},"schema":{"@context":"https:\/\/schema.org","@graph":[{"@type":"Article","@id":"https:\/\/www.mondocamping.com\/fr\/venetie-conseiller-caner-lancement-du-nouvel-appel-doffres-pour-la-numerisation-des-destinations-touristiques\/#article","isPartOf":{"@id":"https:\/\/www.mondocamping.com\/fr\/venetie-conseiller-caner-lancement-du-nouvel-appel-doffres-pour-la-numerisation-des-destinations-touristiques\/"},"author":{"name":"Mondo Camping","@id":"https:\/\/www.mondocamping.com\/#\/schema\/person\/01a031b8c5ef08c2204bb0e696f0a760"},"headline":"V\u00e9n\u00e9tie, Conseiller Caner : \u00ab\u00a0Lancement du nouvel appel d&rsquo;offres pour la num\u00e9risation des destinations touristiques\u00a0\u00bb.","datePublished":"2025-03-06T09:02:00+00:00","dateModified":"2025-03-06T09:02:04+00:00","mainEntityOfPage":{"@id":"https:\/\/www.mondocamping.com\/fr\/venetie-conseiller-caner-lancement-du-nouvel-appel-doffres-pour-la-numerisation-des-destinations-touristiques\/"},"wordCount":683,"publisher":{"@id":"https:\/\/www.mondocamping.com\/#organization"},"image":{"@id":"https:\/\/www.mondocamping.com\/fr\/venetie-conseiller-caner-lancement-du-nouvel-appel-doffres-pour-la-numerisation-des-destinations-touristiques\/#primaryimage"},"thumbnailUrl":"https:\/\/www.mondocamping.com\/wp-content\/uploads\/2025\/03\/proxyclick-visitor-management-system-ZRC0Hj_2kY0-unsplash-2.jpg","keywords":["camping","camping","Destination touristique intelligente","Federico Caner","Mondo Camping","num\u00e9risation","Tourisme de plein air","V\u00e9n\u00e9tie"],"articleSection":["Actualit\u00e9"],"inLanguage":"fr-FR"},{"@type":"WebPage","@id":"https:\/\/www.mondocamping.com\/fr\/venetie-conseiller-caner-lancement-du-nouvel-appel-doffres-pour-la-numerisation-des-destinations-touristiques\/","url":"https:\/\/www.mondocamping.com\/fr\/venetie-conseiller-caner-lancement-du-nouvel-appel-doffres-pour-la-numerisation-des-destinations-touristiques\/","name":"V\u00e9n\u00e9tie, Conseiller Caner : \"Lancement du nouvel appel d'offres pour la num\u00e9risation des destinations touristiques\".","isPartOf":{"@id":"https:\/\/www.mondocamping.com\/#website"},"primaryImageOfPage":{"@id":"https:\/\/www.mondocamping.com\/fr\/venetie-conseiller-caner-lancement-du-nouvel-appel-doffres-pour-la-numerisation-des-destinations-touristiques\/#primaryimage"},"image":{"@id":"https:\/\/www.mondocamping.com\/fr\/venetie-conseiller-caner-lancement-du-nouvel-appel-doffres-pour-la-numerisation-des-destinations-touristiques\/#primaryimage"},"thumbnailUrl":"https:\/\/www.mondocamping.com\/wp-content\/uploads\/2025\/03\/proxyclick-visitor-management-system-ZRC0Hj_2kY0-unsplash-2.jpg","datePublished":"2025-03-06T09:02:00+00:00","dateModified":"2025-03-06T09:02:04+00:00","breadcrumb":{"@id":"https:\/\/www.mondocamping.com\/fr\/venetie-conseiller-caner-lancement-du-nouvel-appel-doffres-pour-la-numerisation-des-destinations-touristiques\/#breadcrumb"},"inLanguage":"fr-FR","potentialAction":[{"@type":"ReadAction","target":["https:\/\/www.mondocamping.com\/fr\/venetie-conseiller-caner-lancement-du-nouvel-appel-doffres-pour-la-numerisation-des-destinations-touristiques\/"]}]},{"@type":"ImageObject","inLanguage":"fr-FR","@id":"https:\/\/www.mondocamping.com\/fr\/venetie-conseiller-caner-lancement-du-nouvel-appel-doffres-pour-la-numerisation-des-destinations-touristiques\/#primaryimage","url":"https:\/\/www.mondocamping.com\/wp-content\/uploads\/2025\/03\/proxyclick-visitor-management-system-ZRC0Hj_2kY0-unsplash-2.jpg","contentUrl":"https:\/\/www.mondocamping.com\/wp-content\/uploads\/2025\/03\/proxyclick-visitor-management-system-ZRC0Hj_2kY0-unsplash-2.jpg","width":1200,"height":628},{"@type":"BreadcrumbList","@id":"https:\/\/www.mondocamping.com\/fr\/venetie-conseiller-caner-lancement-du-nouvel-appel-doffres-pour-la-numerisation-des-destinations-touristiques\/#breadcrumb","itemListElement":[{"@type":"ListItem","position":1,"name":"Home","item":"https:\/\/www.mondocamping.com\/fr\/"},{"@type":"ListItem","position":2,"name":"V\u00e9n\u00e9tie, Conseiller Caner : \u00ab\u00a0Lancement du nouvel appel d&rsquo;offres pour la num\u00e9risation des destinations touristiques\u00a0\u00bb."}]},{"@type":"WebSite","@id":"https:\/\/www.mondocamping.com\/#website","url":"https:\/\/www.mondocamping.com\/","name":"Mondo Camping","description":"Le portail d\u00e9di\u00e9 aux gestionnaires de campings et villages touristiques","publisher":{"@id":"https:\/\/www.mondocamping.com\/#organization"},"potentialAction":[{"@type":"SearchAction","target":{"@type":"EntryPoint","urlTemplate":"https:\/\/www.mondocamping.com\/?s={search_term_string}"},"query-input":{"@type":"PropertyValueSpecification","valueRequired":true,"valueName":"search_term_string"}}],"inLanguage":"fr-FR"},{"@type":"Organization","@id":"https:\/\/www.mondocamping.com\/#organization","name":"Mondo Camping","url":"https:\/\/www.mondocamping.com\/","logo":{"@type":"ImageObject","inLanguage":"fr-FR","@id":"https:\/\/www.mondocamping.com\/#\/schema\/logo\/image\/","url":"https:\/\/www.mondocamping.com\/wp-content\/uploads\/2022\/04\/mondo-camping-logo-contornato-1.png","contentUrl":"https:\/\/www.mondocamping.com\/wp-content\/uploads\/2022\/04\/mondo-camping-logo-contornato-1.png","width":280,"height":90,"caption":"Mondo Camping"},"image":{"@id":"https:\/\/www.mondocamping.com\/#\/schema\/logo\/image\/"},"sameAs":["https:\/\/www.facebook.com\/mondobalneare","https:\/\/x.com\/mondobalneare","https:\/\/www.instagram.com\/mondobalneare\/","https:\/\/www.linkedin.com\/company\/67180810\/","https:\/\/www.youtube.com\/user\/mondobalnearevideo"]},{"@type":"Person","@id":"https:\/\/www.mondocamping.com\/#\/schema\/person\/01a031b8c5ef08c2204bb0e696f0a760","name":"Mondo Camping","image":{"@type":"ImageObject","inLanguage":"fr-FR","@id":"https:\/\/www.mondocamping.com\/wp-content\/uploads\/2022\/05\/cropped-icona-MONDO-CAMPING-150x150.png","url":"https:\/\/www.mondocamping.com\/wp-content\/uploads\/2022\/05\/cropped-icona-MONDO-CAMPING-150x150.png","contentUrl":"https:\/\/www.mondocamping.com\/wp-content\/uploads\/2022\/05\/cropped-icona-MONDO-CAMPING-150x150.png","caption":"Mondo Camping"},"sameAs":["https:\/\/www.mondocamping.com\/","https:\/\/www.facebook.com\/mondocamping"]}]}},"_links":{"self":[{"href":"https:\/\/www.mondocamping.com\/fr\/wp-json\/wp\/v2\/posts\/173233","targetHints":{"allow":["GET"]}}],"collection":[{"href":"https:\/\/www.mondocamping.com\/fr\/wp-json\/wp\/v2\/posts"}],"about":[{"href":"https:\/\/www.mondocamping.com\/fr\/wp-json\/wp\/v2\/types\/post"}],"author":[{"embeddable":true,"href":"https:\/\/www.mondocamping.com\/fr\/wp-json\/wp\/v2\/users\/5"}],"replies":[{"embeddable":true,"href":"https:\/\/www.mondocamping.com\/fr\/wp-json\/wp\/v2\/comments?post=173233"}],"version-history":[{"count":1,"href":"https:\/\/www.mondocamping.com\/fr\/wp-json\/wp\/v2\/posts\/173233\/revisions"}],"predecessor-version":[{"id":173234,"href":"https:\/\/www.mondocamping.com\/fr\/wp-json\/wp\/v2\/posts\/173233\/revisions\/173234"}],"wp:featuredmedia":[{"embeddable":true,"href":"https:\/\/www.mondocamping.com\/fr\/wp-json\/wp\/v2\/media\/173220"}],"wp:attachment":[{"href":"https:\/\/www.mondocamping.com\/fr\/wp-json\/wp\/v2\/media?parent=173233"}],"wp:term":[{"taxonomy":"category","embeddable":true,"href":"https:\/\/www.mondocamping.com\/fr\/wp-json\/wp\/v2\/categories?post=173233"},{"taxonomy":"post_tag","embeddable":true,"href":"https:\/\/www.mondocamping.com\/fr\/wp-json\/wp\/v2\/tags?post=173233"}],"curies":[{"name":"wp","href":"https:\/\/api.w.org\/{rel}","templated":true}]}}