{"id":173392,"date":"2025-03-19T18:37:15","date_gmt":"2025-03-19T17:37:15","guid":{"rendered":"https:\/\/www.mondocamping.com\/la-calabre-de-plus-en-plus-competitive-dans-le-tourisme-de-plein-air\/"},"modified":"2025-03-19T18:38:17","modified_gmt":"2025-03-19T17:38:17","slug":"la-calabre-de-plus-en-plus-competitive-dans-le-tourisme-de-plein-air","status":"publish","type":"post","link":"https:\/\/www.mondocamping.com\/fr\/la-calabre-de-plus-en-plus-competitive-dans-le-tourisme-de-plein-air\/","title":{"rendered":"La Calabre, de plus en plus comp\u00e9titive dans le tourisme de plein air"},"content":{"rendered":"\n<p>Selon FAITA Federcamping, il y a 38 ans que l&rsquo;on aurait d\u00fb adapter le syst\u00e8me de gestion de l&rsquo;eau aux besoins de la population.  <strong>Loi r\u00e9gionale n\u00b0 28 de 1986 au niveau national <\/strong>Le d\u00e9cret l\u00e9gislatif n\u00b0 79\/2011 en est l&rsquo;expression la plus r\u00e9cente. L&rsquo;approbation de la proposition de loi<strong>\u00ab\u00a0Discipline des complexes d&rsquo;h\u00e9bergement touristique en plein air<\/strong>\u00ab\u00a0, \u00e0 l&rsquo;initiative du conseiller r\u00e9gional <strong>Antonello Talerico<\/strong>, relance le secteur de l&rsquo;h\u00e9bergement touristique en Calabre, caract\u00e9ris\u00e9 au fil des ans par une croissance dynamique de la demande et du chiffre d&rsquo;affaires.  <\/p>\n\n<p>Selon FAITA Federcamping, il s&rsquo;agit d&rsquo;un r\u00e9sultat important pour une r\u00e9gion \u00e0 forte vocation touristique comme la Calabre. Nous vous rapportons ci-dessous les propos tenus par le conseiller r\u00e9gional Antonello Talerico :   <\/p>\n\n<p>\u00ab\u00a0<em>L&rsquo;absence d&rsquo;un instrument r\u00e9glementaire r\u00e9gional a en effet constitu\u00e9 un profond foss\u00e9 concurrentiel et qualitatif pour les entreprises calabraises, limitant fortement toute possibilit\u00e9 de d\u00e9veloppement du secteur et en faisant la queue de peloton de toute la nation, mais elle a \u00e9galement compromis le fonctionnement et la gestion des entreprises, les exposant \u00e0 des divergences r\u00e9glementaires et administratives avec de possibles effets de sanction, pouvant aller jusqu&rsquo;\u00e0 la fermeture de celles-ci, ainsi qu&rsquo;\u00e0 l&rsquo;ouverture de proc\u00e9dures p\u00e9nales \u00e0 l&rsquo;encontre de nombreux entrepreneurs<\/em>.\u00a0\u00bb<\/p>\n\n<h2 class=\"wp-block-heading\">En quoi consiste la nouvelle norme ?<\/h2>\n\n<p>Le r\u00e8glement identifie les<strong> unit\u00e9s d&rsquo;h\u00e9bergement<\/strong> (tentes, caravanes, maxi-caravanes, mobil-homes et autres structures similaires non fix\u00e9es au sol de mani\u00e8re permanente) et les <strong>installations<\/strong> (\u00e9quipements et accessoires tels que les entr\u00e9es et les cuisines compl\u00e9mentaires des unit\u00e9s d&rsquo;h\u00e9bergement) <strong>dont les campings et les villages touristiques peuvent disposer pour offrir des h\u00e9bergements <\/strong>, et les fait entrer dans le champ d&rsquo;application<strong>des constructions libres ne constituant pas des activit\u00e9s relevant de l&rsquo;urbanisme et de la construction<\/strong>, comme le pr\u00e9voit le r\u00e8glement national.  <\/p>\n\n<p>En outre, le nouveau r\u00e8glement r\u00e9gional pr\u00e9voit que les <strong>services<\/strong> (rafra\u00eechissements, bars, nourriture et \u00e9piceries ; installations sportives et r\u00e9cr\u00e9atives, etc.), ainsi que les activit\u00e9s des <strong>centres de bien-\u00eatre des complexes touristiques<\/strong>, proportionnellement \u00e0 leur capacit\u00e9 d&rsquo;h\u00e9bergement, peuvent \u00eatre utilis\u00e9s non seulement par les personnes h\u00e9berg\u00e9es, mais aussi par le public.  <\/p>\n\n<p>Enfin, la nouvelle loi clarifie et met \u00e0 jour les crit\u00e8res de classification des installations (appel\u00e9s \u00e9toiles), qui \u00e9taient jusqu&rsquo;\u00e0 pr\u00e9sent inad\u00e9quats parce qu&rsquo;ils remontaient \u00e0 1986.  <\/p>\n\n<p>En outre, l&rsquo;approbation de la nouvelle loi sur le tourisme <strong>permettra aux entreprises d&rsquo;acc\u00e9der aux facilit\u00e9s offertes par le PNR<\/strong>, ce qui \u00e9tait impossible auparavant. En particulier, il est d\u00e9sormais possible d&rsquo;acc\u00e9der aux facilit\u00e9s et au financement pour les r\u00e9novations et les mises \u00e0 niveau, l&rsquo;\u00e9quipement de nouveaux logements mobiles, les proc\u00e9dures d&rsquo;\u00e9limination des barri\u00e8res architecturales et les activit\u00e9s li\u00e9es \u00e0 l&rsquo;efficacit\u00e9 \u00e9nerg\u00e9tique. <\/p>\n","protected":false},"excerpt":{"rendered":"<p>Selon FAITA Federcamping, il y a 38 ans que l&rsquo;on aurait d\u00fb adapter le syst\u00e8me de gestion de l&rsquo;eau aux besoins de la population. Loi r\u00e9gionale n\u00b0 28 de 1986 au niveau national Le d\u00e9cret l\u00e9gislatif n\u00b0 79\/2011 en est l&rsquo;expression la plus r\u00e9cente. L&rsquo;approbation de la proposition de loi\u00ab\u00a0Discipline des complexes d&rsquo;h\u00e9bergement touristique en [&hellip;]<\/p>\n","protected":false},"author":5,"featured_media":173348,"comment_status":"closed","ping_status":"closed","sticky":false,"template":"","format":"standard","meta":{"_acf_changed":false,"_monsterinsights_skip_tracking":false,"_monsterinsights_sitenote_active":false,"_monsterinsights_sitenote_note":"","_monsterinsights_sitenote_category":0,"footnotes":""},"categories":[4024],"tags":[7002,5919,6389,7001,6851],"class_list":["post-173392","post","type-post","status-publish","format-standard","has-post-thumbnail","hentry","category-actualite","tag-antonello-talerico","tag-calabre","tag-faita","tag-faitafedercamping","tag-lair-libre"],"acf":[],"yoast_head":"<!-- This site is optimized with the Yoast SEO plugin v27.5 - https:\/\/yoast.com\/product\/yoast-seo-wordpress\/ -->\n<title>La Calabre, de plus en plus comp\u00e9titive dans le tourisme de plein air<\/title>\n<meta name=\"robots\" content=\"index, follow, max-snippet:-1, max-image-preview:large, max-video-preview:-1\" \/>\n<link rel=\"canonical\" href=\"https:\/\/www.mondocamping.com\/fr\/la-calabre-de-plus-en-plus-competitive-dans-le-tourisme-de-plein-air\/\" \/>\n<meta property=\"og:locale\" content=\"fr_FR\" \/>\n<meta property=\"og:type\" content=\"article\" \/>\n<meta property=\"og:title\" content=\"La Calabre, de plus en plus comp\u00e9titive dans le tourisme de plein air\" \/>\n<meta property=\"og:description\" content=\"Selon FAITA Federcamping, il y a 38 ans que l&rsquo;on aurait d\u00fb adapter le syst\u00e8me de gestion de l&rsquo;eau aux besoins de la population. Loi r\u00e9gionale n\u00b0 28 de 1986 au niveau national Le d\u00e9cret l\u00e9gislatif n\u00b0 79\/2011 en est l&rsquo;expression la plus r\u00e9cente. L&rsquo;approbation de la proposition de loi\u00ab\u00a0Discipline des complexes d&rsquo;h\u00e9bergement touristique en [&hellip;]\" \/>\n<meta property=\"og:url\" content=\"https:\/\/www.mondocamping.com\/fr\/la-calabre-de-plus-en-plus-competitive-dans-le-tourisme-de-plein-air\/\" \/>\n<meta property=\"og:site_name\" content=\"Mondo Camping\" \/>\n<meta property=\"article:publisher\" content=\"https:\/\/www.facebook.com\/mondobalneare\" \/>\n<meta property=\"article:author\" content=\"https:\/\/www.facebook.com\/mondocamping\" \/>\n<meta property=\"article:published_time\" content=\"2025-03-19T17:37:15+00:00\" \/>\n<meta property=\"article:modified_time\" content=\"2025-03-19T17:38:17+00:00\" \/>\n<meta property=\"og:image\" content=\"https:\/\/www.mondocamping.com\/wp-content\/uploads\/2025\/03\/nemanja-peric-6b-lpGAHdw0-unsplash-2.jpg\" \/>\n\t<meta property=\"og:image:width\" content=\"1200\" \/>\n\t<meta property=\"og:image:height\" content=\"628\" \/>\n\t<meta property=\"og:image:type\" content=\"image\/jpeg\" \/>\n<meta name=\"author\" content=\"Mondo Camping\" \/>\n<meta name=\"twitter:card\" content=\"summary_large_image\" \/>\n<meta name=\"twitter:creator\" content=\"@mondobalneare\" \/>\n<meta name=\"twitter:site\" content=\"@mondobalneare\" \/>\n<meta name=\"twitter:label1\" content=\"\u00c9crit par\" \/>\n\t<meta name=\"twitter:data1\" content=\"Mondo Camping\" \/>\n\t<meta name=\"twitter:label2\" content=\"Dur\u00e9e de lecture estim\u00e9e\" \/>\n\t<meta name=\"twitter:data2\" content=\"2 minutes\" \/>\n<script type=\"application\/ld+json\" class=\"yoast-schema-graph\">{\"@context\":\"https:\\\/\\\/schema.org\",\"@graph\":[{\"@type\":\"Article\",\"@id\":\"https:\\\/\\\/www.mondocamping.com\\\/fr\\\/la-calabre-de-plus-en-plus-competitive-dans-le-tourisme-de-plein-air\\\/#article\",\"isPartOf\":{\"@id\":\"https:\\\/\\\/www.mondocamping.com\\\/fr\\\/la-calabre-de-plus-en-plus-competitive-dans-le-tourisme-de-plein-air\\\/\"},\"author\":{\"name\":\"Mondo Camping\",\"@id\":\"https:\\\/\\\/www.mondocamping.com\\\/#\\\/schema\\\/person\\\/01a031b8c5ef08c2204bb0e696f0a760\"},\"headline\":\"La Calabre, de plus en plus comp\u00e9titive dans le tourisme de plein air\",\"datePublished\":\"2025-03-19T17:37:15+00:00\",\"dateModified\":\"2025-03-19T17:38:17+00:00\",\"mainEntityOfPage\":{\"@id\":\"https:\\\/\\\/www.mondocamping.com\\\/fr\\\/la-calabre-de-plus-en-plus-competitive-dans-le-tourisme-de-plein-air\\\/\"},\"wordCount\":511,\"publisher\":{\"@id\":\"https:\\\/\\\/www.mondocamping.com\\\/#organization\"},\"image\":{\"@id\":\"https:\\\/\\\/www.mondocamping.com\\\/fr\\\/la-calabre-de-plus-en-plus-competitive-dans-le-tourisme-de-plein-air\\\/#primaryimage\"},\"thumbnailUrl\":\"https:\\\/\\\/www.mondocamping.com\\\/wp-content\\\/uploads\\\/2025\\\/03\\\/nemanja-peric-6b-lpGAHdw0-unsplash-2.jpg\",\"keywords\":[\"Antonello Talerico\",\"Calabre\",\"Faita\",\"FaitaFedercamping\",\"l'air libre\"],\"articleSection\":[\"Actualit\u00e9\"],\"inLanguage\":\"fr-FR\"},{\"@type\":\"WebPage\",\"@id\":\"https:\\\/\\\/www.mondocamping.com\\\/fr\\\/la-calabre-de-plus-en-plus-competitive-dans-le-tourisme-de-plein-air\\\/\",\"url\":\"https:\\\/\\\/www.mondocamping.com\\\/fr\\\/la-calabre-de-plus-en-plus-competitive-dans-le-tourisme-de-plein-air\\\/\",\"name\":\"La Calabre, de plus en plus comp\u00e9titive dans le tourisme de plein air\",\"isPartOf\":{\"@id\":\"https:\\\/\\\/www.mondocamping.com\\\/#website\"},\"primaryImageOfPage\":{\"@id\":\"https:\\\/\\\/www.mondocamping.com\\\/fr\\\/la-calabre-de-plus-en-plus-competitive-dans-le-tourisme-de-plein-air\\\/#primaryimage\"},\"image\":{\"@id\":\"https:\\\/\\\/www.mondocamping.com\\\/fr\\\/la-calabre-de-plus-en-plus-competitive-dans-le-tourisme-de-plein-air\\\/#primaryimage\"},\"thumbnailUrl\":\"https:\\\/\\\/www.mondocamping.com\\\/wp-content\\\/uploads\\\/2025\\\/03\\\/nemanja-peric-6b-lpGAHdw0-unsplash-2.jpg\",\"datePublished\":\"2025-03-19T17:37:15+00:00\",\"dateModified\":\"2025-03-19T17:38:17+00:00\",\"breadcrumb\":{\"@id\":\"https:\\\/\\\/www.mondocamping.com\\\/fr\\\/la-calabre-de-plus-en-plus-competitive-dans-le-tourisme-de-plein-air\\\/#breadcrumb\"},\"inLanguage\":\"fr-FR\",\"potentialAction\":[{\"@type\":\"ReadAction\",\"target\":[\"https:\\\/\\\/www.mondocamping.com\\\/fr\\\/la-calabre-de-plus-en-plus-competitive-dans-le-tourisme-de-plein-air\\\/\"]}]},{\"@type\":\"ImageObject\",\"inLanguage\":\"fr-FR\",\"@id\":\"https:\\\/\\\/www.mondocamping.com\\\/fr\\\/la-calabre-de-plus-en-plus-competitive-dans-le-tourisme-de-plein-air\\\/#primaryimage\",\"url\":\"https:\\\/\\\/www.mondocamping.com\\\/wp-content\\\/uploads\\\/2025\\\/03\\\/nemanja-peric-6b-lpGAHdw0-unsplash-2.jpg\",\"contentUrl\":\"https:\\\/\\\/www.mondocamping.com\\\/wp-content\\\/uploads\\\/2025\\\/03\\\/nemanja-peric-6b-lpGAHdw0-unsplash-2.jpg\",\"width\":1200,\"height\":628},{\"@type\":\"BreadcrumbList\",\"@id\":\"https:\\\/\\\/www.mondocamping.com\\\/fr\\\/la-calabre-de-plus-en-plus-competitive-dans-le-tourisme-de-plein-air\\\/#breadcrumb\",\"itemListElement\":[{\"@type\":\"ListItem\",\"position\":1,\"name\":\"Home\",\"item\":\"https:\\\/\\\/www.mondocamping.com\\\/fr\\\/\"},{\"@type\":\"ListItem\",\"position\":2,\"name\":\"La Calabre, de plus en plus comp\u00e9titive dans le tourisme de plein air\"}]},{\"@type\":\"WebSite\",\"@id\":\"https:\\\/\\\/www.mondocamping.com\\\/#website\",\"url\":\"https:\\\/\\\/www.mondocamping.com\\\/\",\"name\":\"Mondo Camping\",\"description\":\"Le portail d\u00e9di\u00e9 aux gestionnaires de campings et villages touristiques\",\"publisher\":{\"@id\":\"https:\\\/\\\/www.mondocamping.com\\\/#organization\"},\"potentialAction\":[{\"@type\":\"SearchAction\",\"target\":{\"@type\":\"EntryPoint\",\"urlTemplate\":\"https:\\\/\\\/www.mondocamping.com\\\/?s={search_term_string}\"},\"query-input\":{\"@type\":\"PropertyValueSpecification\",\"valueRequired\":true,\"valueName\":\"search_term_string\"}}],\"inLanguage\":\"fr-FR\"},{\"@type\":\"Organization\",\"@id\":\"https:\\\/\\\/www.mondocamping.com\\\/#organization\",\"name\":\"Mondo Camping\",\"url\":\"https:\\\/\\\/www.mondocamping.com\\\/\",\"logo\":{\"@type\":\"ImageObject\",\"inLanguage\":\"fr-FR\",\"@id\":\"https:\\\/\\\/www.mondocamping.com\\\/#\\\/schema\\\/logo\\\/image\\\/\",\"url\":\"https:\\\/\\\/www.mondocamping.com\\\/wp-content\\\/uploads\\\/2022\\\/04\\\/mondo-camping-logo-contornato-1.png\",\"contentUrl\":\"https:\\\/\\\/www.mondocamping.com\\\/wp-content\\\/uploads\\\/2022\\\/04\\\/mondo-camping-logo-contornato-1.png\",\"width\":280,\"height\":90,\"caption\":\"Mondo Camping\"},\"image\":{\"@id\":\"https:\\\/\\\/www.mondocamping.com\\\/#\\\/schema\\\/logo\\\/image\\\/\"},\"sameAs\":[\"https:\\\/\\\/www.facebook.com\\\/mondobalneare\",\"https:\\\/\\\/x.com\\\/mondobalneare\",\"https:\\\/\\\/www.instagram.com\\\/mondobalneare\\\/\",\"https:\\\/\\\/www.linkedin.com\\\/company\\\/67180810\\\/\",\"https:\\\/\\\/www.youtube.com\\\/user\\\/mondobalnearevideo\"]},{\"@type\":\"Person\",\"@id\":\"https:\\\/\\\/www.mondocamping.com\\\/#\\\/schema\\\/person\\\/01a031b8c5ef08c2204bb0e696f0a760\",\"name\":\"Mondo Camping\",\"image\":{\"@type\":\"ImageObject\",\"inLanguage\":\"fr-FR\",\"@id\":\"https:\\\/\\\/www.mondocamping.com\\\/wp-content\\\/uploads\\\/2022\\\/05\\\/cropped-icona-MONDO-CAMPING-150x150.png\",\"url\":\"https:\\\/\\\/www.mondocamping.com\\\/wp-content\\\/uploads\\\/2022\\\/05\\\/cropped-icona-MONDO-CAMPING-150x150.png\",\"contentUrl\":\"https:\\\/\\\/www.mondocamping.com\\\/wp-content\\\/uploads\\\/2022\\\/05\\\/cropped-icona-MONDO-CAMPING-150x150.png\",\"caption\":\"Mondo Camping\"},\"sameAs\":[\"https:\\\/\\\/www.mondocamping.com\\\/\",\"https:\\\/\\\/www.facebook.com\\\/mondocamping\"]}]}<\/script>\n<!-- \/ Yoast SEO plugin. -->","yoast_head_json":{"title":"La Calabre, de plus en plus comp\u00e9titive dans le tourisme de plein air","robots":{"index":"index","follow":"follow","max-snippet":"max-snippet:-1","max-image-preview":"max-image-preview:large","max-video-preview":"max-video-preview:-1"},"canonical":"https:\/\/www.mondocamping.com\/fr\/la-calabre-de-plus-en-plus-competitive-dans-le-tourisme-de-plein-air\/","og_locale":"fr_FR","og_type":"article","og_title":"La Calabre, de plus en plus comp\u00e9titive dans le tourisme de plein air","og_description":"Selon FAITA Federcamping, il y a 38 ans que l&rsquo;on aurait d\u00fb adapter le syst\u00e8me de gestion de l&rsquo;eau aux besoins de la population. Loi r\u00e9gionale n\u00b0 28 de 1986 au niveau national Le d\u00e9cret l\u00e9gislatif n\u00b0 79\/2011 en est l&rsquo;expression la plus r\u00e9cente. L&rsquo;approbation de la proposition de loi\u00ab\u00a0Discipline des complexes d&rsquo;h\u00e9bergement touristique en [&hellip;]","og_url":"https:\/\/www.mondocamping.com\/fr\/la-calabre-de-plus-en-plus-competitive-dans-le-tourisme-de-plein-air\/","og_site_name":"Mondo Camping","article_publisher":"https:\/\/www.facebook.com\/mondobalneare","article_author":"https:\/\/www.facebook.com\/mondocamping","article_published_time":"2025-03-19T17:37:15+00:00","article_modified_time":"2025-03-19T17:38:17+00:00","og_image":[{"width":1200,"height":628,"url":"https:\/\/www.mondocamping.com\/wp-content\/uploads\/2025\/03\/nemanja-peric-6b-lpGAHdw0-unsplash-2.jpg","type":"image\/jpeg"}],"author":"Mondo Camping","twitter_card":"summary_large_image","twitter_creator":"@mondobalneare","twitter_site":"@mondobalneare","twitter_misc":{"\u00c9crit par":"Mondo Camping","Dur\u00e9e de lecture estim\u00e9e":"2 minutes"},"schema":{"@context":"https:\/\/schema.org","@graph":[{"@type":"Article","@id":"https:\/\/www.mondocamping.com\/fr\/la-calabre-de-plus-en-plus-competitive-dans-le-tourisme-de-plein-air\/#article","isPartOf":{"@id":"https:\/\/www.mondocamping.com\/fr\/la-calabre-de-plus-en-plus-competitive-dans-le-tourisme-de-plein-air\/"},"author":{"name":"Mondo Camping","@id":"https:\/\/www.mondocamping.com\/#\/schema\/person\/01a031b8c5ef08c2204bb0e696f0a760"},"headline":"La Calabre, de plus en plus comp\u00e9titive dans le tourisme de plein air","datePublished":"2025-03-19T17:37:15+00:00","dateModified":"2025-03-19T17:38:17+00:00","mainEntityOfPage":{"@id":"https:\/\/www.mondocamping.com\/fr\/la-calabre-de-plus-en-plus-competitive-dans-le-tourisme-de-plein-air\/"},"wordCount":511,"publisher":{"@id":"https:\/\/www.mondocamping.com\/#organization"},"image":{"@id":"https:\/\/www.mondocamping.com\/fr\/la-calabre-de-plus-en-plus-competitive-dans-le-tourisme-de-plein-air\/#primaryimage"},"thumbnailUrl":"https:\/\/www.mondocamping.com\/wp-content\/uploads\/2025\/03\/nemanja-peric-6b-lpGAHdw0-unsplash-2.jpg","keywords":["Antonello Talerico","Calabre","Faita","FaitaFedercamping","l'air libre"],"articleSection":["Actualit\u00e9"],"inLanguage":"fr-FR"},{"@type":"WebPage","@id":"https:\/\/www.mondocamping.com\/fr\/la-calabre-de-plus-en-plus-competitive-dans-le-tourisme-de-plein-air\/","url":"https:\/\/www.mondocamping.com\/fr\/la-calabre-de-plus-en-plus-competitive-dans-le-tourisme-de-plein-air\/","name":"La Calabre, de plus en plus comp\u00e9titive dans le tourisme de plein air","isPartOf":{"@id":"https:\/\/www.mondocamping.com\/#website"},"primaryImageOfPage":{"@id":"https:\/\/www.mondocamping.com\/fr\/la-calabre-de-plus-en-plus-competitive-dans-le-tourisme-de-plein-air\/#primaryimage"},"image":{"@id":"https:\/\/www.mondocamping.com\/fr\/la-calabre-de-plus-en-plus-competitive-dans-le-tourisme-de-plein-air\/#primaryimage"},"thumbnailUrl":"https:\/\/www.mondocamping.com\/wp-content\/uploads\/2025\/03\/nemanja-peric-6b-lpGAHdw0-unsplash-2.jpg","datePublished":"2025-03-19T17:37:15+00:00","dateModified":"2025-03-19T17:38:17+00:00","breadcrumb":{"@id":"https:\/\/www.mondocamping.com\/fr\/la-calabre-de-plus-en-plus-competitive-dans-le-tourisme-de-plein-air\/#breadcrumb"},"inLanguage":"fr-FR","potentialAction":[{"@type":"ReadAction","target":["https:\/\/www.mondocamping.com\/fr\/la-calabre-de-plus-en-plus-competitive-dans-le-tourisme-de-plein-air\/"]}]},{"@type":"ImageObject","inLanguage":"fr-FR","@id":"https:\/\/www.mondocamping.com\/fr\/la-calabre-de-plus-en-plus-competitive-dans-le-tourisme-de-plein-air\/#primaryimage","url":"https:\/\/www.mondocamping.com\/wp-content\/uploads\/2025\/03\/nemanja-peric-6b-lpGAHdw0-unsplash-2.jpg","contentUrl":"https:\/\/www.mondocamping.com\/wp-content\/uploads\/2025\/03\/nemanja-peric-6b-lpGAHdw0-unsplash-2.jpg","width":1200,"height":628},{"@type":"BreadcrumbList","@id":"https:\/\/www.mondocamping.com\/fr\/la-calabre-de-plus-en-plus-competitive-dans-le-tourisme-de-plein-air\/#breadcrumb","itemListElement":[{"@type":"ListItem","position":1,"name":"Home","item":"https:\/\/www.mondocamping.com\/fr\/"},{"@type":"ListItem","position":2,"name":"La Calabre, de plus en plus comp\u00e9titive dans le tourisme de plein air"}]},{"@type":"WebSite","@id":"https:\/\/www.mondocamping.com\/#website","url":"https:\/\/www.mondocamping.com\/","name":"Mondo Camping","description":"Le portail d\u00e9di\u00e9 aux gestionnaires de campings et villages touristiques","publisher":{"@id":"https:\/\/www.mondocamping.com\/#organization"},"potentialAction":[{"@type":"SearchAction","target":{"@type":"EntryPoint","urlTemplate":"https:\/\/www.mondocamping.com\/?s={search_term_string}"},"query-input":{"@type":"PropertyValueSpecification","valueRequired":true,"valueName":"search_term_string"}}],"inLanguage":"fr-FR"},{"@type":"Organization","@id":"https:\/\/www.mondocamping.com\/#organization","name":"Mondo Camping","url":"https:\/\/www.mondocamping.com\/","logo":{"@type":"ImageObject","inLanguage":"fr-FR","@id":"https:\/\/www.mondocamping.com\/#\/schema\/logo\/image\/","url":"https:\/\/www.mondocamping.com\/wp-content\/uploads\/2022\/04\/mondo-camping-logo-contornato-1.png","contentUrl":"https:\/\/www.mondocamping.com\/wp-content\/uploads\/2022\/04\/mondo-camping-logo-contornato-1.png","width":280,"height":90,"caption":"Mondo Camping"},"image":{"@id":"https:\/\/www.mondocamping.com\/#\/schema\/logo\/image\/"},"sameAs":["https:\/\/www.facebook.com\/mondobalneare","https:\/\/x.com\/mondobalneare","https:\/\/www.instagram.com\/mondobalneare\/","https:\/\/www.linkedin.com\/company\/67180810\/","https:\/\/www.youtube.com\/user\/mondobalnearevideo"]},{"@type":"Person","@id":"https:\/\/www.mondocamping.com\/#\/schema\/person\/01a031b8c5ef08c2204bb0e696f0a760","name":"Mondo Camping","image":{"@type":"ImageObject","inLanguage":"fr-FR","@id":"https:\/\/www.mondocamping.com\/wp-content\/uploads\/2022\/05\/cropped-icona-MONDO-CAMPING-150x150.png","url":"https:\/\/www.mondocamping.com\/wp-content\/uploads\/2022\/05\/cropped-icona-MONDO-CAMPING-150x150.png","contentUrl":"https:\/\/www.mondocamping.com\/wp-content\/uploads\/2022\/05\/cropped-icona-MONDO-CAMPING-150x150.png","caption":"Mondo Camping"},"sameAs":["https:\/\/www.mondocamping.com\/","https:\/\/www.facebook.com\/mondocamping"]}]}},"_links":{"self":[{"href":"https:\/\/www.mondocamping.com\/fr\/wp-json\/wp\/v2\/posts\/173392","targetHints":{"allow":["GET"]}}],"collection":[{"href":"https:\/\/www.mondocamping.com\/fr\/wp-json\/wp\/v2\/posts"}],"about":[{"href":"https:\/\/www.mondocamping.com\/fr\/wp-json\/wp\/v2\/types\/post"}],"author":[{"embeddable":true,"href":"https:\/\/www.mondocamping.com\/fr\/wp-json\/wp\/v2\/users\/5"}],"replies":[{"embeddable":true,"href":"https:\/\/www.mondocamping.com\/fr\/wp-json\/wp\/v2\/comments?post=173392"}],"version-history":[{"count":3,"href":"https:\/\/www.mondocamping.com\/fr\/wp-json\/wp\/v2\/posts\/173392\/revisions"}],"predecessor-version":[{"id":173395,"href":"https:\/\/www.mondocamping.com\/fr\/wp-json\/wp\/v2\/posts\/173392\/revisions\/173395"}],"wp:featuredmedia":[{"embeddable":true,"href":"https:\/\/www.mondocamping.com\/fr\/wp-json\/wp\/v2\/media\/173348"}],"wp:attachment":[{"href":"https:\/\/www.mondocamping.com\/fr\/wp-json\/wp\/v2\/media?parent=173392"}],"wp:term":[{"taxonomy":"category","embeddable":true,"href":"https:\/\/www.mondocamping.com\/fr\/wp-json\/wp\/v2\/categories?post=173392"},{"taxonomy":"post_tag","embeddable":true,"href":"https:\/\/www.mondocamping.com\/fr\/wp-json\/wp\/v2\/tags?post=173392"}],"curies":[{"name":"wp","href":"https:\/\/api.w.org\/{rel}","templated":true}]}}