{"id":173538,"date":"2025-03-27T18:25:07","date_gmt":"2025-03-27T17:25:07","guid":{"rendered":"https:\/\/www.mondocamping.com\/open-outdoor-experiences-2025-lexposition-des-activites-de-plein-air\/"},"modified":"2025-03-27T18:25:09","modified_gmt":"2025-03-27T17:25:09","slug":"open-outdoor-experiences-2025-lexposition-des-activites-de-plein-air","status":"publish","type":"post","link":"https:\/\/www.mondocamping.com\/fr\/open-outdoor-experiences-2025-lexposition-des-activites-de-plein-air\/","title":{"rendered":"Open Outdoor Experiences 2025 : l&rsquo;exposition des activit\u00e9s de plein air"},"content":{"rendered":"\n<p>Le rideau s&rsquo;ouvre demain sur l&rsquo;exposition<strong><a href=\"https:\/\/openoutdoor.it\" target=\"_blank\" rel=\"noreferrer noopener\">Open Outdoor Experiences 2025 &#8211; Exposition d&rsquo;activit\u00e9s de plein air<\/a><\/strong>qui se tiendra dans les espaces de l&rsquo;ancienne fabrique de tabac NEXT \u00e0 Capaccio-Paestum, dans le cadre splendide de <strong>Paestum<\/strong>, l&rsquo;une des plus belles localit\u00e9s de la province de Salerne et du Cilento, un paradis pour<em>les activit\u00e9s de plein air<\/em>.<\/p>\n\n<p>Cette troisi\u00e8me \u00e9dition mettra l&rsquo;accent sur la <strong>durabilit\u00e9, la nature et le tourisme actif<\/strong>, des th\u00e8mes cl\u00e9s pour <strong>un mode de vie conscient<\/strong>. Plus de 100 exposants, 25 acheteurs internationaux et un riche programme d&rsquo;\u00e9v\u00e9nements avec 50 rendez-vous comprenant des conf\u00e9rences, des s\u00e9minaires et des pr\u00e9sentations. <\/p>\n\n<p>L&rsquo;\u00e9v\u00e9nement, organis\u00e9 par<strong><em> I.Com Experiences<\/em><\/strong> e <strong><em>Il Duomo Travel<\/em><\/strong>est un \u00e9v\u00e9nement tr\u00e8s attendu par les professionnels du secteur, qui s&rsquo;internationalise de plus en plus, \u00e0 tel point que des d\u00e9l\u00e9gations des \u00c9tats-Unis, de France, d&rsquo;Espagne et de Slov\u00e9nie y ont particip\u00e9.<\/p>\n\n<p><strong><em>Exp\u00e9riences de plein air 2025<\/em><\/strong> est soutenu par <strong><em>FAITA Federcamping Campania<\/em><\/strong>et son pr\u00e9sident <strong><em>Mimmo Iannazzone <\/em><\/strong>a d\u00e9clar\u00e9 : \u00ab\u00a0S<em>Nous accueillons \u00ab\u00a0Open outdoor experiences\u00a0\u00bb, un \u00e9v\u00e9nement d\u00e9di\u00e9 \u00e0 la croissance et \u00e0 la promotion du tourisme en plein air, capable de communiquer au public l&rsquo;attractivit\u00e9 de notre mode et aux entrepreneurs et op\u00e9rateurs un panorama d&rsquo;offres et de solutions pour \u00e9lever les standards de l&rsquo;offre. L&rsquo;Open Air est de plus en plus un voyage exp\u00e9rientiel entre territoire, divertissement et confort. Bien plus que de simples vacances. C&rsquo;est pourquoi des initiatives comme celle de Paestum sont utiles et opportunes.   <\/em>\u00ab\u00a0.<\/p>\n\n<h2 class=\"wp-block-heading\">Les th\u00e8mes de l&rsquo;\u00e9dition 2025 de l&rsquo;Open Outdoor Experiences  <\/h2>\n\n<p>Dans cette troisi\u00e8me \u00e9dition d&rsquo;<em>Open Outdoor Experiences 2025<\/em>, les th\u00e8mes du tourisme durable, des propositions immersives et exp\u00e9rientielles seront abord\u00e9s avec une attention particuli\u00e8re :  <\/p>\n\n<ul class=\"wp-block-list\">\n<li><strong>Chemins, spirituels et naturels.<\/strong><\/li>\n\n\n\n<li><strong>Cyclotourisme et vacances actives.<\/strong><\/li>\n\n\n\n<li><strong>La gastronomie, le vin et la d\u00e9couverte des villages.<\/strong><\/li>\n<\/ul>\n\n<p>Quatre domaines th\u00e9matiques principaux :<\/p>\n\n<ul class=\"wp-block-list\">\n<li><strong><em>Open Pro<\/em><\/strong>Open Pro : formation, informations et rencontres B2B entre exposants et acheteurs.<\/li>\n\n\n\n<li><strong><em>Open Active<\/em><\/strong>Mat\u00e9riel technique et nouveaut\u00e9s pour les amateurs de plein air.<\/li>\n\n\n\n<li><em><strong>Open 4All<\/strong>:<\/em> un espace inclusif pour des exp\u00e9riences de plein air sans obstacles.<\/li>\n\n\n\n<li><em><strong>Open 4School<\/strong>:<\/em> parcours \u00e9ducatifs pour les lyc\u00e9ens.<\/li>\n<\/ul>\n\n<p>Parmi les principales innovations 2025, le format <strong><em>Meet&amp;Match<\/em><\/strong>con\u00e7u pour la mise en r\u00e9seau des voyagistes et des acheteurs internationaux, une opportunit\u00e9 strat\u00e9gique pour les professionnels du secteur, dans la lign\u00e9e des partenariats d\u00e9j\u00e0 en place, comme celui entre <em><strong>EasyJet Holidays<\/strong> <\/em>et les structures d&rsquo;h\u00e9bergement du Cilento.<\/p>\n\n<p>Trois jours pour parler d&rsquo;un tourisme de plus en plus conscient, dans une r\u00e9gion qui se pr\u00e9sente comme un paradis de<em>plein air<\/em>, le Cilento.  <\/p>\n","protected":false},"excerpt":{"rendered":"<p>Le rideau s&rsquo;ouvre demain sur l&rsquo;expositionOpen Outdoor Experiences 2025 &#8211; Exposition d&rsquo;activit\u00e9s de plein airqui se tiendra dans les espaces de l&rsquo;ancienne fabrique de tabac NEXT \u00e0 Capaccio-Paestum, dans le cadre splendide de Paestum, l&rsquo;une des plus belles localit\u00e9s de la province de Salerne et du Cilento, un paradis pourles activit\u00e9s de plein air. Cette [&hellip;]<\/p>\n","protected":false},"author":5,"featured_media":173527,"comment_status":"closed","ping_status":"closed","sticky":false,"template":"","format":"standard","meta":{"_acf_changed":false,"_monsterinsights_skip_tracking":false,"_monsterinsights_sitenote_active":false,"_monsterinsights_sitenote_note":"","_monsterinsights_sitenote_category":0,"footnotes":""},"categories":[4024],"tags":[4210,6974,4077,7037,4262,4079,5308],"class_list":["post-173538","post","type-post","status-publish","format-standard","has-post-thumbnail","hentry","category-actualite","tag-camping-fr-2","tag-exterieur","tag-faita-federcamping-fr","tag-faita-federcamping-campanie","tag-mondo-camping-fr","tag-tourisme-de-plein-air","tag-tourisme-durable"],"acf":[],"yoast_head":"<!-- This site is optimized with the Yoast SEO plugin v27.5 - https:\/\/yoast.com\/product\/yoast-seo-wordpress\/ -->\n<title>Open Outdoor Experiences 2025 : l&#039;exposition des activit\u00e9s de plein air<\/title>\n<meta name=\"robots\" content=\"index, follow, max-snippet:-1, max-image-preview:large, max-video-preview:-1\" \/>\n<link rel=\"canonical\" href=\"https:\/\/www.mondocamping.com\/fr\/open-outdoor-experiences-2025-lexposition-des-activites-de-plein-air\/\" \/>\n<meta property=\"og:locale\" content=\"fr_FR\" \/>\n<meta property=\"og:type\" content=\"article\" \/>\n<meta property=\"og:title\" content=\"Open Outdoor Experiences 2025 : l&#039;exposition des activit\u00e9s de plein air\" \/>\n<meta property=\"og:description\" content=\"Le rideau s&rsquo;ouvre demain sur l&rsquo;expositionOpen Outdoor Experiences 2025 &#8211; Exposition d&rsquo;activit\u00e9s de plein airqui se tiendra dans les espaces de l&rsquo;ancienne fabrique de tabac NEXT \u00e0 Capaccio-Paestum, dans le cadre splendide de Paestum, l&rsquo;une des plus belles localit\u00e9s de la province de Salerne et du Cilento, un paradis pourles activit\u00e9s de plein air. Cette [&hellip;]\" \/>\n<meta property=\"og:url\" content=\"https:\/\/www.mondocamping.com\/fr\/open-outdoor-experiences-2025-lexposition-des-activites-de-plein-air\/\" \/>\n<meta property=\"og:site_name\" content=\"Mondo Camping\" \/>\n<meta property=\"article:publisher\" content=\"https:\/\/www.facebook.com\/mondobalneare\" \/>\n<meta property=\"article:author\" content=\"https:\/\/www.facebook.com\/mondocamping\" \/>\n<meta property=\"article:published_time\" content=\"2025-03-27T17:25:07+00:00\" \/>\n<meta property=\"article:modified_time\" content=\"2025-03-27T17:25:09+00:00\" \/>\n<meta property=\"og:image\" content=\"https:\/\/www.mondocamping.com\/wp-content\/uploads\/2025\/03\/Screenshot-2025-03-27-alle-18.03.43.png\" \/>\n\t<meta property=\"og:image:width\" content=\"1200\" \/>\n\t<meta property=\"og:image:height\" content=\"628\" \/>\n\t<meta property=\"og:image:type\" content=\"image\/png\" \/>\n<meta name=\"author\" content=\"Mondo Camping\" \/>\n<meta name=\"twitter:card\" content=\"summary_large_image\" \/>\n<meta name=\"twitter:creator\" content=\"@mondobalneare\" \/>\n<meta name=\"twitter:site\" content=\"@mondobalneare\" \/>\n<meta name=\"twitter:label1\" content=\"\u00c9crit par\" \/>\n\t<meta name=\"twitter:data1\" content=\"Mondo Camping\" \/>\n\t<meta name=\"twitter:label2\" content=\"Dur\u00e9e de lecture estim\u00e9e\" \/>\n\t<meta name=\"twitter:data2\" content=\"2 minutes\" \/>\n<script type=\"application\/ld+json\" class=\"yoast-schema-graph\">{\"@context\":\"https:\\\/\\\/schema.org\",\"@graph\":[{\"@type\":\"Article\",\"@id\":\"https:\\\/\\\/www.mondocamping.com\\\/fr\\\/open-outdoor-experiences-2025-lexposition-des-activites-de-plein-air\\\/#article\",\"isPartOf\":{\"@id\":\"https:\\\/\\\/www.mondocamping.com\\\/fr\\\/open-outdoor-experiences-2025-lexposition-des-activites-de-plein-air\\\/\"},\"author\":{\"name\":\"Mondo Camping\",\"@id\":\"https:\\\/\\\/www.mondocamping.com\\\/#\\\/schema\\\/person\\\/01a031b8c5ef08c2204bb0e696f0a760\"},\"headline\":\"Open Outdoor Experiences 2025 : l&rsquo;exposition des activit\u00e9s de plein air\",\"datePublished\":\"2025-03-27T17:25:07+00:00\",\"dateModified\":\"2025-03-27T17:25:09+00:00\",\"mainEntityOfPage\":{\"@id\":\"https:\\\/\\\/www.mondocamping.com\\\/fr\\\/open-outdoor-experiences-2025-lexposition-des-activites-de-plein-air\\\/\"},\"wordCount\":477,\"publisher\":{\"@id\":\"https:\\\/\\\/www.mondocamping.com\\\/#organization\"},\"image\":{\"@id\":\"https:\\\/\\\/www.mondocamping.com\\\/fr\\\/open-outdoor-experiences-2025-lexposition-des-activites-de-plein-air\\\/#primaryimage\"},\"thumbnailUrl\":\"https:\\\/\\\/www.mondocamping.com\\\/wp-content\\\/uploads\\\/2025\\\/03\\\/Screenshot-2025-03-27-alle-18.03.43.png\",\"keywords\":[\"camping\",\"Ext\u00e9rieur\",\"Faita Federcamping\",\"FAITA Federcamping Campanie\",\"Mondo Camping\",\"Tourisme de plein air\",\"tourisme durable\"],\"articleSection\":[\"Actualit\u00e9\"],\"inLanguage\":\"fr-FR\"},{\"@type\":\"WebPage\",\"@id\":\"https:\\\/\\\/www.mondocamping.com\\\/fr\\\/open-outdoor-experiences-2025-lexposition-des-activites-de-plein-air\\\/\",\"url\":\"https:\\\/\\\/www.mondocamping.com\\\/fr\\\/open-outdoor-experiences-2025-lexposition-des-activites-de-plein-air\\\/\",\"name\":\"Open Outdoor Experiences 2025 : l'exposition des activit\u00e9s de plein air\",\"isPartOf\":{\"@id\":\"https:\\\/\\\/www.mondocamping.com\\\/#website\"},\"primaryImageOfPage\":{\"@id\":\"https:\\\/\\\/www.mondocamping.com\\\/fr\\\/open-outdoor-experiences-2025-lexposition-des-activites-de-plein-air\\\/#primaryimage\"},\"image\":{\"@id\":\"https:\\\/\\\/www.mondocamping.com\\\/fr\\\/open-outdoor-experiences-2025-lexposition-des-activites-de-plein-air\\\/#primaryimage\"},\"thumbnailUrl\":\"https:\\\/\\\/www.mondocamping.com\\\/wp-content\\\/uploads\\\/2025\\\/03\\\/Screenshot-2025-03-27-alle-18.03.43.png\",\"datePublished\":\"2025-03-27T17:25:07+00:00\",\"dateModified\":\"2025-03-27T17:25:09+00:00\",\"breadcrumb\":{\"@id\":\"https:\\\/\\\/www.mondocamping.com\\\/fr\\\/open-outdoor-experiences-2025-lexposition-des-activites-de-plein-air\\\/#breadcrumb\"},\"inLanguage\":\"fr-FR\",\"potentialAction\":[{\"@type\":\"ReadAction\",\"target\":[\"https:\\\/\\\/www.mondocamping.com\\\/fr\\\/open-outdoor-experiences-2025-lexposition-des-activites-de-plein-air\\\/\"]}]},{\"@type\":\"ImageObject\",\"inLanguage\":\"fr-FR\",\"@id\":\"https:\\\/\\\/www.mondocamping.com\\\/fr\\\/open-outdoor-experiences-2025-lexposition-des-activites-de-plein-air\\\/#primaryimage\",\"url\":\"https:\\\/\\\/www.mondocamping.com\\\/wp-content\\\/uploads\\\/2025\\\/03\\\/Screenshot-2025-03-27-alle-18.03.43.png\",\"contentUrl\":\"https:\\\/\\\/www.mondocamping.com\\\/wp-content\\\/uploads\\\/2025\\\/03\\\/Screenshot-2025-03-27-alle-18.03.43.png\",\"width\":1200,\"height\":628},{\"@type\":\"BreadcrumbList\",\"@id\":\"https:\\\/\\\/www.mondocamping.com\\\/fr\\\/open-outdoor-experiences-2025-lexposition-des-activites-de-plein-air\\\/#breadcrumb\",\"itemListElement\":[{\"@type\":\"ListItem\",\"position\":1,\"name\":\"Home\",\"item\":\"https:\\\/\\\/www.mondocamping.com\\\/fr\\\/\"},{\"@type\":\"ListItem\",\"position\":2,\"name\":\"Open Outdoor Experiences 2025 : l&rsquo;exposition des activit\u00e9s de plein air\"}]},{\"@type\":\"WebSite\",\"@id\":\"https:\\\/\\\/www.mondocamping.com\\\/#website\",\"url\":\"https:\\\/\\\/www.mondocamping.com\\\/\",\"name\":\"Mondo Camping\",\"description\":\"Le portail d\u00e9di\u00e9 aux gestionnaires de campings et villages touristiques\",\"publisher\":{\"@id\":\"https:\\\/\\\/www.mondocamping.com\\\/#organization\"},\"potentialAction\":[{\"@type\":\"SearchAction\",\"target\":{\"@type\":\"EntryPoint\",\"urlTemplate\":\"https:\\\/\\\/www.mondocamping.com\\\/?s={search_term_string}\"},\"query-input\":{\"@type\":\"PropertyValueSpecification\",\"valueRequired\":true,\"valueName\":\"search_term_string\"}}],\"inLanguage\":\"fr-FR\"},{\"@type\":\"Organization\",\"@id\":\"https:\\\/\\\/www.mondocamping.com\\\/#organization\",\"name\":\"Mondo Camping\",\"url\":\"https:\\\/\\\/www.mondocamping.com\\\/\",\"logo\":{\"@type\":\"ImageObject\",\"inLanguage\":\"fr-FR\",\"@id\":\"https:\\\/\\\/www.mondocamping.com\\\/#\\\/schema\\\/logo\\\/image\\\/\",\"url\":\"https:\\\/\\\/www.mondocamping.com\\\/wp-content\\\/uploads\\\/2022\\\/04\\\/mondo-camping-logo-contornato-1.png\",\"contentUrl\":\"https:\\\/\\\/www.mondocamping.com\\\/wp-content\\\/uploads\\\/2022\\\/04\\\/mondo-camping-logo-contornato-1.png\",\"width\":280,\"height\":90,\"caption\":\"Mondo Camping\"},\"image\":{\"@id\":\"https:\\\/\\\/www.mondocamping.com\\\/#\\\/schema\\\/logo\\\/image\\\/\"},\"sameAs\":[\"https:\\\/\\\/www.facebook.com\\\/mondobalneare\",\"https:\\\/\\\/x.com\\\/mondobalneare\",\"https:\\\/\\\/www.instagram.com\\\/mondobalneare\\\/\",\"https:\\\/\\\/www.linkedin.com\\\/company\\\/67180810\\\/\",\"https:\\\/\\\/www.youtube.com\\\/user\\\/mondobalnearevideo\"]},{\"@type\":\"Person\",\"@id\":\"https:\\\/\\\/www.mondocamping.com\\\/#\\\/schema\\\/person\\\/01a031b8c5ef08c2204bb0e696f0a760\",\"name\":\"Mondo Camping\",\"image\":{\"@type\":\"ImageObject\",\"inLanguage\":\"fr-FR\",\"@id\":\"https:\\\/\\\/www.mondocamping.com\\\/wp-content\\\/uploads\\\/2022\\\/05\\\/cropped-icona-MONDO-CAMPING-150x150.png\",\"url\":\"https:\\\/\\\/www.mondocamping.com\\\/wp-content\\\/uploads\\\/2022\\\/05\\\/cropped-icona-MONDO-CAMPING-150x150.png\",\"contentUrl\":\"https:\\\/\\\/www.mondocamping.com\\\/wp-content\\\/uploads\\\/2022\\\/05\\\/cropped-icona-MONDO-CAMPING-150x150.png\",\"caption\":\"Mondo Camping\"},\"sameAs\":[\"https:\\\/\\\/www.mondocamping.com\\\/\",\"https:\\\/\\\/www.facebook.com\\\/mondocamping\"]}]}<\/script>\n<!-- \/ Yoast SEO plugin. -->","yoast_head_json":{"title":"Open Outdoor Experiences 2025 : l'exposition des activit\u00e9s de plein air","robots":{"index":"index","follow":"follow","max-snippet":"max-snippet:-1","max-image-preview":"max-image-preview:large","max-video-preview":"max-video-preview:-1"},"canonical":"https:\/\/www.mondocamping.com\/fr\/open-outdoor-experiences-2025-lexposition-des-activites-de-plein-air\/","og_locale":"fr_FR","og_type":"article","og_title":"Open Outdoor Experiences 2025 : l'exposition des activit\u00e9s de plein air","og_description":"Le rideau s&rsquo;ouvre demain sur l&rsquo;expositionOpen Outdoor Experiences 2025 &#8211; Exposition d&rsquo;activit\u00e9s de plein airqui se tiendra dans les espaces de l&rsquo;ancienne fabrique de tabac NEXT \u00e0 Capaccio-Paestum, dans le cadre splendide de Paestum, l&rsquo;une des plus belles localit\u00e9s de la province de Salerne et du Cilento, un paradis pourles activit\u00e9s de plein air. Cette [&hellip;]","og_url":"https:\/\/www.mondocamping.com\/fr\/open-outdoor-experiences-2025-lexposition-des-activites-de-plein-air\/","og_site_name":"Mondo Camping","article_publisher":"https:\/\/www.facebook.com\/mondobalneare","article_author":"https:\/\/www.facebook.com\/mondocamping","article_published_time":"2025-03-27T17:25:07+00:00","article_modified_time":"2025-03-27T17:25:09+00:00","og_image":[{"width":1200,"height":628,"url":"https:\/\/www.mondocamping.com\/wp-content\/uploads\/2025\/03\/Screenshot-2025-03-27-alle-18.03.43.png","type":"image\/png"}],"author":"Mondo Camping","twitter_card":"summary_large_image","twitter_creator":"@mondobalneare","twitter_site":"@mondobalneare","twitter_misc":{"\u00c9crit par":"Mondo Camping","Dur\u00e9e de lecture estim\u00e9e":"2 minutes"},"schema":{"@context":"https:\/\/schema.org","@graph":[{"@type":"Article","@id":"https:\/\/www.mondocamping.com\/fr\/open-outdoor-experiences-2025-lexposition-des-activites-de-plein-air\/#article","isPartOf":{"@id":"https:\/\/www.mondocamping.com\/fr\/open-outdoor-experiences-2025-lexposition-des-activites-de-plein-air\/"},"author":{"name":"Mondo Camping","@id":"https:\/\/www.mondocamping.com\/#\/schema\/person\/01a031b8c5ef08c2204bb0e696f0a760"},"headline":"Open Outdoor Experiences 2025 : l&rsquo;exposition des activit\u00e9s de plein air","datePublished":"2025-03-27T17:25:07+00:00","dateModified":"2025-03-27T17:25:09+00:00","mainEntityOfPage":{"@id":"https:\/\/www.mondocamping.com\/fr\/open-outdoor-experiences-2025-lexposition-des-activites-de-plein-air\/"},"wordCount":477,"publisher":{"@id":"https:\/\/www.mondocamping.com\/#organization"},"image":{"@id":"https:\/\/www.mondocamping.com\/fr\/open-outdoor-experiences-2025-lexposition-des-activites-de-plein-air\/#primaryimage"},"thumbnailUrl":"https:\/\/www.mondocamping.com\/wp-content\/uploads\/2025\/03\/Screenshot-2025-03-27-alle-18.03.43.png","keywords":["camping","Ext\u00e9rieur","Faita Federcamping","FAITA Federcamping Campanie","Mondo Camping","Tourisme de plein air","tourisme durable"],"articleSection":["Actualit\u00e9"],"inLanguage":"fr-FR"},{"@type":"WebPage","@id":"https:\/\/www.mondocamping.com\/fr\/open-outdoor-experiences-2025-lexposition-des-activites-de-plein-air\/","url":"https:\/\/www.mondocamping.com\/fr\/open-outdoor-experiences-2025-lexposition-des-activites-de-plein-air\/","name":"Open Outdoor Experiences 2025 : l'exposition des activit\u00e9s de plein air","isPartOf":{"@id":"https:\/\/www.mondocamping.com\/#website"},"primaryImageOfPage":{"@id":"https:\/\/www.mondocamping.com\/fr\/open-outdoor-experiences-2025-lexposition-des-activites-de-plein-air\/#primaryimage"},"image":{"@id":"https:\/\/www.mondocamping.com\/fr\/open-outdoor-experiences-2025-lexposition-des-activites-de-plein-air\/#primaryimage"},"thumbnailUrl":"https:\/\/www.mondocamping.com\/wp-content\/uploads\/2025\/03\/Screenshot-2025-03-27-alle-18.03.43.png","datePublished":"2025-03-27T17:25:07+00:00","dateModified":"2025-03-27T17:25:09+00:00","breadcrumb":{"@id":"https:\/\/www.mondocamping.com\/fr\/open-outdoor-experiences-2025-lexposition-des-activites-de-plein-air\/#breadcrumb"},"inLanguage":"fr-FR","potentialAction":[{"@type":"ReadAction","target":["https:\/\/www.mondocamping.com\/fr\/open-outdoor-experiences-2025-lexposition-des-activites-de-plein-air\/"]}]},{"@type":"ImageObject","inLanguage":"fr-FR","@id":"https:\/\/www.mondocamping.com\/fr\/open-outdoor-experiences-2025-lexposition-des-activites-de-plein-air\/#primaryimage","url":"https:\/\/www.mondocamping.com\/wp-content\/uploads\/2025\/03\/Screenshot-2025-03-27-alle-18.03.43.png","contentUrl":"https:\/\/www.mondocamping.com\/wp-content\/uploads\/2025\/03\/Screenshot-2025-03-27-alle-18.03.43.png","width":1200,"height":628},{"@type":"BreadcrumbList","@id":"https:\/\/www.mondocamping.com\/fr\/open-outdoor-experiences-2025-lexposition-des-activites-de-plein-air\/#breadcrumb","itemListElement":[{"@type":"ListItem","position":1,"name":"Home","item":"https:\/\/www.mondocamping.com\/fr\/"},{"@type":"ListItem","position":2,"name":"Open Outdoor Experiences 2025 : l&rsquo;exposition des activit\u00e9s de plein air"}]},{"@type":"WebSite","@id":"https:\/\/www.mondocamping.com\/#website","url":"https:\/\/www.mondocamping.com\/","name":"Mondo Camping","description":"Le portail d\u00e9di\u00e9 aux gestionnaires de campings et villages touristiques","publisher":{"@id":"https:\/\/www.mondocamping.com\/#organization"},"potentialAction":[{"@type":"SearchAction","target":{"@type":"EntryPoint","urlTemplate":"https:\/\/www.mondocamping.com\/?s={search_term_string}"},"query-input":{"@type":"PropertyValueSpecification","valueRequired":true,"valueName":"search_term_string"}}],"inLanguage":"fr-FR"},{"@type":"Organization","@id":"https:\/\/www.mondocamping.com\/#organization","name":"Mondo Camping","url":"https:\/\/www.mondocamping.com\/","logo":{"@type":"ImageObject","inLanguage":"fr-FR","@id":"https:\/\/www.mondocamping.com\/#\/schema\/logo\/image\/","url":"https:\/\/www.mondocamping.com\/wp-content\/uploads\/2022\/04\/mondo-camping-logo-contornato-1.png","contentUrl":"https:\/\/www.mondocamping.com\/wp-content\/uploads\/2022\/04\/mondo-camping-logo-contornato-1.png","width":280,"height":90,"caption":"Mondo Camping"},"image":{"@id":"https:\/\/www.mondocamping.com\/#\/schema\/logo\/image\/"},"sameAs":["https:\/\/www.facebook.com\/mondobalneare","https:\/\/x.com\/mondobalneare","https:\/\/www.instagram.com\/mondobalneare\/","https:\/\/www.linkedin.com\/company\/67180810\/","https:\/\/www.youtube.com\/user\/mondobalnearevideo"]},{"@type":"Person","@id":"https:\/\/www.mondocamping.com\/#\/schema\/person\/01a031b8c5ef08c2204bb0e696f0a760","name":"Mondo Camping","image":{"@type":"ImageObject","inLanguage":"fr-FR","@id":"https:\/\/www.mondocamping.com\/wp-content\/uploads\/2022\/05\/cropped-icona-MONDO-CAMPING-150x150.png","url":"https:\/\/www.mondocamping.com\/wp-content\/uploads\/2022\/05\/cropped-icona-MONDO-CAMPING-150x150.png","contentUrl":"https:\/\/www.mondocamping.com\/wp-content\/uploads\/2022\/05\/cropped-icona-MONDO-CAMPING-150x150.png","caption":"Mondo Camping"},"sameAs":["https:\/\/www.mondocamping.com\/","https:\/\/www.facebook.com\/mondocamping"]}]}},"_links":{"self":[{"href":"https:\/\/www.mondocamping.com\/fr\/wp-json\/wp\/v2\/posts\/173538","targetHints":{"allow":["GET"]}}],"collection":[{"href":"https:\/\/www.mondocamping.com\/fr\/wp-json\/wp\/v2\/posts"}],"about":[{"href":"https:\/\/www.mondocamping.com\/fr\/wp-json\/wp\/v2\/types\/post"}],"author":[{"embeddable":true,"href":"https:\/\/www.mondocamping.com\/fr\/wp-json\/wp\/v2\/users\/5"}],"replies":[{"embeddable":true,"href":"https:\/\/www.mondocamping.com\/fr\/wp-json\/wp\/v2\/comments?post=173538"}],"version-history":[{"count":1,"href":"https:\/\/www.mondocamping.com\/fr\/wp-json\/wp\/v2\/posts\/173538\/revisions"}],"predecessor-version":[{"id":173539,"href":"https:\/\/www.mondocamping.com\/fr\/wp-json\/wp\/v2\/posts\/173538\/revisions\/173539"}],"wp:featuredmedia":[{"embeddable":true,"href":"https:\/\/www.mondocamping.com\/fr\/wp-json\/wp\/v2\/media\/173527"}],"wp:attachment":[{"href":"https:\/\/www.mondocamping.com\/fr\/wp-json\/wp\/v2\/media?parent=173538"}],"wp:term":[{"taxonomy":"category","embeddable":true,"href":"https:\/\/www.mondocamping.com\/fr\/wp-json\/wp\/v2\/categories?post=173538"},{"taxonomy":"post_tag","embeddable":true,"href":"https:\/\/www.mondocamping.com\/fr\/wp-json\/wp\/v2\/tags?post=173538"}],"curies":[{"name":"wp","href":"https:\/\/api.w.org\/{rel}","templated":true}]}}