{"id":173578,"date":"2025-03-31T09:06:51","date_gmt":"2025-03-31T07:06:51","guid":{"rendered":"https:\/\/www.mondocamping.com\/les-pouilles-debut-de-lappel-au-tourisme-de-plein-air\/"},"modified":"2025-03-31T09:06:52","modified_gmt":"2025-03-31T07:06:52","slug":"les-pouilles-debut-de-lappel-au-tourisme-de-plein-air","status":"publish","type":"post","link":"https:\/\/www.mondocamping.com\/fr\/les-pouilles-debut-de-lappel-au-tourisme-de-plein-air\/","title":{"rendered":"Les Pouilles, d\u00e9but de l&rsquo;appel au tourisme de plein air"},"content":{"rendered":"\n<p>A partir du jeudi 27 mars, l&rsquo;appel d&rsquo;offres r\u00e9gional d\u00e9di\u00e9 au <strong>tourisme de plein air<\/strong>, au soutien \u00e0 la construction et au r\u00e9am\u00e9nagement d&rsquo;aires \u00e9quip\u00e9es pour le repos et le rafra\u00eechissement, d&rsquo;aires pour mini-caravanes et de parkings le long des itin\u00e9raires naturels, paysagers et cyclistes, y compris les itin\u00e9raires des \u00ab\u00a0cammini\u00a0\u00bb (itin\u00e9raires de randonn\u00e9e) r\u00e9gionaux, est op\u00e9rationnel. Une incitation importante pour le secteur du tourisme de plein air dans les Pouilles et une opportunit\u00e9 pour le r\u00e9am\u00e9nagement de certaines zones du territoire. <\/p>\n\n<p><strong> 2 135 000 euros <\/strong>sont pr\u00e9vus pour renforcer le syst\u00e8me d&rsquo;infrastructure des itin\u00e9raires des Pouilles, en am\u00e9liorant l&rsquo;accessibilit\u00e9, la durabilit\u00e9 environnementale, la facilit\u00e9 d&rsquo;utilisation des attractions r\u00e9gionales et la viabilit\u00e9 des zones \u00e0 forte vocation touristique.  <\/p>\n\n<p>Le conseiller au tourisme de la r\u00e9gion des Pouilles, <strong>Gianfranco Lopane<\/strong>, d\u00e9clare : \u00a0\u00bb.<em>Cette intervention repr\u00e9sente une grande opportunit\u00e9 pour les municipalit\u00e9s des Pouilles : elle leur permet de renforcer leur accueil et d&rsquo;am\u00e9liorer les services le long des sentiers naturels, des itin\u00e9raires de randonn\u00e9e et des pistes cyclables. Travailler sur les infrastructures et les services li\u00e9s aux produits touristiques signifie \u00e9largir l&rsquo;offre et rendre les Pouilles encore plus attrayantes tout au long de l&rsquo;ann\u00e9e. <\/em>\u00ab\u00a0.  <\/p>\n\n<p>Il conclut : \u00ab\u00a0&#8230;<em>Nous voulons consolider le positionnement de notre r\u00e9gion en tant que destination de r\u00e9f\u00e9rence pour le tourisme d&rsquo;exp\u00e9rience et de plein air, tant au niveau national qu&rsquo;international. Les donn\u00e9es confirment la croissance constante de ce segment : rien que l&rsquo;ann\u00e9e derni\u00e8re, les accr\u00e9ditations des randonneurs ont augment\u00e9 de 48 %, avec d&rsquo;importantes retomb\u00e9es \u00e9conomiques sur les territoires travers\u00e9s. Avec cet appel de plus de 2,1 millions d&rsquo;euros, nous cr\u00e9ons les conditions pour que nos destinations interceptent de nouveaux flux et valorisent le paysage et le patrimoine culturel dont nous sommes les gardiens.  <\/em>\u00ab\u00a0.<\/p>\n\n<h2 class=\"wp-block-heading\">Qui peut participer \u00e0 l&rsquo;appel ?<\/h2>\n\n<p>L&rsquo;appel \u00e0 propositions est ouvert aux<strong> municipalit\u00e9s <\/strong>et aux <strong>unions de municipalit\u00e9s des Pouilles <\/strong>int\u00e9ress\u00e9es par les itin\u00e9raires naturels, paysagers et cyclotouristiques. Chaque commune ne peut pr\u00e9senter qu&rsquo;un seul projet pour un montant maximum de <strong>1 million d&rsquo;euros<\/strong> et un <strong>minimum de 250 000 euros<\/strong>, en <strong>cofinan\u00e7ant au moins 50 % de l&rsquo;investissement avec ses propres ressources<\/strong>. Dans tous les cas, la <strong>contribution r\u00e9gionale ne d\u00e9passera pas la somme de 500 000 euros.<\/strong>  <\/p>\n\n<p>La gestion op\u00e9rationnelle de l&rsquo;intervention est confi\u00e9e \u00e0 <strong>Asset<\/strong>, qui coordonnera les activit\u00e9s de s\u00e9lection et de suivi des projets.  <\/p>\n\n<p>Le d\u00e9lai de soumission des candidatures par les municipalit\u00e9s est fix\u00e9 \u00e0 <strong>60 jours <\/strong>\u00e0 compter de la publication de l&rsquo;appel \u00e0 candidatures dans le Bulletin officiel de la r\u00e9gion des Pouilles, le 27 mars 2025.  <\/p>\n","protected":false},"excerpt":{"rendered":"<p>A partir du jeudi 27 mars, l&rsquo;appel d&rsquo;offres r\u00e9gional d\u00e9di\u00e9 au tourisme de plein air, au soutien \u00e0 la construction et au r\u00e9am\u00e9nagement d&rsquo;aires \u00e9quip\u00e9es pour le repos et le rafra\u00eechissement, d&rsquo;aires pour mini-caravanes et de parkings le long des itin\u00e9raires naturels, paysagers et cyclistes, y compris les itin\u00e9raires des \u00ab\u00a0cammini\u00a0\u00bb (itin\u00e9raires de randonn\u00e9e) r\u00e9gionaux, [&hellip;]<\/p>\n","protected":false},"author":5,"featured_media":173567,"comment_status":"closed","ping_status":"closed","sticky":false,"template":"","format":"standard","meta":{"_acf_changed":false,"_monsterinsights_skip_tracking":false,"_monsterinsights_sitenote_active":false,"_monsterinsights_sitenote_note":"","_monsterinsights_sitenote_category":0,"footnotes":""},"categories":[4024],"tags":[6638,4629,7041,6851,3856,7044,4079],"class_list":["post-173578","post","type-post","status-publish","format-standard","has-post-thumbnail","hentry","category-actualite","tag-annonce","tag-durabilite","tag-gianfranco-lopane","tag-lair-libre","tag-mondo-camping","tag-pouilles","tag-tourisme-de-plein-air"],"acf":[],"yoast_head":"<!-- This site is optimized with the Yoast SEO plugin v27.5 - https:\/\/yoast.com\/product\/yoast-seo-wordpress\/ -->\n<title>Les Pouilles, d\u00e9but de l&#039;appel au tourisme de plein air<\/title>\n<meta name=\"robots\" content=\"index, follow, max-snippet:-1, max-image-preview:large, max-video-preview:-1\" \/>\n<link rel=\"canonical\" href=\"https:\/\/www.mondocamping.com\/fr\/les-pouilles-debut-de-lappel-au-tourisme-de-plein-air\/\" \/>\n<meta property=\"og:locale\" content=\"fr_FR\" \/>\n<meta property=\"og:type\" content=\"article\" \/>\n<meta property=\"og:title\" content=\"Les Pouilles, d\u00e9but de l&#039;appel au tourisme de plein air\" \/>\n<meta property=\"og:description\" content=\"A partir du jeudi 27 mars, l&rsquo;appel d&rsquo;offres r\u00e9gional d\u00e9di\u00e9 au tourisme de plein air, au soutien \u00e0 la construction et au r\u00e9am\u00e9nagement d&rsquo;aires \u00e9quip\u00e9es pour le repos et le rafra\u00eechissement, d&rsquo;aires pour mini-caravanes et de parkings le long des itin\u00e9raires naturels, paysagers et cyclistes, y compris les itin\u00e9raires des \u00ab\u00a0cammini\u00a0\u00bb (itin\u00e9raires de randonn\u00e9e) r\u00e9gionaux, [&hellip;]\" \/>\n<meta property=\"og:url\" content=\"https:\/\/www.mondocamping.com\/fr\/les-pouilles-debut-de-lappel-au-tourisme-de-plein-air\/\" \/>\n<meta property=\"og:site_name\" content=\"Mondo Camping\" \/>\n<meta property=\"article:publisher\" content=\"https:\/\/www.facebook.com\/mondobalneare\" \/>\n<meta property=\"article:author\" content=\"https:\/\/www.facebook.com\/mondocamping\" \/>\n<meta property=\"article:published_time\" content=\"2025-03-31T07:06:51+00:00\" \/>\n<meta property=\"article:modified_time\" content=\"2025-03-31T07:06:52+00:00\" \/>\n<meta property=\"og:image\" content=\"https:\/\/www.mondocamping.com\/wp-content\/uploads\/2025\/03\/reisetopia-T0H3DS-0BiA-unsplash-2.jpg\" \/>\n\t<meta property=\"og:image:width\" content=\"1200\" \/>\n\t<meta property=\"og:image:height\" content=\"628\" \/>\n\t<meta property=\"og:image:type\" content=\"image\/jpeg\" \/>\n<meta name=\"author\" content=\"Mondo Camping\" \/>\n<meta name=\"twitter:card\" content=\"summary_large_image\" \/>\n<meta name=\"twitter:creator\" content=\"@mondobalneare\" \/>\n<meta name=\"twitter:site\" content=\"@mondobalneare\" \/>\n<meta name=\"twitter:label1\" content=\"\u00c9crit par\" \/>\n\t<meta name=\"twitter:data1\" content=\"Mondo Camping\" \/>\n\t<meta name=\"twitter:label2\" content=\"Dur\u00e9e de lecture estim\u00e9e\" \/>\n\t<meta name=\"twitter:data2\" content=\"2 minutes\" \/>\n<script type=\"application\/ld+json\" class=\"yoast-schema-graph\">{\"@context\":\"https:\\\/\\\/schema.org\",\"@graph\":[{\"@type\":\"Article\",\"@id\":\"https:\\\/\\\/www.mondocamping.com\\\/fr\\\/les-pouilles-debut-de-lappel-au-tourisme-de-plein-air\\\/#article\",\"isPartOf\":{\"@id\":\"https:\\\/\\\/www.mondocamping.com\\\/fr\\\/les-pouilles-debut-de-lappel-au-tourisme-de-plein-air\\\/\"},\"author\":{\"name\":\"Mondo Camping\",\"@id\":\"https:\\\/\\\/www.mondocamping.com\\\/#\\\/schema\\\/person\\\/01a031b8c5ef08c2204bb0e696f0a760\"},\"headline\":\"Les Pouilles, d\u00e9but de l&rsquo;appel au tourisme de plein air\",\"datePublished\":\"2025-03-31T07:06:51+00:00\",\"dateModified\":\"2025-03-31T07:06:52+00:00\",\"mainEntityOfPage\":{\"@id\":\"https:\\\/\\\/www.mondocamping.com\\\/fr\\\/les-pouilles-debut-de-lappel-au-tourisme-de-plein-air\\\/\"},\"wordCount\":482,\"publisher\":{\"@id\":\"https:\\\/\\\/www.mondocamping.com\\\/#organization\"},\"image\":{\"@id\":\"https:\\\/\\\/www.mondocamping.com\\\/fr\\\/les-pouilles-debut-de-lappel-au-tourisme-de-plein-air\\\/#primaryimage\"},\"thumbnailUrl\":\"https:\\\/\\\/www.mondocamping.com\\\/wp-content\\\/uploads\\\/2025\\\/03\\\/reisetopia-T0H3DS-0BiA-unsplash-2.jpg\",\"keywords\":[\"annonce\",\"durabilit\u00e9\",\"Gianfranco Lopane\",\"l'air libre\",\"Mondo Camping\",\"Pouilles\",\"Tourisme de plein air\"],\"articleSection\":[\"Actualit\u00e9\"],\"inLanguage\":\"fr-FR\"},{\"@type\":\"WebPage\",\"@id\":\"https:\\\/\\\/www.mondocamping.com\\\/fr\\\/les-pouilles-debut-de-lappel-au-tourisme-de-plein-air\\\/\",\"url\":\"https:\\\/\\\/www.mondocamping.com\\\/fr\\\/les-pouilles-debut-de-lappel-au-tourisme-de-plein-air\\\/\",\"name\":\"Les Pouilles, d\u00e9but de l'appel au tourisme de plein air\",\"isPartOf\":{\"@id\":\"https:\\\/\\\/www.mondocamping.com\\\/#website\"},\"primaryImageOfPage\":{\"@id\":\"https:\\\/\\\/www.mondocamping.com\\\/fr\\\/les-pouilles-debut-de-lappel-au-tourisme-de-plein-air\\\/#primaryimage\"},\"image\":{\"@id\":\"https:\\\/\\\/www.mondocamping.com\\\/fr\\\/les-pouilles-debut-de-lappel-au-tourisme-de-plein-air\\\/#primaryimage\"},\"thumbnailUrl\":\"https:\\\/\\\/www.mondocamping.com\\\/wp-content\\\/uploads\\\/2025\\\/03\\\/reisetopia-T0H3DS-0BiA-unsplash-2.jpg\",\"datePublished\":\"2025-03-31T07:06:51+00:00\",\"dateModified\":\"2025-03-31T07:06:52+00:00\",\"breadcrumb\":{\"@id\":\"https:\\\/\\\/www.mondocamping.com\\\/fr\\\/les-pouilles-debut-de-lappel-au-tourisme-de-plein-air\\\/#breadcrumb\"},\"inLanguage\":\"fr-FR\",\"potentialAction\":[{\"@type\":\"ReadAction\",\"target\":[\"https:\\\/\\\/www.mondocamping.com\\\/fr\\\/les-pouilles-debut-de-lappel-au-tourisme-de-plein-air\\\/\"]}]},{\"@type\":\"ImageObject\",\"inLanguage\":\"fr-FR\",\"@id\":\"https:\\\/\\\/www.mondocamping.com\\\/fr\\\/les-pouilles-debut-de-lappel-au-tourisme-de-plein-air\\\/#primaryimage\",\"url\":\"https:\\\/\\\/www.mondocamping.com\\\/wp-content\\\/uploads\\\/2025\\\/03\\\/reisetopia-T0H3DS-0BiA-unsplash-2.jpg\",\"contentUrl\":\"https:\\\/\\\/www.mondocamping.com\\\/wp-content\\\/uploads\\\/2025\\\/03\\\/reisetopia-T0H3DS-0BiA-unsplash-2.jpg\",\"width\":1200,\"height\":628},{\"@type\":\"BreadcrumbList\",\"@id\":\"https:\\\/\\\/www.mondocamping.com\\\/fr\\\/les-pouilles-debut-de-lappel-au-tourisme-de-plein-air\\\/#breadcrumb\",\"itemListElement\":[{\"@type\":\"ListItem\",\"position\":1,\"name\":\"Home\",\"item\":\"https:\\\/\\\/www.mondocamping.com\\\/fr\\\/\"},{\"@type\":\"ListItem\",\"position\":2,\"name\":\"Les Pouilles, d\u00e9but de l&rsquo;appel au tourisme de plein air\"}]},{\"@type\":\"WebSite\",\"@id\":\"https:\\\/\\\/www.mondocamping.com\\\/#website\",\"url\":\"https:\\\/\\\/www.mondocamping.com\\\/\",\"name\":\"Mondo Camping\",\"description\":\"Le portail d\u00e9di\u00e9 aux gestionnaires de campings et villages touristiques\",\"publisher\":{\"@id\":\"https:\\\/\\\/www.mondocamping.com\\\/#organization\"},\"potentialAction\":[{\"@type\":\"SearchAction\",\"target\":{\"@type\":\"EntryPoint\",\"urlTemplate\":\"https:\\\/\\\/www.mondocamping.com\\\/?s={search_term_string}\"},\"query-input\":{\"@type\":\"PropertyValueSpecification\",\"valueRequired\":true,\"valueName\":\"search_term_string\"}}],\"inLanguage\":\"fr-FR\"},{\"@type\":\"Organization\",\"@id\":\"https:\\\/\\\/www.mondocamping.com\\\/#organization\",\"name\":\"Mondo Camping\",\"url\":\"https:\\\/\\\/www.mondocamping.com\\\/\",\"logo\":{\"@type\":\"ImageObject\",\"inLanguage\":\"fr-FR\",\"@id\":\"https:\\\/\\\/www.mondocamping.com\\\/#\\\/schema\\\/logo\\\/image\\\/\",\"url\":\"https:\\\/\\\/www.mondocamping.com\\\/wp-content\\\/uploads\\\/2022\\\/04\\\/mondo-camping-logo-contornato-1.png\",\"contentUrl\":\"https:\\\/\\\/www.mondocamping.com\\\/wp-content\\\/uploads\\\/2022\\\/04\\\/mondo-camping-logo-contornato-1.png\",\"width\":280,\"height\":90,\"caption\":\"Mondo Camping\"},\"image\":{\"@id\":\"https:\\\/\\\/www.mondocamping.com\\\/#\\\/schema\\\/logo\\\/image\\\/\"},\"sameAs\":[\"https:\\\/\\\/www.facebook.com\\\/mondobalneare\",\"https:\\\/\\\/x.com\\\/mondobalneare\",\"https:\\\/\\\/www.instagram.com\\\/mondobalneare\\\/\",\"https:\\\/\\\/www.linkedin.com\\\/company\\\/67180810\\\/\",\"https:\\\/\\\/www.youtube.com\\\/user\\\/mondobalnearevideo\"]},{\"@type\":\"Person\",\"@id\":\"https:\\\/\\\/www.mondocamping.com\\\/#\\\/schema\\\/person\\\/01a031b8c5ef08c2204bb0e696f0a760\",\"name\":\"Mondo Camping\",\"image\":{\"@type\":\"ImageObject\",\"inLanguage\":\"fr-FR\",\"@id\":\"https:\\\/\\\/www.mondocamping.com\\\/wp-content\\\/uploads\\\/2022\\\/05\\\/cropped-icona-MONDO-CAMPING-150x150.png\",\"url\":\"https:\\\/\\\/www.mondocamping.com\\\/wp-content\\\/uploads\\\/2022\\\/05\\\/cropped-icona-MONDO-CAMPING-150x150.png\",\"contentUrl\":\"https:\\\/\\\/www.mondocamping.com\\\/wp-content\\\/uploads\\\/2022\\\/05\\\/cropped-icona-MONDO-CAMPING-150x150.png\",\"caption\":\"Mondo Camping\"},\"sameAs\":[\"https:\\\/\\\/www.mondocamping.com\\\/\",\"https:\\\/\\\/www.facebook.com\\\/mondocamping\"]}]}<\/script>\n<!-- \/ Yoast SEO plugin. -->","yoast_head_json":{"title":"Les Pouilles, d\u00e9but de l'appel au tourisme de plein air","robots":{"index":"index","follow":"follow","max-snippet":"max-snippet:-1","max-image-preview":"max-image-preview:large","max-video-preview":"max-video-preview:-1"},"canonical":"https:\/\/www.mondocamping.com\/fr\/les-pouilles-debut-de-lappel-au-tourisme-de-plein-air\/","og_locale":"fr_FR","og_type":"article","og_title":"Les Pouilles, d\u00e9but de l'appel au tourisme de plein air","og_description":"A partir du jeudi 27 mars, l&rsquo;appel d&rsquo;offres r\u00e9gional d\u00e9di\u00e9 au tourisme de plein air, au soutien \u00e0 la construction et au r\u00e9am\u00e9nagement d&rsquo;aires \u00e9quip\u00e9es pour le repos et le rafra\u00eechissement, d&rsquo;aires pour mini-caravanes et de parkings le long des itin\u00e9raires naturels, paysagers et cyclistes, y compris les itin\u00e9raires des \u00ab\u00a0cammini\u00a0\u00bb (itin\u00e9raires de randonn\u00e9e) r\u00e9gionaux, [&hellip;]","og_url":"https:\/\/www.mondocamping.com\/fr\/les-pouilles-debut-de-lappel-au-tourisme-de-plein-air\/","og_site_name":"Mondo Camping","article_publisher":"https:\/\/www.facebook.com\/mondobalneare","article_author":"https:\/\/www.facebook.com\/mondocamping","article_published_time":"2025-03-31T07:06:51+00:00","article_modified_time":"2025-03-31T07:06:52+00:00","og_image":[{"width":1200,"height":628,"url":"https:\/\/www.mondocamping.com\/wp-content\/uploads\/2025\/03\/reisetopia-T0H3DS-0BiA-unsplash-2.jpg","type":"image\/jpeg"}],"author":"Mondo Camping","twitter_card":"summary_large_image","twitter_creator":"@mondobalneare","twitter_site":"@mondobalneare","twitter_misc":{"\u00c9crit par":"Mondo Camping","Dur\u00e9e de lecture estim\u00e9e":"2 minutes"},"schema":{"@context":"https:\/\/schema.org","@graph":[{"@type":"Article","@id":"https:\/\/www.mondocamping.com\/fr\/les-pouilles-debut-de-lappel-au-tourisme-de-plein-air\/#article","isPartOf":{"@id":"https:\/\/www.mondocamping.com\/fr\/les-pouilles-debut-de-lappel-au-tourisme-de-plein-air\/"},"author":{"name":"Mondo Camping","@id":"https:\/\/www.mondocamping.com\/#\/schema\/person\/01a031b8c5ef08c2204bb0e696f0a760"},"headline":"Les Pouilles, d\u00e9but de l&rsquo;appel au tourisme de plein air","datePublished":"2025-03-31T07:06:51+00:00","dateModified":"2025-03-31T07:06:52+00:00","mainEntityOfPage":{"@id":"https:\/\/www.mondocamping.com\/fr\/les-pouilles-debut-de-lappel-au-tourisme-de-plein-air\/"},"wordCount":482,"publisher":{"@id":"https:\/\/www.mondocamping.com\/#organization"},"image":{"@id":"https:\/\/www.mondocamping.com\/fr\/les-pouilles-debut-de-lappel-au-tourisme-de-plein-air\/#primaryimage"},"thumbnailUrl":"https:\/\/www.mondocamping.com\/wp-content\/uploads\/2025\/03\/reisetopia-T0H3DS-0BiA-unsplash-2.jpg","keywords":["annonce","durabilit\u00e9","Gianfranco Lopane","l'air libre","Mondo Camping","Pouilles","Tourisme de plein air"],"articleSection":["Actualit\u00e9"],"inLanguage":"fr-FR"},{"@type":"WebPage","@id":"https:\/\/www.mondocamping.com\/fr\/les-pouilles-debut-de-lappel-au-tourisme-de-plein-air\/","url":"https:\/\/www.mondocamping.com\/fr\/les-pouilles-debut-de-lappel-au-tourisme-de-plein-air\/","name":"Les Pouilles, d\u00e9but de l'appel au tourisme de plein air","isPartOf":{"@id":"https:\/\/www.mondocamping.com\/#website"},"primaryImageOfPage":{"@id":"https:\/\/www.mondocamping.com\/fr\/les-pouilles-debut-de-lappel-au-tourisme-de-plein-air\/#primaryimage"},"image":{"@id":"https:\/\/www.mondocamping.com\/fr\/les-pouilles-debut-de-lappel-au-tourisme-de-plein-air\/#primaryimage"},"thumbnailUrl":"https:\/\/www.mondocamping.com\/wp-content\/uploads\/2025\/03\/reisetopia-T0H3DS-0BiA-unsplash-2.jpg","datePublished":"2025-03-31T07:06:51+00:00","dateModified":"2025-03-31T07:06:52+00:00","breadcrumb":{"@id":"https:\/\/www.mondocamping.com\/fr\/les-pouilles-debut-de-lappel-au-tourisme-de-plein-air\/#breadcrumb"},"inLanguage":"fr-FR","potentialAction":[{"@type":"ReadAction","target":["https:\/\/www.mondocamping.com\/fr\/les-pouilles-debut-de-lappel-au-tourisme-de-plein-air\/"]}]},{"@type":"ImageObject","inLanguage":"fr-FR","@id":"https:\/\/www.mondocamping.com\/fr\/les-pouilles-debut-de-lappel-au-tourisme-de-plein-air\/#primaryimage","url":"https:\/\/www.mondocamping.com\/wp-content\/uploads\/2025\/03\/reisetopia-T0H3DS-0BiA-unsplash-2.jpg","contentUrl":"https:\/\/www.mondocamping.com\/wp-content\/uploads\/2025\/03\/reisetopia-T0H3DS-0BiA-unsplash-2.jpg","width":1200,"height":628},{"@type":"BreadcrumbList","@id":"https:\/\/www.mondocamping.com\/fr\/les-pouilles-debut-de-lappel-au-tourisme-de-plein-air\/#breadcrumb","itemListElement":[{"@type":"ListItem","position":1,"name":"Home","item":"https:\/\/www.mondocamping.com\/fr\/"},{"@type":"ListItem","position":2,"name":"Les Pouilles, d\u00e9but de l&rsquo;appel au tourisme de plein air"}]},{"@type":"WebSite","@id":"https:\/\/www.mondocamping.com\/#website","url":"https:\/\/www.mondocamping.com\/","name":"Mondo Camping","description":"Le portail d\u00e9di\u00e9 aux gestionnaires de campings et villages touristiques","publisher":{"@id":"https:\/\/www.mondocamping.com\/#organization"},"potentialAction":[{"@type":"SearchAction","target":{"@type":"EntryPoint","urlTemplate":"https:\/\/www.mondocamping.com\/?s={search_term_string}"},"query-input":{"@type":"PropertyValueSpecification","valueRequired":true,"valueName":"search_term_string"}}],"inLanguage":"fr-FR"},{"@type":"Organization","@id":"https:\/\/www.mondocamping.com\/#organization","name":"Mondo Camping","url":"https:\/\/www.mondocamping.com\/","logo":{"@type":"ImageObject","inLanguage":"fr-FR","@id":"https:\/\/www.mondocamping.com\/#\/schema\/logo\/image\/","url":"https:\/\/www.mondocamping.com\/wp-content\/uploads\/2022\/04\/mondo-camping-logo-contornato-1.png","contentUrl":"https:\/\/www.mondocamping.com\/wp-content\/uploads\/2022\/04\/mondo-camping-logo-contornato-1.png","width":280,"height":90,"caption":"Mondo Camping"},"image":{"@id":"https:\/\/www.mondocamping.com\/#\/schema\/logo\/image\/"},"sameAs":["https:\/\/www.facebook.com\/mondobalneare","https:\/\/x.com\/mondobalneare","https:\/\/www.instagram.com\/mondobalneare\/","https:\/\/www.linkedin.com\/company\/67180810\/","https:\/\/www.youtube.com\/user\/mondobalnearevideo"]},{"@type":"Person","@id":"https:\/\/www.mondocamping.com\/#\/schema\/person\/01a031b8c5ef08c2204bb0e696f0a760","name":"Mondo Camping","image":{"@type":"ImageObject","inLanguage":"fr-FR","@id":"https:\/\/www.mondocamping.com\/wp-content\/uploads\/2022\/05\/cropped-icona-MONDO-CAMPING-150x150.png","url":"https:\/\/www.mondocamping.com\/wp-content\/uploads\/2022\/05\/cropped-icona-MONDO-CAMPING-150x150.png","contentUrl":"https:\/\/www.mondocamping.com\/wp-content\/uploads\/2022\/05\/cropped-icona-MONDO-CAMPING-150x150.png","caption":"Mondo Camping"},"sameAs":["https:\/\/www.mondocamping.com\/","https:\/\/www.facebook.com\/mondocamping"]}]}},"_links":{"self":[{"href":"https:\/\/www.mondocamping.com\/fr\/wp-json\/wp\/v2\/posts\/173578","targetHints":{"allow":["GET"]}}],"collection":[{"href":"https:\/\/www.mondocamping.com\/fr\/wp-json\/wp\/v2\/posts"}],"about":[{"href":"https:\/\/www.mondocamping.com\/fr\/wp-json\/wp\/v2\/types\/post"}],"author":[{"embeddable":true,"href":"https:\/\/www.mondocamping.com\/fr\/wp-json\/wp\/v2\/users\/5"}],"replies":[{"embeddable":true,"href":"https:\/\/www.mondocamping.com\/fr\/wp-json\/wp\/v2\/comments?post=173578"}],"version-history":[{"count":1,"href":"https:\/\/www.mondocamping.com\/fr\/wp-json\/wp\/v2\/posts\/173578\/revisions"}],"predecessor-version":[{"id":173579,"href":"https:\/\/www.mondocamping.com\/fr\/wp-json\/wp\/v2\/posts\/173578\/revisions\/173579"}],"wp:featuredmedia":[{"embeddable":true,"href":"https:\/\/www.mondocamping.com\/fr\/wp-json\/wp\/v2\/media\/173567"}],"wp:attachment":[{"href":"https:\/\/www.mondocamping.com\/fr\/wp-json\/wp\/v2\/media?parent=173578"}],"wp:term":[{"taxonomy":"category","embeddable":true,"href":"https:\/\/www.mondocamping.com\/fr\/wp-json\/wp\/v2\/categories?post=173578"},{"taxonomy":"post_tag","embeddable":true,"href":"https:\/\/www.mondocamping.com\/fr\/wp-json\/wp\/v2\/tags?post=173578"}],"curies":[{"name":"wp","href":"https:\/\/api.w.org\/{rel}","templated":true}]}}