{"id":173592,"date":"2025-03-31T10:00:41","date_gmt":"2025-03-31T08:00:41","guid":{"rendered":"https:\/\/www.mondocamping.com\/crippaconcept-a-la-semaine-du-design-de-milan-2025-le-design-rencontre-le-monde-en-plein-air\/"},"modified":"2025-04-01T08:30:07","modified_gmt":"2025-04-01T06:30:07","slug":"crippaconcept-a-la-semaine-du-design-de-milan-2025-le-design-rencontre-le-monde-en-plein-air","status":"publish","type":"post","link":"https:\/\/www.mondocamping.com\/fr\/crippaconcept-a-la-semaine-du-design-de-milan-2025-le-design-rencontre-le-monde-en-plein-air\/","title":{"rendered":"Crippaconcept \u00e0 la Semaine du design de Milan 2025 : le design rencontre le monde en plein air"},"content":{"rendered":"\n<p><br \/>\u00ab\u00a0<em>Nouveaux horizons. Nouvelles exp\u00e9riences. Une nouvelle fa\u00e7on d&rsquo;accueillir  <\/em>. <strong><em>Crippaconcept<\/em><\/strong> imagine ainsi le futur du tourisme en plein air, et \u00e0 l&rsquo;occasion de la<strong> Milan Design Week 2025<\/strong>,<strong> <\/strong>d\u00e9voile en avant-premi\u00e8re<strong> <\/strong>le <strong>mod\u00e8le de mobil-home Cortina <\/strong>.  <\/p>\n\n<p>Il s&rsquo;agit d&rsquo;une architecture innovante, con\u00e7ue pour s&rsquo;adapter aux nouveaux sc\u00e9narios du tourisme, de l&rsquo;hospitalit\u00e9 et de l&rsquo;exp\u00e9rientiel. Une architecture mobile, flexible et durable, con\u00e7ue pour \u00e9voluer, un design capable d&rsquo;esquisser une nouvelle fa\u00e7on de vivre l&rsquo;hospitalit\u00e9. <\/p>\n\n<p>\u00ab\u00a0<strong><em><a href=\"https:\/\/mdw25.crippaconceptevent.com\" target=\"_blank\" rel=\"noreferrer noopener\">Dans le futur de l&rsquo;hospitalit\u00e9<\/a><\/em><\/strong>\u00ab\u00a0est l&rsquo;\u00e9v\u00e9nement officiel de Crippaconcept \u00e0 la Semaine du Design de Milan 2025 : rendez-vous au<strong>Mus\u00e9e du Design ADI<\/strong>, sur la Piazza del Compasso d&rsquo;Oro 1, le <strong>7 avril 2025 de 10h30 \u00e0 17h30.<\/strong> L&rsquo;attente est grande pour une journ\u00e9e de rencontres et d&rsquo;inspiration, un programme riche qui explorera comment le design mobile transforme la fa\u00e7on dont nous voyageons, vivons <em>en plein air<\/em> et nous connectons avec le monde. <\/p>\n\n<p><strong>Alberto Granzotto, pr\u00e9sident de FAITA Federcamping<\/strong>, participera \u00e9galement \u00e0 l&rsquo;\u00e9v\u00e9nement et interviendra lors de la conf\u00e9rence<em>\u00ab\u00a0Open Air Design Vision<\/em>,<em> comment la conception modulaire et l&rsquo;architecture mobile red\u00e9finissent le concept d&rsquo;hospitalit\u00e9\u00a0\u00bb,<\/em> pr\u00e9vue \u00e0 14h30.  <\/p>\n\n<h2 class=\"wp-block-heading\">Le programme \u00ab\u00a0Into the Future of Hospitality\u00a0\u00bb (Vers l&rsquo;avenir de l&rsquo;h\u00f4tellerie et de la restauration)  <\/h2>\n\n<p><strong>10:30 &#8211; 11:45 <\/strong>|<strong> Le village olympique et paralympique de Cortina d&rsquo;Ampezzo<\/strong>: discours d&rsquo;ouverture.<\/p>\n\n<p><strong>12:00 &#8211; 12:30<\/strong> | L <strong>&lsquo;architecture temporaire change les villes :<\/strong> h\u00e9ritage, r\u00e9utilisation et nouveaux mod\u00e8les de logement. Du pass\u00e9 au futur : comment les infrastructures temporaires transforment les territoires. <\/p>\n\n<p><strong>12:30<\/strong> |<strong> Brunch &amp; Show Cooking<\/strong> * &#8211; le go\u00fbt de l&rsquo;innovation, \u00e0 savourer ensemble.<\/p>\n\n<p>*Moment<em>d\u00e9di\u00e9 aux partenaires et invit\u00e9s &#8211; acc\u00e8s sur invitation, d\u00e9tails sur l&rsquo;accr\u00e9ditation<\/em>.<\/p>\n\n<p><strong>14:30 | Open Air Design Vision<\/strong>: comment la conception modulaire et l&rsquo;architecture mobile red\u00e9finissent le concept d&rsquo;hospitalit\u00e9.<\/p>\n\n<p><strong>16:00 | Rencontre et accueil<\/strong><\/p>\n\n<p>Pour participer \u00e0 l&rsquo;\u00e9v\u00e9nement :<\/p>\n\n<div class=\"wp-block-buttons is-layout-flex wp-block-buttons-is-layout-flex\">\n<div class=\"wp-block-button\"><a class=\"wp-block-button__link wp-element-button\" href=\"https:\/\/mdw25.crippaconceptevent.com\/contatti-2025\/\" target=\"_blank\" rel=\"noreferrer noopener\">cliquez ici<\/a><\/div>\n<\/div>\n\n<p><\/p>\n","protected":false},"excerpt":{"rendered":"<p>\u00ab\u00a0Nouveaux horizons. Nouvelles exp\u00e9riences. Une nouvelle fa\u00e7on d&rsquo;accueillir . Crippaconcept imagine ainsi le futur du tourisme en plein air, et \u00e0 l&rsquo;occasion de la Milan Design Week 2025, d\u00e9voile en avant-premi\u00e8re le mod\u00e8le de mobil-home Cortina . Il s&rsquo;agit d&rsquo;une architecture innovante, con\u00e7ue pour s&rsquo;adapter aux nouveaux sc\u00e9narios du tourisme, de l&rsquo;hospitalit\u00e9 et de l&rsquo;exp\u00e9rientiel. [&hellip;]<\/p>\n","protected":false},"author":5,"featured_media":173583,"comment_status":"closed","ping_status":"closed","sticky":false,"template":"","format":"standard","meta":{"_acf_changed":false,"_monsterinsights_skip_tracking":false,"_monsterinsights_sitenote_active":false,"_monsterinsights_sitenote_note":"","_monsterinsights_sitenote_category":0,"footnotes":""},"categories":[4024],"tags":[2603,3753,6710,4520,6557,4629,1761,6851,4793,3856,4079],"class_list":["post-173592","post","type-post","status-publish","format-standard","has-post-thumbnail","hentry","category-actualite","tag-alberto-granzotto","tag-camping","tag-conception","tag-crippaconcept","tag-design","tag-durabilite","tag-faita-federcamping","tag-lair-libre","tag-milan-design-week","tag-mondo-camping","tag-tourisme-de-plein-air"],"acf":[],"yoast_head":"<!-- This site is optimized with the Yoast SEO plugin v27.5 - https:\/\/yoast.com\/product\/yoast-seo-wordpress\/ -->\n<title>Crippaconcept \u00e0 la Semaine du design de Milan 2025 : le design rencontre le monde en plein air<\/title>\n<meta name=\"robots\" content=\"index, follow, max-snippet:-1, max-image-preview:large, max-video-preview:-1\" \/>\n<link rel=\"canonical\" href=\"https:\/\/www.mondocamping.com\/fr\/crippaconcept-a-la-semaine-du-design-de-milan-2025-le-design-rencontre-le-monde-en-plein-air\/\" \/>\n<meta property=\"og:locale\" content=\"fr_FR\" \/>\n<meta property=\"og:type\" content=\"article\" \/>\n<meta property=\"og:title\" content=\"Crippaconcept \u00e0 la Semaine du design de Milan 2025 : le design rencontre le monde en plein air\" \/>\n<meta property=\"og:description\" content=\"\u00ab\u00a0Nouveaux horizons. Nouvelles exp\u00e9riences. Une nouvelle fa\u00e7on d&rsquo;accueillir . Crippaconcept imagine ainsi le futur du tourisme en plein air, et \u00e0 l&rsquo;occasion de la Milan Design Week 2025, d\u00e9voile en avant-premi\u00e8re le mod\u00e8le de mobil-home Cortina . Il s&rsquo;agit d&rsquo;une architecture innovante, con\u00e7ue pour s&rsquo;adapter aux nouveaux sc\u00e9narios du tourisme, de l&rsquo;hospitalit\u00e9 et de l&rsquo;exp\u00e9rientiel. [&hellip;]\" \/>\n<meta property=\"og:url\" content=\"https:\/\/www.mondocamping.com\/fr\/crippaconcept-a-la-semaine-du-design-de-milan-2025-le-design-rencontre-le-monde-en-plein-air\/\" \/>\n<meta property=\"og:site_name\" content=\"Mondo Camping\" \/>\n<meta property=\"article:publisher\" content=\"https:\/\/www.facebook.com\/mondobalneare\" \/>\n<meta property=\"article:author\" content=\"https:\/\/www.facebook.com\/mondocamping\" \/>\n<meta property=\"article:published_time\" content=\"2025-03-31T08:00:41+00:00\" \/>\n<meta property=\"article:modified_time\" content=\"2025-04-01T06:30:07+00:00\" \/>\n<meta property=\"og:image\" content=\"https:\/\/www.mondocamping.com\/wp-content\/uploads\/2025\/03\/Screenshot-2025-03-31-alle-09.47.13.png\" \/>\n\t<meta property=\"og:image:width\" content=\"1200\" \/>\n\t<meta property=\"og:image:height\" content=\"628\" \/>\n\t<meta property=\"og:image:type\" content=\"image\/png\" \/>\n<meta name=\"author\" content=\"Mondo Camping\" \/>\n<meta name=\"twitter:card\" content=\"summary_large_image\" \/>\n<meta name=\"twitter:creator\" content=\"@mondobalneare\" \/>\n<meta name=\"twitter:site\" content=\"@mondobalneare\" \/>\n<meta name=\"twitter:label1\" content=\"\u00c9crit par\" \/>\n\t<meta name=\"twitter:data1\" content=\"Mondo Camping\" \/>\n\t<meta name=\"twitter:label2\" content=\"Dur\u00e9e de lecture estim\u00e9e\" \/>\n\t<meta name=\"twitter:data2\" content=\"2 minutes\" \/>\n<script type=\"application\/ld+json\" class=\"yoast-schema-graph\">{\"@context\":\"https:\\\/\\\/schema.org\",\"@graph\":[{\"@type\":\"Article\",\"@id\":\"https:\\\/\\\/www.mondocamping.com\\\/fr\\\/crippaconcept-a-la-semaine-du-design-de-milan-2025-le-design-rencontre-le-monde-en-plein-air\\\/#article\",\"isPartOf\":{\"@id\":\"https:\\\/\\\/www.mondocamping.com\\\/fr\\\/crippaconcept-a-la-semaine-du-design-de-milan-2025-le-design-rencontre-le-monde-en-plein-air\\\/\"},\"author\":{\"name\":\"Mondo Camping\",\"@id\":\"https:\\\/\\\/www.mondocamping.com\\\/#\\\/schema\\\/person\\\/01a031b8c5ef08c2204bb0e696f0a760\"},\"headline\":\"Crippaconcept \u00e0 la Semaine du design de Milan 2025 : le design rencontre le monde en plein air\",\"datePublished\":\"2025-03-31T08:00:41+00:00\",\"dateModified\":\"2025-04-01T06:30:07+00:00\",\"mainEntityOfPage\":{\"@id\":\"https:\\\/\\\/www.mondocamping.com\\\/fr\\\/crippaconcept-a-la-semaine-du-design-de-milan-2025-le-design-rencontre-le-monde-en-plein-air\\\/\"},\"wordCount\":338,\"publisher\":{\"@id\":\"https:\\\/\\\/www.mondocamping.com\\\/#organization\"},\"image\":{\"@id\":\"https:\\\/\\\/www.mondocamping.com\\\/fr\\\/crippaconcept-a-la-semaine-du-design-de-milan-2025-le-design-rencontre-le-monde-en-plein-air\\\/#primaryimage\"},\"thumbnailUrl\":\"https:\\\/\\\/www.mondocamping.com\\\/wp-content\\\/uploads\\\/2025\\\/03\\\/Screenshot-2025-03-31-alle-09.47.13.png\",\"keywords\":[\"Alberto Granzotto\",\"camping\",\"conception\",\"Crippaconcept\",\"design\",\"durabilit\u00e9\",\"Faita Federcamping\",\"l'air libre\",\"Milan Design Week\",\"Mondo Camping\",\"Tourisme de plein air\"],\"articleSection\":[\"Actualit\u00e9\"],\"inLanguage\":\"fr-FR\"},{\"@type\":\"WebPage\",\"@id\":\"https:\\\/\\\/www.mondocamping.com\\\/fr\\\/crippaconcept-a-la-semaine-du-design-de-milan-2025-le-design-rencontre-le-monde-en-plein-air\\\/\",\"url\":\"https:\\\/\\\/www.mondocamping.com\\\/fr\\\/crippaconcept-a-la-semaine-du-design-de-milan-2025-le-design-rencontre-le-monde-en-plein-air\\\/\",\"name\":\"Crippaconcept \u00e0 la Semaine du design de Milan 2025 : le design rencontre le monde en plein air\",\"isPartOf\":{\"@id\":\"https:\\\/\\\/www.mondocamping.com\\\/#website\"},\"primaryImageOfPage\":{\"@id\":\"https:\\\/\\\/www.mondocamping.com\\\/fr\\\/crippaconcept-a-la-semaine-du-design-de-milan-2025-le-design-rencontre-le-monde-en-plein-air\\\/#primaryimage\"},\"image\":{\"@id\":\"https:\\\/\\\/www.mondocamping.com\\\/fr\\\/crippaconcept-a-la-semaine-du-design-de-milan-2025-le-design-rencontre-le-monde-en-plein-air\\\/#primaryimage\"},\"thumbnailUrl\":\"https:\\\/\\\/www.mondocamping.com\\\/wp-content\\\/uploads\\\/2025\\\/03\\\/Screenshot-2025-03-31-alle-09.47.13.png\",\"datePublished\":\"2025-03-31T08:00:41+00:00\",\"dateModified\":\"2025-04-01T06:30:07+00:00\",\"breadcrumb\":{\"@id\":\"https:\\\/\\\/www.mondocamping.com\\\/fr\\\/crippaconcept-a-la-semaine-du-design-de-milan-2025-le-design-rencontre-le-monde-en-plein-air\\\/#breadcrumb\"},\"inLanguage\":\"fr-FR\",\"potentialAction\":[{\"@type\":\"ReadAction\",\"target\":[\"https:\\\/\\\/www.mondocamping.com\\\/fr\\\/crippaconcept-a-la-semaine-du-design-de-milan-2025-le-design-rencontre-le-monde-en-plein-air\\\/\"]}]},{\"@type\":\"ImageObject\",\"inLanguage\":\"fr-FR\",\"@id\":\"https:\\\/\\\/www.mondocamping.com\\\/fr\\\/crippaconcept-a-la-semaine-du-design-de-milan-2025-le-design-rencontre-le-monde-en-plein-air\\\/#primaryimage\",\"url\":\"https:\\\/\\\/www.mondocamping.com\\\/wp-content\\\/uploads\\\/2025\\\/03\\\/Screenshot-2025-03-31-alle-09.47.13.png\",\"contentUrl\":\"https:\\\/\\\/www.mondocamping.com\\\/wp-content\\\/uploads\\\/2025\\\/03\\\/Screenshot-2025-03-31-alle-09.47.13.png\",\"width\":1200,\"height\":628},{\"@type\":\"BreadcrumbList\",\"@id\":\"https:\\\/\\\/www.mondocamping.com\\\/fr\\\/crippaconcept-a-la-semaine-du-design-de-milan-2025-le-design-rencontre-le-monde-en-plein-air\\\/#breadcrumb\",\"itemListElement\":[{\"@type\":\"ListItem\",\"position\":1,\"name\":\"Home\",\"item\":\"https:\\\/\\\/www.mondocamping.com\\\/fr\\\/\"},{\"@type\":\"ListItem\",\"position\":2,\"name\":\"Crippaconcept \u00e0 la Semaine du design de Milan 2025 : le design rencontre le monde en plein air\"}]},{\"@type\":\"WebSite\",\"@id\":\"https:\\\/\\\/www.mondocamping.com\\\/#website\",\"url\":\"https:\\\/\\\/www.mondocamping.com\\\/\",\"name\":\"Mondo Camping\",\"description\":\"Le portail d\u00e9di\u00e9 aux gestionnaires de campings et villages touristiques\",\"publisher\":{\"@id\":\"https:\\\/\\\/www.mondocamping.com\\\/#organization\"},\"potentialAction\":[{\"@type\":\"SearchAction\",\"target\":{\"@type\":\"EntryPoint\",\"urlTemplate\":\"https:\\\/\\\/www.mondocamping.com\\\/?s={search_term_string}\"},\"query-input\":{\"@type\":\"PropertyValueSpecification\",\"valueRequired\":true,\"valueName\":\"search_term_string\"}}],\"inLanguage\":\"fr-FR\"},{\"@type\":\"Organization\",\"@id\":\"https:\\\/\\\/www.mondocamping.com\\\/#organization\",\"name\":\"Mondo Camping\",\"url\":\"https:\\\/\\\/www.mondocamping.com\\\/\",\"logo\":{\"@type\":\"ImageObject\",\"inLanguage\":\"fr-FR\",\"@id\":\"https:\\\/\\\/www.mondocamping.com\\\/#\\\/schema\\\/logo\\\/image\\\/\",\"url\":\"https:\\\/\\\/www.mondocamping.com\\\/wp-content\\\/uploads\\\/2022\\\/04\\\/mondo-camping-logo-contornato-1.png\",\"contentUrl\":\"https:\\\/\\\/www.mondocamping.com\\\/wp-content\\\/uploads\\\/2022\\\/04\\\/mondo-camping-logo-contornato-1.png\",\"width\":280,\"height\":90,\"caption\":\"Mondo Camping\"},\"image\":{\"@id\":\"https:\\\/\\\/www.mondocamping.com\\\/#\\\/schema\\\/logo\\\/image\\\/\"},\"sameAs\":[\"https:\\\/\\\/www.facebook.com\\\/mondobalneare\",\"https:\\\/\\\/x.com\\\/mondobalneare\",\"https:\\\/\\\/www.instagram.com\\\/mondobalneare\\\/\",\"https:\\\/\\\/www.linkedin.com\\\/company\\\/67180810\\\/\",\"https:\\\/\\\/www.youtube.com\\\/user\\\/mondobalnearevideo\"]},{\"@type\":\"Person\",\"@id\":\"https:\\\/\\\/www.mondocamping.com\\\/#\\\/schema\\\/person\\\/01a031b8c5ef08c2204bb0e696f0a760\",\"name\":\"Mondo Camping\",\"image\":{\"@type\":\"ImageObject\",\"inLanguage\":\"fr-FR\",\"@id\":\"https:\\\/\\\/www.mondocamping.com\\\/wp-content\\\/uploads\\\/2022\\\/05\\\/cropped-icona-MONDO-CAMPING-150x150.png\",\"url\":\"https:\\\/\\\/www.mondocamping.com\\\/wp-content\\\/uploads\\\/2022\\\/05\\\/cropped-icona-MONDO-CAMPING-150x150.png\",\"contentUrl\":\"https:\\\/\\\/www.mondocamping.com\\\/wp-content\\\/uploads\\\/2022\\\/05\\\/cropped-icona-MONDO-CAMPING-150x150.png\",\"caption\":\"Mondo Camping\"},\"sameAs\":[\"https:\\\/\\\/www.mondocamping.com\\\/\",\"https:\\\/\\\/www.facebook.com\\\/mondocamping\"]}]}<\/script>\n<!-- \/ Yoast SEO plugin. -->","yoast_head_json":{"title":"Crippaconcept \u00e0 la Semaine du design de Milan 2025 : le design rencontre le monde en plein air","robots":{"index":"index","follow":"follow","max-snippet":"max-snippet:-1","max-image-preview":"max-image-preview:large","max-video-preview":"max-video-preview:-1"},"canonical":"https:\/\/www.mondocamping.com\/fr\/crippaconcept-a-la-semaine-du-design-de-milan-2025-le-design-rencontre-le-monde-en-plein-air\/","og_locale":"fr_FR","og_type":"article","og_title":"Crippaconcept \u00e0 la Semaine du design de Milan 2025 : le design rencontre le monde en plein air","og_description":"\u00ab\u00a0Nouveaux horizons. Nouvelles exp\u00e9riences. Une nouvelle fa\u00e7on d&rsquo;accueillir . Crippaconcept imagine ainsi le futur du tourisme en plein air, et \u00e0 l&rsquo;occasion de la Milan Design Week 2025, d\u00e9voile en avant-premi\u00e8re le mod\u00e8le de mobil-home Cortina . Il s&rsquo;agit d&rsquo;une architecture innovante, con\u00e7ue pour s&rsquo;adapter aux nouveaux sc\u00e9narios du tourisme, de l&rsquo;hospitalit\u00e9 et de l&rsquo;exp\u00e9rientiel. [&hellip;]","og_url":"https:\/\/www.mondocamping.com\/fr\/crippaconcept-a-la-semaine-du-design-de-milan-2025-le-design-rencontre-le-monde-en-plein-air\/","og_site_name":"Mondo Camping","article_publisher":"https:\/\/www.facebook.com\/mondobalneare","article_author":"https:\/\/www.facebook.com\/mondocamping","article_published_time":"2025-03-31T08:00:41+00:00","article_modified_time":"2025-04-01T06:30:07+00:00","og_image":[{"width":1200,"height":628,"url":"https:\/\/www.mondocamping.com\/wp-content\/uploads\/2025\/03\/Screenshot-2025-03-31-alle-09.47.13.png","type":"image\/png"}],"author":"Mondo Camping","twitter_card":"summary_large_image","twitter_creator":"@mondobalneare","twitter_site":"@mondobalneare","twitter_misc":{"\u00c9crit par":"Mondo Camping","Dur\u00e9e de lecture estim\u00e9e":"2 minutes"},"schema":{"@context":"https:\/\/schema.org","@graph":[{"@type":"Article","@id":"https:\/\/www.mondocamping.com\/fr\/crippaconcept-a-la-semaine-du-design-de-milan-2025-le-design-rencontre-le-monde-en-plein-air\/#article","isPartOf":{"@id":"https:\/\/www.mondocamping.com\/fr\/crippaconcept-a-la-semaine-du-design-de-milan-2025-le-design-rencontre-le-monde-en-plein-air\/"},"author":{"name":"Mondo Camping","@id":"https:\/\/www.mondocamping.com\/#\/schema\/person\/01a031b8c5ef08c2204bb0e696f0a760"},"headline":"Crippaconcept \u00e0 la Semaine du design de Milan 2025 : le design rencontre le monde en plein air","datePublished":"2025-03-31T08:00:41+00:00","dateModified":"2025-04-01T06:30:07+00:00","mainEntityOfPage":{"@id":"https:\/\/www.mondocamping.com\/fr\/crippaconcept-a-la-semaine-du-design-de-milan-2025-le-design-rencontre-le-monde-en-plein-air\/"},"wordCount":338,"publisher":{"@id":"https:\/\/www.mondocamping.com\/#organization"},"image":{"@id":"https:\/\/www.mondocamping.com\/fr\/crippaconcept-a-la-semaine-du-design-de-milan-2025-le-design-rencontre-le-monde-en-plein-air\/#primaryimage"},"thumbnailUrl":"https:\/\/www.mondocamping.com\/wp-content\/uploads\/2025\/03\/Screenshot-2025-03-31-alle-09.47.13.png","keywords":["Alberto Granzotto","camping","conception","Crippaconcept","design","durabilit\u00e9","Faita Federcamping","l'air libre","Milan Design Week","Mondo Camping","Tourisme de plein air"],"articleSection":["Actualit\u00e9"],"inLanguage":"fr-FR"},{"@type":"WebPage","@id":"https:\/\/www.mondocamping.com\/fr\/crippaconcept-a-la-semaine-du-design-de-milan-2025-le-design-rencontre-le-monde-en-plein-air\/","url":"https:\/\/www.mondocamping.com\/fr\/crippaconcept-a-la-semaine-du-design-de-milan-2025-le-design-rencontre-le-monde-en-plein-air\/","name":"Crippaconcept \u00e0 la Semaine du design de Milan 2025 : le design rencontre le monde en plein air","isPartOf":{"@id":"https:\/\/www.mondocamping.com\/#website"},"primaryImageOfPage":{"@id":"https:\/\/www.mondocamping.com\/fr\/crippaconcept-a-la-semaine-du-design-de-milan-2025-le-design-rencontre-le-monde-en-plein-air\/#primaryimage"},"image":{"@id":"https:\/\/www.mondocamping.com\/fr\/crippaconcept-a-la-semaine-du-design-de-milan-2025-le-design-rencontre-le-monde-en-plein-air\/#primaryimage"},"thumbnailUrl":"https:\/\/www.mondocamping.com\/wp-content\/uploads\/2025\/03\/Screenshot-2025-03-31-alle-09.47.13.png","datePublished":"2025-03-31T08:00:41+00:00","dateModified":"2025-04-01T06:30:07+00:00","breadcrumb":{"@id":"https:\/\/www.mondocamping.com\/fr\/crippaconcept-a-la-semaine-du-design-de-milan-2025-le-design-rencontre-le-monde-en-plein-air\/#breadcrumb"},"inLanguage":"fr-FR","potentialAction":[{"@type":"ReadAction","target":["https:\/\/www.mondocamping.com\/fr\/crippaconcept-a-la-semaine-du-design-de-milan-2025-le-design-rencontre-le-monde-en-plein-air\/"]}]},{"@type":"ImageObject","inLanguage":"fr-FR","@id":"https:\/\/www.mondocamping.com\/fr\/crippaconcept-a-la-semaine-du-design-de-milan-2025-le-design-rencontre-le-monde-en-plein-air\/#primaryimage","url":"https:\/\/www.mondocamping.com\/wp-content\/uploads\/2025\/03\/Screenshot-2025-03-31-alle-09.47.13.png","contentUrl":"https:\/\/www.mondocamping.com\/wp-content\/uploads\/2025\/03\/Screenshot-2025-03-31-alle-09.47.13.png","width":1200,"height":628},{"@type":"BreadcrumbList","@id":"https:\/\/www.mondocamping.com\/fr\/crippaconcept-a-la-semaine-du-design-de-milan-2025-le-design-rencontre-le-monde-en-plein-air\/#breadcrumb","itemListElement":[{"@type":"ListItem","position":1,"name":"Home","item":"https:\/\/www.mondocamping.com\/fr\/"},{"@type":"ListItem","position":2,"name":"Crippaconcept \u00e0 la Semaine du design de Milan 2025 : le design rencontre le monde en plein air"}]},{"@type":"WebSite","@id":"https:\/\/www.mondocamping.com\/#website","url":"https:\/\/www.mondocamping.com\/","name":"Mondo Camping","description":"Le portail d\u00e9di\u00e9 aux gestionnaires de campings et villages touristiques","publisher":{"@id":"https:\/\/www.mondocamping.com\/#organization"},"potentialAction":[{"@type":"SearchAction","target":{"@type":"EntryPoint","urlTemplate":"https:\/\/www.mondocamping.com\/?s={search_term_string}"},"query-input":{"@type":"PropertyValueSpecification","valueRequired":true,"valueName":"search_term_string"}}],"inLanguage":"fr-FR"},{"@type":"Organization","@id":"https:\/\/www.mondocamping.com\/#organization","name":"Mondo Camping","url":"https:\/\/www.mondocamping.com\/","logo":{"@type":"ImageObject","inLanguage":"fr-FR","@id":"https:\/\/www.mondocamping.com\/#\/schema\/logo\/image\/","url":"https:\/\/www.mondocamping.com\/wp-content\/uploads\/2022\/04\/mondo-camping-logo-contornato-1.png","contentUrl":"https:\/\/www.mondocamping.com\/wp-content\/uploads\/2022\/04\/mondo-camping-logo-contornato-1.png","width":280,"height":90,"caption":"Mondo Camping"},"image":{"@id":"https:\/\/www.mondocamping.com\/#\/schema\/logo\/image\/"},"sameAs":["https:\/\/www.facebook.com\/mondobalneare","https:\/\/x.com\/mondobalneare","https:\/\/www.instagram.com\/mondobalneare\/","https:\/\/www.linkedin.com\/company\/67180810\/","https:\/\/www.youtube.com\/user\/mondobalnearevideo"]},{"@type":"Person","@id":"https:\/\/www.mondocamping.com\/#\/schema\/person\/01a031b8c5ef08c2204bb0e696f0a760","name":"Mondo Camping","image":{"@type":"ImageObject","inLanguage":"fr-FR","@id":"https:\/\/www.mondocamping.com\/wp-content\/uploads\/2022\/05\/cropped-icona-MONDO-CAMPING-150x150.png","url":"https:\/\/www.mondocamping.com\/wp-content\/uploads\/2022\/05\/cropped-icona-MONDO-CAMPING-150x150.png","contentUrl":"https:\/\/www.mondocamping.com\/wp-content\/uploads\/2022\/05\/cropped-icona-MONDO-CAMPING-150x150.png","caption":"Mondo Camping"},"sameAs":["https:\/\/www.mondocamping.com\/","https:\/\/www.facebook.com\/mondocamping"]}]}},"_links":{"self":[{"href":"https:\/\/www.mondocamping.com\/fr\/wp-json\/wp\/v2\/posts\/173592","targetHints":{"allow":["GET"]}}],"collection":[{"href":"https:\/\/www.mondocamping.com\/fr\/wp-json\/wp\/v2\/posts"}],"about":[{"href":"https:\/\/www.mondocamping.com\/fr\/wp-json\/wp\/v2\/types\/post"}],"author":[{"embeddable":true,"href":"https:\/\/www.mondocamping.com\/fr\/wp-json\/wp\/v2\/users\/5"}],"replies":[{"embeddable":true,"href":"https:\/\/www.mondocamping.com\/fr\/wp-json\/wp\/v2\/comments?post=173592"}],"version-history":[{"count":2,"href":"https:\/\/www.mondocamping.com\/fr\/wp-json\/wp\/v2\/posts\/173592\/revisions"}],"predecessor-version":[{"id":173597,"href":"https:\/\/www.mondocamping.com\/fr\/wp-json\/wp\/v2\/posts\/173592\/revisions\/173597"}],"wp:featuredmedia":[{"embeddable":true,"href":"https:\/\/www.mondocamping.com\/fr\/wp-json\/wp\/v2\/media\/173583"}],"wp:attachment":[{"href":"https:\/\/www.mondocamping.com\/fr\/wp-json\/wp\/v2\/media?parent=173592"}],"wp:term":[{"taxonomy":"category","embeddable":true,"href":"https:\/\/www.mondocamping.com\/fr\/wp-json\/wp\/v2\/categories?post=173592"},{"taxonomy":"post_tag","embeddable":true,"href":"https:\/\/www.mondocamping.com\/fr\/wp-json\/wp\/v2\/tags?post=173592"}],"curies":[{"name":"wp","href":"https:\/\/api.w.org\/{rel}","templated":true}]}}