{"id":173631,"date":"2025-04-04T09:03:10","date_gmt":"2025-04-04T07:03:10","guid":{"rendered":"https:\/\/www.mondocamping.com\/semaine-du-design-de-milan-2025-avant-premiere-du-village-olympique-et-paralympique-de-cortina-dampezzo-une-solution-modulaire-de-maison-mobile\/"},"modified":"2025-04-04T09:03:13","modified_gmt":"2025-04-04T07:03:13","slug":"semaine-du-design-de-milan-2025-avant-premiere-du-village-olympique-et-paralympique-de-cortina-dampezzo-une-solution-modulaire-de-maison-mobile","status":"publish","type":"post","link":"https:\/\/www.mondocamping.com\/fr\/semaine-du-design-de-milan-2025-avant-premiere-du-village-olympique-et-paralympique-de-cortina-dampezzo-une-solution-modulaire-de-maison-mobile\/","title":{"rendered":"Semaine du design de Milan 2025 : avant-premi\u00e8re du village olympique et paralympique de Cortina d&rsquo;Ampezzo, une solution modulaire de \u00ab\u00a0maison mobile\u00a0\u00bb."},"content":{"rendered":"\n<p>Un regard approfondi sur l&rsquo;innovation de la conception modulaire et de la r\u00e9utilisation dans les infrastructures olympiques sera pr\u00e9sent\u00e9 lors de la Semaine du design de Milan 2025 : la <strong>Societ\u00e0 Infrastrutture Milano Cortina <\/strong>et la <strong>Fondazione Milano Cortina<\/strong> exposeront une installation exclusive, d\u00e9di\u00e9e au <strong>village de Cortina d&rsquo;Ampezzo en vue des Jeux olympiques et paralympiques de Milan Cortina 2026 <\/strong>.  <\/p>\n\n<p>Rendez-vous du 7 au 13 avril, <strong>\u00e0 la Piazza del Compasso d&rsquo;Oro 1, \u00e0 l&rsquo;ADI Museo del Design<\/strong>, pour d\u00e9couvrir en avant-premi\u00e8re l&rsquo;exp\u00e9rience de vie con\u00e7ue pour accueillir les athl\u00e8tes des XXVe Jeux olympiques et paralympiques d&rsquo;hiver. L&rsquo;initiative met l&rsquo;accent sur l&rsquo;<strong>innovation en mati\u00e8re de conception modulaire<\/strong>, la <strong>durabilit\u00e9 <\/strong>et la<strong> r\u00e9utilisation des infrastructures temporaires.<\/strong> <\/p>\n\n<h2 class=\"wp-block-heading\">Le projet  <\/h2>\n\n<p>La proposition se distingue par son<strong>approche circulaire<\/strong>, bas\u00e9e sur l&rsquo;utilisation de <strong>solutions modulaires<\/strong> et<strong> mobiles sur roues<\/strong> qui ne consomment pas de terrain : les structures ne n\u00e9cessitent pas de fondations permanentes et seront enti\u00e8rement enlev\u00e9es \u00e0 la fin des comp\u00e9titions. Elles sont donc <strong>enti\u00e8rement r\u00e9utilisables dans le secteur de l&rsquo;h\u00f4tellerie de plein air. <\/strong>  <\/p>\n\n<p>Les modules sont certifi\u00e9s<strong> EPD (Environmental Product Declaration)<\/strong>, ce qui garantit un faible impact environnemental tout au long de leur cycle de vie. Ils sont con\u00e7us pour garantir une <strong>hospitalit\u00e9 inclusive et accessible \u00e0 tous<\/strong>, conform\u00e9ment aux valeurs olympiques d&rsquo;\u00e9galit\u00e9, de diversit\u00e9 et de respect.<\/p>\n\n<p>377 solutions de logement mobile et structures modulaires garantissent un h\u00e9bergement sans obstacle, pla\u00e7ant le bien-\u00eatre de chaque athl\u00e8te au centre et fournissant des solutions flexibles pour diff\u00e9rents besoins, avec 50 % des unit\u00e9s enti\u00e8rement accessibles.<\/p>\n\n<h2 class=\"wp-block-heading\"><br\/>Aper\u00e7us th\u00e9matiques<\/h2>\n\n<p>Le 7 avril, la Milano Design Week organisera une r\u00e9union publique et une discussion approfondie avec deux panels d\u00e9di\u00e9s aux parties prenantes et aux m\u00e9dias dans le <strong>Foyer de l&rsquo;ADI Museo del Design<\/strong>, Piazza del Compasso d&rsquo;Oro 1 &#8211; Milan :<\/p>\n\n<ul class=\"wp-block-list\">\n<li> <strong>\u00ab\u00a0<\/strong><strong><em>L&rsquo;architecture et l&rsquo;innovation du village olympique et paralympique de Milan Cortina 2026<\/em><\/strong>\u00ab\u00a0<strong>de<\/strong> 10h30 \u00e0 12h30.<\/li>\n\n\n\n<li><strong><em>\u00ab\u00a0Open Air Design Vision : comment l&rsquo;architecture mobile red\u00e9finit l&rsquo;hospitalit\u00e9, du tourisme \u00e0 l&rsquo;\u00e9ducation en passant par les nouveaux \u00e9cosyst\u00e8mes\u00a0\u00bb : <\/em><\/strong>14 h 30 \u00e0 16 h.<strong><em>.<\/em><\/strong><\/li>\n<\/ul>\n\n<p>L&rsquo;\u00e9v\u00e9nement est soutenu par<strong> Crippacampeggio<\/strong>, laur\u00e9at de l&rsquo;appel d&rsquo;offres pour la construction du village olympique et paralympique de Cortina d&rsquo;Ampezzo.<\/p>\n\n<p>La participation aux deux panels est gratuite, apr\u00e8s inscription <a href=\"https:\/\/mdw25.crippaconceptevent.com\" target=\"_blank\" rel=\"noreferrer noopener\">ici.<\/a> <br\/><br\/><\/p>\n\n<p><\/p>\n","protected":false},"excerpt":{"rendered":"<p>Un regard approfondi sur l&rsquo;innovation de la conception modulaire et de la r\u00e9utilisation dans les infrastructures olympiques sera pr\u00e9sent\u00e9 lors de la Semaine du design de Milan 2025 : la Societ\u00e0 Infrastrutture Milano Cortina et la Fondazione Milano Cortina exposeront une installation exclusive, d\u00e9di\u00e9e au village de Cortina d&rsquo;Ampezzo en vue des Jeux olympiques et [&hellip;]<\/p>\n","protected":false},"author":5,"featured_media":173620,"comment_status":"closed","ping_status":"closed","sticky":false,"template":"","format":"standard","meta":{"_acf_changed":false,"_monsterinsights_skip_tracking":false,"_monsterinsights_sitenote_active":false,"_monsterinsights_sitenote_note":"","_monsterinsights_sitenote_category":0,"footnotes":""},"categories":[4024],"tags":[7056,7064,4965,4978,7065,4731,7062,7063],"class_list":["post-173631","post","type-post","status-publish","format-standard","has-post-thumbnail","hentry","category-actualite","tag-cortina-dampezzo","tag-cortina-dampezzo-fr","tag-crippacampeggio","tag-crippacampeggio-fr","tag-jeux-olympiques-dhiver-2026","tag-mobil-home","tag-semaine-du-design-de-milan-2025","tag-village-olympique-et-paralympique"],"acf":[],"yoast_head":"<!-- This site is optimized with the Yoast SEO plugin v27.5 - https:\/\/yoast.com\/product\/yoast-seo-wordpress\/ -->\n<title>Semaine du design de Milan 2025 : avant-premi\u00e8re du village olympique et paralympique de Cortina d&#039;Ampezzo, une solution modulaire de &quot;maison mobile&quot;.<\/title>\n<meta name=\"robots\" content=\"index, follow, max-snippet:-1, max-image-preview:large, max-video-preview:-1\" \/>\n<link rel=\"canonical\" href=\"https:\/\/www.mondocamping.com\/fr\/semaine-du-design-de-milan-2025-avant-premiere-du-village-olympique-et-paralympique-de-cortina-dampezzo-une-solution-modulaire-de-maison-mobile\/\" \/>\n<meta property=\"og:locale\" content=\"fr_FR\" \/>\n<meta property=\"og:type\" content=\"article\" \/>\n<meta property=\"og:title\" content=\"Semaine du design de Milan 2025 : avant-premi\u00e8re du village olympique et paralympique de Cortina d&#039;Ampezzo, une solution modulaire de &quot;maison mobile&quot;.\" \/>\n<meta property=\"og:description\" content=\"Un regard approfondi sur l&rsquo;innovation de la conception modulaire et de la r\u00e9utilisation dans les infrastructures olympiques sera pr\u00e9sent\u00e9 lors de la Semaine du design de Milan 2025 : la Societ\u00e0 Infrastrutture Milano Cortina et la Fondazione Milano Cortina exposeront une installation exclusive, d\u00e9di\u00e9e au village de Cortina d&rsquo;Ampezzo en vue des Jeux olympiques et [&hellip;]\" \/>\n<meta property=\"og:url\" content=\"https:\/\/www.mondocamping.com\/fr\/semaine-du-design-de-milan-2025-avant-premiere-du-village-olympique-et-paralympique-de-cortina-dampezzo-une-solution-modulaire-de-maison-mobile\/\" \/>\n<meta property=\"og:site_name\" content=\"Mondo Camping\" \/>\n<meta property=\"article:publisher\" content=\"https:\/\/www.facebook.com\/mondobalneare\" \/>\n<meta property=\"article:author\" content=\"https:\/\/www.facebook.com\/mondocamping\" \/>\n<meta property=\"article:published_time\" content=\"2025-04-04T07:03:10+00:00\" \/>\n<meta property=\"article:modified_time\" content=\"2025-04-04T07:03:13+00:00\" \/>\n<meta property=\"og:image\" content=\"https:\/\/www.mondocamping.com\/wp-content\/uploads\/2025\/04\/24-2.jpg\" \/>\n\t<meta property=\"og:image:width\" content=\"1200\" \/>\n\t<meta property=\"og:image:height\" content=\"628\" \/>\n\t<meta property=\"og:image:type\" content=\"image\/jpeg\" \/>\n<meta name=\"author\" content=\"Mondo Camping\" \/>\n<meta name=\"twitter:card\" content=\"summary_large_image\" \/>\n<meta name=\"twitter:creator\" content=\"@mondobalneare\" \/>\n<meta name=\"twitter:site\" content=\"@mondobalneare\" \/>\n<meta name=\"twitter:label1\" content=\"\u00c9crit par\" \/>\n\t<meta name=\"twitter:data1\" content=\"Mondo Camping\" \/>\n\t<meta name=\"twitter:label2\" content=\"Dur\u00e9e de lecture estim\u00e9e\" \/>\n\t<meta name=\"twitter:data2\" content=\"2 minutes\" \/>\n<script type=\"application\/ld+json\" class=\"yoast-schema-graph\">{\"@context\":\"https:\\\/\\\/schema.org\",\"@graph\":[{\"@type\":\"Article\",\"@id\":\"https:\\\/\\\/www.mondocamping.com\\\/fr\\\/semaine-du-design-de-milan-2025-avant-premiere-du-village-olympique-et-paralympique-de-cortina-dampezzo-une-solution-modulaire-de-maison-mobile\\\/#article\",\"isPartOf\":{\"@id\":\"https:\\\/\\\/www.mondocamping.com\\\/fr\\\/semaine-du-design-de-milan-2025-avant-premiere-du-village-olympique-et-paralympique-de-cortina-dampezzo-une-solution-modulaire-de-maison-mobile\\\/\"},\"author\":{\"name\":\"Mondo Camping\",\"@id\":\"https:\\\/\\\/www.mondocamping.com\\\/#\\\/schema\\\/person\\\/01a031b8c5ef08c2204bb0e696f0a760\"},\"headline\":\"Semaine du design de Milan 2025 : avant-premi\u00e8re du village olympique et paralympique de Cortina d&rsquo;Ampezzo, une solution modulaire de \u00ab\u00a0maison mobile\u00a0\u00bb.\",\"datePublished\":\"2025-04-04T07:03:10+00:00\",\"dateModified\":\"2025-04-04T07:03:13+00:00\",\"mainEntityOfPage\":{\"@id\":\"https:\\\/\\\/www.mondocamping.com\\\/fr\\\/semaine-du-design-de-milan-2025-avant-premiere-du-village-olympique-et-paralympique-de-cortina-dampezzo-une-solution-modulaire-de-maison-mobile\\\/\"},\"wordCount\":427,\"publisher\":{\"@id\":\"https:\\\/\\\/www.mondocamping.com\\\/#organization\"},\"image\":{\"@id\":\"https:\\\/\\\/www.mondocamping.com\\\/fr\\\/semaine-du-design-de-milan-2025-avant-premiere-du-village-olympique-et-paralympique-de-cortina-dampezzo-une-solution-modulaire-de-maison-mobile\\\/#primaryimage\"},\"thumbnailUrl\":\"https:\\\/\\\/www.mondocamping.com\\\/wp-content\\\/uploads\\\/2025\\\/04\\\/24-2.jpg\",\"keywords\":[\"Cortina d'Ampezzo\",\"Cortina d'Ampezzo\",\"Crippacampeggio\",\"Crippacampeggio\",\"Jeux olympiques d'hiver 2026\",\"mobil-home\",\"Semaine du design de Milan 2025\",\"Village olympique et paralympique\"],\"articleSection\":[\"Actualit\u00e9\"],\"inLanguage\":\"fr-FR\"},{\"@type\":\"WebPage\",\"@id\":\"https:\\\/\\\/www.mondocamping.com\\\/fr\\\/semaine-du-design-de-milan-2025-avant-premiere-du-village-olympique-et-paralympique-de-cortina-dampezzo-une-solution-modulaire-de-maison-mobile\\\/\",\"url\":\"https:\\\/\\\/www.mondocamping.com\\\/fr\\\/semaine-du-design-de-milan-2025-avant-premiere-du-village-olympique-et-paralympique-de-cortina-dampezzo-une-solution-modulaire-de-maison-mobile\\\/\",\"name\":\"Semaine du design de Milan 2025 : avant-premi\u00e8re du village olympique et paralympique de Cortina d'Ampezzo, une solution modulaire de \\\"maison mobile\\\".\",\"isPartOf\":{\"@id\":\"https:\\\/\\\/www.mondocamping.com\\\/#website\"},\"primaryImageOfPage\":{\"@id\":\"https:\\\/\\\/www.mondocamping.com\\\/fr\\\/semaine-du-design-de-milan-2025-avant-premiere-du-village-olympique-et-paralympique-de-cortina-dampezzo-une-solution-modulaire-de-maison-mobile\\\/#primaryimage\"},\"image\":{\"@id\":\"https:\\\/\\\/www.mondocamping.com\\\/fr\\\/semaine-du-design-de-milan-2025-avant-premiere-du-village-olympique-et-paralympique-de-cortina-dampezzo-une-solution-modulaire-de-maison-mobile\\\/#primaryimage\"},\"thumbnailUrl\":\"https:\\\/\\\/www.mondocamping.com\\\/wp-content\\\/uploads\\\/2025\\\/04\\\/24-2.jpg\",\"datePublished\":\"2025-04-04T07:03:10+00:00\",\"dateModified\":\"2025-04-04T07:03:13+00:00\",\"breadcrumb\":{\"@id\":\"https:\\\/\\\/www.mondocamping.com\\\/fr\\\/semaine-du-design-de-milan-2025-avant-premiere-du-village-olympique-et-paralympique-de-cortina-dampezzo-une-solution-modulaire-de-maison-mobile\\\/#breadcrumb\"},\"inLanguage\":\"fr-FR\",\"potentialAction\":[{\"@type\":\"ReadAction\",\"target\":[\"https:\\\/\\\/www.mondocamping.com\\\/fr\\\/semaine-du-design-de-milan-2025-avant-premiere-du-village-olympique-et-paralympique-de-cortina-dampezzo-une-solution-modulaire-de-maison-mobile\\\/\"]}]},{\"@type\":\"ImageObject\",\"inLanguage\":\"fr-FR\",\"@id\":\"https:\\\/\\\/www.mondocamping.com\\\/fr\\\/semaine-du-design-de-milan-2025-avant-premiere-du-village-olympique-et-paralympique-de-cortina-dampezzo-une-solution-modulaire-de-maison-mobile\\\/#primaryimage\",\"url\":\"https:\\\/\\\/www.mondocamping.com\\\/wp-content\\\/uploads\\\/2025\\\/04\\\/24-2.jpg\",\"contentUrl\":\"https:\\\/\\\/www.mondocamping.com\\\/wp-content\\\/uploads\\\/2025\\\/04\\\/24-2.jpg\",\"width\":1200,\"height\":628,\"caption\":\"Photo credit: Crippacampeggio\"},{\"@type\":\"BreadcrumbList\",\"@id\":\"https:\\\/\\\/www.mondocamping.com\\\/fr\\\/semaine-du-design-de-milan-2025-avant-premiere-du-village-olympique-et-paralympique-de-cortina-dampezzo-une-solution-modulaire-de-maison-mobile\\\/#breadcrumb\",\"itemListElement\":[{\"@type\":\"ListItem\",\"position\":1,\"name\":\"Home\",\"item\":\"https:\\\/\\\/www.mondocamping.com\\\/fr\\\/\"},{\"@type\":\"ListItem\",\"position\":2,\"name\":\"Semaine du design de Milan 2025 : avant-premi\u00e8re du village olympique et paralympique de Cortina d&rsquo;Ampezzo, une solution modulaire de \u00ab\u00a0maison mobile\u00a0\u00bb.\"}]},{\"@type\":\"WebSite\",\"@id\":\"https:\\\/\\\/www.mondocamping.com\\\/#website\",\"url\":\"https:\\\/\\\/www.mondocamping.com\\\/\",\"name\":\"Mondo Camping\",\"description\":\"Le portail d\u00e9di\u00e9 aux gestionnaires de campings et villages touristiques\",\"publisher\":{\"@id\":\"https:\\\/\\\/www.mondocamping.com\\\/#organization\"},\"potentialAction\":[{\"@type\":\"SearchAction\",\"target\":{\"@type\":\"EntryPoint\",\"urlTemplate\":\"https:\\\/\\\/www.mondocamping.com\\\/?s={search_term_string}\"},\"query-input\":{\"@type\":\"PropertyValueSpecification\",\"valueRequired\":true,\"valueName\":\"search_term_string\"}}],\"inLanguage\":\"fr-FR\"},{\"@type\":\"Organization\",\"@id\":\"https:\\\/\\\/www.mondocamping.com\\\/#organization\",\"name\":\"Mondo Camping\",\"url\":\"https:\\\/\\\/www.mondocamping.com\\\/\",\"logo\":{\"@type\":\"ImageObject\",\"inLanguage\":\"fr-FR\",\"@id\":\"https:\\\/\\\/www.mondocamping.com\\\/#\\\/schema\\\/logo\\\/image\\\/\",\"url\":\"https:\\\/\\\/www.mondocamping.com\\\/wp-content\\\/uploads\\\/2022\\\/04\\\/mondo-camping-logo-contornato-1.png\",\"contentUrl\":\"https:\\\/\\\/www.mondocamping.com\\\/wp-content\\\/uploads\\\/2022\\\/04\\\/mondo-camping-logo-contornato-1.png\",\"width\":280,\"height\":90,\"caption\":\"Mondo Camping\"},\"image\":{\"@id\":\"https:\\\/\\\/www.mondocamping.com\\\/#\\\/schema\\\/logo\\\/image\\\/\"},\"sameAs\":[\"https:\\\/\\\/www.facebook.com\\\/mondobalneare\",\"https:\\\/\\\/x.com\\\/mondobalneare\",\"https:\\\/\\\/www.instagram.com\\\/mondobalneare\\\/\",\"https:\\\/\\\/www.linkedin.com\\\/company\\\/67180810\\\/\",\"https:\\\/\\\/www.youtube.com\\\/user\\\/mondobalnearevideo\"]},{\"@type\":\"Person\",\"@id\":\"https:\\\/\\\/www.mondocamping.com\\\/#\\\/schema\\\/person\\\/01a031b8c5ef08c2204bb0e696f0a760\",\"name\":\"Mondo Camping\",\"image\":{\"@type\":\"ImageObject\",\"inLanguage\":\"fr-FR\",\"@id\":\"https:\\\/\\\/www.mondocamping.com\\\/wp-content\\\/uploads\\\/2022\\\/05\\\/cropped-icona-MONDO-CAMPING-150x150.png\",\"url\":\"https:\\\/\\\/www.mondocamping.com\\\/wp-content\\\/uploads\\\/2022\\\/05\\\/cropped-icona-MONDO-CAMPING-150x150.png\",\"contentUrl\":\"https:\\\/\\\/www.mondocamping.com\\\/wp-content\\\/uploads\\\/2022\\\/05\\\/cropped-icona-MONDO-CAMPING-150x150.png\",\"caption\":\"Mondo Camping\"},\"sameAs\":[\"https:\\\/\\\/www.mondocamping.com\\\/\",\"https:\\\/\\\/www.facebook.com\\\/mondocamping\"]}]}<\/script>\n<!-- \/ Yoast SEO plugin. -->","yoast_head_json":{"title":"Semaine du design de Milan 2025 : avant-premi\u00e8re du village olympique et paralympique de Cortina d'Ampezzo, une solution modulaire de \"maison mobile\".","robots":{"index":"index","follow":"follow","max-snippet":"max-snippet:-1","max-image-preview":"max-image-preview:large","max-video-preview":"max-video-preview:-1"},"canonical":"https:\/\/www.mondocamping.com\/fr\/semaine-du-design-de-milan-2025-avant-premiere-du-village-olympique-et-paralympique-de-cortina-dampezzo-une-solution-modulaire-de-maison-mobile\/","og_locale":"fr_FR","og_type":"article","og_title":"Semaine du design de Milan 2025 : avant-premi\u00e8re du village olympique et paralympique de Cortina d'Ampezzo, une solution modulaire de \"maison mobile\".","og_description":"Un regard approfondi sur l&rsquo;innovation de la conception modulaire et de la r\u00e9utilisation dans les infrastructures olympiques sera pr\u00e9sent\u00e9 lors de la Semaine du design de Milan 2025 : la Societ\u00e0 Infrastrutture Milano Cortina et la Fondazione Milano Cortina exposeront une installation exclusive, d\u00e9di\u00e9e au village de Cortina d&rsquo;Ampezzo en vue des Jeux olympiques et [&hellip;]","og_url":"https:\/\/www.mondocamping.com\/fr\/semaine-du-design-de-milan-2025-avant-premiere-du-village-olympique-et-paralympique-de-cortina-dampezzo-une-solution-modulaire-de-maison-mobile\/","og_site_name":"Mondo Camping","article_publisher":"https:\/\/www.facebook.com\/mondobalneare","article_author":"https:\/\/www.facebook.com\/mondocamping","article_published_time":"2025-04-04T07:03:10+00:00","article_modified_time":"2025-04-04T07:03:13+00:00","og_image":[{"width":1200,"height":628,"url":"https:\/\/www.mondocamping.com\/wp-content\/uploads\/2025\/04\/24-2.jpg","type":"image\/jpeg"}],"author":"Mondo Camping","twitter_card":"summary_large_image","twitter_creator":"@mondobalneare","twitter_site":"@mondobalneare","twitter_misc":{"\u00c9crit par":"Mondo Camping","Dur\u00e9e de lecture estim\u00e9e":"2 minutes"},"schema":{"@context":"https:\/\/schema.org","@graph":[{"@type":"Article","@id":"https:\/\/www.mondocamping.com\/fr\/semaine-du-design-de-milan-2025-avant-premiere-du-village-olympique-et-paralympique-de-cortina-dampezzo-une-solution-modulaire-de-maison-mobile\/#article","isPartOf":{"@id":"https:\/\/www.mondocamping.com\/fr\/semaine-du-design-de-milan-2025-avant-premiere-du-village-olympique-et-paralympique-de-cortina-dampezzo-une-solution-modulaire-de-maison-mobile\/"},"author":{"name":"Mondo Camping","@id":"https:\/\/www.mondocamping.com\/#\/schema\/person\/01a031b8c5ef08c2204bb0e696f0a760"},"headline":"Semaine du design de Milan 2025 : avant-premi\u00e8re du village olympique et paralympique de Cortina d&rsquo;Ampezzo, une solution modulaire de \u00ab\u00a0maison mobile\u00a0\u00bb.","datePublished":"2025-04-04T07:03:10+00:00","dateModified":"2025-04-04T07:03:13+00:00","mainEntityOfPage":{"@id":"https:\/\/www.mondocamping.com\/fr\/semaine-du-design-de-milan-2025-avant-premiere-du-village-olympique-et-paralympique-de-cortina-dampezzo-une-solution-modulaire-de-maison-mobile\/"},"wordCount":427,"publisher":{"@id":"https:\/\/www.mondocamping.com\/#organization"},"image":{"@id":"https:\/\/www.mondocamping.com\/fr\/semaine-du-design-de-milan-2025-avant-premiere-du-village-olympique-et-paralympique-de-cortina-dampezzo-une-solution-modulaire-de-maison-mobile\/#primaryimage"},"thumbnailUrl":"https:\/\/www.mondocamping.com\/wp-content\/uploads\/2025\/04\/24-2.jpg","keywords":["Cortina d'Ampezzo","Cortina d'Ampezzo","Crippacampeggio","Crippacampeggio","Jeux olympiques d'hiver 2026","mobil-home","Semaine du design de Milan 2025","Village olympique et paralympique"],"articleSection":["Actualit\u00e9"],"inLanguage":"fr-FR"},{"@type":"WebPage","@id":"https:\/\/www.mondocamping.com\/fr\/semaine-du-design-de-milan-2025-avant-premiere-du-village-olympique-et-paralympique-de-cortina-dampezzo-une-solution-modulaire-de-maison-mobile\/","url":"https:\/\/www.mondocamping.com\/fr\/semaine-du-design-de-milan-2025-avant-premiere-du-village-olympique-et-paralympique-de-cortina-dampezzo-une-solution-modulaire-de-maison-mobile\/","name":"Semaine du design de Milan 2025 : avant-premi\u00e8re du village olympique et paralympique de Cortina d'Ampezzo, une solution modulaire de \"maison mobile\".","isPartOf":{"@id":"https:\/\/www.mondocamping.com\/#website"},"primaryImageOfPage":{"@id":"https:\/\/www.mondocamping.com\/fr\/semaine-du-design-de-milan-2025-avant-premiere-du-village-olympique-et-paralympique-de-cortina-dampezzo-une-solution-modulaire-de-maison-mobile\/#primaryimage"},"image":{"@id":"https:\/\/www.mondocamping.com\/fr\/semaine-du-design-de-milan-2025-avant-premiere-du-village-olympique-et-paralympique-de-cortina-dampezzo-une-solution-modulaire-de-maison-mobile\/#primaryimage"},"thumbnailUrl":"https:\/\/www.mondocamping.com\/wp-content\/uploads\/2025\/04\/24-2.jpg","datePublished":"2025-04-04T07:03:10+00:00","dateModified":"2025-04-04T07:03:13+00:00","breadcrumb":{"@id":"https:\/\/www.mondocamping.com\/fr\/semaine-du-design-de-milan-2025-avant-premiere-du-village-olympique-et-paralympique-de-cortina-dampezzo-une-solution-modulaire-de-maison-mobile\/#breadcrumb"},"inLanguage":"fr-FR","potentialAction":[{"@type":"ReadAction","target":["https:\/\/www.mondocamping.com\/fr\/semaine-du-design-de-milan-2025-avant-premiere-du-village-olympique-et-paralympique-de-cortina-dampezzo-une-solution-modulaire-de-maison-mobile\/"]}]},{"@type":"ImageObject","inLanguage":"fr-FR","@id":"https:\/\/www.mondocamping.com\/fr\/semaine-du-design-de-milan-2025-avant-premiere-du-village-olympique-et-paralympique-de-cortina-dampezzo-une-solution-modulaire-de-maison-mobile\/#primaryimage","url":"https:\/\/www.mondocamping.com\/wp-content\/uploads\/2025\/04\/24-2.jpg","contentUrl":"https:\/\/www.mondocamping.com\/wp-content\/uploads\/2025\/04\/24-2.jpg","width":1200,"height":628,"caption":"Photo credit: Crippacampeggio"},{"@type":"BreadcrumbList","@id":"https:\/\/www.mondocamping.com\/fr\/semaine-du-design-de-milan-2025-avant-premiere-du-village-olympique-et-paralympique-de-cortina-dampezzo-une-solution-modulaire-de-maison-mobile\/#breadcrumb","itemListElement":[{"@type":"ListItem","position":1,"name":"Home","item":"https:\/\/www.mondocamping.com\/fr\/"},{"@type":"ListItem","position":2,"name":"Semaine du design de Milan 2025 : avant-premi\u00e8re du village olympique et paralympique de Cortina d&rsquo;Ampezzo, une solution modulaire de \u00ab\u00a0maison mobile\u00a0\u00bb."}]},{"@type":"WebSite","@id":"https:\/\/www.mondocamping.com\/#website","url":"https:\/\/www.mondocamping.com\/","name":"Mondo Camping","description":"Le portail d\u00e9di\u00e9 aux gestionnaires de campings et villages touristiques","publisher":{"@id":"https:\/\/www.mondocamping.com\/#organization"},"potentialAction":[{"@type":"SearchAction","target":{"@type":"EntryPoint","urlTemplate":"https:\/\/www.mondocamping.com\/?s={search_term_string}"},"query-input":{"@type":"PropertyValueSpecification","valueRequired":true,"valueName":"search_term_string"}}],"inLanguage":"fr-FR"},{"@type":"Organization","@id":"https:\/\/www.mondocamping.com\/#organization","name":"Mondo Camping","url":"https:\/\/www.mondocamping.com\/","logo":{"@type":"ImageObject","inLanguage":"fr-FR","@id":"https:\/\/www.mondocamping.com\/#\/schema\/logo\/image\/","url":"https:\/\/www.mondocamping.com\/wp-content\/uploads\/2022\/04\/mondo-camping-logo-contornato-1.png","contentUrl":"https:\/\/www.mondocamping.com\/wp-content\/uploads\/2022\/04\/mondo-camping-logo-contornato-1.png","width":280,"height":90,"caption":"Mondo Camping"},"image":{"@id":"https:\/\/www.mondocamping.com\/#\/schema\/logo\/image\/"},"sameAs":["https:\/\/www.facebook.com\/mondobalneare","https:\/\/x.com\/mondobalneare","https:\/\/www.instagram.com\/mondobalneare\/","https:\/\/www.linkedin.com\/company\/67180810\/","https:\/\/www.youtube.com\/user\/mondobalnearevideo"]},{"@type":"Person","@id":"https:\/\/www.mondocamping.com\/#\/schema\/person\/01a031b8c5ef08c2204bb0e696f0a760","name":"Mondo Camping","image":{"@type":"ImageObject","inLanguage":"fr-FR","@id":"https:\/\/www.mondocamping.com\/wp-content\/uploads\/2022\/05\/cropped-icona-MONDO-CAMPING-150x150.png","url":"https:\/\/www.mondocamping.com\/wp-content\/uploads\/2022\/05\/cropped-icona-MONDO-CAMPING-150x150.png","contentUrl":"https:\/\/www.mondocamping.com\/wp-content\/uploads\/2022\/05\/cropped-icona-MONDO-CAMPING-150x150.png","caption":"Mondo Camping"},"sameAs":["https:\/\/www.mondocamping.com\/","https:\/\/www.facebook.com\/mondocamping"]}]}},"_links":{"self":[{"href":"https:\/\/www.mondocamping.com\/fr\/wp-json\/wp\/v2\/posts\/173631","targetHints":{"allow":["GET"]}}],"collection":[{"href":"https:\/\/www.mondocamping.com\/fr\/wp-json\/wp\/v2\/posts"}],"about":[{"href":"https:\/\/www.mondocamping.com\/fr\/wp-json\/wp\/v2\/types\/post"}],"author":[{"embeddable":true,"href":"https:\/\/www.mondocamping.com\/fr\/wp-json\/wp\/v2\/users\/5"}],"replies":[{"embeddable":true,"href":"https:\/\/www.mondocamping.com\/fr\/wp-json\/wp\/v2\/comments?post=173631"}],"version-history":[{"count":1,"href":"https:\/\/www.mondocamping.com\/fr\/wp-json\/wp\/v2\/posts\/173631\/revisions"}],"predecessor-version":[{"id":173632,"href":"https:\/\/www.mondocamping.com\/fr\/wp-json\/wp\/v2\/posts\/173631\/revisions\/173632"}],"wp:featuredmedia":[{"embeddable":true,"href":"https:\/\/www.mondocamping.com\/fr\/wp-json\/wp\/v2\/media\/173620"}],"wp:attachment":[{"href":"https:\/\/www.mondocamping.com\/fr\/wp-json\/wp\/v2\/media?parent=173631"}],"wp:term":[{"taxonomy":"category","embeddable":true,"href":"https:\/\/www.mondocamping.com\/fr\/wp-json\/wp\/v2\/categories?post=173631"},{"taxonomy":"post_tag","embeddable":true,"href":"https:\/\/www.mondocamping.com\/fr\/wp-json\/wp\/v2\/tags?post=173631"}],"curies":[{"name":"wp","href":"https:\/\/api.w.org\/{rel}","templated":true}]}}