{"id":173816,"date":"2025-04-10T16:46:06","date_gmt":"2025-04-10T14:46:06","guid":{"rendered":"https:\/\/www.mondocamping.com\/world-travel-tourism-council-wttc-2025-arrive-a-rome\/"},"modified":"2025-04-10T16:46:08","modified_gmt":"2025-04-10T14:46:08","slug":"world-travel-tourism-council-wttc-2025-arrive-a-rome","status":"publish","type":"post","link":"https:\/\/www.mondocamping.com\/fr\/world-travel-tourism-council-wttc-2025-arrive-a-rome\/","title":{"rendered":"World Travel &amp; Tourism Council : WTTC 2025 arrive \u00e0 Rome"},"content":{"rendered":"\n<p>Apr\u00e8s six ans, l&rsquo;\u00e9v\u00e9nement le plus prestigieux de l&rsquo;industrie du tourisme revient en Europe : <strong>Rome<\/strong> accueillera la <strong>25e \u00e9dition du <\/strong><strong><em>Conseil mondial du voyage et du tourisme<\/em><\/strong>. Le <em>sommet mondial<\/em> se tiendra \u00e0 l&rsquo;<strong>Auditorium Parco della Musica, du 28 au 30 septembre 2025<\/strong>. Il est organis\u00e9 en collaboration avec le <strong>minist\u00e8re du Tourisme<\/strong>, l&rsquo;<strong>Agence nationale du tourisme (ENIT<\/strong>), et avec la participation de la <strong>municipalit\u00e9 de Rome <\/strong>et de la <strong>r\u00e9gion du Latium<\/strong>.   <\/p>\n\n<p>Apr\u00e8s l&rsquo;\u00e9v\u00e9nement de 2024 qui s&rsquo;est tenu dans la ville australienne de <em>Perth<\/em>, l&rsquo;attente est grande cette ann\u00e9e encore. Le WTTC <strong> <\/strong>est l&rsquo;\u00e9v\u00e9nement mondial qui confirme que<strong> le tourisme est un pilier fondamental de l&rsquo;\u00e9conomie mondiale<\/strong>. Il rassemble des chefs d&rsquo;entreprise, des repr\u00e9sentants institutionnels et des acteurs de l&rsquo;industrie du tourisme pour aborder les principaux d\u00e9fis et opportunit\u00e9s qui fa\u00e7onnent l&rsquo;avenir de l&rsquo;industrie.  <\/p>\n\n<p>Lors des \u00e9ditions pr\u00e9c\u00e9dentes, le WTTC a toujours accueilli des invit\u00e9s prestigieux, des orateurs influents qui ont contribu\u00e9 \u00e0 orienter les politiques mondiales et \u00e0 inspirer le changement, de <em>Barack Obama<\/em> \u00e0 <em>Bill Clinton<\/em>, d&rsquo;anciens premiers ministres britanniques tels que <em>Theresa May, David Cameron<\/em> et <em>Tony Blair<\/em>, \u00e0 l&rsquo;ancien secr\u00e9taire g\u00e9n\u00e9ral des Nations unies <em>Ban Ki-moon<\/em>. <\/p>\n\n<p>L&rsquo;ann\u00e9e derni\u00e8re, la sc\u00e8ne du WTTC a accueilli<em> John Kerry<\/em>, 68e secr\u00e9taire d&rsquo;\u00c9tat am\u00e9ricain, qui a abord\u00e9 les questions urgentes du changement climatique et du tourisme durable, ainsi que l&rsquo;\u00e9cologiste <em>Robert Irwin<\/em>, qui a partag\u00e9 ses r\u00e9flexions sur le r\u00f4le du tourisme dans la protection des habitats naturels.<\/p>\n\n<h1 class=\"wp-block-heading\"><strong>WTTC 2025<\/strong><\/h1>\n\n<p>Les th\u00e8mes de la 25e \u00e9dition du WTTC porteront sur la <strong>transformation num\u00e9rique<\/strong>, le tourisme r\u00e9g\u00e9n\u00e9rateur et les strat\u00e9gies d&rsquo;investissement, la <strong>technologie<\/strong> qui englobe le secteur du tourisme \u00e0 360 degr\u00e9s, et les questions li\u00e9es \u00e0 la <strong>durabilit\u00e9<\/strong>, selon une logique vertueuse qui fonctionne dans le respect de l&rsquo;environnement et la valorisation des territoires.  <\/p>\n\n<p>Notre capitale sera un cadre exceptionnel et l&rsquo;\u00e9dition 2025 promet d&rsquo;\u00eatre un \u00e9v\u00e9nement majeur. Du communiqu\u00e9 du minist\u00e8re du Tourisme, nous citons la d\u00e9claration de la ministre du Tourisme <strong>Daniela Santanch\u00e8<\/strong>: \u00ab\u00a0&#8230; <em>Nous accueillons chaleureusement \u00e0 Rome la 25e \u00e9dition du Sommet mondial du WTTC, un \u00e9v\u00e9nement d&rsquo;importance internationale qui mettra en lumi\u00e8re le r\u00f4le crucial du tourisme dans l&rsquo;\u00e9conomie mondiale. Avec son histoire mill\u00e9naire et sa capacit\u00e9 \u00e0 attirer des visiteurs du monde entier, Rome est le lieu id\u00e9al pour accueillir cette r\u00e9union. <\/em>\u00ab\u00a0.<\/p>\n\n<p>Le ministre ajoute :<em>L&rsquo;Italie est pr\u00eate \u00e0 saisir cette occasion pour renforcer son leadership dans le secteur du tourisme, en promouvant la durabilit\u00e9, l&rsquo;innovation num\u00e9rique et le tourisme exp\u00e9rientiel. Nous sommes convaincus que des \u00e9v\u00e9nements comme celui-ci sont essentiels pour favoriser le dialogue entre les secteurs public et priv\u00e9, stimuler de nouveaux investissements et garantir un avenir prosp\u00e8re \u00e0 un secteur qui est l&rsquo;un des principaux moteurs \u00e9conomiques de notre pays. <\/em><\/p>\n\n<p><em>Nous remercions chaleureusement le WTTC d&rsquo;avoir choisi la capitale italienne pour accueillir le sommet, ainsi que la municipalit\u00e9 de Rome et la r\u00e9gion du Latium, qui ont accueilli l&rsquo;initiative avec enthousiasme d\u00e8s le d\u00e9part. Nous sommes convaincus que cet \u00e9v\u00e9nement contribuera \u00e0 renforcer la visibilit\u00e9 de Rome et de l&rsquo;Italie sur la sc\u00e8ne touristique internationale. <\/em>\u00ab\u00a0.<\/p>\n\n<p>Nous citons \u00e9galement les mots de <strong>Julia Simpson<\/strong>, pr\u00e9sidente et directrice g\u00e9n\u00e9rale du WTTC : \u00ab\u00a0S<em>ous sommes ravis de ramener notre sommet mondial en Europe et de pouvoir braquer les projecteurs sur la ville embl\u00e9matique de Rome. Parmi les destinations urbaines les plus populaires au monde, Rome offrira un cadre id\u00e9al pour accueillir nos membres, nos repr\u00e9sentants institutionnels et nos invit\u00e9s de marque venus des quatre coins du monde. Je tiens \u00e0 remercier le ministre Santanch\u00e8 et l&rsquo;ENIT pour l&rsquo;accueil r\u00e9serv\u00e9 \u00e0 notre sommet, qui sera, j&rsquo;en suis s\u00fbr, un \u00e9v\u00e9nement extraordinaire.  <\/em>\u00ab\u00a0.<\/p>\n\n<p>Comme le pr\u00e9cise le communiqu\u00e9 du minist\u00e8re, de plus amples d\u00e9tails, y compris le programme complet et les intervenants, seront annonc\u00e9s prochainement.<\/p>\n","protected":false},"excerpt":{"rendered":"<p>Apr\u00e8s six ans, l&rsquo;\u00e9v\u00e9nement le plus prestigieux de l&rsquo;industrie du tourisme revient en Europe : Rome accueillera la 25e \u00e9dition du Conseil mondial du voyage et du tourisme. Le sommet mondial se tiendra \u00e0 l&rsquo;Auditorium Parco della Musica, du 28 au 30 septembre 2025. Il est organis\u00e9 en collaboration avec le minist\u00e8re du Tourisme, l&rsquo;Agence [&hellip;]<\/p>\n","protected":false},"author":5,"featured_media":173805,"comment_status":"closed","ping_status":"closed","sticky":false,"template":"","format":"standard","meta":{"_acf_changed":false,"_monsterinsights_skip_tracking":false,"_monsterinsights_sitenote_active":false,"_monsterinsights_sitenote_note":"","_monsterinsights_sitenote_category":0,"footnotes":""},"categories":[4024],"tags":[7087,7086,6138,4565,7088],"class_list":["post-173816","post","type-post","status-publish","format-standard","has-post-thumbnail","hentry","category-actualite","tag-conseil-mondial-du-voyage-et-du-tourisme","tag-lazio-fr","tag-rome-fr","tag-tourisme-fr","tag-wttc-2025-fr"],"acf":[],"yoast_head":"<!-- This site is optimized with the Yoast SEO plugin v27.5 - https:\/\/yoast.com\/product\/yoast-seo-wordpress\/ -->\n<title>World Travel &amp; Tourism Council : WTTC 2025 arrive \u00e0 Rome<\/title>\n<meta name=\"robots\" content=\"index, follow, max-snippet:-1, max-image-preview:large, max-video-preview:-1\" \/>\n<link rel=\"canonical\" href=\"https:\/\/www.mondocamping.com\/fr\/world-travel-tourism-council-wttc-2025-arrive-a-rome\/\" \/>\n<meta property=\"og:locale\" content=\"fr_FR\" \/>\n<meta property=\"og:type\" content=\"article\" \/>\n<meta property=\"og:title\" content=\"World Travel &amp; Tourism Council : WTTC 2025 arrive \u00e0 Rome\" \/>\n<meta property=\"og:description\" content=\"Apr\u00e8s six ans, l&rsquo;\u00e9v\u00e9nement le plus prestigieux de l&rsquo;industrie du tourisme revient en Europe : Rome accueillera la 25e \u00e9dition du Conseil mondial du voyage et du tourisme. Le sommet mondial se tiendra \u00e0 l&rsquo;Auditorium Parco della Musica, du 28 au 30 septembre 2025. Il est organis\u00e9 en collaboration avec le minist\u00e8re du Tourisme, l&rsquo;Agence [&hellip;]\" \/>\n<meta property=\"og:url\" content=\"https:\/\/www.mondocamping.com\/fr\/world-travel-tourism-council-wttc-2025-arrive-a-rome\/\" \/>\n<meta property=\"og:site_name\" content=\"Mondo Camping\" \/>\n<meta property=\"article:publisher\" content=\"https:\/\/www.facebook.com\/mondobalneare\" \/>\n<meta property=\"article:author\" content=\"https:\/\/www.facebook.com\/mondocamping\" \/>\n<meta property=\"article:published_time\" content=\"2025-04-10T14:46:06+00:00\" \/>\n<meta property=\"article:modified_time\" content=\"2025-04-10T14:46:08+00:00\" \/>\n<meta property=\"og:image\" content=\"https:\/\/www.mondocamping.com\/wp-content\/uploads\/2025\/04\/chris-czermak-7ybKmhDTcz0-unsplash-2.jpg\" \/>\n\t<meta property=\"og:image:width\" content=\"1200\" \/>\n\t<meta property=\"og:image:height\" content=\"628\" \/>\n\t<meta property=\"og:image:type\" content=\"image\/jpeg\" \/>\n<meta name=\"author\" content=\"Mondo Camping\" \/>\n<meta name=\"twitter:card\" content=\"summary_large_image\" \/>\n<meta name=\"twitter:creator\" content=\"@mondobalneare\" \/>\n<meta name=\"twitter:site\" content=\"@mondobalneare\" \/>\n<meta name=\"twitter:label1\" content=\"\u00c9crit par\" \/>\n\t<meta name=\"twitter:data1\" content=\"Mondo Camping\" \/>\n\t<meta name=\"twitter:label2\" content=\"Dur\u00e9e de lecture estim\u00e9e\" \/>\n\t<meta name=\"twitter:data2\" content=\"3 minutes\" \/>\n<script type=\"application\/ld+json\" class=\"yoast-schema-graph\">{\"@context\":\"https:\\\/\\\/schema.org\",\"@graph\":[{\"@type\":\"Article\",\"@id\":\"https:\\\/\\\/www.mondocamping.com\\\/fr\\\/world-travel-tourism-council-wttc-2025-arrive-a-rome\\\/#article\",\"isPartOf\":{\"@id\":\"https:\\\/\\\/www.mondocamping.com\\\/fr\\\/world-travel-tourism-council-wttc-2025-arrive-a-rome\\\/\"},\"author\":{\"name\":\"Mondo Camping\",\"@id\":\"https:\\\/\\\/www.mondocamping.com\\\/#\\\/schema\\\/person\\\/01a031b8c5ef08c2204bb0e696f0a760\"},\"headline\":\"World Travel &amp; Tourism Council : WTTC 2025 arrive \u00e0 Rome\",\"datePublished\":\"2025-04-10T14:46:06+00:00\",\"dateModified\":\"2025-04-10T14:46:08+00:00\",\"mainEntityOfPage\":{\"@id\":\"https:\\\/\\\/www.mondocamping.com\\\/fr\\\/world-travel-tourism-council-wttc-2025-arrive-a-rome\\\/\"},\"wordCount\":704,\"publisher\":{\"@id\":\"https:\\\/\\\/www.mondocamping.com\\\/#organization\"},\"image\":{\"@id\":\"https:\\\/\\\/www.mondocamping.com\\\/fr\\\/world-travel-tourism-council-wttc-2025-arrive-a-rome\\\/#primaryimage\"},\"thumbnailUrl\":\"https:\\\/\\\/www.mondocamping.com\\\/wp-content\\\/uploads\\\/2025\\\/04\\\/chris-czermak-7ybKmhDTcz0-unsplash-2.jpg\",\"keywords\":[\"Conseil mondial du voyage et du tourisme\",\"Lazio\",\"Rome\",\"tourisme\",\"WTTC 2025\"],\"articleSection\":[\"Actualit\u00e9\"],\"inLanguage\":\"fr-FR\"},{\"@type\":\"WebPage\",\"@id\":\"https:\\\/\\\/www.mondocamping.com\\\/fr\\\/world-travel-tourism-council-wttc-2025-arrive-a-rome\\\/\",\"url\":\"https:\\\/\\\/www.mondocamping.com\\\/fr\\\/world-travel-tourism-council-wttc-2025-arrive-a-rome\\\/\",\"name\":\"World Travel &amp; Tourism Council : WTTC 2025 arrive \u00e0 Rome\",\"isPartOf\":{\"@id\":\"https:\\\/\\\/www.mondocamping.com\\\/#website\"},\"primaryImageOfPage\":{\"@id\":\"https:\\\/\\\/www.mondocamping.com\\\/fr\\\/world-travel-tourism-council-wttc-2025-arrive-a-rome\\\/#primaryimage\"},\"image\":{\"@id\":\"https:\\\/\\\/www.mondocamping.com\\\/fr\\\/world-travel-tourism-council-wttc-2025-arrive-a-rome\\\/#primaryimage\"},\"thumbnailUrl\":\"https:\\\/\\\/www.mondocamping.com\\\/wp-content\\\/uploads\\\/2025\\\/04\\\/chris-czermak-7ybKmhDTcz0-unsplash-2.jpg\",\"datePublished\":\"2025-04-10T14:46:06+00:00\",\"dateModified\":\"2025-04-10T14:46:08+00:00\",\"breadcrumb\":{\"@id\":\"https:\\\/\\\/www.mondocamping.com\\\/fr\\\/world-travel-tourism-council-wttc-2025-arrive-a-rome\\\/#breadcrumb\"},\"inLanguage\":\"fr-FR\",\"potentialAction\":[{\"@type\":\"ReadAction\",\"target\":[\"https:\\\/\\\/www.mondocamping.com\\\/fr\\\/world-travel-tourism-council-wttc-2025-arrive-a-rome\\\/\"]}]},{\"@type\":\"ImageObject\",\"inLanguage\":\"fr-FR\",\"@id\":\"https:\\\/\\\/www.mondocamping.com\\\/fr\\\/world-travel-tourism-council-wttc-2025-arrive-a-rome\\\/#primaryimage\",\"url\":\"https:\\\/\\\/www.mondocamping.com\\\/wp-content\\\/uploads\\\/2025\\\/04\\\/chris-czermak-7ybKmhDTcz0-unsplash-2.jpg\",\"contentUrl\":\"https:\\\/\\\/www.mondocamping.com\\\/wp-content\\\/uploads\\\/2025\\\/04\\\/chris-czermak-7ybKmhDTcz0-unsplash-2.jpg\",\"width\":1200,\"height\":628,\"caption\":\"Photo credit: Chris Czermak | Unsplash\"},{\"@type\":\"BreadcrumbList\",\"@id\":\"https:\\\/\\\/www.mondocamping.com\\\/fr\\\/world-travel-tourism-council-wttc-2025-arrive-a-rome\\\/#breadcrumb\",\"itemListElement\":[{\"@type\":\"ListItem\",\"position\":1,\"name\":\"Home\",\"item\":\"https:\\\/\\\/www.mondocamping.com\\\/fr\\\/\"},{\"@type\":\"ListItem\",\"position\":2,\"name\":\"World Travel &amp; Tourism Council : WTTC 2025 arrive \u00e0 Rome\"}]},{\"@type\":\"WebSite\",\"@id\":\"https:\\\/\\\/www.mondocamping.com\\\/#website\",\"url\":\"https:\\\/\\\/www.mondocamping.com\\\/\",\"name\":\"Mondo Camping\",\"description\":\"Le portail d\u00e9di\u00e9 aux gestionnaires de campings et villages touristiques\",\"publisher\":{\"@id\":\"https:\\\/\\\/www.mondocamping.com\\\/#organization\"},\"potentialAction\":[{\"@type\":\"SearchAction\",\"target\":{\"@type\":\"EntryPoint\",\"urlTemplate\":\"https:\\\/\\\/www.mondocamping.com\\\/?s={search_term_string}\"},\"query-input\":{\"@type\":\"PropertyValueSpecification\",\"valueRequired\":true,\"valueName\":\"search_term_string\"}}],\"inLanguage\":\"fr-FR\"},{\"@type\":\"Organization\",\"@id\":\"https:\\\/\\\/www.mondocamping.com\\\/#organization\",\"name\":\"Mondo Camping\",\"url\":\"https:\\\/\\\/www.mondocamping.com\\\/\",\"logo\":{\"@type\":\"ImageObject\",\"inLanguage\":\"fr-FR\",\"@id\":\"https:\\\/\\\/www.mondocamping.com\\\/#\\\/schema\\\/logo\\\/image\\\/\",\"url\":\"https:\\\/\\\/www.mondocamping.com\\\/wp-content\\\/uploads\\\/2022\\\/04\\\/mondo-camping-logo-contornato-1.png\",\"contentUrl\":\"https:\\\/\\\/www.mondocamping.com\\\/wp-content\\\/uploads\\\/2022\\\/04\\\/mondo-camping-logo-contornato-1.png\",\"width\":280,\"height\":90,\"caption\":\"Mondo Camping\"},\"image\":{\"@id\":\"https:\\\/\\\/www.mondocamping.com\\\/#\\\/schema\\\/logo\\\/image\\\/\"},\"sameAs\":[\"https:\\\/\\\/www.facebook.com\\\/mondobalneare\",\"https:\\\/\\\/x.com\\\/mondobalneare\",\"https:\\\/\\\/www.instagram.com\\\/mondobalneare\\\/\",\"https:\\\/\\\/www.linkedin.com\\\/company\\\/67180810\\\/\",\"https:\\\/\\\/www.youtube.com\\\/user\\\/mondobalnearevideo\"]},{\"@type\":\"Person\",\"@id\":\"https:\\\/\\\/www.mondocamping.com\\\/#\\\/schema\\\/person\\\/01a031b8c5ef08c2204bb0e696f0a760\",\"name\":\"Mondo Camping\",\"image\":{\"@type\":\"ImageObject\",\"inLanguage\":\"fr-FR\",\"@id\":\"https:\\\/\\\/www.mondocamping.com\\\/wp-content\\\/uploads\\\/2022\\\/05\\\/cropped-icona-MONDO-CAMPING-150x150.png\",\"url\":\"https:\\\/\\\/www.mondocamping.com\\\/wp-content\\\/uploads\\\/2022\\\/05\\\/cropped-icona-MONDO-CAMPING-150x150.png\",\"contentUrl\":\"https:\\\/\\\/www.mondocamping.com\\\/wp-content\\\/uploads\\\/2022\\\/05\\\/cropped-icona-MONDO-CAMPING-150x150.png\",\"caption\":\"Mondo Camping\"},\"sameAs\":[\"https:\\\/\\\/www.mondocamping.com\\\/\",\"https:\\\/\\\/www.facebook.com\\\/mondocamping\"]}]}<\/script>\n<!-- \/ Yoast SEO plugin. -->","yoast_head_json":{"title":"World Travel &amp; Tourism Council : WTTC 2025 arrive \u00e0 Rome","robots":{"index":"index","follow":"follow","max-snippet":"max-snippet:-1","max-image-preview":"max-image-preview:large","max-video-preview":"max-video-preview:-1"},"canonical":"https:\/\/www.mondocamping.com\/fr\/world-travel-tourism-council-wttc-2025-arrive-a-rome\/","og_locale":"fr_FR","og_type":"article","og_title":"World Travel &amp; Tourism Council : WTTC 2025 arrive \u00e0 Rome","og_description":"Apr\u00e8s six ans, l&rsquo;\u00e9v\u00e9nement le plus prestigieux de l&rsquo;industrie du tourisme revient en Europe : Rome accueillera la 25e \u00e9dition du Conseil mondial du voyage et du tourisme. Le sommet mondial se tiendra \u00e0 l&rsquo;Auditorium Parco della Musica, du 28 au 30 septembre 2025. Il est organis\u00e9 en collaboration avec le minist\u00e8re du Tourisme, l&rsquo;Agence [&hellip;]","og_url":"https:\/\/www.mondocamping.com\/fr\/world-travel-tourism-council-wttc-2025-arrive-a-rome\/","og_site_name":"Mondo Camping","article_publisher":"https:\/\/www.facebook.com\/mondobalneare","article_author":"https:\/\/www.facebook.com\/mondocamping","article_published_time":"2025-04-10T14:46:06+00:00","article_modified_time":"2025-04-10T14:46:08+00:00","og_image":[{"width":1200,"height":628,"url":"https:\/\/www.mondocamping.com\/wp-content\/uploads\/2025\/04\/chris-czermak-7ybKmhDTcz0-unsplash-2.jpg","type":"image\/jpeg"}],"author":"Mondo Camping","twitter_card":"summary_large_image","twitter_creator":"@mondobalneare","twitter_site":"@mondobalneare","twitter_misc":{"\u00c9crit par":"Mondo Camping","Dur\u00e9e de lecture estim\u00e9e":"3 minutes"},"schema":{"@context":"https:\/\/schema.org","@graph":[{"@type":"Article","@id":"https:\/\/www.mondocamping.com\/fr\/world-travel-tourism-council-wttc-2025-arrive-a-rome\/#article","isPartOf":{"@id":"https:\/\/www.mondocamping.com\/fr\/world-travel-tourism-council-wttc-2025-arrive-a-rome\/"},"author":{"name":"Mondo Camping","@id":"https:\/\/www.mondocamping.com\/#\/schema\/person\/01a031b8c5ef08c2204bb0e696f0a760"},"headline":"World Travel &amp; Tourism Council : WTTC 2025 arrive \u00e0 Rome","datePublished":"2025-04-10T14:46:06+00:00","dateModified":"2025-04-10T14:46:08+00:00","mainEntityOfPage":{"@id":"https:\/\/www.mondocamping.com\/fr\/world-travel-tourism-council-wttc-2025-arrive-a-rome\/"},"wordCount":704,"publisher":{"@id":"https:\/\/www.mondocamping.com\/#organization"},"image":{"@id":"https:\/\/www.mondocamping.com\/fr\/world-travel-tourism-council-wttc-2025-arrive-a-rome\/#primaryimage"},"thumbnailUrl":"https:\/\/www.mondocamping.com\/wp-content\/uploads\/2025\/04\/chris-czermak-7ybKmhDTcz0-unsplash-2.jpg","keywords":["Conseil mondial du voyage et du tourisme","Lazio","Rome","tourisme","WTTC 2025"],"articleSection":["Actualit\u00e9"],"inLanguage":"fr-FR"},{"@type":"WebPage","@id":"https:\/\/www.mondocamping.com\/fr\/world-travel-tourism-council-wttc-2025-arrive-a-rome\/","url":"https:\/\/www.mondocamping.com\/fr\/world-travel-tourism-council-wttc-2025-arrive-a-rome\/","name":"World Travel &amp; Tourism Council : WTTC 2025 arrive \u00e0 Rome","isPartOf":{"@id":"https:\/\/www.mondocamping.com\/#website"},"primaryImageOfPage":{"@id":"https:\/\/www.mondocamping.com\/fr\/world-travel-tourism-council-wttc-2025-arrive-a-rome\/#primaryimage"},"image":{"@id":"https:\/\/www.mondocamping.com\/fr\/world-travel-tourism-council-wttc-2025-arrive-a-rome\/#primaryimage"},"thumbnailUrl":"https:\/\/www.mondocamping.com\/wp-content\/uploads\/2025\/04\/chris-czermak-7ybKmhDTcz0-unsplash-2.jpg","datePublished":"2025-04-10T14:46:06+00:00","dateModified":"2025-04-10T14:46:08+00:00","breadcrumb":{"@id":"https:\/\/www.mondocamping.com\/fr\/world-travel-tourism-council-wttc-2025-arrive-a-rome\/#breadcrumb"},"inLanguage":"fr-FR","potentialAction":[{"@type":"ReadAction","target":["https:\/\/www.mondocamping.com\/fr\/world-travel-tourism-council-wttc-2025-arrive-a-rome\/"]}]},{"@type":"ImageObject","inLanguage":"fr-FR","@id":"https:\/\/www.mondocamping.com\/fr\/world-travel-tourism-council-wttc-2025-arrive-a-rome\/#primaryimage","url":"https:\/\/www.mondocamping.com\/wp-content\/uploads\/2025\/04\/chris-czermak-7ybKmhDTcz0-unsplash-2.jpg","contentUrl":"https:\/\/www.mondocamping.com\/wp-content\/uploads\/2025\/04\/chris-czermak-7ybKmhDTcz0-unsplash-2.jpg","width":1200,"height":628,"caption":"Photo credit: Chris Czermak | Unsplash"},{"@type":"BreadcrumbList","@id":"https:\/\/www.mondocamping.com\/fr\/world-travel-tourism-council-wttc-2025-arrive-a-rome\/#breadcrumb","itemListElement":[{"@type":"ListItem","position":1,"name":"Home","item":"https:\/\/www.mondocamping.com\/fr\/"},{"@type":"ListItem","position":2,"name":"World Travel &amp; Tourism Council : WTTC 2025 arrive \u00e0 Rome"}]},{"@type":"WebSite","@id":"https:\/\/www.mondocamping.com\/#website","url":"https:\/\/www.mondocamping.com\/","name":"Mondo Camping","description":"Le portail d\u00e9di\u00e9 aux gestionnaires de campings et villages touristiques","publisher":{"@id":"https:\/\/www.mondocamping.com\/#organization"},"potentialAction":[{"@type":"SearchAction","target":{"@type":"EntryPoint","urlTemplate":"https:\/\/www.mondocamping.com\/?s={search_term_string}"},"query-input":{"@type":"PropertyValueSpecification","valueRequired":true,"valueName":"search_term_string"}}],"inLanguage":"fr-FR"},{"@type":"Organization","@id":"https:\/\/www.mondocamping.com\/#organization","name":"Mondo Camping","url":"https:\/\/www.mondocamping.com\/","logo":{"@type":"ImageObject","inLanguage":"fr-FR","@id":"https:\/\/www.mondocamping.com\/#\/schema\/logo\/image\/","url":"https:\/\/www.mondocamping.com\/wp-content\/uploads\/2022\/04\/mondo-camping-logo-contornato-1.png","contentUrl":"https:\/\/www.mondocamping.com\/wp-content\/uploads\/2022\/04\/mondo-camping-logo-contornato-1.png","width":280,"height":90,"caption":"Mondo Camping"},"image":{"@id":"https:\/\/www.mondocamping.com\/#\/schema\/logo\/image\/"},"sameAs":["https:\/\/www.facebook.com\/mondobalneare","https:\/\/x.com\/mondobalneare","https:\/\/www.instagram.com\/mondobalneare\/","https:\/\/www.linkedin.com\/company\/67180810\/","https:\/\/www.youtube.com\/user\/mondobalnearevideo"]},{"@type":"Person","@id":"https:\/\/www.mondocamping.com\/#\/schema\/person\/01a031b8c5ef08c2204bb0e696f0a760","name":"Mondo Camping","image":{"@type":"ImageObject","inLanguage":"fr-FR","@id":"https:\/\/www.mondocamping.com\/wp-content\/uploads\/2022\/05\/cropped-icona-MONDO-CAMPING-150x150.png","url":"https:\/\/www.mondocamping.com\/wp-content\/uploads\/2022\/05\/cropped-icona-MONDO-CAMPING-150x150.png","contentUrl":"https:\/\/www.mondocamping.com\/wp-content\/uploads\/2022\/05\/cropped-icona-MONDO-CAMPING-150x150.png","caption":"Mondo Camping"},"sameAs":["https:\/\/www.mondocamping.com\/","https:\/\/www.facebook.com\/mondocamping"]}]}},"_links":{"self":[{"href":"https:\/\/www.mondocamping.com\/fr\/wp-json\/wp\/v2\/posts\/173816","targetHints":{"allow":["GET"]}}],"collection":[{"href":"https:\/\/www.mondocamping.com\/fr\/wp-json\/wp\/v2\/posts"}],"about":[{"href":"https:\/\/www.mondocamping.com\/fr\/wp-json\/wp\/v2\/types\/post"}],"author":[{"embeddable":true,"href":"https:\/\/www.mondocamping.com\/fr\/wp-json\/wp\/v2\/users\/5"}],"replies":[{"embeddable":true,"href":"https:\/\/www.mondocamping.com\/fr\/wp-json\/wp\/v2\/comments?post=173816"}],"version-history":[{"count":1,"href":"https:\/\/www.mondocamping.com\/fr\/wp-json\/wp\/v2\/posts\/173816\/revisions"}],"predecessor-version":[{"id":173817,"href":"https:\/\/www.mondocamping.com\/fr\/wp-json\/wp\/v2\/posts\/173816\/revisions\/173817"}],"wp:featuredmedia":[{"embeddable":true,"href":"https:\/\/www.mondocamping.com\/fr\/wp-json\/wp\/v2\/media\/173805"}],"wp:attachment":[{"href":"https:\/\/www.mondocamping.com\/fr\/wp-json\/wp\/v2\/media?parent=173816"}],"wp:term":[{"taxonomy":"category","embeddable":true,"href":"https:\/\/www.mondocamping.com\/fr\/wp-json\/wp\/v2\/categories?post=173816"},{"taxonomy":"post_tag","embeddable":true,"href":"https:\/\/www.mondocamping.com\/fr\/wp-json\/wp\/v2\/tags?post=173816"}],"curies":[{"name":"wp","href":"https:\/\/api.w.org\/{rel}","templated":true}]}}