{"id":173919,"date":"2025-04-18T13:20:38","date_gmt":"2025-04-18T11:20:38","guid":{"rendered":"https:\/\/www.mondocamping.com\/paques-en-venetie-boom-des-reservations-pour-les-campings-et-les-villages-de-vacances\/"},"modified":"2025-04-18T13:20:39","modified_gmt":"2025-04-18T11:20:39","slug":"paques-en-venetie-boom-des-reservations-pour-les-campings-et-les-villages-de-vacances","status":"publish","type":"post","link":"https:\/\/www.mondocamping.com\/fr\/paques-en-venetie-boom-des-reservations-pour-les-campings-et-les-villages-de-vacances\/","title":{"rendered":"P\u00e2ques en V\u00e9n\u00e9tie : boom des r\u00e9servations pour les campings et les villages de vacances"},"content":{"rendered":"\n<p><strong>Alberto Granzotto, pr\u00e9sident de<\/strong> FAITA Federcamping, a d\u00e9clar\u00e9 : \u00ab\u00a0&#8230;<em>Les installations sont pr\u00eates \u00e0 accueillir les touristes, qui sont de plus en plus attir\u00e9s par l&rsquo;offre de plein air et sensibles \u00e0 la qualit\u00e9 des services, \u00e0 l&rsquo;inclusion et \u00e0 la durabilit\u00e9. P\u00e2ques ? L&rsquo;horizon est radieux  <\/em>\u00ab\u00a0.  <\/p>\n\n<p>Malgr\u00e9 une m\u00e9t\u00e9o incertaine, les pr\u00e9visions annoncent le d\u00e9but de la saison de plein air en V\u00e9n\u00e9tie. Ceci est confirm\u00e9 par les donn\u00e9es sur l&rsquo;<strong>occupation moyenne acquise des installations, qui a atteint 47,4% de la capacit\u00e9,<\/strong> une augmentation (dans la comparaison des pourcentages) de pas moins de 9 <strong>points de<\/strong> <strong>pourcentage<\/strong> par rapport \u00e0 l&rsquo;ann\u00e9e derni\u00e8re <strong>, o\u00f9 l&rsquo;occupation avait atteint 38,4%. <\/strong>  <\/p>\n\n<p>Un autre point positif qui ressort est l&rsquo;<strong>augmentation du nombre de jours de s\u00e9jour par rapport \u00e0 2024, <\/strong>avec l&rsquo;augmentation significative du jeudi saint, avec +15 points de pourcentage, et du lundi de P\u00e2ques, avec +10 points de pourcentage.<\/p>\n\n<p>Les donn\u00e9es r\u00e9v\u00e8lent \u00e9galement la croissance des<strong>touristes et leur origine<\/strong>: en hausse<strong> <\/strong>Les Autrichiens, les Danois et surtout les Suisses, qui sont pass\u00e9s d&rsquo;une part de 2,2 % \u00e0 une part de 5 %. Les Italiens sont \u00e9galement en hausse, tandis que les Allemands sont en l\u00e9g\u00e8re baisse, m\u00eame si l&rsquo;Allemagne reste sur la premi\u00e8re marche du podium des nationalit\u00e9s qui choisissent la V\u00e9n\u00e9tie en plein air.   <\/p>\n\n<p>Avec plus de <strong>180 campings,<\/strong> une offre de <strong>228 000 lits<\/strong> et <strong>un chiffre d&rsquo;affaires total de 1,3 milliard d&rsquo;<\/strong> euros (y compris les industries connexes), le tourisme de plein air dans la r\u00e9gion reste un fleuron du tourisme national, avec plusieurs r\u00e9compenses \u00e0 l&rsquo;\u00e9tranger et des mod\u00e8les d&rsquo;entreprise que de nombreux pays \u00e9trangers prennent en exemple.<\/p>\n","protected":false},"excerpt":{"rendered":"<p>Alberto Granzotto, pr\u00e9sident de FAITA Federcamping, a d\u00e9clar\u00e9 : \u00ab\u00a0&#8230;Les installations sont pr\u00eates \u00e0 accueillir les touristes, qui sont de plus en plus attir\u00e9s par l&rsquo;offre de plein air et sensibles \u00e0 la qualit\u00e9 des services, \u00e0 l&rsquo;inclusion et \u00e0 la durabilit\u00e9. P\u00e2ques ? L&rsquo;horizon est radieux \u00ab\u00a0. Malgr\u00e9 une m\u00e9t\u00e9o incertaine, les pr\u00e9visions annoncent [&hellip;]<\/p>\n","protected":false},"author":5,"featured_media":171687,"comment_status":"closed","ping_status":"closed","sticky":false,"template":"","format":"standard","meta":{"_acf_changed":false,"_monsterinsights_skip_tracking":false,"_monsterinsights_sitenote_active":false,"_monsterinsights_sitenote_note":"","_monsterinsights_sitenote_category":0,"footnotes":""},"categories":[4024],"tags":[4210,4189,4262,7103,4079,6283],"class_list":["post-173919","post","type-post","status-publish","format-standard","has-post-thumbnail","hentry","category-actualite","tag-camping-fr-2","tag-camping-fr","tag-mondo-camping-fr","tag-paques","tag-tourisme-de-plein-air","tag-venetie"],"acf":[],"yoast_head":"<!-- This site is optimized with the Yoast SEO plugin v27.5 - https:\/\/yoast.com\/product\/yoast-seo-wordpress\/ -->\n<title>P\u00e2ques en V\u00e9n\u00e9tie : boom des r\u00e9servations pour les campings et les villages de vacances<\/title>\n<meta name=\"robots\" content=\"index, follow, max-snippet:-1, max-image-preview:large, max-video-preview:-1\" \/>\n<link rel=\"canonical\" href=\"https:\/\/www.mondocamping.com\/fr\/paques-en-venetie-boom-des-reservations-pour-les-campings-et-les-villages-de-vacances\/\" \/>\n<meta property=\"og:locale\" content=\"fr_FR\" \/>\n<meta property=\"og:type\" content=\"article\" \/>\n<meta property=\"og:title\" content=\"P\u00e2ques en V\u00e9n\u00e9tie : boom des r\u00e9servations pour les campings et les villages de vacances\" \/>\n<meta property=\"og:description\" content=\"Alberto Granzotto, pr\u00e9sident de FAITA Federcamping, a d\u00e9clar\u00e9 : \u00ab\u00a0&#8230;Les installations sont pr\u00eates \u00e0 accueillir les touristes, qui sont de plus en plus attir\u00e9s par l&rsquo;offre de plein air et sensibles \u00e0 la qualit\u00e9 des services, \u00e0 l&rsquo;inclusion et \u00e0 la durabilit\u00e9. P\u00e2ques ? L&rsquo;horizon est radieux \u00ab\u00a0. Malgr\u00e9 une m\u00e9t\u00e9o incertaine, les pr\u00e9visions annoncent [&hellip;]\" \/>\n<meta property=\"og:url\" content=\"https:\/\/www.mondocamping.com\/fr\/paques-en-venetie-boom-des-reservations-pour-les-campings-et-les-villages-de-vacances\/\" \/>\n<meta property=\"og:site_name\" content=\"Mondo Camping\" \/>\n<meta property=\"article:publisher\" content=\"https:\/\/www.facebook.com\/mondobalneare\" \/>\n<meta property=\"article:author\" content=\"https:\/\/www.facebook.com\/mondocamping\" \/>\n<meta property=\"article:published_time\" content=\"2025-04-18T11:20:38+00:00\" \/>\n<meta property=\"article:modified_time\" content=\"2025-04-18T11:20:39+00:00\" \/>\n<meta property=\"og:image\" content=\"https:\/\/www.mondocamping.com\/wp-content\/uploads\/2024\/11\/Cavallino-Treporti-2.jpg\" \/>\n\t<meta property=\"og:image:width\" content=\"1200\" \/>\n\t<meta property=\"og:image:height\" content=\"628\" \/>\n\t<meta property=\"og:image:type\" content=\"image\/jpeg\" \/>\n<meta name=\"author\" content=\"Mondo Camping\" \/>\n<meta name=\"twitter:card\" content=\"summary_large_image\" \/>\n<meta name=\"twitter:creator\" content=\"@mondobalneare\" \/>\n<meta name=\"twitter:site\" content=\"@mondobalneare\" \/>\n<meta name=\"twitter:label1\" content=\"\u00c9crit par\" \/>\n\t<meta name=\"twitter:data1\" content=\"Mondo Camping\" \/>\n\t<meta name=\"twitter:label2\" content=\"Dur\u00e9e de lecture estim\u00e9e\" \/>\n\t<meta name=\"twitter:data2\" content=\"1 minute\" \/>\n<script type=\"application\/ld+json\" class=\"yoast-schema-graph\">{\"@context\":\"https:\\\/\\\/schema.org\",\"@graph\":[{\"@type\":\"Article\",\"@id\":\"https:\\\/\\\/www.mondocamping.com\\\/fr\\\/paques-en-venetie-boom-des-reservations-pour-les-campings-et-les-villages-de-vacances\\\/#article\",\"isPartOf\":{\"@id\":\"https:\\\/\\\/www.mondocamping.com\\\/fr\\\/paques-en-venetie-boom-des-reservations-pour-les-campings-et-les-villages-de-vacances\\\/\"},\"author\":{\"name\":\"Mondo Camping\",\"@id\":\"https:\\\/\\\/www.mondocamping.com\\\/#\\\/schema\\\/person\\\/01a031b8c5ef08c2204bb0e696f0a760\"},\"headline\":\"P\u00e2ques en V\u00e9n\u00e9tie : boom des r\u00e9servations pour les campings et les villages de vacances\",\"datePublished\":\"2025-04-18T11:20:38+00:00\",\"dateModified\":\"2025-04-18T11:20:39+00:00\",\"mainEntityOfPage\":{\"@id\":\"https:\\\/\\\/www.mondocamping.com\\\/fr\\\/paques-en-venetie-boom-des-reservations-pour-les-campings-et-les-villages-de-vacances\\\/\"},\"wordCount\":308,\"publisher\":{\"@id\":\"https:\\\/\\\/www.mondocamping.com\\\/#organization\"},\"image\":{\"@id\":\"https:\\\/\\\/www.mondocamping.com\\\/fr\\\/paques-en-venetie-boom-des-reservations-pour-les-campings-et-les-villages-de-vacances\\\/#primaryimage\"},\"thumbnailUrl\":\"https:\\\/\\\/www.mondocamping.com\\\/wp-content\\\/uploads\\\/2024\\\/11\\\/Cavallino-Treporti-2.jpg\",\"keywords\":[\"camping\",\"camping\",\"Mondo Camping\",\"P\u00e2ques\",\"Tourisme de plein air\",\"V\u00e9n\u00e9tie\"],\"articleSection\":[\"Actualit\u00e9\"],\"inLanguage\":\"fr-FR\"},{\"@type\":\"WebPage\",\"@id\":\"https:\\\/\\\/www.mondocamping.com\\\/fr\\\/paques-en-venetie-boom-des-reservations-pour-les-campings-et-les-villages-de-vacances\\\/\",\"url\":\"https:\\\/\\\/www.mondocamping.com\\\/fr\\\/paques-en-venetie-boom-des-reservations-pour-les-campings-et-les-villages-de-vacances\\\/\",\"name\":\"P\u00e2ques en V\u00e9n\u00e9tie : boom des r\u00e9servations pour les campings et les villages de vacances\",\"isPartOf\":{\"@id\":\"https:\\\/\\\/www.mondocamping.com\\\/#website\"},\"primaryImageOfPage\":{\"@id\":\"https:\\\/\\\/www.mondocamping.com\\\/fr\\\/paques-en-venetie-boom-des-reservations-pour-les-campings-et-les-villages-de-vacances\\\/#primaryimage\"},\"image\":{\"@id\":\"https:\\\/\\\/www.mondocamping.com\\\/fr\\\/paques-en-venetie-boom-des-reservations-pour-les-campings-et-les-villages-de-vacances\\\/#primaryimage\"},\"thumbnailUrl\":\"https:\\\/\\\/www.mondocamping.com\\\/wp-content\\\/uploads\\\/2024\\\/11\\\/Cavallino-Treporti-2.jpg\",\"datePublished\":\"2025-04-18T11:20:38+00:00\",\"dateModified\":\"2025-04-18T11:20:39+00:00\",\"breadcrumb\":{\"@id\":\"https:\\\/\\\/www.mondocamping.com\\\/fr\\\/paques-en-venetie-boom-des-reservations-pour-les-campings-et-les-villages-de-vacances\\\/#breadcrumb\"},\"inLanguage\":\"fr-FR\",\"potentialAction\":[{\"@type\":\"ReadAction\",\"target\":[\"https:\\\/\\\/www.mondocamping.com\\\/fr\\\/paques-en-venetie-boom-des-reservations-pour-les-campings-et-les-villages-de-vacances\\\/\"]}]},{\"@type\":\"ImageObject\",\"inLanguage\":\"fr-FR\",\"@id\":\"https:\\\/\\\/www.mondocamping.com\\\/fr\\\/paques-en-venetie-boom-des-reservations-pour-les-campings-et-les-villages-de-vacances\\\/#primaryimage\",\"url\":\"https:\\\/\\\/www.mondocamping.com\\\/wp-content\\\/uploads\\\/2024\\\/11\\\/Cavallino-Treporti-2.jpg\",\"contentUrl\":\"https:\\\/\\\/www.mondocamping.com\\\/wp-content\\\/uploads\\\/2024\\\/11\\\/Cavallino-Treporti-2.jpg\",\"width\":1200,\"height\":628},{\"@type\":\"BreadcrumbList\",\"@id\":\"https:\\\/\\\/www.mondocamping.com\\\/fr\\\/paques-en-venetie-boom-des-reservations-pour-les-campings-et-les-villages-de-vacances\\\/#breadcrumb\",\"itemListElement\":[{\"@type\":\"ListItem\",\"position\":1,\"name\":\"Home\",\"item\":\"https:\\\/\\\/www.mondocamping.com\\\/fr\\\/\"},{\"@type\":\"ListItem\",\"position\":2,\"name\":\"P\u00e2ques en V\u00e9n\u00e9tie : boom des r\u00e9servations pour les campings et les villages de vacances\"}]},{\"@type\":\"WebSite\",\"@id\":\"https:\\\/\\\/www.mondocamping.com\\\/#website\",\"url\":\"https:\\\/\\\/www.mondocamping.com\\\/\",\"name\":\"Mondo Camping\",\"description\":\"Le portail d\u00e9di\u00e9 aux gestionnaires de campings et villages touristiques\",\"publisher\":{\"@id\":\"https:\\\/\\\/www.mondocamping.com\\\/#organization\"},\"potentialAction\":[{\"@type\":\"SearchAction\",\"target\":{\"@type\":\"EntryPoint\",\"urlTemplate\":\"https:\\\/\\\/www.mondocamping.com\\\/?s={search_term_string}\"},\"query-input\":{\"@type\":\"PropertyValueSpecification\",\"valueRequired\":true,\"valueName\":\"search_term_string\"}}],\"inLanguage\":\"fr-FR\"},{\"@type\":\"Organization\",\"@id\":\"https:\\\/\\\/www.mondocamping.com\\\/#organization\",\"name\":\"Mondo Camping\",\"url\":\"https:\\\/\\\/www.mondocamping.com\\\/\",\"logo\":{\"@type\":\"ImageObject\",\"inLanguage\":\"fr-FR\",\"@id\":\"https:\\\/\\\/www.mondocamping.com\\\/#\\\/schema\\\/logo\\\/image\\\/\",\"url\":\"https:\\\/\\\/www.mondocamping.com\\\/wp-content\\\/uploads\\\/2022\\\/04\\\/mondo-camping-logo-contornato-1.png\",\"contentUrl\":\"https:\\\/\\\/www.mondocamping.com\\\/wp-content\\\/uploads\\\/2022\\\/04\\\/mondo-camping-logo-contornato-1.png\",\"width\":280,\"height\":90,\"caption\":\"Mondo Camping\"},\"image\":{\"@id\":\"https:\\\/\\\/www.mondocamping.com\\\/#\\\/schema\\\/logo\\\/image\\\/\"},\"sameAs\":[\"https:\\\/\\\/www.facebook.com\\\/mondobalneare\",\"https:\\\/\\\/x.com\\\/mondobalneare\",\"https:\\\/\\\/www.instagram.com\\\/mondobalneare\\\/\",\"https:\\\/\\\/www.linkedin.com\\\/company\\\/67180810\\\/\",\"https:\\\/\\\/www.youtube.com\\\/user\\\/mondobalnearevideo\"]},{\"@type\":\"Person\",\"@id\":\"https:\\\/\\\/www.mondocamping.com\\\/#\\\/schema\\\/person\\\/01a031b8c5ef08c2204bb0e696f0a760\",\"name\":\"Mondo Camping\",\"image\":{\"@type\":\"ImageObject\",\"inLanguage\":\"fr-FR\",\"@id\":\"https:\\\/\\\/www.mondocamping.com\\\/wp-content\\\/uploads\\\/2022\\\/05\\\/cropped-icona-MONDO-CAMPING-150x150.png\",\"url\":\"https:\\\/\\\/www.mondocamping.com\\\/wp-content\\\/uploads\\\/2022\\\/05\\\/cropped-icona-MONDO-CAMPING-150x150.png\",\"contentUrl\":\"https:\\\/\\\/www.mondocamping.com\\\/wp-content\\\/uploads\\\/2022\\\/05\\\/cropped-icona-MONDO-CAMPING-150x150.png\",\"caption\":\"Mondo Camping\"},\"sameAs\":[\"https:\\\/\\\/www.mondocamping.com\\\/\",\"https:\\\/\\\/www.facebook.com\\\/mondocamping\"]}]}<\/script>\n<!-- \/ Yoast SEO plugin. -->","yoast_head_json":{"title":"P\u00e2ques en V\u00e9n\u00e9tie : boom des r\u00e9servations pour les campings et les villages de vacances","robots":{"index":"index","follow":"follow","max-snippet":"max-snippet:-1","max-image-preview":"max-image-preview:large","max-video-preview":"max-video-preview:-1"},"canonical":"https:\/\/www.mondocamping.com\/fr\/paques-en-venetie-boom-des-reservations-pour-les-campings-et-les-villages-de-vacances\/","og_locale":"fr_FR","og_type":"article","og_title":"P\u00e2ques en V\u00e9n\u00e9tie : boom des r\u00e9servations pour les campings et les villages de vacances","og_description":"Alberto Granzotto, pr\u00e9sident de FAITA Federcamping, a d\u00e9clar\u00e9 : \u00ab\u00a0&#8230;Les installations sont pr\u00eates \u00e0 accueillir les touristes, qui sont de plus en plus attir\u00e9s par l&rsquo;offre de plein air et sensibles \u00e0 la qualit\u00e9 des services, \u00e0 l&rsquo;inclusion et \u00e0 la durabilit\u00e9. P\u00e2ques ? L&rsquo;horizon est radieux \u00ab\u00a0. Malgr\u00e9 une m\u00e9t\u00e9o incertaine, les pr\u00e9visions annoncent [&hellip;]","og_url":"https:\/\/www.mondocamping.com\/fr\/paques-en-venetie-boom-des-reservations-pour-les-campings-et-les-villages-de-vacances\/","og_site_name":"Mondo Camping","article_publisher":"https:\/\/www.facebook.com\/mondobalneare","article_author":"https:\/\/www.facebook.com\/mondocamping","article_published_time":"2025-04-18T11:20:38+00:00","article_modified_time":"2025-04-18T11:20:39+00:00","og_image":[{"width":1200,"height":628,"url":"https:\/\/www.mondocamping.com\/wp-content\/uploads\/2024\/11\/Cavallino-Treporti-2.jpg","type":"image\/jpeg"}],"author":"Mondo Camping","twitter_card":"summary_large_image","twitter_creator":"@mondobalneare","twitter_site":"@mondobalneare","twitter_misc":{"\u00c9crit par":"Mondo Camping","Dur\u00e9e de lecture estim\u00e9e":"1 minute"},"schema":{"@context":"https:\/\/schema.org","@graph":[{"@type":"Article","@id":"https:\/\/www.mondocamping.com\/fr\/paques-en-venetie-boom-des-reservations-pour-les-campings-et-les-villages-de-vacances\/#article","isPartOf":{"@id":"https:\/\/www.mondocamping.com\/fr\/paques-en-venetie-boom-des-reservations-pour-les-campings-et-les-villages-de-vacances\/"},"author":{"name":"Mondo Camping","@id":"https:\/\/www.mondocamping.com\/#\/schema\/person\/01a031b8c5ef08c2204bb0e696f0a760"},"headline":"P\u00e2ques en V\u00e9n\u00e9tie : boom des r\u00e9servations pour les campings et les villages de vacances","datePublished":"2025-04-18T11:20:38+00:00","dateModified":"2025-04-18T11:20:39+00:00","mainEntityOfPage":{"@id":"https:\/\/www.mondocamping.com\/fr\/paques-en-venetie-boom-des-reservations-pour-les-campings-et-les-villages-de-vacances\/"},"wordCount":308,"publisher":{"@id":"https:\/\/www.mondocamping.com\/#organization"},"image":{"@id":"https:\/\/www.mondocamping.com\/fr\/paques-en-venetie-boom-des-reservations-pour-les-campings-et-les-villages-de-vacances\/#primaryimage"},"thumbnailUrl":"https:\/\/www.mondocamping.com\/wp-content\/uploads\/2024\/11\/Cavallino-Treporti-2.jpg","keywords":["camping","camping","Mondo Camping","P\u00e2ques","Tourisme de plein air","V\u00e9n\u00e9tie"],"articleSection":["Actualit\u00e9"],"inLanguage":"fr-FR"},{"@type":"WebPage","@id":"https:\/\/www.mondocamping.com\/fr\/paques-en-venetie-boom-des-reservations-pour-les-campings-et-les-villages-de-vacances\/","url":"https:\/\/www.mondocamping.com\/fr\/paques-en-venetie-boom-des-reservations-pour-les-campings-et-les-villages-de-vacances\/","name":"P\u00e2ques en V\u00e9n\u00e9tie : boom des r\u00e9servations pour les campings et les villages de vacances","isPartOf":{"@id":"https:\/\/www.mondocamping.com\/#website"},"primaryImageOfPage":{"@id":"https:\/\/www.mondocamping.com\/fr\/paques-en-venetie-boom-des-reservations-pour-les-campings-et-les-villages-de-vacances\/#primaryimage"},"image":{"@id":"https:\/\/www.mondocamping.com\/fr\/paques-en-venetie-boom-des-reservations-pour-les-campings-et-les-villages-de-vacances\/#primaryimage"},"thumbnailUrl":"https:\/\/www.mondocamping.com\/wp-content\/uploads\/2024\/11\/Cavallino-Treporti-2.jpg","datePublished":"2025-04-18T11:20:38+00:00","dateModified":"2025-04-18T11:20:39+00:00","breadcrumb":{"@id":"https:\/\/www.mondocamping.com\/fr\/paques-en-venetie-boom-des-reservations-pour-les-campings-et-les-villages-de-vacances\/#breadcrumb"},"inLanguage":"fr-FR","potentialAction":[{"@type":"ReadAction","target":["https:\/\/www.mondocamping.com\/fr\/paques-en-venetie-boom-des-reservations-pour-les-campings-et-les-villages-de-vacances\/"]}]},{"@type":"ImageObject","inLanguage":"fr-FR","@id":"https:\/\/www.mondocamping.com\/fr\/paques-en-venetie-boom-des-reservations-pour-les-campings-et-les-villages-de-vacances\/#primaryimage","url":"https:\/\/www.mondocamping.com\/wp-content\/uploads\/2024\/11\/Cavallino-Treporti-2.jpg","contentUrl":"https:\/\/www.mondocamping.com\/wp-content\/uploads\/2024\/11\/Cavallino-Treporti-2.jpg","width":1200,"height":628},{"@type":"BreadcrumbList","@id":"https:\/\/www.mondocamping.com\/fr\/paques-en-venetie-boom-des-reservations-pour-les-campings-et-les-villages-de-vacances\/#breadcrumb","itemListElement":[{"@type":"ListItem","position":1,"name":"Home","item":"https:\/\/www.mondocamping.com\/fr\/"},{"@type":"ListItem","position":2,"name":"P\u00e2ques en V\u00e9n\u00e9tie : boom des r\u00e9servations pour les campings et les villages de vacances"}]},{"@type":"WebSite","@id":"https:\/\/www.mondocamping.com\/#website","url":"https:\/\/www.mondocamping.com\/","name":"Mondo Camping","description":"Le portail d\u00e9di\u00e9 aux gestionnaires de campings et villages touristiques","publisher":{"@id":"https:\/\/www.mondocamping.com\/#organization"},"potentialAction":[{"@type":"SearchAction","target":{"@type":"EntryPoint","urlTemplate":"https:\/\/www.mondocamping.com\/?s={search_term_string}"},"query-input":{"@type":"PropertyValueSpecification","valueRequired":true,"valueName":"search_term_string"}}],"inLanguage":"fr-FR"},{"@type":"Organization","@id":"https:\/\/www.mondocamping.com\/#organization","name":"Mondo Camping","url":"https:\/\/www.mondocamping.com\/","logo":{"@type":"ImageObject","inLanguage":"fr-FR","@id":"https:\/\/www.mondocamping.com\/#\/schema\/logo\/image\/","url":"https:\/\/www.mondocamping.com\/wp-content\/uploads\/2022\/04\/mondo-camping-logo-contornato-1.png","contentUrl":"https:\/\/www.mondocamping.com\/wp-content\/uploads\/2022\/04\/mondo-camping-logo-contornato-1.png","width":280,"height":90,"caption":"Mondo Camping"},"image":{"@id":"https:\/\/www.mondocamping.com\/#\/schema\/logo\/image\/"},"sameAs":["https:\/\/www.facebook.com\/mondobalneare","https:\/\/x.com\/mondobalneare","https:\/\/www.instagram.com\/mondobalneare\/","https:\/\/www.linkedin.com\/company\/67180810\/","https:\/\/www.youtube.com\/user\/mondobalnearevideo"]},{"@type":"Person","@id":"https:\/\/www.mondocamping.com\/#\/schema\/person\/01a031b8c5ef08c2204bb0e696f0a760","name":"Mondo Camping","image":{"@type":"ImageObject","inLanguage":"fr-FR","@id":"https:\/\/www.mondocamping.com\/wp-content\/uploads\/2022\/05\/cropped-icona-MONDO-CAMPING-150x150.png","url":"https:\/\/www.mondocamping.com\/wp-content\/uploads\/2022\/05\/cropped-icona-MONDO-CAMPING-150x150.png","contentUrl":"https:\/\/www.mondocamping.com\/wp-content\/uploads\/2022\/05\/cropped-icona-MONDO-CAMPING-150x150.png","caption":"Mondo Camping"},"sameAs":["https:\/\/www.mondocamping.com\/","https:\/\/www.facebook.com\/mondocamping"]}]}},"_links":{"self":[{"href":"https:\/\/www.mondocamping.com\/fr\/wp-json\/wp\/v2\/posts\/173919","targetHints":{"allow":["GET"]}}],"collection":[{"href":"https:\/\/www.mondocamping.com\/fr\/wp-json\/wp\/v2\/posts"}],"about":[{"href":"https:\/\/www.mondocamping.com\/fr\/wp-json\/wp\/v2\/types\/post"}],"author":[{"embeddable":true,"href":"https:\/\/www.mondocamping.com\/fr\/wp-json\/wp\/v2\/users\/5"}],"replies":[{"embeddable":true,"href":"https:\/\/www.mondocamping.com\/fr\/wp-json\/wp\/v2\/comments?post=173919"}],"version-history":[{"count":1,"href":"https:\/\/www.mondocamping.com\/fr\/wp-json\/wp\/v2\/posts\/173919\/revisions"}],"predecessor-version":[{"id":173920,"href":"https:\/\/www.mondocamping.com\/fr\/wp-json\/wp\/v2\/posts\/173919\/revisions\/173920"}],"wp:featuredmedia":[{"embeddable":true,"href":"https:\/\/www.mondocamping.com\/fr\/wp-json\/wp\/v2\/media\/171687"}],"wp:attachment":[{"href":"https:\/\/www.mondocamping.com\/fr\/wp-json\/wp\/v2\/media?parent=173919"}],"wp:term":[{"taxonomy":"category","embeddable":true,"href":"https:\/\/www.mondocamping.com\/fr\/wp-json\/wp\/v2\/categories?post=173919"},{"taxonomy":"post_tag","embeddable":true,"href":"https:\/\/www.mondocamping.com\/fr\/wp-json\/wp\/v2\/tags?post=173919"}],"curies":[{"name":"wp","href":"https:\/\/api.w.org\/{rel}","templated":true}]}}