{"id":173933,"date":"2025-04-18T13:47:25","date_gmt":"2025-04-18T11:47:25","guid":{"rendered":"https:\/\/www.mondocamping.com\/paques-a-cavallino-treporti-coup-denvoi-de-la-saison-touristique-2025\/"},"modified":"2025-04-18T13:47:26","modified_gmt":"2025-04-18T11:47:26","slug":"paques-a-cavallino-treporti-coup-denvoi-de-la-saison-touristique-2025","status":"publish","type":"post","link":"https:\/\/www.mondocamping.com\/fr\/paques-a-cavallino-treporti-coup-denvoi-de-la-saison-touristique-2025\/","title":{"rendered":"P\u00e2ques \u00e0 Cavallino-Treporti : coup d&rsquo;envoi de la saison touristique 2025"},"content":{"rendered":"\n<p><strong>Cavallino Treporti est la premi\u00e8re destination baln\u00e9aire d&rsquo;Italie en termes de nombre de touristes<\/strong>, une destination populaire \u00e9galement pour les s\u00e9jours en plein air. Un joyau dans la couronne de notre belle Italie, qui, pendant la p\u00e9riode de P\u00e2ques, devient une attraction pour les touristes nationaux et internationaux. <\/p>\n\n<p><strong>P\u00e2ques <\/strong>et le <strong>lundi de P\u00e2ques <\/strong>approchent \u00e0 grands pas et d\u00e9j\u00e0 les premiers campings et villages touristiques du Cavallino Treporti ont <strong>ouvert<\/strong> leurs portes pour accueillir les visiteurs : hier, 17 avril, <strong>plus d&rsquo;un tiers des structures d&rsquo;h\u00e9bergement sont d\u00e9j\u00e0 ouvertes, et ce chiffre passera \u00e0 deux tiers la semaine suivante.<\/strong> <\/p>\n\n<p>Pour lancer au mieux la saison touristique 2025, l&rsquo;administration a encore am\u00e9lior\u00e9 la zone, rendant la station r\u00e9nov\u00e9e et plus accueillante, gr\u00e2ce aux nombreuses interventions sur la verdure et le mobilier urbain r\u00e9alis\u00e9es ces derniers mois.  <\/p>\n\n<h2 class=\"wp-block-heading\">Donn\u00e9es croissantes<\/h2>\n\n<p>Les moteurs sont donc officiellement en train de chauffer et, malgr\u00e9 les derniers jours de temps instable, <strong>les perspectives pour la saison sont vraiment bonnes<\/strong> selon l&rsquo;image prise par <strong>FAITA Federcamping<\/strong> sur la base des r\u00e9servations et des donn\u00e9es trait\u00e9es par <strong>HBenchmark<\/strong>.<\/p>\n\n<p>En effet, \u00e0 la fin du mois de mars 2025, l&rsquo;occupation moyenne acquise des installations de la V\u00e9n\u00e9tie avait d\u00e9j\u00e0 atteint 47,4 % de leur capacit\u00e9, soit une augmentation, en comparant les pourcentages, de pas moins de 9 points de pourcentage par rapport \u00e0 la m\u00eame p\u00e9riode en 2024, o\u00f9 l&rsquo;occupation acquise s&rsquo;\u00e9levait \u00e0 38,4 %. Il faut tenir compte du fait que les vacances de P\u00e2ques de l&rsquo;ann\u00e9e derni\u00e8re (28 mars &#8211; 2 avril) ont eu lieu plus de deux semaines avant celles de 2025 (17-22 avril), avec une plus grande probabilit\u00e9 de temp\u00e9ratures plus basses et de temps incertain. <\/p>\n\n<p>Les attentes positives sont confirm\u00e9es par le pr\u00e9sident de l&rsquo;Assocamping Cavallino-Treporti, <em><strong>Francesco Berton<\/strong><\/em>: \u00ab\u00a0<em>La nouvelle saison 2025 d\u00e9marre avec des pr\u00e9visions d&rsquo;occupation pour la p\u00e9riode de P\u00e2ques qui d\u00e9passent environ la moiti\u00e9 de la capacit\u00e9 d&rsquo;h\u00e9bergement de la r\u00e9gion. D\u00e8s P\u00e2ques, nous aurons en fait la moiti\u00e9 des campings ouverts et par rapport \u00e0 l&rsquo;\u00e9t\u00e9 dernier, c&rsquo;est un chiffre tr\u00e8s important, parce que la saisonnalit\u00e9 cette ann\u00e9e est certainement favoris\u00e9e par le calendrier, gr\u00e2ce \u00e0 P\u00e2ques avec les ponts qui suivent et ensuite les vacances allemandes. Cela signifie pr\u00e9cis\u00e9ment une plus grande continuit\u00e9 des pr\u00e9sences tout au long de la saison, donc les perspectives sont bonnes.  <\/em>\u00ab\u00a0.<\/p>\n\n<h2 class=\"wp-block-heading\">Augmentation du nombre de jours de s\u00e9jour<\/h2>\n\n<p>Parmi les notes positives de cette f\u00eate de P\u00e2ques rapport\u00e9es par HBenchmark, figure \u00e9galement l&rsquo;<strong>augmentation du nombre de jours de s\u00e9jour<\/strong>: ceux qui connaissent l&rsquo;augmentation la plus significative par rapport \u00e0 2024 sont le jeudi saint avec +15 points de pourcentage, le lundi de P\u00e2ques et le mardi suivant (+10 points de pourcentage). En raison du d\u00e9calage temporel, le jour f\u00e9ri\u00e9 tombant \u00e0 la fin du printemps et \u00e0 proximit\u00e9 des longs week-ends du 25 avril et du 1er mai, la dur\u00e9e du s\u00e9jour augmente pour tous les types d&rsquo;h\u00e9bergement. <\/p>\n\n<p>Le maire <strong><em>Roberta Nesto<\/em><\/strong> d\u00e9clare : &lsquo;<em>Si l&rsquo;on en croit la matin\u00e9e, la saison sera bonne. Les r\u00e9servations sont l\u00e0 et les pr\u00e9visions sont positives. \u00c9videmment, cela d\u00e9pendra beaucoup de la m\u00e9t\u00e9o, mais nous sommes absolument convaincus que l&rsquo;\u00e9t\u00e9 sera bon. Nous avons pr\u00e9par\u00e9 notre territoire et les structures d&rsquo;h\u00e9bergement ont fait de m\u00eame pour l&rsquo;accueil des h\u00f4tes, de mani\u00e8re excellente, comme chaque ann\u00e9e\u00a0\u00bb.   <\/em>.<\/p>\n\n<h2 class=\"wp-block-heading\">V. Pisani Mus\u00e9e de la batterie et comit\u00e9 technique scientifique<\/h2>\n\n<p>Avec le d\u00e9but de la saison touristique, comme le veut la tradition, le <strong>Mus\u00e9e de la Batterie V. Pisani<\/strong> ouvrira \u00e9galement ses portes. En 2024, il a enregistr\u00e9 une augmentation de 5 % du nombre de visiteurs par rapport \u00e0 2023, avec 9 891 entr\u00e9es au cours des 172 jours d&rsquo;ouverture. Pour 2025, on s&rsquo;attend \u00e0 ce que les chiffres augmentent encore, gr\u00e2ce aussi aux innovations continues introduites d&rsquo;ann\u00e9e en ann\u00e9e par le Consortium du Parc Touristique, qui g\u00e8re le Mus\u00e9e. <\/p>\n\n<p><strong><em>Mattia Enzo<\/em><\/strong>pr\u00e9sident du Consortium du parc touristique, d\u00e9clare<em>: \u00ab\u00a0Nous continuons \u00e0 mettre en \u0153uvre des outils technologiques, des audioguides multilingues aux vid\u00e9os LIS pour rendre le contenu accessible aux utilisateurs sourds, en passant par les hologrammes et les syst\u00e8mes oculus qui nous permettent de revivre des sc\u00e8nes du pass\u00e9 d&rsquo;une mani\u00e8re tr\u00e8s attrayante<\/em>.<\/p>\n\n<p>Par ailleurs, parmi les grandes nouvelles, l&rsquo;administration et le consortium poursuivent leur collaboration avec la Marine et initient la <strong>mise en place d&rsquo;un comit\u00e9 technico-scientifique<\/strong>.<\/p>\n\n<p><em>Gr\u00e2ce aux excellentes relations avec la marine\u00a0\u00bb<\/em>, confirme Enzo  <em>&#8211; Nous essayons \u00e9galement de r\u00e9cup\u00e9rer des reliques appartenant aux batteries de la r\u00e9gion de Cavallino-Treporti afin de mettre en \u0153uvre les expositions avec des nouveaut\u00e9s encore plus importantes. Nous avons envisag\u00e9 de cr\u00e9er un comit\u00e9 technico-scientifique pour poursuivre la mise en valeur du patrimoine historique de la zone, qui comprend la Via dei Forti et la centralit\u00e9 de la Batterie V. Pisani. <\/em>  conclut le maire Nesto  <em>-afin de faire comprendre que ces lieux, o\u00f9 se sont d\u00e9roul\u00e9s des combats, sont aujourd&rsquo;hui des lieux de paix, des lieux de culture, des lieux de socialisation, de confrontation et de rencontre. Le comit\u00e9 sera compos\u00e9 de personnalit\u00e9s li\u00e9es \u00e0 l&rsquo;histoire locale, \u00e0 la recherche, \u00e0 la culture, mais aussi au tourisme <\/em>\u00ab\u00a0.<br\/><br\/><\/p>\n\n<p><\/p>\n","protected":false},"excerpt":{"rendered":"<p>Cavallino Treporti est la premi\u00e8re destination baln\u00e9aire d&rsquo;Italie en termes de nombre de touristes, une destination populaire \u00e9galement pour les s\u00e9jours en plein air. Un joyau dans la couronne de notre belle Italie, qui, pendant la p\u00e9riode de P\u00e2ques, devient une attraction pour les touristes nationaux et internationaux. P\u00e2ques et le lundi de P\u00e2ques approchent [&hellip;]<\/p>\n","protected":false},"author":5,"featured_media":173923,"comment_status":"closed","ping_status":"closed","sticky":false,"template":"","format":"standard","meta":{"_acf_changed":false,"_monsterinsights_skip_tracking":false,"_monsterinsights_sitenote_active":false,"_monsterinsights_sitenote_note":"","_monsterinsights_sitenote_category":0,"footnotes":""},"categories":[4024],"tags":[3753,1863,1761,4212,6851,3856,7103,4079,6283],"class_list":["post-173933","post","type-post","status-publish","format-standard","has-post-thumbnail","hentry","category-actualite","tag-camping","tag-cavallino-treporti","tag-faita-federcamping","tag-italie","tag-lair-libre","tag-mondo-camping","tag-paques","tag-tourisme-de-plein-air","tag-venetie"],"acf":[],"yoast_head":"<!-- This site is optimized with the Yoast SEO plugin v27.5 - https:\/\/yoast.com\/product\/yoast-seo-wordpress\/ -->\n<title>P\u00e2ques \u00e0 Cavallino-Treporti : coup d&#039;envoi de la saison touristique 2025<\/title>\n<meta name=\"robots\" content=\"index, follow, max-snippet:-1, max-image-preview:large, max-video-preview:-1\" \/>\n<link rel=\"canonical\" href=\"https:\/\/www.mondocamping.com\/fr\/paques-a-cavallino-treporti-coup-denvoi-de-la-saison-touristique-2025\/\" \/>\n<meta property=\"og:locale\" content=\"fr_FR\" \/>\n<meta property=\"og:type\" content=\"article\" \/>\n<meta property=\"og:title\" content=\"P\u00e2ques \u00e0 Cavallino-Treporti : coup d&#039;envoi de la saison touristique 2025\" \/>\n<meta property=\"og:description\" content=\"Cavallino Treporti est la premi\u00e8re destination baln\u00e9aire d&rsquo;Italie en termes de nombre de touristes, une destination populaire \u00e9galement pour les s\u00e9jours en plein air. Un joyau dans la couronne de notre belle Italie, qui, pendant la p\u00e9riode de P\u00e2ques, devient une attraction pour les touristes nationaux et internationaux. P\u00e2ques et le lundi de P\u00e2ques approchent [&hellip;]\" \/>\n<meta property=\"og:url\" content=\"https:\/\/www.mondocamping.com\/fr\/paques-a-cavallino-treporti-coup-denvoi-de-la-saison-touristique-2025\/\" \/>\n<meta property=\"og:site_name\" content=\"Mondo Camping\" \/>\n<meta property=\"article:publisher\" content=\"https:\/\/www.facebook.com\/mondobalneare\" \/>\n<meta property=\"article:author\" content=\"https:\/\/www.facebook.com\/mondocamping\" \/>\n<meta property=\"article:published_time\" content=\"2025-04-18T11:47:25+00:00\" \/>\n<meta property=\"article:modified_time\" content=\"2025-04-18T11:47:26+00:00\" \/>\n<meta property=\"og:image\" content=\"https:\/\/www.mondocamping.com\/wp-content\/uploads\/2025\/04\/3F8H9922-2.jpg\" \/>\n\t<meta property=\"og:image:width\" content=\"1200\" \/>\n\t<meta property=\"og:image:height\" content=\"628\" \/>\n\t<meta property=\"og:image:type\" content=\"image\/jpeg\" \/>\n<meta name=\"author\" content=\"Mondo Camping\" \/>\n<meta name=\"twitter:card\" content=\"summary_large_image\" \/>\n<meta name=\"twitter:creator\" content=\"@mondobalneare\" \/>\n<meta name=\"twitter:site\" content=\"@mondobalneare\" \/>\n<meta name=\"twitter:label1\" content=\"\u00c9crit par\" \/>\n\t<meta name=\"twitter:data1\" content=\"Mondo Camping\" \/>\n\t<meta name=\"twitter:label2\" content=\"Dur\u00e9e de lecture estim\u00e9e\" \/>\n\t<meta name=\"twitter:data2\" content=\"5 minutes\" \/>\n<script type=\"application\/ld+json\" class=\"yoast-schema-graph\">{\"@context\":\"https:\\\/\\\/schema.org\",\"@graph\":[{\"@type\":\"Article\",\"@id\":\"https:\\\/\\\/www.mondocamping.com\\\/fr\\\/paques-a-cavallino-treporti-coup-denvoi-de-la-saison-touristique-2025\\\/#article\",\"isPartOf\":{\"@id\":\"https:\\\/\\\/www.mondocamping.com\\\/fr\\\/paques-a-cavallino-treporti-coup-denvoi-de-la-saison-touristique-2025\\\/\"},\"author\":{\"name\":\"Mondo Camping\",\"@id\":\"https:\\\/\\\/www.mondocamping.com\\\/#\\\/schema\\\/person\\\/01a031b8c5ef08c2204bb0e696f0a760\"},\"headline\":\"P\u00e2ques \u00e0 Cavallino-Treporti : coup d&rsquo;envoi de la saison touristique 2025\",\"datePublished\":\"2025-04-18T11:47:25+00:00\",\"dateModified\":\"2025-04-18T11:47:26+00:00\",\"mainEntityOfPage\":{\"@id\":\"https:\\\/\\\/www.mondocamping.com\\\/fr\\\/paques-a-cavallino-treporti-coup-denvoi-de-la-saison-touristique-2025\\\/\"},\"wordCount\":940,\"publisher\":{\"@id\":\"https:\\\/\\\/www.mondocamping.com\\\/#organization\"},\"image\":{\"@id\":\"https:\\\/\\\/www.mondocamping.com\\\/fr\\\/paques-a-cavallino-treporti-coup-denvoi-de-la-saison-touristique-2025\\\/#primaryimage\"},\"thumbnailUrl\":\"https:\\\/\\\/www.mondocamping.com\\\/wp-content\\\/uploads\\\/2025\\\/04\\\/3F8H9922-2.jpg\",\"keywords\":[\"camping\",\"Cavallino Treporti\",\"Faita Federcamping\",\"Italie\",\"l'air libre\",\"Mondo Camping\",\"P\u00e2ques\",\"Tourisme de plein air\",\"V\u00e9n\u00e9tie\"],\"articleSection\":[\"Actualit\u00e9\"],\"inLanguage\":\"fr-FR\"},{\"@type\":\"WebPage\",\"@id\":\"https:\\\/\\\/www.mondocamping.com\\\/fr\\\/paques-a-cavallino-treporti-coup-denvoi-de-la-saison-touristique-2025\\\/\",\"url\":\"https:\\\/\\\/www.mondocamping.com\\\/fr\\\/paques-a-cavallino-treporti-coup-denvoi-de-la-saison-touristique-2025\\\/\",\"name\":\"P\u00e2ques \u00e0 Cavallino-Treporti : coup d'envoi de la saison touristique 2025\",\"isPartOf\":{\"@id\":\"https:\\\/\\\/www.mondocamping.com\\\/#website\"},\"primaryImageOfPage\":{\"@id\":\"https:\\\/\\\/www.mondocamping.com\\\/fr\\\/paques-a-cavallino-treporti-coup-denvoi-de-la-saison-touristique-2025\\\/#primaryimage\"},\"image\":{\"@id\":\"https:\\\/\\\/www.mondocamping.com\\\/fr\\\/paques-a-cavallino-treporti-coup-denvoi-de-la-saison-touristique-2025\\\/#primaryimage\"},\"thumbnailUrl\":\"https:\\\/\\\/www.mondocamping.com\\\/wp-content\\\/uploads\\\/2025\\\/04\\\/3F8H9922-2.jpg\",\"datePublished\":\"2025-04-18T11:47:25+00:00\",\"dateModified\":\"2025-04-18T11:47:26+00:00\",\"breadcrumb\":{\"@id\":\"https:\\\/\\\/www.mondocamping.com\\\/fr\\\/paques-a-cavallino-treporti-coup-denvoi-de-la-saison-touristique-2025\\\/#breadcrumb\"},\"inLanguage\":\"fr-FR\",\"potentialAction\":[{\"@type\":\"ReadAction\",\"target\":[\"https:\\\/\\\/www.mondocamping.com\\\/fr\\\/paques-a-cavallino-treporti-coup-denvoi-de-la-saison-touristique-2025\\\/\"]}]},{\"@type\":\"ImageObject\",\"inLanguage\":\"fr-FR\",\"@id\":\"https:\\\/\\\/www.mondocamping.com\\\/fr\\\/paques-a-cavallino-treporti-coup-denvoi-de-la-saison-touristique-2025\\\/#primaryimage\",\"url\":\"https:\\\/\\\/www.mondocamping.com\\\/wp-content\\\/uploads\\\/2025\\\/04\\\/3F8H9922-2.jpg\",\"contentUrl\":\"https:\\\/\\\/www.mondocamping.com\\\/wp-content\\\/uploads\\\/2025\\\/04\\\/3F8H9922-2.jpg\",\"width\":1200,\"height\":628},{\"@type\":\"BreadcrumbList\",\"@id\":\"https:\\\/\\\/www.mondocamping.com\\\/fr\\\/paques-a-cavallino-treporti-coup-denvoi-de-la-saison-touristique-2025\\\/#breadcrumb\",\"itemListElement\":[{\"@type\":\"ListItem\",\"position\":1,\"name\":\"Home\",\"item\":\"https:\\\/\\\/www.mondocamping.com\\\/fr\\\/\"},{\"@type\":\"ListItem\",\"position\":2,\"name\":\"P\u00e2ques \u00e0 Cavallino-Treporti : coup d&rsquo;envoi de la saison touristique 2025\"}]},{\"@type\":\"WebSite\",\"@id\":\"https:\\\/\\\/www.mondocamping.com\\\/#website\",\"url\":\"https:\\\/\\\/www.mondocamping.com\\\/\",\"name\":\"Mondo Camping\",\"description\":\"Le portail d\u00e9di\u00e9 aux gestionnaires de campings et villages touristiques\",\"publisher\":{\"@id\":\"https:\\\/\\\/www.mondocamping.com\\\/#organization\"},\"potentialAction\":[{\"@type\":\"SearchAction\",\"target\":{\"@type\":\"EntryPoint\",\"urlTemplate\":\"https:\\\/\\\/www.mondocamping.com\\\/?s={search_term_string}\"},\"query-input\":{\"@type\":\"PropertyValueSpecification\",\"valueRequired\":true,\"valueName\":\"search_term_string\"}}],\"inLanguage\":\"fr-FR\"},{\"@type\":\"Organization\",\"@id\":\"https:\\\/\\\/www.mondocamping.com\\\/#organization\",\"name\":\"Mondo Camping\",\"url\":\"https:\\\/\\\/www.mondocamping.com\\\/\",\"logo\":{\"@type\":\"ImageObject\",\"inLanguage\":\"fr-FR\",\"@id\":\"https:\\\/\\\/www.mondocamping.com\\\/#\\\/schema\\\/logo\\\/image\\\/\",\"url\":\"https:\\\/\\\/www.mondocamping.com\\\/wp-content\\\/uploads\\\/2022\\\/04\\\/mondo-camping-logo-contornato-1.png\",\"contentUrl\":\"https:\\\/\\\/www.mondocamping.com\\\/wp-content\\\/uploads\\\/2022\\\/04\\\/mondo-camping-logo-contornato-1.png\",\"width\":280,\"height\":90,\"caption\":\"Mondo Camping\"},\"image\":{\"@id\":\"https:\\\/\\\/www.mondocamping.com\\\/#\\\/schema\\\/logo\\\/image\\\/\"},\"sameAs\":[\"https:\\\/\\\/www.facebook.com\\\/mondobalneare\",\"https:\\\/\\\/x.com\\\/mondobalneare\",\"https:\\\/\\\/www.instagram.com\\\/mondobalneare\\\/\",\"https:\\\/\\\/www.linkedin.com\\\/company\\\/67180810\\\/\",\"https:\\\/\\\/www.youtube.com\\\/user\\\/mondobalnearevideo\"]},{\"@type\":\"Person\",\"@id\":\"https:\\\/\\\/www.mondocamping.com\\\/#\\\/schema\\\/person\\\/01a031b8c5ef08c2204bb0e696f0a760\",\"name\":\"Mondo Camping\",\"image\":{\"@type\":\"ImageObject\",\"inLanguage\":\"fr-FR\",\"@id\":\"https:\\\/\\\/www.mondocamping.com\\\/wp-content\\\/uploads\\\/2022\\\/05\\\/cropped-icona-MONDO-CAMPING-150x150.png\",\"url\":\"https:\\\/\\\/www.mondocamping.com\\\/wp-content\\\/uploads\\\/2022\\\/05\\\/cropped-icona-MONDO-CAMPING-150x150.png\",\"contentUrl\":\"https:\\\/\\\/www.mondocamping.com\\\/wp-content\\\/uploads\\\/2022\\\/05\\\/cropped-icona-MONDO-CAMPING-150x150.png\",\"caption\":\"Mondo Camping\"},\"sameAs\":[\"https:\\\/\\\/www.mondocamping.com\\\/\",\"https:\\\/\\\/www.facebook.com\\\/mondocamping\"]}]}<\/script>\n<!-- \/ Yoast SEO plugin. -->","yoast_head_json":{"title":"P\u00e2ques \u00e0 Cavallino-Treporti : coup d'envoi de la saison touristique 2025","robots":{"index":"index","follow":"follow","max-snippet":"max-snippet:-1","max-image-preview":"max-image-preview:large","max-video-preview":"max-video-preview:-1"},"canonical":"https:\/\/www.mondocamping.com\/fr\/paques-a-cavallino-treporti-coup-denvoi-de-la-saison-touristique-2025\/","og_locale":"fr_FR","og_type":"article","og_title":"P\u00e2ques \u00e0 Cavallino-Treporti : coup d'envoi de la saison touristique 2025","og_description":"Cavallino Treporti est la premi\u00e8re destination baln\u00e9aire d&rsquo;Italie en termes de nombre de touristes, une destination populaire \u00e9galement pour les s\u00e9jours en plein air. Un joyau dans la couronne de notre belle Italie, qui, pendant la p\u00e9riode de P\u00e2ques, devient une attraction pour les touristes nationaux et internationaux. P\u00e2ques et le lundi de P\u00e2ques approchent [&hellip;]","og_url":"https:\/\/www.mondocamping.com\/fr\/paques-a-cavallino-treporti-coup-denvoi-de-la-saison-touristique-2025\/","og_site_name":"Mondo Camping","article_publisher":"https:\/\/www.facebook.com\/mondobalneare","article_author":"https:\/\/www.facebook.com\/mondocamping","article_published_time":"2025-04-18T11:47:25+00:00","article_modified_time":"2025-04-18T11:47:26+00:00","og_image":[{"width":1200,"height":628,"url":"https:\/\/www.mondocamping.com\/wp-content\/uploads\/2025\/04\/3F8H9922-2.jpg","type":"image\/jpeg"}],"author":"Mondo Camping","twitter_card":"summary_large_image","twitter_creator":"@mondobalneare","twitter_site":"@mondobalneare","twitter_misc":{"\u00c9crit par":"Mondo Camping","Dur\u00e9e de lecture estim\u00e9e":"5 minutes"},"schema":{"@context":"https:\/\/schema.org","@graph":[{"@type":"Article","@id":"https:\/\/www.mondocamping.com\/fr\/paques-a-cavallino-treporti-coup-denvoi-de-la-saison-touristique-2025\/#article","isPartOf":{"@id":"https:\/\/www.mondocamping.com\/fr\/paques-a-cavallino-treporti-coup-denvoi-de-la-saison-touristique-2025\/"},"author":{"name":"Mondo Camping","@id":"https:\/\/www.mondocamping.com\/#\/schema\/person\/01a031b8c5ef08c2204bb0e696f0a760"},"headline":"P\u00e2ques \u00e0 Cavallino-Treporti : coup d&rsquo;envoi de la saison touristique 2025","datePublished":"2025-04-18T11:47:25+00:00","dateModified":"2025-04-18T11:47:26+00:00","mainEntityOfPage":{"@id":"https:\/\/www.mondocamping.com\/fr\/paques-a-cavallino-treporti-coup-denvoi-de-la-saison-touristique-2025\/"},"wordCount":940,"publisher":{"@id":"https:\/\/www.mondocamping.com\/#organization"},"image":{"@id":"https:\/\/www.mondocamping.com\/fr\/paques-a-cavallino-treporti-coup-denvoi-de-la-saison-touristique-2025\/#primaryimage"},"thumbnailUrl":"https:\/\/www.mondocamping.com\/wp-content\/uploads\/2025\/04\/3F8H9922-2.jpg","keywords":["camping","Cavallino Treporti","Faita Federcamping","Italie","l'air libre","Mondo Camping","P\u00e2ques","Tourisme de plein air","V\u00e9n\u00e9tie"],"articleSection":["Actualit\u00e9"],"inLanguage":"fr-FR"},{"@type":"WebPage","@id":"https:\/\/www.mondocamping.com\/fr\/paques-a-cavallino-treporti-coup-denvoi-de-la-saison-touristique-2025\/","url":"https:\/\/www.mondocamping.com\/fr\/paques-a-cavallino-treporti-coup-denvoi-de-la-saison-touristique-2025\/","name":"P\u00e2ques \u00e0 Cavallino-Treporti : coup d'envoi de la saison touristique 2025","isPartOf":{"@id":"https:\/\/www.mondocamping.com\/#website"},"primaryImageOfPage":{"@id":"https:\/\/www.mondocamping.com\/fr\/paques-a-cavallino-treporti-coup-denvoi-de-la-saison-touristique-2025\/#primaryimage"},"image":{"@id":"https:\/\/www.mondocamping.com\/fr\/paques-a-cavallino-treporti-coup-denvoi-de-la-saison-touristique-2025\/#primaryimage"},"thumbnailUrl":"https:\/\/www.mondocamping.com\/wp-content\/uploads\/2025\/04\/3F8H9922-2.jpg","datePublished":"2025-04-18T11:47:25+00:00","dateModified":"2025-04-18T11:47:26+00:00","breadcrumb":{"@id":"https:\/\/www.mondocamping.com\/fr\/paques-a-cavallino-treporti-coup-denvoi-de-la-saison-touristique-2025\/#breadcrumb"},"inLanguage":"fr-FR","potentialAction":[{"@type":"ReadAction","target":["https:\/\/www.mondocamping.com\/fr\/paques-a-cavallino-treporti-coup-denvoi-de-la-saison-touristique-2025\/"]}]},{"@type":"ImageObject","inLanguage":"fr-FR","@id":"https:\/\/www.mondocamping.com\/fr\/paques-a-cavallino-treporti-coup-denvoi-de-la-saison-touristique-2025\/#primaryimage","url":"https:\/\/www.mondocamping.com\/wp-content\/uploads\/2025\/04\/3F8H9922-2.jpg","contentUrl":"https:\/\/www.mondocamping.com\/wp-content\/uploads\/2025\/04\/3F8H9922-2.jpg","width":1200,"height":628},{"@type":"BreadcrumbList","@id":"https:\/\/www.mondocamping.com\/fr\/paques-a-cavallino-treporti-coup-denvoi-de-la-saison-touristique-2025\/#breadcrumb","itemListElement":[{"@type":"ListItem","position":1,"name":"Home","item":"https:\/\/www.mondocamping.com\/fr\/"},{"@type":"ListItem","position":2,"name":"P\u00e2ques \u00e0 Cavallino-Treporti : coup d&rsquo;envoi de la saison touristique 2025"}]},{"@type":"WebSite","@id":"https:\/\/www.mondocamping.com\/#website","url":"https:\/\/www.mondocamping.com\/","name":"Mondo Camping","description":"Le portail d\u00e9di\u00e9 aux gestionnaires de campings et villages touristiques","publisher":{"@id":"https:\/\/www.mondocamping.com\/#organization"},"potentialAction":[{"@type":"SearchAction","target":{"@type":"EntryPoint","urlTemplate":"https:\/\/www.mondocamping.com\/?s={search_term_string}"},"query-input":{"@type":"PropertyValueSpecification","valueRequired":true,"valueName":"search_term_string"}}],"inLanguage":"fr-FR"},{"@type":"Organization","@id":"https:\/\/www.mondocamping.com\/#organization","name":"Mondo Camping","url":"https:\/\/www.mondocamping.com\/","logo":{"@type":"ImageObject","inLanguage":"fr-FR","@id":"https:\/\/www.mondocamping.com\/#\/schema\/logo\/image\/","url":"https:\/\/www.mondocamping.com\/wp-content\/uploads\/2022\/04\/mondo-camping-logo-contornato-1.png","contentUrl":"https:\/\/www.mondocamping.com\/wp-content\/uploads\/2022\/04\/mondo-camping-logo-contornato-1.png","width":280,"height":90,"caption":"Mondo Camping"},"image":{"@id":"https:\/\/www.mondocamping.com\/#\/schema\/logo\/image\/"},"sameAs":["https:\/\/www.facebook.com\/mondobalneare","https:\/\/x.com\/mondobalneare","https:\/\/www.instagram.com\/mondobalneare\/","https:\/\/www.linkedin.com\/company\/67180810\/","https:\/\/www.youtube.com\/user\/mondobalnearevideo"]},{"@type":"Person","@id":"https:\/\/www.mondocamping.com\/#\/schema\/person\/01a031b8c5ef08c2204bb0e696f0a760","name":"Mondo Camping","image":{"@type":"ImageObject","inLanguage":"fr-FR","@id":"https:\/\/www.mondocamping.com\/wp-content\/uploads\/2022\/05\/cropped-icona-MONDO-CAMPING-150x150.png","url":"https:\/\/www.mondocamping.com\/wp-content\/uploads\/2022\/05\/cropped-icona-MONDO-CAMPING-150x150.png","contentUrl":"https:\/\/www.mondocamping.com\/wp-content\/uploads\/2022\/05\/cropped-icona-MONDO-CAMPING-150x150.png","caption":"Mondo Camping"},"sameAs":["https:\/\/www.mondocamping.com\/","https:\/\/www.facebook.com\/mondocamping"]}]}},"_links":{"self":[{"href":"https:\/\/www.mondocamping.com\/fr\/wp-json\/wp\/v2\/posts\/173933","targetHints":{"allow":["GET"]}}],"collection":[{"href":"https:\/\/www.mondocamping.com\/fr\/wp-json\/wp\/v2\/posts"}],"about":[{"href":"https:\/\/www.mondocamping.com\/fr\/wp-json\/wp\/v2\/types\/post"}],"author":[{"embeddable":true,"href":"https:\/\/www.mondocamping.com\/fr\/wp-json\/wp\/v2\/users\/5"}],"replies":[{"embeddable":true,"href":"https:\/\/www.mondocamping.com\/fr\/wp-json\/wp\/v2\/comments?post=173933"}],"version-history":[{"count":1,"href":"https:\/\/www.mondocamping.com\/fr\/wp-json\/wp\/v2\/posts\/173933\/revisions"}],"predecessor-version":[{"id":173934,"href":"https:\/\/www.mondocamping.com\/fr\/wp-json\/wp\/v2\/posts\/173933\/revisions\/173934"}],"wp:featuredmedia":[{"embeddable":true,"href":"https:\/\/www.mondocamping.com\/fr\/wp-json\/wp\/v2\/media\/173923"}],"wp:attachment":[{"href":"https:\/\/www.mondocamping.com\/fr\/wp-json\/wp\/v2\/media?parent=173933"}],"wp:term":[{"taxonomy":"category","embeddable":true,"href":"https:\/\/www.mondocamping.com\/fr\/wp-json\/wp\/v2\/categories?post=173933"},{"taxonomy":"post_tag","embeddable":true,"href":"https:\/\/www.mondocamping.com\/fr\/wp-json\/wp\/v2\/tags?post=173933"}],"curies":[{"name":"wp","href":"https:\/\/api.w.org\/{rel}","templated":true}]}}