{"id":173954,"date":"2025-04-22T16:35:21","date_gmt":"2025-04-22T14:35:21","guid":{"rendered":"https:\/\/www.mondocamping.com\/ligurie-pacte-pour-lemploi-dans-le-secteur-du-tourisme-louverture-de-lappel-a-candidatures-est-reportee-au-19-mai\/"},"modified":"2025-04-22T17:51:10","modified_gmt":"2025-04-22T15:51:10","slug":"ligurie-pacte-pour-lemploi-dans-le-secteur-du-tourisme-louverture-de-lappel-a-candidatures-est-reportee-au-19-mai","status":"publish","type":"post","link":"https:\/\/www.mondocamping.com\/fr\/ligurie-pacte-pour-lemploi-dans-le-secteur-du-tourisme-louverture-de-lappel-a-candidatures-est-reportee-au-19-mai\/","title":{"rendered":"Ligurie : Pacte pour l&#8217;emploi dans le secteur du tourisme, l&rsquo;ouverture de l&rsquo;appel \u00e0 candidatures est report\u00e9e au 19 mai"},"content":{"rendered":"\n<p>Avec le <strong>DGR n\u00b0 52 du 30 janvier 2025<\/strong>, la <strong>r\u00e9gion de Ligurie<\/strong> a approuv\u00e9 le<strong> Pacte pour l&#8217;emploi touristique<\/strong>, qui pr\u00e9voit la mise en \u0153uvre de mesures de soutien aux entreprises du secteur pour l&rsquo;ann\u00e9e 2025.  <\/p>\n\n<p>Selon les mots du Pr\u00e9sident de la R\u00e9gion Ligurie <strong><em>Marco Bucci<\/em><\/strong>: \u00ab\u00a0<em>Le Pacte pour l&#8217;emploi dans le tourisme est une \u00e9tape importante pour le secteur, un accord qui permettra aux entreprises de mieux g\u00e9rer leur main-d&rsquo;\u0153uvre, de r\u00e9duire les co\u00fbts et de garantir la continuit\u00e9 de l&#8217;emploi. En Ligurie, la d\u00e9saisonnalisation est une r\u00e9alit\u00e9 et le monde du travail doit s&rsquo;adapter <\/em>\u00ab\u00a0.  <\/p>\n\n<p>Le pacte pour l&#8217;emploi dans le tourisme est un outil concret pour <strong>soutenir l&rsquo;\u00e9conomie r\u00e9gionale<\/strong>, a ajout\u00e9 le pr\u00e9sident.<em>La croissance du tourisme en Ligurie se poursuit depuis des ann\u00e9es et j&rsquo;esp\u00e8re qu&rsquo;elle se traduira par une plus grande stabilit\u00e9 de l&#8217;emploi et une utilisation continue des installations. Aujourd&rsquo;hui, nous ajoutons un \u00e9l\u00e9ment suppl\u00e9mentaire pour am\u00e9liorer la qualit\u00e9 du travail et garantir de meilleures conditions pour les entreprises et les travailleurs. <\/em>\u00ab\u00a0.<\/p>\n\n<p>Les <strong>ressources disponibles dans le cadre du Pacte pour l&#8217;emploi dans le tourisme s&rsquo;\u00e9l\u00e8vent \u00e0 5 millions d&rsquo;euros.<\/strong> Le conseiller r\u00e9gional pour la programmation du Fonds social europ\u00e9en<strong><em> Marco Scajola <\/em><\/strong>ajoute : \u00a0\u00bb <em>Un chiffre vraiment significatif qui t\u00e9moigne de l&rsquo;engagement maximal de la R\u00e9gion dans l&rsquo;incitation au travail. Nous visons \u00e0 offrir des emplois de qualit\u00e9 et durables en incluant, dans l&rsquo;appel d&rsquo;offres lui-m\u00eame, une priorit\u00e9 significative pour les contrats \u00e0 dur\u00e9e ind\u00e9termin\u00e9e. Nous sommes l&rsquo;une des r\u00e9gions italiennes les plus vertueuses en mati\u00e8re d&rsquo;utilisation et de programmation des ressources du FSE, et nous voulons continuer \u00e0 l&rsquo;\u00eatre en am\u00e9liorant constamment nos initiatives, \u00e9galement sur la base des indications recueillies dans le cadre du dialogue fondamental avec les partenaires sociaux.  <\/em>\u00ab\u00a0.<\/p>\n\n<h2 class=\"wp-block-heading\">Qui est \u00e9ligible et quand ?  <\/h2>\n\n<p>Le Pacte pour l&#8217;emploi dans le secteur du tourisme est donc \u00e9galement une opportunit\u00e9 pr\u00e9cieuse pour les <strong>installations en plein air<\/strong>, qui pourront acc\u00e9der \u00e0 l&rsquo;appel \u00e0 partir du <strong>19 mai 2025 via la plateforme<\/strong> <strong><a href=\"https:\/\/www.filse.it\/it\/\">Filse<\/a> (Finanziaria Ligure per lo Sviluppo Economico)<\/strong>.  <\/p>\n\n<p>Les candidatures peuvent \u00eatre soumises directement en ligne \u00e0 l&rsquo;adresse suivante : &lsquo;<strong><a href=\"https:\/\/www.filse.it\/it\/bandi-attivi\/publiccompetition\/314:pr-fse-2021-2027-avviso-per-l%E2%80%99erogazione-di-bonus-assunzionali-nel-settore-del-turismo-anno-2025.html\">Appels<\/a><\/strong>\u00ab\u00a0du site Filse, <strong>jusqu&rsquo;au 31 d\u00e9cembre 2025<\/strong>, sauf cl\u00f4ture anticip\u00e9e pour cause d&rsquo;\u00e9puisement des fonds.<\/p>\n\n<p>L&rsquo;ouverture de l&rsquo;appel d&rsquo;offres li\u00e9 au Pacte pour l&#8217;emploi dans le tourisme en Ligurie a \u00e9t\u00e9 report\u00e9e de pr\u00e8s d&rsquo;un mois par rapport \u00e0 ce qui \u00e9tait pr\u00e9vu dans le calendrier, une date qui co\u00efncidait avec les vacances de P\u00e2ques. Le report a \u00e9t\u00e9 confirm\u00e9 \u00e0 un moment plus opportun afin de favoriser<strong> une plus grande participation des entreprises du secteur. <\/strong>  <\/p>\n\n<p>Parmi les nouveaut\u00e9s de la huiti\u00e8me \u00e9dition de la convention figurent les <strong>primes \u00e0<\/strong> l&#8217;embauche pour les entreprises ayant au moins une unit\u00e9 d&rsquo;exploitation dans la r\u00e9gion, pour les embauches effectu\u00e9es apr\u00e8s le <strong>1er f\u00e9vrier 2025<\/strong>.  <\/p>\n","protected":false},"excerpt":{"rendered":"<p>Avec le DGR n\u00b0 52 du 30 janvier 2025, la r\u00e9gion de Ligurie a approuv\u00e9 le Pacte pour l&#8217;emploi touristique, qui pr\u00e9voit la mise en \u0153uvre de mesures de soutien aux entreprises du secteur pour l&rsquo;ann\u00e9e 2025. Selon les mots du Pr\u00e9sident de la R\u00e9gion Ligurie Marco Bucci: \u00ab\u00a0Le Pacte pour l&#8217;emploi dans le tourisme [&hellip;]<\/p>\n","protected":false},"author":5,"featured_media":173945,"comment_status":"closed","ping_status":"closed","sticky":false,"template":"","format":"standard","meta":{"_acf_changed":false,"_monsterinsights_skip_tracking":false,"_monsterinsights_sitenote_active":false,"_monsterinsights_sitenote_note":"","_monsterinsights_sitenote_category":0,"footnotes":""},"categories":[4024],"tags":[7107,4189,4210,7106,7108,4262,6713,4079],"class_list":["post-173954","post","type-post","status-publish","format-standard","has-post-thumbnail","hentry","category-actualite","tag-pacte-du-travail","tag-camping-fr","tag-camping-fr-2","tag-ligurie","tag-marco-bucci-fr","tag-mondo-camping-fr","tag-region-ligurie","tag-tourisme-de-plein-air"],"acf":[],"yoast_head":"<!-- This site is optimized with the Yoast SEO plugin v27.5 - https:\/\/yoast.com\/product\/yoast-seo-wordpress\/ -->\n<title>Ligurie : Pacte pour l&#039;emploi dans le secteur du tourisme, l&#039;ouverture de l&#039;appel \u00e0 candidatures est report\u00e9e au 19 mai<\/title>\n<meta name=\"robots\" content=\"index, follow, max-snippet:-1, max-image-preview:large, max-video-preview:-1\" \/>\n<link rel=\"canonical\" href=\"https:\/\/www.mondocamping.com\/fr\/ligurie-pacte-pour-lemploi-dans-le-secteur-du-tourisme-louverture-de-lappel-a-candidatures-est-reportee-au-19-mai\/\" \/>\n<meta property=\"og:locale\" content=\"fr_FR\" \/>\n<meta property=\"og:type\" content=\"article\" \/>\n<meta property=\"og:title\" content=\"Ligurie : Pacte pour l&#039;emploi dans le secteur du tourisme, l&#039;ouverture de l&#039;appel \u00e0 candidatures est report\u00e9e au 19 mai\" \/>\n<meta property=\"og:description\" content=\"Avec le DGR n\u00b0 52 du 30 janvier 2025, la r\u00e9gion de Ligurie a approuv\u00e9 le Pacte pour l&#8217;emploi touristique, qui pr\u00e9voit la mise en \u0153uvre de mesures de soutien aux entreprises du secteur pour l&rsquo;ann\u00e9e 2025. Selon les mots du Pr\u00e9sident de la R\u00e9gion Ligurie Marco Bucci: \u00ab\u00a0Le Pacte pour l&#8217;emploi dans le tourisme [&hellip;]\" \/>\n<meta property=\"og:url\" content=\"https:\/\/www.mondocamping.com\/fr\/ligurie-pacte-pour-lemploi-dans-le-secteur-du-tourisme-louverture-de-lappel-a-candidatures-est-reportee-au-19-mai\/\" \/>\n<meta property=\"og:site_name\" content=\"Mondo Camping\" \/>\n<meta property=\"article:publisher\" content=\"https:\/\/www.facebook.com\/mondobalneare\" \/>\n<meta property=\"article:author\" content=\"https:\/\/www.facebook.com\/mondocamping\" \/>\n<meta property=\"article:published_time\" content=\"2025-04-22T14:35:21+00:00\" \/>\n<meta property=\"article:modified_time\" content=\"2025-04-22T15:51:10+00:00\" \/>\n<meta property=\"og:image\" content=\"https:\/\/www.mondocamping.com\/wp-content\/uploads\/2025\/04\/francesca-petringa-XrC5awSgkA-unsplash-2.jpg\" \/>\n\t<meta property=\"og:image:width\" content=\"1200\" \/>\n\t<meta property=\"og:image:height\" content=\"628\" \/>\n\t<meta property=\"og:image:type\" content=\"image\/jpeg\" \/>\n<meta name=\"author\" content=\"Mondo Camping\" \/>\n<meta name=\"twitter:card\" content=\"summary_large_image\" \/>\n<meta name=\"twitter:creator\" content=\"@mondobalneare\" \/>\n<meta name=\"twitter:site\" content=\"@mondobalneare\" \/>\n<meta name=\"twitter:label1\" content=\"\u00c9crit par\" \/>\n\t<meta name=\"twitter:data1\" content=\"Mondo Camping\" \/>\n\t<meta name=\"twitter:label2\" content=\"Dur\u00e9e de lecture estim\u00e9e\" \/>\n\t<meta name=\"twitter:data2\" content=\"2 minutes\" \/>\n<script type=\"application\/ld+json\" class=\"yoast-schema-graph\">{\"@context\":\"https:\\\/\\\/schema.org\",\"@graph\":[{\"@type\":\"Article\",\"@id\":\"https:\\\/\\\/www.mondocamping.com\\\/fr\\\/ligurie-pacte-pour-lemploi-dans-le-secteur-du-tourisme-louverture-de-lappel-a-candidatures-est-reportee-au-19-mai\\\/#article\",\"isPartOf\":{\"@id\":\"https:\\\/\\\/www.mondocamping.com\\\/fr\\\/ligurie-pacte-pour-lemploi-dans-le-secteur-du-tourisme-louverture-de-lappel-a-candidatures-est-reportee-au-19-mai\\\/\"},\"author\":{\"name\":\"Mondo Camping\",\"@id\":\"https:\\\/\\\/www.mondocamping.com\\\/#\\\/schema\\\/person\\\/01a031b8c5ef08c2204bb0e696f0a760\"},\"headline\":\"Ligurie : Pacte pour l&#8217;emploi dans le secteur du tourisme, l&rsquo;ouverture de l&rsquo;appel \u00e0 candidatures est report\u00e9e au 19 mai\",\"datePublished\":\"2025-04-22T14:35:21+00:00\",\"dateModified\":\"2025-04-22T15:51:10+00:00\",\"mainEntityOfPage\":{\"@id\":\"https:\\\/\\\/www.mondocamping.com\\\/fr\\\/ligurie-pacte-pour-lemploi-dans-le-secteur-du-tourisme-louverture-de-lappel-a-candidatures-est-reportee-au-19-mai\\\/\"},\"wordCount\":539,\"publisher\":{\"@id\":\"https:\\\/\\\/www.mondocamping.com\\\/#organization\"},\"image\":{\"@id\":\"https:\\\/\\\/www.mondocamping.com\\\/fr\\\/ligurie-pacte-pour-lemploi-dans-le-secteur-du-tourisme-louverture-de-lappel-a-candidatures-est-reportee-au-19-mai\\\/#primaryimage\"},\"thumbnailUrl\":\"https:\\\/\\\/www.mondocamping.com\\\/wp-content\\\/uploads\\\/2025\\\/04\\\/francesca-petringa-XrC5awSgkA-unsplash-2.jpg\",\"keywords\":[\". Pacte du travail\",\"camping\",\"camping\",\"Ligurie\",\"Marco Bucci\",\"Mondo Camping\",\"R\u00e9gion Ligurie\",\"Tourisme de plein air\"],\"articleSection\":[\"Actualit\u00e9\"],\"inLanguage\":\"fr-FR\"},{\"@type\":\"WebPage\",\"@id\":\"https:\\\/\\\/www.mondocamping.com\\\/fr\\\/ligurie-pacte-pour-lemploi-dans-le-secteur-du-tourisme-louverture-de-lappel-a-candidatures-est-reportee-au-19-mai\\\/\",\"url\":\"https:\\\/\\\/www.mondocamping.com\\\/fr\\\/ligurie-pacte-pour-lemploi-dans-le-secteur-du-tourisme-louverture-de-lappel-a-candidatures-est-reportee-au-19-mai\\\/\",\"name\":\"Ligurie : Pacte pour l'emploi dans le secteur du tourisme, l'ouverture de l'appel \u00e0 candidatures est report\u00e9e au 19 mai\",\"isPartOf\":{\"@id\":\"https:\\\/\\\/www.mondocamping.com\\\/#website\"},\"primaryImageOfPage\":{\"@id\":\"https:\\\/\\\/www.mondocamping.com\\\/fr\\\/ligurie-pacte-pour-lemploi-dans-le-secteur-du-tourisme-louverture-de-lappel-a-candidatures-est-reportee-au-19-mai\\\/#primaryimage\"},\"image\":{\"@id\":\"https:\\\/\\\/www.mondocamping.com\\\/fr\\\/ligurie-pacte-pour-lemploi-dans-le-secteur-du-tourisme-louverture-de-lappel-a-candidatures-est-reportee-au-19-mai\\\/#primaryimage\"},\"thumbnailUrl\":\"https:\\\/\\\/www.mondocamping.com\\\/wp-content\\\/uploads\\\/2025\\\/04\\\/francesca-petringa-XrC5awSgkA-unsplash-2.jpg\",\"datePublished\":\"2025-04-22T14:35:21+00:00\",\"dateModified\":\"2025-04-22T15:51:10+00:00\",\"breadcrumb\":{\"@id\":\"https:\\\/\\\/www.mondocamping.com\\\/fr\\\/ligurie-pacte-pour-lemploi-dans-le-secteur-du-tourisme-louverture-de-lappel-a-candidatures-est-reportee-au-19-mai\\\/#breadcrumb\"},\"inLanguage\":\"fr-FR\",\"potentialAction\":[{\"@type\":\"ReadAction\",\"target\":[\"https:\\\/\\\/www.mondocamping.com\\\/fr\\\/ligurie-pacte-pour-lemploi-dans-le-secteur-du-tourisme-louverture-de-lappel-a-candidatures-est-reportee-au-19-mai\\\/\"]}]},{\"@type\":\"ImageObject\",\"inLanguage\":\"fr-FR\",\"@id\":\"https:\\\/\\\/www.mondocamping.com\\\/fr\\\/ligurie-pacte-pour-lemploi-dans-le-secteur-du-tourisme-louverture-de-lappel-a-candidatures-est-reportee-au-19-mai\\\/#primaryimage\",\"url\":\"https:\\\/\\\/www.mondocamping.com\\\/wp-content\\\/uploads\\\/2025\\\/04\\\/francesca-petringa-XrC5awSgkA-unsplash-2.jpg\",\"contentUrl\":\"https:\\\/\\\/www.mondocamping.com\\\/wp-content\\\/uploads\\\/2025\\\/04\\\/francesca-petringa-XrC5awSgkA-unsplash-2.jpg\",\"width\":1200,\"height\":628},{\"@type\":\"BreadcrumbList\",\"@id\":\"https:\\\/\\\/www.mondocamping.com\\\/fr\\\/ligurie-pacte-pour-lemploi-dans-le-secteur-du-tourisme-louverture-de-lappel-a-candidatures-est-reportee-au-19-mai\\\/#breadcrumb\",\"itemListElement\":[{\"@type\":\"ListItem\",\"position\":1,\"name\":\"Home\",\"item\":\"https:\\\/\\\/www.mondocamping.com\\\/fr\\\/\"},{\"@type\":\"ListItem\",\"position\":2,\"name\":\"Ligurie : Pacte pour l&#8217;emploi dans le secteur du tourisme, l&#8217;ouverture de l&#8217;appel \u00e0 candidatures est report\u00e9e au 19 mai\"}]},{\"@type\":\"WebSite\",\"@id\":\"https:\\\/\\\/www.mondocamping.com\\\/#website\",\"url\":\"https:\\\/\\\/www.mondocamping.com\\\/\",\"name\":\"Mondo Camping\",\"description\":\"Le portail d\u00e9di\u00e9 aux gestionnaires de campings et villages touristiques\",\"publisher\":{\"@id\":\"https:\\\/\\\/www.mondocamping.com\\\/#organization\"},\"potentialAction\":[{\"@type\":\"SearchAction\",\"target\":{\"@type\":\"EntryPoint\",\"urlTemplate\":\"https:\\\/\\\/www.mondocamping.com\\\/?s={search_term_string}\"},\"query-input\":{\"@type\":\"PropertyValueSpecification\",\"valueRequired\":true,\"valueName\":\"search_term_string\"}}],\"inLanguage\":\"fr-FR\"},{\"@type\":\"Organization\",\"@id\":\"https:\\\/\\\/www.mondocamping.com\\\/#organization\",\"name\":\"Mondo Camping\",\"url\":\"https:\\\/\\\/www.mondocamping.com\\\/\",\"logo\":{\"@type\":\"ImageObject\",\"inLanguage\":\"fr-FR\",\"@id\":\"https:\\\/\\\/www.mondocamping.com\\\/#\\\/schema\\\/logo\\\/image\\\/\",\"url\":\"https:\\\/\\\/www.mondocamping.com\\\/wp-content\\\/uploads\\\/2022\\\/04\\\/mondo-camping-logo-contornato-1.png\",\"contentUrl\":\"https:\\\/\\\/www.mondocamping.com\\\/wp-content\\\/uploads\\\/2022\\\/04\\\/mondo-camping-logo-contornato-1.png\",\"width\":280,\"height\":90,\"caption\":\"Mondo Camping\"},\"image\":{\"@id\":\"https:\\\/\\\/www.mondocamping.com\\\/#\\\/schema\\\/logo\\\/image\\\/\"},\"sameAs\":[\"https:\\\/\\\/www.facebook.com\\\/mondobalneare\",\"https:\\\/\\\/x.com\\\/mondobalneare\",\"https:\\\/\\\/www.instagram.com\\\/mondobalneare\\\/\",\"https:\\\/\\\/www.linkedin.com\\\/company\\\/67180810\\\/\",\"https:\\\/\\\/www.youtube.com\\\/user\\\/mondobalnearevideo\"]},{\"@type\":\"Person\",\"@id\":\"https:\\\/\\\/www.mondocamping.com\\\/#\\\/schema\\\/person\\\/01a031b8c5ef08c2204bb0e696f0a760\",\"name\":\"Mondo Camping\",\"image\":{\"@type\":\"ImageObject\",\"inLanguage\":\"fr-FR\",\"@id\":\"https:\\\/\\\/www.mondocamping.com\\\/wp-content\\\/uploads\\\/2022\\\/05\\\/cropped-icona-MONDO-CAMPING-150x150.png\",\"url\":\"https:\\\/\\\/www.mondocamping.com\\\/wp-content\\\/uploads\\\/2022\\\/05\\\/cropped-icona-MONDO-CAMPING-150x150.png\",\"contentUrl\":\"https:\\\/\\\/www.mondocamping.com\\\/wp-content\\\/uploads\\\/2022\\\/05\\\/cropped-icona-MONDO-CAMPING-150x150.png\",\"caption\":\"Mondo Camping\"},\"sameAs\":[\"https:\\\/\\\/www.mondocamping.com\\\/\",\"https:\\\/\\\/www.facebook.com\\\/mondocamping\"]}]}<\/script>\n<!-- \/ Yoast SEO plugin. -->","yoast_head_json":{"title":"Ligurie : Pacte pour l'emploi dans le secteur du tourisme, l'ouverture de l'appel \u00e0 candidatures est report\u00e9e au 19 mai","robots":{"index":"index","follow":"follow","max-snippet":"max-snippet:-1","max-image-preview":"max-image-preview:large","max-video-preview":"max-video-preview:-1"},"canonical":"https:\/\/www.mondocamping.com\/fr\/ligurie-pacte-pour-lemploi-dans-le-secteur-du-tourisme-louverture-de-lappel-a-candidatures-est-reportee-au-19-mai\/","og_locale":"fr_FR","og_type":"article","og_title":"Ligurie : Pacte pour l'emploi dans le secteur du tourisme, l'ouverture de l'appel \u00e0 candidatures est report\u00e9e au 19 mai","og_description":"Avec le DGR n\u00b0 52 du 30 janvier 2025, la r\u00e9gion de Ligurie a approuv\u00e9 le Pacte pour l&#8217;emploi touristique, qui pr\u00e9voit la mise en \u0153uvre de mesures de soutien aux entreprises du secteur pour l&rsquo;ann\u00e9e 2025. Selon les mots du Pr\u00e9sident de la R\u00e9gion Ligurie Marco Bucci: \u00ab\u00a0Le Pacte pour l&#8217;emploi dans le tourisme [&hellip;]","og_url":"https:\/\/www.mondocamping.com\/fr\/ligurie-pacte-pour-lemploi-dans-le-secteur-du-tourisme-louverture-de-lappel-a-candidatures-est-reportee-au-19-mai\/","og_site_name":"Mondo Camping","article_publisher":"https:\/\/www.facebook.com\/mondobalneare","article_author":"https:\/\/www.facebook.com\/mondocamping","article_published_time":"2025-04-22T14:35:21+00:00","article_modified_time":"2025-04-22T15:51:10+00:00","og_image":[{"width":1200,"height":628,"url":"https:\/\/www.mondocamping.com\/wp-content\/uploads\/2025\/04\/francesca-petringa-XrC5awSgkA-unsplash-2.jpg","type":"image\/jpeg"}],"author":"Mondo Camping","twitter_card":"summary_large_image","twitter_creator":"@mondobalneare","twitter_site":"@mondobalneare","twitter_misc":{"\u00c9crit par":"Mondo Camping","Dur\u00e9e de lecture estim\u00e9e":"2 minutes"},"schema":{"@context":"https:\/\/schema.org","@graph":[{"@type":"Article","@id":"https:\/\/www.mondocamping.com\/fr\/ligurie-pacte-pour-lemploi-dans-le-secteur-du-tourisme-louverture-de-lappel-a-candidatures-est-reportee-au-19-mai\/#article","isPartOf":{"@id":"https:\/\/www.mondocamping.com\/fr\/ligurie-pacte-pour-lemploi-dans-le-secteur-du-tourisme-louverture-de-lappel-a-candidatures-est-reportee-au-19-mai\/"},"author":{"name":"Mondo Camping","@id":"https:\/\/www.mondocamping.com\/#\/schema\/person\/01a031b8c5ef08c2204bb0e696f0a760"},"headline":"Ligurie : Pacte pour l&#8217;emploi dans le secteur du tourisme, l&rsquo;ouverture de l&rsquo;appel \u00e0 candidatures est report\u00e9e au 19 mai","datePublished":"2025-04-22T14:35:21+00:00","dateModified":"2025-04-22T15:51:10+00:00","mainEntityOfPage":{"@id":"https:\/\/www.mondocamping.com\/fr\/ligurie-pacte-pour-lemploi-dans-le-secteur-du-tourisme-louverture-de-lappel-a-candidatures-est-reportee-au-19-mai\/"},"wordCount":539,"publisher":{"@id":"https:\/\/www.mondocamping.com\/#organization"},"image":{"@id":"https:\/\/www.mondocamping.com\/fr\/ligurie-pacte-pour-lemploi-dans-le-secteur-du-tourisme-louverture-de-lappel-a-candidatures-est-reportee-au-19-mai\/#primaryimage"},"thumbnailUrl":"https:\/\/www.mondocamping.com\/wp-content\/uploads\/2025\/04\/francesca-petringa-XrC5awSgkA-unsplash-2.jpg","keywords":[". Pacte du travail","camping","camping","Ligurie","Marco Bucci","Mondo Camping","R\u00e9gion Ligurie","Tourisme de plein air"],"articleSection":["Actualit\u00e9"],"inLanguage":"fr-FR"},{"@type":"WebPage","@id":"https:\/\/www.mondocamping.com\/fr\/ligurie-pacte-pour-lemploi-dans-le-secteur-du-tourisme-louverture-de-lappel-a-candidatures-est-reportee-au-19-mai\/","url":"https:\/\/www.mondocamping.com\/fr\/ligurie-pacte-pour-lemploi-dans-le-secteur-du-tourisme-louverture-de-lappel-a-candidatures-est-reportee-au-19-mai\/","name":"Ligurie : Pacte pour l'emploi dans le secteur du tourisme, l'ouverture de l'appel \u00e0 candidatures est report\u00e9e au 19 mai","isPartOf":{"@id":"https:\/\/www.mondocamping.com\/#website"},"primaryImageOfPage":{"@id":"https:\/\/www.mondocamping.com\/fr\/ligurie-pacte-pour-lemploi-dans-le-secteur-du-tourisme-louverture-de-lappel-a-candidatures-est-reportee-au-19-mai\/#primaryimage"},"image":{"@id":"https:\/\/www.mondocamping.com\/fr\/ligurie-pacte-pour-lemploi-dans-le-secteur-du-tourisme-louverture-de-lappel-a-candidatures-est-reportee-au-19-mai\/#primaryimage"},"thumbnailUrl":"https:\/\/www.mondocamping.com\/wp-content\/uploads\/2025\/04\/francesca-petringa-XrC5awSgkA-unsplash-2.jpg","datePublished":"2025-04-22T14:35:21+00:00","dateModified":"2025-04-22T15:51:10+00:00","breadcrumb":{"@id":"https:\/\/www.mondocamping.com\/fr\/ligurie-pacte-pour-lemploi-dans-le-secteur-du-tourisme-louverture-de-lappel-a-candidatures-est-reportee-au-19-mai\/#breadcrumb"},"inLanguage":"fr-FR","potentialAction":[{"@type":"ReadAction","target":["https:\/\/www.mondocamping.com\/fr\/ligurie-pacte-pour-lemploi-dans-le-secteur-du-tourisme-louverture-de-lappel-a-candidatures-est-reportee-au-19-mai\/"]}]},{"@type":"ImageObject","inLanguage":"fr-FR","@id":"https:\/\/www.mondocamping.com\/fr\/ligurie-pacte-pour-lemploi-dans-le-secteur-du-tourisme-louverture-de-lappel-a-candidatures-est-reportee-au-19-mai\/#primaryimage","url":"https:\/\/www.mondocamping.com\/wp-content\/uploads\/2025\/04\/francesca-petringa-XrC5awSgkA-unsplash-2.jpg","contentUrl":"https:\/\/www.mondocamping.com\/wp-content\/uploads\/2025\/04\/francesca-petringa-XrC5awSgkA-unsplash-2.jpg","width":1200,"height":628},{"@type":"BreadcrumbList","@id":"https:\/\/www.mondocamping.com\/fr\/ligurie-pacte-pour-lemploi-dans-le-secteur-du-tourisme-louverture-de-lappel-a-candidatures-est-reportee-au-19-mai\/#breadcrumb","itemListElement":[{"@type":"ListItem","position":1,"name":"Home","item":"https:\/\/www.mondocamping.com\/fr\/"},{"@type":"ListItem","position":2,"name":"Ligurie : Pacte pour l&#8217;emploi dans le secteur du tourisme, l&#8217;ouverture de l&#8217;appel \u00e0 candidatures est report\u00e9e au 19 mai"}]},{"@type":"WebSite","@id":"https:\/\/www.mondocamping.com\/#website","url":"https:\/\/www.mondocamping.com\/","name":"Mondo Camping","description":"Le portail d\u00e9di\u00e9 aux gestionnaires de campings et villages touristiques","publisher":{"@id":"https:\/\/www.mondocamping.com\/#organization"},"potentialAction":[{"@type":"SearchAction","target":{"@type":"EntryPoint","urlTemplate":"https:\/\/www.mondocamping.com\/?s={search_term_string}"},"query-input":{"@type":"PropertyValueSpecification","valueRequired":true,"valueName":"search_term_string"}}],"inLanguage":"fr-FR"},{"@type":"Organization","@id":"https:\/\/www.mondocamping.com\/#organization","name":"Mondo Camping","url":"https:\/\/www.mondocamping.com\/","logo":{"@type":"ImageObject","inLanguage":"fr-FR","@id":"https:\/\/www.mondocamping.com\/#\/schema\/logo\/image\/","url":"https:\/\/www.mondocamping.com\/wp-content\/uploads\/2022\/04\/mondo-camping-logo-contornato-1.png","contentUrl":"https:\/\/www.mondocamping.com\/wp-content\/uploads\/2022\/04\/mondo-camping-logo-contornato-1.png","width":280,"height":90,"caption":"Mondo Camping"},"image":{"@id":"https:\/\/www.mondocamping.com\/#\/schema\/logo\/image\/"},"sameAs":["https:\/\/www.facebook.com\/mondobalneare","https:\/\/x.com\/mondobalneare","https:\/\/www.instagram.com\/mondobalneare\/","https:\/\/www.linkedin.com\/company\/67180810\/","https:\/\/www.youtube.com\/user\/mondobalnearevideo"]},{"@type":"Person","@id":"https:\/\/www.mondocamping.com\/#\/schema\/person\/01a031b8c5ef08c2204bb0e696f0a760","name":"Mondo Camping","image":{"@type":"ImageObject","inLanguage":"fr-FR","@id":"https:\/\/www.mondocamping.com\/wp-content\/uploads\/2022\/05\/cropped-icona-MONDO-CAMPING-150x150.png","url":"https:\/\/www.mondocamping.com\/wp-content\/uploads\/2022\/05\/cropped-icona-MONDO-CAMPING-150x150.png","contentUrl":"https:\/\/www.mondocamping.com\/wp-content\/uploads\/2022\/05\/cropped-icona-MONDO-CAMPING-150x150.png","caption":"Mondo Camping"},"sameAs":["https:\/\/www.mondocamping.com\/","https:\/\/www.facebook.com\/mondocamping"]}]}},"_links":{"self":[{"href":"https:\/\/www.mondocamping.com\/fr\/wp-json\/wp\/v2\/posts\/173954","targetHints":{"allow":["GET"]}}],"collection":[{"href":"https:\/\/www.mondocamping.com\/fr\/wp-json\/wp\/v2\/posts"}],"about":[{"href":"https:\/\/www.mondocamping.com\/fr\/wp-json\/wp\/v2\/types\/post"}],"author":[{"embeddable":true,"href":"https:\/\/www.mondocamping.com\/fr\/wp-json\/wp\/v2\/users\/5"}],"replies":[{"embeddable":true,"href":"https:\/\/www.mondocamping.com\/fr\/wp-json\/wp\/v2\/comments?post=173954"}],"version-history":[{"count":1,"href":"https:\/\/www.mondocamping.com\/fr\/wp-json\/wp\/v2\/posts\/173954\/revisions"}],"predecessor-version":[{"id":173955,"href":"https:\/\/www.mondocamping.com\/fr\/wp-json\/wp\/v2\/posts\/173954\/revisions\/173955"}],"wp:featuredmedia":[{"embeddable":true,"href":"https:\/\/www.mondocamping.com\/fr\/wp-json\/wp\/v2\/media\/173945"}],"wp:attachment":[{"href":"https:\/\/www.mondocamping.com\/fr\/wp-json\/wp\/v2\/media?parent=173954"}],"wp:term":[{"taxonomy":"category","embeddable":true,"href":"https:\/\/www.mondocamping.com\/fr\/wp-json\/wp\/v2\/categories?post=173954"},{"taxonomy":"post_tag","embeddable":true,"href":"https:\/\/www.mondocamping.com\/fr\/wp-json\/wp\/v2\/tags?post=173954"}],"curies":[{"name":"wp","href":"https:\/\/api.w.org\/{rel}","templated":true}]}}