{"id":174050,"date":"2025-04-29T13:06:39","date_gmt":"2025-04-29T11:06:39","guid":{"rendered":"https:\/\/www.mondocamping.com\/croatie-7-8-mai-deux-journees-portes-ouvertes-pour-le-plein-air\/"},"modified":"2025-04-29T13:06:40","modified_gmt":"2025-04-29T11:06:40","slug":"croatie-7-8-mai-deux-journees-portes-ouvertes-pour-le-plein-air","status":"publish","type":"post","link":"https:\/\/www.mondocamping.com\/fr\/croatie-7-8-mai-deux-journees-portes-ouvertes-pour-le-plein-air\/","title":{"rendered":"Croatie : 7-8 mai, deux \u00ab\u00a0journ\u00e9es portes ouvertes\u00a0\u00bb pour le plein air"},"content":{"rendered":"\n<p>Rendez-vous les 7 et 8 mai pour participer \u00e0 cet \u00e9v\u00e9nement important qui fait partie du projet <strong><a href=\"https:\/\/www.camping.hr\/hr\/novosti\/dani-otvorenih-vrata-kampa\">\u00ab\u00a0D\u00e9veloppement de carri\u00e8re dans le camping 2\u00a0\u00bb.<\/a><\/strong>promu par l&rsquo;<strong><a href=\"https:\/\/www.camping.hr\">Association croate du camping<\/a> (KUH)<\/strong>.  <\/p>\n\n<p>L&rsquo;objectif est de <strong>renforcer les liens entre les \u00e9coles professionnelles, les facult\u00e9s et les employeurs du secteur du tourisme en mettant l&rsquo;accent sur la formation sur le tas dans les campings<\/strong>.<\/p>\n\n<p>De l&rsquo;accueil \u00e0 la restauration, de l&rsquo;entretien \u00e0 l&rsquo;animation, le <strong>monde du plein air \u00e0 360 degr\u00e9s<\/strong>, une occasion pr\u00e9cieuse pour les professionnels de se mettre \u00e0 jour mais surtout de former de nouvelles recrues.  <\/p>\n\n<p>Les deux jours pass\u00e9s au <em>Camp Vita, \u00e0 Terme Tuhelj <\/em>, seront une occasion interactive, en particulier pour les jeunes \u00e9tudiants ou les ch\u00f4meurs qui souhaitent d\u00e9couvrir le monde dynamique du camping, en faisant l&rsquo;exp\u00e9rience directe du travail sur le terrain.<\/p>\n\n<p>Apr\u00e8s des activit\u00e9s en Istrie et dans le Kvarner, le projet \u00ab\u00a0D\u00e9veloppement de carri\u00e8re en camping 2\u00a0\u00bb se d\u00e9place en Croatie continentale, dans le cadre magnifique du <strong>Camp Vita,<\/strong> <em>Terme Tuhelj <\/em>, situ\u00e9 pr\u00e8s du complexe <em>Terme Tuhelj <\/em>\u00e0 <em>Hrvatsko Zagorje<\/em>, \u00e0 une cinquantaine de kilom\u00e8tres de Zagreb.  <\/p>\n\n<p>L&rsquo;installation allie bien-\u00eatre et immersion dans le territoire croate, une occasion de combiner le camping de luxe avec les plaisirs du spa, ainsi que les visites des ch\u00e2teaux de Zagorje et les offres culturelles de la r\u00e9gion.  <\/p>\n\n<p>La participation \u00e0 l&rsquo;\u00e9v\u00e9nement est gratuite, mais pour des raisons d&rsquo;organisation, une inscription pr\u00e9alable par e-mail est requise : <a href=\"mailto:info@camping.hr\">info@camping.hr<\/a>.<\/p>\n","protected":false},"excerpt":{"rendered":"<p>Rendez-vous les 7 et 8 mai pour participer \u00e0 cet \u00e9v\u00e9nement important qui fait partie du projet \u00ab\u00a0D\u00e9veloppement de carri\u00e8re dans le camping 2\u00a0\u00bb.promu par l&rsquo;Association croate du camping (KUH). L&rsquo;objectif est de renforcer les liens entre les \u00e9coles professionnelles, les facult\u00e9s et les employeurs du secteur du tourisme en mettant l&rsquo;accent sur la formation [&hellip;]<\/p>\n","protected":false},"author":5,"featured_media":174037,"comment_status":"closed","ping_status":"closed","sticky":false,"template":"","format":"standard","meta":{"_acf_changed":false,"_monsterinsights_skip_tracking":false,"_monsterinsights_sitenote_active":false,"_monsterinsights_sitenote_note":"","_monsterinsights_sitenote_category":0,"footnotes":""},"categories":[4024],"tags":[4210,4189,7124,5878,7123,4262,7125,4079],"class_list":["post-174050","post","type-post","status-publish","format-standard","has-post-thumbnail","hentry","category-actualite","tag-camping-fr-2","tag-camping-fr","tag-camping-croatie","tag-croatie","tag-kuh-fr","tag-mondo-camping-fr","tag-thermes-de-tuhelj","tag-tourisme-de-plein-air"],"acf":[],"yoast_head":"<!-- This site is optimized with the Yoast SEO plugin v27.5 - https:\/\/yoast.com\/product\/yoast-seo-wordpress\/ -->\n<title>Croatie : 7-8 mai, deux &quot;journ\u00e9es portes ouvertes&quot; pour le plein air<\/title>\n<meta name=\"robots\" content=\"index, follow, max-snippet:-1, max-image-preview:large, max-video-preview:-1\" \/>\n<link rel=\"canonical\" href=\"https:\/\/www.mondocamping.com\/fr\/croatie-7-8-mai-deux-journees-portes-ouvertes-pour-le-plein-air\/\" \/>\n<meta property=\"og:locale\" content=\"fr_FR\" \/>\n<meta property=\"og:type\" content=\"article\" \/>\n<meta property=\"og:title\" content=\"Croatie : 7-8 mai, deux &quot;journ\u00e9es portes ouvertes&quot; pour le plein air\" \/>\n<meta property=\"og:description\" content=\"Rendez-vous les 7 et 8 mai pour participer \u00e0 cet \u00e9v\u00e9nement important qui fait partie du projet \u00ab\u00a0D\u00e9veloppement de carri\u00e8re dans le camping 2\u00a0\u00bb.promu par l&rsquo;Association croate du camping (KUH). L&rsquo;objectif est de renforcer les liens entre les \u00e9coles professionnelles, les facult\u00e9s et les employeurs du secteur du tourisme en mettant l&rsquo;accent sur la formation [&hellip;]\" \/>\n<meta property=\"og:url\" content=\"https:\/\/www.mondocamping.com\/fr\/croatie-7-8-mai-deux-journees-portes-ouvertes-pour-le-plein-air\/\" \/>\n<meta property=\"og:site_name\" content=\"Mondo Camping\" \/>\n<meta property=\"article:publisher\" content=\"https:\/\/www.facebook.com\/mondobalneare\" \/>\n<meta property=\"article:author\" content=\"https:\/\/www.facebook.com\/mondocamping\" \/>\n<meta property=\"article:published_time\" content=\"2025-04-29T11:06:39+00:00\" \/>\n<meta property=\"article:modified_time\" content=\"2025-04-29T11:06:40+00:00\" \/>\n<meta property=\"og:image\" content=\"https:\/\/www.mondocamping.com\/wp-content\/uploads\/2025\/04\/Screenshot-2025-04-29-alle-12.25.59.png\" \/>\n\t<meta property=\"og:image:width\" content=\"1200\" \/>\n\t<meta property=\"og:image:height\" content=\"628\" \/>\n\t<meta property=\"og:image:type\" content=\"image\/png\" \/>\n<meta name=\"author\" content=\"Mondo Camping\" \/>\n<meta name=\"twitter:card\" content=\"summary_large_image\" \/>\n<meta name=\"twitter:creator\" content=\"@mondobalneare\" \/>\n<meta name=\"twitter:site\" content=\"@mondobalneare\" \/>\n<meta name=\"twitter:label1\" content=\"\u00c9crit par\" \/>\n\t<meta name=\"twitter:data1\" content=\"Mondo Camping\" \/>\n\t<meta name=\"twitter:label2\" content=\"Dur\u00e9e de lecture estim\u00e9e\" \/>\n\t<meta name=\"twitter:data2\" content=\"1 minute\" \/>\n<script type=\"application\/ld+json\" class=\"yoast-schema-graph\">{\"@context\":\"https:\\\/\\\/schema.org\",\"@graph\":[{\"@type\":\"Article\",\"@id\":\"https:\\\/\\\/www.mondocamping.com\\\/fr\\\/croatie-7-8-mai-deux-journees-portes-ouvertes-pour-le-plein-air\\\/#article\",\"isPartOf\":{\"@id\":\"https:\\\/\\\/www.mondocamping.com\\\/fr\\\/croatie-7-8-mai-deux-journees-portes-ouvertes-pour-le-plein-air\\\/\"},\"author\":{\"name\":\"Mondo Camping\",\"@id\":\"https:\\\/\\\/www.mondocamping.com\\\/#\\\/schema\\\/person\\\/01a031b8c5ef08c2204bb0e696f0a760\"},\"headline\":\"Croatie : 7-8 mai, deux \u00ab\u00a0journ\u00e9es portes ouvertes\u00a0\u00bb pour le plein air\",\"datePublished\":\"2025-04-29T11:06:39+00:00\",\"dateModified\":\"2025-04-29T11:06:40+00:00\",\"mainEntityOfPage\":{\"@id\":\"https:\\\/\\\/www.mondocamping.com\\\/fr\\\/croatie-7-8-mai-deux-journees-portes-ouvertes-pour-le-plein-air\\\/\"},\"wordCount\":272,\"publisher\":{\"@id\":\"https:\\\/\\\/www.mondocamping.com\\\/#organization\"},\"image\":{\"@id\":\"https:\\\/\\\/www.mondocamping.com\\\/fr\\\/croatie-7-8-mai-deux-journees-portes-ouvertes-pour-le-plein-air\\\/#primaryimage\"},\"thumbnailUrl\":\"https:\\\/\\\/www.mondocamping.com\\\/wp-content\\\/uploads\\\/2025\\\/04\\\/Screenshot-2025-04-29-alle-12.25.59.png\",\"keywords\":[\"camping\",\"camping\",\"camping Croatie\",\"Croatie\",\"KUH\",\"Mondo Camping\",\"Thermes de Tuhelj\",\"Tourisme de plein air\"],\"articleSection\":[\"Actualit\u00e9\"],\"inLanguage\":\"fr-FR\"},{\"@type\":\"WebPage\",\"@id\":\"https:\\\/\\\/www.mondocamping.com\\\/fr\\\/croatie-7-8-mai-deux-journees-portes-ouvertes-pour-le-plein-air\\\/\",\"url\":\"https:\\\/\\\/www.mondocamping.com\\\/fr\\\/croatie-7-8-mai-deux-journees-portes-ouvertes-pour-le-plein-air\\\/\",\"name\":\"Croatie : 7-8 mai, deux \\\"journ\u00e9es portes ouvertes\\\" pour le plein air\",\"isPartOf\":{\"@id\":\"https:\\\/\\\/www.mondocamping.com\\\/#website\"},\"primaryImageOfPage\":{\"@id\":\"https:\\\/\\\/www.mondocamping.com\\\/fr\\\/croatie-7-8-mai-deux-journees-portes-ouvertes-pour-le-plein-air\\\/#primaryimage\"},\"image\":{\"@id\":\"https:\\\/\\\/www.mondocamping.com\\\/fr\\\/croatie-7-8-mai-deux-journees-portes-ouvertes-pour-le-plein-air\\\/#primaryimage\"},\"thumbnailUrl\":\"https:\\\/\\\/www.mondocamping.com\\\/wp-content\\\/uploads\\\/2025\\\/04\\\/Screenshot-2025-04-29-alle-12.25.59.png\",\"datePublished\":\"2025-04-29T11:06:39+00:00\",\"dateModified\":\"2025-04-29T11:06:40+00:00\",\"breadcrumb\":{\"@id\":\"https:\\\/\\\/www.mondocamping.com\\\/fr\\\/croatie-7-8-mai-deux-journees-portes-ouvertes-pour-le-plein-air\\\/#breadcrumb\"},\"inLanguage\":\"fr-FR\",\"potentialAction\":[{\"@type\":\"ReadAction\",\"target\":[\"https:\\\/\\\/www.mondocamping.com\\\/fr\\\/croatie-7-8-mai-deux-journees-portes-ouvertes-pour-le-plein-air\\\/\"]}]},{\"@type\":\"ImageObject\",\"inLanguage\":\"fr-FR\",\"@id\":\"https:\\\/\\\/www.mondocamping.com\\\/fr\\\/croatie-7-8-mai-deux-journees-portes-ouvertes-pour-le-plein-air\\\/#primaryimage\",\"url\":\"https:\\\/\\\/www.mondocamping.com\\\/wp-content\\\/uploads\\\/2025\\\/04\\\/Screenshot-2025-04-29-alle-12.25.59.png\",\"contentUrl\":\"https:\\\/\\\/www.mondocamping.com\\\/wp-content\\\/uploads\\\/2025\\\/04\\\/Screenshot-2025-04-29-alle-12.25.59.png\",\"width\":1200,\"height\":628},{\"@type\":\"BreadcrumbList\",\"@id\":\"https:\\\/\\\/www.mondocamping.com\\\/fr\\\/croatie-7-8-mai-deux-journees-portes-ouvertes-pour-le-plein-air\\\/#breadcrumb\",\"itemListElement\":[{\"@type\":\"ListItem\",\"position\":1,\"name\":\"Home\",\"item\":\"https:\\\/\\\/www.mondocamping.com\\\/fr\\\/\"},{\"@type\":\"ListItem\",\"position\":2,\"name\":\"Croatie : 7-8 mai, deux \u00ab\u00a0journ\u00e9es portes ouvertes\u00a0\u00bb pour le plein air\"}]},{\"@type\":\"WebSite\",\"@id\":\"https:\\\/\\\/www.mondocamping.com\\\/#website\",\"url\":\"https:\\\/\\\/www.mondocamping.com\\\/\",\"name\":\"Mondo Camping\",\"description\":\"Le portail d\u00e9di\u00e9 aux gestionnaires de campings et villages touristiques\",\"publisher\":{\"@id\":\"https:\\\/\\\/www.mondocamping.com\\\/#organization\"},\"potentialAction\":[{\"@type\":\"SearchAction\",\"target\":{\"@type\":\"EntryPoint\",\"urlTemplate\":\"https:\\\/\\\/www.mondocamping.com\\\/?s={search_term_string}\"},\"query-input\":{\"@type\":\"PropertyValueSpecification\",\"valueRequired\":true,\"valueName\":\"search_term_string\"}}],\"inLanguage\":\"fr-FR\"},{\"@type\":\"Organization\",\"@id\":\"https:\\\/\\\/www.mondocamping.com\\\/#organization\",\"name\":\"Mondo Camping\",\"url\":\"https:\\\/\\\/www.mondocamping.com\\\/\",\"logo\":{\"@type\":\"ImageObject\",\"inLanguage\":\"fr-FR\",\"@id\":\"https:\\\/\\\/www.mondocamping.com\\\/#\\\/schema\\\/logo\\\/image\\\/\",\"url\":\"https:\\\/\\\/www.mondocamping.com\\\/wp-content\\\/uploads\\\/2022\\\/04\\\/mondo-camping-logo-contornato-1.png\",\"contentUrl\":\"https:\\\/\\\/www.mondocamping.com\\\/wp-content\\\/uploads\\\/2022\\\/04\\\/mondo-camping-logo-contornato-1.png\",\"width\":280,\"height\":90,\"caption\":\"Mondo Camping\"},\"image\":{\"@id\":\"https:\\\/\\\/www.mondocamping.com\\\/#\\\/schema\\\/logo\\\/image\\\/\"},\"sameAs\":[\"https:\\\/\\\/www.facebook.com\\\/mondobalneare\",\"https:\\\/\\\/x.com\\\/mondobalneare\",\"https:\\\/\\\/www.instagram.com\\\/mondobalneare\\\/\",\"https:\\\/\\\/www.linkedin.com\\\/company\\\/67180810\\\/\",\"https:\\\/\\\/www.youtube.com\\\/user\\\/mondobalnearevideo\"]},{\"@type\":\"Person\",\"@id\":\"https:\\\/\\\/www.mondocamping.com\\\/#\\\/schema\\\/person\\\/01a031b8c5ef08c2204bb0e696f0a760\",\"name\":\"Mondo Camping\",\"image\":{\"@type\":\"ImageObject\",\"inLanguage\":\"fr-FR\",\"@id\":\"https:\\\/\\\/www.mondocamping.com\\\/wp-content\\\/uploads\\\/2022\\\/05\\\/cropped-icona-MONDO-CAMPING-150x150.png\",\"url\":\"https:\\\/\\\/www.mondocamping.com\\\/wp-content\\\/uploads\\\/2022\\\/05\\\/cropped-icona-MONDO-CAMPING-150x150.png\",\"contentUrl\":\"https:\\\/\\\/www.mondocamping.com\\\/wp-content\\\/uploads\\\/2022\\\/05\\\/cropped-icona-MONDO-CAMPING-150x150.png\",\"caption\":\"Mondo Camping\"},\"sameAs\":[\"https:\\\/\\\/www.mondocamping.com\\\/\",\"https:\\\/\\\/www.facebook.com\\\/mondocamping\"]}]}<\/script>\n<!-- \/ Yoast SEO plugin. -->","yoast_head_json":{"title":"Croatie : 7-8 mai, deux \"journ\u00e9es portes ouvertes\" pour le plein air","robots":{"index":"index","follow":"follow","max-snippet":"max-snippet:-1","max-image-preview":"max-image-preview:large","max-video-preview":"max-video-preview:-1"},"canonical":"https:\/\/www.mondocamping.com\/fr\/croatie-7-8-mai-deux-journees-portes-ouvertes-pour-le-plein-air\/","og_locale":"fr_FR","og_type":"article","og_title":"Croatie : 7-8 mai, deux \"journ\u00e9es portes ouvertes\" pour le plein air","og_description":"Rendez-vous les 7 et 8 mai pour participer \u00e0 cet \u00e9v\u00e9nement important qui fait partie du projet \u00ab\u00a0D\u00e9veloppement de carri\u00e8re dans le camping 2\u00a0\u00bb.promu par l&rsquo;Association croate du camping (KUH). L&rsquo;objectif est de renforcer les liens entre les \u00e9coles professionnelles, les facult\u00e9s et les employeurs du secteur du tourisme en mettant l&rsquo;accent sur la formation [&hellip;]","og_url":"https:\/\/www.mondocamping.com\/fr\/croatie-7-8-mai-deux-journees-portes-ouvertes-pour-le-plein-air\/","og_site_name":"Mondo Camping","article_publisher":"https:\/\/www.facebook.com\/mondobalneare","article_author":"https:\/\/www.facebook.com\/mondocamping","article_published_time":"2025-04-29T11:06:39+00:00","article_modified_time":"2025-04-29T11:06:40+00:00","og_image":[{"width":1200,"height":628,"url":"https:\/\/www.mondocamping.com\/wp-content\/uploads\/2025\/04\/Screenshot-2025-04-29-alle-12.25.59.png","type":"image\/png"}],"author":"Mondo Camping","twitter_card":"summary_large_image","twitter_creator":"@mondobalneare","twitter_site":"@mondobalneare","twitter_misc":{"\u00c9crit par":"Mondo Camping","Dur\u00e9e de lecture estim\u00e9e":"1 minute"},"schema":{"@context":"https:\/\/schema.org","@graph":[{"@type":"Article","@id":"https:\/\/www.mondocamping.com\/fr\/croatie-7-8-mai-deux-journees-portes-ouvertes-pour-le-plein-air\/#article","isPartOf":{"@id":"https:\/\/www.mondocamping.com\/fr\/croatie-7-8-mai-deux-journees-portes-ouvertes-pour-le-plein-air\/"},"author":{"name":"Mondo Camping","@id":"https:\/\/www.mondocamping.com\/#\/schema\/person\/01a031b8c5ef08c2204bb0e696f0a760"},"headline":"Croatie : 7-8 mai, deux \u00ab\u00a0journ\u00e9es portes ouvertes\u00a0\u00bb pour le plein air","datePublished":"2025-04-29T11:06:39+00:00","dateModified":"2025-04-29T11:06:40+00:00","mainEntityOfPage":{"@id":"https:\/\/www.mondocamping.com\/fr\/croatie-7-8-mai-deux-journees-portes-ouvertes-pour-le-plein-air\/"},"wordCount":272,"publisher":{"@id":"https:\/\/www.mondocamping.com\/#organization"},"image":{"@id":"https:\/\/www.mondocamping.com\/fr\/croatie-7-8-mai-deux-journees-portes-ouvertes-pour-le-plein-air\/#primaryimage"},"thumbnailUrl":"https:\/\/www.mondocamping.com\/wp-content\/uploads\/2025\/04\/Screenshot-2025-04-29-alle-12.25.59.png","keywords":["camping","camping","camping Croatie","Croatie","KUH","Mondo Camping","Thermes de Tuhelj","Tourisme de plein air"],"articleSection":["Actualit\u00e9"],"inLanguage":"fr-FR"},{"@type":"WebPage","@id":"https:\/\/www.mondocamping.com\/fr\/croatie-7-8-mai-deux-journees-portes-ouvertes-pour-le-plein-air\/","url":"https:\/\/www.mondocamping.com\/fr\/croatie-7-8-mai-deux-journees-portes-ouvertes-pour-le-plein-air\/","name":"Croatie : 7-8 mai, deux \"journ\u00e9es portes ouvertes\" pour le plein air","isPartOf":{"@id":"https:\/\/www.mondocamping.com\/#website"},"primaryImageOfPage":{"@id":"https:\/\/www.mondocamping.com\/fr\/croatie-7-8-mai-deux-journees-portes-ouvertes-pour-le-plein-air\/#primaryimage"},"image":{"@id":"https:\/\/www.mondocamping.com\/fr\/croatie-7-8-mai-deux-journees-portes-ouvertes-pour-le-plein-air\/#primaryimage"},"thumbnailUrl":"https:\/\/www.mondocamping.com\/wp-content\/uploads\/2025\/04\/Screenshot-2025-04-29-alle-12.25.59.png","datePublished":"2025-04-29T11:06:39+00:00","dateModified":"2025-04-29T11:06:40+00:00","breadcrumb":{"@id":"https:\/\/www.mondocamping.com\/fr\/croatie-7-8-mai-deux-journees-portes-ouvertes-pour-le-plein-air\/#breadcrumb"},"inLanguage":"fr-FR","potentialAction":[{"@type":"ReadAction","target":["https:\/\/www.mondocamping.com\/fr\/croatie-7-8-mai-deux-journees-portes-ouvertes-pour-le-plein-air\/"]}]},{"@type":"ImageObject","inLanguage":"fr-FR","@id":"https:\/\/www.mondocamping.com\/fr\/croatie-7-8-mai-deux-journees-portes-ouvertes-pour-le-plein-air\/#primaryimage","url":"https:\/\/www.mondocamping.com\/wp-content\/uploads\/2025\/04\/Screenshot-2025-04-29-alle-12.25.59.png","contentUrl":"https:\/\/www.mondocamping.com\/wp-content\/uploads\/2025\/04\/Screenshot-2025-04-29-alle-12.25.59.png","width":1200,"height":628},{"@type":"BreadcrumbList","@id":"https:\/\/www.mondocamping.com\/fr\/croatie-7-8-mai-deux-journees-portes-ouvertes-pour-le-plein-air\/#breadcrumb","itemListElement":[{"@type":"ListItem","position":1,"name":"Home","item":"https:\/\/www.mondocamping.com\/fr\/"},{"@type":"ListItem","position":2,"name":"Croatie : 7-8 mai, deux \u00ab\u00a0journ\u00e9es portes ouvertes\u00a0\u00bb pour le plein air"}]},{"@type":"WebSite","@id":"https:\/\/www.mondocamping.com\/#website","url":"https:\/\/www.mondocamping.com\/","name":"Mondo Camping","description":"Le portail d\u00e9di\u00e9 aux gestionnaires de campings et villages touristiques","publisher":{"@id":"https:\/\/www.mondocamping.com\/#organization"},"potentialAction":[{"@type":"SearchAction","target":{"@type":"EntryPoint","urlTemplate":"https:\/\/www.mondocamping.com\/?s={search_term_string}"},"query-input":{"@type":"PropertyValueSpecification","valueRequired":true,"valueName":"search_term_string"}}],"inLanguage":"fr-FR"},{"@type":"Organization","@id":"https:\/\/www.mondocamping.com\/#organization","name":"Mondo Camping","url":"https:\/\/www.mondocamping.com\/","logo":{"@type":"ImageObject","inLanguage":"fr-FR","@id":"https:\/\/www.mondocamping.com\/#\/schema\/logo\/image\/","url":"https:\/\/www.mondocamping.com\/wp-content\/uploads\/2022\/04\/mondo-camping-logo-contornato-1.png","contentUrl":"https:\/\/www.mondocamping.com\/wp-content\/uploads\/2022\/04\/mondo-camping-logo-contornato-1.png","width":280,"height":90,"caption":"Mondo Camping"},"image":{"@id":"https:\/\/www.mondocamping.com\/#\/schema\/logo\/image\/"},"sameAs":["https:\/\/www.facebook.com\/mondobalneare","https:\/\/x.com\/mondobalneare","https:\/\/www.instagram.com\/mondobalneare\/","https:\/\/www.linkedin.com\/company\/67180810\/","https:\/\/www.youtube.com\/user\/mondobalnearevideo"]},{"@type":"Person","@id":"https:\/\/www.mondocamping.com\/#\/schema\/person\/01a031b8c5ef08c2204bb0e696f0a760","name":"Mondo Camping","image":{"@type":"ImageObject","inLanguage":"fr-FR","@id":"https:\/\/www.mondocamping.com\/wp-content\/uploads\/2022\/05\/cropped-icona-MONDO-CAMPING-150x150.png","url":"https:\/\/www.mondocamping.com\/wp-content\/uploads\/2022\/05\/cropped-icona-MONDO-CAMPING-150x150.png","contentUrl":"https:\/\/www.mondocamping.com\/wp-content\/uploads\/2022\/05\/cropped-icona-MONDO-CAMPING-150x150.png","caption":"Mondo Camping"},"sameAs":["https:\/\/www.mondocamping.com\/","https:\/\/www.facebook.com\/mondocamping"]}]}},"_links":{"self":[{"href":"https:\/\/www.mondocamping.com\/fr\/wp-json\/wp\/v2\/posts\/174050","targetHints":{"allow":["GET"]}}],"collection":[{"href":"https:\/\/www.mondocamping.com\/fr\/wp-json\/wp\/v2\/posts"}],"about":[{"href":"https:\/\/www.mondocamping.com\/fr\/wp-json\/wp\/v2\/types\/post"}],"author":[{"embeddable":true,"href":"https:\/\/www.mondocamping.com\/fr\/wp-json\/wp\/v2\/users\/5"}],"replies":[{"embeddable":true,"href":"https:\/\/www.mondocamping.com\/fr\/wp-json\/wp\/v2\/comments?post=174050"}],"version-history":[{"count":1,"href":"https:\/\/www.mondocamping.com\/fr\/wp-json\/wp\/v2\/posts\/174050\/revisions"}],"predecessor-version":[{"id":174051,"href":"https:\/\/www.mondocamping.com\/fr\/wp-json\/wp\/v2\/posts\/174050\/revisions\/174051"}],"wp:featuredmedia":[{"embeddable":true,"href":"https:\/\/www.mondocamping.com\/fr\/wp-json\/wp\/v2\/media\/174037"}],"wp:attachment":[{"href":"https:\/\/www.mondocamping.com\/fr\/wp-json\/wp\/v2\/media?parent=174050"}],"wp:term":[{"taxonomy":"category","embeddable":true,"href":"https:\/\/www.mondocamping.com\/fr\/wp-json\/wp\/v2\/categories?post=174050"},{"taxonomy":"post_tag","embeddable":true,"href":"https:\/\/www.mondocamping.com\/fr\/wp-json\/wp\/v2\/tags?post=174050"}],"curies":[{"name":"wp","href":"https:\/\/api.w.org\/{rel}","templated":true}]}}