{"id":174115,"date":"2025-05-06T16:04:00","date_gmt":"2025-05-06T14:04:00","guid":{"rendered":"https:\/\/www.mondocamping.com\/hospitalite-the-hospitality-show-et-wmf-inclusivite-et-hospitalite-pour-recompenser-lhospitalite-accessible\/"},"modified":"2025-05-06T16:04:02","modified_gmt":"2025-05-06T14:04:02","slug":"hospitalite-the-hospitality-show-et-wmf-inclusivite-et-hospitalite-pour-recompenser-lhospitalite-accessible","status":"publish","type":"post","link":"https:\/\/www.mondocamping.com\/fr\/hospitalite-the-hospitality-show-et-wmf-inclusivite-et-hospitalite-pour-recompenser-lhospitalite-accessible\/","title":{"rendered":"Hospitalit\u00e9 &#8211; The Hospitality Show et WMF : inclusivit\u00e9 et hospitalit\u00e9 pour r\u00e9compenser l&rsquo;hospitalit\u00e9 accessible"},"content":{"rendered":"\n<p><strong>Hospitality &#8211; Il Salone dell&rsquo;Accoglienza<\/strong>, le principal salon international de l&rsquo;h\u00f4tellerie et de la restauration en Italie, organis\u00e9 par Riva del Garda Fierecongressi, met l&rsquo;accent sur l&rsquo;<strong>inclusion, la<\/strong> langue et la culture<strong>.<\/strong> <strong> <\/strong>de l&rsquo;hospitalit\u00e9 de demain. L&rsquo;\u00e9v\u00e9nement souhaite donner de la visibilit\u00e9 \u00e0 ceux qui transforment d\u00e9j\u00e0 cette vision en exp\u00e9rience concr\u00e8te en lan\u00e7ant une nouvelle initiative pour donner de la voix et de la valeur aux <strong>projets qui font tomber les barri\u00e8res physiques, sensorielles, cognitives, alimentaires et culturelles<\/strong> et rendent le tourisme r\u00e9ellement ouvert \u00e0 tous.   <\/p>\n\n<p><strong> <\/strong>Le concours est n\u00e9 en  <strong>collaboration avec WMF &#8211; We Make Future<\/strong>le plus grand salon d&rsquo;Italie consacr\u00e9 \u00e0 l&rsquo;innovation num\u00e9rique, et la  <strong>r\u00e9alit\u00e9 gagnante<\/strong>  auront l&rsquo;occasion de participer \u00e0 ces deux \u00e9v\u00e9nements en racontant leur histoire : ils monteront sur sc\u00e8ne lors de la prochaine conf\u00e9rence de l&rsquo;Union europ\u00e9enne.  <strong>du festival WMF 2025<\/strong>qui se tiendra \u00e0 BolognaFiere du 4 au 6 juin, pr\u00e9senteront leur projet lors de la c\u00e9r\u00e9monie officielle de remise des prix et auront acc\u00e8s \u00e0 des opportunit\u00e9s de r\u00e9seautage avec des professionnels et des parties prenantes du monde entier ; ils seront \u00e9galement invit\u00e9s \u00e0 participer \u00e0 des ateliers de formation et \u00e0 des conf\u00e9rences.  <strong>en vedette lors de la 50e \u00e9dition de Hospitality &#8211; The Hospitality Show,  <\/strong>mis en sc\u00e8ne \u00e0<strong>  Riva del Garda du 2 au 5 f\u00e9vrier 2026<\/strong>.<\/p>\n\n<p><strong>Giovanna Voltolini, Exhibition Manager of Hospitality,<\/strong> commente :<em>\u00ab\u00a0Nous avons accueilli avec beaucoup d&rsquo;enthousiasme l&rsquo;opportunit\u00e9 qui nous a \u00e9t\u00e9 offerte par WMF &#8211; We Make Future de cr\u00e9er le Hospitality Award &#8211; Inclusivity and Hospitality, un prix qui vise \u00e0 mettre en lumi\u00e8re des projets d\u00e9j\u00e0 op\u00e9rationnels ou \u00e0 un stade avanc\u00e9 de r\u00e9alisation et qui promeuvent une hospitalit\u00e9 r\u00e9ellement accessible<\/em>.\u00a0\u00bb<\/p>\n\n<p>Il ajoute : &lsquo;  <em>L&rsquo;objectif est de r\u00e9compenser les id\u00e9es innovantes ayant un fort impact sur le secteur, durables et reproductibles, accompagn\u00e9es d&rsquo;un storytelling efficace. Tous les \u00e9tablissements du secteur touristique, qu&rsquo;il s&rsquo;agisse d&rsquo;h\u00f4tels, de restaurants, de traiteurs, de campings ou de spas, sont invit\u00e9s \u00e0 pr\u00e9senter des solutions, des services et des initiatives susceptibles d&rsquo;am\u00e9liorer l&rsquo;exp\u00e9rience des clients en parlant le langage de l&rsquo;inclusion. <\/em>\u00ab\u00a0.<\/p>\n\n<h2 class=\"wp-block-heading\">Participation au concours et \u00e9valuation<\/h2>\n\n<p>Tous les \u00e9tablissements du secteur touristique, qu&rsquo;il s&rsquo;agisse d&rsquo;h\u00f4tels, de restaurants, de traiteurs, de campings ou de spas, peuvent participer. Les candidatures sont ouvertes jusqu&rsquo;au <strong>20 mai 2025<\/strong> sur ce <a href=\"https:\/\/hospitalityriva.it\/it\/hospitality-award\">lien<\/a>.<\/p>\n\n<p>L&rsquo;<strong>\u00e9valuation des candidatures<\/strong> est confi\u00e9e \u00e0 un jury d&rsquo;experts en mati\u00e8re d&rsquo;hospitalit\u00e9, d&rsquo;accessibilit\u00e9, de conception inclusive et de communication, dont <strong>Roberto Vitali, PDG et cofondateur de Village for all &#8211; V4A<\/strong>, une soci\u00e9t\u00e9 sp\u00e9cialis\u00e9e dans l&rsquo;hospitalit\u00e9 accessible.  <\/p>\n\n<p>Quatre crit\u00e8res seront examin\u00e9s :  <\/p>\n\n<ul class=\"wp-block-list\">\n<li>un impact<strong> concret sur l&rsquo;accessibilit\u00e9 et l&rsquo;inclusion des visiteurs<\/strong>;  <\/li>\n\n\n\n<li>le degr\u00e9 d&rsquo;<strong>innovation technologique, manag\u00e9riale ou exp\u00e9rientielle<\/strong>;  <\/li>\n\n\n\n<li><strong>la durabilit\u00e9 et la reproductibilit\u00e9<\/strong> du mod\u00e8le propos\u00e9 ;<\/li>\n\n\n\n<li><strong>la qualit\u00e9 de la communication sur<\/strong> le projet.<\/li>\n<\/ul>\n\n<p>Le \u00ab\u00a0Hospitality Award &#8211; Inclusivity and Hospitality\u00a0\u00bb fait partie de l&rsquo;engagement plus large d&rsquo;Hospitality en faveur de l&rsquo;hospitalit\u00e9 pour tous, qui comprend le concours <strong>\u00ab\u00a0Startup for Hospitality\u00a0\u00bb,<\/strong> r\u00e9alis\u00e9 lors de la derni\u00e8re \u00e9dition du salon, et le <strong>projet pluriannuel DI OGNUNO<\/strong>, qui sera \u00e9galement pr\u00e9sent\u00e9 lors du festival We Make Future \u00e0 Bologne. DI OGNUNO est l&rsquo;initiative Hospitality d\u00e9di\u00e9e \u00e0 l&rsquo;hospitalit\u00e9 accessible, d\u00e9velopp\u00e9e en collaboration avec Lombardini22 et Village for all &#8211; V4A, qui depuis 2024, \u00e0 chaque \u00e9dition de la Foire, propose au monde HoReCa des id\u00e9es concr\u00e8tes dans ce domaine. <\/p>\n\n<p>L&rsquo;\u00e9dition 2025 s&rsquo;est concentr\u00e9e sur la <strong>salle du petit-d\u00e9jeuner<\/strong>, proposant une exp\u00e9rience entre confort et inconfort que le public du festival WMF pourra \u00e9galement exp\u00e9rimenter, en touchant de ses propres mains comment des solutions de design cibl\u00e9es peuvent am\u00e9liorer les diff\u00e9rents besoins alimentaires, physiques et cognitifs.<\/p>\n","protected":false},"excerpt":{"rendered":"<p>Hospitality &#8211; Il Salone dell&rsquo;Accoglienza, le principal salon international de l&rsquo;h\u00f4tellerie et de la restauration en Italie, organis\u00e9 par Riva del Garda Fierecongressi, met l&rsquo;accent sur l&rsquo;inclusion, la langue et la culture. de l&rsquo;hospitalit\u00e9 de demain. L&rsquo;\u00e9v\u00e9nement souhaite donner de la visibilit\u00e9 \u00e0 ceux qui transforment d\u00e9j\u00e0 cette vision en exp\u00e9rience concr\u00e8te en lan\u00e7ant une [&hellip;]<\/p>\n","protected":false},"author":5,"featured_media":174101,"comment_status":"closed","ping_status":"closed","sticky":false,"template":"","format":"standard","meta":{"_acf_changed":false,"_monsterinsights_skip_tracking":false,"_monsterinsights_sitenote_active":false,"_monsterinsights_sitenote_note":"","_monsterinsights_sitenote_category":0,"footnotes":""},"categories":[4024],"tags":[4660,6832,5357,7148,7153,7137,7151],"class_list":["post-174115","post","type-post","status-publish","format-standard","has-post-thumbnail","hentry","category-actualite","tag-accueil","tag-accueil-salon-de-laccueil","tag-giovanna-voltolini","tag-inclusion","tag-reception","tag-wmf","tag-wmf-nous-creons-lavenir"],"acf":[],"yoast_head":"<!-- This site is optimized with the Yoast SEO plugin v27.5 - https:\/\/yoast.com\/product\/yoast-seo-wordpress\/ -->\n<title>Hospitalit\u00e9 - The Hospitality Show et WMF : inclusivit\u00e9 et hospitalit\u00e9 pour r\u00e9compenser l&#039;hospitalit\u00e9 accessible<\/title>\n<meta name=\"robots\" content=\"index, follow, max-snippet:-1, max-image-preview:large, max-video-preview:-1\" \/>\n<link rel=\"canonical\" href=\"https:\/\/www.mondocamping.com\/fr\/hospitalite-the-hospitality-show-et-wmf-inclusivite-et-hospitalite-pour-recompenser-lhospitalite-accessible\/\" \/>\n<meta property=\"og:locale\" content=\"fr_FR\" \/>\n<meta property=\"og:type\" content=\"article\" \/>\n<meta property=\"og:title\" content=\"Hospitalit\u00e9 - The Hospitality Show et WMF : inclusivit\u00e9 et hospitalit\u00e9 pour r\u00e9compenser l&#039;hospitalit\u00e9 accessible\" \/>\n<meta property=\"og:description\" content=\"Hospitality &#8211; Il Salone dell&rsquo;Accoglienza, le principal salon international de l&rsquo;h\u00f4tellerie et de la restauration en Italie, organis\u00e9 par Riva del Garda Fierecongressi, met l&rsquo;accent sur l&rsquo;inclusion, la langue et la culture. de l&rsquo;hospitalit\u00e9 de demain. L&rsquo;\u00e9v\u00e9nement souhaite donner de la visibilit\u00e9 \u00e0 ceux qui transforment d\u00e9j\u00e0 cette vision en exp\u00e9rience concr\u00e8te en lan\u00e7ant une [&hellip;]\" \/>\n<meta property=\"og:url\" content=\"https:\/\/www.mondocamping.com\/fr\/hospitalite-the-hospitality-show-et-wmf-inclusivite-et-hospitalite-pour-recompenser-lhospitalite-accessible\/\" \/>\n<meta property=\"og:site_name\" content=\"Mondo Camping\" \/>\n<meta property=\"article:publisher\" content=\"https:\/\/www.facebook.com\/mondobalneare\" \/>\n<meta property=\"article:author\" content=\"https:\/\/www.facebook.com\/mondocamping\" \/>\n<meta property=\"article:published_time\" content=\"2025-05-06T14:04:00+00:00\" \/>\n<meta property=\"article:modified_time\" content=\"2025-05-06T14:04:02+00:00\" \/>\n<meta property=\"og:image\" content=\"https:\/\/www.mondocamping.com\/wp-content\/uploads\/2025\/05\/Hospitality_DI-OGNUNO-2025_MG_0503-2.jpg\" \/>\n\t<meta property=\"og:image:width\" content=\"1200\" \/>\n\t<meta property=\"og:image:height\" content=\"628\" \/>\n\t<meta property=\"og:image:type\" content=\"image\/jpeg\" \/>\n<meta name=\"author\" content=\"Mondo Camping\" \/>\n<meta name=\"twitter:card\" content=\"summary_large_image\" \/>\n<meta name=\"twitter:creator\" content=\"@mondobalneare\" \/>\n<meta name=\"twitter:site\" content=\"@mondobalneare\" \/>\n<meta name=\"twitter:label1\" content=\"\u00c9crit par\" \/>\n\t<meta name=\"twitter:data1\" content=\"Mondo Camping\" \/>\n\t<meta name=\"twitter:label2\" content=\"Dur\u00e9e de lecture estim\u00e9e\" \/>\n\t<meta name=\"twitter:data2\" content=\"3 minutes\" \/>\n<script type=\"application\/ld+json\" class=\"yoast-schema-graph\">{\"@context\":\"https:\\\/\\\/schema.org\",\"@graph\":[{\"@type\":\"Article\",\"@id\":\"https:\\\/\\\/www.mondocamping.com\\\/fr\\\/hospitalite-the-hospitality-show-et-wmf-inclusivite-et-hospitalite-pour-recompenser-lhospitalite-accessible\\\/#article\",\"isPartOf\":{\"@id\":\"https:\\\/\\\/www.mondocamping.com\\\/fr\\\/hospitalite-the-hospitality-show-et-wmf-inclusivite-et-hospitalite-pour-recompenser-lhospitalite-accessible\\\/\"},\"author\":{\"name\":\"Mondo Camping\",\"@id\":\"https:\\\/\\\/www.mondocamping.com\\\/#\\\/schema\\\/person\\\/01a031b8c5ef08c2204bb0e696f0a760\"},\"headline\":\"Hospitalit\u00e9 &#8211; The Hospitality Show et WMF : inclusivit\u00e9 et hospitalit\u00e9 pour r\u00e9compenser l&rsquo;hospitalit\u00e9 accessible\",\"datePublished\":\"2025-05-06T14:04:00+00:00\",\"dateModified\":\"2025-05-06T14:04:02+00:00\",\"mainEntityOfPage\":{\"@id\":\"https:\\\/\\\/www.mondocamping.com\\\/fr\\\/hospitalite-the-hospitality-show-et-wmf-inclusivite-et-hospitalite-pour-recompenser-lhospitalite-accessible\\\/\"},\"wordCount\":685,\"publisher\":{\"@id\":\"https:\\\/\\\/www.mondocamping.com\\\/#organization\"},\"image\":{\"@id\":\"https:\\\/\\\/www.mondocamping.com\\\/fr\\\/hospitalite-the-hospitality-show-et-wmf-inclusivite-et-hospitalite-pour-recompenser-lhospitalite-accessible\\\/#primaryimage\"},\"thumbnailUrl\":\"https:\\\/\\\/www.mondocamping.com\\\/wp-content\\\/uploads\\\/2025\\\/05\\\/Hospitality_DI-OGNUNO-2025_MG_0503-2.jpg\",\"keywords\":[\"accueil\",\"Accueil - Salon de l'accueil\",\"Giovanna Voltolini\",\"inclusion\",\"r\u00e9ception\",\"WMF\",\"WMF - Nous cr\u00e9ons l'avenir\"],\"articleSection\":[\"Actualit\u00e9\"],\"inLanguage\":\"fr-FR\"},{\"@type\":\"WebPage\",\"@id\":\"https:\\\/\\\/www.mondocamping.com\\\/fr\\\/hospitalite-the-hospitality-show-et-wmf-inclusivite-et-hospitalite-pour-recompenser-lhospitalite-accessible\\\/\",\"url\":\"https:\\\/\\\/www.mondocamping.com\\\/fr\\\/hospitalite-the-hospitality-show-et-wmf-inclusivite-et-hospitalite-pour-recompenser-lhospitalite-accessible\\\/\",\"name\":\"Hospitalit\u00e9 - The Hospitality Show et WMF : inclusivit\u00e9 et hospitalit\u00e9 pour r\u00e9compenser l'hospitalit\u00e9 accessible\",\"isPartOf\":{\"@id\":\"https:\\\/\\\/www.mondocamping.com\\\/#website\"},\"primaryImageOfPage\":{\"@id\":\"https:\\\/\\\/www.mondocamping.com\\\/fr\\\/hospitalite-the-hospitality-show-et-wmf-inclusivite-et-hospitalite-pour-recompenser-lhospitalite-accessible\\\/#primaryimage\"},\"image\":{\"@id\":\"https:\\\/\\\/www.mondocamping.com\\\/fr\\\/hospitalite-the-hospitality-show-et-wmf-inclusivite-et-hospitalite-pour-recompenser-lhospitalite-accessible\\\/#primaryimage\"},\"thumbnailUrl\":\"https:\\\/\\\/www.mondocamping.com\\\/wp-content\\\/uploads\\\/2025\\\/05\\\/Hospitality_DI-OGNUNO-2025_MG_0503-2.jpg\",\"datePublished\":\"2025-05-06T14:04:00+00:00\",\"dateModified\":\"2025-05-06T14:04:02+00:00\",\"breadcrumb\":{\"@id\":\"https:\\\/\\\/www.mondocamping.com\\\/fr\\\/hospitalite-the-hospitality-show-et-wmf-inclusivite-et-hospitalite-pour-recompenser-lhospitalite-accessible\\\/#breadcrumb\"},\"inLanguage\":\"fr-FR\",\"potentialAction\":[{\"@type\":\"ReadAction\",\"target\":[\"https:\\\/\\\/www.mondocamping.com\\\/fr\\\/hospitalite-the-hospitality-show-et-wmf-inclusivite-et-hospitalite-pour-recompenser-lhospitalite-accessible\\\/\"]}]},{\"@type\":\"ImageObject\",\"inLanguage\":\"fr-FR\",\"@id\":\"https:\\\/\\\/www.mondocamping.com\\\/fr\\\/hospitalite-the-hospitality-show-et-wmf-inclusivite-et-hospitalite-pour-recompenser-lhospitalite-accessible\\\/#primaryimage\",\"url\":\"https:\\\/\\\/www.mondocamping.com\\\/wp-content\\\/uploads\\\/2025\\\/05\\\/Hospitality_DI-OGNUNO-2025_MG_0503-2.jpg\",\"contentUrl\":\"https:\\\/\\\/www.mondocamping.com\\\/wp-content\\\/uploads\\\/2025\\\/05\\\/Hospitality_DI-OGNUNO-2025_MG_0503-2.jpg\",\"width\":1200,\"height\":628},{\"@type\":\"BreadcrumbList\",\"@id\":\"https:\\\/\\\/www.mondocamping.com\\\/fr\\\/hospitalite-the-hospitality-show-et-wmf-inclusivite-et-hospitalite-pour-recompenser-lhospitalite-accessible\\\/#breadcrumb\",\"itemListElement\":[{\"@type\":\"ListItem\",\"position\":1,\"name\":\"Home\",\"item\":\"https:\\\/\\\/www.mondocamping.com\\\/fr\\\/\"},{\"@type\":\"ListItem\",\"position\":2,\"name\":\"Hospitalit\u00e9 &#8211; The Hospitality Show et WMF : inclusivit\u00e9 et hospitalit\u00e9 pour r\u00e9compenser l&rsquo;hospitalit\u00e9 accessible\"}]},{\"@type\":\"WebSite\",\"@id\":\"https:\\\/\\\/www.mondocamping.com\\\/#website\",\"url\":\"https:\\\/\\\/www.mondocamping.com\\\/\",\"name\":\"Mondo Camping\",\"description\":\"Le portail d\u00e9di\u00e9 aux gestionnaires de campings et villages touristiques\",\"publisher\":{\"@id\":\"https:\\\/\\\/www.mondocamping.com\\\/#organization\"},\"potentialAction\":[{\"@type\":\"SearchAction\",\"target\":{\"@type\":\"EntryPoint\",\"urlTemplate\":\"https:\\\/\\\/www.mondocamping.com\\\/?s={search_term_string}\"},\"query-input\":{\"@type\":\"PropertyValueSpecification\",\"valueRequired\":true,\"valueName\":\"search_term_string\"}}],\"inLanguage\":\"fr-FR\"},{\"@type\":\"Organization\",\"@id\":\"https:\\\/\\\/www.mondocamping.com\\\/#organization\",\"name\":\"Mondo Camping\",\"url\":\"https:\\\/\\\/www.mondocamping.com\\\/\",\"logo\":{\"@type\":\"ImageObject\",\"inLanguage\":\"fr-FR\",\"@id\":\"https:\\\/\\\/www.mondocamping.com\\\/#\\\/schema\\\/logo\\\/image\\\/\",\"url\":\"https:\\\/\\\/www.mondocamping.com\\\/wp-content\\\/uploads\\\/2022\\\/04\\\/mondo-camping-logo-contornato-1.png\",\"contentUrl\":\"https:\\\/\\\/www.mondocamping.com\\\/wp-content\\\/uploads\\\/2022\\\/04\\\/mondo-camping-logo-contornato-1.png\",\"width\":280,\"height\":90,\"caption\":\"Mondo Camping\"},\"image\":{\"@id\":\"https:\\\/\\\/www.mondocamping.com\\\/#\\\/schema\\\/logo\\\/image\\\/\"},\"sameAs\":[\"https:\\\/\\\/www.facebook.com\\\/mondobalneare\",\"https:\\\/\\\/x.com\\\/mondobalneare\",\"https:\\\/\\\/www.instagram.com\\\/mondobalneare\\\/\",\"https:\\\/\\\/www.linkedin.com\\\/company\\\/67180810\\\/\",\"https:\\\/\\\/www.youtube.com\\\/user\\\/mondobalnearevideo\"]},{\"@type\":\"Person\",\"@id\":\"https:\\\/\\\/www.mondocamping.com\\\/#\\\/schema\\\/person\\\/01a031b8c5ef08c2204bb0e696f0a760\",\"name\":\"Mondo Camping\",\"image\":{\"@type\":\"ImageObject\",\"inLanguage\":\"fr-FR\",\"@id\":\"https:\\\/\\\/www.mondocamping.com\\\/wp-content\\\/uploads\\\/2022\\\/05\\\/cropped-icona-MONDO-CAMPING-150x150.png\",\"url\":\"https:\\\/\\\/www.mondocamping.com\\\/wp-content\\\/uploads\\\/2022\\\/05\\\/cropped-icona-MONDO-CAMPING-150x150.png\",\"contentUrl\":\"https:\\\/\\\/www.mondocamping.com\\\/wp-content\\\/uploads\\\/2022\\\/05\\\/cropped-icona-MONDO-CAMPING-150x150.png\",\"caption\":\"Mondo Camping\"},\"sameAs\":[\"https:\\\/\\\/www.mondocamping.com\\\/\",\"https:\\\/\\\/www.facebook.com\\\/mondocamping\"]}]}<\/script>\n<!-- \/ Yoast SEO plugin. -->","yoast_head_json":{"title":"Hospitalit\u00e9 - The Hospitality Show et WMF : inclusivit\u00e9 et hospitalit\u00e9 pour r\u00e9compenser l'hospitalit\u00e9 accessible","robots":{"index":"index","follow":"follow","max-snippet":"max-snippet:-1","max-image-preview":"max-image-preview:large","max-video-preview":"max-video-preview:-1"},"canonical":"https:\/\/www.mondocamping.com\/fr\/hospitalite-the-hospitality-show-et-wmf-inclusivite-et-hospitalite-pour-recompenser-lhospitalite-accessible\/","og_locale":"fr_FR","og_type":"article","og_title":"Hospitalit\u00e9 - The Hospitality Show et WMF : inclusivit\u00e9 et hospitalit\u00e9 pour r\u00e9compenser l'hospitalit\u00e9 accessible","og_description":"Hospitality &#8211; Il Salone dell&rsquo;Accoglienza, le principal salon international de l&rsquo;h\u00f4tellerie et de la restauration en Italie, organis\u00e9 par Riva del Garda Fierecongressi, met l&rsquo;accent sur l&rsquo;inclusion, la langue et la culture. de l&rsquo;hospitalit\u00e9 de demain. L&rsquo;\u00e9v\u00e9nement souhaite donner de la visibilit\u00e9 \u00e0 ceux qui transforment d\u00e9j\u00e0 cette vision en exp\u00e9rience concr\u00e8te en lan\u00e7ant une [&hellip;]","og_url":"https:\/\/www.mondocamping.com\/fr\/hospitalite-the-hospitality-show-et-wmf-inclusivite-et-hospitalite-pour-recompenser-lhospitalite-accessible\/","og_site_name":"Mondo Camping","article_publisher":"https:\/\/www.facebook.com\/mondobalneare","article_author":"https:\/\/www.facebook.com\/mondocamping","article_published_time":"2025-05-06T14:04:00+00:00","article_modified_time":"2025-05-06T14:04:02+00:00","og_image":[{"width":1200,"height":628,"url":"https:\/\/www.mondocamping.com\/wp-content\/uploads\/2025\/05\/Hospitality_DI-OGNUNO-2025_MG_0503-2.jpg","type":"image\/jpeg"}],"author":"Mondo Camping","twitter_card":"summary_large_image","twitter_creator":"@mondobalneare","twitter_site":"@mondobalneare","twitter_misc":{"\u00c9crit par":"Mondo Camping","Dur\u00e9e de lecture estim\u00e9e":"3 minutes"},"schema":{"@context":"https:\/\/schema.org","@graph":[{"@type":"Article","@id":"https:\/\/www.mondocamping.com\/fr\/hospitalite-the-hospitality-show-et-wmf-inclusivite-et-hospitalite-pour-recompenser-lhospitalite-accessible\/#article","isPartOf":{"@id":"https:\/\/www.mondocamping.com\/fr\/hospitalite-the-hospitality-show-et-wmf-inclusivite-et-hospitalite-pour-recompenser-lhospitalite-accessible\/"},"author":{"name":"Mondo Camping","@id":"https:\/\/www.mondocamping.com\/#\/schema\/person\/01a031b8c5ef08c2204bb0e696f0a760"},"headline":"Hospitalit\u00e9 &#8211; The Hospitality Show et WMF : inclusivit\u00e9 et hospitalit\u00e9 pour r\u00e9compenser l&rsquo;hospitalit\u00e9 accessible","datePublished":"2025-05-06T14:04:00+00:00","dateModified":"2025-05-06T14:04:02+00:00","mainEntityOfPage":{"@id":"https:\/\/www.mondocamping.com\/fr\/hospitalite-the-hospitality-show-et-wmf-inclusivite-et-hospitalite-pour-recompenser-lhospitalite-accessible\/"},"wordCount":685,"publisher":{"@id":"https:\/\/www.mondocamping.com\/#organization"},"image":{"@id":"https:\/\/www.mondocamping.com\/fr\/hospitalite-the-hospitality-show-et-wmf-inclusivite-et-hospitalite-pour-recompenser-lhospitalite-accessible\/#primaryimage"},"thumbnailUrl":"https:\/\/www.mondocamping.com\/wp-content\/uploads\/2025\/05\/Hospitality_DI-OGNUNO-2025_MG_0503-2.jpg","keywords":["accueil","Accueil - Salon de l'accueil","Giovanna Voltolini","inclusion","r\u00e9ception","WMF","WMF - Nous cr\u00e9ons l'avenir"],"articleSection":["Actualit\u00e9"],"inLanguage":"fr-FR"},{"@type":"WebPage","@id":"https:\/\/www.mondocamping.com\/fr\/hospitalite-the-hospitality-show-et-wmf-inclusivite-et-hospitalite-pour-recompenser-lhospitalite-accessible\/","url":"https:\/\/www.mondocamping.com\/fr\/hospitalite-the-hospitality-show-et-wmf-inclusivite-et-hospitalite-pour-recompenser-lhospitalite-accessible\/","name":"Hospitalit\u00e9 - The Hospitality Show et WMF : inclusivit\u00e9 et hospitalit\u00e9 pour r\u00e9compenser l'hospitalit\u00e9 accessible","isPartOf":{"@id":"https:\/\/www.mondocamping.com\/#website"},"primaryImageOfPage":{"@id":"https:\/\/www.mondocamping.com\/fr\/hospitalite-the-hospitality-show-et-wmf-inclusivite-et-hospitalite-pour-recompenser-lhospitalite-accessible\/#primaryimage"},"image":{"@id":"https:\/\/www.mondocamping.com\/fr\/hospitalite-the-hospitality-show-et-wmf-inclusivite-et-hospitalite-pour-recompenser-lhospitalite-accessible\/#primaryimage"},"thumbnailUrl":"https:\/\/www.mondocamping.com\/wp-content\/uploads\/2025\/05\/Hospitality_DI-OGNUNO-2025_MG_0503-2.jpg","datePublished":"2025-05-06T14:04:00+00:00","dateModified":"2025-05-06T14:04:02+00:00","breadcrumb":{"@id":"https:\/\/www.mondocamping.com\/fr\/hospitalite-the-hospitality-show-et-wmf-inclusivite-et-hospitalite-pour-recompenser-lhospitalite-accessible\/#breadcrumb"},"inLanguage":"fr-FR","potentialAction":[{"@type":"ReadAction","target":["https:\/\/www.mondocamping.com\/fr\/hospitalite-the-hospitality-show-et-wmf-inclusivite-et-hospitalite-pour-recompenser-lhospitalite-accessible\/"]}]},{"@type":"ImageObject","inLanguage":"fr-FR","@id":"https:\/\/www.mondocamping.com\/fr\/hospitalite-the-hospitality-show-et-wmf-inclusivite-et-hospitalite-pour-recompenser-lhospitalite-accessible\/#primaryimage","url":"https:\/\/www.mondocamping.com\/wp-content\/uploads\/2025\/05\/Hospitality_DI-OGNUNO-2025_MG_0503-2.jpg","contentUrl":"https:\/\/www.mondocamping.com\/wp-content\/uploads\/2025\/05\/Hospitality_DI-OGNUNO-2025_MG_0503-2.jpg","width":1200,"height":628},{"@type":"BreadcrumbList","@id":"https:\/\/www.mondocamping.com\/fr\/hospitalite-the-hospitality-show-et-wmf-inclusivite-et-hospitalite-pour-recompenser-lhospitalite-accessible\/#breadcrumb","itemListElement":[{"@type":"ListItem","position":1,"name":"Home","item":"https:\/\/www.mondocamping.com\/fr\/"},{"@type":"ListItem","position":2,"name":"Hospitalit\u00e9 &#8211; The Hospitality Show et WMF : inclusivit\u00e9 et hospitalit\u00e9 pour r\u00e9compenser l&rsquo;hospitalit\u00e9 accessible"}]},{"@type":"WebSite","@id":"https:\/\/www.mondocamping.com\/#website","url":"https:\/\/www.mondocamping.com\/","name":"Mondo Camping","description":"Le portail d\u00e9di\u00e9 aux gestionnaires de campings et villages touristiques","publisher":{"@id":"https:\/\/www.mondocamping.com\/#organization"},"potentialAction":[{"@type":"SearchAction","target":{"@type":"EntryPoint","urlTemplate":"https:\/\/www.mondocamping.com\/?s={search_term_string}"},"query-input":{"@type":"PropertyValueSpecification","valueRequired":true,"valueName":"search_term_string"}}],"inLanguage":"fr-FR"},{"@type":"Organization","@id":"https:\/\/www.mondocamping.com\/#organization","name":"Mondo Camping","url":"https:\/\/www.mondocamping.com\/","logo":{"@type":"ImageObject","inLanguage":"fr-FR","@id":"https:\/\/www.mondocamping.com\/#\/schema\/logo\/image\/","url":"https:\/\/www.mondocamping.com\/wp-content\/uploads\/2022\/04\/mondo-camping-logo-contornato-1.png","contentUrl":"https:\/\/www.mondocamping.com\/wp-content\/uploads\/2022\/04\/mondo-camping-logo-contornato-1.png","width":280,"height":90,"caption":"Mondo Camping"},"image":{"@id":"https:\/\/www.mondocamping.com\/#\/schema\/logo\/image\/"},"sameAs":["https:\/\/www.facebook.com\/mondobalneare","https:\/\/x.com\/mondobalneare","https:\/\/www.instagram.com\/mondobalneare\/","https:\/\/www.linkedin.com\/company\/67180810\/","https:\/\/www.youtube.com\/user\/mondobalnearevideo"]},{"@type":"Person","@id":"https:\/\/www.mondocamping.com\/#\/schema\/person\/01a031b8c5ef08c2204bb0e696f0a760","name":"Mondo Camping","image":{"@type":"ImageObject","inLanguage":"fr-FR","@id":"https:\/\/www.mondocamping.com\/wp-content\/uploads\/2022\/05\/cropped-icona-MONDO-CAMPING-150x150.png","url":"https:\/\/www.mondocamping.com\/wp-content\/uploads\/2022\/05\/cropped-icona-MONDO-CAMPING-150x150.png","contentUrl":"https:\/\/www.mondocamping.com\/wp-content\/uploads\/2022\/05\/cropped-icona-MONDO-CAMPING-150x150.png","caption":"Mondo Camping"},"sameAs":["https:\/\/www.mondocamping.com\/","https:\/\/www.facebook.com\/mondocamping"]}]}},"_links":{"self":[{"href":"https:\/\/www.mondocamping.com\/fr\/wp-json\/wp\/v2\/posts\/174115","targetHints":{"allow":["GET"]}}],"collection":[{"href":"https:\/\/www.mondocamping.com\/fr\/wp-json\/wp\/v2\/posts"}],"about":[{"href":"https:\/\/www.mondocamping.com\/fr\/wp-json\/wp\/v2\/types\/post"}],"author":[{"embeddable":true,"href":"https:\/\/www.mondocamping.com\/fr\/wp-json\/wp\/v2\/users\/5"}],"replies":[{"embeddable":true,"href":"https:\/\/www.mondocamping.com\/fr\/wp-json\/wp\/v2\/comments?post=174115"}],"version-history":[{"count":1,"href":"https:\/\/www.mondocamping.com\/fr\/wp-json\/wp\/v2\/posts\/174115\/revisions"}],"predecessor-version":[{"id":174116,"href":"https:\/\/www.mondocamping.com\/fr\/wp-json\/wp\/v2\/posts\/174115\/revisions\/174116"}],"wp:featuredmedia":[{"embeddable":true,"href":"https:\/\/www.mondocamping.com\/fr\/wp-json\/wp\/v2\/media\/174101"}],"wp:attachment":[{"href":"https:\/\/www.mondocamping.com\/fr\/wp-json\/wp\/v2\/media?parent=174115"}],"wp:term":[{"taxonomy":"category","embeddable":true,"href":"https:\/\/www.mondocamping.com\/fr\/wp-json\/wp\/v2\/categories?post=174115"},{"taxonomy":"post_tag","embeddable":true,"href":"https:\/\/www.mondocamping.com\/fr\/wp-json\/wp\/v2\/tags?post=174115"}],"curies":[{"name":"wp","href":"https:\/\/api.w.org\/{rel}","templated":true}]}}