{"id":174183,"date":"2025-05-13T16:31:15","date_gmt":"2025-05-13T14:31:15","guid":{"rendered":"https:\/\/www.mondocamping.com\/faita-sicilia-levolution-des-structures-regionales-de-camping\/"},"modified":"2025-05-13T16:31:16","modified_gmt":"2025-05-13T14:31:16","slug":"faita-sicilia-levolution-des-structures-regionales-de-camping","status":"publish","type":"post","link":"https:\/\/www.mondocamping.com\/fr\/faita-sicilia-levolution-des-structures-regionales-de-camping\/","title":{"rendered":"FAITA Sicilia, l&rsquo;\u00e9volution des structures r\u00e9gionales de camping"},"content":{"rendered":"\n<p>La conf\u00e9rence de FAITA Sicilia s&rsquo;est tenue \u00e0 la Chambre de Commerce de Catane. \u00c9taient pr\u00e9sents les institutions locales et les repr\u00e9sentants du secteur national et local de l&rsquo;h\u00e9bergement touristique en plein air : <strong>Alberto Granzotto<\/strong>, pr\u00e9sident national de Faita Federcamping, <strong>Marco Sperapani<\/strong>, directeur g\u00e9n\u00e9ral et <strong>Giuseppe Zingale<\/strong>, secr\u00e9taire de Faita Sicilia. <\/p>\n\n<p>Une rencontre pour parler des objectifs mais aussi des r\u00e9alisations : le tourisme de plein air sicilien consolide une v\u00e9ritable \u00e9volution et se concentre d\u00e9sormais sur des propositions exp\u00e9rientielles et des services de haute qualit\u00e9, capables de fid\u00e9liser les touristes. Une v\u00e9ritable transformation du secteur qui l&rsquo;am\u00e8ne \u00e0 \u00eatre de plus en plus comp\u00e9titif par rapport aux r\u00e9alit\u00e9s nationales et internationales. <\/p>\n\n<p>Comme le rapporte FAITA Federcamping, le <strong>pr\u00e9sident national Alberto Granzotto<\/strong> a d\u00e9clar\u00e9 : \u00ab\u00a0&#8230;<em>FAITA Federcamping est la principale association repr\u00e9sentant le tourisme en plein air en Italie et nous sommes fiers d&rsquo;apporter notre message d&rsquo;innovation et de durabilit\u00e9 \u00e0 Catane. Il s&rsquo;agit d&rsquo;installations modernes, conformes aux normes europ\u00e9ennes en mati\u00e8re d&rsquo;hospitalit\u00e9, qui mettent l&rsquo;accent sur la relation avec le territoire, le respect de l&rsquo;environnement et l&rsquo;offre d&rsquo;exp\u00e9riences authentiques. <\/em>\u00ab\u00a0.<\/p>\n\n<p>Les campings siciliens se distinguent donc par leurs propositions immersives, capables non seulement d&rsquo;offrir des services sur place, mais aussi la possibilit\u00e9 d&rsquo;interagir activement avec leurs territoires. En fait, le pr\u00e9sident a soulign\u00e9 la capacit\u00e9 des installations \u00e0 impliquer les clients dans de nombreuses exp\u00e9riences \u00ab\u00a0z\u00e9ro kilom\u00e8tre\u00a0\u00bb : \u00ab\u00a0[ ?   <em>Les visiteurs veulent d\u00e9couvrir, se promener, go\u00fbter. Ils ne se contentent pas de rester dans la structure, mais interagissent avec l&rsquo;\u00e9conomie locale. Ceci, poursuit-il, a \u00e9t\u00e9 d\u00e9montr\u00e9 par des \u00e9tudes \u00e9conom\u00e9triques que nous avons command\u00e9es pour mesurer l&rsquo;impact concret de nos entreprises sur les territoires d&rsquo;accueil.  <\/em>\u00ab\u00a0.<\/p>\n\n<p>L&rsquo;\u00e9volution de l&rsquo;open air en Sicile est sans aucun doute une source de motivation pour l&rsquo;ensemble du secteur touristique r\u00e9gional et au-del\u00e0, un d\u00e9veloppement tr\u00e8s positif dans une r\u00e9gion \u00e0 fort potentiel mais qui fait encore face \u00e0 des obstacles structurels. Cet aspect a \u00e9t\u00e9 soulign\u00e9 par le <strong>secr\u00e9taire r\u00e9gional Giuseppe Zingale : <\/strong>\u00ab\u00a0[ ? <em>La r\u00e9gion a tout pour exceller dans ce domaine &#8211; climat, paysage, histoire, gastronomie &#8211; mais elle doit rattraper la moyenne nationale. Nous avons besoin d&rsquo;une loi r\u00e9gionale claire, d&rsquo;incitations \u00e0 l&rsquo;investissement et d&rsquo;une vision qui reconnaisse la valeur strat\u00e9gique du secteur du plein air. <\/em>\u00ab\u00a0.<\/p>\n","protected":false},"excerpt":{"rendered":"<p>La conf\u00e9rence de FAITA Sicilia s&rsquo;est tenue \u00e0 la Chambre de Commerce de Catane. \u00c9taient pr\u00e9sents les institutions locales et les repr\u00e9sentants du secteur national et local de l&rsquo;h\u00e9bergement touristique en plein air : Alberto Granzotto, pr\u00e9sident national de Faita Federcamping, Marco Sperapani, directeur g\u00e9n\u00e9ral et Giuseppe Zingale, secr\u00e9taire de Faita Sicilia. Une rencontre pour [&hellip;]<\/p>\n","protected":false},"author":5,"featured_media":174168,"comment_status":"closed","ping_status":"closed","sticky":false,"template":"","format":"standard","meta":{"_acf_changed":false,"_monsterinsights_skip_tracking":false,"_monsterinsights_sitenote_active":false,"_monsterinsights_sitenote_note":"","_monsterinsights_sitenote_category":0,"footnotes":""},"categories":[4024],"tags":[2603,3753,1761,7161,6851,6706],"class_list":["post-174183","post","type-post","status-publish","format-standard","has-post-thumbnail","hentry","category-actualite","tag-alberto-granzotto","tag-camping","tag-faita-federcamping","tag-faita-sicile","tag-lair-libre","tag-sicile"],"acf":[],"yoast_head":"<!-- This site is optimized with the Yoast SEO plugin v27.5 - https:\/\/yoast.com\/product\/yoast-seo-wordpress\/ -->\n<title>FAITA Sicilia, l&#039;\u00e9volution des structures r\u00e9gionales de camping<\/title>\n<meta name=\"robots\" content=\"index, follow, max-snippet:-1, max-image-preview:large, max-video-preview:-1\" \/>\n<link rel=\"canonical\" href=\"https:\/\/www.mondocamping.com\/fr\/faita-sicilia-levolution-des-structures-regionales-de-camping\/\" \/>\n<meta property=\"og:locale\" content=\"fr_FR\" \/>\n<meta property=\"og:type\" content=\"article\" \/>\n<meta property=\"og:title\" content=\"FAITA Sicilia, l&#039;\u00e9volution des structures r\u00e9gionales de camping\" \/>\n<meta property=\"og:description\" content=\"La conf\u00e9rence de FAITA Sicilia s&rsquo;est tenue \u00e0 la Chambre de Commerce de Catane. \u00c9taient pr\u00e9sents les institutions locales et les repr\u00e9sentants du secteur national et local de l&rsquo;h\u00e9bergement touristique en plein air : Alberto Granzotto, pr\u00e9sident national de Faita Federcamping, Marco Sperapani, directeur g\u00e9n\u00e9ral et Giuseppe Zingale, secr\u00e9taire de Faita Sicilia. Une rencontre pour [&hellip;]\" \/>\n<meta property=\"og:url\" content=\"https:\/\/www.mondocamping.com\/fr\/faita-sicilia-levolution-des-structures-regionales-de-camping\/\" \/>\n<meta property=\"og:site_name\" content=\"Mondo Camping\" \/>\n<meta property=\"article:publisher\" content=\"https:\/\/www.facebook.com\/mondobalneare\" \/>\n<meta property=\"article:author\" content=\"https:\/\/www.facebook.com\/mondocamping\" \/>\n<meta property=\"article:published_time\" content=\"2025-05-13T14:31:15+00:00\" \/>\n<meta property=\"article:modified_time\" content=\"2025-05-13T14:31:16+00:00\" \/>\n<meta property=\"og:image\" content=\"https:\/\/www.mondocamping.com\/wp-content\/uploads\/2025\/05\/samuel-ferrara-uNvgvo2cs7k-unsplash-2.jpg\" \/>\n\t<meta property=\"og:image:width\" content=\"1200\" \/>\n\t<meta property=\"og:image:height\" content=\"628\" \/>\n\t<meta property=\"og:image:type\" content=\"image\/jpeg\" \/>\n<meta name=\"author\" content=\"Mondo Camping\" \/>\n<meta name=\"twitter:card\" content=\"summary_large_image\" \/>\n<meta name=\"twitter:creator\" content=\"@mondobalneare\" \/>\n<meta name=\"twitter:site\" content=\"@mondobalneare\" \/>\n<meta name=\"twitter:label1\" content=\"\u00c9crit par\" \/>\n\t<meta name=\"twitter:data1\" content=\"Mondo Camping\" \/>\n\t<meta name=\"twitter:label2\" content=\"Dur\u00e9e de lecture estim\u00e9e\" \/>\n\t<meta name=\"twitter:data2\" content=\"2 minutes\" \/>\n<script type=\"application\/ld+json\" class=\"yoast-schema-graph\">{\"@context\":\"https:\\\/\\\/schema.org\",\"@graph\":[{\"@type\":\"Article\",\"@id\":\"https:\\\/\\\/www.mondocamping.com\\\/fr\\\/faita-sicilia-levolution-des-structures-regionales-de-camping\\\/#article\",\"isPartOf\":{\"@id\":\"https:\\\/\\\/www.mondocamping.com\\\/fr\\\/faita-sicilia-levolution-des-structures-regionales-de-camping\\\/\"},\"author\":{\"name\":\"Mondo Camping\",\"@id\":\"https:\\\/\\\/www.mondocamping.com\\\/#\\\/schema\\\/person\\\/01a031b8c5ef08c2204bb0e696f0a760\"},\"headline\":\"FAITA Sicilia, l&rsquo;\u00e9volution des structures r\u00e9gionales de camping\",\"datePublished\":\"2025-05-13T14:31:15+00:00\",\"dateModified\":\"2025-05-13T14:31:16+00:00\",\"mainEntityOfPage\":{\"@id\":\"https:\\\/\\\/www.mondocamping.com\\\/fr\\\/faita-sicilia-levolution-des-structures-regionales-de-camping\\\/\"},\"wordCount\":437,\"publisher\":{\"@id\":\"https:\\\/\\\/www.mondocamping.com\\\/#organization\"},\"image\":{\"@id\":\"https:\\\/\\\/www.mondocamping.com\\\/fr\\\/faita-sicilia-levolution-des-structures-regionales-de-camping\\\/#primaryimage\"},\"thumbnailUrl\":\"https:\\\/\\\/www.mondocamping.com\\\/wp-content\\\/uploads\\\/2025\\\/05\\\/samuel-ferrara-uNvgvo2cs7k-unsplash-2.jpg\",\"keywords\":[\"Alberto Granzotto\",\"camping\",\"Faita Federcamping\",\"FAITA Sicile\",\"l'air libre\",\"Sicile\"],\"articleSection\":[\"Actualit\u00e9\"],\"inLanguage\":\"fr-FR\"},{\"@type\":\"WebPage\",\"@id\":\"https:\\\/\\\/www.mondocamping.com\\\/fr\\\/faita-sicilia-levolution-des-structures-regionales-de-camping\\\/\",\"url\":\"https:\\\/\\\/www.mondocamping.com\\\/fr\\\/faita-sicilia-levolution-des-structures-regionales-de-camping\\\/\",\"name\":\"FAITA Sicilia, l'\u00e9volution des structures r\u00e9gionales de camping\",\"isPartOf\":{\"@id\":\"https:\\\/\\\/www.mondocamping.com\\\/#website\"},\"primaryImageOfPage\":{\"@id\":\"https:\\\/\\\/www.mondocamping.com\\\/fr\\\/faita-sicilia-levolution-des-structures-regionales-de-camping\\\/#primaryimage\"},\"image\":{\"@id\":\"https:\\\/\\\/www.mondocamping.com\\\/fr\\\/faita-sicilia-levolution-des-structures-regionales-de-camping\\\/#primaryimage\"},\"thumbnailUrl\":\"https:\\\/\\\/www.mondocamping.com\\\/wp-content\\\/uploads\\\/2025\\\/05\\\/samuel-ferrara-uNvgvo2cs7k-unsplash-2.jpg\",\"datePublished\":\"2025-05-13T14:31:15+00:00\",\"dateModified\":\"2025-05-13T14:31:16+00:00\",\"breadcrumb\":{\"@id\":\"https:\\\/\\\/www.mondocamping.com\\\/fr\\\/faita-sicilia-levolution-des-structures-regionales-de-camping\\\/#breadcrumb\"},\"inLanguage\":\"fr-FR\",\"potentialAction\":[{\"@type\":\"ReadAction\",\"target\":[\"https:\\\/\\\/www.mondocamping.com\\\/fr\\\/faita-sicilia-levolution-des-structures-regionales-de-camping\\\/\"]}]},{\"@type\":\"ImageObject\",\"inLanguage\":\"fr-FR\",\"@id\":\"https:\\\/\\\/www.mondocamping.com\\\/fr\\\/faita-sicilia-levolution-des-structures-regionales-de-camping\\\/#primaryimage\",\"url\":\"https:\\\/\\\/www.mondocamping.com\\\/wp-content\\\/uploads\\\/2025\\\/05\\\/samuel-ferrara-uNvgvo2cs7k-unsplash-2.jpg\",\"contentUrl\":\"https:\\\/\\\/www.mondocamping.com\\\/wp-content\\\/uploads\\\/2025\\\/05\\\/samuel-ferrara-uNvgvo2cs7k-unsplash-2.jpg\",\"width\":1200,\"height\":628},{\"@type\":\"BreadcrumbList\",\"@id\":\"https:\\\/\\\/www.mondocamping.com\\\/fr\\\/faita-sicilia-levolution-des-structures-regionales-de-camping\\\/#breadcrumb\",\"itemListElement\":[{\"@type\":\"ListItem\",\"position\":1,\"name\":\"Home\",\"item\":\"https:\\\/\\\/www.mondocamping.com\\\/fr\\\/\"},{\"@type\":\"ListItem\",\"position\":2,\"name\":\"FAITA Sicilia, l&rsquo;\u00e9volution des structures r\u00e9gionales de camping\"}]},{\"@type\":\"WebSite\",\"@id\":\"https:\\\/\\\/www.mondocamping.com\\\/#website\",\"url\":\"https:\\\/\\\/www.mondocamping.com\\\/\",\"name\":\"Mondo Camping\",\"description\":\"Le portail d\u00e9di\u00e9 aux gestionnaires de campings et villages touristiques\",\"publisher\":{\"@id\":\"https:\\\/\\\/www.mondocamping.com\\\/#organization\"},\"potentialAction\":[{\"@type\":\"SearchAction\",\"target\":{\"@type\":\"EntryPoint\",\"urlTemplate\":\"https:\\\/\\\/www.mondocamping.com\\\/?s={search_term_string}\"},\"query-input\":{\"@type\":\"PropertyValueSpecification\",\"valueRequired\":true,\"valueName\":\"search_term_string\"}}],\"inLanguage\":\"fr-FR\"},{\"@type\":\"Organization\",\"@id\":\"https:\\\/\\\/www.mondocamping.com\\\/#organization\",\"name\":\"Mondo Camping\",\"url\":\"https:\\\/\\\/www.mondocamping.com\\\/\",\"logo\":{\"@type\":\"ImageObject\",\"inLanguage\":\"fr-FR\",\"@id\":\"https:\\\/\\\/www.mondocamping.com\\\/#\\\/schema\\\/logo\\\/image\\\/\",\"url\":\"https:\\\/\\\/www.mondocamping.com\\\/wp-content\\\/uploads\\\/2022\\\/04\\\/mondo-camping-logo-contornato-1.png\",\"contentUrl\":\"https:\\\/\\\/www.mondocamping.com\\\/wp-content\\\/uploads\\\/2022\\\/04\\\/mondo-camping-logo-contornato-1.png\",\"width\":280,\"height\":90,\"caption\":\"Mondo Camping\"},\"image\":{\"@id\":\"https:\\\/\\\/www.mondocamping.com\\\/#\\\/schema\\\/logo\\\/image\\\/\"},\"sameAs\":[\"https:\\\/\\\/www.facebook.com\\\/mondobalneare\",\"https:\\\/\\\/x.com\\\/mondobalneare\",\"https:\\\/\\\/www.instagram.com\\\/mondobalneare\\\/\",\"https:\\\/\\\/www.linkedin.com\\\/company\\\/67180810\\\/\",\"https:\\\/\\\/www.youtube.com\\\/user\\\/mondobalnearevideo\"]},{\"@type\":\"Person\",\"@id\":\"https:\\\/\\\/www.mondocamping.com\\\/#\\\/schema\\\/person\\\/01a031b8c5ef08c2204bb0e696f0a760\",\"name\":\"Mondo Camping\",\"image\":{\"@type\":\"ImageObject\",\"inLanguage\":\"fr-FR\",\"@id\":\"https:\\\/\\\/www.mondocamping.com\\\/wp-content\\\/uploads\\\/2022\\\/05\\\/cropped-icona-MONDO-CAMPING-150x150.png\",\"url\":\"https:\\\/\\\/www.mondocamping.com\\\/wp-content\\\/uploads\\\/2022\\\/05\\\/cropped-icona-MONDO-CAMPING-150x150.png\",\"contentUrl\":\"https:\\\/\\\/www.mondocamping.com\\\/wp-content\\\/uploads\\\/2022\\\/05\\\/cropped-icona-MONDO-CAMPING-150x150.png\",\"caption\":\"Mondo Camping\"},\"sameAs\":[\"https:\\\/\\\/www.mondocamping.com\\\/\",\"https:\\\/\\\/www.facebook.com\\\/mondocamping\"]}]}<\/script>\n<!-- \/ Yoast SEO plugin. -->","yoast_head_json":{"title":"FAITA Sicilia, l'\u00e9volution des structures r\u00e9gionales de camping","robots":{"index":"index","follow":"follow","max-snippet":"max-snippet:-1","max-image-preview":"max-image-preview:large","max-video-preview":"max-video-preview:-1"},"canonical":"https:\/\/www.mondocamping.com\/fr\/faita-sicilia-levolution-des-structures-regionales-de-camping\/","og_locale":"fr_FR","og_type":"article","og_title":"FAITA Sicilia, l'\u00e9volution des structures r\u00e9gionales de camping","og_description":"La conf\u00e9rence de FAITA Sicilia s&rsquo;est tenue \u00e0 la Chambre de Commerce de Catane. \u00c9taient pr\u00e9sents les institutions locales et les repr\u00e9sentants du secteur national et local de l&rsquo;h\u00e9bergement touristique en plein air : Alberto Granzotto, pr\u00e9sident national de Faita Federcamping, Marco Sperapani, directeur g\u00e9n\u00e9ral et Giuseppe Zingale, secr\u00e9taire de Faita Sicilia. Une rencontre pour [&hellip;]","og_url":"https:\/\/www.mondocamping.com\/fr\/faita-sicilia-levolution-des-structures-regionales-de-camping\/","og_site_name":"Mondo Camping","article_publisher":"https:\/\/www.facebook.com\/mondobalneare","article_author":"https:\/\/www.facebook.com\/mondocamping","article_published_time":"2025-05-13T14:31:15+00:00","article_modified_time":"2025-05-13T14:31:16+00:00","og_image":[{"width":1200,"height":628,"url":"https:\/\/www.mondocamping.com\/wp-content\/uploads\/2025\/05\/samuel-ferrara-uNvgvo2cs7k-unsplash-2.jpg","type":"image\/jpeg"}],"author":"Mondo Camping","twitter_card":"summary_large_image","twitter_creator":"@mondobalneare","twitter_site":"@mondobalneare","twitter_misc":{"\u00c9crit par":"Mondo Camping","Dur\u00e9e de lecture estim\u00e9e":"2 minutes"},"schema":{"@context":"https:\/\/schema.org","@graph":[{"@type":"Article","@id":"https:\/\/www.mondocamping.com\/fr\/faita-sicilia-levolution-des-structures-regionales-de-camping\/#article","isPartOf":{"@id":"https:\/\/www.mondocamping.com\/fr\/faita-sicilia-levolution-des-structures-regionales-de-camping\/"},"author":{"name":"Mondo Camping","@id":"https:\/\/www.mondocamping.com\/#\/schema\/person\/01a031b8c5ef08c2204bb0e696f0a760"},"headline":"FAITA Sicilia, l&rsquo;\u00e9volution des structures r\u00e9gionales de camping","datePublished":"2025-05-13T14:31:15+00:00","dateModified":"2025-05-13T14:31:16+00:00","mainEntityOfPage":{"@id":"https:\/\/www.mondocamping.com\/fr\/faita-sicilia-levolution-des-structures-regionales-de-camping\/"},"wordCount":437,"publisher":{"@id":"https:\/\/www.mondocamping.com\/#organization"},"image":{"@id":"https:\/\/www.mondocamping.com\/fr\/faita-sicilia-levolution-des-structures-regionales-de-camping\/#primaryimage"},"thumbnailUrl":"https:\/\/www.mondocamping.com\/wp-content\/uploads\/2025\/05\/samuel-ferrara-uNvgvo2cs7k-unsplash-2.jpg","keywords":["Alberto Granzotto","camping","Faita Federcamping","FAITA Sicile","l'air libre","Sicile"],"articleSection":["Actualit\u00e9"],"inLanguage":"fr-FR"},{"@type":"WebPage","@id":"https:\/\/www.mondocamping.com\/fr\/faita-sicilia-levolution-des-structures-regionales-de-camping\/","url":"https:\/\/www.mondocamping.com\/fr\/faita-sicilia-levolution-des-structures-regionales-de-camping\/","name":"FAITA Sicilia, l'\u00e9volution des structures r\u00e9gionales de camping","isPartOf":{"@id":"https:\/\/www.mondocamping.com\/#website"},"primaryImageOfPage":{"@id":"https:\/\/www.mondocamping.com\/fr\/faita-sicilia-levolution-des-structures-regionales-de-camping\/#primaryimage"},"image":{"@id":"https:\/\/www.mondocamping.com\/fr\/faita-sicilia-levolution-des-structures-regionales-de-camping\/#primaryimage"},"thumbnailUrl":"https:\/\/www.mondocamping.com\/wp-content\/uploads\/2025\/05\/samuel-ferrara-uNvgvo2cs7k-unsplash-2.jpg","datePublished":"2025-05-13T14:31:15+00:00","dateModified":"2025-05-13T14:31:16+00:00","breadcrumb":{"@id":"https:\/\/www.mondocamping.com\/fr\/faita-sicilia-levolution-des-structures-regionales-de-camping\/#breadcrumb"},"inLanguage":"fr-FR","potentialAction":[{"@type":"ReadAction","target":["https:\/\/www.mondocamping.com\/fr\/faita-sicilia-levolution-des-structures-regionales-de-camping\/"]}]},{"@type":"ImageObject","inLanguage":"fr-FR","@id":"https:\/\/www.mondocamping.com\/fr\/faita-sicilia-levolution-des-structures-regionales-de-camping\/#primaryimage","url":"https:\/\/www.mondocamping.com\/wp-content\/uploads\/2025\/05\/samuel-ferrara-uNvgvo2cs7k-unsplash-2.jpg","contentUrl":"https:\/\/www.mondocamping.com\/wp-content\/uploads\/2025\/05\/samuel-ferrara-uNvgvo2cs7k-unsplash-2.jpg","width":1200,"height":628},{"@type":"BreadcrumbList","@id":"https:\/\/www.mondocamping.com\/fr\/faita-sicilia-levolution-des-structures-regionales-de-camping\/#breadcrumb","itemListElement":[{"@type":"ListItem","position":1,"name":"Home","item":"https:\/\/www.mondocamping.com\/fr\/"},{"@type":"ListItem","position":2,"name":"FAITA Sicilia, l&rsquo;\u00e9volution des structures r\u00e9gionales de camping"}]},{"@type":"WebSite","@id":"https:\/\/www.mondocamping.com\/#website","url":"https:\/\/www.mondocamping.com\/","name":"Mondo Camping","description":"Le portail d\u00e9di\u00e9 aux gestionnaires de campings et villages touristiques","publisher":{"@id":"https:\/\/www.mondocamping.com\/#organization"},"potentialAction":[{"@type":"SearchAction","target":{"@type":"EntryPoint","urlTemplate":"https:\/\/www.mondocamping.com\/?s={search_term_string}"},"query-input":{"@type":"PropertyValueSpecification","valueRequired":true,"valueName":"search_term_string"}}],"inLanguage":"fr-FR"},{"@type":"Organization","@id":"https:\/\/www.mondocamping.com\/#organization","name":"Mondo Camping","url":"https:\/\/www.mondocamping.com\/","logo":{"@type":"ImageObject","inLanguage":"fr-FR","@id":"https:\/\/www.mondocamping.com\/#\/schema\/logo\/image\/","url":"https:\/\/www.mondocamping.com\/wp-content\/uploads\/2022\/04\/mondo-camping-logo-contornato-1.png","contentUrl":"https:\/\/www.mondocamping.com\/wp-content\/uploads\/2022\/04\/mondo-camping-logo-contornato-1.png","width":280,"height":90,"caption":"Mondo Camping"},"image":{"@id":"https:\/\/www.mondocamping.com\/#\/schema\/logo\/image\/"},"sameAs":["https:\/\/www.facebook.com\/mondobalneare","https:\/\/x.com\/mondobalneare","https:\/\/www.instagram.com\/mondobalneare\/","https:\/\/www.linkedin.com\/company\/67180810\/","https:\/\/www.youtube.com\/user\/mondobalnearevideo"]},{"@type":"Person","@id":"https:\/\/www.mondocamping.com\/#\/schema\/person\/01a031b8c5ef08c2204bb0e696f0a760","name":"Mondo Camping","image":{"@type":"ImageObject","inLanguage":"fr-FR","@id":"https:\/\/www.mondocamping.com\/wp-content\/uploads\/2022\/05\/cropped-icona-MONDO-CAMPING-150x150.png","url":"https:\/\/www.mondocamping.com\/wp-content\/uploads\/2022\/05\/cropped-icona-MONDO-CAMPING-150x150.png","contentUrl":"https:\/\/www.mondocamping.com\/wp-content\/uploads\/2022\/05\/cropped-icona-MONDO-CAMPING-150x150.png","caption":"Mondo Camping"},"sameAs":["https:\/\/www.mondocamping.com\/","https:\/\/www.facebook.com\/mondocamping"]}]}},"_links":{"self":[{"href":"https:\/\/www.mondocamping.com\/fr\/wp-json\/wp\/v2\/posts\/174183","targetHints":{"allow":["GET"]}}],"collection":[{"href":"https:\/\/www.mondocamping.com\/fr\/wp-json\/wp\/v2\/posts"}],"about":[{"href":"https:\/\/www.mondocamping.com\/fr\/wp-json\/wp\/v2\/types\/post"}],"author":[{"embeddable":true,"href":"https:\/\/www.mondocamping.com\/fr\/wp-json\/wp\/v2\/users\/5"}],"replies":[{"embeddable":true,"href":"https:\/\/www.mondocamping.com\/fr\/wp-json\/wp\/v2\/comments?post=174183"}],"version-history":[{"count":1,"href":"https:\/\/www.mondocamping.com\/fr\/wp-json\/wp\/v2\/posts\/174183\/revisions"}],"predecessor-version":[{"id":174184,"href":"https:\/\/www.mondocamping.com\/fr\/wp-json\/wp\/v2\/posts\/174183\/revisions\/174184"}],"wp:featuredmedia":[{"embeddable":true,"href":"https:\/\/www.mondocamping.com\/fr\/wp-json\/wp\/v2\/media\/174168"}],"wp:attachment":[{"href":"https:\/\/www.mondocamping.com\/fr\/wp-json\/wp\/v2\/media?parent=174183"}],"wp:term":[{"taxonomy":"category","embeddable":true,"href":"https:\/\/www.mondocamping.com\/fr\/wp-json\/wp\/v2\/categories?post=174183"},{"taxonomy":"post_tag","embeddable":true,"href":"https:\/\/www.mondocamping.com\/fr\/wp-json\/wp\/v2\/tags?post=174183"}],"curies":[{"name":"wp","href":"https:\/\/api.w.org\/{rel}","templated":true}]}}