{"id":174198,"date":"2025-05-13T17:04:22","date_gmt":"2025-05-13T15:04:22","guid":{"rendered":"https:\/\/www.mondocamping.com\/les-vacances-en-camping-augmentent-de-pres-de-5-en-europe\/"},"modified":"2025-05-13T17:04:24","modified_gmt":"2025-05-13T15:04:24","slug":"les-vacances-en-camping-augmentent-de-pres-de-5-en-europe","status":"publish","type":"post","link":"https:\/\/www.mondocamping.com\/fr\/les-vacances-en-camping-augmentent-de-pres-de-5-en-europe\/","title":{"rendered":"Les vacances en camping augmentent de pr\u00e8s de 5 % en Europe"},"content":{"rendered":"\n<p>Des vacances plus ch\u00e8res, m\u00eame au camping. L&rsquo;augmentation des prix ne concerne pas seulement les h\u00f4tels, les villages et les maisons de vacances. Cette ann\u00e9e, les vacances en plein air p\u00e8sent \u00e9galement plus lourd dans le portefeuille de nombreux touristes qui choisissent le plein air. Une augmentation qui se fait sentir, surtout dans ce secteur, qui a toujours \u00e9t\u00e9 associ\u00e9 \u00e0 des voyages moins chers.    <\/p>\n\n<p>Ceci a \u00e9t\u00e9 confirm\u00e9 par l&rsquo;<strong>analyse de <\/strong><a href=\"http:\/\/camping.info\/\"><strong><em>Camping.info<\/em><\/strong><\/a><em>,<\/em><strong><em> <\/em><\/strong><strong>qui montrent une augmentation des prix de pr\u00e8s de 5 % dans toute l&rsquo;Europe<\/strong>, en moyenne, soit exactement <strong>4,75 % de plus en 2025<\/strong>. Pour en venir aux chiffres : pour un s\u00e9jour de deux personnes (taxe de s\u00e9jour incluse), nous parlons en moyenne de <strong>14,18 euros<\/strong> pour les destinations les moins ch\u00e8res et de <strong>40,40 euros<\/strong> pour les plus ch\u00e8res. <\/p>\n\n<p>Parmi les pays ayant une moyenne plus \u00e9lev\u00e9e, on trouve en premi\u00e8re place une <strong>Croatie<\/strong> insoup\u00e7onn\u00e9e, avec un co\u00fbt moyen pour deux vacanciers de 40,40 euros, et une augmentation estim\u00e9e \u00e0 +4,20 % par rapport \u00e0 2024 ; en deuxi\u00e8me place, l&rsquo;<strong>Italie<\/strong> avec 40,40 euros et une augmentation de +2,96 %, et en troisi\u00e8me place la<strong> Suisse<\/strong> avec 39,23 euros et une augmentation de +1,47 %.  <\/p>\n\n<p>Parmi les pays les moins chers figurent les destinations d&rsquo;Europe de l&rsquo;Est, en premier lieu l&rsquo;<strong>Albanie, <\/strong>avec une moyenne de 14,18 euros pour le s\u00e9jour de deux personnes et une augmentation de +4,88 % sur 2024, suivie de la <strong>Turquie<\/strong>, avec<strong> <\/strong>15,01 euros en moyenne et une augmentation de +2,88 %.  <\/p>\n\n<p>Les vacances en camping sont donc plus ch\u00e8res et l&rsquo;augmentation des prix est d\u00e9sormais une r\u00e9alit\u00e9, mais<em> <\/em><strong><em>Maximilian M\u00f6hrle<\/em>,<\/strong> directeur g\u00e9n\u00e9ral de <a href=\"http:\/\/camping.info\/\"><em>camping.info<\/em><\/a><em> <\/em>d\u00e9clare<em>: \u00ab\u00a0Le camping peut encore offrir un tr\u00e8s bon rapport qualit\u00e9-prix. Les voyageurs dont le budget est serr\u00e9 devraient rechercher des destinations \u00e9loign\u00e9es des sites touristiques connus et profiter des cartes de r\u00e9duction et des programmes d&rsquo;avantages\u00a0\u00bb. <\/em>Un bon conseil pour limiter les d\u00e9penses et profiter d&rsquo;un s\u00e9jour abordable.  <\/p>\n\n<p><\/p>\n","protected":false},"excerpt":{"rendered":"<p>Des vacances plus ch\u00e8res, m\u00eame au camping. L&rsquo;augmentation des prix ne concerne pas seulement les h\u00f4tels, les villages et les maisons de vacances. Cette ann\u00e9e, les vacances en plein air p\u00e8sent \u00e9galement plus lourd dans le portefeuille de nombreux touristes qui choisissent le plein air. Une augmentation qui se fait sentir, surtout dans ce secteur, [&hellip;]<\/p>\n","protected":false},"author":5,"featured_media":174187,"comment_status":"closed","ping_status":"closed","sticky":false,"template":"","format":"standard","meta":{"_acf_changed":false,"_monsterinsights_skip_tracking":false,"_monsterinsights_sitenote_active":false,"_monsterinsights_sitenote_note":"","_monsterinsights_sitenote_category":0,"footnotes":""},"categories":[4024],"tags":[6802,7167,5248,7168,7163],"class_list":["post-174198","post","type-post","status-publish","format-standard","has-post-thumbnail","hentry","category-actualite","tag-camping-info","tag-campings","tag-europe","tag-laugmentation-des-frais-de-camping","tag-maximilian-mohrle"],"acf":[],"yoast_head":"<!-- This site is optimized with the Yoast SEO plugin v27.5 - https:\/\/yoast.com\/product\/yoast-seo-wordpress\/ -->\n<title>Les vacances en camping augmentent de pr\u00e8s de 5 % en Europe<\/title>\n<meta name=\"robots\" content=\"index, follow, max-snippet:-1, max-image-preview:large, max-video-preview:-1\" \/>\n<link rel=\"canonical\" href=\"https:\/\/www.mondocamping.com\/fr\/les-vacances-en-camping-augmentent-de-pres-de-5-en-europe\/\" \/>\n<meta property=\"og:locale\" content=\"fr_FR\" \/>\n<meta property=\"og:type\" content=\"article\" \/>\n<meta property=\"og:title\" content=\"Les vacances en camping augmentent de pr\u00e8s de 5 % en Europe\" \/>\n<meta property=\"og:description\" content=\"Des vacances plus ch\u00e8res, m\u00eame au camping. L&rsquo;augmentation des prix ne concerne pas seulement les h\u00f4tels, les villages et les maisons de vacances. Cette ann\u00e9e, les vacances en plein air p\u00e8sent \u00e9galement plus lourd dans le portefeuille de nombreux touristes qui choisissent le plein air. Une augmentation qui se fait sentir, surtout dans ce secteur, [&hellip;]\" \/>\n<meta property=\"og:url\" content=\"https:\/\/www.mondocamping.com\/fr\/les-vacances-en-camping-augmentent-de-pres-de-5-en-europe\/\" \/>\n<meta property=\"og:site_name\" content=\"Mondo Camping\" \/>\n<meta property=\"article:publisher\" content=\"https:\/\/www.facebook.com\/mondobalneare\" \/>\n<meta property=\"article:author\" content=\"https:\/\/www.facebook.com\/mondocamping\" \/>\n<meta property=\"article:published_time\" content=\"2025-05-13T15:04:22+00:00\" \/>\n<meta property=\"article:modified_time\" content=\"2025-05-13T15:04:24+00:00\" \/>\n<meta property=\"og:image\" content=\"https:\/\/www.mondocamping.com\/wp-content\/uploads\/2025\/05\/victor-larracuente-JQfYGhUcDSg-unsplash-2.jpg\" \/>\n\t<meta property=\"og:image:width\" content=\"1200\" \/>\n\t<meta property=\"og:image:height\" content=\"628\" \/>\n\t<meta property=\"og:image:type\" content=\"image\/jpeg\" \/>\n<meta name=\"author\" content=\"Mondo Camping\" \/>\n<meta name=\"twitter:card\" content=\"summary_large_image\" \/>\n<meta name=\"twitter:creator\" content=\"@mondobalneare\" \/>\n<meta name=\"twitter:site\" content=\"@mondobalneare\" \/>\n<meta name=\"twitter:label1\" content=\"\u00c9crit par\" \/>\n\t<meta name=\"twitter:data1\" content=\"Mondo Camping\" \/>\n\t<meta name=\"twitter:label2\" content=\"Dur\u00e9e de lecture estim\u00e9e\" \/>\n\t<meta name=\"twitter:data2\" content=\"2 minutes\" \/>\n<script type=\"application\/ld+json\" class=\"yoast-schema-graph\">{\"@context\":\"https:\\\/\\\/schema.org\",\"@graph\":[{\"@type\":\"Article\",\"@id\":\"https:\\\/\\\/www.mondocamping.com\\\/fr\\\/les-vacances-en-camping-augmentent-de-pres-de-5-en-europe\\\/#article\",\"isPartOf\":{\"@id\":\"https:\\\/\\\/www.mondocamping.com\\\/fr\\\/les-vacances-en-camping-augmentent-de-pres-de-5-en-europe\\\/\"},\"author\":{\"name\":\"Mondo Camping\",\"@id\":\"https:\\\/\\\/www.mondocamping.com\\\/#\\\/schema\\\/person\\\/01a031b8c5ef08c2204bb0e696f0a760\"},\"headline\":\"Les vacances en camping augmentent de pr\u00e8s de 5 % en Europe\",\"datePublished\":\"2025-05-13T15:04:22+00:00\",\"dateModified\":\"2025-05-13T15:04:24+00:00\",\"mainEntityOfPage\":{\"@id\":\"https:\\\/\\\/www.mondocamping.com\\\/fr\\\/les-vacances-en-camping-augmentent-de-pres-de-5-en-europe\\\/\"},\"wordCount\":349,\"publisher\":{\"@id\":\"https:\\\/\\\/www.mondocamping.com\\\/#organization\"},\"image\":{\"@id\":\"https:\\\/\\\/www.mondocamping.com\\\/fr\\\/les-vacances-en-camping-augmentent-de-pres-de-5-en-europe\\\/#primaryimage\"},\"thumbnailUrl\":\"https:\\\/\\\/www.mondocamping.com\\\/wp-content\\\/uploads\\\/2025\\\/05\\\/victor-larracuente-JQfYGhUcDSg-unsplash-2.jpg\",\"keywords\":[\"Camping.info\",\"campings\",\"Europe\",\"l'augmentation des frais de camping\",\"Maximilian M\u00f6hrle\"],\"articleSection\":[\"Actualit\u00e9\"],\"inLanguage\":\"fr-FR\"},{\"@type\":\"WebPage\",\"@id\":\"https:\\\/\\\/www.mondocamping.com\\\/fr\\\/les-vacances-en-camping-augmentent-de-pres-de-5-en-europe\\\/\",\"url\":\"https:\\\/\\\/www.mondocamping.com\\\/fr\\\/les-vacances-en-camping-augmentent-de-pres-de-5-en-europe\\\/\",\"name\":\"Les vacances en camping augmentent de pr\u00e8s de 5 % en Europe\",\"isPartOf\":{\"@id\":\"https:\\\/\\\/www.mondocamping.com\\\/#website\"},\"primaryImageOfPage\":{\"@id\":\"https:\\\/\\\/www.mondocamping.com\\\/fr\\\/les-vacances-en-camping-augmentent-de-pres-de-5-en-europe\\\/#primaryimage\"},\"image\":{\"@id\":\"https:\\\/\\\/www.mondocamping.com\\\/fr\\\/les-vacances-en-camping-augmentent-de-pres-de-5-en-europe\\\/#primaryimage\"},\"thumbnailUrl\":\"https:\\\/\\\/www.mondocamping.com\\\/wp-content\\\/uploads\\\/2025\\\/05\\\/victor-larracuente-JQfYGhUcDSg-unsplash-2.jpg\",\"datePublished\":\"2025-05-13T15:04:22+00:00\",\"dateModified\":\"2025-05-13T15:04:24+00:00\",\"breadcrumb\":{\"@id\":\"https:\\\/\\\/www.mondocamping.com\\\/fr\\\/les-vacances-en-camping-augmentent-de-pres-de-5-en-europe\\\/#breadcrumb\"},\"inLanguage\":\"fr-FR\",\"potentialAction\":[{\"@type\":\"ReadAction\",\"target\":[\"https:\\\/\\\/www.mondocamping.com\\\/fr\\\/les-vacances-en-camping-augmentent-de-pres-de-5-en-europe\\\/\"]}]},{\"@type\":\"ImageObject\",\"inLanguage\":\"fr-FR\",\"@id\":\"https:\\\/\\\/www.mondocamping.com\\\/fr\\\/les-vacances-en-camping-augmentent-de-pres-de-5-en-europe\\\/#primaryimage\",\"url\":\"https:\\\/\\\/www.mondocamping.com\\\/wp-content\\\/uploads\\\/2025\\\/05\\\/victor-larracuente-JQfYGhUcDSg-unsplash-2.jpg\",\"contentUrl\":\"https:\\\/\\\/www.mondocamping.com\\\/wp-content\\\/uploads\\\/2025\\\/05\\\/victor-larracuente-JQfYGhUcDSg-unsplash-2.jpg\",\"width\":1200,\"height\":628},{\"@type\":\"BreadcrumbList\",\"@id\":\"https:\\\/\\\/www.mondocamping.com\\\/fr\\\/les-vacances-en-camping-augmentent-de-pres-de-5-en-europe\\\/#breadcrumb\",\"itemListElement\":[{\"@type\":\"ListItem\",\"position\":1,\"name\":\"Home\",\"item\":\"https:\\\/\\\/www.mondocamping.com\\\/fr\\\/\"},{\"@type\":\"ListItem\",\"position\":2,\"name\":\"Les vacances en camping augmentent de pr\u00e8s de 5 % en Europe\"}]},{\"@type\":\"WebSite\",\"@id\":\"https:\\\/\\\/www.mondocamping.com\\\/#website\",\"url\":\"https:\\\/\\\/www.mondocamping.com\\\/\",\"name\":\"Mondo Camping\",\"description\":\"Le portail d\u00e9di\u00e9 aux gestionnaires de campings et villages touristiques\",\"publisher\":{\"@id\":\"https:\\\/\\\/www.mondocamping.com\\\/#organization\"},\"potentialAction\":[{\"@type\":\"SearchAction\",\"target\":{\"@type\":\"EntryPoint\",\"urlTemplate\":\"https:\\\/\\\/www.mondocamping.com\\\/?s={search_term_string}\"},\"query-input\":{\"@type\":\"PropertyValueSpecification\",\"valueRequired\":true,\"valueName\":\"search_term_string\"}}],\"inLanguage\":\"fr-FR\"},{\"@type\":\"Organization\",\"@id\":\"https:\\\/\\\/www.mondocamping.com\\\/#organization\",\"name\":\"Mondo Camping\",\"url\":\"https:\\\/\\\/www.mondocamping.com\\\/\",\"logo\":{\"@type\":\"ImageObject\",\"inLanguage\":\"fr-FR\",\"@id\":\"https:\\\/\\\/www.mondocamping.com\\\/#\\\/schema\\\/logo\\\/image\\\/\",\"url\":\"https:\\\/\\\/www.mondocamping.com\\\/wp-content\\\/uploads\\\/2022\\\/04\\\/mondo-camping-logo-contornato-1.png\",\"contentUrl\":\"https:\\\/\\\/www.mondocamping.com\\\/wp-content\\\/uploads\\\/2022\\\/04\\\/mondo-camping-logo-contornato-1.png\",\"width\":280,\"height\":90,\"caption\":\"Mondo Camping\"},\"image\":{\"@id\":\"https:\\\/\\\/www.mondocamping.com\\\/#\\\/schema\\\/logo\\\/image\\\/\"},\"sameAs\":[\"https:\\\/\\\/www.facebook.com\\\/mondobalneare\",\"https:\\\/\\\/x.com\\\/mondobalneare\",\"https:\\\/\\\/www.instagram.com\\\/mondobalneare\\\/\",\"https:\\\/\\\/www.linkedin.com\\\/company\\\/67180810\\\/\",\"https:\\\/\\\/www.youtube.com\\\/user\\\/mondobalnearevideo\"]},{\"@type\":\"Person\",\"@id\":\"https:\\\/\\\/www.mondocamping.com\\\/#\\\/schema\\\/person\\\/01a031b8c5ef08c2204bb0e696f0a760\",\"name\":\"Mondo Camping\",\"image\":{\"@type\":\"ImageObject\",\"inLanguage\":\"fr-FR\",\"@id\":\"https:\\\/\\\/www.mondocamping.com\\\/wp-content\\\/uploads\\\/2022\\\/05\\\/cropped-icona-MONDO-CAMPING-150x150.png\",\"url\":\"https:\\\/\\\/www.mondocamping.com\\\/wp-content\\\/uploads\\\/2022\\\/05\\\/cropped-icona-MONDO-CAMPING-150x150.png\",\"contentUrl\":\"https:\\\/\\\/www.mondocamping.com\\\/wp-content\\\/uploads\\\/2022\\\/05\\\/cropped-icona-MONDO-CAMPING-150x150.png\",\"caption\":\"Mondo Camping\"},\"sameAs\":[\"https:\\\/\\\/www.mondocamping.com\\\/\",\"https:\\\/\\\/www.facebook.com\\\/mondocamping\"]}]}<\/script>\n<!-- \/ Yoast SEO plugin. -->","yoast_head_json":{"title":"Les vacances en camping augmentent de pr\u00e8s de 5 % en Europe","robots":{"index":"index","follow":"follow","max-snippet":"max-snippet:-1","max-image-preview":"max-image-preview:large","max-video-preview":"max-video-preview:-1"},"canonical":"https:\/\/www.mondocamping.com\/fr\/les-vacances-en-camping-augmentent-de-pres-de-5-en-europe\/","og_locale":"fr_FR","og_type":"article","og_title":"Les vacances en camping augmentent de pr\u00e8s de 5 % en Europe","og_description":"Des vacances plus ch\u00e8res, m\u00eame au camping. L&rsquo;augmentation des prix ne concerne pas seulement les h\u00f4tels, les villages et les maisons de vacances. Cette ann\u00e9e, les vacances en plein air p\u00e8sent \u00e9galement plus lourd dans le portefeuille de nombreux touristes qui choisissent le plein air. Une augmentation qui se fait sentir, surtout dans ce secteur, [&hellip;]","og_url":"https:\/\/www.mondocamping.com\/fr\/les-vacances-en-camping-augmentent-de-pres-de-5-en-europe\/","og_site_name":"Mondo Camping","article_publisher":"https:\/\/www.facebook.com\/mondobalneare","article_author":"https:\/\/www.facebook.com\/mondocamping","article_published_time":"2025-05-13T15:04:22+00:00","article_modified_time":"2025-05-13T15:04:24+00:00","og_image":[{"width":1200,"height":628,"url":"https:\/\/www.mondocamping.com\/wp-content\/uploads\/2025\/05\/victor-larracuente-JQfYGhUcDSg-unsplash-2.jpg","type":"image\/jpeg"}],"author":"Mondo Camping","twitter_card":"summary_large_image","twitter_creator":"@mondobalneare","twitter_site":"@mondobalneare","twitter_misc":{"\u00c9crit par":"Mondo Camping","Dur\u00e9e de lecture estim\u00e9e":"2 minutes"},"schema":{"@context":"https:\/\/schema.org","@graph":[{"@type":"Article","@id":"https:\/\/www.mondocamping.com\/fr\/les-vacances-en-camping-augmentent-de-pres-de-5-en-europe\/#article","isPartOf":{"@id":"https:\/\/www.mondocamping.com\/fr\/les-vacances-en-camping-augmentent-de-pres-de-5-en-europe\/"},"author":{"name":"Mondo Camping","@id":"https:\/\/www.mondocamping.com\/#\/schema\/person\/01a031b8c5ef08c2204bb0e696f0a760"},"headline":"Les vacances en camping augmentent de pr\u00e8s de 5 % en Europe","datePublished":"2025-05-13T15:04:22+00:00","dateModified":"2025-05-13T15:04:24+00:00","mainEntityOfPage":{"@id":"https:\/\/www.mondocamping.com\/fr\/les-vacances-en-camping-augmentent-de-pres-de-5-en-europe\/"},"wordCount":349,"publisher":{"@id":"https:\/\/www.mondocamping.com\/#organization"},"image":{"@id":"https:\/\/www.mondocamping.com\/fr\/les-vacances-en-camping-augmentent-de-pres-de-5-en-europe\/#primaryimage"},"thumbnailUrl":"https:\/\/www.mondocamping.com\/wp-content\/uploads\/2025\/05\/victor-larracuente-JQfYGhUcDSg-unsplash-2.jpg","keywords":["Camping.info","campings","Europe","l'augmentation des frais de camping","Maximilian M\u00f6hrle"],"articleSection":["Actualit\u00e9"],"inLanguage":"fr-FR"},{"@type":"WebPage","@id":"https:\/\/www.mondocamping.com\/fr\/les-vacances-en-camping-augmentent-de-pres-de-5-en-europe\/","url":"https:\/\/www.mondocamping.com\/fr\/les-vacances-en-camping-augmentent-de-pres-de-5-en-europe\/","name":"Les vacances en camping augmentent de pr\u00e8s de 5 % en Europe","isPartOf":{"@id":"https:\/\/www.mondocamping.com\/#website"},"primaryImageOfPage":{"@id":"https:\/\/www.mondocamping.com\/fr\/les-vacances-en-camping-augmentent-de-pres-de-5-en-europe\/#primaryimage"},"image":{"@id":"https:\/\/www.mondocamping.com\/fr\/les-vacances-en-camping-augmentent-de-pres-de-5-en-europe\/#primaryimage"},"thumbnailUrl":"https:\/\/www.mondocamping.com\/wp-content\/uploads\/2025\/05\/victor-larracuente-JQfYGhUcDSg-unsplash-2.jpg","datePublished":"2025-05-13T15:04:22+00:00","dateModified":"2025-05-13T15:04:24+00:00","breadcrumb":{"@id":"https:\/\/www.mondocamping.com\/fr\/les-vacances-en-camping-augmentent-de-pres-de-5-en-europe\/#breadcrumb"},"inLanguage":"fr-FR","potentialAction":[{"@type":"ReadAction","target":["https:\/\/www.mondocamping.com\/fr\/les-vacances-en-camping-augmentent-de-pres-de-5-en-europe\/"]}]},{"@type":"ImageObject","inLanguage":"fr-FR","@id":"https:\/\/www.mondocamping.com\/fr\/les-vacances-en-camping-augmentent-de-pres-de-5-en-europe\/#primaryimage","url":"https:\/\/www.mondocamping.com\/wp-content\/uploads\/2025\/05\/victor-larracuente-JQfYGhUcDSg-unsplash-2.jpg","contentUrl":"https:\/\/www.mondocamping.com\/wp-content\/uploads\/2025\/05\/victor-larracuente-JQfYGhUcDSg-unsplash-2.jpg","width":1200,"height":628},{"@type":"BreadcrumbList","@id":"https:\/\/www.mondocamping.com\/fr\/les-vacances-en-camping-augmentent-de-pres-de-5-en-europe\/#breadcrumb","itemListElement":[{"@type":"ListItem","position":1,"name":"Home","item":"https:\/\/www.mondocamping.com\/fr\/"},{"@type":"ListItem","position":2,"name":"Les vacances en camping augmentent de pr\u00e8s de 5 % en Europe"}]},{"@type":"WebSite","@id":"https:\/\/www.mondocamping.com\/#website","url":"https:\/\/www.mondocamping.com\/","name":"Mondo Camping","description":"Le portail d\u00e9di\u00e9 aux gestionnaires de campings et villages touristiques","publisher":{"@id":"https:\/\/www.mondocamping.com\/#organization"},"potentialAction":[{"@type":"SearchAction","target":{"@type":"EntryPoint","urlTemplate":"https:\/\/www.mondocamping.com\/?s={search_term_string}"},"query-input":{"@type":"PropertyValueSpecification","valueRequired":true,"valueName":"search_term_string"}}],"inLanguage":"fr-FR"},{"@type":"Organization","@id":"https:\/\/www.mondocamping.com\/#organization","name":"Mondo Camping","url":"https:\/\/www.mondocamping.com\/","logo":{"@type":"ImageObject","inLanguage":"fr-FR","@id":"https:\/\/www.mondocamping.com\/#\/schema\/logo\/image\/","url":"https:\/\/www.mondocamping.com\/wp-content\/uploads\/2022\/04\/mondo-camping-logo-contornato-1.png","contentUrl":"https:\/\/www.mondocamping.com\/wp-content\/uploads\/2022\/04\/mondo-camping-logo-contornato-1.png","width":280,"height":90,"caption":"Mondo Camping"},"image":{"@id":"https:\/\/www.mondocamping.com\/#\/schema\/logo\/image\/"},"sameAs":["https:\/\/www.facebook.com\/mondobalneare","https:\/\/x.com\/mondobalneare","https:\/\/www.instagram.com\/mondobalneare\/","https:\/\/www.linkedin.com\/company\/67180810\/","https:\/\/www.youtube.com\/user\/mondobalnearevideo"]},{"@type":"Person","@id":"https:\/\/www.mondocamping.com\/#\/schema\/person\/01a031b8c5ef08c2204bb0e696f0a760","name":"Mondo Camping","image":{"@type":"ImageObject","inLanguage":"fr-FR","@id":"https:\/\/www.mondocamping.com\/wp-content\/uploads\/2022\/05\/cropped-icona-MONDO-CAMPING-150x150.png","url":"https:\/\/www.mondocamping.com\/wp-content\/uploads\/2022\/05\/cropped-icona-MONDO-CAMPING-150x150.png","contentUrl":"https:\/\/www.mondocamping.com\/wp-content\/uploads\/2022\/05\/cropped-icona-MONDO-CAMPING-150x150.png","caption":"Mondo Camping"},"sameAs":["https:\/\/www.mondocamping.com\/","https:\/\/www.facebook.com\/mondocamping"]}]}},"_links":{"self":[{"href":"https:\/\/www.mondocamping.com\/fr\/wp-json\/wp\/v2\/posts\/174198","targetHints":{"allow":["GET"]}}],"collection":[{"href":"https:\/\/www.mondocamping.com\/fr\/wp-json\/wp\/v2\/posts"}],"about":[{"href":"https:\/\/www.mondocamping.com\/fr\/wp-json\/wp\/v2\/types\/post"}],"author":[{"embeddable":true,"href":"https:\/\/www.mondocamping.com\/fr\/wp-json\/wp\/v2\/users\/5"}],"replies":[{"embeddable":true,"href":"https:\/\/www.mondocamping.com\/fr\/wp-json\/wp\/v2\/comments?post=174198"}],"version-history":[{"count":1,"href":"https:\/\/www.mondocamping.com\/fr\/wp-json\/wp\/v2\/posts\/174198\/revisions"}],"predecessor-version":[{"id":174199,"href":"https:\/\/www.mondocamping.com\/fr\/wp-json\/wp\/v2\/posts\/174198\/revisions\/174199"}],"wp:featuredmedia":[{"embeddable":true,"href":"https:\/\/www.mondocamping.com\/fr\/wp-json\/wp\/v2\/media\/174187"}],"wp:attachment":[{"href":"https:\/\/www.mondocamping.com\/fr\/wp-json\/wp\/v2\/media?parent=174198"}],"wp:term":[{"taxonomy":"category","embeddable":true,"href":"https:\/\/www.mondocamping.com\/fr\/wp-json\/wp\/v2\/categories?post=174198"},{"taxonomy":"post_tag","embeddable":true,"href":"https:\/\/www.mondocamping.com\/fr\/wp-json\/wp\/v2\/tags?post=174198"}],"curies":[{"name":"wp","href":"https:\/\/api.w.org\/{rel}","templated":true}]}}