{"id":174212,"date":"2025-05-14T09:45:21","date_gmt":"2025-05-14T07:45:21","guid":{"rendered":"https:\/\/www.mondocamping.com\/webinaire-faita-federcamping-mise-a-jour-cadastrale-des-installations-dhebergement-de-plein-air\/"},"modified":"2025-05-14T09:45:23","modified_gmt":"2025-05-14T07:45:23","slug":"webinaire-faita-federcamping-mise-a-jour-cadastrale-des-installations-dhebergement-de-plein-air","status":"publish","type":"post","link":"https:\/\/www.mondocamping.com\/fr\/webinaire-faita-federcamping-mise-a-jour-cadastrale-des-installations-dhebergement-de-plein-air\/","title":{"rendered":"Webinaire FAITA Federcamping : mise \u00e0 jour cadastrale des installations d&rsquo;h\u00e9bergement de plein air"},"content":{"rendered":"\n<p>Demain, jeudi 15 mai, aura lieu le <strong>webinaire gratuit organis\u00e9 par FAITA Federcamping<\/strong>, un rendez-vous d\u00e9di\u00e9 aux entreprises membres pour se mettre \u00e0 jour sur les <strong>questions cadastrales<\/strong>, avec un accent sur l&rsquo;application de l&rsquo;article 7-quinquies du d\u00e9cret-loi 113\/2024, qui \u00e9tablit la<strong>non-pertinence cadastrale<\/strong> <strong>des \u00e9quipements mobiles dans les campings et les villages touristiques.<\/strong><\/p>\n\n<p>FAITA Federcamping offre une occasion pr\u00e9cieuse d&rsquo;approfondir les d\u00e9tails techniques gr\u00e2ce \u00e0 l&rsquo;expertise de sp\u00e9cialistes du cadastre, des imp\u00f4ts et de la fiscalit\u00e9. Leur soutien permettra de clarifier tous les aspects encore mal d\u00e9finis par la norme. <\/p>\n\n<p>Selon le site web de FAITA Federcamping :<em>\u00ab\u00a0La F\u00e9d\u00e9ration a d\u00e9j\u00e0 entam\u00e9 des discussions avec l&rsquo;Agence du revenu et les minist\u00e8res comp\u00e9tents afin d&rsquo;obtenir des interpr\u00e9tations officielles et de mieux soutenir les entreprises associ\u00e9es<\/em>. Il s&rsquo;agira donc d&rsquo;une occasion pr\u00e9cieuse pour toutes les entreprises d\u00e9sireuses d&rsquo;acqu\u00e9rir des outils op\u00e9rationnels et des mises \u00e0 jour r\u00e9glementaires opportunes, tr\u00e8s utiles pour s&rsquo;orienter dans un secteur en constante \u00e9volution, et n\u00e9cessaires au bon respect des r\u00e8gles.   <\/p>\n\n<p>La participation au webinaire est <strong>gratuite mais limit\u00e9e en nombre<\/strong>. Pour vous inscrire, veuillez vous inscrire en temps utile via ce lien :<strong> <\/strong><a href=\"https:\/\/faitafedercamping.webex.com\/weblink\/register\/r05b52198fe46cd93d725354fe6079726\" target=\"_blank\" rel=\"noreferrer noopener\"><strong>Inscription au webinaire<\/strong><\/a><strong>. <\/strong> <\/p>\n\n<p><\/p>\n","protected":false},"excerpt":{"rendered":"<p>Demain, jeudi 15 mai, aura lieu le webinaire gratuit organis\u00e9 par FAITA Federcamping, un rendez-vous d\u00e9di\u00e9 aux entreprises membres pour se mettre \u00e0 jour sur les questions cadastrales, avec un accent sur l&rsquo;application de l&rsquo;article 7-quinquies du d\u00e9cret-loi 113\/2024, qui \u00e9tablit lanon-pertinence cadastrale des \u00e9quipements mobiles dans les campings et les villages touristiques. FAITA Federcamping [&hellip;]<\/p>\n","protected":false},"author":5,"featured_media":174203,"comment_status":"closed","ping_status":"closed","sticky":false,"template":"","format":"standard","meta":{"_acf_changed":false,"_monsterinsights_skip_tracking":false,"_monsterinsights_sitenote_active":false,"_monsterinsights_sitenote_note":"","_monsterinsights_sitenote_category":0,"footnotes":""},"categories":[4024],"tags":[7174,7167,7000,6851,7173,7172],"class_list":["post-174212","post","type-post","status-publish","format-standard","has-post-thumbnail","hentry","category-actualite","tag-cadastre","tag-campings","tag-faita-fedecamping","tag-lair-libre","tag-mettre-a-jour","tag-webinaire"],"acf":[],"yoast_head":"<!-- This site is optimized with the Yoast SEO plugin v27.5 - https:\/\/yoast.com\/product\/yoast-seo-wordpress\/ -->\n<title>Webinaire FAITA Federcamping : mise \u00e0 jour cadastrale des installations d&#039;h\u00e9bergement de plein air<\/title>\n<meta name=\"robots\" content=\"index, follow, max-snippet:-1, max-image-preview:large, max-video-preview:-1\" \/>\n<link rel=\"canonical\" href=\"https:\/\/www.mondocamping.com\/fr\/webinaire-faita-federcamping-mise-a-jour-cadastrale-des-installations-dhebergement-de-plein-air\/\" \/>\n<meta property=\"og:locale\" content=\"fr_FR\" \/>\n<meta property=\"og:type\" content=\"article\" \/>\n<meta property=\"og:title\" content=\"Webinaire FAITA Federcamping : mise \u00e0 jour cadastrale des installations d&#039;h\u00e9bergement de plein air\" \/>\n<meta property=\"og:description\" content=\"Demain, jeudi 15 mai, aura lieu le webinaire gratuit organis\u00e9 par FAITA Federcamping, un rendez-vous d\u00e9di\u00e9 aux entreprises membres pour se mettre \u00e0 jour sur les questions cadastrales, avec un accent sur l&rsquo;application de l&rsquo;article 7-quinquies du d\u00e9cret-loi 113\/2024, qui \u00e9tablit lanon-pertinence cadastrale des \u00e9quipements mobiles dans les campings et les villages touristiques. FAITA Federcamping [&hellip;]\" \/>\n<meta property=\"og:url\" content=\"https:\/\/www.mondocamping.com\/fr\/webinaire-faita-federcamping-mise-a-jour-cadastrale-des-installations-dhebergement-de-plein-air\/\" \/>\n<meta property=\"og:site_name\" content=\"Mondo Camping\" \/>\n<meta property=\"article:publisher\" content=\"https:\/\/www.facebook.com\/mondobalneare\" \/>\n<meta property=\"article:author\" content=\"https:\/\/www.facebook.com\/mondocamping\" \/>\n<meta property=\"article:published_time\" content=\"2025-05-14T07:45:21+00:00\" \/>\n<meta property=\"article:modified_time\" content=\"2025-05-14T07:45:23+00:00\" \/>\n<meta property=\"og:image\" content=\"https:\/\/www.mondocamping.com\/wp-content\/uploads\/2025\/05\/christin-hume-Hcfwew744z4-unsplash-2.jpg\" \/>\n\t<meta property=\"og:image:width\" content=\"1200\" \/>\n\t<meta property=\"og:image:height\" content=\"628\" \/>\n\t<meta property=\"og:image:type\" content=\"image\/jpeg\" \/>\n<meta name=\"author\" content=\"Mondo Camping\" \/>\n<meta name=\"twitter:card\" content=\"summary_large_image\" \/>\n<meta name=\"twitter:creator\" content=\"@mondobalneare\" \/>\n<meta name=\"twitter:site\" content=\"@mondobalneare\" \/>\n<meta name=\"twitter:label1\" content=\"\u00c9crit par\" \/>\n\t<meta name=\"twitter:data1\" content=\"Mondo Camping\" \/>\n\t<meta name=\"twitter:label2\" content=\"Dur\u00e9e de lecture estim\u00e9e\" \/>\n\t<meta name=\"twitter:data2\" content=\"1 minute\" \/>\n<script type=\"application\/ld+json\" class=\"yoast-schema-graph\">{\"@context\":\"https:\\\/\\\/schema.org\",\"@graph\":[{\"@type\":\"Article\",\"@id\":\"https:\\\/\\\/www.mondocamping.com\\\/fr\\\/webinaire-faita-federcamping-mise-a-jour-cadastrale-des-installations-dhebergement-de-plein-air\\\/#article\",\"isPartOf\":{\"@id\":\"https:\\\/\\\/www.mondocamping.com\\\/fr\\\/webinaire-faita-federcamping-mise-a-jour-cadastrale-des-installations-dhebergement-de-plein-air\\\/\"},\"author\":{\"name\":\"Mondo Camping\",\"@id\":\"https:\\\/\\\/www.mondocamping.com\\\/#\\\/schema\\\/person\\\/01a031b8c5ef08c2204bb0e696f0a760\"},\"headline\":\"Webinaire FAITA Federcamping : mise \u00e0 jour cadastrale des installations d&rsquo;h\u00e9bergement de plein air\",\"datePublished\":\"2025-05-14T07:45:21+00:00\",\"dateModified\":\"2025-05-14T07:45:23+00:00\",\"mainEntityOfPage\":{\"@id\":\"https:\\\/\\\/www.mondocamping.com\\\/fr\\\/webinaire-faita-federcamping-mise-a-jour-cadastrale-des-installations-dhebergement-de-plein-air\\\/\"},\"wordCount\":231,\"publisher\":{\"@id\":\"https:\\\/\\\/www.mondocamping.com\\\/#organization\"},\"image\":{\"@id\":\"https:\\\/\\\/www.mondocamping.com\\\/fr\\\/webinaire-faita-federcamping-mise-a-jour-cadastrale-des-installations-dhebergement-de-plein-air\\\/#primaryimage\"},\"thumbnailUrl\":\"https:\\\/\\\/www.mondocamping.com\\\/wp-content\\\/uploads\\\/2025\\\/05\\\/christin-hume-Hcfwew744z4-unsplash-2.jpg\",\"keywords\":[\"cadastre\",\"campings\",\"FAITA Fedecamping\",\"l'air libre\",\"mettre \u00e0 jour\",\"webinaire\"],\"articleSection\":[\"Actualit\u00e9\"],\"inLanguage\":\"fr-FR\"},{\"@type\":\"WebPage\",\"@id\":\"https:\\\/\\\/www.mondocamping.com\\\/fr\\\/webinaire-faita-federcamping-mise-a-jour-cadastrale-des-installations-dhebergement-de-plein-air\\\/\",\"url\":\"https:\\\/\\\/www.mondocamping.com\\\/fr\\\/webinaire-faita-federcamping-mise-a-jour-cadastrale-des-installations-dhebergement-de-plein-air\\\/\",\"name\":\"Webinaire FAITA Federcamping : mise \u00e0 jour cadastrale des installations d'h\u00e9bergement de plein air\",\"isPartOf\":{\"@id\":\"https:\\\/\\\/www.mondocamping.com\\\/#website\"},\"primaryImageOfPage\":{\"@id\":\"https:\\\/\\\/www.mondocamping.com\\\/fr\\\/webinaire-faita-federcamping-mise-a-jour-cadastrale-des-installations-dhebergement-de-plein-air\\\/#primaryimage\"},\"image\":{\"@id\":\"https:\\\/\\\/www.mondocamping.com\\\/fr\\\/webinaire-faita-federcamping-mise-a-jour-cadastrale-des-installations-dhebergement-de-plein-air\\\/#primaryimage\"},\"thumbnailUrl\":\"https:\\\/\\\/www.mondocamping.com\\\/wp-content\\\/uploads\\\/2025\\\/05\\\/christin-hume-Hcfwew744z4-unsplash-2.jpg\",\"datePublished\":\"2025-05-14T07:45:21+00:00\",\"dateModified\":\"2025-05-14T07:45:23+00:00\",\"breadcrumb\":{\"@id\":\"https:\\\/\\\/www.mondocamping.com\\\/fr\\\/webinaire-faita-federcamping-mise-a-jour-cadastrale-des-installations-dhebergement-de-plein-air\\\/#breadcrumb\"},\"inLanguage\":\"fr-FR\",\"potentialAction\":[{\"@type\":\"ReadAction\",\"target\":[\"https:\\\/\\\/www.mondocamping.com\\\/fr\\\/webinaire-faita-federcamping-mise-a-jour-cadastrale-des-installations-dhebergement-de-plein-air\\\/\"]}]},{\"@type\":\"ImageObject\",\"inLanguage\":\"fr-FR\",\"@id\":\"https:\\\/\\\/www.mondocamping.com\\\/fr\\\/webinaire-faita-federcamping-mise-a-jour-cadastrale-des-installations-dhebergement-de-plein-air\\\/#primaryimage\",\"url\":\"https:\\\/\\\/www.mondocamping.com\\\/wp-content\\\/uploads\\\/2025\\\/05\\\/christin-hume-Hcfwew744z4-unsplash-2.jpg\",\"contentUrl\":\"https:\\\/\\\/www.mondocamping.com\\\/wp-content\\\/uploads\\\/2025\\\/05\\\/christin-hume-Hcfwew744z4-unsplash-2.jpg\",\"width\":1200,\"height\":628},{\"@type\":\"BreadcrumbList\",\"@id\":\"https:\\\/\\\/www.mondocamping.com\\\/fr\\\/webinaire-faita-federcamping-mise-a-jour-cadastrale-des-installations-dhebergement-de-plein-air\\\/#breadcrumb\",\"itemListElement\":[{\"@type\":\"ListItem\",\"position\":1,\"name\":\"Home\",\"item\":\"https:\\\/\\\/www.mondocamping.com\\\/fr\\\/\"},{\"@type\":\"ListItem\",\"position\":2,\"name\":\"Webinaire FAITA Federcamping : mise \u00e0 jour cadastrale des installations d&rsquo;h\u00e9bergement de plein air\"}]},{\"@type\":\"WebSite\",\"@id\":\"https:\\\/\\\/www.mondocamping.com\\\/#website\",\"url\":\"https:\\\/\\\/www.mondocamping.com\\\/\",\"name\":\"Mondo Camping\",\"description\":\"Le portail d\u00e9di\u00e9 aux gestionnaires de campings et villages touristiques\",\"publisher\":{\"@id\":\"https:\\\/\\\/www.mondocamping.com\\\/#organization\"},\"potentialAction\":[{\"@type\":\"SearchAction\",\"target\":{\"@type\":\"EntryPoint\",\"urlTemplate\":\"https:\\\/\\\/www.mondocamping.com\\\/?s={search_term_string}\"},\"query-input\":{\"@type\":\"PropertyValueSpecification\",\"valueRequired\":true,\"valueName\":\"search_term_string\"}}],\"inLanguage\":\"fr-FR\"},{\"@type\":\"Organization\",\"@id\":\"https:\\\/\\\/www.mondocamping.com\\\/#organization\",\"name\":\"Mondo Camping\",\"url\":\"https:\\\/\\\/www.mondocamping.com\\\/\",\"logo\":{\"@type\":\"ImageObject\",\"inLanguage\":\"fr-FR\",\"@id\":\"https:\\\/\\\/www.mondocamping.com\\\/#\\\/schema\\\/logo\\\/image\\\/\",\"url\":\"https:\\\/\\\/www.mondocamping.com\\\/wp-content\\\/uploads\\\/2022\\\/04\\\/mondo-camping-logo-contornato-1.png\",\"contentUrl\":\"https:\\\/\\\/www.mondocamping.com\\\/wp-content\\\/uploads\\\/2022\\\/04\\\/mondo-camping-logo-contornato-1.png\",\"width\":280,\"height\":90,\"caption\":\"Mondo Camping\"},\"image\":{\"@id\":\"https:\\\/\\\/www.mondocamping.com\\\/#\\\/schema\\\/logo\\\/image\\\/\"},\"sameAs\":[\"https:\\\/\\\/www.facebook.com\\\/mondobalneare\",\"https:\\\/\\\/x.com\\\/mondobalneare\",\"https:\\\/\\\/www.instagram.com\\\/mondobalneare\\\/\",\"https:\\\/\\\/www.linkedin.com\\\/company\\\/67180810\\\/\",\"https:\\\/\\\/www.youtube.com\\\/user\\\/mondobalnearevideo\"]},{\"@type\":\"Person\",\"@id\":\"https:\\\/\\\/www.mondocamping.com\\\/#\\\/schema\\\/person\\\/01a031b8c5ef08c2204bb0e696f0a760\",\"name\":\"Mondo Camping\",\"image\":{\"@type\":\"ImageObject\",\"inLanguage\":\"fr-FR\",\"@id\":\"https:\\\/\\\/www.mondocamping.com\\\/wp-content\\\/uploads\\\/2022\\\/05\\\/cropped-icona-MONDO-CAMPING-150x150.png\",\"url\":\"https:\\\/\\\/www.mondocamping.com\\\/wp-content\\\/uploads\\\/2022\\\/05\\\/cropped-icona-MONDO-CAMPING-150x150.png\",\"contentUrl\":\"https:\\\/\\\/www.mondocamping.com\\\/wp-content\\\/uploads\\\/2022\\\/05\\\/cropped-icona-MONDO-CAMPING-150x150.png\",\"caption\":\"Mondo Camping\"},\"sameAs\":[\"https:\\\/\\\/www.mondocamping.com\\\/\",\"https:\\\/\\\/www.facebook.com\\\/mondocamping\"]}]}<\/script>\n<!-- \/ Yoast SEO plugin. -->","yoast_head_json":{"title":"Webinaire FAITA Federcamping : mise \u00e0 jour cadastrale des installations d'h\u00e9bergement de plein air","robots":{"index":"index","follow":"follow","max-snippet":"max-snippet:-1","max-image-preview":"max-image-preview:large","max-video-preview":"max-video-preview:-1"},"canonical":"https:\/\/www.mondocamping.com\/fr\/webinaire-faita-federcamping-mise-a-jour-cadastrale-des-installations-dhebergement-de-plein-air\/","og_locale":"fr_FR","og_type":"article","og_title":"Webinaire FAITA Federcamping : mise \u00e0 jour cadastrale des installations d'h\u00e9bergement de plein air","og_description":"Demain, jeudi 15 mai, aura lieu le webinaire gratuit organis\u00e9 par FAITA Federcamping, un rendez-vous d\u00e9di\u00e9 aux entreprises membres pour se mettre \u00e0 jour sur les questions cadastrales, avec un accent sur l&rsquo;application de l&rsquo;article 7-quinquies du d\u00e9cret-loi 113\/2024, qui \u00e9tablit lanon-pertinence cadastrale des \u00e9quipements mobiles dans les campings et les villages touristiques. FAITA Federcamping [&hellip;]","og_url":"https:\/\/www.mondocamping.com\/fr\/webinaire-faita-federcamping-mise-a-jour-cadastrale-des-installations-dhebergement-de-plein-air\/","og_site_name":"Mondo Camping","article_publisher":"https:\/\/www.facebook.com\/mondobalneare","article_author":"https:\/\/www.facebook.com\/mondocamping","article_published_time":"2025-05-14T07:45:21+00:00","article_modified_time":"2025-05-14T07:45:23+00:00","og_image":[{"width":1200,"height":628,"url":"https:\/\/www.mondocamping.com\/wp-content\/uploads\/2025\/05\/christin-hume-Hcfwew744z4-unsplash-2.jpg","type":"image\/jpeg"}],"author":"Mondo Camping","twitter_card":"summary_large_image","twitter_creator":"@mondobalneare","twitter_site":"@mondobalneare","twitter_misc":{"\u00c9crit par":"Mondo Camping","Dur\u00e9e de lecture estim\u00e9e":"1 minute"},"schema":{"@context":"https:\/\/schema.org","@graph":[{"@type":"Article","@id":"https:\/\/www.mondocamping.com\/fr\/webinaire-faita-federcamping-mise-a-jour-cadastrale-des-installations-dhebergement-de-plein-air\/#article","isPartOf":{"@id":"https:\/\/www.mondocamping.com\/fr\/webinaire-faita-federcamping-mise-a-jour-cadastrale-des-installations-dhebergement-de-plein-air\/"},"author":{"name":"Mondo Camping","@id":"https:\/\/www.mondocamping.com\/#\/schema\/person\/01a031b8c5ef08c2204bb0e696f0a760"},"headline":"Webinaire FAITA Federcamping : mise \u00e0 jour cadastrale des installations d&rsquo;h\u00e9bergement de plein air","datePublished":"2025-05-14T07:45:21+00:00","dateModified":"2025-05-14T07:45:23+00:00","mainEntityOfPage":{"@id":"https:\/\/www.mondocamping.com\/fr\/webinaire-faita-federcamping-mise-a-jour-cadastrale-des-installations-dhebergement-de-plein-air\/"},"wordCount":231,"publisher":{"@id":"https:\/\/www.mondocamping.com\/#organization"},"image":{"@id":"https:\/\/www.mondocamping.com\/fr\/webinaire-faita-federcamping-mise-a-jour-cadastrale-des-installations-dhebergement-de-plein-air\/#primaryimage"},"thumbnailUrl":"https:\/\/www.mondocamping.com\/wp-content\/uploads\/2025\/05\/christin-hume-Hcfwew744z4-unsplash-2.jpg","keywords":["cadastre","campings","FAITA Fedecamping","l'air libre","mettre \u00e0 jour","webinaire"],"articleSection":["Actualit\u00e9"],"inLanguage":"fr-FR"},{"@type":"WebPage","@id":"https:\/\/www.mondocamping.com\/fr\/webinaire-faita-federcamping-mise-a-jour-cadastrale-des-installations-dhebergement-de-plein-air\/","url":"https:\/\/www.mondocamping.com\/fr\/webinaire-faita-federcamping-mise-a-jour-cadastrale-des-installations-dhebergement-de-plein-air\/","name":"Webinaire FAITA Federcamping : mise \u00e0 jour cadastrale des installations d'h\u00e9bergement de plein air","isPartOf":{"@id":"https:\/\/www.mondocamping.com\/#website"},"primaryImageOfPage":{"@id":"https:\/\/www.mondocamping.com\/fr\/webinaire-faita-federcamping-mise-a-jour-cadastrale-des-installations-dhebergement-de-plein-air\/#primaryimage"},"image":{"@id":"https:\/\/www.mondocamping.com\/fr\/webinaire-faita-federcamping-mise-a-jour-cadastrale-des-installations-dhebergement-de-plein-air\/#primaryimage"},"thumbnailUrl":"https:\/\/www.mondocamping.com\/wp-content\/uploads\/2025\/05\/christin-hume-Hcfwew744z4-unsplash-2.jpg","datePublished":"2025-05-14T07:45:21+00:00","dateModified":"2025-05-14T07:45:23+00:00","breadcrumb":{"@id":"https:\/\/www.mondocamping.com\/fr\/webinaire-faita-federcamping-mise-a-jour-cadastrale-des-installations-dhebergement-de-plein-air\/#breadcrumb"},"inLanguage":"fr-FR","potentialAction":[{"@type":"ReadAction","target":["https:\/\/www.mondocamping.com\/fr\/webinaire-faita-federcamping-mise-a-jour-cadastrale-des-installations-dhebergement-de-plein-air\/"]}]},{"@type":"ImageObject","inLanguage":"fr-FR","@id":"https:\/\/www.mondocamping.com\/fr\/webinaire-faita-federcamping-mise-a-jour-cadastrale-des-installations-dhebergement-de-plein-air\/#primaryimage","url":"https:\/\/www.mondocamping.com\/wp-content\/uploads\/2025\/05\/christin-hume-Hcfwew744z4-unsplash-2.jpg","contentUrl":"https:\/\/www.mondocamping.com\/wp-content\/uploads\/2025\/05\/christin-hume-Hcfwew744z4-unsplash-2.jpg","width":1200,"height":628},{"@type":"BreadcrumbList","@id":"https:\/\/www.mondocamping.com\/fr\/webinaire-faita-federcamping-mise-a-jour-cadastrale-des-installations-dhebergement-de-plein-air\/#breadcrumb","itemListElement":[{"@type":"ListItem","position":1,"name":"Home","item":"https:\/\/www.mondocamping.com\/fr\/"},{"@type":"ListItem","position":2,"name":"Webinaire FAITA Federcamping : mise \u00e0 jour cadastrale des installations d&rsquo;h\u00e9bergement de plein air"}]},{"@type":"WebSite","@id":"https:\/\/www.mondocamping.com\/#website","url":"https:\/\/www.mondocamping.com\/","name":"Mondo Camping","description":"Le portail d\u00e9di\u00e9 aux gestionnaires de campings et villages touristiques","publisher":{"@id":"https:\/\/www.mondocamping.com\/#organization"},"potentialAction":[{"@type":"SearchAction","target":{"@type":"EntryPoint","urlTemplate":"https:\/\/www.mondocamping.com\/?s={search_term_string}"},"query-input":{"@type":"PropertyValueSpecification","valueRequired":true,"valueName":"search_term_string"}}],"inLanguage":"fr-FR"},{"@type":"Organization","@id":"https:\/\/www.mondocamping.com\/#organization","name":"Mondo Camping","url":"https:\/\/www.mondocamping.com\/","logo":{"@type":"ImageObject","inLanguage":"fr-FR","@id":"https:\/\/www.mondocamping.com\/#\/schema\/logo\/image\/","url":"https:\/\/www.mondocamping.com\/wp-content\/uploads\/2022\/04\/mondo-camping-logo-contornato-1.png","contentUrl":"https:\/\/www.mondocamping.com\/wp-content\/uploads\/2022\/04\/mondo-camping-logo-contornato-1.png","width":280,"height":90,"caption":"Mondo Camping"},"image":{"@id":"https:\/\/www.mondocamping.com\/#\/schema\/logo\/image\/"},"sameAs":["https:\/\/www.facebook.com\/mondobalneare","https:\/\/x.com\/mondobalneare","https:\/\/www.instagram.com\/mondobalneare\/","https:\/\/www.linkedin.com\/company\/67180810\/","https:\/\/www.youtube.com\/user\/mondobalnearevideo"]},{"@type":"Person","@id":"https:\/\/www.mondocamping.com\/#\/schema\/person\/01a031b8c5ef08c2204bb0e696f0a760","name":"Mondo Camping","image":{"@type":"ImageObject","inLanguage":"fr-FR","@id":"https:\/\/www.mondocamping.com\/wp-content\/uploads\/2022\/05\/cropped-icona-MONDO-CAMPING-150x150.png","url":"https:\/\/www.mondocamping.com\/wp-content\/uploads\/2022\/05\/cropped-icona-MONDO-CAMPING-150x150.png","contentUrl":"https:\/\/www.mondocamping.com\/wp-content\/uploads\/2022\/05\/cropped-icona-MONDO-CAMPING-150x150.png","caption":"Mondo Camping"},"sameAs":["https:\/\/www.mondocamping.com\/","https:\/\/www.facebook.com\/mondocamping"]}]}},"_links":{"self":[{"href":"https:\/\/www.mondocamping.com\/fr\/wp-json\/wp\/v2\/posts\/174212","targetHints":{"allow":["GET"]}}],"collection":[{"href":"https:\/\/www.mondocamping.com\/fr\/wp-json\/wp\/v2\/posts"}],"about":[{"href":"https:\/\/www.mondocamping.com\/fr\/wp-json\/wp\/v2\/types\/post"}],"author":[{"embeddable":true,"href":"https:\/\/www.mondocamping.com\/fr\/wp-json\/wp\/v2\/users\/5"}],"replies":[{"embeddable":true,"href":"https:\/\/www.mondocamping.com\/fr\/wp-json\/wp\/v2\/comments?post=174212"}],"version-history":[{"count":1,"href":"https:\/\/www.mondocamping.com\/fr\/wp-json\/wp\/v2\/posts\/174212\/revisions"}],"predecessor-version":[{"id":174213,"href":"https:\/\/www.mondocamping.com\/fr\/wp-json\/wp\/v2\/posts\/174212\/revisions\/174213"}],"wp:featuredmedia":[{"embeddable":true,"href":"https:\/\/www.mondocamping.com\/fr\/wp-json\/wp\/v2\/media\/174203"}],"wp:attachment":[{"href":"https:\/\/www.mondocamping.com\/fr\/wp-json\/wp\/v2\/media?parent=174212"}],"wp:term":[{"taxonomy":"category","embeddable":true,"href":"https:\/\/www.mondocamping.com\/fr\/wp-json\/wp\/v2\/categories?post=174212"},{"taxonomy":"post_tag","embeddable":true,"href":"https:\/\/www.mondocamping.com\/fr\/wp-json\/wp\/v2\/tags?post=174212"}],"curies":[{"name":"wp","href":"https:\/\/api.w.org\/{rel}","templated":true}]}}