{"id":174424,"date":"2025-06-03T17:55:55","date_gmt":"2025-06-03T15:55:55","guid":{"rendered":"https:\/\/www.mondocamping.com\/hospitality-le-salon-de-lhospitalite-du-4-au-6-juin-a-bolognafiere\/"},"modified":"2025-06-03T17:55:57","modified_gmt":"2025-06-03T15:55:57","slug":"hospitality-le-salon-de-lhospitalite-du-4-au-6-juin-a-bolognafiere","status":"publish","type":"post","link":"https:\/\/www.mondocamping.com\/fr\/hospitality-le-salon-de-lhospitalite-du-4-au-6-juin-a-bolognafiere\/","title":{"rendered":"Hospitality &#8211; Le salon de l&rsquo;hospitalit\u00e9 : du 4 au 6 juin \u00e0 BolognaFiere"},"content":{"rendered":"\n<p>Le rideau s&rsquo;ouvre sur le principal \u00e9v\u00e9nement international d&rsquo;Italie pour l&rsquo;h\u00f4tellerie et la restauration, organis\u00e9 par <strong>Riva del Garda Fierecongressi<\/strong>, qui franchit une nouvelle \u00e9tape dans la promotion d&rsquo;<strong>une hospitalit\u00e9 de plus en plus inclusive<\/strong>.  <\/p>\n\n<p><strong>Du 4 au 6 juin, Hospitality &#8211; Il Salone dell&rsquo;Accoglienza sera pr\u00e9sent \u00e0 BolognaFiere parmi les protagonistes du We Make Future Festival<\/strong>, le plus grand salon italien consacr\u00e9 \u00e0 l&rsquo;innovation num\u00e9rique, <strong>avec son projet DI OGNUNO, un espace immersif et innovant qui promeut l&rsquo;hospitalit\u00e9 accessible<\/strong> et con\u00e7ue pour tous (Hall 30 stand B38 \/ A35).<\/p>\n\n<p><strong>DI OGNUNO <\/strong>est le r\u00e9sultat de la collaboration avec <strong>Lombardini22<\/strong> et <strong>Village for all &#8211; V4A\u00ae<\/strong>, depuis 2024, un rendez-vous con\u00e7u pour permettre aux visiteurs de comprendre pleinement la valeur du design inclusif \u00e0 travers une exp\u00e9rience sensorielle : \u00e0 chaque \u00e9dition du salon Hospitality, l&rsquo;initiative se concentre sur un environnement d&rsquo;accueil repr\u00e9sentatif ; cette ann\u00e9e, la <strong>salle du petit-d\u00e9jeuner<\/strong>.  <\/p>\n\n<p>Le cours compare deux contextes contrast\u00e9s : l&rsquo;un cr\u00e9\u00e9 dans une logique d&rsquo;inconfort et l&rsquo;autre qui, au contraire, am\u00e9liore le confort, l&rsquo;accessibilit\u00e9 physique, sensorielle et alimentaire. L&rsquo;objectif est de montrer concr\u00e8tement comment les choix de conception peuvent entraver ou am\u00e9liorer l&rsquo;exp\u00e9rience du client.   <\/p>\n\n<h2 class=\"wp-block-heading\">\u00ab\u00a0Prix de l&rsquo;hospitalit\u00e9 &#8211; Inclusivit\u00e9 et hospitalit\u00e9<\/h2>\n\n<p>Le <strong>vendredi 6 juin \u00e0 11h30 <\/strong>(\u00e9tape 3) sera d\u00e9voil\u00e9 le laur\u00e9at du <strong>\u00ab Hospitality Award &#8211; Inclusivity and Hospitality \u00bb<\/strong>, le concours lanc\u00e9 par le salon de l&rsquo;hospitalit\u00e9 en collaboration avec le WMF pour donner de la visibilit\u00e9 \u00e0 des projets concrets capables de faire tomber les barri\u00e8res (physiques, sensorielles, cognitives, alimentaires et culturelles) en rendant l&rsquo;hospitalit\u00e9 plus inclusive et consciente.  <\/p>\n\n<p>Le projet le plus m\u00e9ritant s\u00e9lectionn\u00e9 par la commission (compos\u00e9e d&rsquo;experts en mati\u00e8re d&rsquo;hospitalit\u00e9, d&rsquo;accessibilit\u00e9, de conception inclusive et d&rsquo;innovation) sera r\u00e9compens\u00e9 pour sa contribution \u00e0 l&rsquo;hospitalit\u00e9 inclusive pour tous. Les crit\u00e8res d \u00ab \u00e9valuation seront bas\u00e9s sur : l&rsquo;impact<strong> concret sur l&rsquo;accessibilit\u00e9 et l&rsquo;inclusion des clients<\/strong>; le degr\u00e9 d \u00bb<strong>innovation technologique, manag\u00e9riale ou exp\u00e9rientielle<\/strong>; la <strong>durabilit\u00e9 et la reproductibilit\u00e9<\/strong> du mod\u00e8le propos\u00e9 ; la <strong>qualit\u00e9 de la communication du<\/strong> projet. <\/p>\n\n<p>Le prix sera remis par la <strong>directrice g\u00e9n\u00e9rale de Riva del Garda Fierecongressi Alessandra Albarelli<\/strong>, qui a d\u00e9clar\u00e9 : \u00ab\u00a0.<em>L&rsquo;inclusion dans l&rsquo;hospitalit\u00e9, que ce soit dans les h\u00f4tels, les bars, les restaurants ou les campings, est une valeur \u00e0 la fois pour le client et pour les personnes qui travaillent dans ce domaine. Nous nous effor\u00e7ons de donner \u00e0 un public de plus en plus large l&rsquo;occasion de d\u00e9couvrir le projet DI OGNUNO. Les visiteurs de We Make Future pourront \u00e9galement s&rsquo;immerger dans une exp\u00e9rience unique et comprendre le sens profond de l&rsquo;inclusion, non seulement en l&rsquo;observant, mais en la vivant. Nous sommes fiers de r\u00e9compenser ceux qui, avec engagement et passion, transforment l&rsquo;accessibilit\u00e9 en valeur concr\u00e8te pour l&rsquo;industrie et la soci\u00e9t\u00e9\u00a0\u00bb.   <\/em>.<\/p>\n\n<p><\/p>\n","protected":false},"excerpt":{"rendered":"<p>Le rideau s&rsquo;ouvre sur le principal \u00e9v\u00e9nement international d&rsquo;Italie pour l&rsquo;h\u00f4tellerie et la restauration, organis\u00e9 par Riva del Garda Fierecongressi, qui franchit une nouvelle \u00e9tape dans la promotion d&rsquo;une hospitalit\u00e9 de plus en plus inclusive. Du 4 au 6 juin, Hospitality &#8211; Il Salone dell&rsquo;Accoglienza sera pr\u00e9sent \u00e0 BolognaFiere parmi les protagonistes du We Make [&hellip;]<\/p>\n","protected":false},"author":5,"featured_media":174418,"comment_status":"closed","ping_status":"closed","sticky":false,"template":"","format":"standard","meta":{"_acf_changed":false,"_monsterinsights_skip_tracking":false,"_monsterinsights_sitenote_active":false,"_monsterinsights_sitenote_note":"","_monsterinsights_sitenote_category":0,"footnotes":""},"categories":[4024],"tags":[6693,6875,5394,6877,6874,7153,7212,7217],"class_list":["post-174424","post","type-post","status-publish","format-standard","has-post-thumbnail","hentry","category-actualite","tag-bolognafiere","tag-de-chaque","tag-hospitality-le-salon-de-lhotellerie-et-de-la-restauration","tag-linclusivite","tag-lombardini22","tag-reception","tag-riva-del-garda-fierecongressi","tag-un-village-pour-tous-v4a"],"acf":[],"yoast_head":"<!-- This site is optimized with the Yoast SEO plugin v27.5 - https:\/\/yoast.com\/product\/yoast-seo-wordpress\/ -->\n<title>Hospitality - Le salon de l&#039;hospitalit\u00e9 : du 4 au 6 juin \u00e0 BolognaFiere<\/title>\n<meta name=\"robots\" content=\"index, follow, max-snippet:-1, max-image-preview:large, max-video-preview:-1\" \/>\n<link rel=\"canonical\" href=\"https:\/\/www.mondocamping.com\/fr\/hospitality-le-salon-de-lhospitalite-du-4-au-6-juin-a-bolognafiere\/\" \/>\n<meta property=\"og:locale\" content=\"fr_FR\" \/>\n<meta property=\"og:type\" content=\"article\" \/>\n<meta property=\"og:title\" content=\"Hospitality - Le salon de l&#039;hospitalit\u00e9 : du 4 au 6 juin \u00e0 BolognaFiere\" \/>\n<meta property=\"og:description\" content=\"Le rideau s&rsquo;ouvre sur le principal \u00e9v\u00e9nement international d&rsquo;Italie pour l&rsquo;h\u00f4tellerie et la restauration, organis\u00e9 par Riva del Garda Fierecongressi, qui franchit une nouvelle \u00e9tape dans la promotion d&rsquo;une hospitalit\u00e9 de plus en plus inclusive. Du 4 au 6 juin, Hospitality &#8211; Il Salone dell&rsquo;Accoglienza sera pr\u00e9sent \u00e0 BolognaFiere parmi les protagonistes du We Make [&hellip;]\" \/>\n<meta property=\"og:url\" content=\"https:\/\/www.mondocamping.com\/fr\/hospitality-le-salon-de-lhospitalite-du-4-au-6-juin-a-bolognafiere\/\" \/>\n<meta property=\"og:site_name\" content=\"Mondo Camping\" \/>\n<meta property=\"article:publisher\" content=\"https:\/\/www.facebook.com\/mondobalneare\" \/>\n<meta property=\"article:author\" content=\"https:\/\/www.facebook.com\/mondocamping\" \/>\n<meta property=\"article:published_time\" content=\"2025-06-03T15:55:55+00:00\" \/>\n<meta property=\"article:modified_time\" content=\"2025-06-03T15:55:57+00:00\" \/>\n<meta property=\"og:image\" content=\"https:\/\/www.mondocamping.com\/wp-content\/uploads\/2025\/06\/Hospitality_DI-OGNUNO-2025-2.jpg\" \/>\n\t<meta property=\"og:image:width\" content=\"1200\" \/>\n\t<meta property=\"og:image:height\" content=\"628\" \/>\n\t<meta property=\"og:image:type\" content=\"image\/jpeg\" \/>\n<meta name=\"author\" content=\"Mondo Camping\" \/>\n<meta name=\"twitter:card\" content=\"summary_large_image\" \/>\n<meta name=\"twitter:creator\" content=\"@mondobalneare\" \/>\n<meta name=\"twitter:site\" content=\"@mondobalneare\" \/>\n<meta name=\"twitter:label1\" content=\"\u00c9crit par\" \/>\n\t<meta name=\"twitter:data1\" content=\"Mondo Camping\" \/>\n\t<meta name=\"twitter:label2\" content=\"Dur\u00e9e de lecture estim\u00e9e\" \/>\n\t<meta name=\"twitter:data2\" content=\"2 minutes\" \/>\n<script type=\"application\/ld+json\" class=\"yoast-schema-graph\">{\"@context\":\"https:\\\/\\\/schema.org\",\"@graph\":[{\"@type\":\"Article\",\"@id\":\"https:\\\/\\\/www.mondocamping.com\\\/fr\\\/hospitality-le-salon-de-lhospitalite-du-4-au-6-juin-a-bolognafiere\\\/#article\",\"isPartOf\":{\"@id\":\"https:\\\/\\\/www.mondocamping.com\\\/fr\\\/hospitality-le-salon-de-lhospitalite-du-4-au-6-juin-a-bolognafiere\\\/\"},\"author\":{\"name\":\"Mondo Camping\",\"@id\":\"https:\\\/\\\/www.mondocamping.com\\\/#\\\/schema\\\/person\\\/01a031b8c5ef08c2204bb0e696f0a760\"},\"headline\":\"Hospitality &#8211; Le salon de l&rsquo;hospitalit\u00e9 : du 4 au 6 juin \u00e0 BolognaFiere\",\"datePublished\":\"2025-06-03T15:55:55+00:00\",\"dateModified\":\"2025-06-03T15:55:57+00:00\",\"mainEntityOfPage\":{\"@id\":\"https:\\\/\\\/www.mondocamping.com\\\/fr\\\/hospitality-le-salon-de-lhospitalite-du-4-au-6-juin-a-bolognafiere\\\/\"},\"wordCount\":515,\"publisher\":{\"@id\":\"https:\\\/\\\/www.mondocamping.com\\\/#organization\"},\"image\":{\"@id\":\"https:\\\/\\\/www.mondocamping.com\\\/fr\\\/hospitality-le-salon-de-lhospitalite-du-4-au-6-juin-a-bolognafiere\\\/#primaryimage\"},\"thumbnailUrl\":\"https:\\\/\\\/www.mondocamping.com\\\/wp-content\\\/uploads\\\/2025\\\/06\\\/Hospitality_DI-OGNUNO-2025-2.jpg\",\"keywords\":[\"BolognaFiere\",\"DE CHAQUE\",\"Hospitality - Le salon de l'h\u00f4tellerie et de la restauration\",\"l'inclusivit\u00e9\",\"Lombardini22\",\"r\u00e9ception\",\"Riva del Garda Fierecongressi\",\"Un village pour tous - V4A\"],\"articleSection\":[\"Actualit\u00e9\"],\"inLanguage\":\"fr-FR\"},{\"@type\":\"WebPage\",\"@id\":\"https:\\\/\\\/www.mondocamping.com\\\/fr\\\/hospitality-le-salon-de-lhospitalite-du-4-au-6-juin-a-bolognafiere\\\/\",\"url\":\"https:\\\/\\\/www.mondocamping.com\\\/fr\\\/hospitality-le-salon-de-lhospitalite-du-4-au-6-juin-a-bolognafiere\\\/\",\"name\":\"Hospitality - Le salon de l'hospitalit\u00e9 : du 4 au 6 juin \u00e0 BolognaFiere\",\"isPartOf\":{\"@id\":\"https:\\\/\\\/www.mondocamping.com\\\/#website\"},\"primaryImageOfPage\":{\"@id\":\"https:\\\/\\\/www.mondocamping.com\\\/fr\\\/hospitality-le-salon-de-lhospitalite-du-4-au-6-juin-a-bolognafiere\\\/#primaryimage\"},\"image\":{\"@id\":\"https:\\\/\\\/www.mondocamping.com\\\/fr\\\/hospitality-le-salon-de-lhospitalite-du-4-au-6-juin-a-bolognafiere\\\/#primaryimage\"},\"thumbnailUrl\":\"https:\\\/\\\/www.mondocamping.com\\\/wp-content\\\/uploads\\\/2025\\\/06\\\/Hospitality_DI-OGNUNO-2025-2.jpg\",\"datePublished\":\"2025-06-03T15:55:55+00:00\",\"dateModified\":\"2025-06-03T15:55:57+00:00\",\"breadcrumb\":{\"@id\":\"https:\\\/\\\/www.mondocamping.com\\\/fr\\\/hospitality-le-salon-de-lhospitalite-du-4-au-6-juin-a-bolognafiere\\\/#breadcrumb\"},\"inLanguage\":\"fr-FR\",\"potentialAction\":[{\"@type\":\"ReadAction\",\"target\":[\"https:\\\/\\\/www.mondocamping.com\\\/fr\\\/hospitality-le-salon-de-lhospitalite-du-4-au-6-juin-a-bolognafiere\\\/\"]}]},{\"@type\":\"ImageObject\",\"inLanguage\":\"fr-FR\",\"@id\":\"https:\\\/\\\/www.mondocamping.com\\\/fr\\\/hospitality-le-salon-de-lhospitalite-du-4-au-6-juin-a-bolognafiere\\\/#primaryimage\",\"url\":\"https:\\\/\\\/www.mondocamping.com\\\/wp-content\\\/uploads\\\/2025\\\/06\\\/Hospitality_DI-OGNUNO-2025-2.jpg\",\"contentUrl\":\"https:\\\/\\\/www.mondocamping.com\\\/wp-content\\\/uploads\\\/2025\\\/06\\\/Hospitality_DI-OGNUNO-2025-2.jpg\",\"width\":1200,\"height\":628},{\"@type\":\"BreadcrumbList\",\"@id\":\"https:\\\/\\\/www.mondocamping.com\\\/fr\\\/hospitality-le-salon-de-lhospitalite-du-4-au-6-juin-a-bolognafiere\\\/#breadcrumb\",\"itemListElement\":[{\"@type\":\"ListItem\",\"position\":1,\"name\":\"Home\",\"item\":\"https:\\\/\\\/www.mondocamping.com\\\/fr\\\/\"},{\"@type\":\"ListItem\",\"position\":2,\"name\":\"Hospitality &#8211; Le salon de l&rsquo;hospitalit\u00e9 : du 4 au 6 juin \u00e0 BolognaFiere\"}]},{\"@type\":\"WebSite\",\"@id\":\"https:\\\/\\\/www.mondocamping.com\\\/#website\",\"url\":\"https:\\\/\\\/www.mondocamping.com\\\/\",\"name\":\"Mondo Camping\",\"description\":\"Le portail d\u00e9di\u00e9 aux gestionnaires de campings et villages touristiques\",\"publisher\":{\"@id\":\"https:\\\/\\\/www.mondocamping.com\\\/#organization\"},\"potentialAction\":[{\"@type\":\"SearchAction\",\"target\":{\"@type\":\"EntryPoint\",\"urlTemplate\":\"https:\\\/\\\/www.mondocamping.com\\\/?s={search_term_string}\"},\"query-input\":{\"@type\":\"PropertyValueSpecification\",\"valueRequired\":true,\"valueName\":\"search_term_string\"}}],\"inLanguage\":\"fr-FR\"},{\"@type\":\"Organization\",\"@id\":\"https:\\\/\\\/www.mondocamping.com\\\/#organization\",\"name\":\"Mondo Camping\",\"url\":\"https:\\\/\\\/www.mondocamping.com\\\/\",\"logo\":{\"@type\":\"ImageObject\",\"inLanguage\":\"fr-FR\",\"@id\":\"https:\\\/\\\/www.mondocamping.com\\\/#\\\/schema\\\/logo\\\/image\\\/\",\"url\":\"https:\\\/\\\/www.mondocamping.com\\\/wp-content\\\/uploads\\\/2022\\\/04\\\/mondo-camping-logo-contornato-1.png\",\"contentUrl\":\"https:\\\/\\\/www.mondocamping.com\\\/wp-content\\\/uploads\\\/2022\\\/04\\\/mondo-camping-logo-contornato-1.png\",\"width\":280,\"height\":90,\"caption\":\"Mondo Camping\"},\"image\":{\"@id\":\"https:\\\/\\\/www.mondocamping.com\\\/#\\\/schema\\\/logo\\\/image\\\/\"},\"sameAs\":[\"https:\\\/\\\/www.facebook.com\\\/mondobalneare\",\"https:\\\/\\\/x.com\\\/mondobalneare\",\"https:\\\/\\\/www.instagram.com\\\/mondobalneare\\\/\",\"https:\\\/\\\/www.linkedin.com\\\/company\\\/67180810\\\/\",\"https:\\\/\\\/www.youtube.com\\\/user\\\/mondobalnearevideo\"]},{\"@type\":\"Person\",\"@id\":\"https:\\\/\\\/www.mondocamping.com\\\/#\\\/schema\\\/person\\\/01a031b8c5ef08c2204bb0e696f0a760\",\"name\":\"Mondo Camping\",\"image\":{\"@type\":\"ImageObject\",\"inLanguage\":\"fr-FR\",\"@id\":\"https:\\\/\\\/www.mondocamping.com\\\/wp-content\\\/uploads\\\/2022\\\/05\\\/cropped-icona-MONDO-CAMPING-150x150.png\",\"url\":\"https:\\\/\\\/www.mondocamping.com\\\/wp-content\\\/uploads\\\/2022\\\/05\\\/cropped-icona-MONDO-CAMPING-150x150.png\",\"contentUrl\":\"https:\\\/\\\/www.mondocamping.com\\\/wp-content\\\/uploads\\\/2022\\\/05\\\/cropped-icona-MONDO-CAMPING-150x150.png\",\"caption\":\"Mondo Camping\"},\"sameAs\":[\"https:\\\/\\\/www.mondocamping.com\\\/\",\"https:\\\/\\\/www.facebook.com\\\/mondocamping\"]}]}<\/script>\n<!-- \/ Yoast SEO plugin. -->","yoast_head_json":{"title":"Hospitality - Le salon de l'hospitalit\u00e9 : du 4 au 6 juin \u00e0 BolognaFiere","robots":{"index":"index","follow":"follow","max-snippet":"max-snippet:-1","max-image-preview":"max-image-preview:large","max-video-preview":"max-video-preview:-1"},"canonical":"https:\/\/www.mondocamping.com\/fr\/hospitality-le-salon-de-lhospitalite-du-4-au-6-juin-a-bolognafiere\/","og_locale":"fr_FR","og_type":"article","og_title":"Hospitality - Le salon de l'hospitalit\u00e9 : du 4 au 6 juin \u00e0 BolognaFiere","og_description":"Le rideau s&rsquo;ouvre sur le principal \u00e9v\u00e9nement international d&rsquo;Italie pour l&rsquo;h\u00f4tellerie et la restauration, organis\u00e9 par Riva del Garda Fierecongressi, qui franchit une nouvelle \u00e9tape dans la promotion d&rsquo;une hospitalit\u00e9 de plus en plus inclusive. Du 4 au 6 juin, Hospitality &#8211; Il Salone dell&rsquo;Accoglienza sera pr\u00e9sent \u00e0 BolognaFiere parmi les protagonistes du We Make [&hellip;]","og_url":"https:\/\/www.mondocamping.com\/fr\/hospitality-le-salon-de-lhospitalite-du-4-au-6-juin-a-bolognafiere\/","og_site_name":"Mondo Camping","article_publisher":"https:\/\/www.facebook.com\/mondobalneare","article_author":"https:\/\/www.facebook.com\/mondocamping","article_published_time":"2025-06-03T15:55:55+00:00","article_modified_time":"2025-06-03T15:55:57+00:00","og_image":[{"width":1200,"height":628,"url":"https:\/\/www.mondocamping.com\/wp-content\/uploads\/2025\/06\/Hospitality_DI-OGNUNO-2025-2.jpg","type":"image\/jpeg"}],"author":"Mondo Camping","twitter_card":"summary_large_image","twitter_creator":"@mondobalneare","twitter_site":"@mondobalneare","twitter_misc":{"\u00c9crit par":"Mondo Camping","Dur\u00e9e de lecture estim\u00e9e":"2 minutes"},"schema":{"@context":"https:\/\/schema.org","@graph":[{"@type":"Article","@id":"https:\/\/www.mondocamping.com\/fr\/hospitality-le-salon-de-lhospitalite-du-4-au-6-juin-a-bolognafiere\/#article","isPartOf":{"@id":"https:\/\/www.mondocamping.com\/fr\/hospitality-le-salon-de-lhospitalite-du-4-au-6-juin-a-bolognafiere\/"},"author":{"name":"Mondo Camping","@id":"https:\/\/www.mondocamping.com\/#\/schema\/person\/01a031b8c5ef08c2204bb0e696f0a760"},"headline":"Hospitality &#8211; Le salon de l&rsquo;hospitalit\u00e9 : du 4 au 6 juin \u00e0 BolognaFiere","datePublished":"2025-06-03T15:55:55+00:00","dateModified":"2025-06-03T15:55:57+00:00","mainEntityOfPage":{"@id":"https:\/\/www.mondocamping.com\/fr\/hospitality-le-salon-de-lhospitalite-du-4-au-6-juin-a-bolognafiere\/"},"wordCount":515,"publisher":{"@id":"https:\/\/www.mondocamping.com\/#organization"},"image":{"@id":"https:\/\/www.mondocamping.com\/fr\/hospitality-le-salon-de-lhospitalite-du-4-au-6-juin-a-bolognafiere\/#primaryimage"},"thumbnailUrl":"https:\/\/www.mondocamping.com\/wp-content\/uploads\/2025\/06\/Hospitality_DI-OGNUNO-2025-2.jpg","keywords":["BolognaFiere","DE CHAQUE","Hospitality - Le salon de l'h\u00f4tellerie et de la restauration","l'inclusivit\u00e9","Lombardini22","r\u00e9ception","Riva del Garda Fierecongressi","Un village pour tous - V4A"],"articleSection":["Actualit\u00e9"],"inLanguage":"fr-FR"},{"@type":"WebPage","@id":"https:\/\/www.mondocamping.com\/fr\/hospitality-le-salon-de-lhospitalite-du-4-au-6-juin-a-bolognafiere\/","url":"https:\/\/www.mondocamping.com\/fr\/hospitality-le-salon-de-lhospitalite-du-4-au-6-juin-a-bolognafiere\/","name":"Hospitality - Le salon de l'hospitalit\u00e9 : du 4 au 6 juin \u00e0 BolognaFiere","isPartOf":{"@id":"https:\/\/www.mondocamping.com\/#website"},"primaryImageOfPage":{"@id":"https:\/\/www.mondocamping.com\/fr\/hospitality-le-salon-de-lhospitalite-du-4-au-6-juin-a-bolognafiere\/#primaryimage"},"image":{"@id":"https:\/\/www.mondocamping.com\/fr\/hospitality-le-salon-de-lhospitalite-du-4-au-6-juin-a-bolognafiere\/#primaryimage"},"thumbnailUrl":"https:\/\/www.mondocamping.com\/wp-content\/uploads\/2025\/06\/Hospitality_DI-OGNUNO-2025-2.jpg","datePublished":"2025-06-03T15:55:55+00:00","dateModified":"2025-06-03T15:55:57+00:00","breadcrumb":{"@id":"https:\/\/www.mondocamping.com\/fr\/hospitality-le-salon-de-lhospitalite-du-4-au-6-juin-a-bolognafiere\/#breadcrumb"},"inLanguage":"fr-FR","potentialAction":[{"@type":"ReadAction","target":["https:\/\/www.mondocamping.com\/fr\/hospitality-le-salon-de-lhospitalite-du-4-au-6-juin-a-bolognafiere\/"]}]},{"@type":"ImageObject","inLanguage":"fr-FR","@id":"https:\/\/www.mondocamping.com\/fr\/hospitality-le-salon-de-lhospitalite-du-4-au-6-juin-a-bolognafiere\/#primaryimage","url":"https:\/\/www.mondocamping.com\/wp-content\/uploads\/2025\/06\/Hospitality_DI-OGNUNO-2025-2.jpg","contentUrl":"https:\/\/www.mondocamping.com\/wp-content\/uploads\/2025\/06\/Hospitality_DI-OGNUNO-2025-2.jpg","width":1200,"height":628},{"@type":"BreadcrumbList","@id":"https:\/\/www.mondocamping.com\/fr\/hospitality-le-salon-de-lhospitalite-du-4-au-6-juin-a-bolognafiere\/#breadcrumb","itemListElement":[{"@type":"ListItem","position":1,"name":"Home","item":"https:\/\/www.mondocamping.com\/fr\/"},{"@type":"ListItem","position":2,"name":"Hospitality &#8211; Le salon de l&rsquo;hospitalit\u00e9 : du 4 au 6 juin \u00e0 BolognaFiere"}]},{"@type":"WebSite","@id":"https:\/\/www.mondocamping.com\/#website","url":"https:\/\/www.mondocamping.com\/","name":"Mondo Camping","description":"Le portail d\u00e9di\u00e9 aux gestionnaires de campings et villages touristiques","publisher":{"@id":"https:\/\/www.mondocamping.com\/#organization"},"potentialAction":[{"@type":"SearchAction","target":{"@type":"EntryPoint","urlTemplate":"https:\/\/www.mondocamping.com\/?s={search_term_string}"},"query-input":{"@type":"PropertyValueSpecification","valueRequired":true,"valueName":"search_term_string"}}],"inLanguage":"fr-FR"},{"@type":"Organization","@id":"https:\/\/www.mondocamping.com\/#organization","name":"Mondo Camping","url":"https:\/\/www.mondocamping.com\/","logo":{"@type":"ImageObject","inLanguage":"fr-FR","@id":"https:\/\/www.mondocamping.com\/#\/schema\/logo\/image\/","url":"https:\/\/www.mondocamping.com\/wp-content\/uploads\/2022\/04\/mondo-camping-logo-contornato-1.png","contentUrl":"https:\/\/www.mondocamping.com\/wp-content\/uploads\/2022\/04\/mondo-camping-logo-contornato-1.png","width":280,"height":90,"caption":"Mondo Camping"},"image":{"@id":"https:\/\/www.mondocamping.com\/#\/schema\/logo\/image\/"},"sameAs":["https:\/\/www.facebook.com\/mondobalneare","https:\/\/x.com\/mondobalneare","https:\/\/www.instagram.com\/mondobalneare\/","https:\/\/www.linkedin.com\/company\/67180810\/","https:\/\/www.youtube.com\/user\/mondobalnearevideo"]},{"@type":"Person","@id":"https:\/\/www.mondocamping.com\/#\/schema\/person\/01a031b8c5ef08c2204bb0e696f0a760","name":"Mondo Camping","image":{"@type":"ImageObject","inLanguage":"fr-FR","@id":"https:\/\/www.mondocamping.com\/wp-content\/uploads\/2022\/05\/cropped-icona-MONDO-CAMPING-150x150.png","url":"https:\/\/www.mondocamping.com\/wp-content\/uploads\/2022\/05\/cropped-icona-MONDO-CAMPING-150x150.png","contentUrl":"https:\/\/www.mondocamping.com\/wp-content\/uploads\/2022\/05\/cropped-icona-MONDO-CAMPING-150x150.png","caption":"Mondo Camping"},"sameAs":["https:\/\/www.mondocamping.com\/","https:\/\/www.facebook.com\/mondocamping"]}]}},"_links":{"self":[{"href":"https:\/\/www.mondocamping.com\/fr\/wp-json\/wp\/v2\/posts\/174424","targetHints":{"allow":["GET"]}}],"collection":[{"href":"https:\/\/www.mondocamping.com\/fr\/wp-json\/wp\/v2\/posts"}],"about":[{"href":"https:\/\/www.mondocamping.com\/fr\/wp-json\/wp\/v2\/types\/post"}],"author":[{"embeddable":true,"href":"https:\/\/www.mondocamping.com\/fr\/wp-json\/wp\/v2\/users\/5"}],"replies":[{"embeddable":true,"href":"https:\/\/www.mondocamping.com\/fr\/wp-json\/wp\/v2\/comments?post=174424"}],"version-history":[{"count":1,"href":"https:\/\/www.mondocamping.com\/fr\/wp-json\/wp\/v2\/posts\/174424\/revisions"}],"predecessor-version":[{"id":174425,"href":"https:\/\/www.mondocamping.com\/fr\/wp-json\/wp\/v2\/posts\/174424\/revisions\/174425"}],"wp:featuredmedia":[{"embeddable":true,"href":"https:\/\/www.mondocamping.com\/fr\/wp-json\/wp\/v2\/media\/174418"}],"wp:attachment":[{"href":"https:\/\/www.mondocamping.com\/fr\/wp-json\/wp\/v2\/media?parent=174424"}],"wp:term":[{"taxonomy":"category","embeddable":true,"href":"https:\/\/www.mondocamping.com\/fr\/wp-json\/wp\/v2\/categories?post=174424"},{"taxonomy":"post_tag","embeddable":true,"href":"https:\/\/www.mondocamping.com\/fr\/wp-json\/wp\/v2\/tags?post=174424"}],"curies":[{"name":"wp","href":"https:\/\/api.w.org\/{rel}","templated":true}]}}