{"id":174473,"date":"2025-06-09T10:16:36","date_gmt":"2025-06-09T08:16:36","guid":{"rendered":"https:\/\/www.mondocamping.com\/le-laureat-du-prix-de-lhospitalite-inclusivite-et-hospitalite-2025\/"},"modified":"2025-06-09T10:16:37","modified_gmt":"2025-06-09T08:16:37","slug":"le-laureat-du-prix-de-lhospitalite-inclusivite-et-hospitalite-2025","status":"publish","type":"post","link":"https:\/\/www.mondocamping.com\/fr\/le-laureat-du-prix-de-lhospitalite-inclusivite-et-hospitalite-2025\/","title":{"rendered":"Le laur\u00e9at du prix de l&rsquo;hospitalit\u00e9 &#8211; Inclusivit\u00e9 et hospitalit\u00e9 2025"},"content":{"rendered":"\n<p>La semaine derni\u00e8re a eu lieu l \u00ab <strong>Hospitality Award &#8211; Inclusiveness and Hospitality, <\/strong>le principal \u00e9v\u00e9nement international pour l&rsquo;h\u00f4tellerie et la restauration en Italie, organis\u00e9 par <strong>Riva del Garda Fierecongressi<\/strong>. L \u00bb \u00e9v\u00e9nement a confirm\u00e9 un changement de direction de plus en plus \u00e9vident dans le secteur de l&rsquo;h\u00f4tellerie, qui inclut aussi pleinement le monde du camping avec des propositions de plus en plus conscientes, inclusives et durables.   <\/p>\n\n<p>La <strong>c\u00e9r\u00e9monie de remise des prix du meilleur projet \u00ab\u00a0Hospitality Award &#8211; Inclusiveness and Hospitality\u00a0\u00bb, qui<\/strong> s&rsquo;est d\u00e9roul\u00e9e le vendredi 6 juin, a fait partie du riche calendrier d&rsquo;\u00e9v\u00e9nements. Le prix a \u00e9t\u00e9 d\u00e9cern\u00e9 \u00e0<strong>\u00ab\u00a0L&rsquo;Insolito Posto : dove l&rsquo;accoglienza \u00e8 per tutti\u00a0\u00bb (Le lieu insolite : o\u00f9 l&rsquo;hospitalit\u00e9 est pour tous), la<\/strong> maison de vacances sociale de Saonara, dans la province de Padoue, con\u00e7ue pour garantir une hospitalit\u00e9 accessible \u00e0 tous. Le prix a \u00e9t\u00e9 remis \u00e0<strong> Pierluigi Don\u00e1 et Nelda Sanavia<\/strong>,  <strong> <\/strong>respectivement pr\u00e9sident et vice-pr\u00e9sident de la coop\u00e9rative sociale Il Glicine \u00e0 L&rsquo;insolito Posto<em>.<\/em><\/p>\n\n<p>Le concours a \u00e9t\u00e9 con\u00e7u par le salon Hospitality en collaboration avec le WMF pour donner de la visibilit\u00e9 \u00e0 des projets concrets capables de faire tomber les barri\u00e8res (physiques, sensorielles, cognitives, alimentaires et culturelles), et pour donner de l&rsquo;espace \u00e0 des contextes o\u00f9 l&rsquo;autonomie, le confort et la dignit\u00e9 de l&rsquo;h\u00f4te sont au centre des pr\u00e9occupations. Parmi les nombreux projets en comp\u00e9tition figurent \u00e9galement ceux de nombreux campings, des structures de plus en plus inclusives et sensibilis\u00e9es.   <\/p>\n\n<p>Les projets ont \u00e9t\u00e9 \u00e9valu\u00e9s par un jury compos\u00e9 de <strong>Giovanna Voltolini<\/strong>, Exhibition Manager of Hospitality &#8211; Il Salone dell&rsquo;Accoglienza, <strong>Roberto Vitali,<\/strong> CEO et cofondateur de Village for all &#8211; V4A\u00ae, et <strong>Domenico Castaldo<\/strong>, Innovation Manager of Search On Media Group, qui a soigneusement \u00e9valu\u00e9 : l&rsquo;impact concret sur l&rsquo;accessibilit\u00e9 et l&rsquo;inclusivit\u00e9 pour les invit\u00e9s ; le degr\u00e9 d&rsquo;innovation technologique, manag\u00e9riale ou exp\u00e9rientielle ; la durabilit\u00e9 et la reproductibilit\u00e9 du mod\u00e8le propos\u00e9 ; la qualit\u00e9 de la communication du projet.  <\/p>\n\n<p><strong>Alessandra Albarelli, <\/strong>directrice g\u00e9n\u00e9rale de Riva del Garda Fierecongressi, l&rsquo;organisateur du salon de l&rsquo;hospitalit\u00e9, explique<em>: \u00ab\u00a0Nous avons lanc\u00e9 ce concours pour stimuler une transformation culturelle dans le secteur HoReCa, en promouvant une approche plus \u00e9quitable, plus responsable et plus innovante de l&rsquo;hospitalit\u00e9. <\/em> La r\u00e9ponse a \u00e9t\u00e9 que de nombreux \u00e9tablissements \u00e9taient de plus en plus en phase avec ces priorit\u00e9s, un changement de direction de plus en plus \u00e9vident dans le secteur.  <\/p>\n\n<p><\/p>\n","protected":false},"excerpt":{"rendered":"<p>La semaine derni\u00e8re a eu lieu l \u00ab Hospitality Award &#8211; Inclusiveness and Hospitality, le principal \u00e9v\u00e9nement international pour l&rsquo;h\u00f4tellerie et la restauration en Italie, organis\u00e9 par Riva del Garda Fierecongressi. L \u00bb \u00e9v\u00e9nement a confirm\u00e9 un changement de direction de plus en plus \u00e9vident dans le secteur de l&rsquo;h\u00f4tellerie, qui inclut aussi pleinement le [&hellip;]<\/p>\n","protected":false},"author":5,"featured_media":174466,"comment_status":"closed","ping_status":"closed","sticky":false,"template":"","format":"standard","meta":{"_acf_changed":false,"_monsterinsights_skip_tracking":false,"_monsterinsights_sitenote_active":false,"_monsterinsights_sitenote_note":"","_monsterinsights_sitenote_category":0,"footnotes":""},"categories":[4024],"tags":[6832,7225,7212],"class_list":["post-174473","post","type-post","status-publish","format-standard","has-post-thumbnail","hentry","category-actualite","tag-accueil-salon-de-laccueil","tag-prix-de-lhospitalite","tag-riva-del-garda-fierecongressi"],"acf":[],"yoast_head":"<!-- This site is optimized with the Yoast SEO plugin v27.5 - https:\/\/yoast.com\/product\/yoast-seo-wordpress\/ -->\n<title>Le laur\u00e9at du prix de l&#039;hospitalit\u00e9 - Inclusivit\u00e9 et hospitalit\u00e9 2025<\/title>\n<meta name=\"robots\" content=\"index, follow, max-snippet:-1, max-image-preview:large, max-video-preview:-1\" \/>\n<link rel=\"canonical\" href=\"https:\/\/www.mondocamping.com\/fr\/le-laureat-du-prix-de-lhospitalite-inclusivite-et-hospitalite-2025\/\" \/>\n<meta property=\"og:locale\" content=\"fr_FR\" \/>\n<meta property=\"og:type\" content=\"article\" \/>\n<meta property=\"og:title\" content=\"Le laur\u00e9at du prix de l&#039;hospitalit\u00e9 - Inclusivit\u00e9 et hospitalit\u00e9 2025\" \/>\n<meta property=\"og:description\" content=\"La semaine derni\u00e8re a eu lieu l \u00ab Hospitality Award &#8211; Inclusiveness and Hospitality, le principal \u00e9v\u00e9nement international pour l&rsquo;h\u00f4tellerie et la restauration en Italie, organis\u00e9 par Riva del Garda Fierecongressi. L \u00bb \u00e9v\u00e9nement a confirm\u00e9 un changement de direction de plus en plus \u00e9vident dans le secteur de l&rsquo;h\u00f4tellerie, qui inclut aussi pleinement le [&hellip;]\" \/>\n<meta property=\"og:url\" content=\"https:\/\/www.mondocamping.com\/fr\/le-laureat-du-prix-de-lhospitalite-inclusivite-et-hospitalite-2025\/\" \/>\n<meta property=\"og:site_name\" content=\"Mondo Camping\" \/>\n<meta property=\"article:publisher\" content=\"https:\/\/www.facebook.com\/mondobalneare\" \/>\n<meta property=\"article:author\" content=\"https:\/\/www.facebook.com\/mondocamping\" \/>\n<meta property=\"article:published_time\" content=\"2025-06-09T08:16:36+00:00\" \/>\n<meta property=\"article:modified_time\" content=\"2025-06-09T08:16:37+00:00\" \/>\n<meta property=\"og:image\" content=\"https:\/\/www.mondocamping.com\/wp-content\/uploads\/2025\/06\/Prem_Hospitality-Award_da-sx_Roberto-Vitali_Nelda-Sanavia_Pierluigi-Dona_Alessandra-Albarelli_Domenico-Castaldo-2.jpg\" \/>\n\t<meta property=\"og:image:width\" content=\"1200\" \/>\n\t<meta property=\"og:image:height\" content=\"628\" \/>\n\t<meta property=\"og:image:type\" content=\"image\/jpeg\" \/>\n<meta name=\"author\" content=\"Mondo Camping\" \/>\n<meta name=\"twitter:card\" content=\"summary_large_image\" \/>\n<meta name=\"twitter:creator\" content=\"@mondobalneare\" \/>\n<meta name=\"twitter:site\" content=\"@mondobalneare\" \/>\n<meta name=\"twitter:label1\" content=\"\u00c9crit par\" \/>\n\t<meta name=\"twitter:data1\" content=\"Mondo Camping\" \/>\n\t<meta name=\"twitter:label2\" content=\"Dur\u00e9e de lecture estim\u00e9e\" \/>\n\t<meta name=\"twitter:data2\" content=\"2 minutes\" \/>\n<script type=\"application\/ld+json\" class=\"yoast-schema-graph\">{\"@context\":\"https:\\\/\\\/schema.org\",\"@graph\":[{\"@type\":\"Article\",\"@id\":\"https:\\\/\\\/www.mondocamping.com\\\/fr\\\/le-laureat-du-prix-de-lhospitalite-inclusivite-et-hospitalite-2025\\\/#article\",\"isPartOf\":{\"@id\":\"https:\\\/\\\/www.mondocamping.com\\\/fr\\\/le-laureat-du-prix-de-lhospitalite-inclusivite-et-hospitalite-2025\\\/\"},\"author\":{\"name\":\"Mondo Camping\",\"@id\":\"https:\\\/\\\/www.mondocamping.com\\\/#\\\/schema\\\/person\\\/01a031b8c5ef08c2204bb0e696f0a760\"},\"headline\":\"Le laur\u00e9at du prix de l&rsquo;hospitalit\u00e9 &#8211; Inclusivit\u00e9 et hospitalit\u00e9 2025\",\"datePublished\":\"2025-06-09T08:16:36+00:00\",\"dateModified\":\"2025-06-09T08:16:37+00:00\",\"mainEntityOfPage\":{\"@id\":\"https:\\\/\\\/www.mondocamping.com\\\/fr\\\/le-laureat-du-prix-de-lhospitalite-inclusivite-et-hospitalite-2025\\\/\"},\"wordCount\":441,\"publisher\":{\"@id\":\"https:\\\/\\\/www.mondocamping.com\\\/#organization\"},\"image\":{\"@id\":\"https:\\\/\\\/www.mondocamping.com\\\/fr\\\/le-laureat-du-prix-de-lhospitalite-inclusivite-et-hospitalite-2025\\\/#primaryimage\"},\"thumbnailUrl\":\"https:\\\/\\\/www.mondocamping.com\\\/wp-content\\\/uploads\\\/2025\\\/06\\\/Prem_Hospitality-Award_da-sx_Roberto-Vitali_Nelda-Sanavia_Pierluigi-Dona_Alessandra-Albarelli_Domenico-Castaldo-2.jpg\",\"keywords\":[\"Accueil - Salon de l'accueil\",\"Prix de l'hospitalit\u00e9\",\"Riva del Garda Fierecongressi\"],\"articleSection\":[\"Actualit\u00e9\"],\"inLanguage\":\"fr-FR\"},{\"@type\":\"WebPage\",\"@id\":\"https:\\\/\\\/www.mondocamping.com\\\/fr\\\/le-laureat-du-prix-de-lhospitalite-inclusivite-et-hospitalite-2025\\\/\",\"url\":\"https:\\\/\\\/www.mondocamping.com\\\/fr\\\/le-laureat-du-prix-de-lhospitalite-inclusivite-et-hospitalite-2025\\\/\",\"name\":\"Le laur\u00e9at du prix de l'hospitalit\u00e9 - Inclusivit\u00e9 et hospitalit\u00e9 2025\",\"isPartOf\":{\"@id\":\"https:\\\/\\\/www.mondocamping.com\\\/#website\"},\"primaryImageOfPage\":{\"@id\":\"https:\\\/\\\/www.mondocamping.com\\\/fr\\\/le-laureat-du-prix-de-lhospitalite-inclusivite-et-hospitalite-2025\\\/#primaryimage\"},\"image\":{\"@id\":\"https:\\\/\\\/www.mondocamping.com\\\/fr\\\/le-laureat-du-prix-de-lhospitalite-inclusivite-et-hospitalite-2025\\\/#primaryimage\"},\"thumbnailUrl\":\"https:\\\/\\\/www.mondocamping.com\\\/wp-content\\\/uploads\\\/2025\\\/06\\\/Prem_Hospitality-Award_da-sx_Roberto-Vitali_Nelda-Sanavia_Pierluigi-Dona_Alessandra-Albarelli_Domenico-Castaldo-2.jpg\",\"datePublished\":\"2025-06-09T08:16:36+00:00\",\"dateModified\":\"2025-06-09T08:16:37+00:00\",\"breadcrumb\":{\"@id\":\"https:\\\/\\\/www.mondocamping.com\\\/fr\\\/le-laureat-du-prix-de-lhospitalite-inclusivite-et-hospitalite-2025\\\/#breadcrumb\"},\"inLanguage\":\"fr-FR\",\"potentialAction\":[{\"@type\":\"ReadAction\",\"target\":[\"https:\\\/\\\/www.mondocamping.com\\\/fr\\\/le-laureat-du-prix-de-lhospitalite-inclusivite-et-hospitalite-2025\\\/\"]}]},{\"@type\":\"ImageObject\",\"inLanguage\":\"fr-FR\",\"@id\":\"https:\\\/\\\/www.mondocamping.com\\\/fr\\\/le-laureat-du-prix-de-lhospitalite-inclusivite-et-hospitalite-2025\\\/#primaryimage\",\"url\":\"https:\\\/\\\/www.mondocamping.com\\\/wp-content\\\/uploads\\\/2025\\\/06\\\/Prem_Hospitality-Award_da-sx_Roberto-Vitali_Nelda-Sanavia_Pierluigi-Dona_Alessandra-Albarelli_Domenico-Castaldo-2.jpg\",\"contentUrl\":\"https:\\\/\\\/www.mondocamping.com\\\/wp-content\\\/uploads\\\/2025\\\/06\\\/Prem_Hospitality-Award_da-sx_Roberto-Vitali_Nelda-Sanavia_Pierluigi-Dona_Alessandra-Albarelli_Domenico-Castaldo-2.jpg\",\"width\":1200,\"height\":628},{\"@type\":\"BreadcrumbList\",\"@id\":\"https:\\\/\\\/www.mondocamping.com\\\/fr\\\/le-laureat-du-prix-de-lhospitalite-inclusivite-et-hospitalite-2025\\\/#breadcrumb\",\"itemListElement\":[{\"@type\":\"ListItem\",\"position\":1,\"name\":\"Home\",\"item\":\"https:\\\/\\\/www.mondocamping.com\\\/fr\\\/\"},{\"@type\":\"ListItem\",\"position\":2,\"name\":\"Le laur\u00e9at du prix de l&rsquo;hospitalit\u00e9 &#8211; Inclusivit\u00e9 et hospitalit\u00e9 2025\"}]},{\"@type\":\"WebSite\",\"@id\":\"https:\\\/\\\/www.mondocamping.com\\\/#website\",\"url\":\"https:\\\/\\\/www.mondocamping.com\\\/\",\"name\":\"Mondo Camping\",\"description\":\"Le portail d\u00e9di\u00e9 aux gestionnaires de campings et villages touristiques\",\"publisher\":{\"@id\":\"https:\\\/\\\/www.mondocamping.com\\\/#organization\"},\"potentialAction\":[{\"@type\":\"SearchAction\",\"target\":{\"@type\":\"EntryPoint\",\"urlTemplate\":\"https:\\\/\\\/www.mondocamping.com\\\/?s={search_term_string}\"},\"query-input\":{\"@type\":\"PropertyValueSpecification\",\"valueRequired\":true,\"valueName\":\"search_term_string\"}}],\"inLanguage\":\"fr-FR\"},{\"@type\":\"Organization\",\"@id\":\"https:\\\/\\\/www.mondocamping.com\\\/#organization\",\"name\":\"Mondo Camping\",\"url\":\"https:\\\/\\\/www.mondocamping.com\\\/\",\"logo\":{\"@type\":\"ImageObject\",\"inLanguage\":\"fr-FR\",\"@id\":\"https:\\\/\\\/www.mondocamping.com\\\/#\\\/schema\\\/logo\\\/image\\\/\",\"url\":\"https:\\\/\\\/www.mondocamping.com\\\/wp-content\\\/uploads\\\/2022\\\/04\\\/mondo-camping-logo-contornato-1.png\",\"contentUrl\":\"https:\\\/\\\/www.mondocamping.com\\\/wp-content\\\/uploads\\\/2022\\\/04\\\/mondo-camping-logo-contornato-1.png\",\"width\":280,\"height\":90,\"caption\":\"Mondo Camping\"},\"image\":{\"@id\":\"https:\\\/\\\/www.mondocamping.com\\\/#\\\/schema\\\/logo\\\/image\\\/\"},\"sameAs\":[\"https:\\\/\\\/www.facebook.com\\\/mondobalneare\",\"https:\\\/\\\/x.com\\\/mondobalneare\",\"https:\\\/\\\/www.instagram.com\\\/mondobalneare\\\/\",\"https:\\\/\\\/www.linkedin.com\\\/company\\\/67180810\\\/\",\"https:\\\/\\\/www.youtube.com\\\/user\\\/mondobalnearevideo\"]},{\"@type\":\"Person\",\"@id\":\"https:\\\/\\\/www.mondocamping.com\\\/#\\\/schema\\\/person\\\/01a031b8c5ef08c2204bb0e696f0a760\",\"name\":\"Mondo Camping\",\"image\":{\"@type\":\"ImageObject\",\"inLanguage\":\"fr-FR\",\"@id\":\"https:\\\/\\\/www.mondocamping.com\\\/wp-content\\\/uploads\\\/2022\\\/05\\\/cropped-icona-MONDO-CAMPING-150x150.png\",\"url\":\"https:\\\/\\\/www.mondocamping.com\\\/wp-content\\\/uploads\\\/2022\\\/05\\\/cropped-icona-MONDO-CAMPING-150x150.png\",\"contentUrl\":\"https:\\\/\\\/www.mondocamping.com\\\/wp-content\\\/uploads\\\/2022\\\/05\\\/cropped-icona-MONDO-CAMPING-150x150.png\",\"caption\":\"Mondo Camping\"},\"sameAs\":[\"https:\\\/\\\/www.mondocamping.com\\\/\",\"https:\\\/\\\/www.facebook.com\\\/mondocamping\"]}]}<\/script>\n<!-- \/ Yoast SEO plugin. -->","yoast_head_json":{"title":"Le laur\u00e9at du prix de l'hospitalit\u00e9 - Inclusivit\u00e9 et hospitalit\u00e9 2025","robots":{"index":"index","follow":"follow","max-snippet":"max-snippet:-1","max-image-preview":"max-image-preview:large","max-video-preview":"max-video-preview:-1"},"canonical":"https:\/\/www.mondocamping.com\/fr\/le-laureat-du-prix-de-lhospitalite-inclusivite-et-hospitalite-2025\/","og_locale":"fr_FR","og_type":"article","og_title":"Le laur\u00e9at du prix de l'hospitalit\u00e9 - Inclusivit\u00e9 et hospitalit\u00e9 2025","og_description":"La semaine derni\u00e8re a eu lieu l \u00ab Hospitality Award &#8211; Inclusiveness and Hospitality, le principal \u00e9v\u00e9nement international pour l&rsquo;h\u00f4tellerie et la restauration en Italie, organis\u00e9 par Riva del Garda Fierecongressi. L \u00bb \u00e9v\u00e9nement a confirm\u00e9 un changement de direction de plus en plus \u00e9vident dans le secteur de l&rsquo;h\u00f4tellerie, qui inclut aussi pleinement le [&hellip;]","og_url":"https:\/\/www.mondocamping.com\/fr\/le-laureat-du-prix-de-lhospitalite-inclusivite-et-hospitalite-2025\/","og_site_name":"Mondo Camping","article_publisher":"https:\/\/www.facebook.com\/mondobalneare","article_author":"https:\/\/www.facebook.com\/mondocamping","article_published_time":"2025-06-09T08:16:36+00:00","article_modified_time":"2025-06-09T08:16:37+00:00","og_image":[{"width":1200,"height":628,"url":"https:\/\/www.mondocamping.com\/wp-content\/uploads\/2025\/06\/Prem_Hospitality-Award_da-sx_Roberto-Vitali_Nelda-Sanavia_Pierluigi-Dona_Alessandra-Albarelli_Domenico-Castaldo-2.jpg","type":"image\/jpeg"}],"author":"Mondo Camping","twitter_card":"summary_large_image","twitter_creator":"@mondobalneare","twitter_site":"@mondobalneare","twitter_misc":{"\u00c9crit par":"Mondo Camping","Dur\u00e9e de lecture estim\u00e9e":"2 minutes"},"schema":{"@context":"https:\/\/schema.org","@graph":[{"@type":"Article","@id":"https:\/\/www.mondocamping.com\/fr\/le-laureat-du-prix-de-lhospitalite-inclusivite-et-hospitalite-2025\/#article","isPartOf":{"@id":"https:\/\/www.mondocamping.com\/fr\/le-laureat-du-prix-de-lhospitalite-inclusivite-et-hospitalite-2025\/"},"author":{"name":"Mondo Camping","@id":"https:\/\/www.mondocamping.com\/#\/schema\/person\/01a031b8c5ef08c2204bb0e696f0a760"},"headline":"Le laur\u00e9at du prix de l&rsquo;hospitalit\u00e9 &#8211; Inclusivit\u00e9 et hospitalit\u00e9 2025","datePublished":"2025-06-09T08:16:36+00:00","dateModified":"2025-06-09T08:16:37+00:00","mainEntityOfPage":{"@id":"https:\/\/www.mondocamping.com\/fr\/le-laureat-du-prix-de-lhospitalite-inclusivite-et-hospitalite-2025\/"},"wordCount":441,"publisher":{"@id":"https:\/\/www.mondocamping.com\/#organization"},"image":{"@id":"https:\/\/www.mondocamping.com\/fr\/le-laureat-du-prix-de-lhospitalite-inclusivite-et-hospitalite-2025\/#primaryimage"},"thumbnailUrl":"https:\/\/www.mondocamping.com\/wp-content\/uploads\/2025\/06\/Prem_Hospitality-Award_da-sx_Roberto-Vitali_Nelda-Sanavia_Pierluigi-Dona_Alessandra-Albarelli_Domenico-Castaldo-2.jpg","keywords":["Accueil - Salon de l'accueil","Prix de l'hospitalit\u00e9","Riva del Garda Fierecongressi"],"articleSection":["Actualit\u00e9"],"inLanguage":"fr-FR"},{"@type":"WebPage","@id":"https:\/\/www.mondocamping.com\/fr\/le-laureat-du-prix-de-lhospitalite-inclusivite-et-hospitalite-2025\/","url":"https:\/\/www.mondocamping.com\/fr\/le-laureat-du-prix-de-lhospitalite-inclusivite-et-hospitalite-2025\/","name":"Le laur\u00e9at du prix de l'hospitalit\u00e9 - Inclusivit\u00e9 et hospitalit\u00e9 2025","isPartOf":{"@id":"https:\/\/www.mondocamping.com\/#website"},"primaryImageOfPage":{"@id":"https:\/\/www.mondocamping.com\/fr\/le-laureat-du-prix-de-lhospitalite-inclusivite-et-hospitalite-2025\/#primaryimage"},"image":{"@id":"https:\/\/www.mondocamping.com\/fr\/le-laureat-du-prix-de-lhospitalite-inclusivite-et-hospitalite-2025\/#primaryimage"},"thumbnailUrl":"https:\/\/www.mondocamping.com\/wp-content\/uploads\/2025\/06\/Prem_Hospitality-Award_da-sx_Roberto-Vitali_Nelda-Sanavia_Pierluigi-Dona_Alessandra-Albarelli_Domenico-Castaldo-2.jpg","datePublished":"2025-06-09T08:16:36+00:00","dateModified":"2025-06-09T08:16:37+00:00","breadcrumb":{"@id":"https:\/\/www.mondocamping.com\/fr\/le-laureat-du-prix-de-lhospitalite-inclusivite-et-hospitalite-2025\/#breadcrumb"},"inLanguage":"fr-FR","potentialAction":[{"@type":"ReadAction","target":["https:\/\/www.mondocamping.com\/fr\/le-laureat-du-prix-de-lhospitalite-inclusivite-et-hospitalite-2025\/"]}]},{"@type":"ImageObject","inLanguage":"fr-FR","@id":"https:\/\/www.mondocamping.com\/fr\/le-laureat-du-prix-de-lhospitalite-inclusivite-et-hospitalite-2025\/#primaryimage","url":"https:\/\/www.mondocamping.com\/wp-content\/uploads\/2025\/06\/Prem_Hospitality-Award_da-sx_Roberto-Vitali_Nelda-Sanavia_Pierluigi-Dona_Alessandra-Albarelli_Domenico-Castaldo-2.jpg","contentUrl":"https:\/\/www.mondocamping.com\/wp-content\/uploads\/2025\/06\/Prem_Hospitality-Award_da-sx_Roberto-Vitali_Nelda-Sanavia_Pierluigi-Dona_Alessandra-Albarelli_Domenico-Castaldo-2.jpg","width":1200,"height":628},{"@type":"BreadcrumbList","@id":"https:\/\/www.mondocamping.com\/fr\/le-laureat-du-prix-de-lhospitalite-inclusivite-et-hospitalite-2025\/#breadcrumb","itemListElement":[{"@type":"ListItem","position":1,"name":"Home","item":"https:\/\/www.mondocamping.com\/fr\/"},{"@type":"ListItem","position":2,"name":"Le laur\u00e9at du prix de l&rsquo;hospitalit\u00e9 &#8211; Inclusivit\u00e9 et hospitalit\u00e9 2025"}]},{"@type":"WebSite","@id":"https:\/\/www.mondocamping.com\/#website","url":"https:\/\/www.mondocamping.com\/","name":"Mondo Camping","description":"Le portail d\u00e9di\u00e9 aux gestionnaires de campings et villages touristiques","publisher":{"@id":"https:\/\/www.mondocamping.com\/#organization"},"potentialAction":[{"@type":"SearchAction","target":{"@type":"EntryPoint","urlTemplate":"https:\/\/www.mondocamping.com\/?s={search_term_string}"},"query-input":{"@type":"PropertyValueSpecification","valueRequired":true,"valueName":"search_term_string"}}],"inLanguage":"fr-FR"},{"@type":"Organization","@id":"https:\/\/www.mondocamping.com\/#organization","name":"Mondo Camping","url":"https:\/\/www.mondocamping.com\/","logo":{"@type":"ImageObject","inLanguage":"fr-FR","@id":"https:\/\/www.mondocamping.com\/#\/schema\/logo\/image\/","url":"https:\/\/www.mondocamping.com\/wp-content\/uploads\/2022\/04\/mondo-camping-logo-contornato-1.png","contentUrl":"https:\/\/www.mondocamping.com\/wp-content\/uploads\/2022\/04\/mondo-camping-logo-contornato-1.png","width":280,"height":90,"caption":"Mondo Camping"},"image":{"@id":"https:\/\/www.mondocamping.com\/#\/schema\/logo\/image\/"},"sameAs":["https:\/\/www.facebook.com\/mondobalneare","https:\/\/x.com\/mondobalneare","https:\/\/www.instagram.com\/mondobalneare\/","https:\/\/www.linkedin.com\/company\/67180810\/","https:\/\/www.youtube.com\/user\/mondobalnearevideo"]},{"@type":"Person","@id":"https:\/\/www.mondocamping.com\/#\/schema\/person\/01a031b8c5ef08c2204bb0e696f0a760","name":"Mondo Camping","image":{"@type":"ImageObject","inLanguage":"fr-FR","@id":"https:\/\/www.mondocamping.com\/wp-content\/uploads\/2022\/05\/cropped-icona-MONDO-CAMPING-150x150.png","url":"https:\/\/www.mondocamping.com\/wp-content\/uploads\/2022\/05\/cropped-icona-MONDO-CAMPING-150x150.png","contentUrl":"https:\/\/www.mondocamping.com\/wp-content\/uploads\/2022\/05\/cropped-icona-MONDO-CAMPING-150x150.png","caption":"Mondo Camping"},"sameAs":["https:\/\/www.mondocamping.com\/","https:\/\/www.facebook.com\/mondocamping"]}]}},"_links":{"self":[{"href":"https:\/\/www.mondocamping.com\/fr\/wp-json\/wp\/v2\/posts\/174473","targetHints":{"allow":["GET"]}}],"collection":[{"href":"https:\/\/www.mondocamping.com\/fr\/wp-json\/wp\/v2\/posts"}],"about":[{"href":"https:\/\/www.mondocamping.com\/fr\/wp-json\/wp\/v2\/types\/post"}],"author":[{"embeddable":true,"href":"https:\/\/www.mondocamping.com\/fr\/wp-json\/wp\/v2\/users\/5"}],"replies":[{"embeddable":true,"href":"https:\/\/www.mondocamping.com\/fr\/wp-json\/wp\/v2\/comments?post=174473"}],"version-history":[{"count":1,"href":"https:\/\/www.mondocamping.com\/fr\/wp-json\/wp\/v2\/posts\/174473\/revisions"}],"predecessor-version":[{"id":174474,"href":"https:\/\/www.mondocamping.com\/fr\/wp-json\/wp\/v2\/posts\/174473\/revisions\/174474"}],"wp:featuredmedia":[{"embeddable":true,"href":"https:\/\/www.mondocamping.com\/fr\/wp-json\/wp\/v2\/media\/174466"}],"wp:attachment":[{"href":"https:\/\/www.mondocamping.com\/fr\/wp-json\/wp\/v2\/media?parent=174473"}],"wp:term":[{"taxonomy":"category","embeddable":true,"href":"https:\/\/www.mondocamping.com\/fr\/wp-json\/wp\/v2\/categories?post=174473"},{"taxonomy":"post_tag","embeddable":true,"href":"https:\/\/www.mondocamping.com\/fr\/wp-json\/wp\/v2\/tags?post=174473"}],"curies":[{"name":"wp","href":"https:\/\/api.w.org\/{rel}","templated":true}]}}