{"id":174571,"date":"2025-06-16T17:43:10","date_gmt":"2025-06-16T15:43:10","guid":{"rendered":"https:\/\/www.mondocamping.com\/les-vacances-en-plein-air-sont-en-hausse-selon-la-faita-lete-2025-atteindra-73-millions-de-presences\/"},"modified":"2025-06-16T17:43:13","modified_gmt":"2025-06-16T15:43:13","slug":"les-vacances-en-plein-air-sont-en-hausse-selon-la-faita-lete-2025-atteindra-73-millions-de-presences","status":"publish","type":"post","link":"https:\/\/www.mondocamping.com\/fr\/les-vacances-en-plein-air-sont-en-hausse-selon-la-faita-lete-2025-atteindra-73-millions-de-presences\/","title":{"rendered":"Les vacances en plein air sont en hausse : selon la FAITA, l&rsquo;\u00e9t\u00e9 2025 atteindra 73 millions de pr\u00e9sences."},"content":{"rendered":"\n<p><br\/>Un s\u00e9jour de plus en plus immersif et de qualit\u00e9 sont des aspects qui influencent les r\u00e9sultats qui, pour cette saison estivale 2025, semblent \u00eatre positifs. C&rsquo;est ce qu&rsquo;affirme <strong>FAITA Federcamping<\/strong>, sur la base d&rsquo;analyses <em> <\/em>\u00e9labor\u00e9e par le<strong> centre de recherche CISET de l \u00ab <\/strong>universit\u00e9 Ca \u00bb Foscari de Venise sur un \u00e9chantillon de plus de 200 entreprises.  <\/p>\n\n<p>L \u00ab \u00e9tude a pris en compte l \u00bb \u00e9volution des r\u00e9servations et des taux d&rsquo;occupation enregistr\u00e9s jusqu \u00ab \u00e0 la mi-mai, qui pr\u00e9voient en fin de saison une augmentation moyenne des arriv\u00e9es et des pr\u00e9sences de <strong>+1,3% et +1,4%<\/strong> respectivement <strong> par rapport \u00e0 l \u00bb \u00e9t\u00e9 2024<\/strong>. La croissance est donc estim\u00e9e \u00e0 <strong>73 millions de pr\u00e9sences dans les structures de plein air italiennes <\/strong>.   <\/p>\n\n<p>Comme l&rsquo;indique la FAITA :<em>\u00a0\u00bb En chiffres absolus, la saison 2024 a enregistr\u00e9 dans les quelque 2 600 entreprises du secteur offrant 1,3 million de lits par jour, 11 millions d&rsquo;arriv\u00e9es, dont 52 % en provenance de l&rsquo;\u00e9tranger, pour plus de 72 millions de pr\u00e9sences, avec un s\u00e9jour moyen de 6,5 nuits par client.<\/em> <\/p>\n\n<p><strong>Alberto Granzotto<\/strong>, pr\u00e9sident de FAITA Federcamping, d\u00e9clare : \u00ab\u00a0&#8230;<em>Aujourd&rsquo;hui, les vacances en contact \u00e9troit avec la nature ont tout le confort et les principes d&rsquo;un luxe compris comme la durabilit\u00e9 environnementale, l&rsquo;accessibilit\u00e9 et la qualit\u00e9 des services. Le succ\u00e8s des entreprises italiennes de plein air, qui repr\u00e9sentent aujourd&rsquo;hui un mod\u00e8le au niveau europ\u00e9en, repose avant tout sur ces fondements <\/em>\u00ab\u00a0.<\/p>\n\n<p>Selon l&rsquo;un des axes de l&rsquo;analyse CISET, le <strong>long des c\u00f4tes italiennes<\/strong>, les flux totaux devraient augmenter de pr\u00e8s de <strong>+2%<\/strong> par rapport \u00e0 l&rsquo;\u00e9t\u00e9 2024, et le chiffre d&rsquo;affaires de +1%, bien que la croissance attendue des prix soit d&rsquo;environ +2%. Le Nord-Est se taille la part du lion, se confirmant comme la zone ayant la tendance la plus positive en Italie. <\/p>\n\n<p>Le <strong>taux d&rsquo;occupation<\/strong> des structures de plein air italiennes \u00e9volue \u00e9galement en fonction du mois : <strong>55% en juillet et 66% en ao\u00fbt.<\/strong> La tendance pour la \u00ab basse saison \u00bb est \u00e9galement \u00e0 la hausse, avec un taux d&rsquo;occupation moyen de <strong>31%<\/strong> en septembre et de <strong>12% en octobre<\/strong>.   <\/p>\n\n<p><\/p>\n","protected":false},"excerpt":{"rendered":"<p>Un s\u00e9jour de plus en plus immersif et de qualit\u00e9 sont des aspects qui influencent les r\u00e9sultats qui, pour cette saison estivale 2025, semblent \u00eatre positifs. C&rsquo;est ce qu&rsquo;affirme FAITA Federcamping, sur la base d&rsquo;analyses \u00e9labor\u00e9e par le centre de recherche CISET de l \u00ab universit\u00e9 Ca \u00bb Foscari de Venise sur un \u00e9chantillon de [&hellip;]<\/p>\n","protected":false},"author":5,"featured_media":174564,"comment_status":"closed","ping_status":"closed","sticky":false,"template":"","format":"standard","meta":{"_acf_changed":false,"_monsterinsights_skip_tracking":false,"_monsterinsights_sitenote_active":false,"_monsterinsights_sitenote_note":"","_monsterinsights_sitenote_category":0,"footnotes":""},"categories":[4024],"tags":[2603,4078,3753,4210,7000,7068,6851,7243],"class_list":["post-174571","post","type-post","status-publish","format-standard","has-post-thumbnail","hentry","category-actualite","tag-alberto-granzotto","tag-alberto-granzotto-fr","tag-camping","tag-camping-fr-2","tag-faita-fedecamping","tag-faita-fedecamping-fr","tag-lair-libre","tag-vacances-en-plein-air"],"acf":[],"yoast_head":"<!-- This site is optimized with the Yoast SEO plugin v27.5 - https:\/\/yoast.com\/product\/yoast-seo-wordpress\/ -->\n<title>Les vacances en plein air sont en hausse : selon la FAITA, l&#039;\u00e9t\u00e9 2025 atteindra 73 millions de pr\u00e9sences.<\/title>\n<meta name=\"robots\" content=\"index, follow, max-snippet:-1, max-image-preview:large, max-video-preview:-1\" \/>\n<link rel=\"canonical\" href=\"https:\/\/www.mondocamping.com\/fr\/les-vacances-en-plein-air-sont-en-hausse-selon-la-faita-lete-2025-atteindra-73-millions-de-presences\/\" \/>\n<meta property=\"og:locale\" content=\"fr_FR\" \/>\n<meta property=\"og:type\" content=\"article\" \/>\n<meta property=\"og:title\" content=\"Les vacances en plein air sont en hausse : selon la FAITA, l&#039;\u00e9t\u00e9 2025 atteindra 73 millions de pr\u00e9sences.\" \/>\n<meta property=\"og:description\" content=\"Un s\u00e9jour de plus en plus immersif et de qualit\u00e9 sont des aspects qui influencent les r\u00e9sultats qui, pour cette saison estivale 2025, semblent \u00eatre positifs. C&rsquo;est ce qu&rsquo;affirme FAITA Federcamping, sur la base d&rsquo;analyses \u00e9labor\u00e9e par le centre de recherche CISET de l \u00ab universit\u00e9 Ca \u00bb Foscari de Venise sur un \u00e9chantillon de [&hellip;]\" \/>\n<meta property=\"og:url\" content=\"https:\/\/www.mondocamping.com\/fr\/les-vacances-en-plein-air-sont-en-hausse-selon-la-faita-lete-2025-atteindra-73-millions-de-presences\/\" \/>\n<meta property=\"og:site_name\" content=\"Mondo Camping\" \/>\n<meta property=\"article:publisher\" content=\"https:\/\/www.facebook.com\/mondobalneare\" \/>\n<meta property=\"article:author\" content=\"https:\/\/www.facebook.com\/mondocamping\" \/>\n<meta property=\"article:published_time\" content=\"2025-06-16T15:43:10+00:00\" \/>\n<meta property=\"article:modified_time\" content=\"2025-06-16T15:43:13+00:00\" \/>\n<meta property=\"og:image\" content=\"https:\/\/www.mondocamping.com\/wp-content\/uploads\/2025\/06\/brooks-rice-8-jqqr-rpo0-unsplash-2.jpg\" \/>\n\t<meta property=\"og:image:width\" content=\"1200\" \/>\n\t<meta property=\"og:image:height\" content=\"628\" \/>\n\t<meta property=\"og:image:type\" content=\"image\/jpeg\" \/>\n<meta name=\"author\" content=\"Mondo Camping\" \/>\n<meta name=\"twitter:card\" content=\"summary_large_image\" \/>\n<meta name=\"twitter:creator\" content=\"@mondobalneare\" \/>\n<meta name=\"twitter:site\" content=\"@mondobalneare\" \/>\n<meta name=\"twitter:label1\" content=\"\u00c9crit par\" \/>\n\t<meta name=\"twitter:data1\" content=\"Mondo Camping\" \/>\n\t<meta name=\"twitter:label2\" content=\"Dur\u00e9e de lecture estim\u00e9e\" \/>\n\t<meta name=\"twitter:data2\" content=\"2 minutes\" \/>\n<script type=\"application\/ld+json\" class=\"yoast-schema-graph\">{\"@context\":\"https:\\\/\\\/schema.org\",\"@graph\":[{\"@type\":\"Article\",\"@id\":\"https:\\\/\\\/www.mondocamping.com\\\/fr\\\/les-vacances-en-plein-air-sont-en-hausse-selon-la-faita-lete-2025-atteindra-73-millions-de-presences\\\/#article\",\"isPartOf\":{\"@id\":\"https:\\\/\\\/www.mondocamping.com\\\/fr\\\/les-vacances-en-plein-air-sont-en-hausse-selon-la-faita-lete-2025-atteindra-73-millions-de-presences\\\/\"},\"author\":{\"name\":\"Mondo Camping\",\"@id\":\"https:\\\/\\\/www.mondocamping.com\\\/#\\\/schema\\\/person\\\/01a031b8c5ef08c2204bb0e696f0a760\"},\"headline\":\"Les vacances en plein air sont en hausse : selon la FAITA, l&rsquo;\u00e9t\u00e9 2025 atteindra 73 millions de pr\u00e9sences.\",\"datePublished\":\"2025-06-16T15:43:10+00:00\",\"dateModified\":\"2025-06-16T15:43:13+00:00\",\"mainEntityOfPage\":{\"@id\":\"https:\\\/\\\/www.mondocamping.com\\\/fr\\\/les-vacances-en-plein-air-sont-en-hausse-selon-la-faita-lete-2025-atteindra-73-millions-de-presences\\\/\"},\"wordCount\":369,\"publisher\":{\"@id\":\"https:\\\/\\\/www.mondocamping.com\\\/#organization\"},\"image\":{\"@id\":\"https:\\\/\\\/www.mondocamping.com\\\/fr\\\/les-vacances-en-plein-air-sont-en-hausse-selon-la-faita-lete-2025-atteindra-73-millions-de-presences\\\/#primaryimage\"},\"thumbnailUrl\":\"https:\\\/\\\/www.mondocamping.com\\\/wp-content\\\/uploads\\\/2025\\\/06\\\/brooks-rice-8-jqqr-rpo0-unsplash-2.jpg\",\"keywords\":[\"Alberto Granzotto\",\"Alberto Granzotto\",\"camping\",\"camping\",\"FAITA Fedecamping\",\"FAITA Fedecamping\",\"l'air libre\",\"vacances en plein air\"],\"articleSection\":[\"Actualit\u00e9\"],\"inLanguage\":\"fr-FR\"},{\"@type\":\"WebPage\",\"@id\":\"https:\\\/\\\/www.mondocamping.com\\\/fr\\\/les-vacances-en-plein-air-sont-en-hausse-selon-la-faita-lete-2025-atteindra-73-millions-de-presences\\\/\",\"url\":\"https:\\\/\\\/www.mondocamping.com\\\/fr\\\/les-vacances-en-plein-air-sont-en-hausse-selon-la-faita-lete-2025-atteindra-73-millions-de-presences\\\/\",\"name\":\"Les vacances en plein air sont en hausse : selon la FAITA, l'\u00e9t\u00e9 2025 atteindra 73 millions de pr\u00e9sences.\",\"isPartOf\":{\"@id\":\"https:\\\/\\\/www.mondocamping.com\\\/#website\"},\"primaryImageOfPage\":{\"@id\":\"https:\\\/\\\/www.mondocamping.com\\\/fr\\\/les-vacances-en-plein-air-sont-en-hausse-selon-la-faita-lete-2025-atteindra-73-millions-de-presences\\\/#primaryimage\"},\"image\":{\"@id\":\"https:\\\/\\\/www.mondocamping.com\\\/fr\\\/les-vacances-en-plein-air-sont-en-hausse-selon-la-faita-lete-2025-atteindra-73-millions-de-presences\\\/#primaryimage\"},\"thumbnailUrl\":\"https:\\\/\\\/www.mondocamping.com\\\/wp-content\\\/uploads\\\/2025\\\/06\\\/brooks-rice-8-jqqr-rpo0-unsplash-2.jpg\",\"datePublished\":\"2025-06-16T15:43:10+00:00\",\"dateModified\":\"2025-06-16T15:43:13+00:00\",\"breadcrumb\":{\"@id\":\"https:\\\/\\\/www.mondocamping.com\\\/fr\\\/les-vacances-en-plein-air-sont-en-hausse-selon-la-faita-lete-2025-atteindra-73-millions-de-presences\\\/#breadcrumb\"},\"inLanguage\":\"fr-FR\",\"potentialAction\":[{\"@type\":\"ReadAction\",\"target\":[\"https:\\\/\\\/www.mondocamping.com\\\/fr\\\/les-vacances-en-plein-air-sont-en-hausse-selon-la-faita-lete-2025-atteindra-73-millions-de-presences\\\/\"]}]},{\"@type\":\"ImageObject\",\"inLanguage\":\"fr-FR\",\"@id\":\"https:\\\/\\\/www.mondocamping.com\\\/fr\\\/les-vacances-en-plein-air-sont-en-hausse-selon-la-faita-lete-2025-atteindra-73-millions-de-presences\\\/#primaryimage\",\"url\":\"https:\\\/\\\/www.mondocamping.com\\\/wp-content\\\/uploads\\\/2025\\\/06\\\/brooks-rice-8-jqqr-rpo0-unsplash-2.jpg\",\"contentUrl\":\"https:\\\/\\\/www.mondocamping.com\\\/wp-content\\\/uploads\\\/2025\\\/06\\\/brooks-rice-8-jqqr-rpo0-unsplash-2.jpg\",\"width\":1200,\"height\":628},{\"@type\":\"BreadcrumbList\",\"@id\":\"https:\\\/\\\/www.mondocamping.com\\\/fr\\\/les-vacances-en-plein-air-sont-en-hausse-selon-la-faita-lete-2025-atteindra-73-millions-de-presences\\\/#breadcrumb\",\"itemListElement\":[{\"@type\":\"ListItem\",\"position\":1,\"name\":\"Home\",\"item\":\"https:\\\/\\\/www.mondocamping.com\\\/fr\\\/\"},{\"@type\":\"ListItem\",\"position\":2,\"name\":\"Les vacances en plein air sont en hausse : selon la FAITA, l&rsquo;\u00e9t\u00e9 2025 atteindra 73 millions de pr\u00e9sences.\"}]},{\"@type\":\"WebSite\",\"@id\":\"https:\\\/\\\/www.mondocamping.com\\\/#website\",\"url\":\"https:\\\/\\\/www.mondocamping.com\\\/\",\"name\":\"Mondo Camping\",\"description\":\"Le portail d\u00e9di\u00e9 aux gestionnaires de campings et villages touristiques\",\"publisher\":{\"@id\":\"https:\\\/\\\/www.mondocamping.com\\\/#organization\"},\"potentialAction\":[{\"@type\":\"SearchAction\",\"target\":{\"@type\":\"EntryPoint\",\"urlTemplate\":\"https:\\\/\\\/www.mondocamping.com\\\/?s={search_term_string}\"},\"query-input\":{\"@type\":\"PropertyValueSpecification\",\"valueRequired\":true,\"valueName\":\"search_term_string\"}}],\"inLanguage\":\"fr-FR\"},{\"@type\":\"Organization\",\"@id\":\"https:\\\/\\\/www.mondocamping.com\\\/#organization\",\"name\":\"Mondo Camping\",\"url\":\"https:\\\/\\\/www.mondocamping.com\\\/\",\"logo\":{\"@type\":\"ImageObject\",\"inLanguage\":\"fr-FR\",\"@id\":\"https:\\\/\\\/www.mondocamping.com\\\/#\\\/schema\\\/logo\\\/image\\\/\",\"url\":\"https:\\\/\\\/www.mondocamping.com\\\/wp-content\\\/uploads\\\/2022\\\/04\\\/mondo-camping-logo-contornato-1.png\",\"contentUrl\":\"https:\\\/\\\/www.mondocamping.com\\\/wp-content\\\/uploads\\\/2022\\\/04\\\/mondo-camping-logo-contornato-1.png\",\"width\":280,\"height\":90,\"caption\":\"Mondo Camping\"},\"image\":{\"@id\":\"https:\\\/\\\/www.mondocamping.com\\\/#\\\/schema\\\/logo\\\/image\\\/\"},\"sameAs\":[\"https:\\\/\\\/www.facebook.com\\\/mondobalneare\",\"https:\\\/\\\/x.com\\\/mondobalneare\",\"https:\\\/\\\/www.instagram.com\\\/mondobalneare\\\/\",\"https:\\\/\\\/www.linkedin.com\\\/company\\\/67180810\\\/\",\"https:\\\/\\\/www.youtube.com\\\/user\\\/mondobalnearevideo\"]},{\"@type\":\"Person\",\"@id\":\"https:\\\/\\\/www.mondocamping.com\\\/#\\\/schema\\\/person\\\/01a031b8c5ef08c2204bb0e696f0a760\",\"name\":\"Mondo Camping\",\"image\":{\"@type\":\"ImageObject\",\"inLanguage\":\"fr-FR\",\"@id\":\"https:\\\/\\\/www.mondocamping.com\\\/wp-content\\\/uploads\\\/2022\\\/05\\\/cropped-icona-MONDO-CAMPING-150x150.png\",\"url\":\"https:\\\/\\\/www.mondocamping.com\\\/wp-content\\\/uploads\\\/2022\\\/05\\\/cropped-icona-MONDO-CAMPING-150x150.png\",\"contentUrl\":\"https:\\\/\\\/www.mondocamping.com\\\/wp-content\\\/uploads\\\/2022\\\/05\\\/cropped-icona-MONDO-CAMPING-150x150.png\",\"caption\":\"Mondo Camping\"},\"sameAs\":[\"https:\\\/\\\/www.mondocamping.com\\\/\",\"https:\\\/\\\/www.facebook.com\\\/mondocamping\"]}]}<\/script>\n<!-- \/ Yoast SEO plugin. -->","yoast_head_json":{"title":"Les vacances en plein air sont en hausse : selon la FAITA, l'\u00e9t\u00e9 2025 atteindra 73 millions de pr\u00e9sences.","robots":{"index":"index","follow":"follow","max-snippet":"max-snippet:-1","max-image-preview":"max-image-preview:large","max-video-preview":"max-video-preview:-1"},"canonical":"https:\/\/www.mondocamping.com\/fr\/les-vacances-en-plein-air-sont-en-hausse-selon-la-faita-lete-2025-atteindra-73-millions-de-presences\/","og_locale":"fr_FR","og_type":"article","og_title":"Les vacances en plein air sont en hausse : selon la FAITA, l'\u00e9t\u00e9 2025 atteindra 73 millions de pr\u00e9sences.","og_description":"Un s\u00e9jour de plus en plus immersif et de qualit\u00e9 sont des aspects qui influencent les r\u00e9sultats qui, pour cette saison estivale 2025, semblent \u00eatre positifs. C&rsquo;est ce qu&rsquo;affirme FAITA Federcamping, sur la base d&rsquo;analyses \u00e9labor\u00e9e par le centre de recherche CISET de l \u00ab universit\u00e9 Ca \u00bb Foscari de Venise sur un \u00e9chantillon de [&hellip;]","og_url":"https:\/\/www.mondocamping.com\/fr\/les-vacances-en-plein-air-sont-en-hausse-selon-la-faita-lete-2025-atteindra-73-millions-de-presences\/","og_site_name":"Mondo Camping","article_publisher":"https:\/\/www.facebook.com\/mondobalneare","article_author":"https:\/\/www.facebook.com\/mondocamping","article_published_time":"2025-06-16T15:43:10+00:00","article_modified_time":"2025-06-16T15:43:13+00:00","og_image":[{"width":1200,"height":628,"url":"https:\/\/www.mondocamping.com\/wp-content\/uploads\/2025\/06\/brooks-rice-8-jqqr-rpo0-unsplash-2.jpg","type":"image\/jpeg"}],"author":"Mondo Camping","twitter_card":"summary_large_image","twitter_creator":"@mondobalneare","twitter_site":"@mondobalneare","twitter_misc":{"\u00c9crit par":"Mondo Camping","Dur\u00e9e de lecture estim\u00e9e":"2 minutes"},"schema":{"@context":"https:\/\/schema.org","@graph":[{"@type":"Article","@id":"https:\/\/www.mondocamping.com\/fr\/les-vacances-en-plein-air-sont-en-hausse-selon-la-faita-lete-2025-atteindra-73-millions-de-presences\/#article","isPartOf":{"@id":"https:\/\/www.mondocamping.com\/fr\/les-vacances-en-plein-air-sont-en-hausse-selon-la-faita-lete-2025-atteindra-73-millions-de-presences\/"},"author":{"name":"Mondo Camping","@id":"https:\/\/www.mondocamping.com\/#\/schema\/person\/01a031b8c5ef08c2204bb0e696f0a760"},"headline":"Les vacances en plein air sont en hausse : selon la FAITA, l&rsquo;\u00e9t\u00e9 2025 atteindra 73 millions de pr\u00e9sences.","datePublished":"2025-06-16T15:43:10+00:00","dateModified":"2025-06-16T15:43:13+00:00","mainEntityOfPage":{"@id":"https:\/\/www.mondocamping.com\/fr\/les-vacances-en-plein-air-sont-en-hausse-selon-la-faita-lete-2025-atteindra-73-millions-de-presences\/"},"wordCount":369,"publisher":{"@id":"https:\/\/www.mondocamping.com\/#organization"},"image":{"@id":"https:\/\/www.mondocamping.com\/fr\/les-vacances-en-plein-air-sont-en-hausse-selon-la-faita-lete-2025-atteindra-73-millions-de-presences\/#primaryimage"},"thumbnailUrl":"https:\/\/www.mondocamping.com\/wp-content\/uploads\/2025\/06\/brooks-rice-8-jqqr-rpo0-unsplash-2.jpg","keywords":["Alberto Granzotto","Alberto Granzotto","camping","camping","FAITA Fedecamping","FAITA Fedecamping","l'air libre","vacances en plein air"],"articleSection":["Actualit\u00e9"],"inLanguage":"fr-FR"},{"@type":"WebPage","@id":"https:\/\/www.mondocamping.com\/fr\/les-vacances-en-plein-air-sont-en-hausse-selon-la-faita-lete-2025-atteindra-73-millions-de-presences\/","url":"https:\/\/www.mondocamping.com\/fr\/les-vacances-en-plein-air-sont-en-hausse-selon-la-faita-lete-2025-atteindra-73-millions-de-presences\/","name":"Les vacances en plein air sont en hausse : selon la FAITA, l'\u00e9t\u00e9 2025 atteindra 73 millions de pr\u00e9sences.","isPartOf":{"@id":"https:\/\/www.mondocamping.com\/#website"},"primaryImageOfPage":{"@id":"https:\/\/www.mondocamping.com\/fr\/les-vacances-en-plein-air-sont-en-hausse-selon-la-faita-lete-2025-atteindra-73-millions-de-presences\/#primaryimage"},"image":{"@id":"https:\/\/www.mondocamping.com\/fr\/les-vacances-en-plein-air-sont-en-hausse-selon-la-faita-lete-2025-atteindra-73-millions-de-presences\/#primaryimage"},"thumbnailUrl":"https:\/\/www.mondocamping.com\/wp-content\/uploads\/2025\/06\/brooks-rice-8-jqqr-rpo0-unsplash-2.jpg","datePublished":"2025-06-16T15:43:10+00:00","dateModified":"2025-06-16T15:43:13+00:00","breadcrumb":{"@id":"https:\/\/www.mondocamping.com\/fr\/les-vacances-en-plein-air-sont-en-hausse-selon-la-faita-lete-2025-atteindra-73-millions-de-presences\/#breadcrumb"},"inLanguage":"fr-FR","potentialAction":[{"@type":"ReadAction","target":["https:\/\/www.mondocamping.com\/fr\/les-vacances-en-plein-air-sont-en-hausse-selon-la-faita-lete-2025-atteindra-73-millions-de-presences\/"]}]},{"@type":"ImageObject","inLanguage":"fr-FR","@id":"https:\/\/www.mondocamping.com\/fr\/les-vacances-en-plein-air-sont-en-hausse-selon-la-faita-lete-2025-atteindra-73-millions-de-presences\/#primaryimage","url":"https:\/\/www.mondocamping.com\/wp-content\/uploads\/2025\/06\/brooks-rice-8-jqqr-rpo0-unsplash-2.jpg","contentUrl":"https:\/\/www.mondocamping.com\/wp-content\/uploads\/2025\/06\/brooks-rice-8-jqqr-rpo0-unsplash-2.jpg","width":1200,"height":628},{"@type":"BreadcrumbList","@id":"https:\/\/www.mondocamping.com\/fr\/les-vacances-en-plein-air-sont-en-hausse-selon-la-faita-lete-2025-atteindra-73-millions-de-presences\/#breadcrumb","itemListElement":[{"@type":"ListItem","position":1,"name":"Home","item":"https:\/\/www.mondocamping.com\/fr\/"},{"@type":"ListItem","position":2,"name":"Les vacances en plein air sont en hausse : selon la FAITA, l&rsquo;\u00e9t\u00e9 2025 atteindra 73 millions de pr\u00e9sences."}]},{"@type":"WebSite","@id":"https:\/\/www.mondocamping.com\/#website","url":"https:\/\/www.mondocamping.com\/","name":"Mondo Camping","description":"Le portail d\u00e9di\u00e9 aux gestionnaires de campings et villages touristiques","publisher":{"@id":"https:\/\/www.mondocamping.com\/#organization"},"potentialAction":[{"@type":"SearchAction","target":{"@type":"EntryPoint","urlTemplate":"https:\/\/www.mondocamping.com\/?s={search_term_string}"},"query-input":{"@type":"PropertyValueSpecification","valueRequired":true,"valueName":"search_term_string"}}],"inLanguage":"fr-FR"},{"@type":"Organization","@id":"https:\/\/www.mondocamping.com\/#organization","name":"Mondo Camping","url":"https:\/\/www.mondocamping.com\/","logo":{"@type":"ImageObject","inLanguage":"fr-FR","@id":"https:\/\/www.mondocamping.com\/#\/schema\/logo\/image\/","url":"https:\/\/www.mondocamping.com\/wp-content\/uploads\/2022\/04\/mondo-camping-logo-contornato-1.png","contentUrl":"https:\/\/www.mondocamping.com\/wp-content\/uploads\/2022\/04\/mondo-camping-logo-contornato-1.png","width":280,"height":90,"caption":"Mondo Camping"},"image":{"@id":"https:\/\/www.mondocamping.com\/#\/schema\/logo\/image\/"},"sameAs":["https:\/\/www.facebook.com\/mondobalneare","https:\/\/x.com\/mondobalneare","https:\/\/www.instagram.com\/mondobalneare\/","https:\/\/www.linkedin.com\/company\/67180810\/","https:\/\/www.youtube.com\/user\/mondobalnearevideo"]},{"@type":"Person","@id":"https:\/\/www.mondocamping.com\/#\/schema\/person\/01a031b8c5ef08c2204bb0e696f0a760","name":"Mondo Camping","image":{"@type":"ImageObject","inLanguage":"fr-FR","@id":"https:\/\/www.mondocamping.com\/wp-content\/uploads\/2022\/05\/cropped-icona-MONDO-CAMPING-150x150.png","url":"https:\/\/www.mondocamping.com\/wp-content\/uploads\/2022\/05\/cropped-icona-MONDO-CAMPING-150x150.png","contentUrl":"https:\/\/www.mondocamping.com\/wp-content\/uploads\/2022\/05\/cropped-icona-MONDO-CAMPING-150x150.png","caption":"Mondo Camping"},"sameAs":["https:\/\/www.mondocamping.com\/","https:\/\/www.facebook.com\/mondocamping"]}]}},"_links":{"self":[{"href":"https:\/\/www.mondocamping.com\/fr\/wp-json\/wp\/v2\/posts\/174571","targetHints":{"allow":["GET"]}}],"collection":[{"href":"https:\/\/www.mondocamping.com\/fr\/wp-json\/wp\/v2\/posts"}],"about":[{"href":"https:\/\/www.mondocamping.com\/fr\/wp-json\/wp\/v2\/types\/post"}],"author":[{"embeddable":true,"href":"https:\/\/www.mondocamping.com\/fr\/wp-json\/wp\/v2\/users\/5"}],"replies":[{"embeddable":true,"href":"https:\/\/www.mondocamping.com\/fr\/wp-json\/wp\/v2\/comments?post=174571"}],"version-history":[{"count":1,"href":"https:\/\/www.mondocamping.com\/fr\/wp-json\/wp\/v2\/posts\/174571\/revisions"}],"predecessor-version":[{"id":174572,"href":"https:\/\/www.mondocamping.com\/fr\/wp-json\/wp\/v2\/posts\/174571\/revisions\/174572"}],"wp:featuredmedia":[{"embeddable":true,"href":"https:\/\/www.mondocamping.com\/fr\/wp-json\/wp\/v2\/media\/174564"}],"wp:attachment":[{"href":"https:\/\/www.mondocamping.com\/fr\/wp-json\/wp\/v2\/media?parent=174571"}],"wp:term":[{"taxonomy":"category","embeddable":true,"href":"https:\/\/www.mondocamping.com\/fr\/wp-json\/wp\/v2\/categories?post=174571"},{"taxonomy":"post_tag","embeddable":true,"href":"https:\/\/www.mondocamping.com\/fr\/wp-json\/wp\/v2\/tags?post=174571"}],"curies":[{"name":"wp","href":"https:\/\/api.w.org\/{rel}","templated":true}]}}