{"id":174620,"date":"2025-06-18T19:39:03","date_gmt":"2025-06-18T17:39:03","guid":{"rendered":"https:\/\/www.mondocamping.com\/tourisme-de-plein-air-le-conseiller-caner-applaudit-faita-federcamping-la-venetie-confirme-son-leadership-au-niveau-national\/"},"modified":"2025-06-18T19:39:04","modified_gmt":"2025-06-18T17:39:04","slug":"tourisme-de-plein-air-le-conseiller-caner-applaudit-faita-federcamping-la-venetie-confirme-son-leadership-au-niveau-national","status":"publish","type":"post","link":"https:\/\/www.mondocamping.com\/fr\/tourisme-de-plein-air-le-conseiller-caner-applaudit-faita-federcamping-la-venetie-confirme-son-leadership-au-niveau-national\/","title":{"rendered":"Tourisme de plein air : le conseiller Caner applaudit FAITA Federcamping, la V\u00e9n\u00e9tie confirme son leadership au niveau national"},"content":{"rendered":"\n<p>Nous rapportons les propos du<strong>service de presse du Conseil r\u00e9gional de V\u00e9n\u00e9tie<\/strong>.<\/p>\n\n<p>\u00ab\u00a0<em>Un grand merci \u00e0 FAITA-Federcamping et \u00e0 son pr\u00e9sident <\/em><strong><em>Alberto Granzotto <\/em><\/strong> <em>pour l&rsquo;excellent travail qu&rsquo;ils accomplissent au profit non seulement des entreprises de plein air, mais aussi de l&rsquo;ensemble du syst\u00e8me touristique national. Les analyses publi\u00e9es aujourd&rsquo;hui confirment que la culture des donn\u00e9es, la pr\u00e9voyance et l&rsquo;expertise de l&rsquo;Association ont permis d&rsquo;orienter strat\u00e9giquement le secteur :   <\/em><strong><em>La FAITA m\u00e8ne la transformation du tourisme de plein air et la V\u00e9n\u00e9tie confirme son leadership au niveau national<\/em><\/strong><em>. En fait, le secteur se d\u00e9veloppe de mani\u00e8re coh\u00e9rente, organis\u00e9e et professionnelle. Il ne s&rsquo;agit pas seulement d&rsquo;une augmentation du nombre d&rsquo;entreprises, mais surtout d&rsquo;un saut qualitatif dans la culture entrepreneuriale des entreprises du secteur. <\/em>\u00ab\u00a0.<\/p>\n\n<p>C&rsquo;est ce qu&rsquo;a d\u00e9clar\u00e9 le conseiller au tourisme de la r\u00e9gion V\u00e9n\u00e9tie, <strong>Federico Caner<\/strong>, en marge de la pr\u00e9sentation des donn\u00e9es pr\u00e9visionnelles pour l \u00ab \u00e9t\u00e9 2025, \u00e9labor\u00e9es par le Centre de recherche CISET de l&rsquo;Universit\u00e9 Ca \u00bb Foscari de Venise, sur un \u00e9chantillon de plus de 200 entreprises.<\/p>\n\n<p>Au niveau national, les donn\u00e9es parlent d&rsquo;elles-m\u00eames : pour la <strong>saison 2025 <\/strong>, plus de <strong>73 millions de personnes sont<\/strong> attendues <strong>dans les plus de 2 600 installations italiennes de plein air<\/strong>, dont plus de 52 % viendront de l \u00ab \u00e9tranger. La r\u00e9gion de la <strong>V\u00e9n\u00e9tie se confirme comme la locomotive nationale<\/strong>, avec des taux d&rsquo;occupation d\u00e9j\u00e0 \u00e9lev\u00e9s dans les mois centraux de l \u00bb \u00e9t\u00e9 et d&rsquo;excellentes perspectives \u00e9galement pour la fin de la saison. <\/p>\n\n<p>Les campings c\u00f4tiers affichent d\u00e9j\u00e0 un taux d&rsquo;occupation tr\u00e8s \u00e9lev\u00e9, avec des valeurs comprises entre 90% et 80% en juin et un bon maintien jusqu \u00ab \u00e0 la fin du mois d&rsquo;ao\u00fbt, sans jamais descendre en dessous de 75%. Le secteur des lacs affiche \u00e9galement une saison en forte croissance, avec des taux d&rsquo;occupation qui, s&rsquo;ils d\u00e9marrent de mani\u00e8re plus mod\u00e9r\u00e9e que ceux de la mer dans la deuxi\u00e8me quinzaine de juin (avec des valeurs oscillant entre environ 90% et 70%), se maintiennent ensuite solidement au-dessus de 80% jusqu \u00bb \u00e0 la mi-ao\u00fbt. Ce sont des signes encourageants, qui refl\u00e8tent une demande estivale robuste et bien r\u00e9partie pour le produit. Les valeurs ADR devraient \u00eatre plus \u00e9lev\u00e9es pour les deux segments qu&rsquo;en 2024, ce qui indique une plus grande propension \u00e0 d\u00e9penser de la part des clients et une appr\u00e9ciation croissante de l&rsquo;offre.   <\/p>\n\n<p>L&rsquo;analyse des contenus exprim\u00e9s par les utilisateurs entre la mi-mai et la mi-juin donne une image globalement tr\u00e8s positive des campings en V\u00e9n\u00e9tie, avec un sentiment de 84,7\/100, soit une augmentation de +3,3 par rapport \u00e0 l&rsquo;ann\u00e9e pr\u00e9c\u00e9dente. Bien qu&rsquo;il y ait une certaine marge d&rsquo;am\u00e9lioration en termes de co\u00fbts per\u00e7us ou d&rsquo;infrastructures, les points forts ressortent clairement de la situation favorable, de la propret\u00e9, du professionnalisme du personnel et des nombreux services propos\u00e9s, en particulier en ce qui concerne l&rsquo;accueil des familles. Une atmosph\u00e8re conviviale et une bonne hospitalit\u00e9 sont des \u00e9l\u00e9ments appr\u00e9ci\u00e9s qui contribuent \u00e0 une exp\u00e9rience plus engageante.  <\/p>\n\n<p><em>Aujourd&rsquo;hui, les vacances en plein air sont synonymes de durabilit\u00e9, de qualit\u00e9, de libert\u00e9 et de contact avec la nature, et sont de plus en plus demand\u00e9es par un tourisme international attentif et conscient <\/em>\u00ab\u00a0, poursuit M. Caner<em>, \u00ab\u00a0la r\u00e9gion de la V\u00e9n\u00e9tie, avec ses c\u00f4tes, ses lacs et ses montagnes, a toujours cru en ce mod\u00e8le, mais c&rsquo;est aussi gr\u00e2ce \u00e0 FAITA si l&rsquo;on peut parler aujourd&rsquo;hui d&rsquo;un v\u00e9ritable \u00e9cosyst\u00e8me, qui sait fonctionner comme un syst\u00e8me et qui sait innover<\/em>\u00ab\u00a0.<\/p>\n\n<p>\u00ab\u00a0<em>Mes remerciements<\/em> &#8211; conclut le Conseiller &#8211; v<em>\u00e0 toutes les entreprises qui ont relev\u00e9 ce d\u00e9fi de la modernisation, en mettant l&rsquo;accent sur la formation, les donn\u00e9es, les services et l&rsquo;attention port\u00e9e \u00e0 l&rsquo;environnement. C&rsquo;est la bonne voie, et la V\u00e9n\u00e9tie continuera \u00e0 la soutenir avec conviction. <\/em>\u00ab\u00a0.<\/p>\n","protected":false},"excerpt":{"rendered":"<p>Nous rapportons les propos duservice de presse du Conseil r\u00e9gional de V\u00e9n\u00e9tie. \u00ab\u00a0Un grand merci \u00e0 FAITA-Federcamping et \u00e0 son pr\u00e9sident Alberto Granzotto pour l&rsquo;excellent travail qu&rsquo;ils accomplissent au profit non seulement des entreprises de plein air, mais aussi de l&rsquo;ensemble du syst\u00e8me touristique national. Les analyses publi\u00e9es aujourd&rsquo;hui confirment que la culture des donn\u00e9es, [&hellip;]<\/p>\n","protected":false},"author":5,"featured_media":174616,"comment_status":"closed","ping_status":"closed","sticky":false,"template":"","format":"standard","meta":{"_acf_changed":false,"_monsterinsights_skip_tracking":false,"_monsterinsights_sitenote_active":false,"_monsterinsights_sitenote_note":"","_monsterinsights_sitenote_category":0,"footnotes":""},"categories":[4024],"tags":[2603,7000,6976,6851,6283],"class_list":["post-174620","post","type-post","status-publish","format-standard","has-post-thumbnail","hentry","category-actualite","tag-alberto-granzotto","tag-faita-fedecamping","tag-federico-caner","tag-lair-libre","tag-venetie"],"acf":[],"yoast_head":"<!-- This site is optimized with the Yoast SEO plugin v27.5 - https:\/\/yoast.com\/product\/yoast-seo-wordpress\/ -->\n<title>Tourisme de plein air : le conseiller Caner applaudit FAITA Federcamping, la V\u00e9n\u00e9tie confirme son leadership au niveau national<\/title>\n<meta name=\"robots\" content=\"index, follow, max-snippet:-1, max-image-preview:large, max-video-preview:-1\" \/>\n<link rel=\"canonical\" href=\"https:\/\/www.mondocamping.com\/fr\/tourisme-de-plein-air-le-conseiller-caner-applaudit-faita-federcamping-la-venetie-confirme-son-leadership-au-niveau-national\/\" \/>\n<meta property=\"og:locale\" content=\"fr_FR\" \/>\n<meta property=\"og:type\" content=\"article\" \/>\n<meta property=\"og:title\" content=\"Tourisme de plein air : le conseiller Caner applaudit FAITA Federcamping, la V\u00e9n\u00e9tie confirme son leadership au niveau national\" \/>\n<meta property=\"og:description\" content=\"Nous rapportons les propos duservice de presse du Conseil r\u00e9gional de V\u00e9n\u00e9tie. \u00ab\u00a0Un grand merci \u00e0 FAITA-Federcamping et \u00e0 son pr\u00e9sident Alberto Granzotto pour l&rsquo;excellent travail qu&rsquo;ils accomplissent au profit non seulement des entreprises de plein air, mais aussi de l&rsquo;ensemble du syst\u00e8me touristique national. Les analyses publi\u00e9es aujourd&rsquo;hui confirment que la culture des donn\u00e9es, [&hellip;]\" \/>\n<meta property=\"og:url\" content=\"https:\/\/www.mondocamping.com\/fr\/tourisme-de-plein-air-le-conseiller-caner-applaudit-faita-federcamping-la-venetie-confirme-son-leadership-au-niveau-national\/\" \/>\n<meta property=\"og:site_name\" content=\"Mondo Camping\" \/>\n<meta property=\"article:publisher\" content=\"https:\/\/www.facebook.com\/mondobalneare\" \/>\n<meta property=\"article:author\" content=\"https:\/\/www.facebook.com\/mondocamping\" \/>\n<meta property=\"article:published_time\" content=\"2025-06-18T17:39:03+00:00\" \/>\n<meta property=\"article:modified_time\" content=\"2025-06-18T17:39:04+00:00\" \/>\n<meta property=\"og:image\" content=\"https:\/\/www.mondocamping.com\/wp-content\/uploads\/2025\/06\/max-bottinger-SUFS6CPjB5Q-unsplash-2.jpg\" \/>\n\t<meta property=\"og:image:width\" content=\"1200\" \/>\n\t<meta property=\"og:image:height\" content=\"628\" \/>\n\t<meta property=\"og:image:type\" content=\"image\/jpeg\" \/>\n<meta name=\"author\" content=\"Mondo Camping\" \/>\n<meta name=\"twitter:card\" content=\"summary_large_image\" \/>\n<meta name=\"twitter:creator\" content=\"@mondobalneare\" \/>\n<meta name=\"twitter:site\" content=\"@mondobalneare\" \/>\n<meta name=\"twitter:label1\" content=\"\u00c9crit par\" \/>\n\t<meta name=\"twitter:data1\" content=\"Mondo Camping\" \/>\n\t<meta name=\"twitter:label2\" content=\"Dur\u00e9e de lecture estim\u00e9e\" \/>\n\t<meta name=\"twitter:data2\" content=\"3 minutes\" \/>\n<script type=\"application\/ld+json\" class=\"yoast-schema-graph\">{\"@context\":\"https:\\\/\\\/schema.org\",\"@graph\":[{\"@type\":\"Article\",\"@id\":\"https:\\\/\\\/www.mondocamping.com\\\/fr\\\/tourisme-de-plein-air-le-conseiller-caner-applaudit-faita-federcamping-la-venetie-confirme-son-leadership-au-niveau-national\\\/#article\",\"isPartOf\":{\"@id\":\"https:\\\/\\\/www.mondocamping.com\\\/fr\\\/tourisme-de-plein-air-le-conseiller-caner-applaudit-faita-federcamping-la-venetie-confirme-son-leadership-au-niveau-national\\\/\"},\"author\":{\"name\":\"Mondo Camping\",\"@id\":\"https:\\\/\\\/www.mondocamping.com\\\/#\\\/schema\\\/person\\\/01a031b8c5ef08c2204bb0e696f0a760\"},\"headline\":\"Tourisme de plein air : le conseiller Caner applaudit FAITA Federcamping, la V\u00e9n\u00e9tie confirme son leadership au niveau national\",\"datePublished\":\"2025-06-18T17:39:03+00:00\",\"dateModified\":\"2025-06-18T17:39:04+00:00\",\"mainEntityOfPage\":{\"@id\":\"https:\\\/\\\/www.mondocamping.com\\\/fr\\\/tourisme-de-plein-air-le-conseiller-caner-applaudit-faita-federcamping-la-venetie-confirme-son-leadership-au-niveau-national\\\/\"},\"wordCount\":718,\"publisher\":{\"@id\":\"https:\\\/\\\/www.mondocamping.com\\\/#organization\"},\"image\":{\"@id\":\"https:\\\/\\\/www.mondocamping.com\\\/fr\\\/tourisme-de-plein-air-le-conseiller-caner-applaudit-faita-federcamping-la-venetie-confirme-son-leadership-au-niveau-national\\\/#primaryimage\"},\"thumbnailUrl\":\"https:\\\/\\\/www.mondocamping.com\\\/wp-content\\\/uploads\\\/2025\\\/06\\\/max-bottinger-SUFS6CPjB5Q-unsplash-2.jpg\",\"keywords\":[\"Alberto Granzotto\",\"FAITA Fedecamping\",\"Federico Caner\",\"l'air libre\",\"V\u00e9n\u00e9tie\"],\"articleSection\":[\"Actualit\u00e9\"],\"inLanguage\":\"fr-FR\"},{\"@type\":\"WebPage\",\"@id\":\"https:\\\/\\\/www.mondocamping.com\\\/fr\\\/tourisme-de-plein-air-le-conseiller-caner-applaudit-faita-federcamping-la-venetie-confirme-son-leadership-au-niveau-national\\\/\",\"url\":\"https:\\\/\\\/www.mondocamping.com\\\/fr\\\/tourisme-de-plein-air-le-conseiller-caner-applaudit-faita-federcamping-la-venetie-confirme-son-leadership-au-niveau-national\\\/\",\"name\":\"Tourisme de plein air : le conseiller Caner applaudit FAITA Federcamping, la V\u00e9n\u00e9tie confirme son leadership au niveau national\",\"isPartOf\":{\"@id\":\"https:\\\/\\\/www.mondocamping.com\\\/#website\"},\"primaryImageOfPage\":{\"@id\":\"https:\\\/\\\/www.mondocamping.com\\\/fr\\\/tourisme-de-plein-air-le-conseiller-caner-applaudit-faita-federcamping-la-venetie-confirme-son-leadership-au-niveau-national\\\/#primaryimage\"},\"image\":{\"@id\":\"https:\\\/\\\/www.mondocamping.com\\\/fr\\\/tourisme-de-plein-air-le-conseiller-caner-applaudit-faita-federcamping-la-venetie-confirme-son-leadership-au-niveau-national\\\/#primaryimage\"},\"thumbnailUrl\":\"https:\\\/\\\/www.mondocamping.com\\\/wp-content\\\/uploads\\\/2025\\\/06\\\/max-bottinger-SUFS6CPjB5Q-unsplash-2.jpg\",\"datePublished\":\"2025-06-18T17:39:03+00:00\",\"dateModified\":\"2025-06-18T17:39:04+00:00\",\"breadcrumb\":{\"@id\":\"https:\\\/\\\/www.mondocamping.com\\\/fr\\\/tourisme-de-plein-air-le-conseiller-caner-applaudit-faita-federcamping-la-venetie-confirme-son-leadership-au-niveau-national\\\/#breadcrumb\"},\"inLanguage\":\"fr-FR\",\"potentialAction\":[{\"@type\":\"ReadAction\",\"target\":[\"https:\\\/\\\/www.mondocamping.com\\\/fr\\\/tourisme-de-plein-air-le-conseiller-caner-applaudit-faita-federcamping-la-venetie-confirme-son-leadership-au-niveau-national\\\/\"]}]},{\"@type\":\"ImageObject\",\"inLanguage\":\"fr-FR\",\"@id\":\"https:\\\/\\\/www.mondocamping.com\\\/fr\\\/tourisme-de-plein-air-le-conseiller-caner-applaudit-faita-federcamping-la-venetie-confirme-son-leadership-au-niveau-national\\\/#primaryimage\",\"url\":\"https:\\\/\\\/www.mondocamping.com\\\/wp-content\\\/uploads\\\/2025\\\/06\\\/max-bottinger-SUFS6CPjB5Q-unsplash-2.jpg\",\"contentUrl\":\"https:\\\/\\\/www.mondocamping.com\\\/wp-content\\\/uploads\\\/2025\\\/06\\\/max-bottinger-SUFS6CPjB5Q-unsplash-2.jpg\",\"width\":1200,\"height\":628},{\"@type\":\"BreadcrumbList\",\"@id\":\"https:\\\/\\\/www.mondocamping.com\\\/fr\\\/tourisme-de-plein-air-le-conseiller-caner-applaudit-faita-federcamping-la-venetie-confirme-son-leadership-au-niveau-national\\\/#breadcrumb\",\"itemListElement\":[{\"@type\":\"ListItem\",\"position\":1,\"name\":\"Home\",\"item\":\"https:\\\/\\\/www.mondocamping.com\\\/fr\\\/\"},{\"@type\":\"ListItem\",\"position\":2,\"name\":\"Tourisme de plein air : le conseiller Caner applaudit FAITA Federcamping, la V\u00e9n\u00e9tie confirme son leadership au niveau national\"}]},{\"@type\":\"WebSite\",\"@id\":\"https:\\\/\\\/www.mondocamping.com\\\/#website\",\"url\":\"https:\\\/\\\/www.mondocamping.com\\\/\",\"name\":\"Mondo Camping\",\"description\":\"Le portail d\u00e9di\u00e9 aux gestionnaires de campings et villages touristiques\",\"publisher\":{\"@id\":\"https:\\\/\\\/www.mondocamping.com\\\/#organization\"},\"potentialAction\":[{\"@type\":\"SearchAction\",\"target\":{\"@type\":\"EntryPoint\",\"urlTemplate\":\"https:\\\/\\\/www.mondocamping.com\\\/?s={search_term_string}\"},\"query-input\":{\"@type\":\"PropertyValueSpecification\",\"valueRequired\":true,\"valueName\":\"search_term_string\"}}],\"inLanguage\":\"fr-FR\"},{\"@type\":\"Organization\",\"@id\":\"https:\\\/\\\/www.mondocamping.com\\\/#organization\",\"name\":\"Mondo Camping\",\"url\":\"https:\\\/\\\/www.mondocamping.com\\\/\",\"logo\":{\"@type\":\"ImageObject\",\"inLanguage\":\"fr-FR\",\"@id\":\"https:\\\/\\\/www.mondocamping.com\\\/#\\\/schema\\\/logo\\\/image\\\/\",\"url\":\"https:\\\/\\\/www.mondocamping.com\\\/wp-content\\\/uploads\\\/2022\\\/04\\\/mondo-camping-logo-contornato-1.png\",\"contentUrl\":\"https:\\\/\\\/www.mondocamping.com\\\/wp-content\\\/uploads\\\/2022\\\/04\\\/mondo-camping-logo-contornato-1.png\",\"width\":280,\"height\":90,\"caption\":\"Mondo Camping\"},\"image\":{\"@id\":\"https:\\\/\\\/www.mondocamping.com\\\/#\\\/schema\\\/logo\\\/image\\\/\"},\"sameAs\":[\"https:\\\/\\\/www.facebook.com\\\/mondobalneare\",\"https:\\\/\\\/x.com\\\/mondobalneare\",\"https:\\\/\\\/www.instagram.com\\\/mondobalneare\\\/\",\"https:\\\/\\\/www.linkedin.com\\\/company\\\/67180810\\\/\",\"https:\\\/\\\/www.youtube.com\\\/user\\\/mondobalnearevideo\"]},{\"@type\":\"Person\",\"@id\":\"https:\\\/\\\/www.mondocamping.com\\\/#\\\/schema\\\/person\\\/01a031b8c5ef08c2204bb0e696f0a760\",\"name\":\"Mondo Camping\",\"image\":{\"@type\":\"ImageObject\",\"inLanguage\":\"fr-FR\",\"@id\":\"https:\\\/\\\/www.mondocamping.com\\\/wp-content\\\/uploads\\\/2022\\\/05\\\/cropped-icona-MONDO-CAMPING-150x150.png\",\"url\":\"https:\\\/\\\/www.mondocamping.com\\\/wp-content\\\/uploads\\\/2022\\\/05\\\/cropped-icona-MONDO-CAMPING-150x150.png\",\"contentUrl\":\"https:\\\/\\\/www.mondocamping.com\\\/wp-content\\\/uploads\\\/2022\\\/05\\\/cropped-icona-MONDO-CAMPING-150x150.png\",\"caption\":\"Mondo Camping\"},\"sameAs\":[\"https:\\\/\\\/www.mondocamping.com\\\/\",\"https:\\\/\\\/www.facebook.com\\\/mondocamping\"]}]}<\/script>\n<!-- \/ Yoast SEO plugin. -->","yoast_head_json":{"title":"Tourisme de plein air : le conseiller Caner applaudit FAITA Federcamping, la V\u00e9n\u00e9tie confirme son leadership au niveau national","robots":{"index":"index","follow":"follow","max-snippet":"max-snippet:-1","max-image-preview":"max-image-preview:large","max-video-preview":"max-video-preview:-1"},"canonical":"https:\/\/www.mondocamping.com\/fr\/tourisme-de-plein-air-le-conseiller-caner-applaudit-faita-federcamping-la-venetie-confirme-son-leadership-au-niveau-national\/","og_locale":"fr_FR","og_type":"article","og_title":"Tourisme de plein air : le conseiller Caner applaudit FAITA Federcamping, la V\u00e9n\u00e9tie confirme son leadership au niveau national","og_description":"Nous rapportons les propos duservice de presse du Conseil r\u00e9gional de V\u00e9n\u00e9tie. \u00ab\u00a0Un grand merci \u00e0 FAITA-Federcamping et \u00e0 son pr\u00e9sident Alberto Granzotto pour l&rsquo;excellent travail qu&rsquo;ils accomplissent au profit non seulement des entreprises de plein air, mais aussi de l&rsquo;ensemble du syst\u00e8me touristique national. Les analyses publi\u00e9es aujourd&rsquo;hui confirment que la culture des donn\u00e9es, [&hellip;]","og_url":"https:\/\/www.mondocamping.com\/fr\/tourisme-de-plein-air-le-conseiller-caner-applaudit-faita-federcamping-la-venetie-confirme-son-leadership-au-niveau-national\/","og_site_name":"Mondo Camping","article_publisher":"https:\/\/www.facebook.com\/mondobalneare","article_author":"https:\/\/www.facebook.com\/mondocamping","article_published_time":"2025-06-18T17:39:03+00:00","article_modified_time":"2025-06-18T17:39:04+00:00","og_image":[{"width":1200,"height":628,"url":"https:\/\/www.mondocamping.com\/wp-content\/uploads\/2025\/06\/max-bottinger-SUFS6CPjB5Q-unsplash-2.jpg","type":"image\/jpeg"}],"author":"Mondo Camping","twitter_card":"summary_large_image","twitter_creator":"@mondobalneare","twitter_site":"@mondobalneare","twitter_misc":{"\u00c9crit par":"Mondo Camping","Dur\u00e9e de lecture estim\u00e9e":"3 minutes"},"schema":{"@context":"https:\/\/schema.org","@graph":[{"@type":"Article","@id":"https:\/\/www.mondocamping.com\/fr\/tourisme-de-plein-air-le-conseiller-caner-applaudit-faita-federcamping-la-venetie-confirme-son-leadership-au-niveau-national\/#article","isPartOf":{"@id":"https:\/\/www.mondocamping.com\/fr\/tourisme-de-plein-air-le-conseiller-caner-applaudit-faita-federcamping-la-venetie-confirme-son-leadership-au-niveau-national\/"},"author":{"name":"Mondo Camping","@id":"https:\/\/www.mondocamping.com\/#\/schema\/person\/01a031b8c5ef08c2204bb0e696f0a760"},"headline":"Tourisme de plein air : le conseiller Caner applaudit FAITA Federcamping, la V\u00e9n\u00e9tie confirme son leadership au niveau national","datePublished":"2025-06-18T17:39:03+00:00","dateModified":"2025-06-18T17:39:04+00:00","mainEntityOfPage":{"@id":"https:\/\/www.mondocamping.com\/fr\/tourisme-de-plein-air-le-conseiller-caner-applaudit-faita-federcamping-la-venetie-confirme-son-leadership-au-niveau-national\/"},"wordCount":718,"publisher":{"@id":"https:\/\/www.mondocamping.com\/#organization"},"image":{"@id":"https:\/\/www.mondocamping.com\/fr\/tourisme-de-plein-air-le-conseiller-caner-applaudit-faita-federcamping-la-venetie-confirme-son-leadership-au-niveau-national\/#primaryimage"},"thumbnailUrl":"https:\/\/www.mondocamping.com\/wp-content\/uploads\/2025\/06\/max-bottinger-SUFS6CPjB5Q-unsplash-2.jpg","keywords":["Alberto Granzotto","FAITA Fedecamping","Federico Caner","l'air libre","V\u00e9n\u00e9tie"],"articleSection":["Actualit\u00e9"],"inLanguage":"fr-FR"},{"@type":"WebPage","@id":"https:\/\/www.mondocamping.com\/fr\/tourisme-de-plein-air-le-conseiller-caner-applaudit-faita-federcamping-la-venetie-confirme-son-leadership-au-niveau-national\/","url":"https:\/\/www.mondocamping.com\/fr\/tourisme-de-plein-air-le-conseiller-caner-applaudit-faita-federcamping-la-venetie-confirme-son-leadership-au-niveau-national\/","name":"Tourisme de plein air : le conseiller Caner applaudit FAITA Federcamping, la V\u00e9n\u00e9tie confirme son leadership au niveau national","isPartOf":{"@id":"https:\/\/www.mondocamping.com\/#website"},"primaryImageOfPage":{"@id":"https:\/\/www.mondocamping.com\/fr\/tourisme-de-plein-air-le-conseiller-caner-applaudit-faita-federcamping-la-venetie-confirme-son-leadership-au-niveau-national\/#primaryimage"},"image":{"@id":"https:\/\/www.mondocamping.com\/fr\/tourisme-de-plein-air-le-conseiller-caner-applaudit-faita-federcamping-la-venetie-confirme-son-leadership-au-niveau-national\/#primaryimage"},"thumbnailUrl":"https:\/\/www.mondocamping.com\/wp-content\/uploads\/2025\/06\/max-bottinger-SUFS6CPjB5Q-unsplash-2.jpg","datePublished":"2025-06-18T17:39:03+00:00","dateModified":"2025-06-18T17:39:04+00:00","breadcrumb":{"@id":"https:\/\/www.mondocamping.com\/fr\/tourisme-de-plein-air-le-conseiller-caner-applaudit-faita-federcamping-la-venetie-confirme-son-leadership-au-niveau-national\/#breadcrumb"},"inLanguage":"fr-FR","potentialAction":[{"@type":"ReadAction","target":["https:\/\/www.mondocamping.com\/fr\/tourisme-de-plein-air-le-conseiller-caner-applaudit-faita-federcamping-la-venetie-confirme-son-leadership-au-niveau-national\/"]}]},{"@type":"ImageObject","inLanguage":"fr-FR","@id":"https:\/\/www.mondocamping.com\/fr\/tourisme-de-plein-air-le-conseiller-caner-applaudit-faita-federcamping-la-venetie-confirme-son-leadership-au-niveau-national\/#primaryimage","url":"https:\/\/www.mondocamping.com\/wp-content\/uploads\/2025\/06\/max-bottinger-SUFS6CPjB5Q-unsplash-2.jpg","contentUrl":"https:\/\/www.mondocamping.com\/wp-content\/uploads\/2025\/06\/max-bottinger-SUFS6CPjB5Q-unsplash-2.jpg","width":1200,"height":628},{"@type":"BreadcrumbList","@id":"https:\/\/www.mondocamping.com\/fr\/tourisme-de-plein-air-le-conseiller-caner-applaudit-faita-federcamping-la-venetie-confirme-son-leadership-au-niveau-national\/#breadcrumb","itemListElement":[{"@type":"ListItem","position":1,"name":"Home","item":"https:\/\/www.mondocamping.com\/fr\/"},{"@type":"ListItem","position":2,"name":"Tourisme de plein air : le conseiller Caner applaudit FAITA Federcamping, la V\u00e9n\u00e9tie confirme son leadership au niveau national"}]},{"@type":"WebSite","@id":"https:\/\/www.mondocamping.com\/#website","url":"https:\/\/www.mondocamping.com\/","name":"Mondo Camping","description":"Le portail d\u00e9di\u00e9 aux gestionnaires de campings et villages touristiques","publisher":{"@id":"https:\/\/www.mondocamping.com\/#organization"},"potentialAction":[{"@type":"SearchAction","target":{"@type":"EntryPoint","urlTemplate":"https:\/\/www.mondocamping.com\/?s={search_term_string}"},"query-input":{"@type":"PropertyValueSpecification","valueRequired":true,"valueName":"search_term_string"}}],"inLanguage":"fr-FR"},{"@type":"Organization","@id":"https:\/\/www.mondocamping.com\/#organization","name":"Mondo Camping","url":"https:\/\/www.mondocamping.com\/","logo":{"@type":"ImageObject","inLanguage":"fr-FR","@id":"https:\/\/www.mondocamping.com\/#\/schema\/logo\/image\/","url":"https:\/\/www.mondocamping.com\/wp-content\/uploads\/2022\/04\/mondo-camping-logo-contornato-1.png","contentUrl":"https:\/\/www.mondocamping.com\/wp-content\/uploads\/2022\/04\/mondo-camping-logo-contornato-1.png","width":280,"height":90,"caption":"Mondo Camping"},"image":{"@id":"https:\/\/www.mondocamping.com\/#\/schema\/logo\/image\/"},"sameAs":["https:\/\/www.facebook.com\/mondobalneare","https:\/\/x.com\/mondobalneare","https:\/\/www.instagram.com\/mondobalneare\/","https:\/\/www.linkedin.com\/company\/67180810\/","https:\/\/www.youtube.com\/user\/mondobalnearevideo"]},{"@type":"Person","@id":"https:\/\/www.mondocamping.com\/#\/schema\/person\/01a031b8c5ef08c2204bb0e696f0a760","name":"Mondo Camping","image":{"@type":"ImageObject","inLanguage":"fr-FR","@id":"https:\/\/www.mondocamping.com\/wp-content\/uploads\/2022\/05\/cropped-icona-MONDO-CAMPING-150x150.png","url":"https:\/\/www.mondocamping.com\/wp-content\/uploads\/2022\/05\/cropped-icona-MONDO-CAMPING-150x150.png","contentUrl":"https:\/\/www.mondocamping.com\/wp-content\/uploads\/2022\/05\/cropped-icona-MONDO-CAMPING-150x150.png","caption":"Mondo Camping"},"sameAs":["https:\/\/www.mondocamping.com\/","https:\/\/www.facebook.com\/mondocamping"]}]}},"_links":{"self":[{"href":"https:\/\/www.mondocamping.com\/fr\/wp-json\/wp\/v2\/posts\/174620","targetHints":{"allow":["GET"]}}],"collection":[{"href":"https:\/\/www.mondocamping.com\/fr\/wp-json\/wp\/v2\/posts"}],"about":[{"href":"https:\/\/www.mondocamping.com\/fr\/wp-json\/wp\/v2\/types\/post"}],"author":[{"embeddable":true,"href":"https:\/\/www.mondocamping.com\/fr\/wp-json\/wp\/v2\/users\/5"}],"replies":[{"embeddable":true,"href":"https:\/\/www.mondocamping.com\/fr\/wp-json\/wp\/v2\/comments?post=174620"}],"version-history":[{"count":1,"href":"https:\/\/www.mondocamping.com\/fr\/wp-json\/wp\/v2\/posts\/174620\/revisions"}],"predecessor-version":[{"id":174621,"href":"https:\/\/www.mondocamping.com\/fr\/wp-json\/wp\/v2\/posts\/174620\/revisions\/174621"}],"wp:featuredmedia":[{"embeddable":true,"href":"https:\/\/www.mondocamping.com\/fr\/wp-json\/wp\/v2\/media\/174616"}],"wp:attachment":[{"href":"https:\/\/www.mondocamping.com\/fr\/wp-json\/wp\/v2\/media?parent=174620"}],"wp:term":[{"taxonomy":"category","embeddable":true,"href":"https:\/\/www.mondocamping.com\/fr\/wp-json\/wp\/v2\/categories?post=174620"},{"taxonomy":"post_tag","embeddable":true,"href":"https:\/\/www.mondocamping.com\/fr\/wp-json\/wp\/v2\/tags?post=174620"}],"curies":[{"name":"wp","href":"https:\/\/api.w.org\/{rel}","templated":true}]}}