{"id":175133,"date":"2025-07-23T16:01:26","date_gmt":"2025-07-23T14:01:26","guid":{"rendered":"https:\/\/www.mondocamping.com\/faita-federcamping-au-conseil-dadministration-de-loffice-national-bilateral-du-tourisme\/"},"modified":"2025-07-23T16:01:27","modified_gmt":"2025-07-23T14:01:27","slug":"faita-federcamping-au-conseil-dadministration-de-loffice-national-bilateral-du-tourisme","status":"publish","type":"post","link":"https:\/\/www.mondocamping.com\/fr\/faita-federcamping-au-conseil-dadministration-de-loffice-national-bilateral-du-tourisme\/","title":{"rendered":"FAITA Federcamping au conseil d&rsquo;administration de l&rsquo;Office national bilat\u00e9ral du tourisme"},"content":{"rendered":"\n<p>L&rsquo;<strong><a href=\"https:\/\/www.ebnt.it\" target=\"_blank\" rel=\"noreferrer noopener\">Ente Bilaterale Nazionale del Turismo<\/a> (EBNT)<\/strong> est un organisme paritaire du secteur du tourisme, compos\u00e9 d&rsquo;organisations nationales repr\u00e9sentant les entreprises et les travailleurs.<\/p>\n\n<p>L&rsquo;organisation est n\u00e9e de la coop\u00e9ration entre les associations d&#8217;employeurs et les syndicats de travailleurs (Federalberghi, Fipe, Faita, Fiavet, Filcams Cgil, Fisascat Cisl et Uiltucs), qui repr\u00e9sentent plus de <strong>220 000 entreprises<\/strong> et environ <strong>1,7 million de travailleurs dans le secteur du tourisme<\/strong>.<\/p>\n\n<p><strong>FAITA-Federcamping est l&rsquo;une de ses associations d&#8217;employeurs membres.  <\/strong><\/p>\n\n<p>La fonction de l&rsquo;Office national bilat\u00e9ral du tourisme est ax\u00e9e sur la gestion de l&#8217;emploi, le march\u00e9 du travail, la formation et la qualification professionnelle dans le domaine du tourisme.  <\/p>\n\n<h2 class=\"wp-block-heading\">Nouvelles \u00e9lections au conseil d&rsquo;administration de l&rsquo;EBNT 2025-2028<\/h2>\n\n<p>Le nouveau pr\u00e9sident de l&rsquo;EBNT, <strong>Diego Lorenzi <\/strong>(Fisascat-CISL), a \u00e9t\u00e9 \u00e9lu hier, ainsi que le vice-pr\u00e9sident <strong>Riccardo Orlandi<\/strong> (Fipe), succ\u00e9dant \u00e0 Alessandro Nucara et Stefano Franzoni.<\/p>\n\n<p>Nous citons \u00e9galement la d\u00e9claration de FAITA Federcamping :<em>\u00ab\u00a0Repr\u00e9senter la partie patronale du secteur de l&rsquo;Open Air<\/em><strong><em> Marco Sperapani, directeur g\u00e9n\u00e9ral de FAITA Federcamping<\/em><\/strong><em>sera membre du Comit\u00e9 directeur pour le mandat 2025 &#8211; 2028<\/em>\u00ab\u00a0.  <\/p>\n\n<p>Enfin,<em>\u00ab\u00a0il sera accompagn\u00e9 dans le m\u00eame corps par Giovanni Battaiola et Angelo Candido (Federalberghi), Marco Fontanari (Fipe), Giuseppe Ciminnisi (Fiavet), Michele Carpinetti et Monja Caiolo (Filcams-CGIL), Giuseppina Sferruzza (Fisascat-CISL), Stefano Franzoni et Samantha Merlo (Uiltucs)<\/em>\u00ab\u00a0.<\/p>\n","protected":false},"excerpt":{"rendered":"<p>L&rsquo;Ente Bilaterale Nazionale del Turismo (EBNT) est un organisme paritaire du secteur du tourisme, compos\u00e9 d&rsquo;organisations nationales repr\u00e9sentant les entreprises et les travailleurs. L&rsquo;organisation est n\u00e9e de la coop\u00e9ration entre les associations d&#8217;employeurs et les syndicats de travailleurs (Federalberghi, Fipe, Faita, Fiavet, Filcams Cgil, Fisascat Cisl et Uiltucs), qui repr\u00e9sentent plus de 220 000 entreprises [&hellip;]<\/p>\n","protected":false},"author":5,"featured_media":175129,"comment_status":"closed","ping_status":"closed","sticky":false,"template":"","format":"standard","meta":{"_acf_changed":false,"_monsterinsights_skip_tracking":false,"_monsterinsights_sitenote_active":false,"_monsterinsights_sitenote_note":"","_monsterinsights_sitenote_category":0,"footnotes":""},"categories":[4024],"tags":[7362,7361,7068,7363,7360],"class_list":["post-175133","post","type-post","status-publish","format-standard","has-post-thumbnail","hentry","category-actualite","tag-diego-lorenzi-fr","tag-ebnt-fr","tag-faita-fedecamping-fr","tag-marco-sperapani-fr","tag-office-national-bilateral-du-tourisme"],"acf":[],"yoast_head":"<!-- This site is optimized with the Yoast SEO plugin v27.5 - https:\/\/yoast.com\/product\/yoast-seo-wordpress\/ -->\n<title>FAITA Federcamping au conseil d&#039;administration de l&#039;Office national bilat\u00e9ral du tourisme<\/title>\n<meta name=\"robots\" content=\"index, follow, max-snippet:-1, max-image-preview:large, max-video-preview:-1\" \/>\n<link rel=\"canonical\" href=\"https:\/\/www.mondocamping.com\/fr\/faita-federcamping-au-conseil-dadministration-de-loffice-national-bilateral-du-tourisme\/\" \/>\n<meta property=\"og:locale\" content=\"fr_FR\" \/>\n<meta property=\"og:type\" content=\"article\" \/>\n<meta property=\"og:title\" content=\"FAITA Federcamping au conseil d&#039;administration de l&#039;Office national bilat\u00e9ral du tourisme\" \/>\n<meta property=\"og:description\" content=\"L&rsquo;Ente Bilaterale Nazionale del Turismo (EBNT) est un organisme paritaire du secteur du tourisme, compos\u00e9 d&rsquo;organisations nationales repr\u00e9sentant les entreprises et les travailleurs. L&rsquo;organisation est n\u00e9e de la coop\u00e9ration entre les associations d&#8217;employeurs et les syndicats de travailleurs (Federalberghi, Fipe, Faita, Fiavet, Filcams Cgil, Fisascat Cisl et Uiltucs), qui repr\u00e9sentent plus de 220 000 entreprises [&hellip;]\" \/>\n<meta property=\"og:url\" content=\"https:\/\/www.mondocamping.com\/fr\/faita-federcamping-au-conseil-dadministration-de-loffice-national-bilateral-du-tourisme\/\" \/>\n<meta property=\"og:site_name\" content=\"Mondo Camping\" \/>\n<meta property=\"article:publisher\" content=\"https:\/\/www.facebook.com\/mondobalneare\" \/>\n<meta property=\"article:author\" content=\"https:\/\/www.facebook.com\/mondocamping\" \/>\n<meta property=\"article:published_time\" content=\"2025-07-23T14:01:26+00:00\" \/>\n<meta property=\"article:modified_time\" content=\"2025-07-23T14:01:27+00:00\" \/>\n<meta property=\"og:image\" content=\"https:\/\/www.mondocamping.com\/wp-content\/uploads\/2025\/07\/ebnt-400x200-1-2.png\" \/>\n\t<meta property=\"og:image:width\" content=\"1200\" \/>\n\t<meta property=\"og:image:height\" content=\"628\" \/>\n\t<meta property=\"og:image:type\" content=\"image\/png\" \/>\n<meta name=\"author\" content=\"Mondo Camping\" \/>\n<meta name=\"twitter:card\" content=\"summary_large_image\" \/>\n<meta name=\"twitter:creator\" content=\"@mondobalneare\" \/>\n<meta name=\"twitter:site\" content=\"@mondobalneare\" \/>\n<meta name=\"twitter:label1\" content=\"\u00c9crit par\" \/>\n\t<meta name=\"twitter:data1\" content=\"Mondo Camping\" \/>\n\t<meta name=\"twitter:label2\" content=\"Dur\u00e9e de lecture estim\u00e9e\" \/>\n\t<meta name=\"twitter:data2\" content=\"1 minute\" \/>\n<script type=\"application\/ld+json\" class=\"yoast-schema-graph\">{\"@context\":\"https:\\\/\\\/schema.org\",\"@graph\":[{\"@type\":\"Article\",\"@id\":\"https:\\\/\\\/www.mondocamping.com\\\/fr\\\/faita-federcamping-au-conseil-dadministration-de-loffice-national-bilateral-du-tourisme\\\/#article\",\"isPartOf\":{\"@id\":\"https:\\\/\\\/www.mondocamping.com\\\/fr\\\/faita-federcamping-au-conseil-dadministration-de-loffice-national-bilateral-du-tourisme\\\/\"},\"author\":{\"name\":\"Mondo Camping\",\"@id\":\"https:\\\/\\\/www.mondocamping.com\\\/#\\\/schema\\\/person\\\/01a031b8c5ef08c2204bb0e696f0a760\"},\"headline\":\"FAITA Federcamping au conseil d&rsquo;administration de l&rsquo;Office national bilat\u00e9ral du tourisme\",\"datePublished\":\"2025-07-23T14:01:26+00:00\",\"dateModified\":\"2025-07-23T14:01:27+00:00\",\"mainEntityOfPage\":{\"@id\":\"https:\\\/\\\/www.mondocamping.com\\\/fr\\\/faita-federcamping-au-conseil-dadministration-de-loffice-national-bilateral-du-tourisme\\\/\"},\"wordCount\":243,\"publisher\":{\"@id\":\"https:\\\/\\\/www.mondocamping.com\\\/#organization\"},\"image\":{\"@id\":\"https:\\\/\\\/www.mondocamping.com\\\/fr\\\/faita-federcamping-au-conseil-dadministration-de-loffice-national-bilateral-du-tourisme\\\/#primaryimage\"},\"thumbnailUrl\":\"https:\\\/\\\/www.mondocamping.com\\\/wp-content\\\/uploads\\\/2025\\\/07\\\/ebnt-400x200-1-2.png\",\"keywords\":[\"Diego Lorenzi\",\"EBNT\",\"FAITA Fedecamping\",\"Marco Sperapani\",\"Office national bilat\u00e9ral du tourisme\"],\"articleSection\":[\"Actualit\u00e9\"],\"inLanguage\":\"fr-FR\"},{\"@type\":\"WebPage\",\"@id\":\"https:\\\/\\\/www.mondocamping.com\\\/fr\\\/faita-federcamping-au-conseil-dadministration-de-loffice-national-bilateral-du-tourisme\\\/\",\"url\":\"https:\\\/\\\/www.mondocamping.com\\\/fr\\\/faita-federcamping-au-conseil-dadministration-de-loffice-national-bilateral-du-tourisme\\\/\",\"name\":\"FAITA Federcamping au conseil d'administration de l'Office national bilat\u00e9ral du tourisme\",\"isPartOf\":{\"@id\":\"https:\\\/\\\/www.mondocamping.com\\\/#website\"},\"primaryImageOfPage\":{\"@id\":\"https:\\\/\\\/www.mondocamping.com\\\/fr\\\/faita-federcamping-au-conseil-dadministration-de-loffice-national-bilateral-du-tourisme\\\/#primaryimage\"},\"image\":{\"@id\":\"https:\\\/\\\/www.mondocamping.com\\\/fr\\\/faita-federcamping-au-conseil-dadministration-de-loffice-national-bilateral-du-tourisme\\\/#primaryimage\"},\"thumbnailUrl\":\"https:\\\/\\\/www.mondocamping.com\\\/wp-content\\\/uploads\\\/2025\\\/07\\\/ebnt-400x200-1-2.png\",\"datePublished\":\"2025-07-23T14:01:26+00:00\",\"dateModified\":\"2025-07-23T14:01:27+00:00\",\"breadcrumb\":{\"@id\":\"https:\\\/\\\/www.mondocamping.com\\\/fr\\\/faita-federcamping-au-conseil-dadministration-de-loffice-national-bilateral-du-tourisme\\\/#breadcrumb\"},\"inLanguage\":\"fr-FR\",\"potentialAction\":[{\"@type\":\"ReadAction\",\"target\":[\"https:\\\/\\\/www.mondocamping.com\\\/fr\\\/faita-federcamping-au-conseil-dadministration-de-loffice-national-bilateral-du-tourisme\\\/\"]}]},{\"@type\":\"ImageObject\",\"inLanguage\":\"fr-FR\",\"@id\":\"https:\\\/\\\/www.mondocamping.com\\\/fr\\\/faita-federcamping-au-conseil-dadministration-de-loffice-national-bilateral-du-tourisme\\\/#primaryimage\",\"url\":\"https:\\\/\\\/www.mondocamping.com\\\/wp-content\\\/uploads\\\/2025\\\/07\\\/ebnt-400x200-1-2.png\",\"contentUrl\":\"https:\\\/\\\/www.mondocamping.com\\\/wp-content\\\/uploads\\\/2025\\\/07\\\/ebnt-400x200-1-2.png\",\"width\":1200,\"height\":628},{\"@type\":\"BreadcrumbList\",\"@id\":\"https:\\\/\\\/www.mondocamping.com\\\/fr\\\/faita-federcamping-au-conseil-dadministration-de-loffice-national-bilateral-du-tourisme\\\/#breadcrumb\",\"itemListElement\":[{\"@type\":\"ListItem\",\"position\":1,\"name\":\"Home\",\"item\":\"https:\\\/\\\/www.mondocamping.com\\\/fr\\\/\"},{\"@type\":\"ListItem\",\"position\":2,\"name\":\"FAITA Federcamping au conseil d&rsquo;administration de l&rsquo;Office national bilat\u00e9ral du tourisme\"}]},{\"@type\":\"WebSite\",\"@id\":\"https:\\\/\\\/www.mondocamping.com\\\/#website\",\"url\":\"https:\\\/\\\/www.mondocamping.com\\\/\",\"name\":\"Mondo Camping\",\"description\":\"Le portail d\u00e9di\u00e9 aux gestionnaires de campings et villages touristiques\",\"publisher\":{\"@id\":\"https:\\\/\\\/www.mondocamping.com\\\/#organization\"},\"potentialAction\":[{\"@type\":\"SearchAction\",\"target\":{\"@type\":\"EntryPoint\",\"urlTemplate\":\"https:\\\/\\\/www.mondocamping.com\\\/?s={search_term_string}\"},\"query-input\":{\"@type\":\"PropertyValueSpecification\",\"valueRequired\":true,\"valueName\":\"search_term_string\"}}],\"inLanguage\":\"fr-FR\"},{\"@type\":\"Organization\",\"@id\":\"https:\\\/\\\/www.mondocamping.com\\\/#organization\",\"name\":\"Mondo Camping\",\"url\":\"https:\\\/\\\/www.mondocamping.com\\\/\",\"logo\":{\"@type\":\"ImageObject\",\"inLanguage\":\"fr-FR\",\"@id\":\"https:\\\/\\\/www.mondocamping.com\\\/#\\\/schema\\\/logo\\\/image\\\/\",\"url\":\"https:\\\/\\\/www.mondocamping.com\\\/wp-content\\\/uploads\\\/2022\\\/04\\\/mondo-camping-logo-contornato-1.png\",\"contentUrl\":\"https:\\\/\\\/www.mondocamping.com\\\/wp-content\\\/uploads\\\/2022\\\/04\\\/mondo-camping-logo-contornato-1.png\",\"width\":280,\"height\":90,\"caption\":\"Mondo Camping\"},\"image\":{\"@id\":\"https:\\\/\\\/www.mondocamping.com\\\/#\\\/schema\\\/logo\\\/image\\\/\"},\"sameAs\":[\"https:\\\/\\\/www.facebook.com\\\/mondobalneare\",\"https:\\\/\\\/x.com\\\/mondobalneare\",\"https:\\\/\\\/www.instagram.com\\\/mondobalneare\\\/\",\"https:\\\/\\\/www.linkedin.com\\\/company\\\/67180810\\\/\",\"https:\\\/\\\/www.youtube.com\\\/user\\\/mondobalnearevideo\"]},{\"@type\":\"Person\",\"@id\":\"https:\\\/\\\/www.mondocamping.com\\\/#\\\/schema\\\/person\\\/01a031b8c5ef08c2204bb0e696f0a760\",\"name\":\"Mondo Camping\",\"image\":{\"@type\":\"ImageObject\",\"inLanguage\":\"fr-FR\",\"@id\":\"https:\\\/\\\/www.mondocamping.com\\\/wp-content\\\/uploads\\\/2022\\\/05\\\/cropped-icona-MONDO-CAMPING-150x150.png\",\"url\":\"https:\\\/\\\/www.mondocamping.com\\\/wp-content\\\/uploads\\\/2022\\\/05\\\/cropped-icona-MONDO-CAMPING-150x150.png\",\"contentUrl\":\"https:\\\/\\\/www.mondocamping.com\\\/wp-content\\\/uploads\\\/2022\\\/05\\\/cropped-icona-MONDO-CAMPING-150x150.png\",\"caption\":\"Mondo Camping\"},\"sameAs\":[\"https:\\\/\\\/www.mondocamping.com\\\/\",\"https:\\\/\\\/www.facebook.com\\\/mondocamping\"]}]}<\/script>\n<!-- \/ Yoast SEO plugin. -->","yoast_head_json":{"title":"FAITA Federcamping au conseil d'administration de l'Office national bilat\u00e9ral du tourisme","robots":{"index":"index","follow":"follow","max-snippet":"max-snippet:-1","max-image-preview":"max-image-preview:large","max-video-preview":"max-video-preview:-1"},"canonical":"https:\/\/www.mondocamping.com\/fr\/faita-federcamping-au-conseil-dadministration-de-loffice-national-bilateral-du-tourisme\/","og_locale":"fr_FR","og_type":"article","og_title":"FAITA Federcamping au conseil d'administration de l'Office national bilat\u00e9ral du tourisme","og_description":"L&rsquo;Ente Bilaterale Nazionale del Turismo (EBNT) est un organisme paritaire du secteur du tourisme, compos\u00e9 d&rsquo;organisations nationales repr\u00e9sentant les entreprises et les travailleurs. L&rsquo;organisation est n\u00e9e de la coop\u00e9ration entre les associations d&#8217;employeurs et les syndicats de travailleurs (Federalberghi, Fipe, Faita, Fiavet, Filcams Cgil, Fisascat Cisl et Uiltucs), qui repr\u00e9sentent plus de 220 000 entreprises [&hellip;]","og_url":"https:\/\/www.mondocamping.com\/fr\/faita-federcamping-au-conseil-dadministration-de-loffice-national-bilateral-du-tourisme\/","og_site_name":"Mondo Camping","article_publisher":"https:\/\/www.facebook.com\/mondobalneare","article_author":"https:\/\/www.facebook.com\/mondocamping","article_published_time":"2025-07-23T14:01:26+00:00","article_modified_time":"2025-07-23T14:01:27+00:00","og_image":[{"width":1200,"height":628,"url":"https:\/\/www.mondocamping.com\/wp-content\/uploads\/2025\/07\/ebnt-400x200-1-2.png","type":"image\/png"}],"author":"Mondo Camping","twitter_card":"summary_large_image","twitter_creator":"@mondobalneare","twitter_site":"@mondobalneare","twitter_misc":{"\u00c9crit par":"Mondo Camping","Dur\u00e9e de lecture estim\u00e9e":"1 minute"},"schema":{"@context":"https:\/\/schema.org","@graph":[{"@type":"Article","@id":"https:\/\/www.mondocamping.com\/fr\/faita-federcamping-au-conseil-dadministration-de-loffice-national-bilateral-du-tourisme\/#article","isPartOf":{"@id":"https:\/\/www.mondocamping.com\/fr\/faita-federcamping-au-conseil-dadministration-de-loffice-national-bilateral-du-tourisme\/"},"author":{"name":"Mondo Camping","@id":"https:\/\/www.mondocamping.com\/#\/schema\/person\/01a031b8c5ef08c2204bb0e696f0a760"},"headline":"FAITA Federcamping au conseil d&rsquo;administration de l&rsquo;Office national bilat\u00e9ral du tourisme","datePublished":"2025-07-23T14:01:26+00:00","dateModified":"2025-07-23T14:01:27+00:00","mainEntityOfPage":{"@id":"https:\/\/www.mondocamping.com\/fr\/faita-federcamping-au-conseil-dadministration-de-loffice-national-bilateral-du-tourisme\/"},"wordCount":243,"publisher":{"@id":"https:\/\/www.mondocamping.com\/#organization"},"image":{"@id":"https:\/\/www.mondocamping.com\/fr\/faita-federcamping-au-conseil-dadministration-de-loffice-national-bilateral-du-tourisme\/#primaryimage"},"thumbnailUrl":"https:\/\/www.mondocamping.com\/wp-content\/uploads\/2025\/07\/ebnt-400x200-1-2.png","keywords":["Diego Lorenzi","EBNT","FAITA Fedecamping","Marco Sperapani","Office national bilat\u00e9ral du tourisme"],"articleSection":["Actualit\u00e9"],"inLanguage":"fr-FR"},{"@type":"WebPage","@id":"https:\/\/www.mondocamping.com\/fr\/faita-federcamping-au-conseil-dadministration-de-loffice-national-bilateral-du-tourisme\/","url":"https:\/\/www.mondocamping.com\/fr\/faita-federcamping-au-conseil-dadministration-de-loffice-national-bilateral-du-tourisme\/","name":"FAITA Federcamping au conseil d'administration de l'Office national bilat\u00e9ral du tourisme","isPartOf":{"@id":"https:\/\/www.mondocamping.com\/#website"},"primaryImageOfPage":{"@id":"https:\/\/www.mondocamping.com\/fr\/faita-federcamping-au-conseil-dadministration-de-loffice-national-bilateral-du-tourisme\/#primaryimage"},"image":{"@id":"https:\/\/www.mondocamping.com\/fr\/faita-federcamping-au-conseil-dadministration-de-loffice-national-bilateral-du-tourisme\/#primaryimage"},"thumbnailUrl":"https:\/\/www.mondocamping.com\/wp-content\/uploads\/2025\/07\/ebnt-400x200-1-2.png","datePublished":"2025-07-23T14:01:26+00:00","dateModified":"2025-07-23T14:01:27+00:00","breadcrumb":{"@id":"https:\/\/www.mondocamping.com\/fr\/faita-federcamping-au-conseil-dadministration-de-loffice-national-bilateral-du-tourisme\/#breadcrumb"},"inLanguage":"fr-FR","potentialAction":[{"@type":"ReadAction","target":["https:\/\/www.mondocamping.com\/fr\/faita-federcamping-au-conseil-dadministration-de-loffice-national-bilateral-du-tourisme\/"]}]},{"@type":"ImageObject","inLanguage":"fr-FR","@id":"https:\/\/www.mondocamping.com\/fr\/faita-federcamping-au-conseil-dadministration-de-loffice-national-bilateral-du-tourisme\/#primaryimage","url":"https:\/\/www.mondocamping.com\/wp-content\/uploads\/2025\/07\/ebnt-400x200-1-2.png","contentUrl":"https:\/\/www.mondocamping.com\/wp-content\/uploads\/2025\/07\/ebnt-400x200-1-2.png","width":1200,"height":628},{"@type":"BreadcrumbList","@id":"https:\/\/www.mondocamping.com\/fr\/faita-federcamping-au-conseil-dadministration-de-loffice-national-bilateral-du-tourisme\/#breadcrumb","itemListElement":[{"@type":"ListItem","position":1,"name":"Home","item":"https:\/\/www.mondocamping.com\/fr\/"},{"@type":"ListItem","position":2,"name":"FAITA Federcamping au conseil d&rsquo;administration de l&rsquo;Office national bilat\u00e9ral du tourisme"}]},{"@type":"WebSite","@id":"https:\/\/www.mondocamping.com\/#website","url":"https:\/\/www.mondocamping.com\/","name":"Mondo Camping","description":"Le portail d\u00e9di\u00e9 aux gestionnaires de campings et villages touristiques","publisher":{"@id":"https:\/\/www.mondocamping.com\/#organization"},"potentialAction":[{"@type":"SearchAction","target":{"@type":"EntryPoint","urlTemplate":"https:\/\/www.mondocamping.com\/?s={search_term_string}"},"query-input":{"@type":"PropertyValueSpecification","valueRequired":true,"valueName":"search_term_string"}}],"inLanguage":"fr-FR"},{"@type":"Organization","@id":"https:\/\/www.mondocamping.com\/#organization","name":"Mondo Camping","url":"https:\/\/www.mondocamping.com\/","logo":{"@type":"ImageObject","inLanguage":"fr-FR","@id":"https:\/\/www.mondocamping.com\/#\/schema\/logo\/image\/","url":"https:\/\/www.mondocamping.com\/wp-content\/uploads\/2022\/04\/mondo-camping-logo-contornato-1.png","contentUrl":"https:\/\/www.mondocamping.com\/wp-content\/uploads\/2022\/04\/mondo-camping-logo-contornato-1.png","width":280,"height":90,"caption":"Mondo Camping"},"image":{"@id":"https:\/\/www.mondocamping.com\/#\/schema\/logo\/image\/"},"sameAs":["https:\/\/www.facebook.com\/mondobalneare","https:\/\/x.com\/mondobalneare","https:\/\/www.instagram.com\/mondobalneare\/","https:\/\/www.linkedin.com\/company\/67180810\/","https:\/\/www.youtube.com\/user\/mondobalnearevideo"]},{"@type":"Person","@id":"https:\/\/www.mondocamping.com\/#\/schema\/person\/01a031b8c5ef08c2204bb0e696f0a760","name":"Mondo Camping","image":{"@type":"ImageObject","inLanguage":"fr-FR","@id":"https:\/\/www.mondocamping.com\/wp-content\/uploads\/2022\/05\/cropped-icona-MONDO-CAMPING-150x150.png","url":"https:\/\/www.mondocamping.com\/wp-content\/uploads\/2022\/05\/cropped-icona-MONDO-CAMPING-150x150.png","contentUrl":"https:\/\/www.mondocamping.com\/wp-content\/uploads\/2022\/05\/cropped-icona-MONDO-CAMPING-150x150.png","caption":"Mondo Camping"},"sameAs":["https:\/\/www.mondocamping.com\/","https:\/\/www.facebook.com\/mondocamping"]}]}},"_links":{"self":[{"href":"https:\/\/www.mondocamping.com\/fr\/wp-json\/wp\/v2\/posts\/175133","targetHints":{"allow":["GET"]}}],"collection":[{"href":"https:\/\/www.mondocamping.com\/fr\/wp-json\/wp\/v2\/posts"}],"about":[{"href":"https:\/\/www.mondocamping.com\/fr\/wp-json\/wp\/v2\/types\/post"}],"author":[{"embeddable":true,"href":"https:\/\/www.mondocamping.com\/fr\/wp-json\/wp\/v2\/users\/5"}],"replies":[{"embeddable":true,"href":"https:\/\/www.mondocamping.com\/fr\/wp-json\/wp\/v2\/comments?post=175133"}],"version-history":[{"count":1,"href":"https:\/\/www.mondocamping.com\/fr\/wp-json\/wp\/v2\/posts\/175133\/revisions"}],"predecessor-version":[{"id":175134,"href":"https:\/\/www.mondocamping.com\/fr\/wp-json\/wp\/v2\/posts\/175133\/revisions\/175134"}],"wp:featuredmedia":[{"embeddable":true,"href":"https:\/\/www.mondocamping.com\/fr\/wp-json\/wp\/v2\/media\/175129"}],"wp:attachment":[{"href":"https:\/\/www.mondocamping.com\/fr\/wp-json\/wp\/v2\/media?parent=175133"}],"wp:term":[{"taxonomy":"category","embeddable":true,"href":"https:\/\/www.mondocamping.com\/fr\/wp-json\/wp\/v2\/categories?post=175133"},{"taxonomy":"post_tag","embeddable":true,"href":"https:\/\/www.mondocamping.com\/fr\/wp-json\/wp\/v2\/tags?post=175133"}],"curies":[{"name":"wp","href":"https:\/\/api.w.org\/{rel}","templated":true}]}}