{"id":175255,"date":"2025-07-30T15:38:59","date_gmt":"2025-07-30T13:38:59","guid":{"rendered":"https:\/\/www.mondocamping.com\/san-felice-del-benaco-le-meilleur-endroit-pour-camper-en-2025\/"},"modified":"2025-07-30T15:39:01","modified_gmt":"2025-07-30T13:39:01","slug":"san-felice-del-benaco-le-meilleur-endroit-pour-camper-en-2025","status":"publish","type":"post","link":"https:\/\/www.mondocamping.com\/fr\/san-felice-del-benaco-le-meilleur-endroit-pour-camper-en-2025\/","title":{"rendered":"San Felice del Benaco, le meilleur endroit pour camper en 2025"},"content":{"rendered":"\n<p><strong>San Felice del Benaco <\/strong>est situ\u00e9 sur la rive bresciane du <strong>lac de Garde<\/strong>, dans la r\u00e9gion de Valtenesi. Le village est entour\u00e9 de paysages verdoyants, ceux des pittoresques collines morainiques, et de vues enchanteresses sur le bleu, le long des belles plages qui en font une magnifique destination baln\u00e9aire. Une destination lacustre id\u00e9ale pour ceux qui recherchent des vacances relaxantes et immersives, o\u00f9 ils peuvent profiter de toute la beaut\u00e9 de la nature et des nombreuses attractions d&rsquo;int\u00e9r\u00eat historique et culturel, ainsi que d&rsquo;une gastronomie et d&rsquo;un vin excellents. <strong>San Felice del Benaco<\/strong> a toujours \u00e9t\u00e9 une perle de la province de Brescia, mais depuis cette ann\u00e9e, elle est aussi la <strong>\u00ab\u00a0meilleure commune italienne pour le camping 2025\u00a0\u00bb <\/strong>selon le portail <a href=\"http:\/\/jetcamp.com\/\"><strong>JetCamp.com<\/strong><\/a><strong>.<\/strong>  <\/p>\n\n<p>Il s&rsquo;agit d&rsquo;une r\u00e9compense prestigieuse pour le secteur du plein air sur le lac de Garde et pour la municipalit\u00e9, qui mise sur un tourisme de qualit\u00e9 ax\u00e9 sur la durabilit\u00e9 et l&rsquo;innovation. <strong>Les campings de San Felice del Benaco ont \u00e9t\u00e9 \u00e9valu\u00e9s avec une note globale de 8,61\/10<\/strong>, un excellent r\u00e9sultat obtenu gr\u00e2ce \u00e0 la qualit\u00e9 des installations et \u00e0 l&rsquo;efficacit\u00e9 des services, mais aussi \u00e0 la beaut\u00e9 de l&rsquo;endroit, nich\u00e9 entre les <strong>vignobles et les oliveraies<\/strong>, \u00e0 deux pas du lac.  <\/p>\n\n<p>Le<strong> <\/strong>Le village offre <strong>quatre kilom\u00e8tres de belles c\u00f4tes<\/strong> avec des \u00e9tablissements \u00e9quip\u00e9s et des baies libres. Les plages \u00e9quip\u00e9es sont la petite et pittoresque <strong>Baia del Vento,<\/strong> consid\u00e9r\u00e9e comme l&rsquo;une des plus belles de la r\u00e9gion, et la grande plage de galets de <strong>Porto San Felice.<\/strong> Les deux plages libres sont la petite <strong>Spiaggia Gardiola<\/strong> et celle de <strong>Porto Portese<\/strong>, une plage non \u00e9quip\u00e9e avec une zone r\u00e9serv\u00e9e aux chiens.    <\/p>\n\n<p>San Felice del Benaco est un fer de lance du tourisme lombard qui valorise et encourage le<em>plein air<\/em> comme une proposition \u00e0 la hauteur de la beaut\u00e9 naturelle et culturelle du territoire, pour des vacances authentiques et immersives. Comme l&rsquo;a d\u00e9clar\u00e9 <strong> <\/strong><strong>Barbara Mazzali<\/strong>, conseill\u00e8re en tourisme de la Lombardie : \u00ab\u00a0Je<em>e lac de Garde est un lieu d&rsquo;excellence reconnu au niveau international. Ici, la nature, l&rsquo;histoire et l&rsquo;hospitalit\u00e9 cr\u00e9ent un m\u00e9lange gagnant.   <\/em>Une <em>fois de plus, le tourisme lombard se confirme comme protagoniste parce qu&rsquo;il est capable de surprendre par la qualit\u00e9, la vari\u00e9t\u00e9 et l&rsquo;excellence de son offre<\/em>\u00ab\u00a0.<\/p>\n","protected":false},"excerpt":{"rendered":"<p>San Felice del Benaco est situ\u00e9 sur la rive bresciane du lac de Garde, dans la r\u00e9gion de Valtenesi. Le village est entour\u00e9 de paysages verdoyants, ceux des pittoresques collines morainiques, et de vues enchanteresses sur le bleu, le long des belles plages qui en font une magnifique destination baln\u00e9aire. Une destination lacustre id\u00e9ale pour [&hellip;]<\/p>\n","protected":false},"author":5,"featured_media":175251,"comment_status":"closed","ping_status":"closed","sticky":false,"template":"","format":"standard","meta":{"_acf_changed":false,"_monsterinsights_skip_tracking":false,"_monsterinsights_sitenote_active":false,"_monsterinsights_sitenote_note":"","_monsterinsights_sitenote_category":0,"footnotes":""},"categories":[4024],"tags":[3753,4189,7372,7376,6851,6550,7349,7375,7371],"class_list":["post-175255","post","type-post","status-publish","format-standard","has-post-thumbnail","hentry","category-actualite","tag-camping","tag-camping-fr","tag-jetcamp-com","tag-jetcamp-com-fr","tag-lair-libre","tag-lac-de-garde","tag-lombardie","tag-san-felice-del-benaco-fr","tag-san-felice-del-benaco"],"acf":[],"yoast_head":"<!-- This site is optimized with the Yoast SEO plugin v27.5 - https:\/\/yoast.com\/product\/yoast-seo-wordpress\/ -->\n<title>San Felice del Benaco, le meilleur endroit pour camper en 2025<\/title>\n<meta name=\"robots\" content=\"index, follow, max-snippet:-1, max-image-preview:large, max-video-preview:-1\" \/>\n<link rel=\"canonical\" href=\"https:\/\/www.mondocamping.com\/fr\/san-felice-del-benaco-le-meilleur-endroit-pour-camper-en-2025\/\" \/>\n<meta property=\"og:locale\" content=\"fr_FR\" \/>\n<meta property=\"og:type\" content=\"article\" \/>\n<meta property=\"og:title\" content=\"San Felice del Benaco, le meilleur endroit pour camper en 2025\" \/>\n<meta property=\"og:description\" content=\"San Felice del Benaco est situ\u00e9 sur la rive bresciane du lac de Garde, dans la r\u00e9gion de Valtenesi. Le village est entour\u00e9 de paysages verdoyants, ceux des pittoresques collines morainiques, et de vues enchanteresses sur le bleu, le long des belles plages qui en font une magnifique destination baln\u00e9aire. Une destination lacustre id\u00e9ale pour [&hellip;]\" \/>\n<meta property=\"og:url\" content=\"https:\/\/www.mondocamping.com\/fr\/san-felice-del-benaco-le-meilleur-endroit-pour-camper-en-2025\/\" \/>\n<meta property=\"og:site_name\" content=\"Mondo Camping\" \/>\n<meta property=\"article:publisher\" content=\"https:\/\/www.facebook.com\/mondobalneare\" \/>\n<meta property=\"article:author\" content=\"https:\/\/www.facebook.com\/mondocamping\" \/>\n<meta property=\"article:published_time\" content=\"2025-07-30T13:38:59+00:00\" \/>\n<meta property=\"article:modified_time\" content=\"2025-07-30T13:39:01+00:00\" \/>\n<meta property=\"og:image\" content=\"https:\/\/www.mondocamping.com\/wp-content\/uploads\/2025\/07\/michelangelo-azzariti-6d9T6u_SGCE-unsplash-2.jpg\" \/>\n\t<meta property=\"og:image:width\" content=\"1200\" \/>\n\t<meta property=\"og:image:height\" content=\"628\" \/>\n\t<meta property=\"og:image:type\" content=\"image\/jpeg\" \/>\n<meta name=\"author\" content=\"Mondo Camping\" \/>\n<meta name=\"twitter:card\" content=\"summary_large_image\" \/>\n<meta name=\"twitter:creator\" content=\"@mondobalneare\" \/>\n<meta name=\"twitter:site\" content=\"@mondobalneare\" \/>\n<meta name=\"twitter:label1\" content=\"\u00c9crit par\" \/>\n\t<meta name=\"twitter:data1\" content=\"Mondo Camping\" \/>\n\t<meta name=\"twitter:label2\" content=\"Dur\u00e9e de lecture estim\u00e9e\" \/>\n\t<meta name=\"twitter:data2\" content=\"2 minutes\" \/>\n<script type=\"application\/ld+json\" class=\"yoast-schema-graph\">{\"@context\":\"https:\\\/\\\/schema.org\",\"@graph\":[{\"@type\":\"Article\",\"@id\":\"https:\\\/\\\/www.mondocamping.com\\\/fr\\\/san-felice-del-benaco-le-meilleur-endroit-pour-camper-en-2025\\\/#article\",\"isPartOf\":{\"@id\":\"https:\\\/\\\/www.mondocamping.com\\\/fr\\\/san-felice-del-benaco-le-meilleur-endroit-pour-camper-en-2025\\\/\"},\"author\":{\"name\":\"Mondo Camping\",\"@id\":\"https:\\\/\\\/www.mondocamping.com\\\/#\\\/schema\\\/person\\\/01a031b8c5ef08c2204bb0e696f0a760\"},\"headline\":\"San Felice del Benaco, le meilleur endroit pour camper en 2025\",\"datePublished\":\"2025-07-30T13:38:59+00:00\",\"dateModified\":\"2025-07-30T13:39:01+00:00\",\"mainEntityOfPage\":{\"@id\":\"https:\\\/\\\/www.mondocamping.com\\\/fr\\\/san-felice-del-benaco-le-meilleur-endroit-pour-camper-en-2025\\\/\"},\"wordCount\":419,\"publisher\":{\"@id\":\"https:\\\/\\\/www.mondocamping.com\\\/#organization\"},\"image\":{\"@id\":\"https:\\\/\\\/www.mondocamping.com\\\/fr\\\/san-felice-del-benaco-le-meilleur-endroit-pour-camper-en-2025\\\/#primaryimage\"},\"thumbnailUrl\":\"https:\\\/\\\/www.mondocamping.com\\\/wp-content\\\/uploads\\\/2025\\\/07\\\/michelangelo-azzariti-6d9T6u_SGCE-unsplash-2.jpg\",\"keywords\":[\"camping\",\"camping\",\"JetCamp.com\",\"JetCamp.com\",\"l'air libre\",\"Lac de Garde\",\"Lombardie\",\"San Felice del Benaco\",\"San Felice del Benaco\"],\"articleSection\":[\"Actualit\u00e9\"],\"inLanguage\":\"fr-FR\"},{\"@type\":\"WebPage\",\"@id\":\"https:\\\/\\\/www.mondocamping.com\\\/fr\\\/san-felice-del-benaco-le-meilleur-endroit-pour-camper-en-2025\\\/\",\"url\":\"https:\\\/\\\/www.mondocamping.com\\\/fr\\\/san-felice-del-benaco-le-meilleur-endroit-pour-camper-en-2025\\\/\",\"name\":\"San Felice del Benaco, le meilleur endroit pour camper en 2025\",\"isPartOf\":{\"@id\":\"https:\\\/\\\/www.mondocamping.com\\\/#website\"},\"primaryImageOfPage\":{\"@id\":\"https:\\\/\\\/www.mondocamping.com\\\/fr\\\/san-felice-del-benaco-le-meilleur-endroit-pour-camper-en-2025\\\/#primaryimage\"},\"image\":{\"@id\":\"https:\\\/\\\/www.mondocamping.com\\\/fr\\\/san-felice-del-benaco-le-meilleur-endroit-pour-camper-en-2025\\\/#primaryimage\"},\"thumbnailUrl\":\"https:\\\/\\\/www.mondocamping.com\\\/wp-content\\\/uploads\\\/2025\\\/07\\\/michelangelo-azzariti-6d9T6u_SGCE-unsplash-2.jpg\",\"datePublished\":\"2025-07-30T13:38:59+00:00\",\"dateModified\":\"2025-07-30T13:39:01+00:00\",\"breadcrumb\":{\"@id\":\"https:\\\/\\\/www.mondocamping.com\\\/fr\\\/san-felice-del-benaco-le-meilleur-endroit-pour-camper-en-2025\\\/#breadcrumb\"},\"inLanguage\":\"fr-FR\",\"potentialAction\":[{\"@type\":\"ReadAction\",\"target\":[\"https:\\\/\\\/www.mondocamping.com\\\/fr\\\/san-felice-del-benaco-le-meilleur-endroit-pour-camper-en-2025\\\/\"]}]},{\"@type\":\"ImageObject\",\"inLanguage\":\"fr-FR\",\"@id\":\"https:\\\/\\\/www.mondocamping.com\\\/fr\\\/san-felice-del-benaco-le-meilleur-endroit-pour-camper-en-2025\\\/#primaryimage\",\"url\":\"https:\\\/\\\/www.mondocamping.com\\\/wp-content\\\/uploads\\\/2025\\\/07\\\/michelangelo-azzariti-6d9T6u_SGCE-unsplash-2.jpg\",\"contentUrl\":\"https:\\\/\\\/www.mondocamping.com\\\/wp-content\\\/uploads\\\/2025\\\/07\\\/michelangelo-azzariti-6d9T6u_SGCE-unsplash-2.jpg\",\"width\":1200,\"height\":628},{\"@type\":\"BreadcrumbList\",\"@id\":\"https:\\\/\\\/www.mondocamping.com\\\/fr\\\/san-felice-del-benaco-le-meilleur-endroit-pour-camper-en-2025\\\/#breadcrumb\",\"itemListElement\":[{\"@type\":\"ListItem\",\"position\":1,\"name\":\"Home\",\"item\":\"https:\\\/\\\/www.mondocamping.com\\\/fr\\\/\"},{\"@type\":\"ListItem\",\"position\":2,\"name\":\"San Felice del Benaco, le meilleur endroit pour camper en 2025\"}]},{\"@type\":\"WebSite\",\"@id\":\"https:\\\/\\\/www.mondocamping.com\\\/#website\",\"url\":\"https:\\\/\\\/www.mondocamping.com\\\/\",\"name\":\"Mondo Camping\",\"description\":\"Le portail d\u00e9di\u00e9 aux gestionnaires de campings et villages touristiques\",\"publisher\":{\"@id\":\"https:\\\/\\\/www.mondocamping.com\\\/#organization\"},\"potentialAction\":[{\"@type\":\"SearchAction\",\"target\":{\"@type\":\"EntryPoint\",\"urlTemplate\":\"https:\\\/\\\/www.mondocamping.com\\\/?s={search_term_string}\"},\"query-input\":{\"@type\":\"PropertyValueSpecification\",\"valueRequired\":true,\"valueName\":\"search_term_string\"}}],\"inLanguage\":\"fr-FR\"},{\"@type\":\"Organization\",\"@id\":\"https:\\\/\\\/www.mondocamping.com\\\/#organization\",\"name\":\"Mondo Camping\",\"url\":\"https:\\\/\\\/www.mondocamping.com\\\/\",\"logo\":{\"@type\":\"ImageObject\",\"inLanguage\":\"fr-FR\",\"@id\":\"https:\\\/\\\/www.mondocamping.com\\\/#\\\/schema\\\/logo\\\/image\\\/\",\"url\":\"https:\\\/\\\/www.mondocamping.com\\\/wp-content\\\/uploads\\\/2022\\\/04\\\/mondo-camping-logo-contornato-1.png\",\"contentUrl\":\"https:\\\/\\\/www.mondocamping.com\\\/wp-content\\\/uploads\\\/2022\\\/04\\\/mondo-camping-logo-contornato-1.png\",\"width\":280,\"height\":90,\"caption\":\"Mondo Camping\"},\"image\":{\"@id\":\"https:\\\/\\\/www.mondocamping.com\\\/#\\\/schema\\\/logo\\\/image\\\/\"},\"sameAs\":[\"https:\\\/\\\/www.facebook.com\\\/mondobalneare\",\"https:\\\/\\\/x.com\\\/mondobalneare\",\"https:\\\/\\\/www.instagram.com\\\/mondobalneare\\\/\",\"https:\\\/\\\/www.linkedin.com\\\/company\\\/67180810\\\/\",\"https:\\\/\\\/www.youtube.com\\\/user\\\/mondobalnearevideo\"]},{\"@type\":\"Person\",\"@id\":\"https:\\\/\\\/www.mondocamping.com\\\/#\\\/schema\\\/person\\\/01a031b8c5ef08c2204bb0e696f0a760\",\"name\":\"Mondo Camping\",\"image\":{\"@type\":\"ImageObject\",\"inLanguage\":\"fr-FR\",\"@id\":\"https:\\\/\\\/www.mondocamping.com\\\/wp-content\\\/uploads\\\/2022\\\/05\\\/cropped-icona-MONDO-CAMPING-150x150.png\",\"url\":\"https:\\\/\\\/www.mondocamping.com\\\/wp-content\\\/uploads\\\/2022\\\/05\\\/cropped-icona-MONDO-CAMPING-150x150.png\",\"contentUrl\":\"https:\\\/\\\/www.mondocamping.com\\\/wp-content\\\/uploads\\\/2022\\\/05\\\/cropped-icona-MONDO-CAMPING-150x150.png\",\"caption\":\"Mondo Camping\"},\"sameAs\":[\"https:\\\/\\\/www.mondocamping.com\\\/\",\"https:\\\/\\\/www.facebook.com\\\/mondocamping\"]}]}<\/script>\n<!-- \/ Yoast SEO plugin. -->","yoast_head_json":{"title":"San Felice del Benaco, le meilleur endroit pour camper en 2025","robots":{"index":"index","follow":"follow","max-snippet":"max-snippet:-1","max-image-preview":"max-image-preview:large","max-video-preview":"max-video-preview:-1"},"canonical":"https:\/\/www.mondocamping.com\/fr\/san-felice-del-benaco-le-meilleur-endroit-pour-camper-en-2025\/","og_locale":"fr_FR","og_type":"article","og_title":"San Felice del Benaco, le meilleur endroit pour camper en 2025","og_description":"San Felice del Benaco est situ\u00e9 sur la rive bresciane du lac de Garde, dans la r\u00e9gion de Valtenesi. Le village est entour\u00e9 de paysages verdoyants, ceux des pittoresques collines morainiques, et de vues enchanteresses sur le bleu, le long des belles plages qui en font une magnifique destination baln\u00e9aire. Une destination lacustre id\u00e9ale pour [&hellip;]","og_url":"https:\/\/www.mondocamping.com\/fr\/san-felice-del-benaco-le-meilleur-endroit-pour-camper-en-2025\/","og_site_name":"Mondo Camping","article_publisher":"https:\/\/www.facebook.com\/mondobalneare","article_author":"https:\/\/www.facebook.com\/mondocamping","article_published_time":"2025-07-30T13:38:59+00:00","article_modified_time":"2025-07-30T13:39:01+00:00","og_image":[{"width":1200,"height":628,"url":"https:\/\/www.mondocamping.com\/wp-content\/uploads\/2025\/07\/michelangelo-azzariti-6d9T6u_SGCE-unsplash-2.jpg","type":"image\/jpeg"}],"author":"Mondo Camping","twitter_card":"summary_large_image","twitter_creator":"@mondobalneare","twitter_site":"@mondobalneare","twitter_misc":{"\u00c9crit par":"Mondo Camping","Dur\u00e9e de lecture estim\u00e9e":"2 minutes"},"schema":{"@context":"https:\/\/schema.org","@graph":[{"@type":"Article","@id":"https:\/\/www.mondocamping.com\/fr\/san-felice-del-benaco-le-meilleur-endroit-pour-camper-en-2025\/#article","isPartOf":{"@id":"https:\/\/www.mondocamping.com\/fr\/san-felice-del-benaco-le-meilleur-endroit-pour-camper-en-2025\/"},"author":{"name":"Mondo Camping","@id":"https:\/\/www.mondocamping.com\/#\/schema\/person\/01a031b8c5ef08c2204bb0e696f0a760"},"headline":"San Felice del Benaco, le meilleur endroit pour camper en 2025","datePublished":"2025-07-30T13:38:59+00:00","dateModified":"2025-07-30T13:39:01+00:00","mainEntityOfPage":{"@id":"https:\/\/www.mondocamping.com\/fr\/san-felice-del-benaco-le-meilleur-endroit-pour-camper-en-2025\/"},"wordCount":419,"publisher":{"@id":"https:\/\/www.mondocamping.com\/#organization"},"image":{"@id":"https:\/\/www.mondocamping.com\/fr\/san-felice-del-benaco-le-meilleur-endroit-pour-camper-en-2025\/#primaryimage"},"thumbnailUrl":"https:\/\/www.mondocamping.com\/wp-content\/uploads\/2025\/07\/michelangelo-azzariti-6d9T6u_SGCE-unsplash-2.jpg","keywords":["camping","camping","JetCamp.com","JetCamp.com","l'air libre","Lac de Garde","Lombardie","San Felice del Benaco","San Felice del Benaco"],"articleSection":["Actualit\u00e9"],"inLanguage":"fr-FR"},{"@type":"WebPage","@id":"https:\/\/www.mondocamping.com\/fr\/san-felice-del-benaco-le-meilleur-endroit-pour-camper-en-2025\/","url":"https:\/\/www.mondocamping.com\/fr\/san-felice-del-benaco-le-meilleur-endroit-pour-camper-en-2025\/","name":"San Felice del Benaco, le meilleur endroit pour camper en 2025","isPartOf":{"@id":"https:\/\/www.mondocamping.com\/#website"},"primaryImageOfPage":{"@id":"https:\/\/www.mondocamping.com\/fr\/san-felice-del-benaco-le-meilleur-endroit-pour-camper-en-2025\/#primaryimage"},"image":{"@id":"https:\/\/www.mondocamping.com\/fr\/san-felice-del-benaco-le-meilleur-endroit-pour-camper-en-2025\/#primaryimage"},"thumbnailUrl":"https:\/\/www.mondocamping.com\/wp-content\/uploads\/2025\/07\/michelangelo-azzariti-6d9T6u_SGCE-unsplash-2.jpg","datePublished":"2025-07-30T13:38:59+00:00","dateModified":"2025-07-30T13:39:01+00:00","breadcrumb":{"@id":"https:\/\/www.mondocamping.com\/fr\/san-felice-del-benaco-le-meilleur-endroit-pour-camper-en-2025\/#breadcrumb"},"inLanguage":"fr-FR","potentialAction":[{"@type":"ReadAction","target":["https:\/\/www.mondocamping.com\/fr\/san-felice-del-benaco-le-meilleur-endroit-pour-camper-en-2025\/"]}]},{"@type":"ImageObject","inLanguage":"fr-FR","@id":"https:\/\/www.mondocamping.com\/fr\/san-felice-del-benaco-le-meilleur-endroit-pour-camper-en-2025\/#primaryimage","url":"https:\/\/www.mondocamping.com\/wp-content\/uploads\/2025\/07\/michelangelo-azzariti-6d9T6u_SGCE-unsplash-2.jpg","contentUrl":"https:\/\/www.mondocamping.com\/wp-content\/uploads\/2025\/07\/michelangelo-azzariti-6d9T6u_SGCE-unsplash-2.jpg","width":1200,"height":628},{"@type":"BreadcrumbList","@id":"https:\/\/www.mondocamping.com\/fr\/san-felice-del-benaco-le-meilleur-endroit-pour-camper-en-2025\/#breadcrumb","itemListElement":[{"@type":"ListItem","position":1,"name":"Home","item":"https:\/\/www.mondocamping.com\/fr\/"},{"@type":"ListItem","position":2,"name":"San Felice del Benaco, le meilleur endroit pour camper en 2025"}]},{"@type":"WebSite","@id":"https:\/\/www.mondocamping.com\/#website","url":"https:\/\/www.mondocamping.com\/","name":"Mondo Camping","description":"Le portail d\u00e9di\u00e9 aux gestionnaires de campings et villages touristiques","publisher":{"@id":"https:\/\/www.mondocamping.com\/#organization"},"potentialAction":[{"@type":"SearchAction","target":{"@type":"EntryPoint","urlTemplate":"https:\/\/www.mondocamping.com\/?s={search_term_string}"},"query-input":{"@type":"PropertyValueSpecification","valueRequired":true,"valueName":"search_term_string"}}],"inLanguage":"fr-FR"},{"@type":"Organization","@id":"https:\/\/www.mondocamping.com\/#organization","name":"Mondo Camping","url":"https:\/\/www.mondocamping.com\/","logo":{"@type":"ImageObject","inLanguage":"fr-FR","@id":"https:\/\/www.mondocamping.com\/#\/schema\/logo\/image\/","url":"https:\/\/www.mondocamping.com\/wp-content\/uploads\/2022\/04\/mondo-camping-logo-contornato-1.png","contentUrl":"https:\/\/www.mondocamping.com\/wp-content\/uploads\/2022\/04\/mondo-camping-logo-contornato-1.png","width":280,"height":90,"caption":"Mondo Camping"},"image":{"@id":"https:\/\/www.mondocamping.com\/#\/schema\/logo\/image\/"},"sameAs":["https:\/\/www.facebook.com\/mondobalneare","https:\/\/x.com\/mondobalneare","https:\/\/www.instagram.com\/mondobalneare\/","https:\/\/www.linkedin.com\/company\/67180810\/","https:\/\/www.youtube.com\/user\/mondobalnearevideo"]},{"@type":"Person","@id":"https:\/\/www.mondocamping.com\/#\/schema\/person\/01a031b8c5ef08c2204bb0e696f0a760","name":"Mondo Camping","image":{"@type":"ImageObject","inLanguage":"fr-FR","@id":"https:\/\/www.mondocamping.com\/wp-content\/uploads\/2022\/05\/cropped-icona-MONDO-CAMPING-150x150.png","url":"https:\/\/www.mondocamping.com\/wp-content\/uploads\/2022\/05\/cropped-icona-MONDO-CAMPING-150x150.png","contentUrl":"https:\/\/www.mondocamping.com\/wp-content\/uploads\/2022\/05\/cropped-icona-MONDO-CAMPING-150x150.png","caption":"Mondo Camping"},"sameAs":["https:\/\/www.mondocamping.com\/","https:\/\/www.facebook.com\/mondocamping"]}]}},"_links":{"self":[{"href":"https:\/\/www.mondocamping.com\/fr\/wp-json\/wp\/v2\/posts\/175255","targetHints":{"allow":["GET"]}}],"collection":[{"href":"https:\/\/www.mondocamping.com\/fr\/wp-json\/wp\/v2\/posts"}],"about":[{"href":"https:\/\/www.mondocamping.com\/fr\/wp-json\/wp\/v2\/types\/post"}],"author":[{"embeddable":true,"href":"https:\/\/www.mondocamping.com\/fr\/wp-json\/wp\/v2\/users\/5"}],"replies":[{"embeddable":true,"href":"https:\/\/www.mondocamping.com\/fr\/wp-json\/wp\/v2\/comments?post=175255"}],"version-history":[{"count":1,"href":"https:\/\/www.mondocamping.com\/fr\/wp-json\/wp\/v2\/posts\/175255\/revisions"}],"predecessor-version":[{"id":175256,"href":"https:\/\/www.mondocamping.com\/fr\/wp-json\/wp\/v2\/posts\/175255\/revisions\/175256"}],"wp:featuredmedia":[{"embeddable":true,"href":"https:\/\/www.mondocamping.com\/fr\/wp-json\/wp\/v2\/media\/175251"}],"wp:attachment":[{"href":"https:\/\/www.mondocamping.com\/fr\/wp-json\/wp\/v2\/media?parent=175255"}],"wp:term":[{"taxonomy":"category","embeddable":true,"href":"https:\/\/www.mondocamping.com\/fr\/wp-json\/wp\/v2\/categories?post=175255"},{"taxonomy":"post_tag","embeddable":true,"href":"https:\/\/www.mondocamping.com\/fr\/wp-json\/wp\/v2\/tags?post=175255"}],"curies":[{"name":"wp","href":"https:\/\/api.w.org\/{rel}","templated":true}]}}