{"id":175787,"date":"2025-09-03T22:03:35","date_gmt":"2025-09-03T20:03:35","guid":{"rendered":"https:\/\/www.mondocamping.com\/salon-du-camping-car-16e-edition-du-13-au-21-septembre\/"},"modified":"2025-09-03T22:03:36","modified_gmt":"2025-09-03T20:03:36","slug":"salon-du-camping-car-16e-edition-du-13-au-21-septembre","status":"publish","type":"post","link":"https:\/\/www.mondocamping.com\/fr\/salon-du-camping-car-16e-edition-du-13-au-21-septembre\/","title":{"rendered":"Salon du camping-car : 16e \u00e9dition du 13 au 21 septembre"},"content":{"rendered":"\n<p>L&rsquo;inauguration de la<a href=\"https:\/\/www.salonedelcamper.it\/\"><strong> 16e \u00e9dition du Camper Salon<\/strong><\/a>organis\u00e9 par <strong>les Foires de Parme en collaboration avec l&rsquo;APC (Associazione Produttori Caravan e Camper).<\/strong> Un \u00e9v\u00e9nement incontournable qui n&rsquo;a cess\u00e9 de cro\u00eetre au fil des ans. L&rsquo;objectif pour 2025 est de d\u00e9passer les records de l&rsquo;\u00e9dition pr\u00e9c\u00e9dente : 2024 a enregistr\u00e9 plus de 330 exposants au total (dont 65 \u00e9trangers provenant de 16 pays diff\u00e9rents), une surface d&rsquo;exposition totale de plus de 110 000 m\u00e8tres et la pr\u00e9sence de plus de 600 mod\u00e8les diff\u00e9rents de v\u00e9hicules de loisirs, plus de 100 000 entr\u00e9es et plus de 55 000 billets \u00e9mis en ligne.    <\/p>\n\n<p>Le rideau de la 16e \u00e9dition du Salon s&rsquo;ouvrira \u00e0 11 heures, dans la salle Pietro Barilla. R\u00e9servez la date, rendez-vous du <strong>13 au 21 septembre.<\/strong> <\/p>\n\n<h2 class=\"wp-block-heading\">Camping-cars et caravanes, luxe accessible  <\/h2>\n\n<p>Les camping-cars et les caravanes sont un luxe de plus en plus accessible et de plus en plus polyvalent, con\u00e7u non seulement pour voyager mais aussi pour vivre, une tendance qui se d\u00e9veloppe \u00e9galement en Italie.  <\/p>\n\n<p><strong>Antonio Cellie,<\/strong> PDG de Fiere di Parma, d\u00e9clare :<em> \u00ab\u00a0Le Camper Show repr\u00e9sente le point de r\u00e9f\u00e9rence pour le tourisme de plein air et constitue le rendez-vous d&rsquo;affaires le plus important pour les op\u00e9rateurs italiens du secteur. Malgr\u00e9 la crise g\u00e9n\u00e9rale de l&rsquo;industrie automobile, le march\u00e9 des v\u00e9hicules de loisirs est en pleine expansion : les estimations pr\u00e9voient une croissance du march\u00e9 europ\u00e9en d&rsquo;environ 7 % par an. Les camping-cars et les caravanes repr\u00e9sentent de plus en plus un style de vacances et de vie, un nouveau type de luxe, celui de la libert\u00e9 de voyager et de se d\u00e9placer\u00a0\u00bb.<\/em><\/p>\n\n<p>Le tourisme de plein air \u00e9volue, s&rsquo;ouvre \u00e0 de nouvelles demandes, celles de v\u00e9hicules de loisirs de plus en plus connect\u00e9s et \u00e9quip\u00e9s pour voyager, travailler et vivre, dans des environnements dot\u00e9s de tout le confort et de plus en plus propices au luxe.<\/p>\n\n<p>Aujourd&rsquo;hui, la tendance est double : disposer de <strong>camping-cars personnalis\u00e9s et high-tech qui permettent \u00e9galement de travailler \u00e0 distance<\/strong>. De plus en plus de professionnels choisissent de travailler en camping-car, avec un panorama diff\u00e9rent chaque jour. Mais la tendance est aussi aux camping-cars de plus en plus verts et design, presque \u00ab\u00a0\u00e0 la mode\u00a0\u00bb.  <\/p>\n\n<p><strong><em>Simone Niccolai, <\/em><\/strong>Pr\u00e9sident d&rsquo;APC Italie, d\u00e9clare<em>: \u00ab\u00a0Le voyageur\/touriste souhaite de plus en plus utiliser son temps pour vivre des exp\u00e9riences uniques avec sa famille en contact avec la nature. En t\u00e9moignent la croissance des immatriculations, + 19 % en 2024, et l&rsquo;investissement continu des entreprises italiennes et \u00e9trang\u00e8res, qui utilisent les technologies les plus avanc\u00e9es pour cr\u00e9er des camping-cars de plus en plus confortables, s\u00fbrs et respectueux de l&rsquo;environnement\u00a0\u00bb.<\/em><\/p>\n","protected":false},"excerpt":{"rendered":"<p>L&rsquo;inauguration de la 16e \u00e9dition du Camper Salonorganis\u00e9 par les Foires de Parme en collaboration avec l&rsquo;APC (Associazione Produttori Caravan e Camper). Un \u00e9v\u00e9nement incontournable qui n&rsquo;a cess\u00e9 de cro\u00eetre au fil des ans. L&rsquo;objectif pour 2025 est de d\u00e9passer les records de l&rsquo;\u00e9dition pr\u00e9c\u00e9dente : 2024 a enregistr\u00e9 plus de 330 exposants au total [&hellip;]<\/p>\n","protected":false},"author":5,"featured_media":175770,"comment_status":"closed","ping_status":"closed","sticky":false,"template":"","format":"standard","meta":{"_acf_changed":false,"_monsterinsights_skip_tracking":false,"_monsterinsights_sitenote_active":false,"_monsterinsights_sitenote_note":"","_monsterinsights_sitenote_category":0,"footnotes":""},"categories":[4024],"tags":[7442,3753,6448,7440,7441,6851,6468],"class_list":["post-175787","post","type-post","status-publish","format-standard","has-post-thumbnail","hentry","category-actualite","tag-campeur","tag-camping","tag-caravane","tag-foire-aux-campeurs","tag-foire-de-parme","tag-lair-libre","tag-parme"],"acf":[],"yoast_head":"<!-- This site is optimized with the Yoast SEO plugin v27.5 - https:\/\/yoast.com\/product\/yoast-seo-wordpress\/ -->\n<title>Salon du camping-car : 16e \u00e9dition du 13 au 21 septembre<\/title>\n<meta name=\"robots\" content=\"index, follow, max-snippet:-1, max-image-preview:large, max-video-preview:-1\" \/>\n<link rel=\"canonical\" href=\"https:\/\/www.mondocamping.com\/fr\/salon-du-camping-car-16e-edition-du-13-au-21-septembre\/\" \/>\n<meta property=\"og:locale\" content=\"fr_FR\" \/>\n<meta property=\"og:type\" content=\"article\" \/>\n<meta property=\"og:title\" content=\"Salon du camping-car : 16e \u00e9dition du 13 au 21 septembre\" \/>\n<meta property=\"og:description\" content=\"L&rsquo;inauguration de la 16e \u00e9dition du Camper Salonorganis\u00e9 par les Foires de Parme en collaboration avec l&rsquo;APC (Associazione Produttori Caravan e Camper). Un \u00e9v\u00e9nement incontournable qui n&rsquo;a cess\u00e9 de cro\u00eetre au fil des ans. L&rsquo;objectif pour 2025 est de d\u00e9passer les records de l&rsquo;\u00e9dition pr\u00e9c\u00e9dente : 2024 a enregistr\u00e9 plus de 330 exposants au total [&hellip;]\" \/>\n<meta property=\"og:url\" content=\"https:\/\/www.mondocamping.com\/fr\/salon-du-camping-car-16e-edition-du-13-au-21-septembre\/\" \/>\n<meta property=\"og:site_name\" content=\"Mondo Camping\" \/>\n<meta property=\"article:publisher\" content=\"https:\/\/www.facebook.com\/mondobalneare\" \/>\n<meta property=\"article:author\" content=\"https:\/\/www.facebook.com\/mondocamping\" \/>\n<meta property=\"article:published_time\" content=\"2025-09-03T20:03:35+00:00\" \/>\n<meta property=\"article:modified_time\" content=\"2025-09-03T20:03:36+00:00\" \/>\n<meta property=\"og:image\" content=\"https:\/\/www.mondocamping.com\/wp-content\/uploads\/2025\/09\/Screenshot-2025-09-02-alle-18.52.08.png\" \/>\n\t<meta property=\"og:image:width\" content=\"1200\" \/>\n\t<meta property=\"og:image:height\" content=\"628\" \/>\n\t<meta property=\"og:image:type\" content=\"image\/png\" \/>\n<meta name=\"author\" content=\"Mondo Camping\" \/>\n<meta name=\"twitter:card\" content=\"summary_large_image\" \/>\n<meta name=\"twitter:creator\" content=\"@mondobalneare\" \/>\n<meta name=\"twitter:site\" content=\"@mondobalneare\" \/>\n<meta name=\"twitter:label1\" content=\"\u00c9crit par\" \/>\n\t<meta name=\"twitter:data1\" content=\"Mondo Camping\" \/>\n\t<meta name=\"twitter:label2\" content=\"Dur\u00e9e de lecture estim\u00e9e\" \/>\n\t<meta name=\"twitter:data2\" content=\"2 minutes\" \/>\n<script type=\"application\/ld+json\" class=\"yoast-schema-graph\">{\"@context\":\"https:\\\/\\\/schema.org\",\"@graph\":[{\"@type\":\"Article\",\"@id\":\"https:\\\/\\\/www.mondocamping.com\\\/fr\\\/salon-du-camping-car-16e-edition-du-13-au-21-septembre\\\/#article\",\"isPartOf\":{\"@id\":\"https:\\\/\\\/www.mondocamping.com\\\/fr\\\/salon-du-camping-car-16e-edition-du-13-au-21-septembre\\\/\"},\"author\":{\"name\":\"Mondo Camping\",\"@id\":\"https:\\\/\\\/www.mondocamping.com\\\/#\\\/schema\\\/person\\\/01a031b8c5ef08c2204bb0e696f0a760\"},\"headline\":\"Salon du camping-car : 16e \u00e9dition du 13 au 21 septembre\",\"datePublished\":\"2025-09-03T20:03:35+00:00\",\"dateModified\":\"2025-09-03T20:03:36+00:00\",\"mainEntityOfPage\":{\"@id\":\"https:\\\/\\\/www.mondocamping.com\\\/fr\\\/salon-du-camping-car-16e-edition-du-13-au-21-septembre\\\/\"},\"wordCount\":471,\"publisher\":{\"@id\":\"https:\\\/\\\/www.mondocamping.com\\\/#organization\"},\"image\":{\"@id\":\"https:\\\/\\\/www.mondocamping.com\\\/fr\\\/salon-du-camping-car-16e-edition-du-13-au-21-septembre\\\/#primaryimage\"},\"thumbnailUrl\":\"https:\\\/\\\/www.mondocamping.com\\\/wp-content\\\/uploads\\\/2025\\\/09\\\/Screenshot-2025-09-02-alle-18.52.08.png\",\"keywords\":[\"Campeur\",\"camping\",\"caravane\",\"Foire aux campeurs\",\"Foire de Parme\",\"l'air libre\",\"Parme\"],\"articleSection\":[\"Actualit\u00e9\"],\"inLanguage\":\"fr-FR\"},{\"@type\":\"WebPage\",\"@id\":\"https:\\\/\\\/www.mondocamping.com\\\/fr\\\/salon-du-camping-car-16e-edition-du-13-au-21-septembre\\\/\",\"url\":\"https:\\\/\\\/www.mondocamping.com\\\/fr\\\/salon-du-camping-car-16e-edition-du-13-au-21-septembre\\\/\",\"name\":\"Salon du camping-car : 16e \u00e9dition du 13 au 21 septembre\",\"isPartOf\":{\"@id\":\"https:\\\/\\\/www.mondocamping.com\\\/#website\"},\"primaryImageOfPage\":{\"@id\":\"https:\\\/\\\/www.mondocamping.com\\\/fr\\\/salon-du-camping-car-16e-edition-du-13-au-21-septembre\\\/#primaryimage\"},\"image\":{\"@id\":\"https:\\\/\\\/www.mondocamping.com\\\/fr\\\/salon-du-camping-car-16e-edition-du-13-au-21-septembre\\\/#primaryimage\"},\"thumbnailUrl\":\"https:\\\/\\\/www.mondocamping.com\\\/wp-content\\\/uploads\\\/2025\\\/09\\\/Screenshot-2025-09-02-alle-18.52.08.png\",\"datePublished\":\"2025-09-03T20:03:35+00:00\",\"dateModified\":\"2025-09-03T20:03:36+00:00\",\"breadcrumb\":{\"@id\":\"https:\\\/\\\/www.mondocamping.com\\\/fr\\\/salon-du-camping-car-16e-edition-du-13-au-21-septembre\\\/#breadcrumb\"},\"inLanguage\":\"fr-FR\",\"potentialAction\":[{\"@type\":\"ReadAction\",\"target\":[\"https:\\\/\\\/www.mondocamping.com\\\/fr\\\/salon-du-camping-car-16e-edition-du-13-au-21-septembre\\\/\"]}]},{\"@type\":\"ImageObject\",\"inLanguage\":\"fr-FR\",\"@id\":\"https:\\\/\\\/www.mondocamping.com\\\/fr\\\/salon-du-camping-car-16e-edition-du-13-au-21-septembre\\\/#primaryimage\",\"url\":\"https:\\\/\\\/www.mondocamping.com\\\/wp-content\\\/uploads\\\/2025\\\/09\\\/Screenshot-2025-09-02-alle-18.52.08.png\",\"contentUrl\":\"https:\\\/\\\/www.mondocamping.com\\\/wp-content\\\/uploads\\\/2025\\\/09\\\/Screenshot-2025-09-02-alle-18.52.08.png\",\"width\":1200,\"height\":628},{\"@type\":\"BreadcrumbList\",\"@id\":\"https:\\\/\\\/www.mondocamping.com\\\/fr\\\/salon-du-camping-car-16e-edition-du-13-au-21-septembre\\\/#breadcrumb\",\"itemListElement\":[{\"@type\":\"ListItem\",\"position\":1,\"name\":\"Home\",\"item\":\"https:\\\/\\\/www.mondocamping.com\\\/fr\\\/\"},{\"@type\":\"ListItem\",\"position\":2,\"name\":\"Salon du camping-car : 16e \u00e9dition du 13 au 21 septembre\"}]},{\"@type\":\"WebSite\",\"@id\":\"https:\\\/\\\/www.mondocamping.com\\\/#website\",\"url\":\"https:\\\/\\\/www.mondocamping.com\\\/\",\"name\":\"Mondo Camping\",\"description\":\"Le portail d\u00e9di\u00e9 aux gestionnaires de campings et villages touristiques\",\"publisher\":{\"@id\":\"https:\\\/\\\/www.mondocamping.com\\\/#organization\"},\"potentialAction\":[{\"@type\":\"SearchAction\",\"target\":{\"@type\":\"EntryPoint\",\"urlTemplate\":\"https:\\\/\\\/www.mondocamping.com\\\/?s={search_term_string}\"},\"query-input\":{\"@type\":\"PropertyValueSpecification\",\"valueRequired\":true,\"valueName\":\"search_term_string\"}}],\"inLanguage\":\"fr-FR\"},{\"@type\":\"Organization\",\"@id\":\"https:\\\/\\\/www.mondocamping.com\\\/#organization\",\"name\":\"Mondo Camping\",\"url\":\"https:\\\/\\\/www.mondocamping.com\\\/\",\"logo\":{\"@type\":\"ImageObject\",\"inLanguage\":\"fr-FR\",\"@id\":\"https:\\\/\\\/www.mondocamping.com\\\/#\\\/schema\\\/logo\\\/image\\\/\",\"url\":\"https:\\\/\\\/www.mondocamping.com\\\/wp-content\\\/uploads\\\/2022\\\/04\\\/mondo-camping-logo-contornato-1.png\",\"contentUrl\":\"https:\\\/\\\/www.mondocamping.com\\\/wp-content\\\/uploads\\\/2022\\\/04\\\/mondo-camping-logo-contornato-1.png\",\"width\":280,\"height\":90,\"caption\":\"Mondo Camping\"},\"image\":{\"@id\":\"https:\\\/\\\/www.mondocamping.com\\\/#\\\/schema\\\/logo\\\/image\\\/\"},\"sameAs\":[\"https:\\\/\\\/www.facebook.com\\\/mondobalneare\",\"https:\\\/\\\/x.com\\\/mondobalneare\",\"https:\\\/\\\/www.instagram.com\\\/mondobalneare\\\/\",\"https:\\\/\\\/www.linkedin.com\\\/company\\\/67180810\\\/\",\"https:\\\/\\\/www.youtube.com\\\/user\\\/mondobalnearevideo\"]},{\"@type\":\"Person\",\"@id\":\"https:\\\/\\\/www.mondocamping.com\\\/#\\\/schema\\\/person\\\/01a031b8c5ef08c2204bb0e696f0a760\",\"name\":\"Mondo Camping\",\"image\":{\"@type\":\"ImageObject\",\"inLanguage\":\"fr-FR\",\"@id\":\"https:\\\/\\\/www.mondocamping.com\\\/wp-content\\\/uploads\\\/2022\\\/05\\\/cropped-icona-MONDO-CAMPING-150x150.png\",\"url\":\"https:\\\/\\\/www.mondocamping.com\\\/wp-content\\\/uploads\\\/2022\\\/05\\\/cropped-icona-MONDO-CAMPING-150x150.png\",\"contentUrl\":\"https:\\\/\\\/www.mondocamping.com\\\/wp-content\\\/uploads\\\/2022\\\/05\\\/cropped-icona-MONDO-CAMPING-150x150.png\",\"caption\":\"Mondo Camping\"},\"sameAs\":[\"https:\\\/\\\/www.mondocamping.com\\\/\",\"https:\\\/\\\/www.facebook.com\\\/mondocamping\"]}]}<\/script>\n<!-- \/ Yoast SEO plugin. -->","yoast_head_json":{"title":"Salon du camping-car : 16e \u00e9dition du 13 au 21 septembre","robots":{"index":"index","follow":"follow","max-snippet":"max-snippet:-1","max-image-preview":"max-image-preview:large","max-video-preview":"max-video-preview:-1"},"canonical":"https:\/\/www.mondocamping.com\/fr\/salon-du-camping-car-16e-edition-du-13-au-21-septembre\/","og_locale":"fr_FR","og_type":"article","og_title":"Salon du camping-car : 16e \u00e9dition du 13 au 21 septembre","og_description":"L&rsquo;inauguration de la 16e \u00e9dition du Camper Salonorganis\u00e9 par les Foires de Parme en collaboration avec l&rsquo;APC (Associazione Produttori Caravan e Camper). Un \u00e9v\u00e9nement incontournable qui n&rsquo;a cess\u00e9 de cro\u00eetre au fil des ans. L&rsquo;objectif pour 2025 est de d\u00e9passer les records de l&rsquo;\u00e9dition pr\u00e9c\u00e9dente : 2024 a enregistr\u00e9 plus de 330 exposants au total [&hellip;]","og_url":"https:\/\/www.mondocamping.com\/fr\/salon-du-camping-car-16e-edition-du-13-au-21-septembre\/","og_site_name":"Mondo Camping","article_publisher":"https:\/\/www.facebook.com\/mondobalneare","article_author":"https:\/\/www.facebook.com\/mondocamping","article_published_time":"2025-09-03T20:03:35+00:00","article_modified_time":"2025-09-03T20:03:36+00:00","og_image":[{"width":1200,"height":628,"url":"https:\/\/www.mondocamping.com\/wp-content\/uploads\/2025\/09\/Screenshot-2025-09-02-alle-18.52.08.png","type":"image\/png"}],"author":"Mondo Camping","twitter_card":"summary_large_image","twitter_creator":"@mondobalneare","twitter_site":"@mondobalneare","twitter_misc":{"\u00c9crit par":"Mondo Camping","Dur\u00e9e de lecture estim\u00e9e":"2 minutes"},"schema":{"@context":"https:\/\/schema.org","@graph":[{"@type":"Article","@id":"https:\/\/www.mondocamping.com\/fr\/salon-du-camping-car-16e-edition-du-13-au-21-septembre\/#article","isPartOf":{"@id":"https:\/\/www.mondocamping.com\/fr\/salon-du-camping-car-16e-edition-du-13-au-21-septembre\/"},"author":{"name":"Mondo Camping","@id":"https:\/\/www.mondocamping.com\/#\/schema\/person\/01a031b8c5ef08c2204bb0e696f0a760"},"headline":"Salon du camping-car : 16e \u00e9dition du 13 au 21 septembre","datePublished":"2025-09-03T20:03:35+00:00","dateModified":"2025-09-03T20:03:36+00:00","mainEntityOfPage":{"@id":"https:\/\/www.mondocamping.com\/fr\/salon-du-camping-car-16e-edition-du-13-au-21-septembre\/"},"wordCount":471,"publisher":{"@id":"https:\/\/www.mondocamping.com\/#organization"},"image":{"@id":"https:\/\/www.mondocamping.com\/fr\/salon-du-camping-car-16e-edition-du-13-au-21-septembre\/#primaryimage"},"thumbnailUrl":"https:\/\/www.mondocamping.com\/wp-content\/uploads\/2025\/09\/Screenshot-2025-09-02-alle-18.52.08.png","keywords":["Campeur","camping","caravane","Foire aux campeurs","Foire de Parme","l'air libre","Parme"],"articleSection":["Actualit\u00e9"],"inLanguage":"fr-FR"},{"@type":"WebPage","@id":"https:\/\/www.mondocamping.com\/fr\/salon-du-camping-car-16e-edition-du-13-au-21-septembre\/","url":"https:\/\/www.mondocamping.com\/fr\/salon-du-camping-car-16e-edition-du-13-au-21-septembre\/","name":"Salon du camping-car : 16e \u00e9dition du 13 au 21 septembre","isPartOf":{"@id":"https:\/\/www.mondocamping.com\/#website"},"primaryImageOfPage":{"@id":"https:\/\/www.mondocamping.com\/fr\/salon-du-camping-car-16e-edition-du-13-au-21-septembre\/#primaryimage"},"image":{"@id":"https:\/\/www.mondocamping.com\/fr\/salon-du-camping-car-16e-edition-du-13-au-21-septembre\/#primaryimage"},"thumbnailUrl":"https:\/\/www.mondocamping.com\/wp-content\/uploads\/2025\/09\/Screenshot-2025-09-02-alle-18.52.08.png","datePublished":"2025-09-03T20:03:35+00:00","dateModified":"2025-09-03T20:03:36+00:00","breadcrumb":{"@id":"https:\/\/www.mondocamping.com\/fr\/salon-du-camping-car-16e-edition-du-13-au-21-septembre\/#breadcrumb"},"inLanguage":"fr-FR","potentialAction":[{"@type":"ReadAction","target":["https:\/\/www.mondocamping.com\/fr\/salon-du-camping-car-16e-edition-du-13-au-21-septembre\/"]}]},{"@type":"ImageObject","inLanguage":"fr-FR","@id":"https:\/\/www.mondocamping.com\/fr\/salon-du-camping-car-16e-edition-du-13-au-21-septembre\/#primaryimage","url":"https:\/\/www.mondocamping.com\/wp-content\/uploads\/2025\/09\/Screenshot-2025-09-02-alle-18.52.08.png","contentUrl":"https:\/\/www.mondocamping.com\/wp-content\/uploads\/2025\/09\/Screenshot-2025-09-02-alle-18.52.08.png","width":1200,"height":628},{"@type":"BreadcrumbList","@id":"https:\/\/www.mondocamping.com\/fr\/salon-du-camping-car-16e-edition-du-13-au-21-septembre\/#breadcrumb","itemListElement":[{"@type":"ListItem","position":1,"name":"Home","item":"https:\/\/www.mondocamping.com\/fr\/"},{"@type":"ListItem","position":2,"name":"Salon du camping-car : 16e \u00e9dition du 13 au 21 septembre"}]},{"@type":"WebSite","@id":"https:\/\/www.mondocamping.com\/#website","url":"https:\/\/www.mondocamping.com\/","name":"Mondo Camping","description":"Le portail d\u00e9di\u00e9 aux gestionnaires de campings et villages touristiques","publisher":{"@id":"https:\/\/www.mondocamping.com\/#organization"},"potentialAction":[{"@type":"SearchAction","target":{"@type":"EntryPoint","urlTemplate":"https:\/\/www.mondocamping.com\/?s={search_term_string}"},"query-input":{"@type":"PropertyValueSpecification","valueRequired":true,"valueName":"search_term_string"}}],"inLanguage":"fr-FR"},{"@type":"Organization","@id":"https:\/\/www.mondocamping.com\/#organization","name":"Mondo Camping","url":"https:\/\/www.mondocamping.com\/","logo":{"@type":"ImageObject","inLanguage":"fr-FR","@id":"https:\/\/www.mondocamping.com\/#\/schema\/logo\/image\/","url":"https:\/\/www.mondocamping.com\/wp-content\/uploads\/2022\/04\/mondo-camping-logo-contornato-1.png","contentUrl":"https:\/\/www.mondocamping.com\/wp-content\/uploads\/2022\/04\/mondo-camping-logo-contornato-1.png","width":280,"height":90,"caption":"Mondo Camping"},"image":{"@id":"https:\/\/www.mondocamping.com\/#\/schema\/logo\/image\/"},"sameAs":["https:\/\/www.facebook.com\/mondobalneare","https:\/\/x.com\/mondobalneare","https:\/\/www.instagram.com\/mondobalneare\/","https:\/\/www.linkedin.com\/company\/67180810\/","https:\/\/www.youtube.com\/user\/mondobalnearevideo"]},{"@type":"Person","@id":"https:\/\/www.mondocamping.com\/#\/schema\/person\/01a031b8c5ef08c2204bb0e696f0a760","name":"Mondo Camping","image":{"@type":"ImageObject","inLanguage":"fr-FR","@id":"https:\/\/www.mondocamping.com\/wp-content\/uploads\/2022\/05\/cropped-icona-MONDO-CAMPING-150x150.png","url":"https:\/\/www.mondocamping.com\/wp-content\/uploads\/2022\/05\/cropped-icona-MONDO-CAMPING-150x150.png","contentUrl":"https:\/\/www.mondocamping.com\/wp-content\/uploads\/2022\/05\/cropped-icona-MONDO-CAMPING-150x150.png","caption":"Mondo Camping"},"sameAs":["https:\/\/www.mondocamping.com\/","https:\/\/www.facebook.com\/mondocamping"]}]}},"_links":{"self":[{"href":"https:\/\/www.mondocamping.com\/fr\/wp-json\/wp\/v2\/posts\/175787","targetHints":{"allow":["GET"]}}],"collection":[{"href":"https:\/\/www.mondocamping.com\/fr\/wp-json\/wp\/v2\/posts"}],"about":[{"href":"https:\/\/www.mondocamping.com\/fr\/wp-json\/wp\/v2\/types\/post"}],"author":[{"embeddable":true,"href":"https:\/\/www.mondocamping.com\/fr\/wp-json\/wp\/v2\/users\/5"}],"replies":[{"embeddable":true,"href":"https:\/\/www.mondocamping.com\/fr\/wp-json\/wp\/v2\/comments?post=175787"}],"version-history":[{"count":1,"href":"https:\/\/www.mondocamping.com\/fr\/wp-json\/wp\/v2\/posts\/175787\/revisions"}],"predecessor-version":[{"id":175788,"href":"https:\/\/www.mondocamping.com\/fr\/wp-json\/wp\/v2\/posts\/175787\/revisions\/175788"}],"wp:featuredmedia":[{"embeddable":true,"href":"https:\/\/www.mondocamping.com\/fr\/wp-json\/wp\/v2\/media\/175770"}],"wp:attachment":[{"href":"https:\/\/www.mondocamping.com\/fr\/wp-json\/wp\/v2\/media?parent=175787"}],"wp:term":[{"taxonomy":"category","embeddable":true,"href":"https:\/\/www.mondocamping.com\/fr\/wp-json\/wp\/v2\/categories?post=175787"},{"taxonomy":"post_tag","embeddable":true,"href":"https:\/\/www.mondocamping.com\/fr\/wp-json\/wp\/v2\/tags?post=175787"}],"curies":[{"name":"wp","href":"https:\/\/api.w.org\/{rel}","templated":true}]}}