{"id":175960,"date":"2025-09-29T21:11:14","date_gmt":"2025-09-29T19:11:14","guid":{"rendered":"https:\/\/www.mondocamping.com\/lago-idro-glamping-boutique-la-cinquieme-saison-de-winter-glamping-demarre-entre-nature-et-confort-de-luxe\/"},"modified":"2025-09-29T21:11:15","modified_gmt":"2025-09-29T19:11:15","slug":"lago-idro-glamping-boutique-la-cinquieme-saison-de-winter-glamping-demarre-entre-nature-et-confort-de-luxe","status":"publish","type":"post","link":"https:\/\/www.mondocamping.com\/fr\/lago-idro-glamping-boutique-la-cinquieme-saison-de-winter-glamping-demarre-entre-nature-et-confort-de-luxe\/","title":{"rendered":"Lago Idro Glamping Boutique : la cinqui\u00e8me saison de Winter Glamping d\u00e9marre entre nature et confort de luxe"},"content":{"rendered":"\n<p>Alors que le calendrier marque le d\u00e9but de l&rsquo;automne et que la plupart des destinations de plein air se pr\u00e9parent \u00e0 la pause hivernale, <a href=\"https:\/\/www.lagoidroglampingboutique.com\/it\/\"><strong>Lago Idro Glamping Boutique<\/strong> <\/a>\u00e0 Anfo (BS) met en avant sa saison la plus spectaculaire : ouverture en automne jusqu&rsquo;au 2 novembre 2025, Winter Glamping : 7 d\u00e9cembre 2024 &#8211; 8 janvier 2026.<\/p>\n\n<p>La station qui surplombe le \u00ab\u00a0lac secret\u00a0\u00bb de Lombardie ne conna\u00eet pas de repos : elle reste ouverte <strong>jusqu&rsquo;au 2 novembre<\/strong> et rouvre ses portes du <strong>7 d\u00e9cembre 2025 au 8 janvier 2026<\/strong> pour la cinqui\u00e8me \u00e9dition de <strong>Winter Glamping<\/strong>, un format qui a compl\u00e8tement r\u00e9\u00e9crit les r\u00e8gles du tourisme en plein air.<\/p>\n\n<p><strong>Un investissement dans l&rsquo;avenir du tourisme durable : <\/strong>avec cinq ans d&rsquo;activit\u00e9 et une croissance constante, Lago Idro Glamping Boutique repr\u00e9sente un mod\u00e8le vertueux de tourisme durable qui valorise le territoire sans le d\u00e9naturer. Une destination qui a su cr\u00e9er un nouveau segment de march\u00e9, en d\u00e9montrant comment l&rsquo;innovation dans le secteur de l&rsquo;h\u00f4tellerie peut allier confort, durabilit\u00e9 et respect de l&rsquo;environnement. <\/p>\n\n<p><strong>Leonardo van de Loo, membre du CDA et directeur des op\u00e9rations du groupe Holidays with Heart<\/strong>, responsable de la naissance et du d\u00e9veloppement de ce coin de paradis, \u00e9voque une croissance qui parle d&rsquo;elle-m\u00eame :<em>\u00ab\u00a0Notre destination, au cours de ces cinq premi\u00e8res ann\u00e9es, a plus que doubl\u00e9 ses pr\u00e9sences et la perspective est de cro\u00eetre encore : en 2021, nous avons enregistr\u00e9 18 mille pr\u00e9sences, en 2024, il y en avait 42 mille et nous pr\u00e9voyons de cl\u00f4turer l&rsquo;ann\u00e9e 2025 \u00e0 44 mille.<\/em> <em>Je crois que si notre proposition est si populaire, c&rsquo;est parce que nous avons mis\u00e9 sur un mod\u00e8le d&rsquo;hospitalit\u00e9 horizontale avec une dimension intime et relaxante, en pensant aux familles, m\u00eame avec des enfants en bas \u00e2ge, et aux sportifs qui peuvent pratiquer ici les disciplines les plus diverses en toute saison\u00a0\u00bb.<\/em><\/p>\n\n<p><strong>Loek van de Loo<\/strong>, <strong>fondateur du groupe Holidays with Heart<\/strong>, ajoute : <em>\u00ab\u00a0Winter Glamping n&rsquo;est pas une saison de repli, c&rsquo;est notre saison la plus excitante. Ici, les clients ont le privil\u00e8ge de se r\u00e9veiller entour\u00e9s d&rsquo;une nature puissante et cam\u00e9l\u00e9on, avec tout le confort d&rsquo;un centre de vill\u00e9giature haut de gamme\u00a0\u00bb.<\/em><\/p>\n\n<p>Situ\u00e9 \u00e0 seulement 90 minutes de Milan, Bergame, V\u00e9rone et Trente, Lago Idro Glamping Boutique se transforme en un d\u00e9cor de conte de f\u00e9es en hiver. Les h\u00e9bergements de la station &#8211; des mobil-homes spacieux et des suites cubiques avec des terrasses panoramiques, tous parfaitement chauff\u00e9s &#8211; offrent une retraite de luxe intime avec un acc\u00e8s direct exclusif au lac.   <\/p>\n\n<p>Lorsque les montagnes se parent de blanc et que le lac refl\u00e8te les couleurs du feuillage, chaque lever de soleil devient un spectacle unique. Une sc\u00e8ne naturelle qui a remport\u00e9 des prix internationaux prestigieux tels que <strong>Leading Camping<\/strong>, <strong>ADAC PinCamp<\/strong> et <strong>ANWB<\/strong>. <\/p>\n\n<p>Le c\u0153ur battant de l&rsquo;exp\u00e9rience hivernale est l&rsquo;<strong>espace de bien-\u00eatre en plein air<\/strong>, o\u00f9 le sauna finlandais, le bain \u00e0 remous et le jacuzzi cr\u00e9ent un contraste magique avec le paysage environnant. Une exp\u00e9rience sensorielle unique qui transforme la d\u00e9tente en un pur spectacle. <\/p>\n\n<p><strong>Le Bistrot del Lago<\/strong>, \u00e9galement ouvert aux clients ext\u00e9rieurs, c\u00e9l\u00e8bre l&rsquo;authenticit\u00e9 gastronomique de la r\u00e9gion avec une philosophie \u00ab\u00a0real km\u00a0\u00bb : du Bagoss DOP, le fromage embl\u00e9matique de la Valle Sabbia, aux casoncelli traditionnels de Brescia, en passant par des s\u00e9lections de plats et de vins qui t\u00e9moignent de l&rsquo;identit\u00e9 la plus authentique de la Lombardie.<\/p>\n\n<p>L&rsquo;offre est compl\u00e9t\u00e9e par des emplacements de camping panoramiques et des mobil-homes<strong> \u00ab\u00a0Dog Friendly\u00a0\u00bb<\/strong> pour ceux qui ne veulent pas se priver de la compagnie de leurs amis \u00e0 quatre pattes.<\/p>\n\n<p><\/p>\n","protected":false},"excerpt":{"rendered":"<p>Alors que le calendrier marque le d\u00e9but de l&rsquo;automne et que la plupart des destinations de plein air se pr\u00e9parent \u00e0 la pause hivernale, Lago Idro Glamping Boutique \u00e0 Anfo (BS) met en avant sa saison la plus spectaculaire : ouverture en automne jusqu&rsquo;au 2 novembre 2025, Winter Glamping : 7 d\u00e9cembre 2024 &#8211; 8 [&hellip;]<\/p>\n","protected":false},"author":5,"featured_media":175953,"comment_status":"closed","ping_status":"closed","sticky":false,"template":"","format":"standard","meta":{"_acf_changed":false,"_monsterinsights_skip_tracking":false,"_monsterinsights_sitenote_active":false,"_monsterinsights_sitenote_note":"","_monsterinsights_sitenote_category":0,"footnotes":""},"categories":[4024],"tags":[6563,7491,7490,6559],"class_list":["post-175960","post","type-post","status-publish","format-standard","has-post-thumbnail","hentry","category-actualite","tag-automne","tag-glamping-lombardie","tag-lhiver","tag-lake-hydro-glamping-boutique"],"acf":[],"yoast_head":"<!-- This site is optimized with the Yoast SEO plugin v27.5 - https:\/\/yoast.com\/product\/yoast-seo-wordpress\/ -->\n<title>Lago Idro Glamping Boutique : la cinqui\u00e8me saison de Winter Glamping d\u00e9marre entre nature et confort de luxe<\/title>\n<meta name=\"robots\" content=\"index, follow, max-snippet:-1, max-image-preview:large, max-video-preview:-1\" \/>\n<link rel=\"canonical\" href=\"https:\/\/www.mondocamping.com\/fr\/lago-idro-glamping-boutique-la-cinquieme-saison-de-winter-glamping-demarre-entre-nature-et-confort-de-luxe\/\" \/>\n<meta property=\"og:locale\" content=\"fr_FR\" \/>\n<meta property=\"og:type\" content=\"article\" \/>\n<meta property=\"og:title\" content=\"Lago Idro Glamping Boutique : la cinqui\u00e8me saison de Winter Glamping d\u00e9marre entre nature et confort de luxe\" \/>\n<meta property=\"og:description\" content=\"Alors que le calendrier marque le d\u00e9but de l&rsquo;automne et que la plupart des destinations de plein air se pr\u00e9parent \u00e0 la pause hivernale, Lago Idro Glamping Boutique \u00e0 Anfo (BS) met en avant sa saison la plus spectaculaire : ouverture en automne jusqu&rsquo;au 2 novembre 2025, Winter Glamping : 7 d\u00e9cembre 2024 &#8211; 8 [&hellip;]\" \/>\n<meta property=\"og:url\" content=\"https:\/\/www.mondocamping.com\/fr\/lago-idro-glamping-boutique-la-cinquieme-saison-de-winter-glamping-demarre-entre-nature-et-confort-de-luxe\/\" \/>\n<meta property=\"og:site_name\" content=\"Mondo Camping\" \/>\n<meta property=\"article:publisher\" content=\"https:\/\/www.facebook.com\/mondobalneare\" \/>\n<meta property=\"article:author\" content=\"https:\/\/www.facebook.com\/mondocamping\" \/>\n<meta property=\"article:published_time\" content=\"2025-09-29T19:11:14+00:00\" \/>\n<meta property=\"article:modified_time\" content=\"2025-09-29T19:11:15+00:00\" \/>\n<meta property=\"og:image\" content=\"https:\/\/www.mondocamping.com\/wp-content\/uploads\/2025\/09\/0mJL8IA.jpeg\" \/>\n\t<meta property=\"og:image:width\" content=\"1280\" \/>\n\t<meta property=\"og:image:height\" content=\"853\" \/>\n\t<meta property=\"og:image:type\" content=\"image\/jpeg\" \/>\n<meta name=\"author\" content=\"Mondo Camping\" \/>\n<meta name=\"twitter:card\" content=\"summary_large_image\" \/>\n<meta name=\"twitter:creator\" content=\"@mondobalneare\" \/>\n<meta name=\"twitter:site\" content=\"@mondobalneare\" \/>\n<meta name=\"twitter:label1\" content=\"\u00c9crit par\" \/>\n\t<meta name=\"twitter:data1\" content=\"Mondo Camping\" \/>\n\t<meta name=\"twitter:label2\" content=\"Dur\u00e9e de lecture estim\u00e9e\" \/>\n\t<meta name=\"twitter:data2\" content=\"3 minutes\" \/>\n<script type=\"application\/ld+json\" class=\"yoast-schema-graph\">{\"@context\":\"https:\\\/\\\/schema.org\",\"@graph\":[{\"@type\":\"Article\",\"@id\":\"https:\\\/\\\/www.mondocamping.com\\\/fr\\\/lago-idro-glamping-boutique-la-cinquieme-saison-de-winter-glamping-demarre-entre-nature-et-confort-de-luxe\\\/#article\",\"isPartOf\":{\"@id\":\"https:\\\/\\\/www.mondocamping.com\\\/fr\\\/lago-idro-glamping-boutique-la-cinquieme-saison-de-winter-glamping-demarre-entre-nature-et-confort-de-luxe\\\/\"},\"author\":{\"name\":\"Mondo Camping\",\"@id\":\"https:\\\/\\\/www.mondocamping.com\\\/#\\\/schema\\\/person\\\/01a031b8c5ef08c2204bb0e696f0a760\"},\"headline\":\"Lago Idro Glamping Boutique : la cinqui\u00e8me saison de Winter Glamping d\u00e9marre entre nature et confort de luxe\",\"datePublished\":\"2025-09-29T19:11:14+00:00\",\"dateModified\":\"2025-09-29T19:11:15+00:00\",\"mainEntityOfPage\":{\"@id\":\"https:\\\/\\\/www.mondocamping.com\\\/fr\\\/lago-idro-glamping-boutique-la-cinquieme-saison-de-winter-glamping-demarre-entre-nature-et-confort-de-luxe\\\/\"},\"wordCount\":658,\"publisher\":{\"@id\":\"https:\\\/\\\/www.mondocamping.com\\\/#organization\"},\"image\":{\"@id\":\"https:\\\/\\\/www.mondocamping.com\\\/fr\\\/lago-idro-glamping-boutique-la-cinquieme-saison-de-winter-glamping-demarre-entre-nature-et-confort-de-luxe\\\/#primaryimage\"},\"thumbnailUrl\":\"https:\\\/\\\/www.mondocamping.com\\\/wp-content\\\/uploads\\\/2025\\\/09\\\/0mJL8IA.jpeg\",\"keywords\":[\"automne\",\"glamping Lombardie\",\"l'hiver\",\"Lake Hydro Glamping Boutique\"],\"articleSection\":[\"Actualit\u00e9\"],\"inLanguage\":\"fr-FR\"},{\"@type\":\"WebPage\",\"@id\":\"https:\\\/\\\/www.mondocamping.com\\\/fr\\\/lago-idro-glamping-boutique-la-cinquieme-saison-de-winter-glamping-demarre-entre-nature-et-confort-de-luxe\\\/\",\"url\":\"https:\\\/\\\/www.mondocamping.com\\\/fr\\\/lago-idro-glamping-boutique-la-cinquieme-saison-de-winter-glamping-demarre-entre-nature-et-confort-de-luxe\\\/\",\"name\":\"Lago Idro Glamping Boutique : la cinqui\u00e8me saison de Winter Glamping d\u00e9marre entre nature et confort de luxe\",\"isPartOf\":{\"@id\":\"https:\\\/\\\/www.mondocamping.com\\\/#website\"},\"primaryImageOfPage\":{\"@id\":\"https:\\\/\\\/www.mondocamping.com\\\/fr\\\/lago-idro-glamping-boutique-la-cinquieme-saison-de-winter-glamping-demarre-entre-nature-et-confort-de-luxe\\\/#primaryimage\"},\"image\":{\"@id\":\"https:\\\/\\\/www.mondocamping.com\\\/fr\\\/lago-idro-glamping-boutique-la-cinquieme-saison-de-winter-glamping-demarre-entre-nature-et-confort-de-luxe\\\/#primaryimage\"},\"thumbnailUrl\":\"https:\\\/\\\/www.mondocamping.com\\\/wp-content\\\/uploads\\\/2025\\\/09\\\/0mJL8IA.jpeg\",\"datePublished\":\"2025-09-29T19:11:14+00:00\",\"dateModified\":\"2025-09-29T19:11:15+00:00\",\"breadcrumb\":{\"@id\":\"https:\\\/\\\/www.mondocamping.com\\\/fr\\\/lago-idro-glamping-boutique-la-cinquieme-saison-de-winter-glamping-demarre-entre-nature-et-confort-de-luxe\\\/#breadcrumb\"},\"inLanguage\":\"fr-FR\",\"potentialAction\":[{\"@type\":\"ReadAction\",\"target\":[\"https:\\\/\\\/www.mondocamping.com\\\/fr\\\/lago-idro-glamping-boutique-la-cinquieme-saison-de-winter-glamping-demarre-entre-nature-et-confort-de-luxe\\\/\"]}]},{\"@type\":\"ImageObject\",\"inLanguage\":\"fr-FR\",\"@id\":\"https:\\\/\\\/www.mondocamping.com\\\/fr\\\/lago-idro-glamping-boutique-la-cinquieme-saison-de-winter-glamping-demarre-entre-nature-et-confort-de-luxe\\\/#primaryimage\",\"url\":\"https:\\\/\\\/www.mondocamping.com\\\/wp-content\\\/uploads\\\/2025\\\/09\\\/0mJL8IA.jpeg\",\"contentUrl\":\"https:\\\/\\\/www.mondocamping.com\\\/wp-content\\\/uploads\\\/2025\\\/09\\\/0mJL8IA.jpeg\",\"width\":1280,\"height\":853},{\"@type\":\"BreadcrumbList\",\"@id\":\"https:\\\/\\\/www.mondocamping.com\\\/fr\\\/lago-idro-glamping-boutique-la-cinquieme-saison-de-winter-glamping-demarre-entre-nature-et-confort-de-luxe\\\/#breadcrumb\",\"itemListElement\":[{\"@type\":\"ListItem\",\"position\":1,\"name\":\"Home\",\"item\":\"https:\\\/\\\/www.mondocamping.com\\\/fr\\\/\"},{\"@type\":\"ListItem\",\"position\":2,\"name\":\"Lago Idro Glamping Boutique : la cinqui\u00e8me saison de Winter Glamping d\u00e9marre entre nature et confort de luxe\"}]},{\"@type\":\"WebSite\",\"@id\":\"https:\\\/\\\/www.mondocamping.com\\\/#website\",\"url\":\"https:\\\/\\\/www.mondocamping.com\\\/\",\"name\":\"Mondo Camping\",\"description\":\"Le portail d\u00e9di\u00e9 aux gestionnaires de campings et villages touristiques\",\"publisher\":{\"@id\":\"https:\\\/\\\/www.mondocamping.com\\\/#organization\"},\"potentialAction\":[{\"@type\":\"SearchAction\",\"target\":{\"@type\":\"EntryPoint\",\"urlTemplate\":\"https:\\\/\\\/www.mondocamping.com\\\/?s={search_term_string}\"},\"query-input\":{\"@type\":\"PropertyValueSpecification\",\"valueRequired\":true,\"valueName\":\"search_term_string\"}}],\"inLanguage\":\"fr-FR\"},{\"@type\":\"Organization\",\"@id\":\"https:\\\/\\\/www.mondocamping.com\\\/#organization\",\"name\":\"Mondo Camping\",\"url\":\"https:\\\/\\\/www.mondocamping.com\\\/\",\"logo\":{\"@type\":\"ImageObject\",\"inLanguage\":\"fr-FR\",\"@id\":\"https:\\\/\\\/www.mondocamping.com\\\/#\\\/schema\\\/logo\\\/image\\\/\",\"url\":\"https:\\\/\\\/www.mondocamping.com\\\/wp-content\\\/uploads\\\/2022\\\/04\\\/mondo-camping-logo-contornato-1.png\",\"contentUrl\":\"https:\\\/\\\/www.mondocamping.com\\\/wp-content\\\/uploads\\\/2022\\\/04\\\/mondo-camping-logo-contornato-1.png\",\"width\":280,\"height\":90,\"caption\":\"Mondo Camping\"},\"image\":{\"@id\":\"https:\\\/\\\/www.mondocamping.com\\\/#\\\/schema\\\/logo\\\/image\\\/\"},\"sameAs\":[\"https:\\\/\\\/www.facebook.com\\\/mondobalneare\",\"https:\\\/\\\/x.com\\\/mondobalneare\",\"https:\\\/\\\/www.instagram.com\\\/mondobalneare\\\/\",\"https:\\\/\\\/www.linkedin.com\\\/company\\\/67180810\\\/\",\"https:\\\/\\\/www.youtube.com\\\/user\\\/mondobalnearevideo\"]},{\"@type\":\"Person\",\"@id\":\"https:\\\/\\\/www.mondocamping.com\\\/#\\\/schema\\\/person\\\/01a031b8c5ef08c2204bb0e696f0a760\",\"name\":\"Mondo Camping\",\"image\":{\"@type\":\"ImageObject\",\"inLanguage\":\"fr-FR\",\"@id\":\"https:\\\/\\\/www.mondocamping.com\\\/wp-content\\\/uploads\\\/2022\\\/05\\\/cropped-icona-MONDO-CAMPING-150x150.png\",\"url\":\"https:\\\/\\\/www.mondocamping.com\\\/wp-content\\\/uploads\\\/2022\\\/05\\\/cropped-icona-MONDO-CAMPING-150x150.png\",\"contentUrl\":\"https:\\\/\\\/www.mondocamping.com\\\/wp-content\\\/uploads\\\/2022\\\/05\\\/cropped-icona-MONDO-CAMPING-150x150.png\",\"caption\":\"Mondo Camping\"},\"sameAs\":[\"https:\\\/\\\/www.mondocamping.com\\\/\",\"https:\\\/\\\/www.facebook.com\\\/mondocamping\"]}]}<\/script>\n<!-- \/ Yoast SEO plugin. -->","yoast_head_json":{"title":"Lago Idro Glamping Boutique : la cinqui\u00e8me saison de Winter Glamping d\u00e9marre entre nature et confort de luxe","robots":{"index":"index","follow":"follow","max-snippet":"max-snippet:-1","max-image-preview":"max-image-preview:large","max-video-preview":"max-video-preview:-1"},"canonical":"https:\/\/www.mondocamping.com\/fr\/lago-idro-glamping-boutique-la-cinquieme-saison-de-winter-glamping-demarre-entre-nature-et-confort-de-luxe\/","og_locale":"fr_FR","og_type":"article","og_title":"Lago Idro Glamping Boutique : la cinqui\u00e8me saison de Winter Glamping d\u00e9marre entre nature et confort de luxe","og_description":"Alors que le calendrier marque le d\u00e9but de l&rsquo;automne et que la plupart des destinations de plein air se pr\u00e9parent \u00e0 la pause hivernale, Lago Idro Glamping Boutique \u00e0 Anfo (BS) met en avant sa saison la plus spectaculaire : ouverture en automne jusqu&rsquo;au 2 novembre 2025, Winter Glamping : 7 d\u00e9cembre 2024 &#8211; 8 [&hellip;]","og_url":"https:\/\/www.mondocamping.com\/fr\/lago-idro-glamping-boutique-la-cinquieme-saison-de-winter-glamping-demarre-entre-nature-et-confort-de-luxe\/","og_site_name":"Mondo Camping","article_publisher":"https:\/\/www.facebook.com\/mondobalneare","article_author":"https:\/\/www.facebook.com\/mondocamping","article_published_time":"2025-09-29T19:11:14+00:00","article_modified_time":"2025-09-29T19:11:15+00:00","og_image":[{"width":1280,"height":853,"url":"https:\/\/www.mondocamping.com\/wp-content\/uploads\/2025\/09\/0mJL8IA.jpeg","type":"image\/jpeg"}],"author":"Mondo Camping","twitter_card":"summary_large_image","twitter_creator":"@mondobalneare","twitter_site":"@mondobalneare","twitter_misc":{"\u00c9crit par":"Mondo Camping","Dur\u00e9e de lecture estim\u00e9e":"3 minutes"},"schema":{"@context":"https:\/\/schema.org","@graph":[{"@type":"Article","@id":"https:\/\/www.mondocamping.com\/fr\/lago-idro-glamping-boutique-la-cinquieme-saison-de-winter-glamping-demarre-entre-nature-et-confort-de-luxe\/#article","isPartOf":{"@id":"https:\/\/www.mondocamping.com\/fr\/lago-idro-glamping-boutique-la-cinquieme-saison-de-winter-glamping-demarre-entre-nature-et-confort-de-luxe\/"},"author":{"name":"Mondo Camping","@id":"https:\/\/www.mondocamping.com\/#\/schema\/person\/01a031b8c5ef08c2204bb0e696f0a760"},"headline":"Lago Idro Glamping Boutique : la cinqui\u00e8me saison de Winter Glamping d\u00e9marre entre nature et confort de luxe","datePublished":"2025-09-29T19:11:14+00:00","dateModified":"2025-09-29T19:11:15+00:00","mainEntityOfPage":{"@id":"https:\/\/www.mondocamping.com\/fr\/lago-idro-glamping-boutique-la-cinquieme-saison-de-winter-glamping-demarre-entre-nature-et-confort-de-luxe\/"},"wordCount":658,"publisher":{"@id":"https:\/\/www.mondocamping.com\/#organization"},"image":{"@id":"https:\/\/www.mondocamping.com\/fr\/lago-idro-glamping-boutique-la-cinquieme-saison-de-winter-glamping-demarre-entre-nature-et-confort-de-luxe\/#primaryimage"},"thumbnailUrl":"https:\/\/www.mondocamping.com\/wp-content\/uploads\/2025\/09\/0mJL8IA.jpeg","keywords":["automne","glamping Lombardie","l'hiver","Lake Hydro Glamping Boutique"],"articleSection":["Actualit\u00e9"],"inLanguage":"fr-FR"},{"@type":"WebPage","@id":"https:\/\/www.mondocamping.com\/fr\/lago-idro-glamping-boutique-la-cinquieme-saison-de-winter-glamping-demarre-entre-nature-et-confort-de-luxe\/","url":"https:\/\/www.mondocamping.com\/fr\/lago-idro-glamping-boutique-la-cinquieme-saison-de-winter-glamping-demarre-entre-nature-et-confort-de-luxe\/","name":"Lago Idro Glamping Boutique : la cinqui\u00e8me saison de Winter Glamping d\u00e9marre entre nature et confort de luxe","isPartOf":{"@id":"https:\/\/www.mondocamping.com\/#website"},"primaryImageOfPage":{"@id":"https:\/\/www.mondocamping.com\/fr\/lago-idro-glamping-boutique-la-cinquieme-saison-de-winter-glamping-demarre-entre-nature-et-confort-de-luxe\/#primaryimage"},"image":{"@id":"https:\/\/www.mondocamping.com\/fr\/lago-idro-glamping-boutique-la-cinquieme-saison-de-winter-glamping-demarre-entre-nature-et-confort-de-luxe\/#primaryimage"},"thumbnailUrl":"https:\/\/www.mondocamping.com\/wp-content\/uploads\/2025\/09\/0mJL8IA.jpeg","datePublished":"2025-09-29T19:11:14+00:00","dateModified":"2025-09-29T19:11:15+00:00","breadcrumb":{"@id":"https:\/\/www.mondocamping.com\/fr\/lago-idro-glamping-boutique-la-cinquieme-saison-de-winter-glamping-demarre-entre-nature-et-confort-de-luxe\/#breadcrumb"},"inLanguage":"fr-FR","potentialAction":[{"@type":"ReadAction","target":["https:\/\/www.mondocamping.com\/fr\/lago-idro-glamping-boutique-la-cinquieme-saison-de-winter-glamping-demarre-entre-nature-et-confort-de-luxe\/"]}]},{"@type":"ImageObject","inLanguage":"fr-FR","@id":"https:\/\/www.mondocamping.com\/fr\/lago-idro-glamping-boutique-la-cinquieme-saison-de-winter-glamping-demarre-entre-nature-et-confort-de-luxe\/#primaryimage","url":"https:\/\/www.mondocamping.com\/wp-content\/uploads\/2025\/09\/0mJL8IA.jpeg","contentUrl":"https:\/\/www.mondocamping.com\/wp-content\/uploads\/2025\/09\/0mJL8IA.jpeg","width":1280,"height":853},{"@type":"BreadcrumbList","@id":"https:\/\/www.mondocamping.com\/fr\/lago-idro-glamping-boutique-la-cinquieme-saison-de-winter-glamping-demarre-entre-nature-et-confort-de-luxe\/#breadcrumb","itemListElement":[{"@type":"ListItem","position":1,"name":"Home","item":"https:\/\/www.mondocamping.com\/fr\/"},{"@type":"ListItem","position":2,"name":"Lago Idro Glamping Boutique : la cinqui\u00e8me saison de Winter Glamping d\u00e9marre entre nature et confort de luxe"}]},{"@type":"WebSite","@id":"https:\/\/www.mondocamping.com\/#website","url":"https:\/\/www.mondocamping.com\/","name":"Mondo Camping","description":"Le portail d\u00e9di\u00e9 aux gestionnaires de campings et villages touristiques","publisher":{"@id":"https:\/\/www.mondocamping.com\/#organization"},"potentialAction":[{"@type":"SearchAction","target":{"@type":"EntryPoint","urlTemplate":"https:\/\/www.mondocamping.com\/?s={search_term_string}"},"query-input":{"@type":"PropertyValueSpecification","valueRequired":true,"valueName":"search_term_string"}}],"inLanguage":"fr-FR"},{"@type":"Organization","@id":"https:\/\/www.mondocamping.com\/#organization","name":"Mondo Camping","url":"https:\/\/www.mondocamping.com\/","logo":{"@type":"ImageObject","inLanguage":"fr-FR","@id":"https:\/\/www.mondocamping.com\/#\/schema\/logo\/image\/","url":"https:\/\/www.mondocamping.com\/wp-content\/uploads\/2022\/04\/mondo-camping-logo-contornato-1.png","contentUrl":"https:\/\/www.mondocamping.com\/wp-content\/uploads\/2022\/04\/mondo-camping-logo-contornato-1.png","width":280,"height":90,"caption":"Mondo Camping"},"image":{"@id":"https:\/\/www.mondocamping.com\/#\/schema\/logo\/image\/"},"sameAs":["https:\/\/www.facebook.com\/mondobalneare","https:\/\/x.com\/mondobalneare","https:\/\/www.instagram.com\/mondobalneare\/","https:\/\/www.linkedin.com\/company\/67180810\/","https:\/\/www.youtube.com\/user\/mondobalnearevideo"]},{"@type":"Person","@id":"https:\/\/www.mondocamping.com\/#\/schema\/person\/01a031b8c5ef08c2204bb0e696f0a760","name":"Mondo Camping","image":{"@type":"ImageObject","inLanguage":"fr-FR","@id":"https:\/\/www.mondocamping.com\/wp-content\/uploads\/2022\/05\/cropped-icona-MONDO-CAMPING-150x150.png","url":"https:\/\/www.mondocamping.com\/wp-content\/uploads\/2022\/05\/cropped-icona-MONDO-CAMPING-150x150.png","contentUrl":"https:\/\/www.mondocamping.com\/wp-content\/uploads\/2022\/05\/cropped-icona-MONDO-CAMPING-150x150.png","caption":"Mondo Camping"},"sameAs":["https:\/\/www.mondocamping.com\/","https:\/\/www.facebook.com\/mondocamping"]}]}},"_links":{"self":[{"href":"https:\/\/www.mondocamping.com\/fr\/wp-json\/wp\/v2\/posts\/175960","targetHints":{"allow":["GET"]}}],"collection":[{"href":"https:\/\/www.mondocamping.com\/fr\/wp-json\/wp\/v2\/posts"}],"about":[{"href":"https:\/\/www.mondocamping.com\/fr\/wp-json\/wp\/v2\/types\/post"}],"author":[{"embeddable":true,"href":"https:\/\/www.mondocamping.com\/fr\/wp-json\/wp\/v2\/users\/5"}],"replies":[{"embeddable":true,"href":"https:\/\/www.mondocamping.com\/fr\/wp-json\/wp\/v2\/comments?post=175960"}],"version-history":[{"count":1,"href":"https:\/\/www.mondocamping.com\/fr\/wp-json\/wp\/v2\/posts\/175960\/revisions"}],"predecessor-version":[{"id":175961,"href":"https:\/\/www.mondocamping.com\/fr\/wp-json\/wp\/v2\/posts\/175960\/revisions\/175961"}],"wp:featuredmedia":[{"embeddable":true,"href":"https:\/\/www.mondocamping.com\/fr\/wp-json\/wp\/v2\/media\/175953"}],"wp:attachment":[{"href":"https:\/\/www.mondocamping.com\/fr\/wp-json\/wp\/v2\/media?parent=175960"}],"wp:term":[{"taxonomy":"category","embeddable":true,"href":"https:\/\/www.mondocamping.com\/fr\/wp-json\/wp\/v2\/categories?post=175960"},{"taxonomy":"post_tag","embeddable":true,"href":"https:\/\/www.mondocamping.com\/fr\/wp-json\/wp\/v2\/tags?post=175960"}],"curies":[{"name":"wp","href":"https:\/\/api.w.org\/{rel}","templated":true}]}}