{"id":177206,"date":"2026-01-21T12:47:14","date_gmt":"2026-01-21T11:47:14","guid":{"rendered":"https:\/\/www.mondocamping.com\/troisieme-edition-du-forum-international-du-tourisme-23-et-24-janvier-2026-a-milan\/"},"modified":"2026-01-21T12:47:15","modified_gmt":"2026-01-21T11:47:15","slug":"troisieme-edition-du-forum-international-du-tourisme-23-et-24-janvier-2026-a-milan","status":"publish","type":"post","link":"https:\/\/www.mondocamping.com\/fr\/troisieme-edition-du-forum-international-du-tourisme-23-et-24-janvier-2026-a-milan\/","title":{"rendered":"Troisi\u00e8me \u00e9dition du Forum international du tourisme, 23 et 24 janvier 2026 \u00e0 Milan"},"content":{"rendered":"\n<p>La <strong>troisi\u00e8me \u00e9dition du Forum international du tourisme<\/strong>, promu par le minist\u00e8re du Tourisme en collaboration avec l&rsquo;ENIT S.p.A., est imminente. L&rsquo;\u00e9v\u00e9nement se tiendra les <strong>23 et 24 janvier 2026 <\/strong><strong>au Palazzo del Ghiaccio de Milan.<\/strong><\/p>\n\n<p>Un riche programme de r\u00e9unions est pr\u00e9vu, qui rassemblera des institutions, des associations professionnelles, des experts sectoriels et des parties prenantes. Une place sera \u00e9galement accord\u00e9e aux <strong>administrateurs des territoires<\/strong> qui aborderont les questions les plus critiques en mati\u00e8re de gestion des flux.   <\/p>\n\n<p>Le <strong>Forum international du tourisme<\/strong> est une occasion pr\u00e9cieuse de mise \u00e0 jour et de comparaison qui vise \u00e0 d\u00e9velopper une proposition touristique de plus en plus comp\u00e9titive mais, en m\u00eame temps, en ligne avec les besoins modernes, l&rsquo;innovation et la durabilit\u00e9. La r\u00e9union pense \u00e0 l&rsquo;avenir, mais aussi au pr\u00e9sent imm\u00e9diat, afin de favoriser une comparaison collaborative qui tient \u00e9galement compte des grandes opportunit\u00e9s d\u00e9coulant de l&rsquo;imminence des <strong>Jeux olympiques de Milan-Cortina en 2026<\/strong>. <\/p>\n\n<h2 class=\"wp-block-heading\">Forum international du tourisme : th\u00e8mes<\/h2>\n\n<p>Au centre de la r\u00e9union de Milan, outre l&rsquo;<strong>adaptation saisonni\u00e8re<\/strong> et la <strong>gestion des flux touristiques<\/strong>, il y aura des questions li\u00e9es \u00e0 l&rsquo;<strong>entreprenariat<\/strong> et \u00e0 la <strong>mise en valeur de territoires moins connus <\/strong>tels que les villages, les zones int\u00e9rieures, les montagnes et les \u00eeles mineures, consid\u00e9r\u00e9s comme des atouts strat\u00e9giques pour un d\u00e9veloppement plus \u00e9quilibr\u00e9, durable et g\u00e9n\u00e9ralis\u00e9 du tourisme italien. Les <strong>strat\u00e9gies de promotion int\u00e9gr\u00e9e entre les destinations consolid\u00e9es et les territoires en d\u00e9veloppement<\/strong> seront \u00e9galement explor\u00e9es. <\/p>\n\n<p>Comme l&rsquo;a d\u00e9clar\u00e9 le ministre Santanch\u00e8 : \u00ab\u00a0&#8230;<em>Cette \u00e9dition se concentrera sur le th\u00e8me de l&rsquo;agrotourisme dans le but d&rsquo;impliquer les maires des petites municipalit\u00e9s \u00e0 vocation touristique. Des analyses et des strat\u00e9gies visant \u00e0 promouvoir des destinations moins connues et \u00e0 encourager l&rsquo;\u00e9change de bonnes pratiques seront discut\u00e9es. <\/em><\/p>\n\n<p>Les deux journ\u00e9es de travail seront anim\u00e9es par <strong>Nicola Porro<\/strong> et<strong> Giancarla Rondinelli<\/strong>. Le 23 janvier \u00e0 14 heures, le maire de Milan <strong>Giuseppe Sala<\/strong>, le pr\u00e9sident de la r\u00e9gion Lombardie <strong>Attilio Fontana<\/strong>, le pr\u00e9sident du S\u00e9nat <strong>Ignazio La Russa<\/strong> et le Premier ministre<strong> Giorgia Meloni<\/strong>, par liaison vid\u00e9o, ouvriront le forum avec leurs salutations institutionnelles.   <\/p>\n\n<p>Il sera suivi d&rsquo;un discours de la ministre du tourisme <strong>, Daniela Santanch\u00e8<\/strong>, qui pr\u00e9sentera la vision de l&rsquo;ex\u00e9cutif sur l&rsquo;industrie du tourisme au cours des dix prochaines ann\u00e9es, en mettant l&rsquo;accent sur l&rsquo;innovation, la comp\u00e9titivit\u00e9 et le r\u00e9\u00e9quilibrage des flux.  <\/p>\n\n<p><a href=\"https:\/\/www.ministeroturismo.gov.it\/wp-content\/uploads\/2026\/01\/Agenda-Forum-Turismo-19-01-25.pdf\"><strong>ICI<\/strong><\/a> le programme complet du Forum.<\/p>\n","protected":false},"excerpt":{"rendered":"<p>La troisi\u00e8me \u00e9dition du Forum international du tourisme, promu par le minist\u00e8re du Tourisme en collaboration avec l&rsquo;ENIT S.p.A., est imminente. L&rsquo;\u00e9v\u00e9nement se tiendra les 23 et 24 janvier 2026 au Palazzo del Ghiaccio de Milan. Un riche programme de r\u00e9unions est pr\u00e9vu, qui rassemblera des institutions, des associations professionnelles, des experts sectoriels et des [&hellip;]<\/p>\n","protected":false},"author":5,"featured_media":177200,"comment_status":"closed","ping_status":"closed","sticky":false,"template":"","format":"standard","meta":{"_acf_changed":false,"_monsterinsights_skip_tracking":false,"_monsterinsights_sitenote_active":false,"_monsterinsights_sitenote_note":"","_monsterinsights_sitenote_category":0,"footnotes":""},"categories":[4024],"tags":[7716,7719,7717,7718],"class_list":["post-177206","post","type-post","status-publish","format-standard","has-post-thumbnail","hentry","category-actualite","tag-forum-international-du-tourisme","tag-jeux-olympiques","tag-milan","tag-milan-cortina-2026"],"acf":[],"yoast_head":"<!-- This site is optimized with the Yoast SEO plugin v27.5 - https:\/\/yoast.com\/product\/yoast-seo-wordpress\/ -->\n<title>Troisi\u00e8me \u00e9dition du Forum international du tourisme, 23 et 24 janvier 2026 \u00e0 Milan<\/title>\n<meta name=\"robots\" content=\"index, follow, max-snippet:-1, max-image-preview:large, max-video-preview:-1\" \/>\n<link rel=\"canonical\" href=\"https:\/\/www.mondocamping.com\/fr\/troisieme-edition-du-forum-international-du-tourisme-23-et-24-janvier-2026-a-milan\/\" \/>\n<meta property=\"og:locale\" content=\"fr_FR\" \/>\n<meta property=\"og:type\" content=\"article\" \/>\n<meta property=\"og:title\" content=\"Troisi\u00e8me \u00e9dition du Forum international du tourisme, 23 et 24 janvier 2026 \u00e0 Milan\" \/>\n<meta property=\"og:description\" content=\"La troisi\u00e8me \u00e9dition du Forum international du tourisme, promu par le minist\u00e8re du Tourisme en collaboration avec l&rsquo;ENIT S.p.A., est imminente. L&rsquo;\u00e9v\u00e9nement se tiendra les 23 et 24 janvier 2026 au Palazzo del Ghiaccio de Milan. Un riche programme de r\u00e9unions est pr\u00e9vu, qui rassemblera des institutions, des associations professionnelles, des experts sectoriels et des [&hellip;]\" \/>\n<meta property=\"og:url\" content=\"https:\/\/www.mondocamping.com\/fr\/troisieme-edition-du-forum-international-du-tourisme-23-et-24-janvier-2026-a-milan\/\" \/>\n<meta property=\"og:site_name\" content=\"Mondo Camping\" \/>\n<meta property=\"article:publisher\" content=\"https:\/\/www.facebook.com\/mondobalneare\" \/>\n<meta property=\"article:author\" content=\"https:\/\/www.facebook.com\/mondocamping\" \/>\n<meta property=\"article:published_time\" content=\"2026-01-21T11:47:14+00:00\" \/>\n<meta property=\"article:modified_time\" content=\"2026-01-21T11:47:15+00:00\" \/>\n<meta property=\"og:image\" content=\"https:\/\/www.mondocamping.com\/wp-content\/uploads\/2026\/01\/Screenshot-2026-01-21-alle-12.39.36.png\" \/>\n\t<meta property=\"og:image:width\" content=\"1200\" \/>\n\t<meta property=\"og:image:height\" content=\"629\" \/>\n\t<meta property=\"og:image:type\" content=\"image\/png\" \/>\n<meta name=\"author\" content=\"Mondo Camping\" \/>\n<meta name=\"twitter:card\" content=\"summary_large_image\" \/>\n<meta name=\"twitter:creator\" content=\"@mondobalneare\" \/>\n<meta name=\"twitter:site\" content=\"@mondobalneare\" \/>\n<meta name=\"twitter:label1\" content=\"\u00c9crit par\" \/>\n\t<meta name=\"twitter:data1\" content=\"Mondo Camping\" \/>\n\t<meta name=\"twitter:label2\" content=\"Dur\u00e9e de lecture estim\u00e9e\" \/>\n\t<meta name=\"twitter:data2\" content=\"2 minutes\" \/>\n<script type=\"application\/ld+json\" class=\"yoast-schema-graph\">{\"@context\":\"https:\\\/\\\/schema.org\",\"@graph\":[{\"@type\":\"Article\",\"@id\":\"https:\\\/\\\/www.mondocamping.com\\\/fr\\\/troisieme-edition-du-forum-international-du-tourisme-23-et-24-janvier-2026-a-milan\\\/#article\",\"isPartOf\":{\"@id\":\"https:\\\/\\\/www.mondocamping.com\\\/fr\\\/troisieme-edition-du-forum-international-du-tourisme-23-et-24-janvier-2026-a-milan\\\/\"},\"author\":{\"name\":\"Mondo Camping\",\"@id\":\"https:\\\/\\\/www.mondocamping.com\\\/#\\\/schema\\\/person\\\/01a031b8c5ef08c2204bb0e696f0a760\"},\"headline\":\"Troisi\u00e8me \u00e9dition du Forum international du tourisme, 23 et 24 janvier 2026 \u00e0 Milan\",\"datePublished\":\"2026-01-21T11:47:14+00:00\",\"dateModified\":\"2026-01-21T11:47:15+00:00\",\"mainEntityOfPage\":{\"@id\":\"https:\\\/\\\/www.mondocamping.com\\\/fr\\\/troisieme-edition-du-forum-international-du-tourisme-23-et-24-janvier-2026-a-milan\\\/\"},\"wordCount\":453,\"publisher\":{\"@id\":\"https:\\\/\\\/www.mondocamping.com\\\/#organization\"},\"image\":{\"@id\":\"https:\\\/\\\/www.mondocamping.com\\\/fr\\\/troisieme-edition-du-forum-international-du-tourisme-23-et-24-janvier-2026-a-milan\\\/#primaryimage\"},\"thumbnailUrl\":\"https:\\\/\\\/www.mondocamping.com\\\/wp-content\\\/uploads\\\/2026\\\/01\\\/Screenshot-2026-01-21-alle-12.39.36.png\",\"keywords\":[\"Forum international du tourisme\",\"Jeux olympiques\",\"Milan\",\"Milan-Cortina 2026\"],\"articleSection\":[\"Actualit\u00e9\"],\"inLanguage\":\"fr-FR\"},{\"@type\":\"WebPage\",\"@id\":\"https:\\\/\\\/www.mondocamping.com\\\/fr\\\/troisieme-edition-du-forum-international-du-tourisme-23-et-24-janvier-2026-a-milan\\\/\",\"url\":\"https:\\\/\\\/www.mondocamping.com\\\/fr\\\/troisieme-edition-du-forum-international-du-tourisme-23-et-24-janvier-2026-a-milan\\\/\",\"name\":\"Troisi\u00e8me \u00e9dition du Forum international du tourisme, 23 et 24 janvier 2026 \u00e0 Milan\",\"isPartOf\":{\"@id\":\"https:\\\/\\\/www.mondocamping.com\\\/#website\"},\"primaryImageOfPage\":{\"@id\":\"https:\\\/\\\/www.mondocamping.com\\\/fr\\\/troisieme-edition-du-forum-international-du-tourisme-23-et-24-janvier-2026-a-milan\\\/#primaryimage\"},\"image\":{\"@id\":\"https:\\\/\\\/www.mondocamping.com\\\/fr\\\/troisieme-edition-du-forum-international-du-tourisme-23-et-24-janvier-2026-a-milan\\\/#primaryimage\"},\"thumbnailUrl\":\"https:\\\/\\\/www.mondocamping.com\\\/wp-content\\\/uploads\\\/2026\\\/01\\\/Screenshot-2026-01-21-alle-12.39.36.png\",\"datePublished\":\"2026-01-21T11:47:14+00:00\",\"dateModified\":\"2026-01-21T11:47:15+00:00\",\"breadcrumb\":{\"@id\":\"https:\\\/\\\/www.mondocamping.com\\\/fr\\\/troisieme-edition-du-forum-international-du-tourisme-23-et-24-janvier-2026-a-milan\\\/#breadcrumb\"},\"inLanguage\":\"fr-FR\",\"potentialAction\":[{\"@type\":\"ReadAction\",\"target\":[\"https:\\\/\\\/www.mondocamping.com\\\/fr\\\/troisieme-edition-du-forum-international-du-tourisme-23-et-24-janvier-2026-a-milan\\\/\"]}]},{\"@type\":\"ImageObject\",\"inLanguage\":\"fr-FR\",\"@id\":\"https:\\\/\\\/www.mondocamping.com\\\/fr\\\/troisieme-edition-du-forum-international-du-tourisme-23-et-24-janvier-2026-a-milan\\\/#primaryimage\",\"url\":\"https:\\\/\\\/www.mondocamping.com\\\/wp-content\\\/uploads\\\/2026\\\/01\\\/Screenshot-2026-01-21-alle-12.39.36.png\",\"contentUrl\":\"https:\\\/\\\/www.mondocamping.com\\\/wp-content\\\/uploads\\\/2026\\\/01\\\/Screenshot-2026-01-21-alle-12.39.36.png\",\"width\":1200,\"height\":629,\"caption\":\"Photo credit: ministeroturismo.gov.it\"},{\"@type\":\"BreadcrumbList\",\"@id\":\"https:\\\/\\\/www.mondocamping.com\\\/fr\\\/troisieme-edition-du-forum-international-du-tourisme-23-et-24-janvier-2026-a-milan\\\/#breadcrumb\",\"itemListElement\":[{\"@type\":\"ListItem\",\"position\":1,\"name\":\"Home\",\"item\":\"https:\\\/\\\/www.mondocamping.com\\\/fr\\\/\"},{\"@type\":\"ListItem\",\"position\":2,\"name\":\"Troisi\u00e8me \u00e9dition du Forum international du tourisme, 23 et 24 janvier 2026 \u00e0 Milan\"}]},{\"@type\":\"WebSite\",\"@id\":\"https:\\\/\\\/www.mondocamping.com\\\/#website\",\"url\":\"https:\\\/\\\/www.mondocamping.com\\\/\",\"name\":\"Mondo Camping\",\"description\":\"Le portail d\u00e9di\u00e9 aux gestionnaires de campings et villages touristiques\",\"publisher\":{\"@id\":\"https:\\\/\\\/www.mondocamping.com\\\/#organization\"},\"potentialAction\":[{\"@type\":\"SearchAction\",\"target\":{\"@type\":\"EntryPoint\",\"urlTemplate\":\"https:\\\/\\\/www.mondocamping.com\\\/?s={search_term_string}\"},\"query-input\":{\"@type\":\"PropertyValueSpecification\",\"valueRequired\":true,\"valueName\":\"search_term_string\"}}],\"inLanguage\":\"fr-FR\"},{\"@type\":\"Organization\",\"@id\":\"https:\\\/\\\/www.mondocamping.com\\\/#organization\",\"name\":\"Mondo Camping\",\"url\":\"https:\\\/\\\/www.mondocamping.com\\\/\",\"logo\":{\"@type\":\"ImageObject\",\"inLanguage\":\"fr-FR\",\"@id\":\"https:\\\/\\\/www.mondocamping.com\\\/#\\\/schema\\\/logo\\\/image\\\/\",\"url\":\"https:\\\/\\\/www.mondocamping.com\\\/wp-content\\\/uploads\\\/2022\\\/04\\\/mondo-camping-logo-contornato-1.png\",\"contentUrl\":\"https:\\\/\\\/www.mondocamping.com\\\/wp-content\\\/uploads\\\/2022\\\/04\\\/mondo-camping-logo-contornato-1.png\",\"width\":280,\"height\":90,\"caption\":\"Mondo Camping\"},\"image\":{\"@id\":\"https:\\\/\\\/www.mondocamping.com\\\/#\\\/schema\\\/logo\\\/image\\\/\"},\"sameAs\":[\"https:\\\/\\\/www.facebook.com\\\/mondobalneare\",\"https:\\\/\\\/x.com\\\/mondobalneare\",\"https:\\\/\\\/www.instagram.com\\\/mondobalneare\\\/\",\"https:\\\/\\\/www.linkedin.com\\\/company\\\/67180810\\\/\",\"https:\\\/\\\/www.youtube.com\\\/user\\\/mondobalnearevideo\"]},{\"@type\":\"Person\",\"@id\":\"https:\\\/\\\/www.mondocamping.com\\\/#\\\/schema\\\/person\\\/01a031b8c5ef08c2204bb0e696f0a760\",\"name\":\"Mondo Camping\",\"image\":{\"@type\":\"ImageObject\",\"inLanguage\":\"fr-FR\",\"@id\":\"https:\\\/\\\/www.mondocamping.com\\\/wp-content\\\/uploads\\\/2022\\\/05\\\/cropped-icona-MONDO-CAMPING-150x150.png\",\"url\":\"https:\\\/\\\/www.mondocamping.com\\\/wp-content\\\/uploads\\\/2022\\\/05\\\/cropped-icona-MONDO-CAMPING-150x150.png\",\"contentUrl\":\"https:\\\/\\\/www.mondocamping.com\\\/wp-content\\\/uploads\\\/2022\\\/05\\\/cropped-icona-MONDO-CAMPING-150x150.png\",\"caption\":\"Mondo Camping\"},\"sameAs\":[\"https:\\\/\\\/www.mondocamping.com\\\/\",\"https:\\\/\\\/www.facebook.com\\\/mondocamping\"]}]}<\/script>\n<!-- \/ Yoast SEO plugin. -->","yoast_head_json":{"title":"Troisi\u00e8me \u00e9dition du Forum international du tourisme, 23 et 24 janvier 2026 \u00e0 Milan","robots":{"index":"index","follow":"follow","max-snippet":"max-snippet:-1","max-image-preview":"max-image-preview:large","max-video-preview":"max-video-preview:-1"},"canonical":"https:\/\/www.mondocamping.com\/fr\/troisieme-edition-du-forum-international-du-tourisme-23-et-24-janvier-2026-a-milan\/","og_locale":"fr_FR","og_type":"article","og_title":"Troisi\u00e8me \u00e9dition du Forum international du tourisme, 23 et 24 janvier 2026 \u00e0 Milan","og_description":"La troisi\u00e8me \u00e9dition du Forum international du tourisme, promu par le minist\u00e8re du Tourisme en collaboration avec l&rsquo;ENIT S.p.A., est imminente. L&rsquo;\u00e9v\u00e9nement se tiendra les 23 et 24 janvier 2026 au Palazzo del Ghiaccio de Milan. Un riche programme de r\u00e9unions est pr\u00e9vu, qui rassemblera des institutions, des associations professionnelles, des experts sectoriels et des [&hellip;]","og_url":"https:\/\/www.mondocamping.com\/fr\/troisieme-edition-du-forum-international-du-tourisme-23-et-24-janvier-2026-a-milan\/","og_site_name":"Mondo Camping","article_publisher":"https:\/\/www.facebook.com\/mondobalneare","article_author":"https:\/\/www.facebook.com\/mondocamping","article_published_time":"2026-01-21T11:47:14+00:00","article_modified_time":"2026-01-21T11:47:15+00:00","og_image":[{"width":1200,"height":629,"url":"https:\/\/www.mondocamping.com\/wp-content\/uploads\/2026\/01\/Screenshot-2026-01-21-alle-12.39.36.png","type":"image\/png"}],"author":"Mondo Camping","twitter_card":"summary_large_image","twitter_creator":"@mondobalneare","twitter_site":"@mondobalneare","twitter_misc":{"\u00c9crit par":"Mondo Camping","Dur\u00e9e de lecture estim\u00e9e":"2 minutes"},"schema":{"@context":"https:\/\/schema.org","@graph":[{"@type":"Article","@id":"https:\/\/www.mondocamping.com\/fr\/troisieme-edition-du-forum-international-du-tourisme-23-et-24-janvier-2026-a-milan\/#article","isPartOf":{"@id":"https:\/\/www.mondocamping.com\/fr\/troisieme-edition-du-forum-international-du-tourisme-23-et-24-janvier-2026-a-milan\/"},"author":{"name":"Mondo Camping","@id":"https:\/\/www.mondocamping.com\/#\/schema\/person\/01a031b8c5ef08c2204bb0e696f0a760"},"headline":"Troisi\u00e8me \u00e9dition du Forum international du tourisme, 23 et 24 janvier 2026 \u00e0 Milan","datePublished":"2026-01-21T11:47:14+00:00","dateModified":"2026-01-21T11:47:15+00:00","mainEntityOfPage":{"@id":"https:\/\/www.mondocamping.com\/fr\/troisieme-edition-du-forum-international-du-tourisme-23-et-24-janvier-2026-a-milan\/"},"wordCount":453,"publisher":{"@id":"https:\/\/www.mondocamping.com\/#organization"},"image":{"@id":"https:\/\/www.mondocamping.com\/fr\/troisieme-edition-du-forum-international-du-tourisme-23-et-24-janvier-2026-a-milan\/#primaryimage"},"thumbnailUrl":"https:\/\/www.mondocamping.com\/wp-content\/uploads\/2026\/01\/Screenshot-2026-01-21-alle-12.39.36.png","keywords":["Forum international du tourisme","Jeux olympiques","Milan","Milan-Cortina 2026"],"articleSection":["Actualit\u00e9"],"inLanguage":"fr-FR"},{"@type":"WebPage","@id":"https:\/\/www.mondocamping.com\/fr\/troisieme-edition-du-forum-international-du-tourisme-23-et-24-janvier-2026-a-milan\/","url":"https:\/\/www.mondocamping.com\/fr\/troisieme-edition-du-forum-international-du-tourisme-23-et-24-janvier-2026-a-milan\/","name":"Troisi\u00e8me \u00e9dition du Forum international du tourisme, 23 et 24 janvier 2026 \u00e0 Milan","isPartOf":{"@id":"https:\/\/www.mondocamping.com\/#website"},"primaryImageOfPage":{"@id":"https:\/\/www.mondocamping.com\/fr\/troisieme-edition-du-forum-international-du-tourisme-23-et-24-janvier-2026-a-milan\/#primaryimage"},"image":{"@id":"https:\/\/www.mondocamping.com\/fr\/troisieme-edition-du-forum-international-du-tourisme-23-et-24-janvier-2026-a-milan\/#primaryimage"},"thumbnailUrl":"https:\/\/www.mondocamping.com\/wp-content\/uploads\/2026\/01\/Screenshot-2026-01-21-alle-12.39.36.png","datePublished":"2026-01-21T11:47:14+00:00","dateModified":"2026-01-21T11:47:15+00:00","breadcrumb":{"@id":"https:\/\/www.mondocamping.com\/fr\/troisieme-edition-du-forum-international-du-tourisme-23-et-24-janvier-2026-a-milan\/#breadcrumb"},"inLanguage":"fr-FR","potentialAction":[{"@type":"ReadAction","target":["https:\/\/www.mondocamping.com\/fr\/troisieme-edition-du-forum-international-du-tourisme-23-et-24-janvier-2026-a-milan\/"]}]},{"@type":"ImageObject","inLanguage":"fr-FR","@id":"https:\/\/www.mondocamping.com\/fr\/troisieme-edition-du-forum-international-du-tourisme-23-et-24-janvier-2026-a-milan\/#primaryimage","url":"https:\/\/www.mondocamping.com\/wp-content\/uploads\/2026\/01\/Screenshot-2026-01-21-alle-12.39.36.png","contentUrl":"https:\/\/www.mondocamping.com\/wp-content\/uploads\/2026\/01\/Screenshot-2026-01-21-alle-12.39.36.png","width":1200,"height":629,"caption":"Photo credit: ministeroturismo.gov.it"},{"@type":"BreadcrumbList","@id":"https:\/\/www.mondocamping.com\/fr\/troisieme-edition-du-forum-international-du-tourisme-23-et-24-janvier-2026-a-milan\/#breadcrumb","itemListElement":[{"@type":"ListItem","position":1,"name":"Home","item":"https:\/\/www.mondocamping.com\/fr\/"},{"@type":"ListItem","position":2,"name":"Troisi\u00e8me \u00e9dition du Forum international du tourisme, 23 et 24 janvier 2026 \u00e0 Milan"}]},{"@type":"WebSite","@id":"https:\/\/www.mondocamping.com\/#website","url":"https:\/\/www.mondocamping.com\/","name":"Mondo Camping","description":"Le portail d\u00e9di\u00e9 aux gestionnaires de campings et villages touristiques","publisher":{"@id":"https:\/\/www.mondocamping.com\/#organization"},"potentialAction":[{"@type":"SearchAction","target":{"@type":"EntryPoint","urlTemplate":"https:\/\/www.mondocamping.com\/?s={search_term_string}"},"query-input":{"@type":"PropertyValueSpecification","valueRequired":true,"valueName":"search_term_string"}}],"inLanguage":"fr-FR"},{"@type":"Organization","@id":"https:\/\/www.mondocamping.com\/#organization","name":"Mondo Camping","url":"https:\/\/www.mondocamping.com\/","logo":{"@type":"ImageObject","inLanguage":"fr-FR","@id":"https:\/\/www.mondocamping.com\/#\/schema\/logo\/image\/","url":"https:\/\/www.mondocamping.com\/wp-content\/uploads\/2022\/04\/mondo-camping-logo-contornato-1.png","contentUrl":"https:\/\/www.mondocamping.com\/wp-content\/uploads\/2022\/04\/mondo-camping-logo-contornato-1.png","width":280,"height":90,"caption":"Mondo Camping"},"image":{"@id":"https:\/\/www.mondocamping.com\/#\/schema\/logo\/image\/"},"sameAs":["https:\/\/www.facebook.com\/mondobalneare","https:\/\/x.com\/mondobalneare","https:\/\/www.instagram.com\/mondobalneare\/","https:\/\/www.linkedin.com\/company\/67180810\/","https:\/\/www.youtube.com\/user\/mondobalnearevideo"]},{"@type":"Person","@id":"https:\/\/www.mondocamping.com\/#\/schema\/person\/01a031b8c5ef08c2204bb0e696f0a760","name":"Mondo Camping","image":{"@type":"ImageObject","inLanguage":"fr-FR","@id":"https:\/\/www.mondocamping.com\/wp-content\/uploads\/2022\/05\/cropped-icona-MONDO-CAMPING-150x150.png","url":"https:\/\/www.mondocamping.com\/wp-content\/uploads\/2022\/05\/cropped-icona-MONDO-CAMPING-150x150.png","contentUrl":"https:\/\/www.mondocamping.com\/wp-content\/uploads\/2022\/05\/cropped-icona-MONDO-CAMPING-150x150.png","caption":"Mondo Camping"},"sameAs":["https:\/\/www.mondocamping.com\/","https:\/\/www.facebook.com\/mondocamping"]}]}},"_links":{"self":[{"href":"https:\/\/www.mondocamping.com\/fr\/wp-json\/wp\/v2\/posts\/177206","targetHints":{"allow":["GET"]}}],"collection":[{"href":"https:\/\/www.mondocamping.com\/fr\/wp-json\/wp\/v2\/posts"}],"about":[{"href":"https:\/\/www.mondocamping.com\/fr\/wp-json\/wp\/v2\/types\/post"}],"author":[{"embeddable":true,"href":"https:\/\/www.mondocamping.com\/fr\/wp-json\/wp\/v2\/users\/5"}],"replies":[{"embeddable":true,"href":"https:\/\/www.mondocamping.com\/fr\/wp-json\/wp\/v2\/comments?post=177206"}],"version-history":[{"count":1,"href":"https:\/\/www.mondocamping.com\/fr\/wp-json\/wp\/v2\/posts\/177206\/revisions"}],"predecessor-version":[{"id":177207,"href":"https:\/\/www.mondocamping.com\/fr\/wp-json\/wp\/v2\/posts\/177206\/revisions\/177207"}],"wp:featuredmedia":[{"embeddable":true,"href":"https:\/\/www.mondocamping.com\/fr\/wp-json\/wp\/v2\/media\/177200"}],"wp:attachment":[{"href":"https:\/\/www.mondocamping.com\/fr\/wp-json\/wp\/v2\/media?parent=177206"}],"wp:term":[{"taxonomy":"category","embeddable":true,"href":"https:\/\/www.mondocamping.com\/fr\/wp-json\/wp\/v2\/categories?post=177206"},{"taxonomy":"post_tag","embeddable":true,"href":"https:\/\/www.mondocamping.com\/fr\/wp-json\/wp\/v2\/tags?post=177206"}],"curies":[{"name":"wp","href":"https:\/\/api.w.org\/{rel}","templated":true}]}}