{"id":177694,"date":"2026-03-11T12:09:47","date_gmt":"2026-03-11T11:09:47","guid":{"rendered":"https:\/\/www.mondocamping.com\/cavallino-treporti-debut-de-la-saison-touristique-2026\/"},"modified":"2026-03-11T12:30:21","modified_gmt":"2026-03-11T11:30:21","slug":"cavallino-treporti-debut-de-la-saison-touristique-2026","status":"publish","type":"post","link":"https:\/\/www.mondocamping.com\/fr\/cavallino-treporti-debut-de-la-saison-touristique-2026\/","title":{"rendered":"Cavallino Treporti : D\u00e9but de la saison touristique 2026"},"content":{"rendered":"\n<p>La saison estivale est un appel \u00e0 d\u00e9couvrir <strong>Cavallino Treporti<\/strong>, le joyau de la V\u00e9n\u00e9tie, la premi\u00e8re destination baln\u00e9aire d&rsquo;Italie en termes de nombre de touristes, et une destination tr\u00e8s pris\u00e9e pour les s\u00e9jours en camping de plein air. Un fer de lance de notre belle Italie qui, d\u00e8s le printemps, devient une attraction pour les touristes nationaux et internationaux.   <\/p>\n\n<p>Cavallino Treporti offre le meilleur de la mer, de la lagune et de l&rsquo;arri\u00e8re-pays verdoyant, o\u00f9 s&rsquo;entrecroisent des kilom\u00e8tres de routes panoramiques, \u00e0 parcourir \u00e0 pied ou \u00e0 v\u00e9lo, une zone o\u00f9 la nature et l&rsquo;histoire s&rsquo;entrem\u00ealent, \u00e0 deux pas de la beaut\u00e9 unique de Venise, et \u00e0 quelques encablures des stations de la V\u00e9n\u00e9tie, des tr\u00e9sors de traditions encore plus passionnantes \u00e0 d\u00e9couvrir avant l&rsquo;arriv\u00e9e des grandes chaleurs.  <\/p>\n\n<p>Cavallino Treporti est \u00e9galement une destination id\u00e9ale pour les vacances de P\u00e2ques qui approchent \u00e0 grands pas, car de nombreux campings seront d\u00e9j\u00e0 ouverts \u00e0 la fin du mois de mars.<\/p>\n\n<h2 class=\"wp-block-heading\">Le plein air, cheval de bataille du tourisme local<\/h2>\n\n<p>\u00c0 Cavallino-Treporti, le confort rencontre la nature. C&rsquo;est l&rsquo;une des destinations les plus populaires en Europe pour le tourisme en plein air, qui s&rsquo;est \u00e9galement distingu\u00e9e lors de la derni\u00e8re \u00e9dition des Pincamp Awards 2026. <em><strong>Pincamp Awards 2026<\/strong><\/em>en d\u00e9cernant le prestigieux prix de la cat\u00e9gorie<em>\u00ab\u00a0Innovation et progr\u00e8s<\/em>\u00a0\u00bb \u00e0 <strong><em>Union Lido Mare<\/em><\/strong>le fleuron du tourisme en plein air dans la station v\u00e9nitienne. <\/p>\n\n<p>Cavallino Treporti est une r\u00e9alit\u00e9 historique qui a su se renouveler au fil des ans en misant sur la durabilit\u00e9, tout en conservant son authenticit\u00e9. Chaque ann\u00e9e, l&rsquo;administration municipale s&rsquo;efforce de mettre en valeur la zone, en rendant la station renouvel\u00e9e et plus accueillante, gr\u00e2ce aux nombreuses interventions sur la verdure et le mobilier urbain r\u00e9alis\u00e9es au cours des derniers mois. Le reste est fait par les entreprises de plein air qui offrent des solutions parfaites pour passer du temps immerg\u00e9 dans la nature, avec comp\u00e9tence et beaucoup de passion.    <\/p>\n\n<p>D\u00e9couvrez le d\u00e9but de la saison 2026 en consultant le calendrier d&rsquo;ouverture du <strong>parc touristique Cavallino Treporti<\/strong>:  <\/p>\n<div class=\"wp-block-image\">\n<figure data-wp-context=\"{&quot;imageId&quot;:&quot;69f3fcf1093f8&quot;}\" data-wp-interactive=\"core\/image\" data-wp-key=\"69f3fcf1093f8\" class=\"aligncenter size-large wp-lightbox-container\"><img fetchpriority=\"high\" decoding=\"async\" width=\"723\" height=\"1024\" data-wp-class--hide=\"state.isContentHidden\" data-wp-class--show=\"state.isContentVisible\" data-wp-init=\"callbacks.setButtonStyles\" data-wp-on--click=\"actions.showLightbox\" data-wp-on--load=\"callbacks.setButtonStyles\" data-wp-on-window--resize=\"callbacks.setButtonStyles\" src=\"https:\/\/www.mondocamping.com\/wp-content\/uploads\/2026\/03\/Screenshot-2026-03-11-alle-11.58.01-723x1024.png\" alt=\"\" class=\"wp-image-177685\" srcset=\"https:\/\/www.mondocamping.com\/wp-content\/uploads\/2026\/03\/Screenshot-2026-03-11-alle-11.58.01-723x1024.png 723w, https:\/\/www.mondocamping.com\/wp-content\/uploads\/2026\/03\/Screenshot-2026-03-11-alle-11.58.01-212x300.png 212w, https:\/\/www.mondocamping.com\/wp-content\/uploads\/2026\/03\/Screenshot-2026-03-11-alle-11.58.01-768x1088.png 768w, https:\/\/www.mondocamping.com\/wp-content\/uploads\/2026\/03\/Screenshot-2026-03-11-alle-11.58.01.png 847w\" sizes=\"(max-width: 723px) 100vw, 723px\" \/><button\n\t\t\tclass=\"lightbox-trigger\"\n\t\t\ttype=\"button\"\n\t\t\taria-haspopup=\"dialog\"\n\t\t\taria-label=\"Agrandir\"\n\t\t\tdata-wp-init=\"callbacks.initTriggerButton\"\n\t\t\tdata-wp-on--click=\"actions.showLightbox\"\n\t\t\tdata-wp-style--right=\"state.imageButtonRight\"\n\t\t\tdata-wp-style--top=\"state.imageButtonTop\"\n\t\t>\n\t\t\t<svg xmlns=\"http:\/\/www.w3.org\/2000\/svg\" width=\"12\" height=\"12\" fill=\"none\" viewBox=\"0 0 12 12\">\n\t\t\t\t<path fill=\"#fff\" d=\"M2 0a2 2 0 0 0-2 2v2h1.5V2a.5.5 0 0 1 .5-.5h2V0H2Zm2 10.5H2a.5.5 0 0 1-.5-.5V8H0v2a2 2 0 0 0 2 2h2v-1.5ZM8 12v-1.5h2a.5.5 0 0 0 .5-.5V8H12v2a2 2 0 0 1-2 2H8Zm2-12a2 2 0 0 1 2 2v2h-1.5V2a.5.5 0 0 0-.5-.5H8V0h2Z\" \/>\n\t\t\t<\/svg>\n\t\t<\/button><figcaption class=\"wp-element-caption\">Calendrier d&rsquo;ouverture www.visitcavallino.com<\/figcaption><\/figure>\n<\/div>\n<p><\/p>\n","protected":false},"excerpt":{"rendered":"<p>La saison estivale est un appel \u00e0 d\u00e9couvrir Cavallino Treporti, le joyau de la V\u00e9n\u00e9tie, la premi\u00e8re destination baln\u00e9aire d&rsquo;Italie en termes de nombre de touristes, et une destination tr\u00e8s pris\u00e9e pour les s\u00e9jours en camping de plein air. Un fer de lance de notre belle Italie qui, d\u00e8s le printemps, devient une attraction pour [&hellip;]<\/p>\n","protected":false},"author":5,"featured_media":173923,"comment_status":"closed","ping_status":"closed","sticky":false,"template":"","format":"standard","meta":{"_acf_changed":false,"_monsterinsights_skip_tracking":false,"_monsterinsights_sitenote_active":false,"_monsterinsights_sitenote_note":"","_monsterinsights_sitenote_category":0,"footnotes":""},"categories":[4024,3646],"tags":[6613,7806,7805],"class_list":["post-177694","post","type-post","status-publish","format-standard","has-post-thumbnail","hentry","category-actualite","category-non-classifiee","tag-cavallino-treporti-fr-2","tag-paques-a-cavallino-treporti","tag-saison-touristique-2026"],"acf":[],"yoast_head":"<!-- This site is optimized with the Yoast SEO plugin v27.5 - https:\/\/yoast.com\/product\/yoast-seo-wordpress\/ -->\n<title>Cavallino Treporti : D\u00e9but de la saison touristique 2026<\/title>\n<meta name=\"robots\" content=\"index, follow, max-snippet:-1, max-image-preview:large, max-video-preview:-1\" \/>\n<link rel=\"canonical\" href=\"https:\/\/www.mondocamping.com\/fr\/cavallino-treporti-debut-de-la-saison-touristique-2026\/\" \/>\n<meta property=\"og:locale\" content=\"fr_FR\" \/>\n<meta property=\"og:type\" content=\"article\" \/>\n<meta property=\"og:title\" content=\"Cavallino Treporti : D\u00e9but de la saison touristique 2026\" \/>\n<meta property=\"og:description\" content=\"La saison estivale est un appel \u00e0 d\u00e9couvrir Cavallino Treporti, le joyau de la V\u00e9n\u00e9tie, la premi\u00e8re destination baln\u00e9aire d&rsquo;Italie en termes de nombre de touristes, et une destination tr\u00e8s pris\u00e9e pour les s\u00e9jours en camping de plein air. Un fer de lance de notre belle Italie qui, d\u00e8s le printemps, devient une attraction pour [&hellip;]\" \/>\n<meta property=\"og:url\" content=\"https:\/\/www.mondocamping.com\/fr\/cavallino-treporti-debut-de-la-saison-touristique-2026\/\" \/>\n<meta property=\"og:site_name\" content=\"Mondo Camping\" \/>\n<meta property=\"article:publisher\" content=\"https:\/\/www.facebook.com\/mondobalneare\" \/>\n<meta property=\"article:author\" content=\"https:\/\/www.facebook.com\/mondocamping\" \/>\n<meta property=\"article:published_time\" content=\"2026-03-11T11:09:47+00:00\" \/>\n<meta property=\"article:modified_time\" content=\"2026-03-11T11:30:21+00:00\" \/>\n<meta property=\"og:image\" content=\"https:\/\/www.mondocamping.com\/wp-content\/uploads\/2025\/04\/3F8H9922-2.jpg\" \/>\n\t<meta property=\"og:image:width\" content=\"1200\" \/>\n\t<meta property=\"og:image:height\" content=\"628\" \/>\n\t<meta property=\"og:image:type\" content=\"image\/jpeg\" \/>\n<meta name=\"author\" content=\"Mondo Camping\" \/>\n<meta name=\"twitter:card\" content=\"summary_large_image\" \/>\n<meta name=\"twitter:creator\" content=\"@mondobalneare\" \/>\n<meta name=\"twitter:site\" content=\"@mondobalneare\" \/>\n<meta name=\"twitter:label1\" content=\"\u00c9crit par\" \/>\n\t<meta name=\"twitter:data1\" content=\"Mondo Camping\" \/>\n\t<meta name=\"twitter:label2\" content=\"Dur\u00e9e de lecture estim\u00e9e\" \/>\n\t<meta name=\"twitter:data2\" content=\"2 minutes\" \/>\n<script type=\"application\/ld+json\" class=\"yoast-schema-graph\">{\"@context\":\"https:\\\/\\\/schema.org\",\"@graph\":[{\"@type\":\"Article\",\"@id\":\"https:\\\/\\\/www.mondocamping.com\\\/fr\\\/cavallino-treporti-debut-de-la-saison-touristique-2026\\\/#article\",\"isPartOf\":{\"@id\":\"https:\\\/\\\/www.mondocamping.com\\\/fr\\\/cavallino-treporti-debut-de-la-saison-touristique-2026\\\/\"},\"author\":{\"name\":\"Mondo Camping\",\"@id\":\"https:\\\/\\\/www.mondocamping.com\\\/#\\\/schema\\\/person\\\/01a031b8c5ef08c2204bb0e696f0a760\"},\"headline\":\"Cavallino Treporti : D\u00e9but de la saison touristique 2026\",\"datePublished\":\"2026-03-11T11:09:47+00:00\",\"dateModified\":\"2026-03-11T11:30:21+00:00\",\"mainEntityOfPage\":{\"@id\":\"https:\\\/\\\/www.mondocamping.com\\\/fr\\\/cavallino-treporti-debut-de-la-saison-touristique-2026\\\/\"},\"wordCount\":388,\"publisher\":{\"@id\":\"https:\\\/\\\/www.mondocamping.com\\\/#organization\"},\"image\":{\"@id\":\"https:\\\/\\\/www.mondocamping.com\\\/fr\\\/cavallino-treporti-debut-de-la-saison-touristique-2026\\\/#primaryimage\"},\"thumbnailUrl\":\"https:\\\/\\\/www.mondocamping.com\\\/wp-content\\\/uploads\\\/2025\\\/04\\\/3F8H9922-2.jpg\",\"keywords\":[\"Cavallino Treporti\",\"P\u00e2ques \u00e0 Cavallino Treporti\",\"saison touristique 2026\"],\"articleSection\":[\"Actualit\u00e9\",\"Non classifi\u00e9(e)\"],\"inLanguage\":\"fr-FR\"},{\"@type\":\"WebPage\",\"@id\":\"https:\\\/\\\/www.mondocamping.com\\\/fr\\\/cavallino-treporti-debut-de-la-saison-touristique-2026\\\/\",\"url\":\"https:\\\/\\\/www.mondocamping.com\\\/fr\\\/cavallino-treporti-debut-de-la-saison-touristique-2026\\\/\",\"name\":\"Cavallino Treporti : D\u00e9but de la saison touristique 2026\",\"isPartOf\":{\"@id\":\"https:\\\/\\\/www.mondocamping.com\\\/#website\"},\"primaryImageOfPage\":{\"@id\":\"https:\\\/\\\/www.mondocamping.com\\\/fr\\\/cavallino-treporti-debut-de-la-saison-touristique-2026\\\/#primaryimage\"},\"image\":{\"@id\":\"https:\\\/\\\/www.mondocamping.com\\\/fr\\\/cavallino-treporti-debut-de-la-saison-touristique-2026\\\/#primaryimage\"},\"thumbnailUrl\":\"https:\\\/\\\/www.mondocamping.com\\\/wp-content\\\/uploads\\\/2025\\\/04\\\/3F8H9922-2.jpg\",\"datePublished\":\"2026-03-11T11:09:47+00:00\",\"dateModified\":\"2026-03-11T11:30:21+00:00\",\"breadcrumb\":{\"@id\":\"https:\\\/\\\/www.mondocamping.com\\\/fr\\\/cavallino-treporti-debut-de-la-saison-touristique-2026\\\/#breadcrumb\"},\"inLanguage\":\"fr-FR\",\"potentialAction\":[{\"@type\":\"ReadAction\",\"target\":[\"https:\\\/\\\/www.mondocamping.com\\\/fr\\\/cavallino-treporti-debut-de-la-saison-touristique-2026\\\/\"]}]},{\"@type\":\"ImageObject\",\"inLanguage\":\"fr-FR\",\"@id\":\"https:\\\/\\\/www.mondocamping.com\\\/fr\\\/cavallino-treporti-debut-de-la-saison-touristique-2026\\\/#primaryimage\",\"url\":\"https:\\\/\\\/www.mondocamping.com\\\/wp-content\\\/uploads\\\/2025\\\/04\\\/3F8H9922-2.jpg\",\"contentUrl\":\"https:\\\/\\\/www.mondocamping.com\\\/wp-content\\\/uploads\\\/2025\\\/04\\\/3F8H9922-2.jpg\",\"width\":1200,\"height\":628},{\"@type\":\"BreadcrumbList\",\"@id\":\"https:\\\/\\\/www.mondocamping.com\\\/fr\\\/cavallino-treporti-debut-de-la-saison-touristique-2026\\\/#breadcrumb\",\"itemListElement\":[{\"@type\":\"ListItem\",\"position\":1,\"name\":\"Home\",\"item\":\"https:\\\/\\\/www.mondocamping.com\\\/fr\\\/\"},{\"@type\":\"ListItem\",\"position\":2,\"name\":\"Cavallino Treporti : D\u00e9but de la saison touristique 2026\"}]},{\"@type\":\"WebSite\",\"@id\":\"https:\\\/\\\/www.mondocamping.com\\\/#website\",\"url\":\"https:\\\/\\\/www.mondocamping.com\\\/\",\"name\":\"Mondo Camping\",\"description\":\"Le portail d\u00e9di\u00e9 aux gestionnaires de campings et villages touristiques\",\"publisher\":{\"@id\":\"https:\\\/\\\/www.mondocamping.com\\\/#organization\"},\"potentialAction\":[{\"@type\":\"SearchAction\",\"target\":{\"@type\":\"EntryPoint\",\"urlTemplate\":\"https:\\\/\\\/www.mondocamping.com\\\/?s={search_term_string}\"},\"query-input\":{\"@type\":\"PropertyValueSpecification\",\"valueRequired\":true,\"valueName\":\"search_term_string\"}}],\"inLanguage\":\"fr-FR\"},{\"@type\":\"Organization\",\"@id\":\"https:\\\/\\\/www.mondocamping.com\\\/#organization\",\"name\":\"Mondo Camping\",\"url\":\"https:\\\/\\\/www.mondocamping.com\\\/\",\"logo\":{\"@type\":\"ImageObject\",\"inLanguage\":\"fr-FR\",\"@id\":\"https:\\\/\\\/www.mondocamping.com\\\/#\\\/schema\\\/logo\\\/image\\\/\",\"url\":\"https:\\\/\\\/www.mondocamping.com\\\/wp-content\\\/uploads\\\/2022\\\/04\\\/mondo-camping-logo-contornato-1.png\",\"contentUrl\":\"https:\\\/\\\/www.mondocamping.com\\\/wp-content\\\/uploads\\\/2022\\\/04\\\/mondo-camping-logo-contornato-1.png\",\"width\":280,\"height\":90,\"caption\":\"Mondo Camping\"},\"image\":{\"@id\":\"https:\\\/\\\/www.mondocamping.com\\\/#\\\/schema\\\/logo\\\/image\\\/\"},\"sameAs\":[\"https:\\\/\\\/www.facebook.com\\\/mondobalneare\",\"https:\\\/\\\/x.com\\\/mondobalneare\",\"https:\\\/\\\/www.instagram.com\\\/mondobalneare\\\/\",\"https:\\\/\\\/www.linkedin.com\\\/company\\\/67180810\\\/\",\"https:\\\/\\\/www.youtube.com\\\/user\\\/mondobalnearevideo\"]},{\"@type\":\"Person\",\"@id\":\"https:\\\/\\\/www.mondocamping.com\\\/#\\\/schema\\\/person\\\/01a031b8c5ef08c2204bb0e696f0a760\",\"name\":\"Mondo Camping\",\"image\":{\"@type\":\"ImageObject\",\"inLanguage\":\"fr-FR\",\"@id\":\"https:\\\/\\\/www.mondocamping.com\\\/wp-content\\\/uploads\\\/2022\\\/05\\\/cropped-icona-MONDO-CAMPING-150x150.png\",\"url\":\"https:\\\/\\\/www.mondocamping.com\\\/wp-content\\\/uploads\\\/2022\\\/05\\\/cropped-icona-MONDO-CAMPING-150x150.png\",\"contentUrl\":\"https:\\\/\\\/www.mondocamping.com\\\/wp-content\\\/uploads\\\/2022\\\/05\\\/cropped-icona-MONDO-CAMPING-150x150.png\",\"caption\":\"Mondo Camping\"},\"sameAs\":[\"https:\\\/\\\/www.mondocamping.com\\\/\",\"https:\\\/\\\/www.facebook.com\\\/mondocamping\"]}]}<\/script>\n<!-- \/ Yoast SEO plugin. -->","yoast_head_json":{"title":"Cavallino Treporti : D\u00e9but de la saison touristique 2026","robots":{"index":"index","follow":"follow","max-snippet":"max-snippet:-1","max-image-preview":"max-image-preview:large","max-video-preview":"max-video-preview:-1"},"canonical":"https:\/\/www.mondocamping.com\/fr\/cavallino-treporti-debut-de-la-saison-touristique-2026\/","og_locale":"fr_FR","og_type":"article","og_title":"Cavallino Treporti : D\u00e9but de la saison touristique 2026","og_description":"La saison estivale est un appel \u00e0 d\u00e9couvrir Cavallino Treporti, le joyau de la V\u00e9n\u00e9tie, la premi\u00e8re destination baln\u00e9aire d&rsquo;Italie en termes de nombre de touristes, et une destination tr\u00e8s pris\u00e9e pour les s\u00e9jours en camping de plein air. Un fer de lance de notre belle Italie qui, d\u00e8s le printemps, devient une attraction pour [&hellip;]","og_url":"https:\/\/www.mondocamping.com\/fr\/cavallino-treporti-debut-de-la-saison-touristique-2026\/","og_site_name":"Mondo Camping","article_publisher":"https:\/\/www.facebook.com\/mondobalneare","article_author":"https:\/\/www.facebook.com\/mondocamping","article_published_time":"2026-03-11T11:09:47+00:00","article_modified_time":"2026-03-11T11:30:21+00:00","og_image":[{"width":1200,"height":628,"url":"https:\/\/www.mondocamping.com\/wp-content\/uploads\/2025\/04\/3F8H9922-2.jpg","type":"image\/jpeg"}],"author":"Mondo Camping","twitter_card":"summary_large_image","twitter_creator":"@mondobalneare","twitter_site":"@mondobalneare","twitter_misc":{"\u00c9crit par":"Mondo Camping","Dur\u00e9e de lecture estim\u00e9e":"2 minutes"},"schema":{"@context":"https:\/\/schema.org","@graph":[{"@type":"Article","@id":"https:\/\/www.mondocamping.com\/fr\/cavallino-treporti-debut-de-la-saison-touristique-2026\/#article","isPartOf":{"@id":"https:\/\/www.mondocamping.com\/fr\/cavallino-treporti-debut-de-la-saison-touristique-2026\/"},"author":{"name":"Mondo Camping","@id":"https:\/\/www.mondocamping.com\/#\/schema\/person\/01a031b8c5ef08c2204bb0e696f0a760"},"headline":"Cavallino Treporti : D\u00e9but de la saison touristique 2026","datePublished":"2026-03-11T11:09:47+00:00","dateModified":"2026-03-11T11:30:21+00:00","mainEntityOfPage":{"@id":"https:\/\/www.mondocamping.com\/fr\/cavallino-treporti-debut-de-la-saison-touristique-2026\/"},"wordCount":388,"publisher":{"@id":"https:\/\/www.mondocamping.com\/#organization"},"image":{"@id":"https:\/\/www.mondocamping.com\/fr\/cavallino-treporti-debut-de-la-saison-touristique-2026\/#primaryimage"},"thumbnailUrl":"https:\/\/www.mondocamping.com\/wp-content\/uploads\/2025\/04\/3F8H9922-2.jpg","keywords":["Cavallino Treporti","P\u00e2ques \u00e0 Cavallino Treporti","saison touristique 2026"],"articleSection":["Actualit\u00e9","Non classifi\u00e9(e)"],"inLanguage":"fr-FR"},{"@type":"WebPage","@id":"https:\/\/www.mondocamping.com\/fr\/cavallino-treporti-debut-de-la-saison-touristique-2026\/","url":"https:\/\/www.mondocamping.com\/fr\/cavallino-treporti-debut-de-la-saison-touristique-2026\/","name":"Cavallino Treporti : D\u00e9but de la saison touristique 2026","isPartOf":{"@id":"https:\/\/www.mondocamping.com\/#website"},"primaryImageOfPage":{"@id":"https:\/\/www.mondocamping.com\/fr\/cavallino-treporti-debut-de-la-saison-touristique-2026\/#primaryimage"},"image":{"@id":"https:\/\/www.mondocamping.com\/fr\/cavallino-treporti-debut-de-la-saison-touristique-2026\/#primaryimage"},"thumbnailUrl":"https:\/\/www.mondocamping.com\/wp-content\/uploads\/2025\/04\/3F8H9922-2.jpg","datePublished":"2026-03-11T11:09:47+00:00","dateModified":"2026-03-11T11:30:21+00:00","breadcrumb":{"@id":"https:\/\/www.mondocamping.com\/fr\/cavallino-treporti-debut-de-la-saison-touristique-2026\/#breadcrumb"},"inLanguage":"fr-FR","potentialAction":[{"@type":"ReadAction","target":["https:\/\/www.mondocamping.com\/fr\/cavallino-treporti-debut-de-la-saison-touristique-2026\/"]}]},{"@type":"ImageObject","inLanguage":"fr-FR","@id":"https:\/\/www.mondocamping.com\/fr\/cavallino-treporti-debut-de-la-saison-touristique-2026\/#primaryimage","url":"https:\/\/www.mondocamping.com\/wp-content\/uploads\/2025\/04\/3F8H9922-2.jpg","contentUrl":"https:\/\/www.mondocamping.com\/wp-content\/uploads\/2025\/04\/3F8H9922-2.jpg","width":1200,"height":628},{"@type":"BreadcrumbList","@id":"https:\/\/www.mondocamping.com\/fr\/cavallino-treporti-debut-de-la-saison-touristique-2026\/#breadcrumb","itemListElement":[{"@type":"ListItem","position":1,"name":"Home","item":"https:\/\/www.mondocamping.com\/fr\/"},{"@type":"ListItem","position":2,"name":"Cavallino Treporti : D\u00e9but de la saison touristique 2026"}]},{"@type":"WebSite","@id":"https:\/\/www.mondocamping.com\/#website","url":"https:\/\/www.mondocamping.com\/","name":"Mondo Camping","description":"Le portail d\u00e9di\u00e9 aux gestionnaires de campings et villages touristiques","publisher":{"@id":"https:\/\/www.mondocamping.com\/#organization"},"potentialAction":[{"@type":"SearchAction","target":{"@type":"EntryPoint","urlTemplate":"https:\/\/www.mondocamping.com\/?s={search_term_string}"},"query-input":{"@type":"PropertyValueSpecification","valueRequired":true,"valueName":"search_term_string"}}],"inLanguage":"fr-FR"},{"@type":"Organization","@id":"https:\/\/www.mondocamping.com\/#organization","name":"Mondo Camping","url":"https:\/\/www.mondocamping.com\/","logo":{"@type":"ImageObject","inLanguage":"fr-FR","@id":"https:\/\/www.mondocamping.com\/#\/schema\/logo\/image\/","url":"https:\/\/www.mondocamping.com\/wp-content\/uploads\/2022\/04\/mondo-camping-logo-contornato-1.png","contentUrl":"https:\/\/www.mondocamping.com\/wp-content\/uploads\/2022\/04\/mondo-camping-logo-contornato-1.png","width":280,"height":90,"caption":"Mondo Camping"},"image":{"@id":"https:\/\/www.mondocamping.com\/#\/schema\/logo\/image\/"},"sameAs":["https:\/\/www.facebook.com\/mondobalneare","https:\/\/x.com\/mondobalneare","https:\/\/www.instagram.com\/mondobalneare\/","https:\/\/www.linkedin.com\/company\/67180810\/","https:\/\/www.youtube.com\/user\/mondobalnearevideo"]},{"@type":"Person","@id":"https:\/\/www.mondocamping.com\/#\/schema\/person\/01a031b8c5ef08c2204bb0e696f0a760","name":"Mondo Camping","image":{"@type":"ImageObject","inLanguage":"fr-FR","@id":"https:\/\/www.mondocamping.com\/wp-content\/uploads\/2022\/05\/cropped-icona-MONDO-CAMPING-150x150.png","url":"https:\/\/www.mondocamping.com\/wp-content\/uploads\/2022\/05\/cropped-icona-MONDO-CAMPING-150x150.png","contentUrl":"https:\/\/www.mondocamping.com\/wp-content\/uploads\/2022\/05\/cropped-icona-MONDO-CAMPING-150x150.png","caption":"Mondo Camping"},"sameAs":["https:\/\/www.mondocamping.com\/","https:\/\/www.facebook.com\/mondocamping"]}]}},"_links":{"self":[{"href":"https:\/\/www.mondocamping.com\/fr\/wp-json\/wp\/v2\/posts\/177694","targetHints":{"allow":["GET"]}}],"collection":[{"href":"https:\/\/www.mondocamping.com\/fr\/wp-json\/wp\/v2\/posts"}],"about":[{"href":"https:\/\/www.mondocamping.com\/fr\/wp-json\/wp\/v2\/types\/post"}],"author":[{"embeddable":true,"href":"https:\/\/www.mondocamping.com\/fr\/wp-json\/wp\/v2\/users\/5"}],"replies":[{"embeddable":true,"href":"https:\/\/www.mondocamping.com\/fr\/wp-json\/wp\/v2\/comments?post=177694"}],"version-history":[{"count":1,"href":"https:\/\/www.mondocamping.com\/fr\/wp-json\/wp\/v2\/posts\/177694\/revisions"}],"predecessor-version":[{"id":177695,"href":"https:\/\/www.mondocamping.com\/fr\/wp-json\/wp\/v2\/posts\/177694\/revisions\/177695"}],"wp:featuredmedia":[{"embeddable":true,"href":"https:\/\/www.mondocamping.com\/fr\/wp-json\/wp\/v2\/media\/173923"}],"wp:attachment":[{"href":"https:\/\/www.mondocamping.com\/fr\/wp-json\/wp\/v2\/media?parent=177694"}],"wp:term":[{"taxonomy":"category","embeddable":true,"href":"https:\/\/www.mondocamping.com\/fr\/wp-json\/wp\/v2\/categories?post=177694"},{"taxonomy":"post_tag","embeddable":true,"href":"https:\/\/www.mondocamping.com\/fr\/wp-json\/wp\/v2\/tags?post=177694"}],"curies":[{"name":"wp","href":"https:\/\/api.w.org\/{rel}","templated":true}]}}