{"id":178232,"date":"2026-04-20T11:47:35","date_gmt":"2026-04-20T09:47:35","guid":{"rendered":"https:\/\/www.mondocamping.com\/faita-marche-rencontre-entre-les-entreprises-et-les-institutions-de-ladriatique-centrale\/"},"modified":"2026-04-20T11:47:35","modified_gmt":"2026-04-20T09:47:35","slug":"faita-marche-rencontre-entre-les-entreprises-et-les-institutions-de-ladriatique-centrale","status":"publish","type":"post","link":"https:\/\/www.mondocamping.com\/fr\/faita-marche-rencontre-entre-les-entreprises-et-les-institutions-de-ladriatique-centrale\/","title":{"rendered":"FAITA Marche : rencontre entre les entreprises et les institutions de l&rsquo;Adriatique centrale"},"content":{"rendered":"\n<p>La r\u00e9union \u00e9tait organis\u00e9e par <strong>FAITA Marche<\/strong>, et<strong> <\/strong>s&rsquo;est tenue la semaine derni\u00e8re \u00e0 Cupra Marittima, au Parco sul Mare. La r\u00e9union s&rsquo;est concentr\u00e9e sur le<strong>cadre r\u00e9glementaire actuel <\/strong>et les <strong>perspectives op\u00e9rationnelles du tourisme en plein air<\/strong>, un secteur de plus en plus croissant et comp\u00e9titif en Italie centrale \u00e9galement.   <\/p>\n\n<p>Le maire de Cupra Marittima, M. Alessio Piersimoni, le pr\u00e9sident de la province d&rsquo;Ascoli Piceno et M. Fabio Salvi, qui a annonc\u00e9 le d\u00e9but des travaux sur la nouvelle <strong>loi de consolidation du tourisme pour la r\u00e9gion des Marches<\/strong>, ont particip\u00e9 \u00e0 l&rsquo;\u00e9v\u00e9nement <strong>.<\/strong> <strong>Marco Sperapani<\/strong>, directeur g\u00e9n\u00e9ral de FAITA Federcamping, qui a expliqu\u00e9 certains points tels que les r\u00e9centes mises \u00e0 jour l\u00e9gislatives ayant un impact sur la gestion des installations, comme l&rsquo;autorisation du paysage et la pertinence cadastrale, et l&rsquo;introduction du code ATECO 55.20, des notions fondamentales pour acc\u00e9der aux appels d&rsquo;offres et aux financements destin\u00e9s au tourisme en plein air.   <\/p>\n\n<p>Au cours de l&rsquo;\u00e9v\u00e9nement, les discussions approfondies pour les initi\u00e9s n&rsquo;ont pas manqu\u00e9, des sujets utiles pour jongler avec un march\u00e9 en constante \u00e9volution, de plus en plus en phase avec les concepts de durabilit\u00e9 et d&rsquo;innovation. En ce qui concerne ce dernier point, l&rsquo;\u00e9volution des processus num\u00e9riques pour l&rsquo;industrie a \u00e9galement \u00e9t\u00e9 analys\u00e9e, en mettant l&rsquo;accent sur l&rsquo;int\u00e9gration des syst\u00e8mes de gestion et l&rsquo;efficacit\u00e9 op\u00e9rationnelle. La r\u00e9union a donn\u00e9 lieu \u00e0 une discussion utile pour trouver de nouvelles strat\u00e9gies, fonctionnelles pour intercepter les attentes des h\u00f4tes, afin de proposer une offre de plus en plus attrayante et comp\u00e9titive.    <\/p>\n\n<p>Comme l&rsquo;indique le portail FAITA Federcamping, <strong>Milva Ricci <\/strong>, pr\u00e9sidente de FAITA Marche, a d\u00e9clar\u00e9<em>: \u00ab\u00a0Le sentiment qui accompagne la conclusion de cette journ\u00e9e est un sentiment de gratitude. Nous remercions sinc\u00e8rement le conseil d&rsquo;administration de FAITA Marche, la f\u00e9d\u00e9ration nationale et tous ceux qui ont cru en ce projet, ainsi que nos coll\u00e8gues des Abruzzes, du Molise, du Latium et de l&rsquo;\u00c9milie-Romagne, dont la pr\u00e9sence et la contribution ont rendu possible un \u00e9v\u00e9nement authentique de dialogue, de confrontation et de croissance commune<\/em>\u00ab\u00a0.<\/p>\n\n<p><\/p>\n","protected":false},"excerpt":{"rendered":"<p>La r\u00e9union \u00e9tait organis\u00e9e par FAITA Marche, et s&rsquo;est tenue la semaine derni\u00e8re \u00e0 Cupra Marittima, au Parco sul Mare. La r\u00e9union s&rsquo;est concentr\u00e9e sur lecadre r\u00e9glementaire actuel et les perspectives op\u00e9rationnelles du tourisme en plein air, un secteur de plus en plus croissant et comp\u00e9titif en Italie centrale \u00e9galement. Le maire de Cupra Marittima, [&hellip;]<\/p>\n","protected":false},"author":5,"featured_media":178170,"comment_status":"closed","ping_status":"closed","sticky":false,"template":"","format":"standard","meta":{"_acf_changed":false,"_monsterinsights_skip_tracking":false,"_monsterinsights_sitenote_active":false,"_monsterinsights_sitenote_note":"","_monsterinsights_sitenote_category":0,"footnotes":""},"categories":[4024],"tags":[7874,7363,7875],"class_list":["post-178232","post","type-post","status-publish","format-standard","has-post-thumbnail","hentry","category-actualite","tag-faita-marche","tag-marco-sperapani-fr","tag-milva-ricci"],"acf":[],"yoast_head":"<!-- This site is optimized with the Yoast SEO plugin v27.5 - https:\/\/yoast.com\/product\/yoast-seo-wordpress\/ -->\n<title>FAITA Marche : rencontre entre les entreprises et les institutions de l&#039;Adriatique centrale<\/title>\n<meta name=\"robots\" content=\"index, follow, max-snippet:-1, max-image-preview:large, max-video-preview:-1\" \/>\n<link rel=\"canonical\" href=\"https:\/\/www.mondocamping.com\/fr\/faita-marche-rencontre-entre-les-entreprises-et-les-institutions-de-ladriatique-centrale\/\" \/>\n<meta property=\"og:locale\" content=\"fr_FR\" \/>\n<meta property=\"og:type\" content=\"article\" \/>\n<meta property=\"og:title\" content=\"FAITA Marche : rencontre entre les entreprises et les institutions de l&#039;Adriatique centrale\" \/>\n<meta property=\"og:description\" content=\"La r\u00e9union \u00e9tait organis\u00e9e par FAITA Marche, et s&rsquo;est tenue la semaine derni\u00e8re \u00e0 Cupra Marittima, au Parco sul Mare. La r\u00e9union s&rsquo;est concentr\u00e9e sur lecadre r\u00e9glementaire actuel et les perspectives op\u00e9rationnelles du tourisme en plein air, un secteur de plus en plus croissant et comp\u00e9titif en Italie centrale \u00e9galement. Le maire de Cupra Marittima, [&hellip;]\" \/>\n<meta property=\"og:url\" content=\"https:\/\/www.mondocamping.com\/fr\/faita-marche-rencontre-entre-les-entreprises-et-les-institutions-de-ladriatique-centrale\/\" \/>\n<meta property=\"og:site_name\" content=\"Mondo Camping\" \/>\n<meta property=\"article:publisher\" content=\"https:\/\/www.facebook.com\/mondobalneare\" \/>\n<meta property=\"article:author\" content=\"https:\/\/www.facebook.com\/mondocamping\" \/>\n<meta property=\"article:published_time\" content=\"2026-04-20T09:47:35+00:00\" \/>\n<meta property=\"og:image\" content=\"https:\/\/www.mondocamping.com\/wp-content\/uploads\/2026\/04\/emma-simpson-mNGaaLeWEp0-unsplash-2.jpg\" \/>\n\t<meta property=\"og:image:width\" content=\"1200\" \/>\n\t<meta property=\"og:image:height\" content=\"628\" \/>\n\t<meta property=\"og:image:type\" content=\"image\/jpeg\" \/>\n<meta name=\"author\" content=\"Mondo Camping\" \/>\n<meta name=\"twitter:card\" content=\"summary_large_image\" \/>\n<meta name=\"twitter:creator\" content=\"@mondobalneare\" \/>\n<meta name=\"twitter:site\" content=\"@mondobalneare\" \/>\n<meta name=\"twitter:label1\" content=\"\u00c9crit par\" \/>\n\t<meta name=\"twitter:data1\" content=\"Mondo Camping\" \/>\n\t<meta name=\"twitter:label2\" content=\"Dur\u00e9e de lecture estim\u00e9e\" \/>\n\t<meta name=\"twitter:data2\" content=\"2 minutes\" \/>\n<script type=\"application\/ld+json\" class=\"yoast-schema-graph\">{\"@context\":\"https:\\\/\\\/schema.org\",\"@graph\":[{\"@type\":\"Article\",\"@id\":\"https:\\\/\\\/www.mondocamping.com\\\/fr\\\/faita-marche-rencontre-entre-les-entreprises-et-les-institutions-de-ladriatique-centrale\\\/#article\",\"isPartOf\":{\"@id\":\"https:\\\/\\\/www.mondocamping.com\\\/fr\\\/faita-marche-rencontre-entre-les-entreprises-et-les-institutions-de-ladriatique-centrale\\\/\"},\"author\":{\"name\":\"Mondo Camping\",\"@id\":\"https:\\\/\\\/www.mondocamping.com\\\/#\\\/schema\\\/person\\\/01a031b8c5ef08c2204bb0e696f0a760\"},\"headline\":\"FAITA Marche : rencontre entre les entreprises et les institutions de l&rsquo;Adriatique centrale\",\"datePublished\":\"2026-04-20T09:47:35+00:00\",\"mainEntityOfPage\":{\"@id\":\"https:\\\/\\\/www.mondocamping.com\\\/fr\\\/faita-marche-rencontre-entre-les-entreprises-et-les-institutions-de-ladriatique-centrale\\\/\"},\"wordCount\":397,\"publisher\":{\"@id\":\"https:\\\/\\\/www.mondocamping.com\\\/#organization\"},\"image\":{\"@id\":\"https:\\\/\\\/www.mondocamping.com\\\/fr\\\/faita-marche-rencontre-entre-les-entreprises-et-les-institutions-de-ladriatique-centrale\\\/#primaryimage\"},\"thumbnailUrl\":\"https:\\\/\\\/www.mondocamping.com\\\/wp-content\\\/uploads\\\/2026\\\/04\\\/emma-simpson-mNGaaLeWEp0-unsplash-2.jpg\",\"keywords\":[\"Faita Marche\",\"Marco Sperapani\",\"Milva Ricci\"],\"articleSection\":[\"Actualit\u00e9\"],\"inLanguage\":\"fr-FR\"},{\"@type\":\"WebPage\",\"@id\":\"https:\\\/\\\/www.mondocamping.com\\\/fr\\\/faita-marche-rencontre-entre-les-entreprises-et-les-institutions-de-ladriatique-centrale\\\/\",\"url\":\"https:\\\/\\\/www.mondocamping.com\\\/fr\\\/faita-marche-rencontre-entre-les-entreprises-et-les-institutions-de-ladriatique-centrale\\\/\",\"name\":\"FAITA Marche : rencontre entre les entreprises et les institutions de l'Adriatique centrale\",\"isPartOf\":{\"@id\":\"https:\\\/\\\/www.mondocamping.com\\\/#website\"},\"primaryImageOfPage\":{\"@id\":\"https:\\\/\\\/www.mondocamping.com\\\/fr\\\/faita-marche-rencontre-entre-les-entreprises-et-les-institutions-de-ladriatique-centrale\\\/#primaryimage\"},\"image\":{\"@id\":\"https:\\\/\\\/www.mondocamping.com\\\/fr\\\/faita-marche-rencontre-entre-les-entreprises-et-les-institutions-de-ladriatique-centrale\\\/#primaryimage\"},\"thumbnailUrl\":\"https:\\\/\\\/www.mondocamping.com\\\/wp-content\\\/uploads\\\/2026\\\/04\\\/emma-simpson-mNGaaLeWEp0-unsplash-2.jpg\",\"datePublished\":\"2026-04-20T09:47:35+00:00\",\"breadcrumb\":{\"@id\":\"https:\\\/\\\/www.mondocamping.com\\\/fr\\\/faita-marche-rencontre-entre-les-entreprises-et-les-institutions-de-ladriatique-centrale\\\/#breadcrumb\"},\"inLanguage\":\"fr-FR\",\"potentialAction\":[{\"@type\":\"ReadAction\",\"target\":[\"https:\\\/\\\/www.mondocamping.com\\\/fr\\\/faita-marche-rencontre-entre-les-entreprises-et-les-institutions-de-ladriatique-centrale\\\/\"]}]},{\"@type\":\"ImageObject\",\"inLanguage\":\"fr-FR\",\"@id\":\"https:\\\/\\\/www.mondocamping.com\\\/fr\\\/faita-marche-rencontre-entre-les-entreprises-et-les-institutions-de-ladriatique-centrale\\\/#primaryimage\",\"url\":\"https:\\\/\\\/www.mondocamping.com\\\/wp-content\\\/uploads\\\/2026\\\/04\\\/emma-simpson-mNGaaLeWEp0-unsplash-2.jpg\",\"contentUrl\":\"https:\\\/\\\/www.mondocamping.com\\\/wp-content\\\/uploads\\\/2026\\\/04\\\/emma-simpson-mNGaaLeWEp0-unsplash-2.jpg\",\"width\":1200,\"height\":628},{\"@type\":\"BreadcrumbList\",\"@id\":\"https:\\\/\\\/www.mondocamping.com\\\/fr\\\/faita-marche-rencontre-entre-les-entreprises-et-les-institutions-de-ladriatique-centrale\\\/#breadcrumb\",\"itemListElement\":[{\"@type\":\"ListItem\",\"position\":1,\"name\":\"Home\",\"item\":\"https:\\\/\\\/www.mondocamping.com\\\/fr\\\/\"},{\"@type\":\"ListItem\",\"position\":2,\"name\":\"FAITA Marche : rencontre entre les entreprises et les institutions de l&rsquo;Adriatique centrale\"}]},{\"@type\":\"WebSite\",\"@id\":\"https:\\\/\\\/www.mondocamping.com\\\/#website\",\"url\":\"https:\\\/\\\/www.mondocamping.com\\\/\",\"name\":\"Mondo Camping\",\"description\":\"Le portail d\u00e9di\u00e9 aux gestionnaires de campings et villages touristiques\",\"publisher\":{\"@id\":\"https:\\\/\\\/www.mondocamping.com\\\/#organization\"},\"potentialAction\":[{\"@type\":\"SearchAction\",\"target\":{\"@type\":\"EntryPoint\",\"urlTemplate\":\"https:\\\/\\\/www.mondocamping.com\\\/?s={search_term_string}\"},\"query-input\":{\"@type\":\"PropertyValueSpecification\",\"valueRequired\":true,\"valueName\":\"search_term_string\"}}],\"inLanguage\":\"fr-FR\"},{\"@type\":\"Organization\",\"@id\":\"https:\\\/\\\/www.mondocamping.com\\\/#organization\",\"name\":\"Mondo Camping\",\"url\":\"https:\\\/\\\/www.mondocamping.com\\\/\",\"logo\":{\"@type\":\"ImageObject\",\"inLanguage\":\"fr-FR\",\"@id\":\"https:\\\/\\\/www.mondocamping.com\\\/#\\\/schema\\\/logo\\\/image\\\/\",\"url\":\"https:\\\/\\\/www.mondocamping.com\\\/wp-content\\\/uploads\\\/2022\\\/04\\\/mondo-camping-logo-contornato-1.png\",\"contentUrl\":\"https:\\\/\\\/www.mondocamping.com\\\/wp-content\\\/uploads\\\/2022\\\/04\\\/mondo-camping-logo-contornato-1.png\",\"width\":280,\"height\":90,\"caption\":\"Mondo Camping\"},\"image\":{\"@id\":\"https:\\\/\\\/www.mondocamping.com\\\/#\\\/schema\\\/logo\\\/image\\\/\"},\"sameAs\":[\"https:\\\/\\\/www.facebook.com\\\/mondobalneare\",\"https:\\\/\\\/x.com\\\/mondobalneare\",\"https:\\\/\\\/www.instagram.com\\\/mondobalneare\\\/\",\"https:\\\/\\\/www.linkedin.com\\\/company\\\/67180810\\\/\",\"https:\\\/\\\/www.youtube.com\\\/user\\\/mondobalnearevideo\"]},{\"@type\":\"Person\",\"@id\":\"https:\\\/\\\/www.mondocamping.com\\\/#\\\/schema\\\/person\\\/01a031b8c5ef08c2204bb0e696f0a760\",\"name\":\"Mondo Camping\",\"image\":{\"@type\":\"ImageObject\",\"inLanguage\":\"fr-FR\",\"@id\":\"https:\\\/\\\/www.mondocamping.com\\\/wp-content\\\/uploads\\\/2022\\\/05\\\/cropped-icona-MONDO-CAMPING-150x150.png\",\"url\":\"https:\\\/\\\/www.mondocamping.com\\\/wp-content\\\/uploads\\\/2022\\\/05\\\/cropped-icona-MONDO-CAMPING-150x150.png\",\"contentUrl\":\"https:\\\/\\\/www.mondocamping.com\\\/wp-content\\\/uploads\\\/2022\\\/05\\\/cropped-icona-MONDO-CAMPING-150x150.png\",\"caption\":\"Mondo Camping\"},\"sameAs\":[\"https:\\\/\\\/www.mondocamping.com\\\/\",\"https:\\\/\\\/www.facebook.com\\\/mondocamping\"]}]}<\/script>\n<!-- \/ Yoast SEO plugin. -->","yoast_head_json":{"title":"FAITA Marche : rencontre entre les entreprises et les institutions de l'Adriatique centrale","robots":{"index":"index","follow":"follow","max-snippet":"max-snippet:-1","max-image-preview":"max-image-preview:large","max-video-preview":"max-video-preview:-1"},"canonical":"https:\/\/www.mondocamping.com\/fr\/faita-marche-rencontre-entre-les-entreprises-et-les-institutions-de-ladriatique-centrale\/","og_locale":"fr_FR","og_type":"article","og_title":"FAITA Marche : rencontre entre les entreprises et les institutions de l'Adriatique centrale","og_description":"La r\u00e9union \u00e9tait organis\u00e9e par FAITA Marche, et s&rsquo;est tenue la semaine derni\u00e8re \u00e0 Cupra Marittima, au Parco sul Mare. La r\u00e9union s&rsquo;est concentr\u00e9e sur lecadre r\u00e9glementaire actuel et les perspectives op\u00e9rationnelles du tourisme en plein air, un secteur de plus en plus croissant et comp\u00e9titif en Italie centrale \u00e9galement. Le maire de Cupra Marittima, [&hellip;]","og_url":"https:\/\/www.mondocamping.com\/fr\/faita-marche-rencontre-entre-les-entreprises-et-les-institutions-de-ladriatique-centrale\/","og_site_name":"Mondo Camping","article_publisher":"https:\/\/www.facebook.com\/mondobalneare","article_author":"https:\/\/www.facebook.com\/mondocamping","article_published_time":"2026-04-20T09:47:35+00:00","og_image":[{"width":1200,"height":628,"url":"https:\/\/www.mondocamping.com\/wp-content\/uploads\/2026\/04\/emma-simpson-mNGaaLeWEp0-unsplash-2.jpg","type":"image\/jpeg"}],"author":"Mondo Camping","twitter_card":"summary_large_image","twitter_creator":"@mondobalneare","twitter_site":"@mondobalneare","twitter_misc":{"\u00c9crit par":"Mondo Camping","Dur\u00e9e de lecture estim\u00e9e":"2 minutes"},"schema":{"@context":"https:\/\/schema.org","@graph":[{"@type":"Article","@id":"https:\/\/www.mondocamping.com\/fr\/faita-marche-rencontre-entre-les-entreprises-et-les-institutions-de-ladriatique-centrale\/#article","isPartOf":{"@id":"https:\/\/www.mondocamping.com\/fr\/faita-marche-rencontre-entre-les-entreprises-et-les-institutions-de-ladriatique-centrale\/"},"author":{"name":"Mondo Camping","@id":"https:\/\/www.mondocamping.com\/#\/schema\/person\/01a031b8c5ef08c2204bb0e696f0a760"},"headline":"FAITA Marche : rencontre entre les entreprises et les institutions de l&rsquo;Adriatique centrale","datePublished":"2026-04-20T09:47:35+00:00","mainEntityOfPage":{"@id":"https:\/\/www.mondocamping.com\/fr\/faita-marche-rencontre-entre-les-entreprises-et-les-institutions-de-ladriatique-centrale\/"},"wordCount":397,"publisher":{"@id":"https:\/\/www.mondocamping.com\/#organization"},"image":{"@id":"https:\/\/www.mondocamping.com\/fr\/faita-marche-rencontre-entre-les-entreprises-et-les-institutions-de-ladriatique-centrale\/#primaryimage"},"thumbnailUrl":"https:\/\/www.mondocamping.com\/wp-content\/uploads\/2026\/04\/emma-simpson-mNGaaLeWEp0-unsplash-2.jpg","keywords":["Faita Marche","Marco Sperapani","Milva Ricci"],"articleSection":["Actualit\u00e9"],"inLanguage":"fr-FR"},{"@type":"WebPage","@id":"https:\/\/www.mondocamping.com\/fr\/faita-marche-rencontre-entre-les-entreprises-et-les-institutions-de-ladriatique-centrale\/","url":"https:\/\/www.mondocamping.com\/fr\/faita-marche-rencontre-entre-les-entreprises-et-les-institutions-de-ladriatique-centrale\/","name":"FAITA Marche : rencontre entre les entreprises et les institutions de l'Adriatique centrale","isPartOf":{"@id":"https:\/\/www.mondocamping.com\/#website"},"primaryImageOfPage":{"@id":"https:\/\/www.mondocamping.com\/fr\/faita-marche-rencontre-entre-les-entreprises-et-les-institutions-de-ladriatique-centrale\/#primaryimage"},"image":{"@id":"https:\/\/www.mondocamping.com\/fr\/faita-marche-rencontre-entre-les-entreprises-et-les-institutions-de-ladriatique-centrale\/#primaryimage"},"thumbnailUrl":"https:\/\/www.mondocamping.com\/wp-content\/uploads\/2026\/04\/emma-simpson-mNGaaLeWEp0-unsplash-2.jpg","datePublished":"2026-04-20T09:47:35+00:00","breadcrumb":{"@id":"https:\/\/www.mondocamping.com\/fr\/faita-marche-rencontre-entre-les-entreprises-et-les-institutions-de-ladriatique-centrale\/#breadcrumb"},"inLanguage":"fr-FR","potentialAction":[{"@type":"ReadAction","target":["https:\/\/www.mondocamping.com\/fr\/faita-marche-rencontre-entre-les-entreprises-et-les-institutions-de-ladriatique-centrale\/"]}]},{"@type":"ImageObject","inLanguage":"fr-FR","@id":"https:\/\/www.mondocamping.com\/fr\/faita-marche-rencontre-entre-les-entreprises-et-les-institutions-de-ladriatique-centrale\/#primaryimage","url":"https:\/\/www.mondocamping.com\/wp-content\/uploads\/2026\/04\/emma-simpson-mNGaaLeWEp0-unsplash-2.jpg","contentUrl":"https:\/\/www.mondocamping.com\/wp-content\/uploads\/2026\/04\/emma-simpson-mNGaaLeWEp0-unsplash-2.jpg","width":1200,"height":628},{"@type":"BreadcrumbList","@id":"https:\/\/www.mondocamping.com\/fr\/faita-marche-rencontre-entre-les-entreprises-et-les-institutions-de-ladriatique-centrale\/#breadcrumb","itemListElement":[{"@type":"ListItem","position":1,"name":"Home","item":"https:\/\/www.mondocamping.com\/fr\/"},{"@type":"ListItem","position":2,"name":"FAITA Marche : rencontre entre les entreprises et les institutions de l&rsquo;Adriatique centrale"}]},{"@type":"WebSite","@id":"https:\/\/www.mondocamping.com\/#website","url":"https:\/\/www.mondocamping.com\/","name":"Mondo Camping","description":"Le portail d\u00e9di\u00e9 aux gestionnaires de campings et villages touristiques","publisher":{"@id":"https:\/\/www.mondocamping.com\/#organization"},"potentialAction":[{"@type":"SearchAction","target":{"@type":"EntryPoint","urlTemplate":"https:\/\/www.mondocamping.com\/?s={search_term_string}"},"query-input":{"@type":"PropertyValueSpecification","valueRequired":true,"valueName":"search_term_string"}}],"inLanguage":"fr-FR"},{"@type":"Organization","@id":"https:\/\/www.mondocamping.com\/#organization","name":"Mondo Camping","url":"https:\/\/www.mondocamping.com\/","logo":{"@type":"ImageObject","inLanguage":"fr-FR","@id":"https:\/\/www.mondocamping.com\/#\/schema\/logo\/image\/","url":"https:\/\/www.mondocamping.com\/wp-content\/uploads\/2022\/04\/mondo-camping-logo-contornato-1.png","contentUrl":"https:\/\/www.mondocamping.com\/wp-content\/uploads\/2022\/04\/mondo-camping-logo-contornato-1.png","width":280,"height":90,"caption":"Mondo Camping"},"image":{"@id":"https:\/\/www.mondocamping.com\/#\/schema\/logo\/image\/"},"sameAs":["https:\/\/www.facebook.com\/mondobalneare","https:\/\/x.com\/mondobalneare","https:\/\/www.instagram.com\/mondobalneare\/","https:\/\/www.linkedin.com\/company\/67180810\/","https:\/\/www.youtube.com\/user\/mondobalnearevideo"]},{"@type":"Person","@id":"https:\/\/www.mondocamping.com\/#\/schema\/person\/01a031b8c5ef08c2204bb0e696f0a760","name":"Mondo Camping","image":{"@type":"ImageObject","inLanguage":"fr-FR","@id":"https:\/\/www.mondocamping.com\/wp-content\/uploads\/2022\/05\/cropped-icona-MONDO-CAMPING-150x150.png","url":"https:\/\/www.mondocamping.com\/wp-content\/uploads\/2022\/05\/cropped-icona-MONDO-CAMPING-150x150.png","contentUrl":"https:\/\/www.mondocamping.com\/wp-content\/uploads\/2022\/05\/cropped-icona-MONDO-CAMPING-150x150.png","caption":"Mondo Camping"},"sameAs":["https:\/\/www.mondocamping.com\/","https:\/\/www.facebook.com\/mondocamping"]}]}},"_links":{"self":[{"href":"https:\/\/www.mondocamping.com\/fr\/wp-json\/wp\/v2\/posts\/178232","targetHints":{"allow":["GET"]}}],"collection":[{"href":"https:\/\/www.mondocamping.com\/fr\/wp-json\/wp\/v2\/posts"}],"about":[{"href":"https:\/\/www.mondocamping.com\/fr\/wp-json\/wp\/v2\/types\/post"}],"author":[{"embeddable":true,"href":"https:\/\/www.mondocamping.com\/fr\/wp-json\/wp\/v2\/users\/5"}],"replies":[{"embeddable":true,"href":"https:\/\/www.mondocamping.com\/fr\/wp-json\/wp\/v2\/comments?post=178232"}],"version-history":[{"count":1,"href":"https:\/\/www.mondocamping.com\/fr\/wp-json\/wp\/v2\/posts\/178232\/revisions"}],"predecessor-version":[{"id":178233,"href":"https:\/\/www.mondocamping.com\/fr\/wp-json\/wp\/v2\/posts\/178232\/revisions\/178233"}],"wp:featuredmedia":[{"embeddable":true,"href":"https:\/\/www.mondocamping.com\/fr\/wp-json\/wp\/v2\/media\/178170"}],"wp:attachment":[{"href":"https:\/\/www.mondocamping.com\/fr\/wp-json\/wp\/v2\/media?parent=178232"}],"wp:term":[{"taxonomy":"category","embeddable":true,"href":"https:\/\/www.mondocamping.com\/fr\/wp-json\/wp\/v2\/categories?post=178232"},{"taxonomy":"post_tag","embeddable":true,"href":"https:\/\/www.mondocamping.com\/fr\/wp-json\/wp\/v2\/tags?post=178232"}],"curies":[{"name":"wp","href":"https:\/\/api.w.org\/{rel}","templated":true}]}}