{"id":178273,"date":"2026-04-21T11:04:45","date_gmt":"2026-04-21T09:04:45","guid":{"rendered":"https:\/\/www.mondocamping.com\/la-catalogne-lance-un-projet-pilote-pour-la-securite-des-campings\/"},"modified":"2026-04-22T10:00:09","modified_gmt":"2026-04-22T08:00:09","slug":"la-catalogne-lance-un-projet-pilote-pour-la-securite-des-campings","status":"publish","type":"post","link":"https:\/\/www.mondocamping.com\/fr\/la-catalogne-lance-un-projet-pilote-pour-la-securite-des-campings\/","title":{"rendered":"La Catalogne lance un projet pilote pour la s\u00e9curit\u00e9 des campings"},"content":{"rendered":"\n<p>Le <strong>deuxi\u00e8me congr\u00e8s des campings de Catalogne<\/strong> s&rsquo;est d\u00e9roul\u00e9 jeudi dernier, le 16 avril, dans la municipalit\u00e9 catalane de <em>La Seu d&rsquo;Urgell<\/em>. La r\u00e9union, organis\u00e9e par la <strong>F\u00e9d\u00e9ration catalane des campings (FCC)<\/strong>, a r\u00e9uni plus de 300 professionnels du secteur, repr\u00e9sentants institutionnels et experts nationaux et internationaux.   <\/p>\n\n<p>Deux jours de travail pour un \u00e9v\u00e9nement cl\u00e9 qui a abord\u00e9 des sujets d&rsquo;une grande importance pour le secteur catalan du plein air, tels que l&rsquo;impact du changement climatique, les syst\u00e8mes d&rsquo;alerte m\u00e9t\u00e9orologique pr\u00e9coce, la coordination avec les services d&rsquo;urgence, l&rsquo;application des nouvelles technologies et de l&rsquo;intelligence artificielle au secteur, et la <strong>gestion des risques.<\/strong><\/p>\n\n<p>En ce qui concerne ce dernier point important, le <strong>projet pilote pour la s\u00e9curit\u00e9 dans les campings<\/strong> a \u00e9t\u00e9 pr\u00e9sent\u00e9. Comme l&rsquo;a rapport\u00e9 le <strong><em>Camping Profesional<\/em><\/strong>une r\u00e9f\u00e9rence pour le plein air catalan et espagnol, l&rsquo;initiative a \u00e9t\u00e9 cr\u00e9\u00e9e avec le soutien de l&rsquo;administration autonome et r\u00e9pond au nouveau contexte caract\u00e9ris\u00e9 par le changement climatique, l&rsquo;\u00e9volution de la r\u00e9glementation et la n\u00e9cessit\u00e9 d&rsquo;am\u00e9liorer la pr\u00e9paration op\u00e9rationnelle du secteur face \u00e0 d&rsquo;\u00e9ventuels accidents. <\/p>\n\n<h2 class=\"wp-block-heading\">La structure du projet  <\/h2>\n\n<p>Le plan de formation \u00e0 la gestion des risques et \u00e0 la capacit\u00e9 d&rsquo;intervention d&rsquo;urgence dans les campings comprendra deux phases distinctes :<\/p>\n\n<ul class=\"wp-block-list\">\n<li><strong>Premi\u00e8re phase :<\/strong><em> <\/em>journ\u00e9es de sensibilisation et de formation technique destin\u00e9es aux propri\u00e9taires de campings, aux responsables municipaux et aux professionnels impliqu\u00e9s dans les plans d&rsquo;autoprotection.<\/li>\n<\/ul>\n\n<ul class=\"wp-block-list\">\n<li><strong>Deuxi\u00e8me phase :<\/strong><em> <\/em>r\u00e9alisation de simulations et d&rsquo;exercices pratiques coordonn\u00e9s avec le corps d&rsquo;urgence de la <em>Generalitat<\/em>, dans le but de renforcer la capacit\u00e9 r\u00e9elle d&rsquo;intervention dans les situations \u00e0 risque.  <\/li>\n<\/ul>\n\n<p>Les phases pilotes d\u00e9buteront dans la<strong> province de G\u00e9rone<\/strong>, avec l&rsquo;intention de les \u00e9tendre ensuite \u00e0 l&rsquo;ensemble du territoire catalan.<\/p>\n\n<p>Comme le rapporte <em>Camping Profesional<\/em>, lors de l&rsquo;ouverture du congr\u00e8s, le pr\u00e9sident de la FCC, <strong><em>Miquel Gotanegra<\/em><\/strong>a soulign\u00e9 que le leadership europ\u00e9en du camping catalan exigeait des progr\u00e8s constants dans des domaines tels que la pr\u00e9vention, la s\u00e9curit\u00e9 et la professionnalisation.<\/p>\n\n<p>La Catalogne compte actuellement 352 campings et 267 545 emplacements. Selon les donn\u00e9es fournies par la f\u00e9d\u00e9ration, le secteur a d\u00e9pass\u00e9 les 21 millions de nuit\u00e9es en 2025, ce qui repr\u00e9sente plus de 30 % du tourisme total de la r\u00e9gion. La FCC regroupe 85% des emplacements de camping en Catalogne. Avec ces chiffres, l&rsquo;open-air catalan se confirme comme un secteur de grande importance capable d&rsquo;\u00e9voluer avec de nouveaux plans et projets pour rendre le secteur de plus en plus comp\u00e9titif, en pla\u00e7ant toujours la s\u00e9curit\u00e9 au centre.     <\/p>\n\n<p><\/p>\n","protected":false},"excerpt":{"rendered":"<p>Le deuxi\u00e8me congr\u00e8s des campings de Catalogne s&rsquo;est d\u00e9roul\u00e9 jeudi dernier, le 16 avril, dans la municipalit\u00e9 catalane de La Seu d&rsquo;Urgell. La r\u00e9union, organis\u00e9e par la F\u00e9d\u00e9ration catalane des campings (FCC), a r\u00e9uni plus de 300 professionnels du secteur, repr\u00e9sentants institutionnels et experts nationaux et internationaux. Deux jours de travail pour un \u00e9v\u00e9nement cl\u00e9 [&hellip;]<\/p>\n","protected":false},"author":5,"featured_media":178268,"comment_status":"closed","ping_status":"closed","sticky":false,"template":"","format":"standard","meta":{"_acf_changed":false,"_monsterinsights_skip_tracking":false,"_monsterinsights_sitenote_active":false,"_monsterinsights_sitenote_note":"","_monsterinsights_sitenote_category":0,"footnotes":""},"categories":[4024],"tags":[7885,7239,7886,7887,4669,7888],"class_list":["post-178273","post","type-post","status-publish","format-standard","has-post-thumbnail","hentry","category-actualite","tag-camping-catalonia","tag-camping-professionnel","tag-fcc","tag-federation-catalane-de-camping","tag-miquel-gotanegra-fr","tag-securite-du-camping"],"acf":[],"yoast_head":"<!-- This site is optimized with the Yoast SEO plugin v27.5 - https:\/\/yoast.com\/product\/yoast-seo-wordpress\/ -->\n<title>La Catalogne lance un projet pilote pour la s\u00e9curit\u00e9 des campings<\/title>\n<meta name=\"robots\" content=\"index, follow, max-snippet:-1, max-image-preview:large, max-video-preview:-1\" \/>\n<link rel=\"canonical\" href=\"https:\/\/www.mondocamping.com\/fr\/la-catalogne-lance-un-projet-pilote-pour-la-securite-des-campings\/\" \/>\n<meta property=\"og:locale\" content=\"fr_FR\" \/>\n<meta property=\"og:type\" content=\"article\" \/>\n<meta property=\"og:title\" content=\"La Catalogne lance un projet pilote pour la s\u00e9curit\u00e9 des campings\" \/>\n<meta property=\"og:description\" content=\"Le deuxi\u00e8me congr\u00e8s des campings de Catalogne s&rsquo;est d\u00e9roul\u00e9 jeudi dernier, le 16 avril, dans la municipalit\u00e9 catalane de La Seu d&rsquo;Urgell. La r\u00e9union, organis\u00e9e par la F\u00e9d\u00e9ration catalane des campings (FCC), a r\u00e9uni plus de 300 professionnels du secteur, repr\u00e9sentants institutionnels et experts nationaux et internationaux. Deux jours de travail pour un \u00e9v\u00e9nement cl\u00e9 [&hellip;]\" \/>\n<meta property=\"og:url\" content=\"https:\/\/www.mondocamping.com\/fr\/la-catalogne-lance-un-projet-pilote-pour-la-securite-des-campings\/\" \/>\n<meta property=\"og:site_name\" content=\"Mondo Camping\" \/>\n<meta property=\"article:publisher\" content=\"https:\/\/www.facebook.com\/mondobalneare\" \/>\n<meta property=\"article:author\" content=\"https:\/\/www.facebook.com\/mondocamping\" \/>\n<meta property=\"article:published_time\" content=\"2026-04-21T09:04:45+00:00\" \/>\n<meta property=\"article:modified_time\" content=\"2026-04-22T08:00:09+00:00\" \/>\n<meta property=\"og:image\" content=\"https:\/\/www.mondocamping.com\/wp-content\/uploads\/2026\/04\/Foto-2n-congres-dels-campings-catalans-1536x1024-2.jpg\" \/>\n\t<meta property=\"og:image:width\" content=\"1200\" \/>\n\t<meta property=\"og:image:height\" content=\"628\" \/>\n\t<meta property=\"og:image:type\" content=\"image\/jpeg\" \/>\n<meta name=\"author\" content=\"Mondo Camping\" \/>\n<meta name=\"twitter:card\" content=\"summary_large_image\" \/>\n<meta name=\"twitter:creator\" content=\"@mondobalneare\" \/>\n<meta name=\"twitter:site\" content=\"@mondobalneare\" \/>\n<meta name=\"twitter:label1\" content=\"\u00c9crit par\" \/>\n\t<meta name=\"twitter:data1\" content=\"Mondo Camping\" \/>\n\t<meta name=\"twitter:label2\" content=\"Dur\u00e9e de lecture estim\u00e9e\" \/>\n\t<meta name=\"twitter:data2\" content=\"2 minutes\" \/>\n<script type=\"application\/ld+json\" class=\"yoast-schema-graph\">{\"@context\":\"https:\\\/\\\/schema.org\",\"@graph\":[{\"@type\":\"Article\",\"@id\":\"https:\\\/\\\/www.mondocamping.com\\\/fr\\\/la-catalogne-lance-un-projet-pilote-pour-la-securite-des-campings\\\/#article\",\"isPartOf\":{\"@id\":\"https:\\\/\\\/www.mondocamping.com\\\/fr\\\/la-catalogne-lance-un-projet-pilote-pour-la-securite-des-campings\\\/\"},\"author\":{\"name\":\"Mondo Camping\",\"@id\":\"https:\\\/\\\/www.mondocamping.com\\\/#\\\/schema\\\/person\\\/01a031b8c5ef08c2204bb0e696f0a760\"},\"headline\":\"La Catalogne lance un projet pilote pour la s\u00e9curit\u00e9 des campings\",\"datePublished\":\"2026-04-21T09:04:45+00:00\",\"dateModified\":\"2026-04-22T08:00:09+00:00\",\"mainEntityOfPage\":{\"@id\":\"https:\\\/\\\/www.mondocamping.com\\\/fr\\\/la-catalogne-lance-un-projet-pilote-pour-la-securite-des-campings\\\/\"},\"wordCount\":480,\"publisher\":{\"@id\":\"https:\\\/\\\/www.mondocamping.com\\\/#organization\"},\"image\":{\"@id\":\"https:\\\/\\\/www.mondocamping.com\\\/fr\\\/la-catalogne-lance-un-projet-pilote-pour-la-securite-des-campings\\\/#primaryimage\"},\"thumbnailUrl\":\"https:\\\/\\\/www.mondocamping.com\\\/wp-content\\\/uploads\\\/2026\\\/04\\\/Foto-2n-congres-dels-campings-catalans-1536x1024-2.jpg\",\"keywords\":[\"Camping Catalonia\",\"Camping professionnel\",\"FCC\",\"F\u00e9d\u00e9ration catalane de camping\",\"Miquel Gotanegra\",\"s\u00e9curit\u00e9 du camping\"],\"articleSection\":[\"Actualit\u00e9\"],\"inLanguage\":\"fr-FR\"},{\"@type\":\"WebPage\",\"@id\":\"https:\\\/\\\/www.mondocamping.com\\\/fr\\\/la-catalogne-lance-un-projet-pilote-pour-la-securite-des-campings\\\/\",\"url\":\"https:\\\/\\\/www.mondocamping.com\\\/fr\\\/la-catalogne-lance-un-projet-pilote-pour-la-securite-des-campings\\\/\",\"name\":\"La Catalogne lance un projet pilote pour la s\u00e9curit\u00e9 des campings\",\"isPartOf\":{\"@id\":\"https:\\\/\\\/www.mondocamping.com\\\/#website\"},\"primaryImageOfPage\":{\"@id\":\"https:\\\/\\\/www.mondocamping.com\\\/fr\\\/la-catalogne-lance-un-projet-pilote-pour-la-securite-des-campings\\\/#primaryimage\"},\"image\":{\"@id\":\"https:\\\/\\\/www.mondocamping.com\\\/fr\\\/la-catalogne-lance-un-projet-pilote-pour-la-securite-des-campings\\\/#primaryimage\"},\"thumbnailUrl\":\"https:\\\/\\\/www.mondocamping.com\\\/wp-content\\\/uploads\\\/2026\\\/04\\\/Foto-2n-congres-dels-campings-catalans-1536x1024-2.jpg\",\"datePublished\":\"2026-04-21T09:04:45+00:00\",\"dateModified\":\"2026-04-22T08:00:09+00:00\",\"breadcrumb\":{\"@id\":\"https:\\\/\\\/www.mondocamping.com\\\/fr\\\/la-catalogne-lance-un-projet-pilote-pour-la-securite-des-campings\\\/#breadcrumb\"},\"inLanguage\":\"fr-FR\",\"potentialAction\":[{\"@type\":\"ReadAction\",\"target\":[\"https:\\\/\\\/www.mondocamping.com\\\/fr\\\/la-catalogne-lance-un-projet-pilote-pour-la-securite-des-campings\\\/\"]}]},{\"@type\":\"ImageObject\",\"inLanguage\":\"fr-FR\",\"@id\":\"https:\\\/\\\/www.mondocamping.com\\\/fr\\\/la-catalogne-lance-un-projet-pilote-pour-la-securite-des-campings\\\/#primaryimage\",\"url\":\"https:\\\/\\\/www.mondocamping.com\\\/wp-content\\\/uploads\\\/2026\\\/04\\\/Foto-2n-congres-dels-campings-catalans-1536x1024-2.jpg\",\"contentUrl\":\"https:\\\/\\\/www.mondocamping.com\\\/wp-content\\\/uploads\\\/2026\\\/04\\\/Foto-2n-congres-dels-campings-catalans-1536x1024-2.jpg\",\"width\":1200,\"height\":628,\"caption\":\"Photo credit: campingprofesional.com\"},{\"@type\":\"BreadcrumbList\",\"@id\":\"https:\\\/\\\/www.mondocamping.com\\\/fr\\\/la-catalogne-lance-un-projet-pilote-pour-la-securite-des-campings\\\/#breadcrumb\",\"itemListElement\":[{\"@type\":\"ListItem\",\"position\":1,\"name\":\"Home\",\"item\":\"https:\\\/\\\/www.mondocamping.com\\\/fr\\\/\"},{\"@type\":\"ListItem\",\"position\":2,\"name\":\"La Catalogne lance un projet pilote pour la s\u00e9curit\u00e9 des campings\"}]},{\"@type\":\"WebSite\",\"@id\":\"https:\\\/\\\/www.mondocamping.com\\\/#website\",\"url\":\"https:\\\/\\\/www.mondocamping.com\\\/\",\"name\":\"Mondo Camping\",\"description\":\"Le portail d\u00e9di\u00e9 aux gestionnaires de campings et villages touristiques\",\"publisher\":{\"@id\":\"https:\\\/\\\/www.mondocamping.com\\\/#organization\"},\"potentialAction\":[{\"@type\":\"SearchAction\",\"target\":{\"@type\":\"EntryPoint\",\"urlTemplate\":\"https:\\\/\\\/www.mondocamping.com\\\/?s={search_term_string}\"},\"query-input\":{\"@type\":\"PropertyValueSpecification\",\"valueRequired\":true,\"valueName\":\"search_term_string\"}}],\"inLanguage\":\"fr-FR\"},{\"@type\":\"Organization\",\"@id\":\"https:\\\/\\\/www.mondocamping.com\\\/#organization\",\"name\":\"Mondo Camping\",\"url\":\"https:\\\/\\\/www.mondocamping.com\\\/\",\"logo\":{\"@type\":\"ImageObject\",\"inLanguage\":\"fr-FR\",\"@id\":\"https:\\\/\\\/www.mondocamping.com\\\/#\\\/schema\\\/logo\\\/image\\\/\",\"url\":\"https:\\\/\\\/www.mondocamping.com\\\/wp-content\\\/uploads\\\/2022\\\/04\\\/mondo-camping-logo-contornato-1.png\",\"contentUrl\":\"https:\\\/\\\/www.mondocamping.com\\\/wp-content\\\/uploads\\\/2022\\\/04\\\/mondo-camping-logo-contornato-1.png\",\"width\":280,\"height\":90,\"caption\":\"Mondo Camping\"},\"image\":{\"@id\":\"https:\\\/\\\/www.mondocamping.com\\\/#\\\/schema\\\/logo\\\/image\\\/\"},\"sameAs\":[\"https:\\\/\\\/www.facebook.com\\\/mondobalneare\",\"https:\\\/\\\/x.com\\\/mondobalneare\",\"https:\\\/\\\/www.instagram.com\\\/mondobalneare\\\/\",\"https:\\\/\\\/www.linkedin.com\\\/company\\\/67180810\\\/\",\"https:\\\/\\\/www.youtube.com\\\/user\\\/mondobalnearevideo\"]},{\"@type\":\"Person\",\"@id\":\"https:\\\/\\\/www.mondocamping.com\\\/#\\\/schema\\\/person\\\/01a031b8c5ef08c2204bb0e696f0a760\",\"name\":\"Mondo Camping\",\"image\":{\"@type\":\"ImageObject\",\"inLanguage\":\"fr-FR\",\"@id\":\"https:\\\/\\\/www.mondocamping.com\\\/wp-content\\\/uploads\\\/2022\\\/05\\\/cropped-icona-MONDO-CAMPING-150x150.png\",\"url\":\"https:\\\/\\\/www.mondocamping.com\\\/wp-content\\\/uploads\\\/2022\\\/05\\\/cropped-icona-MONDO-CAMPING-150x150.png\",\"contentUrl\":\"https:\\\/\\\/www.mondocamping.com\\\/wp-content\\\/uploads\\\/2022\\\/05\\\/cropped-icona-MONDO-CAMPING-150x150.png\",\"caption\":\"Mondo Camping\"},\"sameAs\":[\"https:\\\/\\\/www.mondocamping.com\\\/\",\"https:\\\/\\\/www.facebook.com\\\/mondocamping\"]}]}<\/script>\n<!-- \/ Yoast SEO plugin. -->","yoast_head_json":{"title":"La Catalogne lance un projet pilote pour la s\u00e9curit\u00e9 des campings","robots":{"index":"index","follow":"follow","max-snippet":"max-snippet:-1","max-image-preview":"max-image-preview:large","max-video-preview":"max-video-preview:-1"},"canonical":"https:\/\/www.mondocamping.com\/fr\/la-catalogne-lance-un-projet-pilote-pour-la-securite-des-campings\/","og_locale":"fr_FR","og_type":"article","og_title":"La Catalogne lance un projet pilote pour la s\u00e9curit\u00e9 des campings","og_description":"Le deuxi\u00e8me congr\u00e8s des campings de Catalogne s&rsquo;est d\u00e9roul\u00e9 jeudi dernier, le 16 avril, dans la municipalit\u00e9 catalane de La Seu d&rsquo;Urgell. La r\u00e9union, organis\u00e9e par la F\u00e9d\u00e9ration catalane des campings (FCC), a r\u00e9uni plus de 300 professionnels du secteur, repr\u00e9sentants institutionnels et experts nationaux et internationaux. Deux jours de travail pour un \u00e9v\u00e9nement cl\u00e9 [&hellip;]","og_url":"https:\/\/www.mondocamping.com\/fr\/la-catalogne-lance-un-projet-pilote-pour-la-securite-des-campings\/","og_site_name":"Mondo Camping","article_publisher":"https:\/\/www.facebook.com\/mondobalneare","article_author":"https:\/\/www.facebook.com\/mondocamping","article_published_time":"2026-04-21T09:04:45+00:00","article_modified_time":"2026-04-22T08:00:09+00:00","og_image":[{"width":1200,"height":628,"url":"https:\/\/www.mondocamping.com\/wp-content\/uploads\/2026\/04\/Foto-2n-congres-dels-campings-catalans-1536x1024-2.jpg","type":"image\/jpeg"}],"author":"Mondo Camping","twitter_card":"summary_large_image","twitter_creator":"@mondobalneare","twitter_site":"@mondobalneare","twitter_misc":{"\u00c9crit par":"Mondo Camping","Dur\u00e9e de lecture estim\u00e9e":"2 minutes"},"schema":{"@context":"https:\/\/schema.org","@graph":[{"@type":"Article","@id":"https:\/\/www.mondocamping.com\/fr\/la-catalogne-lance-un-projet-pilote-pour-la-securite-des-campings\/#article","isPartOf":{"@id":"https:\/\/www.mondocamping.com\/fr\/la-catalogne-lance-un-projet-pilote-pour-la-securite-des-campings\/"},"author":{"name":"Mondo Camping","@id":"https:\/\/www.mondocamping.com\/#\/schema\/person\/01a031b8c5ef08c2204bb0e696f0a760"},"headline":"La Catalogne lance un projet pilote pour la s\u00e9curit\u00e9 des campings","datePublished":"2026-04-21T09:04:45+00:00","dateModified":"2026-04-22T08:00:09+00:00","mainEntityOfPage":{"@id":"https:\/\/www.mondocamping.com\/fr\/la-catalogne-lance-un-projet-pilote-pour-la-securite-des-campings\/"},"wordCount":480,"publisher":{"@id":"https:\/\/www.mondocamping.com\/#organization"},"image":{"@id":"https:\/\/www.mondocamping.com\/fr\/la-catalogne-lance-un-projet-pilote-pour-la-securite-des-campings\/#primaryimage"},"thumbnailUrl":"https:\/\/www.mondocamping.com\/wp-content\/uploads\/2026\/04\/Foto-2n-congres-dels-campings-catalans-1536x1024-2.jpg","keywords":["Camping Catalonia","Camping professionnel","FCC","F\u00e9d\u00e9ration catalane de camping","Miquel Gotanegra","s\u00e9curit\u00e9 du camping"],"articleSection":["Actualit\u00e9"],"inLanguage":"fr-FR"},{"@type":"WebPage","@id":"https:\/\/www.mondocamping.com\/fr\/la-catalogne-lance-un-projet-pilote-pour-la-securite-des-campings\/","url":"https:\/\/www.mondocamping.com\/fr\/la-catalogne-lance-un-projet-pilote-pour-la-securite-des-campings\/","name":"La Catalogne lance un projet pilote pour la s\u00e9curit\u00e9 des campings","isPartOf":{"@id":"https:\/\/www.mondocamping.com\/#website"},"primaryImageOfPage":{"@id":"https:\/\/www.mondocamping.com\/fr\/la-catalogne-lance-un-projet-pilote-pour-la-securite-des-campings\/#primaryimage"},"image":{"@id":"https:\/\/www.mondocamping.com\/fr\/la-catalogne-lance-un-projet-pilote-pour-la-securite-des-campings\/#primaryimage"},"thumbnailUrl":"https:\/\/www.mondocamping.com\/wp-content\/uploads\/2026\/04\/Foto-2n-congres-dels-campings-catalans-1536x1024-2.jpg","datePublished":"2026-04-21T09:04:45+00:00","dateModified":"2026-04-22T08:00:09+00:00","breadcrumb":{"@id":"https:\/\/www.mondocamping.com\/fr\/la-catalogne-lance-un-projet-pilote-pour-la-securite-des-campings\/#breadcrumb"},"inLanguage":"fr-FR","potentialAction":[{"@type":"ReadAction","target":["https:\/\/www.mondocamping.com\/fr\/la-catalogne-lance-un-projet-pilote-pour-la-securite-des-campings\/"]}]},{"@type":"ImageObject","inLanguage":"fr-FR","@id":"https:\/\/www.mondocamping.com\/fr\/la-catalogne-lance-un-projet-pilote-pour-la-securite-des-campings\/#primaryimage","url":"https:\/\/www.mondocamping.com\/wp-content\/uploads\/2026\/04\/Foto-2n-congres-dels-campings-catalans-1536x1024-2.jpg","contentUrl":"https:\/\/www.mondocamping.com\/wp-content\/uploads\/2026\/04\/Foto-2n-congres-dels-campings-catalans-1536x1024-2.jpg","width":1200,"height":628,"caption":"Photo credit: campingprofesional.com"},{"@type":"BreadcrumbList","@id":"https:\/\/www.mondocamping.com\/fr\/la-catalogne-lance-un-projet-pilote-pour-la-securite-des-campings\/#breadcrumb","itemListElement":[{"@type":"ListItem","position":1,"name":"Home","item":"https:\/\/www.mondocamping.com\/fr\/"},{"@type":"ListItem","position":2,"name":"La Catalogne lance un projet pilote pour la s\u00e9curit\u00e9 des campings"}]},{"@type":"WebSite","@id":"https:\/\/www.mondocamping.com\/#website","url":"https:\/\/www.mondocamping.com\/","name":"Mondo Camping","description":"Le portail d\u00e9di\u00e9 aux gestionnaires de campings et villages touristiques","publisher":{"@id":"https:\/\/www.mondocamping.com\/#organization"},"potentialAction":[{"@type":"SearchAction","target":{"@type":"EntryPoint","urlTemplate":"https:\/\/www.mondocamping.com\/?s={search_term_string}"},"query-input":{"@type":"PropertyValueSpecification","valueRequired":true,"valueName":"search_term_string"}}],"inLanguage":"fr-FR"},{"@type":"Organization","@id":"https:\/\/www.mondocamping.com\/#organization","name":"Mondo Camping","url":"https:\/\/www.mondocamping.com\/","logo":{"@type":"ImageObject","inLanguage":"fr-FR","@id":"https:\/\/www.mondocamping.com\/#\/schema\/logo\/image\/","url":"https:\/\/www.mondocamping.com\/wp-content\/uploads\/2022\/04\/mondo-camping-logo-contornato-1.png","contentUrl":"https:\/\/www.mondocamping.com\/wp-content\/uploads\/2022\/04\/mondo-camping-logo-contornato-1.png","width":280,"height":90,"caption":"Mondo Camping"},"image":{"@id":"https:\/\/www.mondocamping.com\/#\/schema\/logo\/image\/"},"sameAs":["https:\/\/www.facebook.com\/mondobalneare","https:\/\/x.com\/mondobalneare","https:\/\/www.instagram.com\/mondobalneare\/","https:\/\/www.linkedin.com\/company\/67180810\/","https:\/\/www.youtube.com\/user\/mondobalnearevideo"]},{"@type":"Person","@id":"https:\/\/www.mondocamping.com\/#\/schema\/person\/01a031b8c5ef08c2204bb0e696f0a760","name":"Mondo Camping","image":{"@type":"ImageObject","inLanguage":"fr-FR","@id":"https:\/\/www.mondocamping.com\/wp-content\/uploads\/2022\/05\/cropped-icona-MONDO-CAMPING-150x150.png","url":"https:\/\/www.mondocamping.com\/wp-content\/uploads\/2022\/05\/cropped-icona-MONDO-CAMPING-150x150.png","contentUrl":"https:\/\/www.mondocamping.com\/wp-content\/uploads\/2022\/05\/cropped-icona-MONDO-CAMPING-150x150.png","caption":"Mondo Camping"},"sameAs":["https:\/\/www.mondocamping.com\/","https:\/\/www.facebook.com\/mondocamping"]}]}},"_links":{"self":[{"href":"https:\/\/www.mondocamping.com\/fr\/wp-json\/wp\/v2\/posts\/178273","targetHints":{"allow":["GET"]}}],"collection":[{"href":"https:\/\/www.mondocamping.com\/fr\/wp-json\/wp\/v2\/posts"}],"about":[{"href":"https:\/\/www.mondocamping.com\/fr\/wp-json\/wp\/v2\/types\/post"}],"author":[{"embeddable":true,"href":"https:\/\/www.mondocamping.com\/fr\/wp-json\/wp\/v2\/users\/5"}],"replies":[{"embeddable":true,"href":"https:\/\/www.mondocamping.com\/fr\/wp-json\/wp\/v2\/comments?post=178273"}],"version-history":[{"count":1,"href":"https:\/\/www.mondocamping.com\/fr\/wp-json\/wp\/v2\/posts\/178273\/revisions"}],"predecessor-version":[{"id":178274,"href":"https:\/\/www.mondocamping.com\/fr\/wp-json\/wp\/v2\/posts\/178273\/revisions\/178274"}],"wp:featuredmedia":[{"embeddable":true,"href":"https:\/\/www.mondocamping.com\/fr\/wp-json\/wp\/v2\/media\/178268"}],"wp:attachment":[{"href":"https:\/\/www.mondocamping.com\/fr\/wp-json\/wp\/v2\/media?parent=178273"}],"wp:term":[{"taxonomy":"category","embeddable":true,"href":"https:\/\/www.mondocamping.com\/fr\/wp-json\/wp\/v2\/categories?post=178273"},{"taxonomy":"post_tag","embeddable":true,"href":"https:\/\/www.mondocamping.com\/fr\/wp-json\/wp\/v2\/tags?post=178273"}],"curies":[{"name":"wp","href":"https:\/\/api.w.org\/{rel}","templated":true}]}}