{"id":178301,"date":"2026-04-27T19:30:01","date_gmt":"2026-04-27T17:30:01","guid":{"rendered":"https:\/\/www.mondocamping.com\/congres-des-campings-espagnols-2026-rendez-vous-a-lautomne-prochain-en-galice\/"},"modified":"2026-04-27T19:30:01","modified_gmt":"2026-04-27T17:30:01","slug":"congres-des-campings-espagnols-2026-rendez-vous-a-lautomne-prochain-en-galice","status":"publish","type":"post","link":"https:\/\/www.mondocamping.com\/fr\/congres-des-campings-espagnols-2026-rendez-vous-a-lautomne-prochain-en-galice\/","title":{"rendered":"Congr\u00e8s des campings espagnols 2026 : rendez-vous \u00e0 l&rsquo;automne prochain en Galice"},"content":{"rendered":"\n<p>Nous vous rapportons les nouvelles du portail de r\u00e9f\u00e9rence du secteur espagnol du plein air <em>Camping Profesional<\/em>: le <strong>Spanish Campsite Congress 2026<\/strong>, un \u00e9v\u00e9nement de r\u00e9f\u00e9rence pour le secteur du camping en Espagne et un rendez-vous incontournable pour les entrepreneurs, les gestionnaires et les entreprises li\u00e9es au tourisme en plein air, est pr\u00e9vu pour l&rsquo;automne prochain. Son objectif est d&rsquo;analyser l&rsquo;\u00e9volution du march\u00e9 et les principaux d\u00e9fis du secteur, en mettant l&rsquo;accent sur l&rsquo;innovation, la num\u00e9risation, la gestion d&rsquo;entreprise et l&rsquo;adaptation aux nouveaux besoins des clients.<\/p>\n\n<p>La <strong>F\u00e9d\u00e9ration espagnole de camping<\/strong> (FEEC) a annonc\u00e9 l&rsquo;\u00e9dition 2026. La pr\u00e9sidente de la F\u00e9d\u00e9ration espagnole de camping <strong><em>Ana Beriain<\/em><\/strong>a soulign\u00e9 la valeur strat\u00e9gique de l&rsquo;\u00e9v\u00e9nement en tant que point de rencontre annuel pour le secteur. <em>Le congr\u00e8s est l&rsquo;occasion de r\u00e9fl\u00e9chir aux d\u00e9fis et aux opportunit\u00e9s de l&rsquo;avenir. Le camping s&rsquo;est impos\u00e9 comme une option touristique dynamique et durable, et ces forums sont essentiels pour continuer \u00e0 promouvoir son d\u00e9veloppement. <\/em>\u00ab\u00a0.<\/p>\n\n<p>Le directeur de la f\u00e9d\u00e9ration, <em><strong>Sergio Chocarro<\/strong><\/em>a d\u00e9clar\u00e9 l&rsquo;importance de renforcer la collaboration entre les professionnels :<em>\u00ab\u00a0C&rsquo;est un espace fondamental pour partager les connaissances et faire face aux d\u00e9fis strat\u00e9giques, de la gestion \u00e0 l&rsquo;adaptation aux nouveaux besoins des clients<\/em>.<\/p>\n\n<p>L&rsquo;\u00e9v\u00e9nement aura lieu en <strong>Galice, une r\u00e9gion consacr\u00e9e au tourisme en plein air<\/strong>, gr\u00e2ce \u00e0 sa beaut\u00e9 naturelle et \u00e0 la vari\u00e9t\u00e9 de son territoire, qui combine une grande vari\u00e9t\u00e9 de destinations. C&rsquo;est ce qu&rsquo;a d\u00e9clar\u00e9 le pr\u00e9sident de l&rsquo;Association galicienne de camping, <strong><em>Manuel Ochoa<\/em><\/strong>: \u00a0\u00bb <em>Le fait que le Congr\u00e8s national du camping se tienne en Galice renforce notre positionnement en tant que destination touristique durable et respectueuse de l&rsquo;environnement. Nous sommes fiers d&rsquo;accueillir quelque 300 coll\u00e8gues. <\/em>\u00ab\u00a0.<\/p>\n","protected":false},"excerpt":{"rendered":"<p>Nous vous rapportons les nouvelles du portail de r\u00e9f\u00e9rence du secteur espagnol du plein air Camping Profesional: le Spanish Campsite Congress 2026, un \u00e9v\u00e9nement de r\u00e9f\u00e9rence pour le secteur du camping en Espagne et un rendez-vous incontournable pour les entrepreneurs, les gestionnaires et les entreprises li\u00e9es au tourisme en plein air, est pr\u00e9vu pour l&rsquo;automne [&hellip;]<\/p>\n","protected":false},"author":5,"featured_media":178295,"comment_status":"closed","ping_status":"closed","sticky":false,"template":"","format":"standard","meta":{"_acf_changed":false,"_monsterinsights_skip_tracking":false,"_monsterinsights_sitenote_active":false,"_monsterinsights_sitenote_note":"","_monsterinsights_sitenote_category":0,"footnotes":""},"categories":[4024],"tags":[7895,4275,4651,4665,6851],"class_list":["post-178301","post","type-post","status-publish","format-standard","has-post-thumbnail","hentry","category-actualite","tag-campings-espagnols-du-congres","tag-espagne","tag-feec","tag-feec-fr","tag-lair-libre"],"acf":[],"yoast_head":"<!-- This site is optimized with the Yoast SEO plugin v27.5 - https:\/\/yoast.com\/product\/yoast-seo-wordpress\/ -->\n<title>Congr\u00e8s des campings espagnols 2026 : rendez-vous \u00e0 l&#039;automne prochain en Galice<\/title>\n<meta name=\"robots\" content=\"index, follow, max-snippet:-1, max-image-preview:large, max-video-preview:-1\" \/>\n<link rel=\"canonical\" href=\"https:\/\/www.mondocamping.com\/fr\/congres-des-campings-espagnols-2026-rendez-vous-a-lautomne-prochain-en-galice\/\" \/>\n<meta property=\"og:locale\" content=\"fr_FR\" \/>\n<meta property=\"og:type\" content=\"article\" \/>\n<meta property=\"og:title\" content=\"Congr\u00e8s des campings espagnols 2026 : rendez-vous \u00e0 l&#039;automne prochain en Galice\" \/>\n<meta property=\"og:description\" content=\"Nous vous rapportons les nouvelles du portail de r\u00e9f\u00e9rence du secteur espagnol du plein air Camping Profesional: le Spanish Campsite Congress 2026, un \u00e9v\u00e9nement de r\u00e9f\u00e9rence pour le secteur du camping en Espagne et un rendez-vous incontournable pour les entrepreneurs, les gestionnaires et les entreprises li\u00e9es au tourisme en plein air, est pr\u00e9vu pour l&rsquo;automne [&hellip;]\" \/>\n<meta property=\"og:url\" content=\"https:\/\/www.mondocamping.com\/fr\/congres-des-campings-espagnols-2026-rendez-vous-a-lautomne-prochain-en-galice\/\" \/>\n<meta property=\"og:site_name\" content=\"Mondo Camping\" \/>\n<meta property=\"article:publisher\" content=\"https:\/\/www.facebook.com\/mondobalneare\" \/>\n<meta property=\"article:author\" content=\"https:\/\/www.facebook.com\/mondocamping\" \/>\n<meta property=\"article:published_time\" content=\"2026-04-27T17:30:01+00:00\" \/>\n<meta property=\"og:image\" content=\"https:\/\/www.mondocamping.com\/wp-content\/uploads\/2026\/04\/chris-holder-uY2UIyO5o5c-unsplash-2.jpg\" \/>\n\t<meta property=\"og:image:width\" content=\"1200\" \/>\n\t<meta property=\"og:image:height\" content=\"628\" \/>\n\t<meta property=\"og:image:type\" content=\"image\/jpeg\" \/>\n<meta name=\"author\" content=\"Mondo Camping\" \/>\n<meta name=\"twitter:card\" content=\"summary_large_image\" \/>\n<meta name=\"twitter:creator\" content=\"@mondobalneare\" \/>\n<meta name=\"twitter:site\" content=\"@mondobalneare\" \/>\n<meta name=\"twitter:label1\" content=\"\u00c9crit par\" \/>\n\t<meta name=\"twitter:data1\" content=\"Mondo Camping\" \/>\n\t<meta name=\"twitter:label2\" content=\"Dur\u00e9e de lecture estim\u00e9e\" \/>\n\t<meta name=\"twitter:data2\" content=\"2 minutes\" \/>\n<script type=\"application\/ld+json\" class=\"yoast-schema-graph\">{\"@context\":\"https:\\\/\\\/schema.org\",\"@graph\":[{\"@type\":\"Article\",\"@id\":\"https:\\\/\\\/www.mondocamping.com\\\/fr\\\/congres-des-campings-espagnols-2026-rendez-vous-a-lautomne-prochain-en-galice\\\/#article\",\"isPartOf\":{\"@id\":\"https:\\\/\\\/www.mondocamping.com\\\/fr\\\/congres-des-campings-espagnols-2026-rendez-vous-a-lautomne-prochain-en-galice\\\/\"},\"author\":{\"name\":\"Mondo Camping\",\"@id\":\"https:\\\/\\\/www.mondocamping.com\\\/#\\\/schema\\\/person\\\/01a031b8c5ef08c2204bb0e696f0a760\"},\"headline\":\"Congr\u00e8s des campings espagnols 2026 : rendez-vous \u00e0 l&rsquo;automne prochain en Galice\",\"datePublished\":\"2026-04-27T17:30:01+00:00\",\"mainEntityOfPage\":{\"@id\":\"https:\\\/\\\/www.mondocamping.com\\\/fr\\\/congres-des-campings-espagnols-2026-rendez-vous-a-lautomne-prochain-en-galice\\\/\"},\"wordCount\":338,\"publisher\":{\"@id\":\"https:\\\/\\\/www.mondocamping.com\\\/#organization\"},\"image\":{\"@id\":\"https:\\\/\\\/www.mondocamping.com\\\/fr\\\/congres-des-campings-espagnols-2026-rendez-vous-a-lautomne-prochain-en-galice\\\/#primaryimage\"},\"thumbnailUrl\":\"https:\\\/\\\/www.mondocamping.com\\\/wp-content\\\/uploads\\\/2026\\\/04\\\/chris-holder-uY2UIyO5o5c-unsplash-2.jpg\",\"keywords\":[\"Campings espagnols du Congr\u00e8s\",\"Espagne\",\"FEEC\",\"FEEC\",\"l'air libre\"],\"articleSection\":[\"Actualit\u00e9\"],\"inLanguage\":\"fr-FR\"},{\"@type\":\"WebPage\",\"@id\":\"https:\\\/\\\/www.mondocamping.com\\\/fr\\\/congres-des-campings-espagnols-2026-rendez-vous-a-lautomne-prochain-en-galice\\\/\",\"url\":\"https:\\\/\\\/www.mondocamping.com\\\/fr\\\/congres-des-campings-espagnols-2026-rendez-vous-a-lautomne-prochain-en-galice\\\/\",\"name\":\"Congr\u00e8s des campings espagnols 2026 : rendez-vous \u00e0 l'automne prochain en Galice\",\"isPartOf\":{\"@id\":\"https:\\\/\\\/www.mondocamping.com\\\/#website\"},\"primaryImageOfPage\":{\"@id\":\"https:\\\/\\\/www.mondocamping.com\\\/fr\\\/congres-des-campings-espagnols-2026-rendez-vous-a-lautomne-prochain-en-galice\\\/#primaryimage\"},\"image\":{\"@id\":\"https:\\\/\\\/www.mondocamping.com\\\/fr\\\/congres-des-campings-espagnols-2026-rendez-vous-a-lautomne-prochain-en-galice\\\/#primaryimage\"},\"thumbnailUrl\":\"https:\\\/\\\/www.mondocamping.com\\\/wp-content\\\/uploads\\\/2026\\\/04\\\/chris-holder-uY2UIyO5o5c-unsplash-2.jpg\",\"datePublished\":\"2026-04-27T17:30:01+00:00\",\"breadcrumb\":{\"@id\":\"https:\\\/\\\/www.mondocamping.com\\\/fr\\\/congres-des-campings-espagnols-2026-rendez-vous-a-lautomne-prochain-en-galice\\\/#breadcrumb\"},\"inLanguage\":\"fr-FR\",\"potentialAction\":[{\"@type\":\"ReadAction\",\"target\":[\"https:\\\/\\\/www.mondocamping.com\\\/fr\\\/congres-des-campings-espagnols-2026-rendez-vous-a-lautomne-prochain-en-galice\\\/\"]}]},{\"@type\":\"ImageObject\",\"inLanguage\":\"fr-FR\",\"@id\":\"https:\\\/\\\/www.mondocamping.com\\\/fr\\\/congres-des-campings-espagnols-2026-rendez-vous-a-lautomne-prochain-en-galice\\\/#primaryimage\",\"url\":\"https:\\\/\\\/www.mondocamping.com\\\/wp-content\\\/uploads\\\/2026\\\/04\\\/chris-holder-uY2UIyO5o5c-unsplash-2.jpg\",\"contentUrl\":\"https:\\\/\\\/www.mondocamping.com\\\/wp-content\\\/uploads\\\/2026\\\/04\\\/chris-holder-uY2UIyO5o5c-unsplash-2.jpg\",\"width\":1200,\"height\":628},{\"@type\":\"BreadcrumbList\",\"@id\":\"https:\\\/\\\/www.mondocamping.com\\\/fr\\\/congres-des-campings-espagnols-2026-rendez-vous-a-lautomne-prochain-en-galice\\\/#breadcrumb\",\"itemListElement\":[{\"@type\":\"ListItem\",\"position\":1,\"name\":\"Home\",\"item\":\"https:\\\/\\\/www.mondocamping.com\\\/fr\\\/\"},{\"@type\":\"ListItem\",\"position\":2,\"name\":\"Congr\u00e8s des campings espagnols 2026 : rendez-vous \u00e0 l&rsquo;automne prochain en Galice\"}]},{\"@type\":\"WebSite\",\"@id\":\"https:\\\/\\\/www.mondocamping.com\\\/#website\",\"url\":\"https:\\\/\\\/www.mondocamping.com\\\/\",\"name\":\"Mondo Camping\",\"description\":\"Le portail d\u00e9di\u00e9 aux gestionnaires de campings et villages touristiques\",\"publisher\":{\"@id\":\"https:\\\/\\\/www.mondocamping.com\\\/#organization\"},\"potentialAction\":[{\"@type\":\"SearchAction\",\"target\":{\"@type\":\"EntryPoint\",\"urlTemplate\":\"https:\\\/\\\/www.mondocamping.com\\\/?s={search_term_string}\"},\"query-input\":{\"@type\":\"PropertyValueSpecification\",\"valueRequired\":true,\"valueName\":\"search_term_string\"}}],\"inLanguage\":\"fr-FR\"},{\"@type\":\"Organization\",\"@id\":\"https:\\\/\\\/www.mondocamping.com\\\/#organization\",\"name\":\"Mondo Camping\",\"url\":\"https:\\\/\\\/www.mondocamping.com\\\/\",\"logo\":{\"@type\":\"ImageObject\",\"inLanguage\":\"fr-FR\",\"@id\":\"https:\\\/\\\/www.mondocamping.com\\\/#\\\/schema\\\/logo\\\/image\\\/\",\"url\":\"https:\\\/\\\/www.mondocamping.com\\\/wp-content\\\/uploads\\\/2022\\\/04\\\/mondo-camping-logo-contornato-1.png\",\"contentUrl\":\"https:\\\/\\\/www.mondocamping.com\\\/wp-content\\\/uploads\\\/2022\\\/04\\\/mondo-camping-logo-contornato-1.png\",\"width\":280,\"height\":90,\"caption\":\"Mondo Camping\"},\"image\":{\"@id\":\"https:\\\/\\\/www.mondocamping.com\\\/#\\\/schema\\\/logo\\\/image\\\/\"},\"sameAs\":[\"https:\\\/\\\/www.facebook.com\\\/mondobalneare\",\"https:\\\/\\\/x.com\\\/mondobalneare\",\"https:\\\/\\\/www.instagram.com\\\/mondobalneare\\\/\",\"https:\\\/\\\/www.linkedin.com\\\/company\\\/67180810\\\/\",\"https:\\\/\\\/www.youtube.com\\\/user\\\/mondobalnearevideo\"]},{\"@type\":\"Person\",\"@id\":\"https:\\\/\\\/www.mondocamping.com\\\/#\\\/schema\\\/person\\\/01a031b8c5ef08c2204bb0e696f0a760\",\"name\":\"Mondo Camping\",\"image\":{\"@type\":\"ImageObject\",\"inLanguage\":\"fr-FR\",\"@id\":\"https:\\\/\\\/www.mondocamping.com\\\/wp-content\\\/uploads\\\/2022\\\/05\\\/cropped-icona-MONDO-CAMPING-150x150.png\",\"url\":\"https:\\\/\\\/www.mondocamping.com\\\/wp-content\\\/uploads\\\/2022\\\/05\\\/cropped-icona-MONDO-CAMPING-150x150.png\",\"contentUrl\":\"https:\\\/\\\/www.mondocamping.com\\\/wp-content\\\/uploads\\\/2022\\\/05\\\/cropped-icona-MONDO-CAMPING-150x150.png\",\"caption\":\"Mondo Camping\"},\"sameAs\":[\"https:\\\/\\\/www.mondocamping.com\\\/\",\"https:\\\/\\\/www.facebook.com\\\/mondocamping\"]}]}<\/script>\n<!-- \/ Yoast SEO plugin. -->","yoast_head_json":{"title":"Congr\u00e8s des campings espagnols 2026 : rendez-vous \u00e0 l'automne prochain en Galice","robots":{"index":"index","follow":"follow","max-snippet":"max-snippet:-1","max-image-preview":"max-image-preview:large","max-video-preview":"max-video-preview:-1"},"canonical":"https:\/\/www.mondocamping.com\/fr\/congres-des-campings-espagnols-2026-rendez-vous-a-lautomne-prochain-en-galice\/","og_locale":"fr_FR","og_type":"article","og_title":"Congr\u00e8s des campings espagnols 2026 : rendez-vous \u00e0 l'automne prochain en Galice","og_description":"Nous vous rapportons les nouvelles du portail de r\u00e9f\u00e9rence du secteur espagnol du plein air Camping Profesional: le Spanish Campsite Congress 2026, un \u00e9v\u00e9nement de r\u00e9f\u00e9rence pour le secteur du camping en Espagne et un rendez-vous incontournable pour les entrepreneurs, les gestionnaires et les entreprises li\u00e9es au tourisme en plein air, est pr\u00e9vu pour l&rsquo;automne [&hellip;]","og_url":"https:\/\/www.mondocamping.com\/fr\/congres-des-campings-espagnols-2026-rendez-vous-a-lautomne-prochain-en-galice\/","og_site_name":"Mondo Camping","article_publisher":"https:\/\/www.facebook.com\/mondobalneare","article_author":"https:\/\/www.facebook.com\/mondocamping","article_published_time":"2026-04-27T17:30:01+00:00","og_image":[{"width":1200,"height":628,"url":"https:\/\/www.mondocamping.com\/wp-content\/uploads\/2026\/04\/chris-holder-uY2UIyO5o5c-unsplash-2.jpg","type":"image\/jpeg"}],"author":"Mondo Camping","twitter_card":"summary_large_image","twitter_creator":"@mondobalneare","twitter_site":"@mondobalneare","twitter_misc":{"\u00c9crit par":"Mondo Camping","Dur\u00e9e de lecture estim\u00e9e":"2 minutes"},"schema":{"@context":"https:\/\/schema.org","@graph":[{"@type":"Article","@id":"https:\/\/www.mondocamping.com\/fr\/congres-des-campings-espagnols-2026-rendez-vous-a-lautomne-prochain-en-galice\/#article","isPartOf":{"@id":"https:\/\/www.mondocamping.com\/fr\/congres-des-campings-espagnols-2026-rendez-vous-a-lautomne-prochain-en-galice\/"},"author":{"name":"Mondo Camping","@id":"https:\/\/www.mondocamping.com\/#\/schema\/person\/01a031b8c5ef08c2204bb0e696f0a760"},"headline":"Congr\u00e8s des campings espagnols 2026 : rendez-vous \u00e0 l&rsquo;automne prochain en Galice","datePublished":"2026-04-27T17:30:01+00:00","mainEntityOfPage":{"@id":"https:\/\/www.mondocamping.com\/fr\/congres-des-campings-espagnols-2026-rendez-vous-a-lautomne-prochain-en-galice\/"},"wordCount":338,"publisher":{"@id":"https:\/\/www.mondocamping.com\/#organization"},"image":{"@id":"https:\/\/www.mondocamping.com\/fr\/congres-des-campings-espagnols-2026-rendez-vous-a-lautomne-prochain-en-galice\/#primaryimage"},"thumbnailUrl":"https:\/\/www.mondocamping.com\/wp-content\/uploads\/2026\/04\/chris-holder-uY2UIyO5o5c-unsplash-2.jpg","keywords":["Campings espagnols du Congr\u00e8s","Espagne","FEEC","FEEC","l'air libre"],"articleSection":["Actualit\u00e9"],"inLanguage":"fr-FR"},{"@type":"WebPage","@id":"https:\/\/www.mondocamping.com\/fr\/congres-des-campings-espagnols-2026-rendez-vous-a-lautomne-prochain-en-galice\/","url":"https:\/\/www.mondocamping.com\/fr\/congres-des-campings-espagnols-2026-rendez-vous-a-lautomne-prochain-en-galice\/","name":"Congr\u00e8s des campings espagnols 2026 : rendez-vous \u00e0 l'automne prochain en Galice","isPartOf":{"@id":"https:\/\/www.mondocamping.com\/#website"},"primaryImageOfPage":{"@id":"https:\/\/www.mondocamping.com\/fr\/congres-des-campings-espagnols-2026-rendez-vous-a-lautomne-prochain-en-galice\/#primaryimage"},"image":{"@id":"https:\/\/www.mondocamping.com\/fr\/congres-des-campings-espagnols-2026-rendez-vous-a-lautomne-prochain-en-galice\/#primaryimage"},"thumbnailUrl":"https:\/\/www.mondocamping.com\/wp-content\/uploads\/2026\/04\/chris-holder-uY2UIyO5o5c-unsplash-2.jpg","datePublished":"2026-04-27T17:30:01+00:00","breadcrumb":{"@id":"https:\/\/www.mondocamping.com\/fr\/congres-des-campings-espagnols-2026-rendez-vous-a-lautomne-prochain-en-galice\/#breadcrumb"},"inLanguage":"fr-FR","potentialAction":[{"@type":"ReadAction","target":["https:\/\/www.mondocamping.com\/fr\/congres-des-campings-espagnols-2026-rendez-vous-a-lautomne-prochain-en-galice\/"]}]},{"@type":"ImageObject","inLanguage":"fr-FR","@id":"https:\/\/www.mondocamping.com\/fr\/congres-des-campings-espagnols-2026-rendez-vous-a-lautomne-prochain-en-galice\/#primaryimage","url":"https:\/\/www.mondocamping.com\/wp-content\/uploads\/2026\/04\/chris-holder-uY2UIyO5o5c-unsplash-2.jpg","contentUrl":"https:\/\/www.mondocamping.com\/wp-content\/uploads\/2026\/04\/chris-holder-uY2UIyO5o5c-unsplash-2.jpg","width":1200,"height":628},{"@type":"BreadcrumbList","@id":"https:\/\/www.mondocamping.com\/fr\/congres-des-campings-espagnols-2026-rendez-vous-a-lautomne-prochain-en-galice\/#breadcrumb","itemListElement":[{"@type":"ListItem","position":1,"name":"Home","item":"https:\/\/www.mondocamping.com\/fr\/"},{"@type":"ListItem","position":2,"name":"Congr\u00e8s des campings espagnols 2026 : rendez-vous \u00e0 l&rsquo;automne prochain en Galice"}]},{"@type":"WebSite","@id":"https:\/\/www.mondocamping.com\/#website","url":"https:\/\/www.mondocamping.com\/","name":"Mondo Camping","description":"Le portail d\u00e9di\u00e9 aux gestionnaires de campings et villages touristiques","publisher":{"@id":"https:\/\/www.mondocamping.com\/#organization"},"potentialAction":[{"@type":"SearchAction","target":{"@type":"EntryPoint","urlTemplate":"https:\/\/www.mondocamping.com\/?s={search_term_string}"},"query-input":{"@type":"PropertyValueSpecification","valueRequired":true,"valueName":"search_term_string"}}],"inLanguage":"fr-FR"},{"@type":"Organization","@id":"https:\/\/www.mondocamping.com\/#organization","name":"Mondo Camping","url":"https:\/\/www.mondocamping.com\/","logo":{"@type":"ImageObject","inLanguage":"fr-FR","@id":"https:\/\/www.mondocamping.com\/#\/schema\/logo\/image\/","url":"https:\/\/www.mondocamping.com\/wp-content\/uploads\/2022\/04\/mondo-camping-logo-contornato-1.png","contentUrl":"https:\/\/www.mondocamping.com\/wp-content\/uploads\/2022\/04\/mondo-camping-logo-contornato-1.png","width":280,"height":90,"caption":"Mondo Camping"},"image":{"@id":"https:\/\/www.mondocamping.com\/#\/schema\/logo\/image\/"},"sameAs":["https:\/\/www.facebook.com\/mondobalneare","https:\/\/x.com\/mondobalneare","https:\/\/www.instagram.com\/mondobalneare\/","https:\/\/www.linkedin.com\/company\/67180810\/","https:\/\/www.youtube.com\/user\/mondobalnearevideo"]},{"@type":"Person","@id":"https:\/\/www.mondocamping.com\/#\/schema\/person\/01a031b8c5ef08c2204bb0e696f0a760","name":"Mondo Camping","image":{"@type":"ImageObject","inLanguage":"fr-FR","@id":"https:\/\/www.mondocamping.com\/wp-content\/uploads\/2022\/05\/cropped-icona-MONDO-CAMPING-150x150.png","url":"https:\/\/www.mondocamping.com\/wp-content\/uploads\/2022\/05\/cropped-icona-MONDO-CAMPING-150x150.png","contentUrl":"https:\/\/www.mondocamping.com\/wp-content\/uploads\/2022\/05\/cropped-icona-MONDO-CAMPING-150x150.png","caption":"Mondo Camping"},"sameAs":["https:\/\/www.mondocamping.com\/","https:\/\/www.facebook.com\/mondocamping"]}]}},"_links":{"self":[{"href":"https:\/\/www.mondocamping.com\/fr\/wp-json\/wp\/v2\/posts\/178301","targetHints":{"allow":["GET"]}}],"collection":[{"href":"https:\/\/www.mondocamping.com\/fr\/wp-json\/wp\/v2\/posts"}],"about":[{"href":"https:\/\/www.mondocamping.com\/fr\/wp-json\/wp\/v2\/types\/post"}],"author":[{"embeddable":true,"href":"https:\/\/www.mondocamping.com\/fr\/wp-json\/wp\/v2\/users\/5"}],"replies":[{"embeddable":true,"href":"https:\/\/www.mondocamping.com\/fr\/wp-json\/wp\/v2\/comments?post=178301"}],"version-history":[{"count":1,"href":"https:\/\/www.mondocamping.com\/fr\/wp-json\/wp\/v2\/posts\/178301\/revisions"}],"predecessor-version":[{"id":178302,"href":"https:\/\/www.mondocamping.com\/fr\/wp-json\/wp\/v2\/posts\/178301\/revisions\/178302"}],"wp:featuredmedia":[{"embeddable":true,"href":"https:\/\/www.mondocamping.com\/fr\/wp-json\/wp\/v2\/media\/178295"}],"wp:attachment":[{"href":"https:\/\/www.mondocamping.com\/fr\/wp-json\/wp\/v2\/media?parent=178301"}],"wp:term":[{"taxonomy":"category","embeddable":true,"href":"https:\/\/www.mondocamping.com\/fr\/wp-json\/wp\/v2\/categories?post=178301"},{"taxonomy":"post_tag","embeddable":true,"href":"https:\/\/www.mondocamping.com\/fr\/wp-json\/wp\/v2\/tags?post=178301"}],"curies":[{"name":"wp","href":"https:\/\/api.w.org\/{rel}","templated":true}]}}