{"id":178317,"date":"2026-04-29T00:01:00","date_gmt":"2026-04-28T22:01:00","guid":{"rendered":"https:\/\/www.mondocamping.com\/campeggiare-in-danimarca-per-unestate-fresca-e-verdissima\/"},"modified":"2026-04-29T00:01:00","modified_gmt":"2026-04-28T22:01:00","slug":"campeggiare-in-danimarca-per-unestate-fresca-e-verdissima","status":"publish","type":"post","link":"https:\/\/www.mondocamping.com\/fr\/campeggiare-in-danimarca-per-unestate-fresca-e-verdissima\/","title":{"rendered":"Campeggiare in Danimarca, per un\u2019estate fresca e verdissima"},"content":{"rendered":"\n<p>Des \u00e9tendues vertes, des collines ondulantes, des plaines et des plages \u00e0 port\u00e9e de main, le Danemark est sans aucun doute la destination id\u00e9ale pour un voyage de <strong>tourisme vert<\/strong>, \u00e0 vivre en camping-car ou en tente, en bungalow ou en cabane. Le pays prot\u00e8ge la nature de ses territoires et il y a tant de conceptions <em>vertes<\/em>, tant d&rsquo;incitations \u00e0 la durabilit\u00e9, qu&rsquo;il s&rsquo;enorgueillit d&rsquo;un lieu incroyablement vertueux : c&rsquo;est <strong>Sams\u00f8<\/strong>, nomm\u00e9e \u00ab\u00a0\u00eele de l&rsquo;\u00e9nergie renouvelable\u00a0\u00bb en 1998.  <\/p>\n\n<p>Les destinations vertes ne manquent pas dans ce petit \u00c9tat aux perspectives innovantes, id\u00e9al pour ceux qui recherchent des vacances dans la nature avec un faible impact sur l&rsquo;environnement. Au Danemark, vous trouverez pr\u00e8s de <strong>500 campings<\/strong> pr\u00eats \u00e0 vous offrir de beaux s\u00e9jours, un m\u00e9lange d&rsquo;activit\u00e9s et de tranquillit\u00e9 dans des endroits fabuleux !  <\/p>\n\n<p>La norme nationale des campings est \u00e9lev\u00e9e et toutes les installations sont bien entretenues, spacieuses et s\u00fbres. Il existe de nombreuses options de <strong>glamping<\/strong> pour des vacances exclusives dans la nature. Voyons lesquels.  <\/p>\n\n<h2 class=\"wp-block-heading\"><strong>Le camping sauvage et l&rsquo;observation de la nature<\/strong><\/h2>\n\n<p>Au Danemark, il existe \u00e9galement 1000 zones de camping sauvage dans lesquelles les v\u00e9hicules motoris\u00e9s sont interdits, mais o\u00f9 seule la nuit\u00e9e dans une tente ou un abri est autoris\u00e9e. Il s&rsquo;agit d&rsquo;une exp\u00e9rience unique, id\u00e9ale pour ceux qui veulent passer du temps compl\u00e8tement immerg\u00e9s dans le vert. Presque toutes les zones sont \u00e9quip\u00e9es d&rsquo;eau courante et de toilettes, et environ un tiers d&rsquo;entre elles disposent d&rsquo;abris dans lesquels il est possible de se loger.  <\/p>\n\n<p>Au Danemark, il est \u00e9galement permis de <strong>\n  <em>fri teltning<\/em>\n<\/strong>ou la possibilit\u00e9 de planter <strong>une tente pour une nuit dans la for\u00eat<\/strong>. L&rsquo;<strong>Agence danoise pour la nature<\/strong> a modifi\u00e9 les r\u00e8gles g\u00e9n\u00e9rales concernant le camping sous tente dans certaines zones foresti\u00e8res : il y a plus de <strong>275 for\u00eats dans tout le pays o\u00f9 il est possible de camper<\/strong>. Pour trouver la zone foresti\u00e8re de l&rsquo;endroit o\u00f9 vous souhaitez vous rendre, rendez-vous sur le site <a href=\"https:\/\/naturstyrelsen.dk\/aktiviteter-i-naturen\/overnat-og-spis-i-naturen\/fri-teltning\"><strong>naturstyrelsen.dk <\/strong><\/a>Si vous avez l&rsquo;occasion de faire l&rsquo;exp\u00e9rience de <em>fri teltning<\/em>, vous pourrez dire que vous avez v\u00e9cu une v\u00e9ritable exp\u00e9rience danoise !  <\/p>\n","protected":false},"excerpt":{"rendered":"<p>Des \u00e9tendues vertes, des collines ondulantes, des plaines et des plages \u00e0 port\u00e9e de main, le Danemark est sans aucun doute la destination id\u00e9ale pour un voyage de tourisme vert, \u00e0 vivre en camping-car ou en tente, en bungalow ou en cabane. Le pays prot\u00e8ge la nature de ses territoires et il y a tant [&hellip;]<\/p>\n","protected":false},"author":5,"featured_media":178310,"comment_status":"closed","ping_status":"closed","sticky":false,"template":"","format":"standard","meta":{"_acf_changed":false,"_monsterinsights_skip_tracking":false,"_monsterinsights_sitenote_active":false,"_monsterinsights_sitenote_note":"","_monsterinsights_sitenote_category":0,"footnotes":""},"categories":[6215],"tags":[4210,7901,6249,7900],"class_list":["post-178317","post","type-post","status-publish","format-standard","has-post-thumbnail","hentry","category-leurope-en-camping","tag-camping-fr-2","tag-camping-au-danemark","tag-danemark","tag-vacances-au-danemark"],"acf":[],"yoast_head":"<!-- This site is optimized with the Yoast SEO plugin v27.5 - https:\/\/yoast.com\/product\/yoast-seo-wordpress\/ -->\n<title>Campeggiare in Danimarca, per un\u2019estate fresca e verdissima<\/title>\n<meta name=\"robots\" content=\"index, follow, max-snippet:-1, max-image-preview:large, max-video-preview:-1\" \/>\n<link rel=\"canonical\" href=\"https:\/\/www.mondocamping.com\/fr\/campeggiare-in-danimarca-per-unestate-fresca-e-verdissima\/\" \/>\n<meta property=\"og:locale\" content=\"fr_FR\" \/>\n<meta property=\"og:type\" content=\"article\" \/>\n<meta property=\"og:title\" content=\"Campeggiare in Danimarca, per un\u2019estate fresca e verdissima\" \/>\n<meta property=\"og:description\" content=\"Des \u00e9tendues vertes, des collines ondulantes, des plaines et des plages \u00e0 port\u00e9e de main, le Danemark est sans aucun doute la destination id\u00e9ale pour un voyage de tourisme vert, \u00e0 vivre en camping-car ou en tente, en bungalow ou en cabane. Le pays prot\u00e8ge la nature de ses territoires et il y a tant [&hellip;]\" \/>\n<meta property=\"og:url\" content=\"https:\/\/www.mondocamping.com\/fr\/campeggiare-in-danimarca-per-unestate-fresca-e-verdissima\/\" \/>\n<meta property=\"og:site_name\" content=\"Mondo Camping\" \/>\n<meta property=\"article:publisher\" content=\"https:\/\/www.facebook.com\/mondobalneare\" \/>\n<meta property=\"article:author\" content=\"https:\/\/www.facebook.com\/mondocamping\" \/>\n<meta property=\"article:published_time\" content=\"2026-04-28T22:01:00+00:00\" \/>\n<meta property=\"og:image\" content=\"https:\/\/www.mondocamping.com\/wp-content\/uploads\/2026\/04\/patrick-harms-o5dKk4dff70-unsplash-2.jpg\" \/>\n\t<meta property=\"og:image:width\" content=\"1192\" \/>\n\t<meta property=\"og:image:height\" content=\"628\" \/>\n\t<meta property=\"og:image:type\" content=\"image\/jpeg\" \/>\n<meta name=\"author\" content=\"Mondo Camping\" \/>\n<meta name=\"twitter:card\" content=\"summary_large_image\" \/>\n<meta name=\"twitter:creator\" content=\"@mondobalneare\" \/>\n<meta name=\"twitter:site\" content=\"@mondobalneare\" \/>\n<meta name=\"twitter:label1\" content=\"\u00c9crit par\" \/>\n\t<meta name=\"twitter:data1\" content=\"Mondo Camping\" \/>\n\t<meta name=\"twitter:label2\" content=\"Dur\u00e9e de lecture estim\u00e9e\" \/>\n\t<meta name=\"twitter:data2\" content=\"2 minutes\" \/>\n<script type=\"application\/ld+json\" class=\"yoast-schema-graph\">{\"@context\":\"https:\\\/\\\/schema.org\",\"@graph\":[{\"@type\":\"Article\",\"@id\":\"https:\\\/\\\/www.mondocamping.com\\\/fr\\\/campeggiare-in-danimarca-per-unestate-fresca-e-verdissima\\\/#article\",\"isPartOf\":{\"@id\":\"https:\\\/\\\/www.mondocamping.com\\\/fr\\\/campeggiare-in-danimarca-per-unestate-fresca-e-verdissima\\\/\"},\"author\":{\"name\":\"Mondo Camping\",\"@id\":\"https:\\\/\\\/www.mondocamping.com\\\/#\\\/schema\\\/person\\\/01a031b8c5ef08c2204bb0e696f0a760\"},\"headline\":\"Campeggiare in Danimarca, per un\u2019estate fresca e verdissima\",\"datePublished\":\"2026-04-28T22:01:00+00:00\",\"mainEntityOfPage\":{\"@id\":\"https:\\\/\\\/www.mondocamping.com\\\/fr\\\/campeggiare-in-danimarca-per-unestate-fresca-e-verdissima\\\/\"},\"wordCount\":396,\"publisher\":{\"@id\":\"https:\\\/\\\/www.mondocamping.com\\\/#organization\"},\"image\":{\"@id\":\"https:\\\/\\\/www.mondocamping.com\\\/fr\\\/campeggiare-in-danimarca-per-unestate-fresca-e-verdissima\\\/#primaryimage\"},\"thumbnailUrl\":\"https:\\\/\\\/www.mondocamping.com\\\/wp-content\\\/uploads\\\/2026\\\/04\\\/patrick-harms-o5dKk4dff70-unsplash-2.jpg\",\"keywords\":[\"camping\",\"camping au Danemark\",\"Danemark\",\"vacances au Danemark\"],\"articleSection\":[\"L'Europe en camping\"],\"inLanguage\":\"fr-FR\"},{\"@type\":\"WebPage\",\"@id\":\"https:\\\/\\\/www.mondocamping.com\\\/fr\\\/campeggiare-in-danimarca-per-unestate-fresca-e-verdissima\\\/\",\"url\":\"https:\\\/\\\/www.mondocamping.com\\\/fr\\\/campeggiare-in-danimarca-per-unestate-fresca-e-verdissima\\\/\",\"name\":\"Campeggiare in Danimarca, per un\u2019estate fresca e verdissima\",\"isPartOf\":{\"@id\":\"https:\\\/\\\/www.mondocamping.com\\\/#website\"},\"primaryImageOfPage\":{\"@id\":\"https:\\\/\\\/www.mondocamping.com\\\/fr\\\/campeggiare-in-danimarca-per-unestate-fresca-e-verdissima\\\/#primaryimage\"},\"image\":{\"@id\":\"https:\\\/\\\/www.mondocamping.com\\\/fr\\\/campeggiare-in-danimarca-per-unestate-fresca-e-verdissima\\\/#primaryimage\"},\"thumbnailUrl\":\"https:\\\/\\\/www.mondocamping.com\\\/wp-content\\\/uploads\\\/2026\\\/04\\\/patrick-harms-o5dKk4dff70-unsplash-2.jpg\",\"datePublished\":\"2026-04-28T22:01:00+00:00\",\"breadcrumb\":{\"@id\":\"https:\\\/\\\/www.mondocamping.com\\\/fr\\\/campeggiare-in-danimarca-per-unestate-fresca-e-verdissima\\\/#breadcrumb\"},\"inLanguage\":\"fr-FR\",\"potentialAction\":[{\"@type\":\"ReadAction\",\"target\":[\"https:\\\/\\\/www.mondocamping.com\\\/fr\\\/campeggiare-in-danimarca-per-unestate-fresca-e-verdissima\\\/\"]}]},{\"@type\":\"ImageObject\",\"inLanguage\":\"fr-FR\",\"@id\":\"https:\\\/\\\/www.mondocamping.com\\\/fr\\\/campeggiare-in-danimarca-per-unestate-fresca-e-verdissima\\\/#primaryimage\",\"url\":\"https:\\\/\\\/www.mondocamping.com\\\/wp-content\\\/uploads\\\/2026\\\/04\\\/patrick-harms-o5dKk4dff70-unsplash-2.jpg\",\"contentUrl\":\"https:\\\/\\\/www.mondocamping.com\\\/wp-content\\\/uploads\\\/2026\\\/04\\\/patrick-harms-o5dKk4dff70-unsplash-2.jpg\",\"width\":1192,\"height\":628},{\"@type\":\"BreadcrumbList\",\"@id\":\"https:\\\/\\\/www.mondocamping.com\\\/fr\\\/campeggiare-in-danimarca-per-unestate-fresca-e-verdissima\\\/#breadcrumb\",\"itemListElement\":[{\"@type\":\"ListItem\",\"position\":1,\"name\":\"Home\",\"item\":\"https:\\\/\\\/www.mondocamping.com\\\/fr\\\/\"},{\"@type\":\"ListItem\",\"position\":2,\"name\":\"Campeggiare in Danimarca, per un\u2019estate fresca e verdissima\"}]},{\"@type\":\"WebSite\",\"@id\":\"https:\\\/\\\/www.mondocamping.com\\\/#website\",\"url\":\"https:\\\/\\\/www.mondocamping.com\\\/\",\"name\":\"Mondo Camping\",\"description\":\"Le portail d\u00e9di\u00e9 aux gestionnaires de campings et villages touristiques\",\"publisher\":{\"@id\":\"https:\\\/\\\/www.mondocamping.com\\\/#organization\"},\"potentialAction\":[{\"@type\":\"SearchAction\",\"target\":{\"@type\":\"EntryPoint\",\"urlTemplate\":\"https:\\\/\\\/www.mondocamping.com\\\/?s={search_term_string}\"},\"query-input\":{\"@type\":\"PropertyValueSpecification\",\"valueRequired\":true,\"valueName\":\"search_term_string\"}}],\"inLanguage\":\"fr-FR\"},{\"@type\":\"Organization\",\"@id\":\"https:\\\/\\\/www.mondocamping.com\\\/#organization\",\"name\":\"Mondo Camping\",\"url\":\"https:\\\/\\\/www.mondocamping.com\\\/\",\"logo\":{\"@type\":\"ImageObject\",\"inLanguage\":\"fr-FR\",\"@id\":\"https:\\\/\\\/www.mondocamping.com\\\/#\\\/schema\\\/logo\\\/image\\\/\",\"url\":\"https:\\\/\\\/www.mondocamping.com\\\/wp-content\\\/uploads\\\/2022\\\/04\\\/mondo-camping-logo-contornato-1.png\",\"contentUrl\":\"https:\\\/\\\/www.mondocamping.com\\\/wp-content\\\/uploads\\\/2022\\\/04\\\/mondo-camping-logo-contornato-1.png\",\"width\":280,\"height\":90,\"caption\":\"Mondo Camping\"},\"image\":{\"@id\":\"https:\\\/\\\/www.mondocamping.com\\\/#\\\/schema\\\/logo\\\/image\\\/\"},\"sameAs\":[\"https:\\\/\\\/www.facebook.com\\\/mondobalneare\",\"https:\\\/\\\/x.com\\\/mondobalneare\",\"https:\\\/\\\/www.instagram.com\\\/mondobalneare\\\/\",\"https:\\\/\\\/www.linkedin.com\\\/company\\\/67180810\\\/\",\"https:\\\/\\\/www.youtube.com\\\/user\\\/mondobalnearevideo\"]},{\"@type\":\"Person\",\"@id\":\"https:\\\/\\\/www.mondocamping.com\\\/#\\\/schema\\\/person\\\/01a031b8c5ef08c2204bb0e696f0a760\",\"name\":\"Mondo Camping\",\"image\":{\"@type\":\"ImageObject\",\"inLanguage\":\"fr-FR\",\"@id\":\"https:\\\/\\\/www.mondocamping.com\\\/wp-content\\\/uploads\\\/2022\\\/05\\\/cropped-icona-MONDO-CAMPING-150x150.png\",\"url\":\"https:\\\/\\\/www.mondocamping.com\\\/wp-content\\\/uploads\\\/2022\\\/05\\\/cropped-icona-MONDO-CAMPING-150x150.png\",\"contentUrl\":\"https:\\\/\\\/www.mondocamping.com\\\/wp-content\\\/uploads\\\/2022\\\/05\\\/cropped-icona-MONDO-CAMPING-150x150.png\",\"caption\":\"Mondo Camping\"},\"sameAs\":[\"https:\\\/\\\/www.mondocamping.com\\\/\",\"https:\\\/\\\/www.facebook.com\\\/mondocamping\"]}]}<\/script>\n<!-- \/ Yoast SEO plugin. -->","yoast_head_json":{"title":"Campeggiare in Danimarca, per un\u2019estate fresca e verdissima","robots":{"index":"index","follow":"follow","max-snippet":"max-snippet:-1","max-image-preview":"max-image-preview:large","max-video-preview":"max-video-preview:-1"},"canonical":"https:\/\/www.mondocamping.com\/fr\/campeggiare-in-danimarca-per-unestate-fresca-e-verdissima\/","og_locale":"fr_FR","og_type":"article","og_title":"Campeggiare in Danimarca, per un\u2019estate fresca e verdissima","og_description":"Des \u00e9tendues vertes, des collines ondulantes, des plaines et des plages \u00e0 port\u00e9e de main, le Danemark est sans aucun doute la destination id\u00e9ale pour un voyage de tourisme vert, \u00e0 vivre en camping-car ou en tente, en bungalow ou en cabane. Le pays prot\u00e8ge la nature de ses territoires et il y a tant [&hellip;]","og_url":"https:\/\/www.mondocamping.com\/fr\/campeggiare-in-danimarca-per-unestate-fresca-e-verdissima\/","og_site_name":"Mondo Camping","article_publisher":"https:\/\/www.facebook.com\/mondobalneare","article_author":"https:\/\/www.facebook.com\/mondocamping","article_published_time":"2026-04-28T22:01:00+00:00","og_image":[{"width":1192,"height":628,"url":"https:\/\/www.mondocamping.com\/wp-content\/uploads\/2026\/04\/patrick-harms-o5dKk4dff70-unsplash-2.jpg","type":"image\/jpeg"}],"author":"Mondo Camping","twitter_card":"summary_large_image","twitter_creator":"@mondobalneare","twitter_site":"@mondobalneare","twitter_misc":{"\u00c9crit par":"Mondo Camping","Dur\u00e9e de lecture estim\u00e9e":"2 minutes"},"schema":{"@context":"https:\/\/schema.org","@graph":[{"@type":"Article","@id":"https:\/\/www.mondocamping.com\/fr\/campeggiare-in-danimarca-per-unestate-fresca-e-verdissima\/#article","isPartOf":{"@id":"https:\/\/www.mondocamping.com\/fr\/campeggiare-in-danimarca-per-unestate-fresca-e-verdissima\/"},"author":{"name":"Mondo Camping","@id":"https:\/\/www.mondocamping.com\/#\/schema\/person\/01a031b8c5ef08c2204bb0e696f0a760"},"headline":"Campeggiare in Danimarca, per un\u2019estate fresca e verdissima","datePublished":"2026-04-28T22:01:00+00:00","mainEntityOfPage":{"@id":"https:\/\/www.mondocamping.com\/fr\/campeggiare-in-danimarca-per-unestate-fresca-e-verdissima\/"},"wordCount":396,"publisher":{"@id":"https:\/\/www.mondocamping.com\/#organization"},"image":{"@id":"https:\/\/www.mondocamping.com\/fr\/campeggiare-in-danimarca-per-unestate-fresca-e-verdissima\/#primaryimage"},"thumbnailUrl":"https:\/\/www.mondocamping.com\/wp-content\/uploads\/2026\/04\/patrick-harms-o5dKk4dff70-unsplash-2.jpg","keywords":["camping","camping au Danemark","Danemark","vacances au Danemark"],"articleSection":["L'Europe en camping"],"inLanguage":"fr-FR"},{"@type":"WebPage","@id":"https:\/\/www.mondocamping.com\/fr\/campeggiare-in-danimarca-per-unestate-fresca-e-verdissima\/","url":"https:\/\/www.mondocamping.com\/fr\/campeggiare-in-danimarca-per-unestate-fresca-e-verdissima\/","name":"Campeggiare in Danimarca, per un\u2019estate fresca e verdissima","isPartOf":{"@id":"https:\/\/www.mondocamping.com\/#website"},"primaryImageOfPage":{"@id":"https:\/\/www.mondocamping.com\/fr\/campeggiare-in-danimarca-per-unestate-fresca-e-verdissima\/#primaryimage"},"image":{"@id":"https:\/\/www.mondocamping.com\/fr\/campeggiare-in-danimarca-per-unestate-fresca-e-verdissima\/#primaryimage"},"thumbnailUrl":"https:\/\/www.mondocamping.com\/wp-content\/uploads\/2026\/04\/patrick-harms-o5dKk4dff70-unsplash-2.jpg","datePublished":"2026-04-28T22:01:00+00:00","breadcrumb":{"@id":"https:\/\/www.mondocamping.com\/fr\/campeggiare-in-danimarca-per-unestate-fresca-e-verdissima\/#breadcrumb"},"inLanguage":"fr-FR","potentialAction":[{"@type":"ReadAction","target":["https:\/\/www.mondocamping.com\/fr\/campeggiare-in-danimarca-per-unestate-fresca-e-verdissima\/"]}]},{"@type":"ImageObject","inLanguage":"fr-FR","@id":"https:\/\/www.mondocamping.com\/fr\/campeggiare-in-danimarca-per-unestate-fresca-e-verdissima\/#primaryimage","url":"https:\/\/www.mondocamping.com\/wp-content\/uploads\/2026\/04\/patrick-harms-o5dKk4dff70-unsplash-2.jpg","contentUrl":"https:\/\/www.mondocamping.com\/wp-content\/uploads\/2026\/04\/patrick-harms-o5dKk4dff70-unsplash-2.jpg","width":1192,"height":628},{"@type":"BreadcrumbList","@id":"https:\/\/www.mondocamping.com\/fr\/campeggiare-in-danimarca-per-unestate-fresca-e-verdissima\/#breadcrumb","itemListElement":[{"@type":"ListItem","position":1,"name":"Home","item":"https:\/\/www.mondocamping.com\/fr\/"},{"@type":"ListItem","position":2,"name":"Campeggiare in Danimarca, per un\u2019estate fresca e verdissima"}]},{"@type":"WebSite","@id":"https:\/\/www.mondocamping.com\/#website","url":"https:\/\/www.mondocamping.com\/","name":"Mondo Camping","description":"Le portail d\u00e9di\u00e9 aux gestionnaires de campings et villages touristiques","publisher":{"@id":"https:\/\/www.mondocamping.com\/#organization"},"potentialAction":[{"@type":"SearchAction","target":{"@type":"EntryPoint","urlTemplate":"https:\/\/www.mondocamping.com\/?s={search_term_string}"},"query-input":{"@type":"PropertyValueSpecification","valueRequired":true,"valueName":"search_term_string"}}],"inLanguage":"fr-FR"},{"@type":"Organization","@id":"https:\/\/www.mondocamping.com\/#organization","name":"Mondo Camping","url":"https:\/\/www.mondocamping.com\/","logo":{"@type":"ImageObject","inLanguage":"fr-FR","@id":"https:\/\/www.mondocamping.com\/#\/schema\/logo\/image\/","url":"https:\/\/www.mondocamping.com\/wp-content\/uploads\/2022\/04\/mondo-camping-logo-contornato-1.png","contentUrl":"https:\/\/www.mondocamping.com\/wp-content\/uploads\/2022\/04\/mondo-camping-logo-contornato-1.png","width":280,"height":90,"caption":"Mondo Camping"},"image":{"@id":"https:\/\/www.mondocamping.com\/#\/schema\/logo\/image\/"},"sameAs":["https:\/\/www.facebook.com\/mondobalneare","https:\/\/x.com\/mondobalneare","https:\/\/www.instagram.com\/mondobalneare\/","https:\/\/www.linkedin.com\/company\/67180810\/","https:\/\/www.youtube.com\/user\/mondobalnearevideo"]},{"@type":"Person","@id":"https:\/\/www.mondocamping.com\/#\/schema\/person\/01a031b8c5ef08c2204bb0e696f0a760","name":"Mondo Camping","image":{"@type":"ImageObject","inLanguage":"fr-FR","@id":"https:\/\/www.mondocamping.com\/wp-content\/uploads\/2022\/05\/cropped-icona-MONDO-CAMPING-150x150.png","url":"https:\/\/www.mondocamping.com\/wp-content\/uploads\/2022\/05\/cropped-icona-MONDO-CAMPING-150x150.png","contentUrl":"https:\/\/www.mondocamping.com\/wp-content\/uploads\/2022\/05\/cropped-icona-MONDO-CAMPING-150x150.png","caption":"Mondo Camping"},"sameAs":["https:\/\/www.mondocamping.com\/","https:\/\/www.facebook.com\/mondocamping"]}]}},"_links":{"self":[{"href":"https:\/\/www.mondocamping.com\/fr\/wp-json\/wp\/v2\/posts\/178317","targetHints":{"allow":["GET"]}}],"collection":[{"href":"https:\/\/www.mondocamping.com\/fr\/wp-json\/wp\/v2\/posts"}],"about":[{"href":"https:\/\/www.mondocamping.com\/fr\/wp-json\/wp\/v2\/types\/post"}],"author":[{"embeddable":true,"href":"https:\/\/www.mondocamping.com\/fr\/wp-json\/wp\/v2\/users\/5"}],"replies":[{"embeddable":true,"href":"https:\/\/www.mondocamping.com\/fr\/wp-json\/wp\/v2\/comments?post=178317"}],"version-history":[{"count":1,"href":"https:\/\/www.mondocamping.com\/fr\/wp-json\/wp\/v2\/posts\/178317\/revisions"}],"predecessor-version":[{"id":178318,"href":"https:\/\/www.mondocamping.com\/fr\/wp-json\/wp\/v2\/posts\/178317\/revisions\/178318"}],"wp:featuredmedia":[{"embeddable":true,"href":"https:\/\/www.mondocamping.com\/fr\/wp-json\/wp\/v2\/media\/178310"}],"wp:attachment":[{"href":"https:\/\/www.mondocamping.com\/fr\/wp-json\/wp\/v2\/media?parent=178317"}],"wp:term":[{"taxonomy":"category","embeddable":true,"href":"https:\/\/www.mondocamping.com\/fr\/wp-json\/wp\/v2\/categories?post=178317"},{"taxonomy":"post_tag","embeddable":true,"href":"https:\/\/www.mondocamping.com\/fr\/wp-json\/wp\/v2\/tags?post=178317"}],"curies":[{"name":"wp","href":"https:\/\/api.w.org\/{rel}","templated":true}]}}