{"id":179877,"date":"2026-08-30T12:13:39","date_gmt":"2026-08-30T10:13:39","guid":{"rendered":"https:\/\/www.mondocamping.com\/partir-en-septembre-dans-le-nord-de-litalie-nature-et-tranquillite-en-plein-air\/"},"modified":"2026-08-31T09:00:02","modified_gmt":"2026-08-31T07:00:02","slug":"partir-en-septembre-dans-le-nord-de-litalie-nature-et-tranquillite-en-plein-air","status":"publish","type":"post","link":"https:\/\/www.mondocamping.com\/fr\/partir-en-septembre-dans-le-nord-de-litalie-nature-et-tranquillite-en-plein-air\/","title":{"rendered":"Partir en septembre dans le nord de l&rsquo;Italie : nature et tranquillit\u00e9 en plein air"},"content":{"rendered":"\n<p class=\"wp-block-paragraph\">Le mois de septembre offre une p\u00e9riode d\u2019une libert\u00e9 extraordinaire \u00e0 ceux qui aiment voyager \u00e0 travers la p\u00e9ninsule. Le tourisme de masse qui caract\u00e9rise les mois d\u2019\u00e9t\u00e9 s\u2019estompe progressivement, laissant place \u00e0 des rythmes bien plus d\u00e9tendus. Les emplacements de camping proposent des tarifs tr\u00e8s avantageux, tandis que la douceur du climat favorise en permanence les activit\u00e9s de plein air. Les amateurs de voyages en camping-car trouvent dans le nord de l&rsquo;Italie une combinaison parfaite de paysages et de services. Les routes secondaires se parcourent sans \u00eatre g\u00ean\u00e9s par un trafic intense, transformant chaque arr\u00eat en une occasion de d\u00e9couverte authentique. La nature environnante se pare de teintes chaudes et apaisantes. Ceux qui aiment voyager \u00e0 cette p\u00e9riode appr\u00e9cient le calme et les vastes espaces verts offerts par les structures d\u2019h\u00e9bergement en plein air, retrouvant ainsi le v\u00e9ritable esprit des vacances \u00ab on the road \u00bb.<\/p>\n\n<h2 class=\"wp-block-heading\">Les sommets alpins et la tranquillit\u00e9 des Dolomites<\/h2>\n\n<p class=\"wp-block-paragraph\">Les sommets alpins brillent sous un soleil radieux, tandis que les Dolomites offrent des spectacles d\u2019une rare beaut\u00e9. Une fois les flux touristiques du mois d\u2019ao\u00fbt retomb\u00e9s, la montagne reprend son souffle. Au coucher du soleil, les rochers se teintent de nuances roses gr\u00e2ce au c\u00e9l\u00e8bre ph\u00e9nom\u00e8ne de l\u2019enrosadira. Les campings situ\u00e9s dans le Val di Fassa accueillent les visiteurs avec un accueil exceptionnel, au c\u0153ur de for\u00eats silencieuses et d\u2019emplacements ombrag\u00e9s. Les temp\u00e9ratures restent fra\u00eeches mais extr\u00eamement agr\u00e9ables tout au long de la journ\u00e9e. M\u00eame ceux qui voyagent avec des enfants ou des animaux de compagnie y trouvent des espaces id\u00e9aux pour se d\u00e9penser. Les sommets offrent des panoramas \u00e0 couper le souffle, tandis que les sentiers invitent \u00e0 de longues randonn\u00e9es matinales. L&rsquo;air pur r\u00e9g\u00e9n\u00e8re le corps et l&rsquo;esprit, et les refuges traditionnels proposent de se restaurer avec d&rsquo;excellents produits locaux. Les vall\u00e9es pr\u00e9servent des traditions s\u00e9culaires et les cols de montagne offrent des d\u00e9cors incroyables pour vos photos.<\/p>\n\n<h2 class=\"wp-block-heading\">Les grands lacs et les traditions des collines<\/h2>\n\n<p class=\"wp-block-paragraph\">En se dirigeant vers les grands plans d\u2019eau, le lac de Garde offre un microclimat particuli\u00e8rement doux qui s\u00e9duit tous les visiteurs. Les villages historiques donnant directement sur les rives du lac enchantent le regard, alternant avec des plages tranquilles et des jardins botaniques luxuriants. Pendant ce temps, les collines du Pi\u00e9mont et de la Lombardie marquent le d\u00e9but de la saison des vendanges. Les rang\u00e9es de vignes bien ordonn\u00e9es colorent le paysage de nuances dor\u00e9es et rouge\u00e2tres, servant de cadre \u00e0 des d\u00e9gustations \u0153nologiques qui agr\u00e9mentent les voyages en camping-car. Le lac d\u2019Orta s\u00e9duit par son atmosph\u00e8re intimiste, tandis que les ch\u00e2teaux m\u00e9di\u00e9vaux racontent les histoires d\u2019un pass\u00e9 lointain. Ses rives offrent des emplacements panoramiques extraordinaires, agr\u00e9ment\u00e9s de march\u00e9s d\u2019artisanat et de promenades au bord du lac qui procurent une profonde paix int\u00e9rieure. Les bateaux locaux permettent des excursions inoubliables sur les eaux bleues, faisant de chaque halte un moment m\u00e9morable.<\/p>\n\n<p class=\"wp-block-paragraph\"><\/p>\n","protected":false},"excerpt":{"rendered":"<p>Septembre est le mois id\u00e9al pour d\u00e9couvrir le nord de l&rsquo;Italie en toute libert\u00e9. Moins de monde, des temp\u00e9ratures douces et des paysages qui commencent \u00e0 se parer des couleurs de l&rsquo;automne font de cette p\u00e9riode un moment id\u00e9al pour les voyageurs en road trip.<\/p>\n","protected":false},"author":5,"featured_media":179873,"comment_status":"closed","ping_status":"closed","sticky":false,"template":"","format":"standard","meta":{"_acf_changed":false,"_monsterinsights_skip_tracking":false,"_monsterinsights_sitenote_active":false,"_monsterinsights_sitenote_note":"","_monsterinsights_sitenote_category":0,"footnotes":""},"categories":[7936],"tags":[4262,8276],"class_list":["post-179877","post","type-post","status-publish","format-standard","has-post-thumbnail","hentry","category-vie-en-plein-air","tag-mondo-camping-fr","tag-voyages-en-camping-car"],"acf":[],"yoast_head":"<!-- This site is optimized with the Yoast SEO plugin v28.0 - https:\/\/yoast.com\/product\/yoast-seo-wordpress\/ -->\n<title>En camping-car en septembre dans le nord de l&#039;Italie, entre nature et lacs<\/title>\n<meta name=\"description\" content=\"Vous pr\u00e9voyez des vacances en camping-car ? D\u00e9couvrez les destinations incontournables du nord de l&#039;Italie pour le mois de septembre, entre montagnes et villages.\" \/>\n<meta name=\"robots\" content=\"index, follow, max-snippet:-1, max-image-preview:large, max-video-preview:-1\" \/>\n<link rel=\"canonical\" href=\"https:\/\/www.mondocamping.com\/fr\/partir-en-septembre-dans-le-nord-de-litalie-nature-et-tranquillite-en-plein-air\/\" \/>\n<meta property=\"og:locale\" content=\"fr_FR\" \/>\n<meta property=\"og:type\" content=\"article\" \/>\n<meta property=\"og:title\" content=\"En camping-car en septembre dans le nord de l&#039;Italie, entre nature et lacs\" \/>\n<meta property=\"og:description\" content=\"Vous pr\u00e9voyez des vacances en camping-car ? D\u00e9couvrez les destinations incontournables du nord de l&#039;Italie pour le mois de septembre, entre montagnes et villages.\" \/>\n<meta property=\"og:url\" content=\"https:\/\/www.mondocamping.com\/fr\/partir-en-septembre-dans-le-nord-de-litalie-nature-et-tranquillite-en-plein-air\/\" \/>\n<meta property=\"og:site_name\" content=\"Mondo Camping\" \/>\n<meta property=\"article:publisher\" content=\"https:\/\/www.facebook.com\/mondobalneare\" \/>\n<meta property=\"article:author\" content=\"https:\/\/www.facebook.com\/mondocamping\" \/>\n<meta property=\"article:published_time\" content=\"2026-08-30T10:13:39+00:00\" \/>\n<meta property=\"article:modified_time\" content=\"2026-08-31T07:00:02+00:00\" \/>\n<meta property=\"og:image\" content=\"https:\/\/www.mondocamping.com\/wp-content\/uploads\/2026\/08\/Viaggi_in_camper.jpg\" \/>\n\t<meta property=\"og:image:width\" content=\"840\" \/>\n\t<meta property=\"og:image:height\" content=\"441\" \/>\n\t<meta property=\"og:image:type\" content=\"image\/jpeg\" \/>\n<meta name=\"author\" content=\"Mondo Camping\" \/>\n<meta name=\"twitter:card\" content=\"summary_large_image\" \/>\n<meta name=\"twitter:creator\" content=\"@mondobalneare\" \/>\n<meta name=\"twitter:site\" content=\"@mondobalneare\" \/>\n<meta name=\"twitter:label1\" content=\"\u00c9crit par\" \/>\n\t<meta name=\"twitter:data1\" content=\"Mondo Camping\" \/>\n\t<meta name=\"twitter:label2\" content=\"Dur\u00e9e de lecture estim\u00e9e\" \/>\n\t<meta name=\"twitter:data2\" content=\"3 minutes\" \/>\n<script type=\"application\/ld+json\" class=\"yoast-schema-graph\">{\"@context\":\"https:\\\/\\\/schema.org\",\"@graph\":[{\"@type\":\"Article\",\"@id\":\"https:\\\/\\\/www.mondocamping.com\\\/fr\\\/partir-en-septembre-dans-le-nord-de-litalie-nature-et-tranquillite-en-plein-air\\\/#article\",\"isPartOf\":{\"@id\":\"https:\\\/\\\/www.mondocamping.com\\\/fr\\\/partir-en-septembre-dans-le-nord-de-litalie-nature-et-tranquillite-en-plein-air\\\/\"},\"author\":{\"name\":\"Mondo Camping\",\"@id\":\"https:\\\/\\\/www.mondocamping.com\\\/#\\\/schema\\\/person\\\/01a031b8c5ef08c2204bb0e696f0a760\"},\"headline\":\"Partir en septembre dans le nord de l&rsquo;Italie : nature et tranquillit\u00e9 en plein air\",\"datePublished\":\"2026-08-30T10:13:39+00:00\",\"dateModified\":\"2026-08-31T07:00:02+00:00\",\"mainEntityOfPage\":{\"@id\":\"https:\\\/\\\/www.mondocamping.com\\\/fr\\\/partir-en-septembre-dans-le-nord-de-litalie-nature-et-tranquillite-en-plein-air\\\/\"},\"wordCount\":559,\"publisher\":{\"@id\":\"https:\\\/\\\/www.mondocamping.com\\\/#organization\"},\"image\":{\"@id\":\"https:\\\/\\\/www.mondocamping.com\\\/fr\\\/partir-en-septembre-dans-le-nord-de-litalie-nature-et-tranquillite-en-plein-air\\\/#primaryimage\"},\"thumbnailUrl\":\"https:\\\/\\\/www.mondocamping.com\\\/wp-content\\\/uploads\\\/2026\\\/08\\\/Viaggi_in_camper.jpg\",\"keywords\":[\"Mondo Camping\",\"Voyages en camping-car\"],\"articleSection\":[\"Vie en plein air\"],\"inLanguage\":\"fr-FR\"},{\"@type\":\"WebPage\",\"@id\":\"https:\\\/\\\/www.mondocamping.com\\\/fr\\\/partir-en-septembre-dans-le-nord-de-litalie-nature-et-tranquillite-en-plein-air\\\/\",\"url\":\"https:\\\/\\\/www.mondocamping.com\\\/fr\\\/partir-en-septembre-dans-le-nord-de-litalie-nature-et-tranquillite-en-plein-air\\\/\",\"name\":\"En camping-car en septembre dans le nord de l'Italie, entre nature et lacs\",\"isPartOf\":{\"@id\":\"https:\\\/\\\/www.mondocamping.com\\\/#website\"},\"primaryImageOfPage\":{\"@id\":\"https:\\\/\\\/www.mondocamping.com\\\/fr\\\/partir-en-septembre-dans-le-nord-de-litalie-nature-et-tranquillite-en-plein-air\\\/#primaryimage\"},\"image\":{\"@id\":\"https:\\\/\\\/www.mondocamping.com\\\/fr\\\/partir-en-septembre-dans-le-nord-de-litalie-nature-et-tranquillite-en-plein-air\\\/#primaryimage\"},\"thumbnailUrl\":\"https:\\\/\\\/www.mondocamping.com\\\/wp-content\\\/uploads\\\/2026\\\/08\\\/Viaggi_in_camper.jpg\",\"datePublished\":\"2026-08-30T10:13:39+00:00\",\"dateModified\":\"2026-08-31T07:00:02+00:00\",\"description\":\"Vous pr\u00e9voyez des vacances en camping-car ? D\u00e9couvrez les destinations incontournables du nord de l'Italie pour le mois de septembre, entre montagnes et villages.\",\"breadcrumb\":{\"@id\":\"https:\\\/\\\/www.mondocamping.com\\\/fr\\\/partir-en-septembre-dans-le-nord-de-litalie-nature-et-tranquillite-en-plein-air\\\/#breadcrumb\"},\"inLanguage\":\"fr-FR\",\"potentialAction\":[{\"@type\":\"ReadAction\",\"target\":[\"https:\\\/\\\/www.mondocamping.com\\\/fr\\\/partir-en-septembre-dans-le-nord-de-litalie-nature-et-tranquillite-en-plein-air\\\/\"]}]},{\"@type\":\"ImageObject\",\"inLanguage\":\"fr-FR\",\"@id\":\"https:\\\/\\\/www.mondocamping.com\\\/fr\\\/partir-en-septembre-dans-le-nord-de-litalie-nature-et-tranquillite-en-plein-air\\\/#primaryimage\",\"url\":\"https:\\\/\\\/www.mondocamping.com\\\/wp-content\\\/uploads\\\/2026\\\/08\\\/Viaggi_in_camper.jpg\",\"contentUrl\":\"https:\\\/\\\/www.mondocamping.com\\\/wp-content\\\/uploads\\\/2026\\\/08\\\/Viaggi_in_camper.jpg\",\"width\":840,\"height\":441,\"caption\":\"Viaggi_in_camper\"},{\"@type\":\"BreadcrumbList\",\"@id\":\"https:\\\/\\\/www.mondocamping.com\\\/fr\\\/partir-en-septembre-dans-le-nord-de-litalie-nature-et-tranquillite-en-plein-air\\\/#breadcrumb\",\"itemListElement\":[{\"@type\":\"ListItem\",\"position\":1,\"name\":\"Home\",\"item\":\"https:\\\/\\\/www.mondocamping.com\\\/fr\\\/\"},{\"@type\":\"ListItem\",\"position\":2,\"name\":\"Partir en septembre dans le nord de l&#8217;Italie : nature et tranquillit\u00e9 en plein air\"}]},{\"@type\":\"WebSite\",\"@id\":\"https:\\\/\\\/www.mondocamping.com\\\/#website\",\"url\":\"https:\\\/\\\/www.mondocamping.com\\\/\",\"name\":\"Mondo Camping\",\"description\":\"Le portail d\u00e9di\u00e9 aux gestionnaires de campings et villages touristiques\",\"publisher\":{\"@id\":\"https:\\\/\\\/www.mondocamping.com\\\/#organization\"},\"potentialAction\":[{\"@type\":\"SearchAction\",\"target\":{\"@type\":\"EntryPoint\",\"urlTemplate\":\"https:\\\/\\\/www.mondocamping.com\\\/?s={search_term_string}\"},\"query-input\":{\"@type\":\"PropertyValueSpecification\",\"valueRequired\":true,\"valueName\":\"search_term_string\"}}],\"inLanguage\":\"fr-FR\"},{\"@type\":\"Organization\",\"@id\":\"https:\\\/\\\/www.mondocamping.com\\\/#organization\",\"name\":\"Mondo Camping\",\"url\":\"https:\\\/\\\/www.mondocamping.com\\\/\",\"logo\":{\"@type\":\"ImageObject\",\"inLanguage\":\"fr-FR\",\"@id\":\"https:\\\/\\\/www.mondocamping.com\\\/#\\\/schema\\\/logo\\\/image\\\/\",\"url\":\"https:\\\/\\\/www.mondocamping.com\\\/wp-content\\\/uploads\\\/2022\\\/04\\\/mondo-camping-logo-contornato-1.png\",\"contentUrl\":\"https:\\\/\\\/www.mondocamping.com\\\/wp-content\\\/uploads\\\/2022\\\/04\\\/mondo-camping-logo-contornato-1.png\",\"width\":280,\"height\":90,\"caption\":\"Mondo Camping\"},\"image\":{\"@id\":\"https:\\\/\\\/www.mondocamping.com\\\/#\\\/schema\\\/logo\\\/image\\\/\"},\"sameAs\":[\"https:\\\/\\\/www.facebook.com\\\/mondobalneare\",\"https:\\\/\\\/x.com\\\/mondobalneare\",\"https:\\\/\\\/www.instagram.com\\\/mondobalneare\\\/\",\"https:\\\/\\\/www.linkedin.com\\\/company\\\/67180810\\\/\",\"https:\\\/\\\/www.youtube.com\\\/user\\\/mondobalnearevideo\"]},{\"@type\":\"Person\",\"@id\":\"https:\\\/\\\/www.mondocamping.com\\\/#\\\/schema\\\/person\\\/01a031b8c5ef08c2204bb0e696f0a760\",\"name\":\"Mondo Camping\",\"image\":{\"@type\":\"ImageObject\",\"inLanguage\":\"fr-FR\",\"@id\":\"https:\\\/\\\/www.mondocamping.com\\\/wp-content\\\/uploads\\\/2022\\\/05\\\/cropped-icona-MONDO-CAMPING-150x150.png\",\"url\":\"https:\\\/\\\/www.mondocamping.com\\\/wp-content\\\/uploads\\\/2022\\\/05\\\/cropped-icona-MONDO-CAMPING-150x150.png\",\"contentUrl\":\"https:\\\/\\\/www.mondocamping.com\\\/wp-content\\\/uploads\\\/2022\\\/05\\\/cropped-icona-MONDO-CAMPING-150x150.png\",\"caption\":\"Mondo Camping\"},\"sameAs\":[\"https:\\\/\\\/www.mondocamping.com\\\/\",\"https:\\\/\\\/www.facebook.com\\\/mondocamping\"]}]}<\/script>\n<!-- \/ Yoast SEO plugin. -->","yoast_head_json":{"title":"En camping-car en septembre dans le nord de l'Italie, entre nature et lacs","description":"Vous pr\u00e9voyez des vacances en camping-car ? D\u00e9couvrez les destinations incontournables du nord de l'Italie pour le mois de septembre, entre montagnes et villages.","robots":{"index":"index","follow":"follow","max-snippet":"max-snippet:-1","max-image-preview":"max-image-preview:large","max-video-preview":"max-video-preview:-1"},"canonical":"https:\/\/www.mondocamping.com\/fr\/partir-en-septembre-dans-le-nord-de-litalie-nature-et-tranquillite-en-plein-air\/","og_locale":"fr_FR","og_type":"article","og_title":"En camping-car en septembre dans le nord de l'Italie, entre nature et lacs","og_description":"Vous pr\u00e9voyez des vacances en camping-car ? D\u00e9couvrez les destinations incontournables du nord de l'Italie pour le mois de septembre, entre montagnes et villages.","og_url":"https:\/\/www.mondocamping.com\/fr\/partir-en-septembre-dans-le-nord-de-litalie-nature-et-tranquillite-en-plein-air\/","og_site_name":"Mondo Camping","article_publisher":"https:\/\/www.facebook.com\/mondobalneare","article_author":"https:\/\/www.facebook.com\/mondocamping","article_published_time":"2026-08-30T10:13:39+00:00","article_modified_time":"2026-08-31T07:00:02+00:00","og_image":[{"width":840,"height":441,"url":"https:\/\/www.mondocamping.com\/wp-content\/uploads\/2026\/08\/Viaggi_in_camper.jpg","type":"image\/jpeg"}],"author":"Mondo Camping","twitter_card":"summary_large_image","twitter_creator":"@mondobalneare","twitter_site":"@mondobalneare","twitter_misc":{"\u00c9crit par":"Mondo Camping","Dur\u00e9e de lecture estim\u00e9e":"3 minutes"},"schema":{"@context":"https:\/\/schema.org","@graph":[{"@type":"Article","@id":"https:\/\/www.mondocamping.com\/fr\/partir-en-septembre-dans-le-nord-de-litalie-nature-et-tranquillite-en-plein-air\/#article","isPartOf":{"@id":"https:\/\/www.mondocamping.com\/fr\/partir-en-septembre-dans-le-nord-de-litalie-nature-et-tranquillite-en-plein-air\/"},"author":{"name":"Mondo Camping","@id":"https:\/\/www.mondocamping.com\/#\/schema\/person\/01a031b8c5ef08c2204bb0e696f0a760"},"headline":"Partir en septembre dans le nord de l&rsquo;Italie : nature et tranquillit\u00e9 en plein air","datePublished":"2026-08-30T10:13:39+00:00","dateModified":"2026-08-31T07:00:02+00:00","mainEntityOfPage":{"@id":"https:\/\/www.mondocamping.com\/fr\/partir-en-septembre-dans-le-nord-de-litalie-nature-et-tranquillite-en-plein-air\/"},"wordCount":559,"publisher":{"@id":"https:\/\/www.mondocamping.com\/#organization"},"image":{"@id":"https:\/\/www.mondocamping.com\/fr\/partir-en-septembre-dans-le-nord-de-litalie-nature-et-tranquillite-en-plein-air\/#primaryimage"},"thumbnailUrl":"https:\/\/www.mondocamping.com\/wp-content\/uploads\/2026\/08\/Viaggi_in_camper.jpg","keywords":["Mondo Camping","Voyages en camping-car"],"articleSection":["Vie en plein air"],"inLanguage":"fr-FR"},{"@type":"WebPage","@id":"https:\/\/www.mondocamping.com\/fr\/partir-en-septembre-dans-le-nord-de-litalie-nature-et-tranquillite-en-plein-air\/","url":"https:\/\/www.mondocamping.com\/fr\/partir-en-septembre-dans-le-nord-de-litalie-nature-et-tranquillite-en-plein-air\/","name":"En camping-car en septembre dans le nord de l'Italie, entre nature et lacs","isPartOf":{"@id":"https:\/\/www.mondocamping.com\/#website"},"primaryImageOfPage":{"@id":"https:\/\/www.mondocamping.com\/fr\/partir-en-septembre-dans-le-nord-de-litalie-nature-et-tranquillite-en-plein-air\/#primaryimage"},"image":{"@id":"https:\/\/www.mondocamping.com\/fr\/partir-en-septembre-dans-le-nord-de-litalie-nature-et-tranquillite-en-plein-air\/#primaryimage"},"thumbnailUrl":"https:\/\/www.mondocamping.com\/wp-content\/uploads\/2026\/08\/Viaggi_in_camper.jpg","datePublished":"2026-08-30T10:13:39+00:00","dateModified":"2026-08-31T07:00:02+00:00","description":"Vous pr\u00e9voyez des vacances en camping-car ? D\u00e9couvrez les destinations incontournables du nord de l'Italie pour le mois de septembre, entre montagnes et villages.","breadcrumb":{"@id":"https:\/\/www.mondocamping.com\/fr\/partir-en-septembre-dans-le-nord-de-litalie-nature-et-tranquillite-en-plein-air\/#breadcrumb"},"inLanguage":"fr-FR","potentialAction":[{"@type":"ReadAction","target":["https:\/\/www.mondocamping.com\/fr\/partir-en-septembre-dans-le-nord-de-litalie-nature-et-tranquillite-en-plein-air\/"]}]},{"@type":"ImageObject","inLanguage":"fr-FR","@id":"https:\/\/www.mondocamping.com\/fr\/partir-en-septembre-dans-le-nord-de-litalie-nature-et-tranquillite-en-plein-air\/#primaryimage","url":"https:\/\/www.mondocamping.com\/wp-content\/uploads\/2026\/08\/Viaggi_in_camper.jpg","contentUrl":"https:\/\/www.mondocamping.com\/wp-content\/uploads\/2026\/08\/Viaggi_in_camper.jpg","width":840,"height":441,"caption":"Viaggi_in_camper"},{"@type":"BreadcrumbList","@id":"https:\/\/www.mondocamping.com\/fr\/partir-en-septembre-dans-le-nord-de-litalie-nature-et-tranquillite-en-plein-air\/#breadcrumb","itemListElement":[{"@type":"ListItem","position":1,"name":"Home","item":"https:\/\/www.mondocamping.com\/fr\/"},{"@type":"ListItem","position":2,"name":"Partir en septembre dans le nord de l&#8217;Italie : nature et tranquillit\u00e9 en plein air"}]},{"@type":"WebSite","@id":"https:\/\/www.mondocamping.com\/#website","url":"https:\/\/www.mondocamping.com\/","name":"Mondo Camping","description":"Le portail d\u00e9di\u00e9 aux gestionnaires de campings et villages touristiques","publisher":{"@id":"https:\/\/www.mondocamping.com\/#organization"},"potentialAction":[{"@type":"SearchAction","target":{"@type":"EntryPoint","urlTemplate":"https:\/\/www.mondocamping.com\/?s={search_term_string}"},"query-input":{"@type":"PropertyValueSpecification","valueRequired":true,"valueName":"search_term_string"}}],"inLanguage":"fr-FR"},{"@type":"Organization","@id":"https:\/\/www.mondocamping.com\/#organization","name":"Mondo Camping","url":"https:\/\/www.mondocamping.com\/","logo":{"@type":"ImageObject","inLanguage":"fr-FR","@id":"https:\/\/www.mondocamping.com\/#\/schema\/logo\/image\/","url":"https:\/\/www.mondocamping.com\/wp-content\/uploads\/2022\/04\/mondo-camping-logo-contornato-1.png","contentUrl":"https:\/\/www.mondocamping.com\/wp-content\/uploads\/2022\/04\/mondo-camping-logo-contornato-1.png","width":280,"height":90,"caption":"Mondo Camping"},"image":{"@id":"https:\/\/www.mondocamping.com\/#\/schema\/logo\/image\/"},"sameAs":["https:\/\/www.facebook.com\/mondobalneare","https:\/\/x.com\/mondobalneare","https:\/\/www.instagram.com\/mondobalneare\/","https:\/\/www.linkedin.com\/company\/67180810\/","https:\/\/www.youtube.com\/user\/mondobalnearevideo"]},{"@type":"Person","@id":"https:\/\/www.mondocamping.com\/#\/schema\/person\/01a031b8c5ef08c2204bb0e696f0a760","name":"Mondo Camping","image":{"@type":"ImageObject","inLanguage":"fr-FR","@id":"https:\/\/www.mondocamping.com\/wp-content\/uploads\/2022\/05\/cropped-icona-MONDO-CAMPING-150x150.png","url":"https:\/\/www.mondocamping.com\/wp-content\/uploads\/2022\/05\/cropped-icona-MONDO-CAMPING-150x150.png","contentUrl":"https:\/\/www.mondocamping.com\/wp-content\/uploads\/2022\/05\/cropped-icona-MONDO-CAMPING-150x150.png","caption":"Mondo Camping"},"sameAs":["https:\/\/www.mondocamping.com\/","https:\/\/www.facebook.com\/mondocamping"]}]}},"_links":{"self":[{"href":"https:\/\/www.mondocamping.com\/fr\/wp-json\/wp\/v2\/posts\/179877","targetHints":{"allow":["GET"]}}],"collection":[{"href":"https:\/\/www.mondocamping.com\/fr\/wp-json\/wp\/v2\/posts"}],"about":[{"href":"https:\/\/www.mondocamping.com\/fr\/wp-json\/wp\/v2\/types\/post"}],"author":[{"embeddable":true,"href":"https:\/\/www.mondocamping.com\/fr\/wp-json\/wp\/v2\/users\/5"}],"replies":[{"embeddable":true,"href":"https:\/\/www.mondocamping.com\/fr\/wp-json\/wp\/v2\/comments?post=179877"}],"version-history":[{"count":1,"href":"https:\/\/www.mondocamping.com\/fr\/wp-json\/wp\/v2\/posts\/179877\/revisions"}],"predecessor-version":[{"id":179878,"href":"https:\/\/www.mondocamping.com\/fr\/wp-json\/wp\/v2\/posts\/179877\/revisions\/179878"}],"wp:featuredmedia":[{"embeddable":true,"href":"https:\/\/www.mondocamping.com\/fr\/wp-json\/wp\/v2\/media\/179873"}],"wp:attachment":[{"href":"https:\/\/www.mondocamping.com\/fr\/wp-json\/wp\/v2\/media?parent=179877"}],"wp:term":[{"taxonomy":"category","embeddable":true,"href":"https:\/\/www.mondocamping.com\/fr\/wp-json\/wp\/v2\/categories?post=179877"},{"taxonomy":"post_tag","embeddable":true,"href":"https:\/\/www.mondocamping.com\/fr\/wp-json\/wp\/v2\/tags?post=179877"}],"curies":[{"name":"wp","href":"https:\/\/api.w.org\/{rel}","templated":true}]}}