{"id":179886,"date":"2026-08-30T12:27:37","date_gmt":"2026-08-30T10:27:37","guid":{"rendered":"https:\/\/www.mondocamping.com\/le-centre-de-litalie-en-septembre-villages-historiques-et-collines-dorees-en-toute-liberte\/"},"modified":"2026-08-30T12:27:38","modified_gmt":"2026-08-30T10:27:38","slug":"le-centre-de-litalie-en-septembre-villages-historiques-et-collines-dorees-en-toute-liberte","status":"publish","type":"post","link":"https:\/\/www.mondocamping.com\/fr\/le-centre-de-litalie-en-septembre-villages-historiques-et-collines-dorees-en-toute-liberte\/","title":{"rendered":"Le centre de l&rsquo;Italie en septembre : villages historiques et collines dor\u00e9es, en toute libert\u00e9"},"content":{"rendered":"\n<p class=\"wp-block-paragraph\">Le centre de l&rsquo;Italie rec\u00e8le un patrimoine extraordinaire de villages m\u00e9di\u00e9vaux et de parcs naturels prot\u00e9g\u00e9s. Le mois de septembre r\u00e9v\u00e8le le visage le plus sinc\u00e8re et le plus authentique de ces terres. La chaleur \u00e9touffante c\u00e8de la place \u00e0 une brise agr\u00e9able et constante. Se promener librement parmi les collines toscanes et les for\u00eats ombriennes r\u00e9g\u00e9n\u00e8re l\u2019esprit de ceux qui choisissent la vie en plein air. Le rythme ralentit agr\u00e9ablement le long des routes panoramiques qui offrent des vues dignes d\u2019une carte postale. Les amateurs de ce type de voyage y trouvent des aires de repos accueillantes et bien r\u00e9parties. Le calme automnal procure des sensations intimes, loin du tumulte estival. Chaque village m\u00e9di\u00e9val rec\u00e8le des remparts s\u00e9culaires et des ruelles fleuries qui m\u00e9ritent une halte prolong\u00e9e. Le patrimoine historique italien resplendit \u00e0 cette p\u00e9riode de l\u2019ann\u00e9e, offrant une exp\u00e9rience de voyage relaxante et riche en d\u00e9couvertes culturelles.<\/p>\n\n<h2 class=\"wp-block-heading\">Villages historiques et collines toscanes<\/h2>\n\n<p class=\"wp-block-paragraph\">La Toscane a toujours \u00e9t\u00e9 une destination incontournable pour les vacances en camping-car. La Val d&rsquo;Orcia s\u00e9duit tous ceux qui empruntent ses routes sinueuses. Les champs cultiv\u00e9s laissent place aux premiers travaux de la terre, tandis que les cypr\u00e8s s\u00e9culaires se dressent, solitaires, sous un ciel limpide. Des localit\u00e9s c\u00e9l\u00e8bres telles que Pienza et Montepulciano accueillent les touristes avec leurs boutiques d&rsquo;artisanat et leurs auberges traditionnelles. La Maremme offre des temp\u00e9ratures id\u00e9ales pour alterner visites culturelles et moments de d\u00e9tente sur le sable. C&rsquo;est un v\u00e9ritable plaisir de parcourir les routes toscanes au volant d&rsquo;un camping-car. Les vignobles charg\u00e9s de grappes offrent des spectacles visuels uniques. Les exploitations agricoles locales organisent des visites guid\u00e9es et des d\u00e9gustations qui ravissent les papilles. Les villes d\u2019art vous ouvrent leurs portes sans la foule \u00e9touffante des mois pr\u00e9c\u00e9dents, vous permettant de profiter des mus\u00e9es et des places historiques en toute tranquillit\u00e9.<\/p>\n\n<h2 class=\"wp-block-heading\">La nature ombrienne et les panoramas de l&rsquo;Adriatique<\/h2>\n\n<p class=\"wp-block-paragraph\">L&rsquo;Ombrie s&rsquo;affirme comme le c\u0153ur vert de la p\u00e9ninsule, offrant des paysages qui invitent \u00e0 un contact profond avec la nature. Le bassin du lac Trasim\u00e8ne offre des panoramas suggestifs et des couchers de soleil romantiques. Les for\u00eats de ch\u00eanes et les collines couvertes d&rsquo;oliviers cr\u00e9ent une mosa\u00efque d&rsquo;un vert intense. Des villes d&rsquo;art telles qu&rsquo;Assise et Gubbio conservent intacte leur atmosph\u00e8re mystique et intimiste. Les f\u00eates de village animent les week-ends avec les saveurs authentiques de la tradition paysanne. En se dirigeant vers l&rsquo;est, les Marches et les Abruzzes vous \u00e9merveilleront par les parois rocheuses des Monts Sibillini. La c\u00f4te adriatique vient parfaitement compl\u00e9ter vos vacances en camping-car gr\u00e2ce \u00e0 ses rivages spacieux et accueillants. Les parcs naturels prot\u00e8gent des environnements pr\u00e9serv\u00e9s, tandis que les sentiers de colline invitent \u00e0 des randonn\u00e9es revigorantes. L\u2019hospitalit\u00e9 locale et la riche cuisine traditionnelle rendent cette exp\u00e9rience m\u00e9morable \u00e0 tous \u00e9gards.<\/p>\n","protected":false},"excerpt":{"rendered":"<p>Un voyage au c\u0153ur de la p\u00e9ninsule, entre histoire, nature pr\u00e9serv\u00e9e et traditions \u0153nogastronomiques, en profitant de la tranquillit\u00e9 du mois de septembre.<\/p>\n","protected":false},"author":5,"featured_media":179882,"comment_status":"closed","ping_status":"closed","sticky":false,"template":"","format":"standard","meta":{"_acf_changed":false,"_monsterinsights_skip_tracking":false,"_monsterinsights_sitenote_active":false,"_monsterinsights_sitenote_note":"","_monsterinsights_sitenote_category":0,"footnotes":""},"categories":[7936],"tags":[4262,8280],"class_list":["post-179886","post","type-post","status-publish","format-standard","has-post-thumbnail","hentry","category-vie-en-plein-air","tag-mondo-camping-fr","tag-vacances-en-camping-car"],"acf":[],"yoast_head":"<!-- This site is optimized with the Yoast SEO plugin v28.0 - https:\/\/yoast.com\/product\/yoast-seo-wordpress\/ -->\n<title>Des vacances en camping-car en septembre, entre villages pittoresques et parcs naturels.<\/title>\n<meta name=\"description\" content=\"D\u00e9couvrez les destinations pour un voyage en camping-car dans le centre de l&#039;Italie en septembre. Des itin\u00e9raires \u00e0 travers des villages historiques, des collines et des parcs naturels.\" \/>\n<meta name=\"robots\" content=\"index, follow, max-snippet:-1, max-image-preview:large, max-video-preview:-1\" \/>\n<link rel=\"canonical\" href=\"https:\/\/www.mondocamping.com\/fr\/le-centre-de-litalie-en-septembre-villages-historiques-et-collines-dorees-en-toute-liberte\/\" \/>\n<meta property=\"og:locale\" content=\"fr_FR\" \/>\n<meta property=\"og:type\" content=\"article\" \/>\n<meta property=\"og:title\" content=\"Des vacances en camping-car en septembre, entre villages pittoresques et parcs naturels.\" \/>\n<meta property=\"og:description\" content=\"D\u00e9couvrez les destinations pour un voyage en camping-car dans le centre de l&#039;Italie en septembre. Des itin\u00e9raires \u00e0 travers des villages historiques, des collines et des parcs naturels.\" \/>\n<meta property=\"og:url\" content=\"https:\/\/www.mondocamping.com\/fr\/le-centre-de-litalie-en-septembre-villages-historiques-et-collines-dorees-en-toute-liberte\/\" \/>\n<meta property=\"og:site_name\" content=\"Mondo Camping\" \/>\n<meta property=\"article:publisher\" content=\"https:\/\/www.facebook.com\/mondobalneare\" \/>\n<meta property=\"article:author\" content=\"https:\/\/www.facebook.com\/mondocamping\" \/>\n<meta property=\"article:published_time\" content=\"2026-08-30T10:27:37+00:00\" \/>\n<meta property=\"article:modified_time\" content=\"2026-08-30T10:27:38+00:00\" \/>\n<meta property=\"og:image\" content=\"https:\/\/www.mondocamping.com\/wp-content\/uploads\/2026\/08\/vacanze_in_camper.jpg\" \/>\n\t<meta property=\"og:image:width\" content=\"799\" \/>\n\t<meta property=\"og:image:height\" content=\"419\" \/>\n\t<meta property=\"og:image:type\" content=\"image\/jpeg\" \/>\n<meta name=\"author\" content=\"Mondo Camping\" \/>\n<meta name=\"twitter:card\" content=\"summary_large_image\" \/>\n<meta name=\"twitter:creator\" content=\"@mondobalneare\" \/>\n<meta name=\"twitter:site\" content=\"@mondobalneare\" \/>\n<meta name=\"twitter:label1\" content=\"\u00c9crit par\" \/>\n\t<meta name=\"twitter:data1\" content=\"Mondo Camping\" \/>\n\t<meta name=\"twitter:label2\" content=\"Dur\u00e9e de lecture estim\u00e9e\" \/>\n\t<meta name=\"twitter:data2\" content=\"3 minutes\" \/>\n<script type=\"application\/ld+json\" class=\"yoast-schema-graph\">{\"@context\":\"https:\\\/\\\/schema.org\",\"@graph\":[{\"@type\":\"Article\",\"@id\":\"https:\\\/\\\/www.mondocamping.com\\\/fr\\\/le-centre-de-litalie-en-septembre-villages-historiques-et-collines-dorees-en-toute-liberte\\\/#article\",\"isPartOf\":{\"@id\":\"https:\\\/\\\/www.mondocamping.com\\\/fr\\\/le-centre-de-litalie-en-septembre-villages-historiques-et-collines-dorees-en-toute-liberte\\\/\"},\"author\":{\"name\":\"Mondo Camping\",\"@id\":\"https:\\\/\\\/www.mondocamping.com\\\/#\\\/schema\\\/person\\\/01a031b8c5ef08c2204bb0e696f0a760\"},\"headline\":\"Le centre de l&rsquo;Italie en septembre : villages historiques et collines dor\u00e9es, en toute libert\u00e9\",\"datePublished\":\"2026-08-30T10:27:37+00:00\",\"dateModified\":\"2026-08-30T10:27:38+00:00\",\"mainEntityOfPage\":{\"@id\":\"https:\\\/\\\/www.mondocamping.com\\\/fr\\\/le-centre-de-litalie-en-septembre-villages-historiques-et-collines-dorees-en-toute-liberte\\\/\"},\"wordCount\":547,\"publisher\":{\"@id\":\"https:\\\/\\\/www.mondocamping.com\\\/#organization\"},\"image\":{\"@id\":\"https:\\\/\\\/www.mondocamping.com\\\/fr\\\/le-centre-de-litalie-en-septembre-villages-historiques-et-collines-dorees-en-toute-liberte\\\/#primaryimage\"},\"thumbnailUrl\":\"https:\\\/\\\/www.mondocamping.com\\\/wp-content\\\/uploads\\\/2026\\\/08\\\/vacanze_in_camper.jpg\",\"keywords\":[\"Mondo Camping\",\"Vacances en camping-car\"],\"articleSection\":[\"Vie en plein air\"],\"inLanguage\":\"fr-FR\"},{\"@type\":\"WebPage\",\"@id\":\"https:\\\/\\\/www.mondocamping.com\\\/fr\\\/le-centre-de-litalie-en-septembre-villages-historiques-et-collines-dorees-en-toute-liberte\\\/\",\"url\":\"https:\\\/\\\/www.mondocamping.com\\\/fr\\\/le-centre-de-litalie-en-septembre-villages-historiques-et-collines-dorees-en-toute-liberte\\\/\",\"name\":\"Des vacances en camping-car en septembre, entre villages pittoresques et parcs naturels.\",\"isPartOf\":{\"@id\":\"https:\\\/\\\/www.mondocamping.com\\\/#website\"},\"primaryImageOfPage\":{\"@id\":\"https:\\\/\\\/www.mondocamping.com\\\/fr\\\/le-centre-de-litalie-en-septembre-villages-historiques-et-collines-dorees-en-toute-liberte\\\/#primaryimage\"},\"image\":{\"@id\":\"https:\\\/\\\/www.mondocamping.com\\\/fr\\\/le-centre-de-litalie-en-septembre-villages-historiques-et-collines-dorees-en-toute-liberte\\\/#primaryimage\"},\"thumbnailUrl\":\"https:\\\/\\\/www.mondocamping.com\\\/wp-content\\\/uploads\\\/2026\\\/08\\\/vacanze_in_camper.jpg\",\"datePublished\":\"2026-08-30T10:27:37+00:00\",\"dateModified\":\"2026-08-30T10:27:38+00:00\",\"description\":\"D\u00e9couvrez les destinations pour un voyage en camping-car dans le centre de l'Italie en septembre. Des itin\u00e9raires \u00e0 travers des villages historiques, des collines et des parcs naturels.\",\"breadcrumb\":{\"@id\":\"https:\\\/\\\/www.mondocamping.com\\\/fr\\\/le-centre-de-litalie-en-septembre-villages-historiques-et-collines-dorees-en-toute-liberte\\\/#breadcrumb\"},\"inLanguage\":\"fr-FR\",\"potentialAction\":[{\"@type\":\"ReadAction\",\"target\":[\"https:\\\/\\\/www.mondocamping.com\\\/fr\\\/le-centre-de-litalie-en-septembre-villages-historiques-et-collines-dorees-en-toute-liberte\\\/\"]}]},{\"@type\":\"ImageObject\",\"inLanguage\":\"fr-FR\",\"@id\":\"https:\\\/\\\/www.mondocamping.com\\\/fr\\\/le-centre-de-litalie-en-septembre-villages-historiques-et-collines-dorees-en-toute-liberte\\\/#primaryimage\",\"url\":\"https:\\\/\\\/www.mondocamping.com\\\/wp-content\\\/uploads\\\/2026\\\/08\\\/vacanze_in_camper.jpg\",\"contentUrl\":\"https:\\\/\\\/www.mondocamping.com\\\/wp-content\\\/uploads\\\/2026\\\/08\\\/vacanze_in_camper.jpg\",\"width\":799,\"height\":419,\"caption\":\"vacanze in camper\"},{\"@type\":\"BreadcrumbList\",\"@id\":\"https:\\\/\\\/www.mondocamping.com\\\/fr\\\/le-centre-de-litalie-en-septembre-villages-historiques-et-collines-dorees-en-toute-liberte\\\/#breadcrumb\",\"itemListElement\":[{\"@type\":\"ListItem\",\"position\":1,\"name\":\"Home\",\"item\":\"https:\\\/\\\/www.mondocamping.com\\\/fr\\\/\"},{\"@type\":\"ListItem\",\"position\":2,\"name\":\"Le centre de l&rsquo;Italie en septembre : villages historiques et collines dor\u00e9es, en toute libert\u00e9\"}]},{\"@type\":\"WebSite\",\"@id\":\"https:\\\/\\\/www.mondocamping.com\\\/#website\",\"url\":\"https:\\\/\\\/www.mondocamping.com\\\/\",\"name\":\"Mondo Camping\",\"description\":\"Le portail d\u00e9di\u00e9 aux gestionnaires de campings et villages touristiques\",\"publisher\":{\"@id\":\"https:\\\/\\\/www.mondocamping.com\\\/#organization\"},\"potentialAction\":[{\"@type\":\"SearchAction\",\"target\":{\"@type\":\"EntryPoint\",\"urlTemplate\":\"https:\\\/\\\/www.mondocamping.com\\\/?s={search_term_string}\"},\"query-input\":{\"@type\":\"PropertyValueSpecification\",\"valueRequired\":true,\"valueName\":\"search_term_string\"}}],\"inLanguage\":\"fr-FR\"},{\"@type\":\"Organization\",\"@id\":\"https:\\\/\\\/www.mondocamping.com\\\/#organization\",\"name\":\"Mondo Camping\",\"url\":\"https:\\\/\\\/www.mondocamping.com\\\/\",\"logo\":{\"@type\":\"ImageObject\",\"inLanguage\":\"fr-FR\",\"@id\":\"https:\\\/\\\/www.mondocamping.com\\\/#\\\/schema\\\/logo\\\/image\\\/\",\"url\":\"https:\\\/\\\/www.mondocamping.com\\\/wp-content\\\/uploads\\\/2022\\\/04\\\/mondo-camping-logo-contornato-1.png\",\"contentUrl\":\"https:\\\/\\\/www.mondocamping.com\\\/wp-content\\\/uploads\\\/2022\\\/04\\\/mondo-camping-logo-contornato-1.png\",\"width\":280,\"height\":90,\"caption\":\"Mondo Camping\"},\"image\":{\"@id\":\"https:\\\/\\\/www.mondocamping.com\\\/#\\\/schema\\\/logo\\\/image\\\/\"},\"sameAs\":[\"https:\\\/\\\/www.facebook.com\\\/mondobalneare\",\"https:\\\/\\\/x.com\\\/mondobalneare\",\"https:\\\/\\\/www.instagram.com\\\/mondobalneare\\\/\",\"https:\\\/\\\/www.linkedin.com\\\/company\\\/67180810\\\/\",\"https:\\\/\\\/www.youtube.com\\\/user\\\/mondobalnearevideo\"]},{\"@type\":\"Person\",\"@id\":\"https:\\\/\\\/www.mondocamping.com\\\/#\\\/schema\\\/person\\\/01a031b8c5ef08c2204bb0e696f0a760\",\"name\":\"Mondo Camping\",\"image\":{\"@type\":\"ImageObject\",\"inLanguage\":\"fr-FR\",\"@id\":\"https:\\\/\\\/www.mondocamping.com\\\/wp-content\\\/uploads\\\/2022\\\/05\\\/cropped-icona-MONDO-CAMPING-150x150.png\",\"url\":\"https:\\\/\\\/www.mondocamping.com\\\/wp-content\\\/uploads\\\/2022\\\/05\\\/cropped-icona-MONDO-CAMPING-150x150.png\",\"contentUrl\":\"https:\\\/\\\/www.mondocamping.com\\\/wp-content\\\/uploads\\\/2022\\\/05\\\/cropped-icona-MONDO-CAMPING-150x150.png\",\"caption\":\"Mondo Camping\"},\"sameAs\":[\"https:\\\/\\\/www.mondocamping.com\\\/\",\"https:\\\/\\\/www.facebook.com\\\/mondocamping\"]}]}<\/script>\n<!-- \/ Yoast SEO plugin. -->","yoast_head_json":{"title":"Des vacances en camping-car en septembre, entre villages pittoresques et parcs naturels.","description":"D\u00e9couvrez les destinations pour un voyage en camping-car dans le centre de l'Italie en septembre. Des itin\u00e9raires \u00e0 travers des villages historiques, des collines et des parcs naturels.","robots":{"index":"index","follow":"follow","max-snippet":"max-snippet:-1","max-image-preview":"max-image-preview:large","max-video-preview":"max-video-preview:-1"},"canonical":"https:\/\/www.mondocamping.com\/fr\/le-centre-de-litalie-en-septembre-villages-historiques-et-collines-dorees-en-toute-liberte\/","og_locale":"fr_FR","og_type":"article","og_title":"Des vacances en camping-car en septembre, entre villages pittoresques et parcs naturels.","og_description":"D\u00e9couvrez les destinations pour un voyage en camping-car dans le centre de l'Italie en septembre. Des itin\u00e9raires \u00e0 travers des villages historiques, des collines et des parcs naturels.","og_url":"https:\/\/www.mondocamping.com\/fr\/le-centre-de-litalie-en-septembre-villages-historiques-et-collines-dorees-en-toute-liberte\/","og_site_name":"Mondo Camping","article_publisher":"https:\/\/www.facebook.com\/mondobalneare","article_author":"https:\/\/www.facebook.com\/mondocamping","article_published_time":"2026-08-30T10:27:37+00:00","article_modified_time":"2026-08-30T10:27:38+00:00","og_image":[{"width":799,"height":419,"url":"https:\/\/www.mondocamping.com\/wp-content\/uploads\/2026\/08\/vacanze_in_camper.jpg","type":"image\/jpeg"}],"author":"Mondo Camping","twitter_card":"summary_large_image","twitter_creator":"@mondobalneare","twitter_site":"@mondobalneare","twitter_misc":{"\u00c9crit par":"Mondo Camping","Dur\u00e9e de lecture estim\u00e9e":"3 minutes"},"schema":{"@context":"https:\/\/schema.org","@graph":[{"@type":"Article","@id":"https:\/\/www.mondocamping.com\/fr\/le-centre-de-litalie-en-septembre-villages-historiques-et-collines-dorees-en-toute-liberte\/#article","isPartOf":{"@id":"https:\/\/www.mondocamping.com\/fr\/le-centre-de-litalie-en-septembre-villages-historiques-et-collines-dorees-en-toute-liberte\/"},"author":{"name":"Mondo Camping","@id":"https:\/\/www.mondocamping.com\/#\/schema\/person\/01a031b8c5ef08c2204bb0e696f0a760"},"headline":"Le centre de l&rsquo;Italie en septembre : villages historiques et collines dor\u00e9es, en toute libert\u00e9","datePublished":"2026-08-30T10:27:37+00:00","dateModified":"2026-08-30T10:27:38+00:00","mainEntityOfPage":{"@id":"https:\/\/www.mondocamping.com\/fr\/le-centre-de-litalie-en-septembre-villages-historiques-et-collines-dorees-en-toute-liberte\/"},"wordCount":547,"publisher":{"@id":"https:\/\/www.mondocamping.com\/#organization"},"image":{"@id":"https:\/\/www.mondocamping.com\/fr\/le-centre-de-litalie-en-septembre-villages-historiques-et-collines-dorees-en-toute-liberte\/#primaryimage"},"thumbnailUrl":"https:\/\/www.mondocamping.com\/wp-content\/uploads\/2026\/08\/vacanze_in_camper.jpg","keywords":["Mondo Camping","Vacances en camping-car"],"articleSection":["Vie en plein air"],"inLanguage":"fr-FR"},{"@type":"WebPage","@id":"https:\/\/www.mondocamping.com\/fr\/le-centre-de-litalie-en-septembre-villages-historiques-et-collines-dorees-en-toute-liberte\/","url":"https:\/\/www.mondocamping.com\/fr\/le-centre-de-litalie-en-septembre-villages-historiques-et-collines-dorees-en-toute-liberte\/","name":"Des vacances en camping-car en septembre, entre villages pittoresques et parcs naturels.","isPartOf":{"@id":"https:\/\/www.mondocamping.com\/#website"},"primaryImageOfPage":{"@id":"https:\/\/www.mondocamping.com\/fr\/le-centre-de-litalie-en-septembre-villages-historiques-et-collines-dorees-en-toute-liberte\/#primaryimage"},"image":{"@id":"https:\/\/www.mondocamping.com\/fr\/le-centre-de-litalie-en-septembre-villages-historiques-et-collines-dorees-en-toute-liberte\/#primaryimage"},"thumbnailUrl":"https:\/\/www.mondocamping.com\/wp-content\/uploads\/2026\/08\/vacanze_in_camper.jpg","datePublished":"2026-08-30T10:27:37+00:00","dateModified":"2026-08-30T10:27:38+00:00","description":"D\u00e9couvrez les destinations pour un voyage en camping-car dans le centre de l'Italie en septembre. Des itin\u00e9raires \u00e0 travers des villages historiques, des collines et des parcs naturels.","breadcrumb":{"@id":"https:\/\/www.mondocamping.com\/fr\/le-centre-de-litalie-en-septembre-villages-historiques-et-collines-dorees-en-toute-liberte\/#breadcrumb"},"inLanguage":"fr-FR","potentialAction":[{"@type":"ReadAction","target":["https:\/\/www.mondocamping.com\/fr\/le-centre-de-litalie-en-septembre-villages-historiques-et-collines-dorees-en-toute-liberte\/"]}]},{"@type":"ImageObject","inLanguage":"fr-FR","@id":"https:\/\/www.mondocamping.com\/fr\/le-centre-de-litalie-en-septembre-villages-historiques-et-collines-dorees-en-toute-liberte\/#primaryimage","url":"https:\/\/www.mondocamping.com\/wp-content\/uploads\/2026\/08\/vacanze_in_camper.jpg","contentUrl":"https:\/\/www.mondocamping.com\/wp-content\/uploads\/2026\/08\/vacanze_in_camper.jpg","width":799,"height":419,"caption":"vacanze in camper"},{"@type":"BreadcrumbList","@id":"https:\/\/www.mondocamping.com\/fr\/le-centre-de-litalie-en-septembre-villages-historiques-et-collines-dorees-en-toute-liberte\/#breadcrumb","itemListElement":[{"@type":"ListItem","position":1,"name":"Home","item":"https:\/\/www.mondocamping.com\/fr\/"},{"@type":"ListItem","position":2,"name":"Le centre de l&rsquo;Italie en septembre : villages historiques et collines dor\u00e9es, en toute libert\u00e9"}]},{"@type":"WebSite","@id":"https:\/\/www.mondocamping.com\/#website","url":"https:\/\/www.mondocamping.com\/","name":"Mondo Camping","description":"Le portail d\u00e9di\u00e9 aux gestionnaires de campings et villages touristiques","publisher":{"@id":"https:\/\/www.mondocamping.com\/#organization"},"potentialAction":[{"@type":"SearchAction","target":{"@type":"EntryPoint","urlTemplate":"https:\/\/www.mondocamping.com\/?s={search_term_string}"},"query-input":{"@type":"PropertyValueSpecification","valueRequired":true,"valueName":"search_term_string"}}],"inLanguage":"fr-FR"},{"@type":"Organization","@id":"https:\/\/www.mondocamping.com\/#organization","name":"Mondo Camping","url":"https:\/\/www.mondocamping.com\/","logo":{"@type":"ImageObject","inLanguage":"fr-FR","@id":"https:\/\/www.mondocamping.com\/#\/schema\/logo\/image\/","url":"https:\/\/www.mondocamping.com\/wp-content\/uploads\/2022\/04\/mondo-camping-logo-contornato-1.png","contentUrl":"https:\/\/www.mondocamping.com\/wp-content\/uploads\/2022\/04\/mondo-camping-logo-contornato-1.png","width":280,"height":90,"caption":"Mondo Camping"},"image":{"@id":"https:\/\/www.mondocamping.com\/#\/schema\/logo\/image\/"},"sameAs":["https:\/\/www.facebook.com\/mondobalneare","https:\/\/x.com\/mondobalneare","https:\/\/www.instagram.com\/mondobalneare\/","https:\/\/www.linkedin.com\/company\/67180810\/","https:\/\/www.youtube.com\/user\/mondobalnearevideo"]},{"@type":"Person","@id":"https:\/\/www.mondocamping.com\/#\/schema\/person\/01a031b8c5ef08c2204bb0e696f0a760","name":"Mondo Camping","image":{"@type":"ImageObject","inLanguage":"fr-FR","@id":"https:\/\/www.mondocamping.com\/wp-content\/uploads\/2022\/05\/cropped-icona-MONDO-CAMPING-150x150.png","url":"https:\/\/www.mondocamping.com\/wp-content\/uploads\/2022\/05\/cropped-icona-MONDO-CAMPING-150x150.png","contentUrl":"https:\/\/www.mondocamping.com\/wp-content\/uploads\/2022\/05\/cropped-icona-MONDO-CAMPING-150x150.png","caption":"Mondo Camping"},"sameAs":["https:\/\/www.mondocamping.com\/","https:\/\/www.facebook.com\/mondocamping"]}]}},"_links":{"self":[{"href":"https:\/\/www.mondocamping.com\/fr\/wp-json\/wp\/v2\/posts\/179886","targetHints":{"allow":["GET"]}}],"collection":[{"href":"https:\/\/www.mondocamping.com\/fr\/wp-json\/wp\/v2\/posts"}],"about":[{"href":"https:\/\/www.mondocamping.com\/fr\/wp-json\/wp\/v2\/types\/post"}],"author":[{"embeddable":true,"href":"https:\/\/www.mondocamping.com\/fr\/wp-json\/wp\/v2\/users\/5"}],"replies":[{"embeddable":true,"href":"https:\/\/www.mondocamping.com\/fr\/wp-json\/wp\/v2\/comments?post=179886"}],"version-history":[{"count":1,"href":"https:\/\/www.mondocamping.com\/fr\/wp-json\/wp\/v2\/posts\/179886\/revisions"}],"predecessor-version":[{"id":179887,"href":"https:\/\/www.mondocamping.com\/fr\/wp-json\/wp\/v2\/posts\/179886\/revisions\/179887"}],"wp:featuredmedia":[{"embeddable":true,"href":"https:\/\/www.mondocamping.com\/fr\/wp-json\/wp\/v2\/media\/179882"}],"wp:attachment":[{"href":"https:\/\/www.mondocamping.com\/fr\/wp-json\/wp\/v2\/media?parent=179886"}],"wp:term":[{"taxonomy":"category","embeddable":true,"href":"https:\/\/www.mondocamping.com\/fr\/wp-json\/wp\/v2\/categories?post=179886"},{"taxonomy":"post_tag","embeddable":true,"href":"https:\/\/www.mondocamping.com\/fr\/wp-json\/wp\/v2\/tags?post=179886"}],"curies":[{"name":"wp","href":"https:\/\/api.w.org\/{rel}","templated":true}]}}