{"id":179896,"date":"2026-08-30T12:36:44","date_gmt":"2026-08-30T10:36:44","guid":{"rendered":"https:\/\/www.mondocamping.com\/le-sud-de-litalie-en-septembre-des-plages-de-reve-et-un-climat-ideal-en-camping-car\/"},"modified":"2026-08-30T13:52:50","modified_gmt":"2026-08-30T11:52:50","slug":"le-sud-de-litalie-en-septembre-des-plages-de-reve-et-un-climat-ideal-en-camping-car","status":"publish","type":"post","link":"https:\/\/www.mondocamping.com\/fr\/le-sud-de-litalie-en-septembre-des-plages-de-reve-et-un-climat-ideal-en-camping-car\/","title":{"rendered":"Le sud de l&rsquo;Italie en septembre : des plages de r\u00eave et un climat id\u00e9al en camping-car"},"content":{"rendered":"\n<p class=\"wp-block-paragraph\">Le sud de l&rsquo;Italie prolonge g\u00e9n\u00e9reusement la saison estivale. Les temp\u00e9ratures restent typiquement estivales, mais l&rsquo;afflux de touristes diminue consid\u00e9rablement par rapport au mois d&rsquo;ao\u00fbt. Les Pouilles et les r\u00e9gions voisines offrent des possibilit\u00e9s d\u2019escales en plein air dans des cadres naturels d\u2019un grand impact visuel. Voyager en camping-car en septembre permet de profiter de plages quasi d\u00e9sertes et d\u2019une mer cristalline. Les c\u00f4tes m\u00e9ridionales resplendissent sous une lumi\u00e8re dor\u00e9e et apaisante. Les aires de stationnement am\u00e9nag\u00e9es garantissent des services efficaces aux touristes itin\u00e9rants. L\u2019atmosph\u00e8re d\u00e9tendue favorise le bien-\u00eatre physique et mental et permet d\u2019entrer en contact \u00e9troit avec la population locale. Les march\u00e9s de quartier proposent des produits frais, authentiques et riches en saveurs, mettant en valeur la tradition gastronomique du territoire.<\/p>\n\n<h2 class=\"wp-block-heading\">Les c\u00f4tes des Pouilles et les villages baroques<\/h2>\n\n<p class=\"wp-block-paragraph\">La route c\u00f4ti\u00e8re qui relie Otrante \u00e0 Santa Maria di Leuca offre des panoramas c\u00f4tiers d&rsquo;une beaut\u00e9 extraordinaire. Les criques rocheuses et les plages de sable sont facilement accessibles, sans le probl\u00e8me de la surfr\u00e9quentation. L&rsquo;eau de mer conserve une temp\u00e9rature agr\u00e9able pour les baignades de fin de saison. Les campings situ\u00e9s directement en bord de mer vous permettent de vous r\u00e9veiller au son des vagues. Dans l\u2019arri\u00e8re-pays, la vall\u00e9e d\u2019Itria enchante par ses trulli caract\u00e9ristiques et ses murets en pierres s\u00e8ches qui d\u00e9limitent les oliveraies. Les villages baroques offrent des places monumentales construites avec la pierre typique de Lecce, claire et lumineuse. Les fermes historiques vous ouvrent leurs portes pour vous faire d\u00e9couvrir des fromages et des produits laitiers artisanaux. Les p\u00eacheurs locaux proposent la p\u00eache fra\u00eeche du jour le long des petits ports, tandis que les ch\u00e2teaux c\u00f4tiers rappellent d\u2019anciens \u00e9v\u00e9nements historiques li\u00e9s au contr\u00f4le de la M\u00e9diterran\u00e9e.<\/p>\n\n<h2 class=\"wp-block-heading\">La Calabre et la Sicile, entre mer et montagne<\/h2>\n\n<p class=\"wp-block-paragraph\">La Calabre surprend les visiteurs par les couleurs intenses de la C\u00f4te des Dieux et par la majest\u00e9 du Parc national de la Sila. Les plages de sable blanc de Tropea offrent un magnifique contraste avec les for\u00eats de montagne voisines. La Sicile accueille ceux qui choisissent de voyager en camping-car en septembre en leur offrant un immense patrimoine culturel et un rythme de vie serein. La r\u00e9serve du Zingaro d\u00e9voile des falaises calcaires surplombant une mer cristalline. Taormine offre des coins d\u2019un charme et d\u2019une tranquillit\u00e9 absolus. La cuisine m\u00e9diterran\u00e9enne locale ravit tous les palais avec des recettes \u00e0 base de poisson, d\u2019agrumes et de desserts typiques. Les sites arch\u00e9ologiques racontent des mill\u00e9naires d\u2019histoire et de dominations. Les \u00eeles et les zones c\u00f4ti\u00e8res offrent des aires de repos propres et accueillantes, transformant ainsi ces vacances itin\u00e9rantes en une exp\u00e9rience riche en d\u00e9couvertes culturelles et en paysages uniques.<\/p>\n","protected":false},"excerpt":{"rendered":"<p>En septembre, le sud de l&rsquo;Italie vous offre un \u00e9t\u00e9 sans fin : des plages sans foule, une mer cristalline et des villages de p\u00eacheurs o\u00f9 vous pourrez vous d\u00e9tendre pleinement.<\/p>\n","protected":false},"author":5,"featured_media":179892,"comment_status":"closed","ping_status":"closed","sticky":false,"template":"","format":"standard","meta":{"_acf_changed":false,"_monsterinsights_skip_tracking":false,"_monsterinsights_sitenote_active":false,"_monsterinsights_sitenote_note":"","_monsterinsights_sitenote_category":0,"footnotes":""},"categories":[7936],"tags":[8283,4262],"class_list":["post-179896","post","type-post","status-publish","format-standard","has-post-thumbnail","hentry","category-vie-en-plein-air","tag-camperasettembre","tag-mondo-camping-fr"],"acf":[],"yoast_head":"<!-- This site is optimized with the Yoast SEO plugin v28.0 - https:\/\/yoast.com\/product\/yoast-seo-wordpress\/ -->\n<title>Des vacances dans le sud de l&#039;Italie en septembre, entre mer, soleil et d\u00e9tente en camping-car<\/title>\n<meta name=\"description\" content=\"Vous pr\u00e9voyez un voyage dans le sud de l&#039;Italie en septembre ? Voici les destinations id\u00e9ales \u00e0 d\u00e9couvrir en camping-car, entre plages aux eaux cristallines, culture et traditions mill\u00e9naires.\" \/>\n<meta name=\"robots\" content=\"index, follow, max-snippet:-1, max-image-preview:large, max-video-preview:-1\" \/>\n<link rel=\"canonical\" href=\"https:\/\/www.mondocamping.com\/fr\/le-sud-de-litalie-en-septembre-des-plages-de-reve-et-un-climat-ideal-en-camping-car\/\" \/>\n<meta property=\"og:locale\" content=\"fr_FR\" \/>\n<meta property=\"og:type\" content=\"article\" \/>\n<meta property=\"og:title\" content=\"Des vacances dans le sud de l&#039;Italie en septembre, entre mer, soleil et d\u00e9tente en camping-car\" \/>\n<meta property=\"og:description\" content=\"Vous pr\u00e9voyez un voyage dans le sud de l&#039;Italie en septembre ? Voici les destinations id\u00e9ales \u00e0 d\u00e9couvrir en camping-car, entre plages aux eaux cristallines, culture et traditions mill\u00e9naires.\" \/>\n<meta property=\"og:url\" content=\"https:\/\/www.mondocamping.com\/fr\/le-sud-de-litalie-en-septembre-des-plages-de-reve-et-un-climat-ideal-en-camping-car\/\" \/>\n<meta property=\"og:site_name\" content=\"Mondo Camping\" \/>\n<meta property=\"article:publisher\" content=\"https:\/\/www.facebook.com\/mondobalneare\" \/>\n<meta property=\"article:author\" content=\"https:\/\/www.facebook.com\/mondocamping\" \/>\n<meta property=\"article:published_time\" content=\"2026-08-30T10:36:44+00:00\" \/>\n<meta property=\"article:modified_time\" content=\"2026-08-30T11:52:50+00:00\" \/>\n<meta property=\"og:image\" content=\"https:\/\/www.mondocamping.com\/wp-content\/uploads\/2026\/08\/camper_a_settembre.jpg\" \/>\n\t<meta property=\"og:image:width\" content=\"800\" \/>\n\t<meta property=\"og:image:height\" content=\"447\" \/>\n\t<meta property=\"og:image:type\" content=\"image\/jpeg\" \/>\n<meta name=\"author\" content=\"Mondo Camping\" \/>\n<meta name=\"twitter:card\" content=\"summary_large_image\" \/>\n<meta name=\"twitter:creator\" content=\"@mondobalneare\" \/>\n<meta name=\"twitter:site\" content=\"@mondobalneare\" \/>\n<meta name=\"twitter:label1\" content=\"\u00c9crit par\" \/>\n\t<meta name=\"twitter:data1\" content=\"Mondo Camping\" \/>\n\t<meta name=\"twitter:label2\" content=\"Dur\u00e9e de lecture estim\u00e9e\" \/>\n\t<meta name=\"twitter:data2\" content=\"3 minutes\" \/>\n<script type=\"application\/ld+json\" class=\"yoast-schema-graph\">{\"@context\":\"https:\\\/\\\/schema.org\",\"@graph\":[{\"@type\":\"Article\",\"@id\":\"https:\\\/\\\/www.mondocamping.com\\\/fr\\\/le-sud-de-litalie-en-septembre-des-plages-de-reve-et-un-climat-ideal-en-camping-car\\\/#article\",\"isPartOf\":{\"@id\":\"https:\\\/\\\/www.mondocamping.com\\\/fr\\\/le-sud-de-litalie-en-septembre-des-plages-de-reve-et-un-climat-ideal-en-camping-car\\\/\"},\"author\":{\"name\":\"Mondo Camping\",\"@id\":\"https:\\\/\\\/www.mondocamping.com\\\/#\\\/schema\\\/person\\\/01a031b8c5ef08c2204bb0e696f0a760\"},\"headline\":\"Le sud de l&rsquo;Italie en septembre : des plages de r\u00eave et un climat id\u00e9al en camping-car\",\"datePublished\":\"2026-08-30T10:36:44+00:00\",\"dateModified\":\"2026-08-30T11:52:50+00:00\",\"mainEntityOfPage\":{\"@id\":\"https:\\\/\\\/www.mondocamping.com\\\/fr\\\/le-sud-de-litalie-en-septembre-des-plages-de-reve-et-un-climat-ideal-en-camping-car\\\/\"},\"wordCount\":530,\"publisher\":{\"@id\":\"https:\\\/\\\/www.mondocamping.com\\\/#organization\"},\"image\":{\"@id\":\"https:\\\/\\\/www.mondocamping.com\\\/fr\\\/le-sud-de-litalie-en-septembre-des-plages-de-reve-et-un-climat-ideal-en-camping-car\\\/#primaryimage\"},\"thumbnailUrl\":\"https:\\\/\\\/www.mondocamping.com\\\/wp-content\\\/uploads\\\/2026\\\/08\\\/camper_a_settembre.jpg\",\"keywords\":[\"Camperasettembre\",\"Mondo Camping\"],\"articleSection\":[\"Vie en plein air\"],\"inLanguage\":\"fr-FR\"},{\"@type\":\"WebPage\",\"@id\":\"https:\\\/\\\/www.mondocamping.com\\\/fr\\\/le-sud-de-litalie-en-septembre-des-plages-de-reve-et-un-climat-ideal-en-camping-car\\\/\",\"url\":\"https:\\\/\\\/www.mondocamping.com\\\/fr\\\/le-sud-de-litalie-en-septembre-des-plages-de-reve-et-un-climat-ideal-en-camping-car\\\/\",\"name\":\"Des vacances dans le sud de l'Italie en septembre, entre mer, soleil et d\u00e9tente en camping-car\",\"isPartOf\":{\"@id\":\"https:\\\/\\\/www.mondocamping.com\\\/#website\"},\"primaryImageOfPage\":{\"@id\":\"https:\\\/\\\/www.mondocamping.com\\\/fr\\\/le-sud-de-litalie-en-septembre-des-plages-de-reve-et-un-climat-ideal-en-camping-car\\\/#primaryimage\"},\"image\":{\"@id\":\"https:\\\/\\\/www.mondocamping.com\\\/fr\\\/le-sud-de-litalie-en-septembre-des-plages-de-reve-et-un-climat-ideal-en-camping-car\\\/#primaryimage\"},\"thumbnailUrl\":\"https:\\\/\\\/www.mondocamping.com\\\/wp-content\\\/uploads\\\/2026\\\/08\\\/camper_a_settembre.jpg\",\"datePublished\":\"2026-08-30T10:36:44+00:00\",\"dateModified\":\"2026-08-30T11:52:50+00:00\",\"description\":\"Vous pr\u00e9voyez un voyage dans le sud de l'Italie en septembre ? Voici les destinations id\u00e9ales \u00e0 d\u00e9couvrir en camping-car, entre plages aux eaux cristallines, culture et traditions mill\u00e9naires.\",\"breadcrumb\":{\"@id\":\"https:\\\/\\\/www.mondocamping.com\\\/fr\\\/le-sud-de-litalie-en-septembre-des-plages-de-reve-et-un-climat-ideal-en-camping-car\\\/#breadcrumb\"},\"inLanguage\":\"fr-FR\",\"potentialAction\":[{\"@type\":\"ReadAction\",\"target\":[\"https:\\\/\\\/www.mondocamping.com\\\/fr\\\/le-sud-de-litalie-en-septembre-des-plages-de-reve-et-un-climat-ideal-en-camping-car\\\/\"]}]},{\"@type\":\"ImageObject\",\"inLanguage\":\"fr-FR\",\"@id\":\"https:\\\/\\\/www.mondocamping.com\\\/fr\\\/le-sud-de-litalie-en-septembre-des-plages-de-reve-et-un-climat-ideal-en-camping-car\\\/#primaryimage\",\"url\":\"https:\\\/\\\/www.mondocamping.com\\\/wp-content\\\/uploads\\\/2026\\\/08\\\/camper_a_settembre.jpg\",\"contentUrl\":\"https:\\\/\\\/www.mondocamping.com\\\/wp-content\\\/uploads\\\/2026\\\/08\\\/camper_a_settembre.jpg\",\"width\":800,\"height\":447,\"caption\":\"camper a settembre\"},{\"@type\":\"BreadcrumbList\",\"@id\":\"https:\\\/\\\/www.mondocamping.com\\\/fr\\\/le-sud-de-litalie-en-septembre-des-plages-de-reve-et-un-climat-ideal-en-camping-car\\\/#breadcrumb\",\"itemListElement\":[{\"@type\":\"ListItem\",\"position\":1,\"name\":\"Home\",\"item\":\"https:\\\/\\\/www.mondocamping.com\\\/fr\\\/\"},{\"@type\":\"ListItem\",\"position\":2,\"name\":\"Le sud de l&#8217;Italie en septembre : des plages de r\u00eave et un climat id\u00e9al en camping-car\"}]},{\"@type\":\"WebSite\",\"@id\":\"https:\\\/\\\/www.mondocamping.com\\\/#website\",\"url\":\"https:\\\/\\\/www.mondocamping.com\\\/\",\"name\":\"Mondo Camping\",\"description\":\"Le portail d\u00e9di\u00e9 aux gestionnaires de campings et villages touristiques\",\"publisher\":{\"@id\":\"https:\\\/\\\/www.mondocamping.com\\\/#organization\"},\"potentialAction\":[{\"@type\":\"SearchAction\",\"target\":{\"@type\":\"EntryPoint\",\"urlTemplate\":\"https:\\\/\\\/www.mondocamping.com\\\/?s={search_term_string}\"},\"query-input\":{\"@type\":\"PropertyValueSpecification\",\"valueRequired\":true,\"valueName\":\"search_term_string\"}}],\"inLanguage\":\"fr-FR\"},{\"@type\":\"Organization\",\"@id\":\"https:\\\/\\\/www.mondocamping.com\\\/#organization\",\"name\":\"Mondo Camping\",\"url\":\"https:\\\/\\\/www.mondocamping.com\\\/\",\"logo\":{\"@type\":\"ImageObject\",\"inLanguage\":\"fr-FR\",\"@id\":\"https:\\\/\\\/www.mondocamping.com\\\/#\\\/schema\\\/logo\\\/image\\\/\",\"url\":\"https:\\\/\\\/www.mondocamping.com\\\/wp-content\\\/uploads\\\/2022\\\/04\\\/mondo-camping-logo-contornato-1.png\",\"contentUrl\":\"https:\\\/\\\/www.mondocamping.com\\\/wp-content\\\/uploads\\\/2022\\\/04\\\/mondo-camping-logo-contornato-1.png\",\"width\":280,\"height\":90,\"caption\":\"Mondo Camping\"},\"image\":{\"@id\":\"https:\\\/\\\/www.mondocamping.com\\\/#\\\/schema\\\/logo\\\/image\\\/\"},\"sameAs\":[\"https:\\\/\\\/www.facebook.com\\\/mondobalneare\",\"https:\\\/\\\/x.com\\\/mondobalneare\",\"https:\\\/\\\/www.instagram.com\\\/mondobalneare\\\/\",\"https:\\\/\\\/www.linkedin.com\\\/company\\\/67180810\\\/\",\"https:\\\/\\\/www.youtube.com\\\/user\\\/mondobalnearevideo\"]},{\"@type\":\"Person\",\"@id\":\"https:\\\/\\\/www.mondocamping.com\\\/#\\\/schema\\\/person\\\/01a031b8c5ef08c2204bb0e696f0a760\",\"name\":\"Mondo Camping\",\"image\":{\"@type\":\"ImageObject\",\"inLanguage\":\"fr-FR\",\"@id\":\"https:\\\/\\\/www.mondocamping.com\\\/wp-content\\\/uploads\\\/2022\\\/05\\\/cropped-icona-MONDO-CAMPING-150x150.png\",\"url\":\"https:\\\/\\\/www.mondocamping.com\\\/wp-content\\\/uploads\\\/2022\\\/05\\\/cropped-icona-MONDO-CAMPING-150x150.png\",\"contentUrl\":\"https:\\\/\\\/www.mondocamping.com\\\/wp-content\\\/uploads\\\/2022\\\/05\\\/cropped-icona-MONDO-CAMPING-150x150.png\",\"caption\":\"Mondo Camping\"},\"sameAs\":[\"https:\\\/\\\/www.mondocamping.com\\\/\",\"https:\\\/\\\/www.facebook.com\\\/mondocamping\"]}]}<\/script>\n<!-- \/ Yoast SEO plugin. -->","yoast_head_json":{"title":"Des vacances dans le sud de l'Italie en septembre, entre mer, soleil et d\u00e9tente en camping-car","description":"Vous pr\u00e9voyez un voyage dans le sud de l'Italie en septembre ? Voici les destinations id\u00e9ales \u00e0 d\u00e9couvrir en camping-car, entre plages aux eaux cristallines, culture et traditions mill\u00e9naires.","robots":{"index":"index","follow":"follow","max-snippet":"max-snippet:-1","max-image-preview":"max-image-preview:large","max-video-preview":"max-video-preview:-1"},"canonical":"https:\/\/www.mondocamping.com\/fr\/le-sud-de-litalie-en-septembre-des-plages-de-reve-et-un-climat-ideal-en-camping-car\/","og_locale":"fr_FR","og_type":"article","og_title":"Des vacances dans le sud de l'Italie en septembre, entre mer, soleil et d\u00e9tente en camping-car","og_description":"Vous pr\u00e9voyez un voyage dans le sud de l'Italie en septembre ? Voici les destinations id\u00e9ales \u00e0 d\u00e9couvrir en camping-car, entre plages aux eaux cristallines, culture et traditions mill\u00e9naires.","og_url":"https:\/\/www.mondocamping.com\/fr\/le-sud-de-litalie-en-septembre-des-plages-de-reve-et-un-climat-ideal-en-camping-car\/","og_site_name":"Mondo Camping","article_publisher":"https:\/\/www.facebook.com\/mondobalneare","article_author":"https:\/\/www.facebook.com\/mondocamping","article_published_time":"2026-08-30T10:36:44+00:00","article_modified_time":"2026-08-30T11:52:50+00:00","og_image":[{"width":800,"height":447,"url":"https:\/\/www.mondocamping.com\/wp-content\/uploads\/2026\/08\/camper_a_settembre.jpg","type":"image\/jpeg"}],"author":"Mondo Camping","twitter_card":"summary_large_image","twitter_creator":"@mondobalneare","twitter_site":"@mondobalneare","twitter_misc":{"\u00c9crit par":"Mondo Camping","Dur\u00e9e de lecture estim\u00e9e":"3 minutes"},"schema":{"@context":"https:\/\/schema.org","@graph":[{"@type":"Article","@id":"https:\/\/www.mondocamping.com\/fr\/le-sud-de-litalie-en-septembre-des-plages-de-reve-et-un-climat-ideal-en-camping-car\/#article","isPartOf":{"@id":"https:\/\/www.mondocamping.com\/fr\/le-sud-de-litalie-en-septembre-des-plages-de-reve-et-un-climat-ideal-en-camping-car\/"},"author":{"name":"Mondo Camping","@id":"https:\/\/www.mondocamping.com\/#\/schema\/person\/01a031b8c5ef08c2204bb0e696f0a760"},"headline":"Le sud de l&rsquo;Italie en septembre : des plages de r\u00eave et un climat id\u00e9al en camping-car","datePublished":"2026-08-30T10:36:44+00:00","dateModified":"2026-08-30T11:52:50+00:00","mainEntityOfPage":{"@id":"https:\/\/www.mondocamping.com\/fr\/le-sud-de-litalie-en-septembre-des-plages-de-reve-et-un-climat-ideal-en-camping-car\/"},"wordCount":530,"publisher":{"@id":"https:\/\/www.mondocamping.com\/#organization"},"image":{"@id":"https:\/\/www.mondocamping.com\/fr\/le-sud-de-litalie-en-septembre-des-plages-de-reve-et-un-climat-ideal-en-camping-car\/#primaryimage"},"thumbnailUrl":"https:\/\/www.mondocamping.com\/wp-content\/uploads\/2026\/08\/camper_a_settembre.jpg","keywords":["Camperasettembre","Mondo Camping"],"articleSection":["Vie en plein air"],"inLanguage":"fr-FR"},{"@type":"WebPage","@id":"https:\/\/www.mondocamping.com\/fr\/le-sud-de-litalie-en-septembre-des-plages-de-reve-et-un-climat-ideal-en-camping-car\/","url":"https:\/\/www.mondocamping.com\/fr\/le-sud-de-litalie-en-septembre-des-plages-de-reve-et-un-climat-ideal-en-camping-car\/","name":"Des vacances dans le sud de l'Italie en septembre, entre mer, soleil et d\u00e9tente en camping-car","isPartOf":{"@id":"https:\/\/www.mondocamping.com\/#website"},"primaryImageOfPage":{"@id":"https:\/\/www.mondocamping.com\/fr\/le-sud-de-litalie-en-septembre-des-plages-de-reve-et-un-climat-ideal-en-camping-car\/#primaryimage"},"image":{"@id":"https:\/\/www.mondocamping.com\/fr\/le-sud-de-litalie-en-septembre-des-plages-de-reve-et-un-climat-ideal-en-camping-car\/#primaryimage"},"thumbnailUrl":"https:\/\/www.mondocamping.com\/wp-content\/uploads\/2026\/08\/camper_a_settembre.jpg","datePublished":"2026-08-30T10:36:44+00:00","dateModified":"2026-08-30T11:52:50+00:00","description":"Vous pr\u00e9voyez un voyage dans le sud de l'Italie en septembre ? Voici les destinations id\u00e9ales \u00e0 d\u00e9couvrir en camping-car, entre plages aux eaux cristallines, culture et traditions mill\u00e9naires.","breadcrumb":{"@id":"https:\/\/www.mondocamping.com\/fr\/le-sud-de-litalie-en-septembre-des-plages-de-reve-et-un-climat-ideal-en-camping-car\/#breadcrumb"},"inLanguage":"fr-FR","potentialAction":[{"@type":"ReadAction","target":["https:\/\/www.mondocamping.com\/fr\/le-sud-de-litalie-en-septembre-des-plages-de-reve-et-un-climat-ideal-en-camping-car\/"]}]},{"@type":"ImageObject","inLanguage":"fr-FR","@id":"https:\/\/www.mondocamping.com\/fr\/le-sud-de-litalie-en-septembre-des-plages-de-reve-et-un-climat-ideal-en-camping-car\/#primaryimage","url":"https:\/\/www.mondocamping.com\/wp-content\/uploads\/2026\/08\/camper_a_settembre.jpg","contentUrl":"https:\/\/www.mondocamping.com\/wp-content\/uploads\/2026\/08\/camper_a_settembre.jpg","width":800,"height":447,"caption":"camper a settembre"},{"@type":"BreadcrumbList","@id":"https:\/\/www.mondocamping.com\/fr\/le-sud-de-litalie-en-septembre-des-plages-de-reve-et-un-climat-ideal-en-camping-car\/#breadcrumb","itemListElement":[{"@type":"ListItem","position":1,"name":"Home","item":"https:\/\/www.mondocamping.com\/fr\/"},{"@type":"ListItem","position":2,"name":"Le sud de l&#8217;Italie en septembre : des plages de r\u00eave et un climat id\u00e9al en camping-car"}]},{"@type":"WebSite","@id":"https:\/\/www.mondocamping.com\/#website","url":"https:\/\/www.mondocamping.com\/","name":"Mondo Camping","description":"Le portail d\u00e9di\u00e9 aux gestionnaires de campings et villages touristiques","publisher":{"@id":"https:\/\/www.mondocamping.com\/#organization"},"potentialAction":[{"@type":"SearchAction","target":{"@type":"EntryPoint","urlTemplate":"https:\/\/www.mondocamping.com\/?s={search_term_string}"},"query-input":{"@type":"PropertyValueSpecification","valueRequired":true,"valueName":"search_term_string"}}],"inLanguage":"fr-FR"},{"@type":"Organization","@id":"https:\/\/www.mondocamping.com\/#organization","name":"Mondo Camping","url":"https:\/\/www.mondocamping.com\/","logo":{"@type":"ImageObject","inLanguage":"fr-FR","@id":"https:\/\/www.mondocamping.com\/#\/schema\/logo\/image\/","url":"https:\/\/www.mondocamping.com\/wp-content\/uploads\/2022\/04\/mondo-camping-logo-contornato-1.png","contentUrl":"https:\/\/www.mondocamping.com\/wp-content\/uploads\/2022\/04\/mondo-camping-logo-contornato-1.png","width":280,"height":90,"caption":"Mondo Camping"},"image":{"@id":"https:\/\/www.mondocamping.com\/#\/schema\/logo\/image\/"},"sameAs":["https:\/\/www.facebook.com\/mondobalneare","https:\/\/x.com\/mondobalneare","https:\/\/www.instagram.com\/mondobalneare\/","https:\/\/www.linkedin.com\/company\/67180810\/","https:\/\/www.youtube.com\/user\/mondobalnearevideo"]},{"@type":"Person","@id":"https:\/\/www.mondocamping.com\/#\/schema\/person\/01a031b8c5ef08c2204bb0e696f0a760","name":"Mondo Camping","image":{"@type":"ImageObject","inLanguage":"fr-FR","@id":"https:\/\/www.mondocamping.com\/wp-content\/uploads\/2022\/05\/cropped-icona-MONDO-CAMPING-150x150.png","url":"https:\/\/www.mondocamping.com\/wp-content\/uploads\/2022\/05\/cropped-icona-MONDO-CAMPING-150x150.png","contentUrl":"https:\/\/www.mondocamping.com\/wp-content\/uploads\/2022\/05\/cropped-icona-MONDO-CAMPING-150x150.png","caption":"Mondo Camping"},"sameAs":["https:\/\/www.mondocamping.com\/","https:\/\/www.facebook.com\/mondocamping"]}]}},"_links":{"self":[{"href":"https:\/\/www.mondocamping.com\/fr\/wp-json\/wp\/v2\/posts\/179896","targetHints":{"allow":["GET"]}}],"collection":[{"href":"https:\/\/www.mondocamping.com\/fr\/wp-json\/wp\/v2\/posts"}],"about":[{"href":"https:\/\/www.mondocamping.com\/fr\/wp-json\/wp\/v2\/types\/post"}],"author":[{"embeddable":true,"href":"https:\/\/www.mondocamping.com\/fr\/wp-json\/wp\/v2\/users\/5"}],"replies":[{"embeddable":true,"href":"https:\/\/www.mondocamping.com\/fr\/wp-json\/wp\/v2\/comments?post=179896"}],"version-history":[{"count":1,"href":"https:\/\/www.mondocamping.com\/fr\/wp-json\/wp\/v2\/posts\/179896\/revisions"}],"predecessor-version":[{"id":179897,"href":"https:\/\/www.mondocamping.com\/fr\/wp-json\/wp\/v2\/posts\/179896\/revisions\/179897"}],"wp:featuredmedia":[{"embeddable":true,"href":"https:\/\/www.mondocamping.com\/fr\/wp-json\/wp\/v2\/media\/179892"}],"wp:attachment":[{"href":"https:\/\/www.mondocamping.com\/fr\/wp-json\/wp\/v2\/media?parent=179896"}],"wp:term":[{"taxonomy":"category","embeddable":true,"href":"https:\/\/www.mondocamping.com\/fr\/wp-json\/wp\/v2\/categories?post=179896"},{"taxonomy":"post_tag","embeddable":true,"href":"https:\/\/www.mondocamping.com\/fr\/wp-json\/wp\/v2\/tags?post=179896"}],"curies":[{"name":"wp","href":"https:\/\/api.w.org\/{rel}","templated":true}]}}