{"id":179930,"date":"2026-09-05T14:16:56","date_gmt":"2026-09-05T12:16:56","guid":{"rendered":"https:\/\/www.mondocamping.com\/forum-open-air-2026-le-grand-rendez-vous-consacre-a-lavenir-du-tourisme-de-plein-air\/"},"modified":"2026-09-05T14:16:56","modified_gmt":"2026-09-05T12:16:56","slug":"forum-open-air-2026-le-grand-rendez-vous-consacre-a-lavenir-du-tourisme-de-plein-air","status":"publish","type":"post","link":"https:\/\/www.mondocamping.com\/fr\/forum-open-air-2026-le-grand-rendez-vous-consacre-a-lavenir-du-tourisme-de-plein-air\/","title":{"rendered":"Forum Open Air 2026 : le grand rendez-vous consacr\u00e9 \u00e0 l&rsquo;avenir du tourisme de plein air"},"content":{"rendered":"\n<p class=\"wp-block-paragraph\">Le secteur du tourisme de plein air en Italie s&rsquo;appr\u00eate \u00e0 vivre l&rsquo;un des \u00e9v\u00e9nements les plus marquants de la saison gr\u00e2ce \u00e0 ce nouveau rendez-vous national consacr\u00e9 au d\u00e9veloppement de la fili\u00e8re. Les op\u00e9rateurs et les professionnels de la fili\u00e8re touristique ont d\u00e9j\u00e0 les yeux riv\u00e9s sur la troisi\u00e8me \u00e9dition de cet \u00e9v\u00e9nement majeur, qui promet de tracer la voie pour les ann\u00e9es \u00e0 venir. L\u2019attente est particuli\u00e8rement grande pour d\u00e9couvrir toutes les nouveaut\u00e9s qui caract\u00e9riseront ce salon incontournable d\u00e9di\u00e9 au d\u00e9veloppement et \u00e0 la modernisation des structures d\u2019h\u00e9bergement de plein air dans notre pays.<\/p>\n\n<h2 class=\"wp-block-heading\">Les dates et le lieu prestigieux dans la capitale<\/h2>\n\n<p class=\"wp-block-paragraph\">L&rsquo;\u00e9v\u00e9nement se d\u00e9roulera officiellement les 26 et 27 octobre 2026 dans le cadre splendide de Rome, confirmant ainsi que l&rsquo;Auditorium del Massimo est le lieu id\u00e9al pour accueillir les travaux du congr\u00e8s. Le choix de ce lieu prestigieux permettra d\u2019accueillir dans les meilleures conditions des centaines de participants venus de toutes les r\u00e9gions d\u2019Italie et de divers march\u00e9s internationaux. Les organisateurs ont \u00e9labor\u00e9 un programme riche en rendez-vous afin d\u2019offrir \u00e0 tous les participants une exp\u00e9rience de formation de tr\u00e8s haut niveau et des moments de r\u00e9seautage uniques. Participer au Forum Open Air 2026, c\u2019est s\u2019immerger pleinement dans un environnement dynamique et riche en stimuli professionnels, sp\u00e9cialement con\u00e7u pour les gestionnaires de campings, de villages de vacances et d\u2019aires de repos.<\/p>\n\n<h2 class=\"wp-block-heading\">D\u00e9veloppement durable, technologie et nouvelles strat\u00e9gies de croissance<\/h2>\n\n<p class=\"wp-block-paragraph\">Les th\u00e8mes centraux autour desquels s&rsquo;articuleront les nombreuses conf\u00e9rences et ateliers de l&rsquo;\u00e9v\u00e9nement porteront sur la transition \u00e9cologique, la num\u00e9risation des services et les nouveaux mod\u00e8les de gouvernance d&rsquo;entreprise. Les entreprises du secteur sont appel\u00e9es \u00e0 relever des d\u00e9fis de plus en plus complexes li\u00e9s \u00e0 la durabilit\u00e9 environnementale et aux attentes de voyageurs toujours plus attentifs et exigeants. Au cours de ces journ\u00e9es \u00e0 Rome, des experts du secteur, des dirigeants et des repr\u00e9sentants institutionnels se succ\u00e9deront pour analyser les donn\u00e9es relatives aux flux touristiques et partager les meilleures pratiques de gestion. Tirer parti des opportunit\u00e9s offertes par le Forum Open Air 2026 constituera un avantage concurrentiel fondamental pour anticiper les tendances du march\u00e9 et renouveler votre offre d\u2019h\u00e9bergement gr\u00e2ce \u00e0 des solutions de pointe.<\/p>\n\n<p class=\"wp-block-paragraph\">Informations : <a href=\"https:\/\/forumopenair.it\/\" target=\"_blank\" rel=\"noreferrer noopener\">forumopenair<\/a><\/p>\n\n<p class=\"wp-block-paragraph\"><\/p>\n","protected":false},"excerpt":{"rendered":"<p>Troisi\u00e8me \u00e9dition du Forum Open Air 2026, l&rsquo;\u00e9v\u00e9nement organis\u00e9 par la FAITA Federcamping qui se tiendra \u00e0 Rome les 26 et 27 octobre 2026 afin d&rsquo;aborder les th\u00e8mes de l&rsquo;innovation, du d\u00e9veloppement durable et du tourisme de plein air.<\/p>\n","protected":false},"author":5,"featured_media":179926,"comment_status":"closed","ping_status":"closed","sticky":false,"template":"","format":"standard","meta":{"_acf_changed":false,"_monsterinsights_skip_tracking":false,"_monsterinsights_sitenote_active":false,"_monsterinsights_sitenote_note":"","_monsterinsights_sitenote_category":0,"footnotes":""},"categories":[4292],"tags":[4077,8289,4262],"class_list":["post-179930","post","type-post","status-publish","format-standard","has-post-thumbnail","hentry","category-evenements","tag-faita-federcamping-fr","tag-forum-en-plein-air-2","tag-mondo-camping-fr"],"acf":[],"yoast_head":"<!-- This site is optimized with the Yoast SEO plugin v28.0 - https:\/\/yoast.com\/product\/yoast-seo-wordpress\/ -->\n<title>Forum Open Air 2026 : innovation et avenir du tourisme de plein air \u00e0 Rome<\/title>\n<meta name=\"description\" content=\"D\u00e9couvrez toutes les nouveaut\u00e9s du Forum Open Air 2026, l&#039;\u00e9v\u00e9nement incontournable du tourisme de plein air qui se tiendra \u00e0 Rome les 26 et 27 octobre.\" \/>\n<meta name=\"robots\" content=\"index, follow, max-snippet:-1, max-image-preview:large, max-video-preview:-1\" \/>\n<link rel=\"canonical\" href=\"https:\/\/www.mondocamping.com\/fr\/forum-open-air-2026-le-grand-rendez-vous-consacre-a-lavenir-du-tourisme-de-plein-air\/\" \/>\n<meta property=\"og:locale\" content=\"fr_FR\" \/>\n<meta property=\"og:type\" content=\"article\" \/>\n<meta property=\"og:title\" content=\"Forum Open Air 2026 : innovation et avenir du tourisme de plein air \u00e0 Rome\" \/>\n<meta property=\"og:description\" content=\"D\u00e9couvrez toutes les nouveaut\u00e9s du Forum Open Air 2026, l&#039;\u00e9v\u00e9nement incontournable du tourisme de plein air qui se tiendra \u00e0 Rome les 26 et 27 octobre.\" \/>\n<meta property=\"og:url\" content=\"https:\/\/www.mondocamping.com\/fr\/forum-open-air-2026-le-grand-rendez-vous-consacre-a-lavenir-du-tourisme-de-plein-air\/\" \/>\n<meta property=\"og:site_name\" content=\"Mondo Camping\" \/>\n<meta property=\"article:publisher\" content=\"https:\/\/www.facebook.com\/mondobalneare\" \/>\n<meta property=\"article:author\" content=\"https:\/\/www.facebook.com\/mondocamping\" \/>\n<meta property=\"article:published_time\" content=\"2026-09-05T12:16:56+00:00\" \/>\n<meta property=\"og:image\" content=\"https:\/\/www.mondocamping.com\/wp-content\/uploads\/2026\/09\/Forum_Open_Air_2026.jpg\" \/>\n\t<meta property=\"og:image:width\" content=\"800\" \/>\n\t<meta property=\"og:image:height\" content=\"420\" \/>\n\t<meta property=\"og:image:type\" content=\"image\/jpeg\" \/>\n<meta name=\"author\" content=\"Mondo Camping\" \/>\n<meta name=\"twitter:card\" content=\"summary_large_image\" \/>\n<meta name=\"twitter:creator\" content=\"@mondobalneare\" \/>\n<meta name=\"twitter:site\" content=\"@mondobalneare\" \/>\n<meta name=\"twitter:label1\" content=\"\u00c9crit par\" \/>\n\t<meta name=\"twitter:data1\" content=\"Mondo Camping\" \/>\n\t<meta name=\"twitter:label2\" content=\"Dur\u00e9e de lecture estim\u00e9e\" \/>\n\t<meta name=\"twitter:data2\" content=\"2 minutes\" \/>\n<script type=\"application\/ld+json\" class=\"yoast-schema-graph\">{\"@context\":\"https:\\\/\\\/schema.org\",\"@graph\":[{\"@type\":\"Article\",\"@id\":\"https:\\\/\\\/www.mondocamping.com\\\/fr\\\/forum-open-air-2026-le-grand-rendez-vous-consacre-a-lavenir-du-tourisme-de-plein-air\\\/#article\",\"isPartOf\":{\"@id\":\"https:\\\/\\\/www.mondocamping.com\\\/fr\\\/forum-open-air-2026-le-grand-rendez-vous-consacre-a-lavenir-du-tourisme-de-plein-air\\\/\"},\"author\":{\"name\":\"Mondo Camping\",\"@id\":\"https:\\\/\\\/www.mondocamping.com\\\/#\\\/schema\\\/person\\\/01a031b8c5ef08c2204bb0e696f0a760\"},\"headline\":\"Forum Open Air 2026 : le grand rendez-vous consacr\u00e9 \u00e0 l&rsquo;avenir du tourisme de plein air\",\"datePublished\":\"2026-09-05T12:16:56+00:00\",\"mainEntityOfPage\":{\"@id\":\"https:\\\/\\\/www.mondocamping.com\\\/fr\\\/forum-open-air-2026-le-grand-rendez-vous-consacre-a-lavenir-du-tourisme-de-plein-air\\\/\"},\"wordCount\":425,\"publisher\":{\"@id\":\"https:\\\/\\\/www.mondocamping.com\\\/#organization\"},\"image\":{\"@id\":\"https:\\\/\\\/www.mondocamping.com\\\/fr\\\/forum-open-air-2026-le-grand-rendez-vous-consacre-a-lavenir-du-tourisme-de-plein-air\\\/#primaryimage\"},\"thumbnailUrl\":\"https:\\\/\\\/www.mondocamping.com\\\/wp-content\\\/uploads\\\/2026\\\/09\\\/Forum_Open_Air_2026.jpg\",\"keywords\":[\"Faita Federcamping\",\"Forum en plein air\",\"Mondo Camping\"],\"articleSection\":[\"\u00c9v\u00e9nements\"],\"inLanguage\":\"fr-FR\"},{\"@type\":\"WebPage\",\"@id\":\"https:\\\/\\\/www.mondocamping.com\\\/fr\\\/forum-open-air-2026-le-grand-rendez-vous-consacre-a-lavenir-du-tourisme-de-plein-air\\\/\",\"url\":\"https:\\\/\\\/www.mondocamping.com\\\/fr\\\/forum-open-air-2026-le-grand-rendez-vous-consacre-a-lavenir-du-tourisme-de-plein-air\\\/\",\"name\":\"Forum Open Air 2026 : innovation et avenir du tourisme de plein air \u00e0 Rome\",\"isPartOf\":{\"@id\":\"https:\\\/\\\/www.mondocamping.com\\\/#website\"},\"primaryImageOfPage\":{\"@id\":\"https:\\\/\\\/www.mondocamping.com\\\/fr\\\/forum-open-air-2026-le-grand-rendez-vous-consacre-a-lavenir-du-tourisme-de-plein-air\\\/#primaryimage\"},\"image\":{\"@id\":\"https:\\\/\\\/www.mondocamping.com\\\/fr\\\/forum-open-air-2026-le-grand-rendez-vous-consacre-a-lavenir-du-tourisme-de-plein-air\\\/#primaryimage\"},\"thumbnailUrl\":\"https:\\\/\\\/www.mondocamping.com\\\/wp-content\\\/uploads\\\/2026\\\/09\\\/Forum_Open_Air_2026.jpg\",\"datePublished\":\"2026-09-05T12:16:56+00:00\",\"description\":\"D\u00e9couvrez toutes les nouveaut\u00e9s du Forum Open Air 2026, l'\u00e9v\u00e9nement incontournable du tourisme de plein air qui se tiendra \u00e0 Rome les 26 et 27 octobre.\",\"breadcrumb\":{\"@id\":\"https:\\\/\\\/www.mondocamping.com\\\/fr\\\/forum-open-air-2026-le-grand-rendez-vous-consacre-a-lavenir-du-tourisme-de-plein-air\\\/#breadcrumb\"},\"inLanguage\":\"fr-FR\",\"potentialAction\":[{\"@type\":\"ReadAction\",\"target\":[\"https:\\\/\\\/www.mondocamping.com\\\/fr\\\/forum-open-air-2026-le-grand-rendez-vous-consacre-a-lavenir-du-tourisme-de-plein-air\\\/\"]}]},{\"@type\":\"ImageObject\",\"inLanguage\":\"fr-FR\",\"@id\":\"https:\\\/\\\/www.mondocamping.com\\\/fr\\\/forum-open-air-2026-le-grand-rendez-vous-consacre-a-lavenir-du-tourisme-de-plein-air\\\/#primaryimage\",\"url\":\"https:\\\/\\\/www.mondocamping.com\\\/wp-content\\\/uploads\\\/2026\\\/09\\\/Forum_Open_Air_2026.jpg\",\"contentUrl\":\"https:\\\/\\\/www.mondocamping.com\\\/wp-content\\\/uploads\\\/2026\\\/09\\\/Forum_Open_Air_2026.jpg\",\"width\":800,\"height\":420,\"caption\":\"Forum Open Air 2026\"},{\"@type\":\"BreadcrumbList\",\"@id\":\"https:\\\/\\\/www.mondocamping.com\\\/fr\\\/forum-open-air-2026-le-grand-rendez-vous-consacre-a-lavenir-du-tourisme-de-plein-air\\\/#breadcrumb\",\"itemListElement\":[{\"@type\":\"ListItem\",\"position\":1,\"name\":\"Home\",\"item\":\"https:\\\/\\\/www.mondocamping.com\\\/fr\\\/\"},{\"@type\":\"ListItem\",\"position\":2,\"name\":\"Forum Open Air 2026 : le grand rendez-vous consacr\u00e9 \u00e0 l&rsquo;avenir du tourisme de plein air\"}]},{\"@type\":\"WebSite\",\"@id\":\"https:\\\/\\\/www.mondocamping.com\\\/#website\",\"url\":\"https:\\\/\\\/www.mondocamping.com\\\/\",\"name\":\"Mondo Camping\",\"description\":\"Le portail d\u00e9di\u00e9 aux gestionnaires de campings et villages touristiques\",\"publisher\":{\"@id\":\"https:\\\/\\\/www.mondocamping.com\\\/#organization\"},\"potentialAction\":[{\"@type\":\"SearchAction\",\"target\":{\"@type\":\"EntryPoint\",\"urlTemplate\":\"https:\\\/\\\/www.mondocamping.com\\\/?s={search_term_string}\"},\"query-input\":{\"@type\":\"PropertyValueSpecification\",\"valueRequired\":true,\"valueName\":\"search_term_string\"}}],\"inLanguage\":\"fr-FR\"},{\"@type\":\"Organization\",\"@id\":\"https:\\\/\\\/www.mondocamping.com\\\/#organization\",\"name\":\"Mondo Camping\",\"url\":\"https:\\\/\\\/www.mondocamping.com\\\/\",\"logo\":{\"@type\":\"ImageObject\",\"inLanguage\":\"fr-FR\",\"@id\":\"https:\\\/\\\/www.mondocamping.com\\\/#\\\/schema\\\/logo\\\/image\\\/\",\"url\":\"https:\\\/\\\/www.mondocamping.com\\\/wp-content\\\/uploads\\\/2022\\\/04\\\/mondo-camping-logo-contornato-1.png\",\"contentUrl\":\"https:\\\/\\\/www.mondocamping.com\\\/wp-content\\\/uploads\\\/2022\\\/04\\\/mondo-camping-logo-contornato-1.png\",\"width\":280,\"height\":90,\"caption\":\"Mondo Camping\"},\"image\":{\"@id\":\"https:\\\/\\\/www.mondocamping.com\\\/#\\\/schema\\\/logo\\\/image\\\/\"},\"sameAs\":[\"https:\\\/\\\/www.facebook.com\\\/mondobalneare\",\"https:\\\/\\\/x.com\\\/mondobalneare\",\"https:\\\/\\\/www.instagram.com\\\/mondobalneare\\\/\",\"https:\\\/\\\/www.linkedin.com\\\/company\\\/67180810\\\/\",\"https:\\\/\\\/www.youtube.com\\\/user\\\/mondobalnearevideo\"]},{\"@type\":\"Person\",\"@id\":\"https:\\\/\\\/www.mondocamping.com\\\/#\\\/schema\\\/person\\\/01a031b8c5ef08c2204bb0e696f0a760\",\"name\":\"Mondo Camping\",\"image\":{\"@type\":\"ImageObject\",\"inLanguage\":\"fr-FR\",\"@id\":\"https:\\\/\\\/www.mondocamping.com\\\/wp-content\\\/uploads\\\/2022\\\/05\\\/cropped-icona-MONDO-CAMPING-150x150.png\",\"url\":\"https:\\\/\\\/www.mondocamping.com\\\/wp-content\\\/uploads\\\/2022\\\/05\\\/cropped-icona-MONDO-CAMPING-150x150.png\",\"contentUrl\":\"https:\\\/\\\/www.mondocamping.com\\\/wp-content\\\/uploads\\\/2022\\\/05\\\/cropped-icona-MONDO-CAMPING-150x150.png\",\"caption\":\"Mondo Camping\"},\"sameAs\":[\"https:\\\/\\\/www.mondocamping.com\\\/\",\"https:\\\/\\\/www.facebook.com\\\/mondocamping\"]}]}<\/script>\n<!-- \/ Yoast SEO plugin. -->","yoast_head_json":{"title":"Forum Open Air 2026 : innovation et avenir du tourisme de plein air \u00e0 Rome","description":"D\u00e9couvrez toutes les nouveaut\u00e9s du Forum Open Air 2026, l'\u00e9v\u00e9nement incontournable du tourisme de plein air qui se tiendra \u00e0 Rome les 26 et 27 octobre.","robots":{"index":"index","follow":"follow","max-snippet":"max-snippet:-1","max-image-preview":"max-image-preview:large","max-video-preview":"max-video-preview:-1"},"canonical":"https:\/\/www.mondocamping.com\/fr\/forum-open-air-2026-le-grand-rendez-vous-consacre-a-lavenir-du-tourisme-de-plein-air\/","og_locale":"fr_FR","og_type":"article","og_title":"Forum Open Air 2026 : innovation et avenir du tourisme de plein air \u00e0 Rome","og_description":"D\u00e9couvrez toutes les nouveaut\u00e9s du Forum Open Air 2026, l'\u00e9v\u00e9nement incontournable du tourisme de plein air qui se tiendra \u00e0 Rome les 26 et 27 octobre.","og_url":"https:\/\/www.mondocamping.com\/fr\/forum-open-air-2026-le-grand-rendez-vous-consacre-a-lavenir-du-tourisme-de-plein-air\/","og_site_name":"Mondo Camping","article_publisher":"https:\/\/www.facebook.com\/mondobalneare","article_author":"https:\/\/www.facebook.com\/mondocamping","article_published_time":"2026-09-05T12:16:56+00:00","og_image":[{"width":800,"height":420,"url":"https:\/\/www.mondocamping.com\/wp-content\/uploads\/2026\/09\/Forum_Open_Air_2026.jpg","type":"image\/jpeg"}],"author":"Mondo Camping","twitter_card":"summary_large_image","twitter_creator":"@mondobalneare","twitter_site":"@mondobalneare","twitter_misc":{"\u00c9crit par":"Mondo Camping","Dur\u00e9e de lecture estim\u00e9e":"2 minutes"},"schema":{"@context":"https:\/\/schema.org","@graph":[{"@type":"Article","@id":"https:\/\/www.mondocamping.com\/fr\/forum-open-air-2026-le-grand-rendez-vous-consacre-a-lavenir-du-tourisme-de-plein-air\/#article","isPartOf":{"@id":"https:\/\/www.mondocamping.com\/fr\/forum-open-air-2026-le-grand-rendez-vous-consacre-a-lavenir-du-tourisme-de-plein-air\/"},"author":{"name":"Mondo Camping","@id":"https:\/\/www.mondocamping.com\/#\/schema\/person\/01a031b8c5ef08c2204bb0e696f0a760"},"headline":"Forum Open Air 2026 : le grand rendez-vous consacr\u00e9 \u00e0 l&rsquo;avenir du tourisme de plein air","datePublished":"2026-09-05T12:16:56+00:00","mainEntityOfPage":{"@id":"https:\/\/www.mondocamping.com\/fr\/forum-open-air-2026-le-grand-rendez-vous-consacre-a-lavenir-du-tourisme-de-plein-air\/"},"wordCount":425,"publisher":{"@id":"https:\/\/www.mondocamping.com\/#organization"},"image":{"@id":"https:\/\/www.mondocamping.com\/fr\/forum-open-air-2026-le-grand-rendez-vous-consacre-a-lavenir-du-tourisme-de-plein-air\/#primaryimage"},"thumbnailUrl":"https:\/\/www.mondocamping.com\/wp-content\/uploads\/2026\/09\/Forum_Open_Air_2026.jpg","keywords":["Faita Federcamping","Forum en plein air","Mondo Camping"],"articleSection":["\u00c9v\u00e9nements"],"inLanguage":"fr-FR"},{"@type":"WebPage","@id":"https:\/\/www.mondocamping.com\/fr\/forum-open-air-2026-le-grand-rendez-vous-consacre-a-lavenir-du-tourisme-de-plein-air\/","url":"https:\/\/www.mondocamping.com\/fr\/forum-open-air-2026-le-grand-rendez-vous-consacre-a-lavenir-du-tourisme-de-plein-air\/","name":"Forum Open Air 2026 : innovation et avenir du tourisme de plein air \u00e0 Rome","isPartOf":{"@id":"https:\/\/www.mondocamping.com\/#website"},"primaryImageOfPage":{"@id":"https:\/\/www.mondocamping.com\/fr\/forum-open-air-2026-le-grand-rendez-vous-consacre-a-lavenir-du-tourisme-de-plein-air\/#primaryimage"},"image":{"@id":"https:\/\/www.mondocamping.com\/fr\/forum-open-air-2026-le-grand-rendez-vous-consacre-a-lavenir-du-tourisme-de-plein-air\/#primaryimage"},"thumbnailUrl":"https:\/\/www.mondocamping.com\/wp-content\/uploads\/2026\/09\/Forum_Open_Air_2026.jpg","datePublished":"2026-09-05T12:16:56+00:00","description":"D\u00e9couvrez toutes les nouveaut\u00e9s du Forum Open Air 2026, l'\u00e9v\u00e9nement incontournable du tourisme de plein air qui se tiendra \u00e0 Rome les 26 et 27 octobre.","breadcrumb":{"@id":"https:\/\/www.mondocamping.com\/fr\/forum-open-air-2026-le-grand-rendez-vous-consacre-a-lavenir-du-tourisme-de-plein-air\/#breadcrumb"},"inLanguage":"fr-FR","potentialAction":[{"@type":"ReadAction","target":["https:\/\/www.mondocamping.com\/fr\/forum-open-air-2026-le-grand-rendez-vous-consacre-a-lavenir-du-tourisme-de-plein-air\/"]}]},{"@type":"ImageObject","inLanguage":"fr-FR","@id":"https:\/\/www.mondocamping.com\/fr\/forum-open-air-2026-le-grand-rendez-vous-consacre-a-lavenir-du-tourisme-de-plein-air\/#primaryimage","url":"https:\/\/www.mondocamping.com\/wp-content\/uploads\/2026\/09\/Forum_Open_Air_2026.jpg","contentUrl":"https:\/\/www.mondocamping.com\/wp-content\/uploads\/2026\/09\/Forum_Open_Air_2026.jpg","width":800,"height":420,"caption":"Forum Open Air 2026"},{"@type":"BreadcrumbList","@id":"https:\/\/www.mondocamping.com\/fr\/forum-open-air-2026-le-grand-rendez-vous-consacre-a-lavenir-du-tourisme-de-plein-air\/#breadcrumb","itemListElement":[{"@type":"ListItem","position":1,"name":"Home","item":"https:\/\/www.mondocamping.com\/fr\/"},{"@type":"ListItem","position":2,"name":"Forum Open Air 2026 : le grand rendez-vous consacr\u00e9 \u00e0 l&rsquo;avenir du tourisme de plein air"}]},{"@type":"WebSite","@id":"https:\/\/www.mondocamping.com\/#website","url":"https:\/\/www.mondocamping.com\/","name":"Mondo Camping","description":"Le portail d\u00e9di\u00e9 aux gestionnaires de campings et villages touristiques","publisher":{"@id":"https:\/\/www.mondocamping.com\/#organization"},"potentialAction":[{"@type":"SearchAction","target":{"@type":"EntryPoint","urlTemplate":"https:\/\/www.mondocamping.com\/?s={search_term_string}"},"query-input":{"@type":"PropertyValueSpecification","valueRequired":true,"valueName":"search_term_string"}}],"inLanguage":"fr-FR"},{"@type":"Organization","@id":"https:\/\/www.mondocamping.com\/#organization","name":"Mondo Camping","url":"https:\/\/www.mondocamping.com\/","logo":{"@type":"ImageObject","inLanguage":"fr-FR","@id":"https:\/\/www.mondocamping.com\/#\/schema\/logo\/image\/","url":"https:\/\/www.mondocamping.com\/wp-content\/uploads\/2022\/04\/mondo-camping-logo-contornato-1.png","contentUrl":"https:\/\/www.mondocamping.com\/wp-content\/uploads\/2022\/04\/mondo-camping-logo-contornato-1.png","width":280,"height":90,"caption":"Mondo Camping"},"image":{"@id":"https:\/\/www.mondocamping.com\/#\/schema\/logo\/image\/"},"sameAs":["https:\/\/www.facebook.com\/mondobalneare","https:\/\/x.com\/mondobalneare","https:\/\/www.instagram.com\/mondobalneare\/","https:\/\/www.linkedin.com\/company\/67180810\/","https:\/\/www.youtube.com\/user\/mondobalnearevideo"]},{"@type":"Person","@id":"https:\/\/www.mondocamping.com\/#\/schema\/person\/01a031b8c5ef08c2204bb0e696f0a760","name":"Mondo Camping","image":{"@type":"ImageObject","inLanguage":"fr-FR","@id":"https:\/\/www.mondocamping.com\/wp-content\/uploads\/2022\/05\/cropped-icona-MONDO-CAMPING-150x150.png","url":"https:\/\/www.mondocamping.com\/wp-content\/uploads\/2022\/05\/cropped-icona-MONDO-CAMPING-150x150.png","contentUrl":"https:\/\/www.mondocamping.com\/wp-content\/uploads\/2022\/05\/cropped-icona-MONDO-CAMPING-150x150.png","caption":"Mondo Camping"},"sameAs":["https:\/\/www.mondocamping.com\/","https:\/\/www.facebook.com\/mondocamping"]}]}},"_links":{"self":[{"href":"https:\/\/www.mondocamping.com\/fr\/wp-json\/wp\/v2\/posts\/179930","targetHints":{"allow":["GET"]}}],"collection":[{"href":"https:\/\/www.mondocamping.com\/fr\/wp-json\/wp\/v2\/posts"}],"about":[{"href":"https:\/\/www.mondocamping.com\/fr\/wp-json\/wp\/v2\/types\/post"}],"author":[{"embeddable":true,"href":"https:\/\/www.mondocamping.com\/fr\/wp-json\/wp\/v2\/users\/5"}],"replies":[{"embeddable":true,"href":"https:\/\/www.mondocamping.com\/fr\/wp-json\/wp\/v2\/comments?post=179930"}],"version-history":[{"count":1,"href":"https:\/\/www.mondocamping.com\/fr\/wp-json\/wp\/v2\/posts\/179930\/revisions"}],"predecessor-version":[{"id":179931,"href":"https:\/\/www.mondocamping.com\/fr\/wp-json\/wp\/v2\/posts\/179930\/revisions\/179931"}],"wp:featuredmedia":[{"embeddable":true,"href":"https:\/\/www.mondocamping.com\/fr\/wp-json\/wp\/v2\/media\/179926"}],"wp:attachment":[{"href":"https:\/\/www.mondocamping.com\/fr\/wp-json\/wp\/v2\/media?parent=179930"}],"wp:term":[{"taxonomy":"category","embeddable":true,"href":"https:\/\/www.mondocamping.com\/fr\/wp-json\/wp\/v2\/categories?post=179930"},{"taxonomy":"post_tag","embeddable":true,"href":"https:\/\/www.mondocamping.com\/fr\/wp-json\/wp\/v2\/tags?post=179930"}],"curies":[{"name":"wp","href":"https:\/\/api.w.org\/{rel}","templated":true}]}}