{"id":179939,"date":"2026-09-05T14:41:18","date_gmt":"2026-09-05T12:41:18","guid":{"rendered":"https:\/\/www.mondocamping.com\/inout-sadresse-a-ceux-qui-oeuvrent-pour-laccueil\/"},"modified":"2026-09-05T15:48:17","modified_gmt":"2026-09-05T13:48:17","slug":"inout-sadresse-a-ceux-qui-oeuvrent-pour-laccueil","status":"publish","type":"post","link":"https:\/\/www.mondocamping.com\/fr\/inout-sadresse-a-ceux-qui-oeuvrent-pour-laccueil\/","title":{"rendered":"InOut s&rsquo;adresse \u00e0 ceux qui \u0153uvrent pour l&rsquo;accueil"},"content":{"rendered":"\n<p class=\"wp-block-paragraph\">Le monde de l&rsquo;h\u00f4tellerie et du tourisme baln\u00e9aire se pr\u00e9pare \u00e0 un nouveau rendez-vous d&rsquo;une grande importance strat\u00e9gique pour l&rsquo;ensemble du secteur professionnel italien. Les professionnels du secteur attendent avec beaucoup d&rsquo;int\u00e9r\u00eat la prochaine \u00e9dition de ce c\u00e9l\u00e8bre salon organis\u00e9 au parc des expositions de Rimini. Les entreprises et les concepteurs auront l&rsquo;occasion d&rsquo;\u00e9changer sur les solutions les plus avanc\u00e9es visant \u00e0 am\u00e9liorer l&rsquo;accueil le long des c\u00f4tes et dans les espaces verts en plein air. Cet \u00e9v\u00e9nement constitue un moment crucial pour d\u00e9couvrir en avant-premi\u00e8re les technologies et les \u00e9quipements destin\u00e9s \u00e0 renouveler radicalement l&rsquo;offre des plages.<\/p>\n\n<h2 class=\"wp-block-heading\">Les dates et le c\u0153ur de l\u2019\u00e9v\u00e9nement \u00e0 Rimini<\/h2>\n\n<p class=\"wp-block-paragraph\">Le salon se tiendra officiellement du 14 au 16 octobre 2026 au parc des expositions de Rimini, confirmant ainsi sa co\u00efncidence avec les principaux \u00e9v\u00e9nements li\u00e9s au tourisme. Cette synergie permettra de cr\u00e9er un p\u00f4le international unique o\u00f9 architectes, exploitants d\u2019\u00e9tablissements baln\u00e9aires et fournisseurs pourront se rencontrer de mani\u00e8re fructueuse. Les pavillons d\u2019exposition seront organis\u00e9s de mani\u00e8re \u00e0 offrir une vision compl\u00e8te et d\u00e9taill\u00e9e des nouveaut\u00e9s les plus importantes d\u00e9di\u00e9es au secteur. Participer \u00e0 InOut Expo 2026, c\u2019est entrer en contact direct avec les meilleures marques sp\u00e9cialis\u00e9es dans le mobilier, les \u00e9quipements de plage et les solutions technologiques innovantes.<\/p>\n\n<h2 class=\"wp-block-heading\">Nouvelles tendances et d\u00e9veloppement durable pour les \u00e9tablissements d&rsquo;h\u00e9bergement<\/h2>\n\n<p class=\"wp-block-paragraph\">Les th\u00e8mes phares de cette \u00e9dition porteront sur la durabilit\u00e9 environnementale, le design fonctionnel et la r\u00e9habilitation des espaces d\u00e9di\u00e9s aux loisirs et au bien-\u00eatre. Les \u00e9tablissements baln\u00e9aires et les campings n\u00e9cessitent des investissements cibl\u00e9s pour r\u00e9pondre aux nouvelles exigences d\u2019une client\u00e8le de plus en plus soucieuse de la qualit\u00e9 et du respect de l\u2019environnement. Au cours des conf\u00e9rences pr\u00e9vues, des experts du secteur se succ\u00e9deront pour analyser les strat\u00e9gies gagnantes permettant de relever les d\u00e9fis du march\u00e9 touristique moderne. Tirer parti des opportunit\u00e9s offertes par InOut Expo 2026 constituera une \u00e9tape fondamentale pour renforcer la comp\u00e9titivit\u00e9 de votre activit\u00e9 et anticiper les futures tendances du tourisme de plein air.<\/p>\n\n<p class=\"wp-block-paragraph\">Informations : <a href=\"https:\/\/cloud.inoutexpo.it\/ticket-invitation?utm_source=banner&amp;utm_medium=referral&amp;utm_campaign=mondo-balneare\" data-type=\"link\" data-id=\"https:\/\/cloud.inoutexpo.it\/ticket-invitation?utm_source=banner&amp;utm_medium=referral&amp;utm_campaign=mondo-balneare\" target=\"_blank\" rel=\"noreferrer noopener\">InOutExpo<\/a><\/p>\n\n<p class=\"wp-block-paragraph\"><\/p>\n","protected":false},"excerpt":{"rendered":"<p>InOut Expo 2026, cet important salon pr\u00e9vu au Rimini Expo Centre du 14 au 16 octobre 2026, consacr\u00e9 aux nouvelles tendances en mati\u00e8re d&rsquo;accueil en plein air et baln\u00e9aire.<\/p>\n","protected":false},"author":5,"featured_media":179935,"comment_status":"closed","ping_status":"closed","sticky":false,"template":"","format":"standard","meta":{"_acf_changed":false,"_monsterinsights_skip_tracking":false,"_monsterinsights_sitenote_active":false,"_monsterinsights_sitenote_note":"","_monsterinsights_sitenote_category":0,"footnotes":""},"categories":[4292],"tags":[8292,5704,4262,6639],"class_list":["post-179939","post","type-post","status-publish","format-standard","has-post-thumbnail","hentry","category-evenements","tag-inout-expo-2026","tag-italian-exhibition-group-fr","tag-mondo-camping-fr","tag-tourisme-de-plein-air-fr-3"],"acf":[],"yoast_head":"<!-- This site is optimized with the Yoast SEO plugin v28.0 - https:\/\/yoast.com\/product\/yoast-seo-wordpress\/ -->\n<title>InOut Expo 2026 : pour ceux qui con\u00e7oivent, am\u00e9nagent et innovent dans le secteur de l&#039;h\u00f4tellerie.<\/title>\n<meta name=\"description\" content=\"D\u00e9couvrez les nouveaut\u00e9s de l&#039;InOut Expo 2026 \u00e0 Rimini, du 14 au 16 octobre : le grand salon consacr\u00e9 au tourisme de plein air, aux \u00e9quipements et au design.\" \/>\n<meta name=\"robots\" content=\"index, follow, max-snippet:-1, max-image-preview:large, max-video-preview:-1\" \/>\n<link rel=\"canonical\" href=\"https:\/\/www.mondocamping.com\/fr\/inout-sadresse-a-ceux-qui-oeuvrent-pour-laccueil\/\" \/>\n<meta property=\"og:locale\" content=\"fr_FR\" \/>\n<meta property=\"og:type\" content=\"article\" \/>\n<meta property=\"og:title\" content=\"InOut Expo 2026 : pour ceux qui con\u00e7oivent, am\u00e9nagent et innovent dans le secteur de l&#039;h\u00f4tellerie.\" \/>\n<meta property=\"og:description\" content=\"D\u00e9couvrez les nouveaut\u00e9s de l&#039;InOut Expo 2026 \u00e0 Rimini, du 14 au 16 octobre : le grand salon consacr\u00e9 au tourisme de plein air, aux \u00e9quipements et au design.\" \/>\n<meta property=\"og:url\" content=\"https:\/\/www.mondocamping.com\/fr\/inout-sadresse-a-ceux-qui-oeuvrent-pour-laccueil\/\" \/>\n<meta property=\"og:site_name\" content=\"Mondo Camping\" \/>\n<meta property=\"article:publisher\" content=\"https:\/\/www.facebook.com\/mondobalneare\" \/>\n<meta property=\"article:author\" content=\"https:\/\/www.facebook.com\/mondocamping\" \/>\n<meta property=\"article:published_time\" content=\"2026-09-05T12:41:18+00:00\" \/>\n<meta property=\"article:modified_time\" content=\"2026-09-05T13:48:17+00:00\" \/>\n<meta property=\"og:image\" content=\"https:\/\/www.mondocamping.com\/wp-content\/uploads\/2026\/09\/InOut_Expo_2026.jpeg\" \/>\n\t<meta property=\"og:image:width\" content=\"600\" \/>\n\t<meta property=\"og:image:height\" content=\"400\" \/>\n\t<meta property=\"og:image:type\" content=\"image\/jpeg\" \/>\n<meta name=\"author\" content=\"Mondo Camping\" \/>\n<meta name=\"twitter:card\" content=\"summary_large_image\" \/>\n<meta name=\"twitter:creator\" content=\"@mondobalneare\" \/>\n<meta name=\"twitter:site\" content=\"@mondobalneare\" \/>\n<meta name=\"twitter:label1\" content=\"\u00c9crit par\" \/>\n\t<meta name=\"twitter:data1\" content=\"Mondo Camping\" \/>\n\t<meta name=\"twitter:label2\" content=\"Dur\u00e9e de lecture estim\u00e9e\" \/>\n\t<meta name=\"twitter:data2\" content=\"2 minutes\" \/>\n<script type=\"application\/ld+json\" class=\"yoast-schema-graph\">{\"@context\":\"https:\\\/\\\/schema.org\",\"@graph\":[{\"@type\":\"Article\",\"@id\":\"https:\\\/\\\/www.mondocamping.com\\\/fr\\\/inout-sadresse-a-ceux-qui-oeuvrent-pour-laccueil\\\/#article\",\"isPartOf\":{\"@id\":\"https:\\\/\\\/www.mondocamping.com\\\/fr\\\/inout-sadresse-a-ceux-qui-oeuvrent-pour-laccueil\\\/\"},\"author\":{\"name\":\"Mondo Camping\",\"@id\":\"https:\\\/\\\/www.mondocamping.com\\\/#\\\/schema\\\/person\\\/01a031b8c5ef08c2204bb0e696f0a760\"},\"headline\":\"InOut s&rsquo;adresse \u00e0 ceux qui \u0153uvrent pour l&rsquo;accueil\",\"datePublished\":\"2026-09-05T12:41:18+00:00\",\"dateModified\":\"2026-09-05T13:48:17+00:00\",\"mainEntityOfPage\":{\"@id\":\"https:\\\/\\\/www.mondocamping.com\\\/fr\\\/inout-sadresse-a-ceux-qui-oeuvrent-pour-laccueil\\\/\"},\"wordCount\":393,\"publisher\":{\"@id\":\"https:\\\/\\\/www.mondocamping.com\\\/#organization\"},\"image\":{\"@id\":\"https:\\\/\\\/www.mondocamping.com\\\/fr\\\/inout-sadresse-a-ceux-qui-oeuvrent-pour-laccueil\\\/#primaryimage\"},\"thumbnailUrl\":\"https:\\\/\\\/www.mondocamping.com\\\/wp-content\\\/uploads\\\/2026\\\/09\\\/InOut_Expo_2026.jpeg\",\"keywords\":[\"InOut Expo 2026\",\"Italian Exhibition Group\",\"Mondo Camping\",\"tourisme de plein air\"],\"articleSection\":[\"\u00c9v\u00e9nements\"],\"inLanguage\":\"fr-FR\"},{\"@type\":\"WebPage\",\"@id\":\"https:\\\/\\\/www.mondocamping.com\\\/fr\\\/inout-sadresse-a-ceux-qui-oeuvrent-pour-laccueil\\\/\",\"url\":\"https:\\\/\\\/www.mondocamping.com\\\/fr\\\/inout-sadresse-a-ceux-qui-oeuvrent-pour-laccueil\\\/\",\"name\":\"InOut Expo 2026 : pour ceux qui con\u00e7oivent, am\u00e9nagent et innovent dans le secteur de l'h\u00f4tellerie.\",\"isPartOf\":{\"@id\":\"https:\\\/\\\/www.mondocamping.com\\\/#website\"},\"primaryImageOfPage\":{\"@id\":\"https:\\\/\\\/www.mondocamping.com\\\/fr\\\/inout-sadresse-a-ceux-qui-oeuvrent-pour-laccueil\\\/#primaryimage\"},\"image\":{\"@id\":\"https:\\\/\\\/www.mondocamping.com\\\/fr\\\/inout-sadresse-a-ceux-qui-oeuvrent-pour-laccueil\\\/#primaryimage\"},\"thumbnailUrl\":\"https:\\\/\\\/www.mondocamping.com\\\/wp-content\\\/uploads\\\/2026\\\/09\\\/InOut_Expo_2026.jpeg\",\"datePublished\":\"2026-09-05T12:41:18+00:00\",\"dateModified\":\"2026-09-05T13:48:17+00:00\",\"description\":\"D\u00e9couvrez les nouveaut\u00e9s de l'InOut Expo 2026 \u00e0 Rimini, du 14 au 16 octobre : le grand salon consacr\u00e9 au tourisme de plein air, aux \u00e9quipements et au design.\",\"breadcrumb\":{\"@id\":\"https:\\\/\\\/www.mondocamping.com\\\/fr\\\/inout-sadresse-a-ceux-qui-oeuvrent-pour-laccueil\\\/#breadcrumb\"},\"inLanguage\":\"fr-FR\",\"potentialAction\":[{\"@type\":\"ReadAction\",\"target\":[\"https:\\\/\\\/www.mondocamping.com\\\/fr\\\/inout-sadresse-a-ceux-qui-oeuvrent-pour-laccueil\\\/\"]}]},{\"@type\":\"ImageObject\",\"inLanguage\":\"fr-FR\",\"@id\":\"https:\\\/\\\/www.mondocamping.com\\\/fr\\\/inout-sadresse-a-ceux-qui-oeuvrent-pour-laccueil\\\/#primaryimage\",\"url\":\"https:\\\/\\\/www.mondocamping.com\\\/wp-content\\\/uploads\\\/2026\\\/09\\\/InOut_Expo_2026.jpeg\",\"contentUrl\":\"https:\\\/\\\/www.mondocamping.com\\\/wp-content\\\/uploads\\\/2026\\\/09\\\/InOut_Expo_2026.jpeg\",\"width\":600,\"height\":400,\"caption\":\"InOut Expo 2026\"},{\"@type\":\"BreadcrumbList\",\"@id\":\"https:\\\/\\\/www.mondocamping.com\\\/fr\\\/inout-sadresse-a-ceux-qui-oeuvrent-pour-laccueil\\\/#breadcrumb\",\"itemListElement\":[{\"@type\":\"ListItem\",\"position\":1,\"name\":\"Home\",\"item\":\"https:\\\/\\\/www.mondocamping.com\\\/fr\\\/\"},{\"@type\":\"ListItem\",\"position\":2,\"name\":\"InOut s&rsquo;adresse \u00e0 ceux qui \u0153uvrent pour l&rsquo;accueil\"}]},{\"@type\":\"WebSite\",\"@id\":\"https:\\\/\\\/www.mondocamping.com\\\/#website\",\"url\":\"https:\\\/\\\/www.mondocamping.com\\\/\",\"name\":\"Mondo Camping\",\"description\":\"Le portail d\u00e9di\u00e9 aux gestionnaires de campings et villages touristiques\",\"publisher\":{\"@id\":\"https:\\\/\\\/www.mondocamping.com\\\/#organization\"},\"potentialAction\":[{\"@type\":\"SearchAction\",\"target\":{\"@type\":\"EntryPoint\",\"urlTemplate\":\"https:\\\/\\\/www.mondocamping.com\\\/?s={search_term_string}\"},\"query-input\":{\"@type\":\"PropertyValueSpecification\",\"valueRequired\":true,\"valueName\":\"search_term_string\"}}],\"inLanguage\":\"fr-FR\"},{\"@type\":\"Organization\",\"@id\":\"https:\\\/\\\/www.mondocamping.com\\\/#organization\",\"name\":\"Mondo Camping\",\"url\":\"https:\\\/\\\/www.mondocamping.com\\\/\",\"logo\":{\"@type\":\"ImageObject\",\"inLanguage\":\"fr-FR\",\"@id\":\"https:\\\/\\\/www.mondocamping.com\\\/#\\\/schema\\\/logo\\\/image\\\/\",\"url\":\"https:\\\/\\\/www.mondocamping.com\\\/wp-content\\\/uploads\\\/2022\\\/04\\\/mondo-camping-logo-contornato-1.png\",\"contentUrl\":\"https:\\\/\\\/www.mondocamping.com\\\/wp-content\\\/uploads\\\/2022\\\/04\\\/mondo-camping-logo-contornato-1.png\",\"width\":280,\"height\":90,\"caption\":\"Mondo Camping\"},\"image\":{\"@id\":\"https:\\\/\\\/www.mondocamping.com\\\/#\\\/schema\\\/logo\\\/image\\\/\"},\"sameAs\":[\"https:\\\/\\\/www.facebook.com\\\/mondobalneare\",\"https:\\\/\\\/x.com\\\/mondobalneare\",\"https:\\\/\\\/www.instagram.com\\\/mondobalneare\\\/\",\"https:\\\/\\\/www.linkedin.com\\\/company\\\/67180810\\\/\",\"https:\\\/\\\/www.youtube.com\\\/user\\\/mondobalnearevideo\"]},{\"@type\":\"Person\",\"@id\":\"https:\\\/\\\/www.mondocamping.com\\\/#\\\/schema\\\/person\\\/01a031b8c5ef08c2204bb0e696f0a760\",\"name\":\"Mondo Camping\",\"image\":{\"@type\":\"ImageObject\",\"inLanguage\":\"fr-FR\",\"@id\":\"https:\\\/\\\/www.mondocamping.com\\\/wp-content\\\/uploads\\\/2022\\\/05\\\/cropped-icona-MONDO-CAMPING-150x150.png\",\"url\":\"https:\\\/\\\/www.mondocamping.com\\\/wp-content\\\/uploads\\\/2022\\\/05\\\/cropped-icona-MONDO-CAMPING-150x150.png\",\"contentUrl\":\"https:\\\/\\\/www.mondocamping.com\\\/wp-content\\\/uploads\\\/2022\\\/05\\\/cropped-icona-MONDO-CAMPING-150x150.png\",\"caption\":\"Mondo Camping\"},\"sameAs\":[\"https:\\\/\\\/www.mondocamping.com\\\/\",\"https:\\\/\\\/www.facebook.com\\\/mondocamping\"]}]}<\/script>\n<!-- \/ Yoast SEO plugin. -->","yoast_head_json":{"title":"InOut Expo 2026 : pour ceux qui con\u00e7oivent, am\u00e9nagent et innovent dans le secteur de l'h\u00f4tellerie.","description":"D\u00e9couvrez les nouveaut\u00e9s de l'InOut Expo 2026 \u00e0 Rimini, du 14 au 16 octobre : le grand salon consacr\u00e9 au tourisme de plein air, aux \u00e9quipements et au design.","robots":{"index":"index","follow":"follow","max-snippet":"max-snippet:-1","max-image-preview":"max-image-preview:large","max-video-preview":"max-video-preview:-1"},"canonical":"https:\/\/www.mondocamping.com\/fr\/inout-sadresse-a-ceux-qui-oeuvrent-pour-laccueil\/","og_locale":"fr_FR","og_type":"article","og_title":"InOut Expo 2026 : pour ceux qui con\u00e7oivent, am\u00e9nagent et innovent dans le secteur de l'h\u00f4tellerie.","og_description":"D\u00e9couvrez les nouveaut\u00e9s de l'InOut Expo 2026 \u00e0 Rimini, du 14 au 16 octobre : le grand salon consacr\u00e9 au tourisme de plein air, aux \u00e9quipements et au design.","og_url":"https:\/\/www.mondocamping.com\/fr\/inout-sadresse-a-ceux-qui-oeuvrent-pour-laccueil\/","og_site_name":"Mondo Camping","article_publisher":"https:\/\/www.facebook.com\/mondobalneare","article_author":"https:\/\/www.facebook.com\/mondocamping","article_published_time":"2026-09-05T12:41:18+00:00","article_modified_time":"2026-09-05T13:48:17+00:00","og_image":[{"width":600,"height":400,"url":"https:\/\/www.mondocamping.com\/wp-content\/uploads\/2026\/09\/InOut_Expo_2026.jpeg","type":"image\/jpeg"}],"author":"Mondo Camping","twitter_card":"summary_large_image","twitter_creator":"@mondobalneare","twitter_site":"@mondobalneare","twitter_misc":{"\u00c9crit par":"Mondo Camping","Dur\u00e9e de lecture estim\u00e9e":"2 minutes"},"schema":{"@context":"https:\/\/schema.org","@graph":[{"@type":"Article","@id":"https:\/\/www.mondocamping.com\/fr\/inout-sadresse-a-ceux-qui-oeuvrent-pour-laccueil\/#article","isPartOf":{"@id":"https:\/\/www.mondocamping.com\/fr\/inout-sadresse-a-ceux-qui-oeuvrent-pour-laccueil\/"},"author":{"name":"Mondo Camping","@id":"https:\/\/www.mondocamping.com\/#\/schema\/person\/01a031b8c5ef08c2204bb0e696f0a760"},"headline":"InOut s&rsquo;adresse \u00e0 ceux qui \u0153uvrent pour l&rsquo;accueil","datePublished":"2026-09-05T12:41:18+00:00","dateModified":"2026-09-05T13:48:17+00:00","mainEntityOfPage":{"@id":"https:\/\/www.mondocamping.com\/fr\/inout-sadresse-a-ceux-qui-oeuvrent-pour-laccueil\/"},"wordCount":393,"publisher":{"@id":"https:\/\/www.mondocamping.com\/#organization"},"image":{"@id":"https:\/\/www.mondocamping.com\/fr\/inout-sadresse-a-ceux-qui-oeuvrent-pour-laccueil\/#primaryimage"},"thumbnailUrl":"https:\/\/www.mondocamping.com\/wp-content\/uploads\/2026\/09\/InOut_Expo_2026.jpeg","keywords":["InOut Expo 2026","Italian Exhibition Group","Mondo Camping","tourisme de plein air"],"articleSection":["\u00c9v\u00e9nements"],"inLanguage":"fr-FR"},{"@type":"WebPage","@id":"https:\/\/www.mondocamping.com\/fr\/inout-sadresse-a-ceux-qui-oeuvrent-pour-laccueil\/","url":"https:\/\/www.mondocamping.com\/fr\/inout-sadresse-a-ceux-qui-oeuvrent-pour-laccueil\/","name":"InOut Expo 2026 : pour ceux qui con\u00e7oivent, am\u00e9nagent et innovent dans le secteur de l'h\u00f4tellerie.","isPartOf":{"@id":"https:\/\/www.mondocamping.com\/#website"},"primaryImageOfPage":{"@id":"https:\/\/www.mondocamping.com\/fr\/inout-sadresse-a-ceux-qui-oeuvrent-pour-laccueil\/#primaryimage"},"image":{"@id":"https:\/\/www.mondocamping.com\/fr\/inout-sadresse-a-ceux-qui-oeuvrent-pour-laccueil\/#primaryimage"},"thumbnailUrl":"https:\/\/www.mondocamping.com\/wp-content\/uploads\/2026\/09\/InOut_Expo_2026.jpeg","datePublished":"2026-09-05T12:41:18+00:00","dateModified":"2026-09-05T13:48:17+00:00","description":"D\u00e9couvrez les nouveaut\u00e9s de l'InOut Expo 2026 \u00e0 Rimini, du 14 au 16 octobre : le grand salon consacr\u00e9 au tourisme de plein air, aux \u00e9quipements et au design.","breadcrumb":{"@id":"https:\/\/www.mondocamping.com\/fr\/inout-sadresse-a-ceux-qui-oeuvrent-pour-laccueil\/#breadcrumb"},"inLanguage":"fr-FR","potentialAction":[{"@type":"ReadAction","target":["https:\/\/www.mondocamping.com\/fr\/inout-sadresse-a-ceux-qui-oeuvrent-pour-laccueil\/"]}]},{"@type":"ImageObject","inLanguage":"fr-FR","@id":"https:\/\/www.mondocamping.com\/fr\/inout-sadresse-a-ceux-qui-oeuvrent-pour-laccueil\/#primaryimage","url":"https:\/\/www.mondocamping.com\/wp-content\/uploads\/2026\/09\/InOut_Expo_2026.jpeg","contentUrl":"https:\/\/www.mondocamping.com\/wp-content\/uploads\/2026\/09\/InOut_Expo_2026.jpeg","width":600,"height":400,"caption":"InOut Expo 2026"},{"@type":"BreadcrumbList","@id":"https:\/\/www.mondocamping.com\/fr\/inout-sadresse-a-ceux-qui-oeuvrent-pour-laccueil\/#breadcrumb","itemListElement":[{"@type":"ListItem","position":1,"name":"Home","item":"https:\/\/www.mondocamping.com\/fr\/"},{"@type":"ListItem","position":2,"name":"InOut s&rsquo;adresse \u00e0 ceux qui \u0153uvrent pour l&rsquo;accueil"}]},{"@type":"WebSite","@id":"https:\/\/www.mondocamping.com\/#website","url":"https:\/\/www.mondocamping.com\/","name":"Mondo Camping","description":"Le portail d\u00e9di\u00e9 aux gestionnaires de campings et villages touristiques","publisher":{"@id":"https:\/\/www.mondocamping.com\/#organization"},"potentialAction":[{"@type":"SearchAction","target":{"@type":"EntryPoint","urlTemplate":"https:\/\/www.mondocamping.com\/?s={search_term_string}"},"query-input":{"@type":"PropertyValueSpecification","valueRequired":true,"valueName":"search_term_string"}}],"inLanguage":"fr-FR"},{"@type":"Organization","@id":"https:\/\/www.mondocamping.com\/#organization","name":"Mondo Camping","url":"https:\/\/www.mondocamping.com\/","logo":{"@type":"ImageObject","inLanguage":"fr-FR","@id":"https:\/\/www.mondocamping.com\/#\/schema\/logo\/image\/","url":"https:\/\/www.mondocamping.com\/wp-content\/uploads\/2022\/04\/mondo-camping-logo-contornato-1.png","contentUrl":"https:\/\/www.mondocamping.com\/wp-content\/uploads\/2022\/04\/mondo-camping-logo-contornato-1.png","width":280,"height":90,"caption":"Mondo Camping"},"image":{"@id":"https:\/\/www.mondocamping.com\/#\/schema\/logo\/image\/"},"sameAs":["https:\/\/www.facebook.com\/mondobalneare","https:\/\/x.com\/mondobalneare","https:\/\/www.instagram.com\/mondobalneare\/","https:\/\/www.linkedin.com\/company\/67180810\/","https:\/\/www.youtube.com\/user\/mondobalnearevideo"]},{"@type":"Person","@id":"https:\/\/www.mondocamping.com\/#\/schema\/person\/01a031b8c5ef08c2204bb0e696f0a760","name":"Mondo Camping","image":{"@type":"ImageObject","inLanguage":"fr-FR","@id":"https:\/\/www.mondocamping.com\/wp-content\/uploads\/2022\/05\/cropped-icona-MONDO-CAMPING-150x150.png","url":"https:\/\/www.mondocamping.com\/wp-content\/uploads\/2022\/05\/cropped-icona-MONDO-CAMPING-150x150.png","contentUrl":"https:\/\/www.mondocamping.com\/wp-content\/uploads\/2022\/05\/cropped-icona-MONDO-CAMPING-150x150.png","caption":"Mondo Camping"},"sameAs":["https:\/\/www.mondocamping.com\/","https:\/\/www.facebook.com\/mondocamping"]}]}},"_links":{"self":[{"href":"https:\/\/www.mondocamping.com\/fr\/wp-json\/wp\/v2\/posts\/179939","targetHints":{"allow":["GET"]}}],"collection":[{"href":"https:\/\/www.mondocamping.com\/fr\/wp-json\/wp\/v2\/posts"}],"about":[{"href":"https:\/\/www.mondocamping.com\/fr\/wp-json\/wp\/v2\/types\/post"}],"author":[{"embeddable":true,"href":"https:\/\/www.mondocamping.com\/fr\/wp-json\/wp\/v2\/users\/5"}],"replies":[{"embeddable":true,"href":"https:\/\/www.mondocamping.com\/fr\/wp-json\/wp\/v2\/comments?post=179939"}],"version-history":[{"count":2,"href":"https:\/\/www.mondocamping.com\/fr\/wp-json\/wp\/v2\/posts\/179939\/revisions"}],"predecessor-version":[{"id":179961,"href":"https:\/\/www.mondocamping.com\/fr\/wp-json\/wp\/v2\/posts\/179939\/revisions\/179961"}],"wp:featuredmedia":[{"embeddable":true,"href":"https:\/\/www.mondocamping.com\/fr\/wp-json\/wp\/v2\/media\/179935"}],"wp:attachment":[{"href":"https:\/\/www.mondocamping.com\/fr\/wp-json\/wp\/v2\/media?parent=179939"}],"wp:term":[{"taxonomy":"category","embeddable":true,"href":"https:\/\/www.mondocamping.com\/fr\/wp-json\/wp\/v2\/categories?post=179939"},{"taxonomy":"post_tag","embeddable":true,"href":"https:\/\/www.mondocamping.com\/fr\/wp-json\/wp\/v2\/tags?post=179939"}],"curies":[{"name":"wp","href":"https:\/\/api.w.org\/{rel}","templated":true}]}}